{"id":986,"date":"2017-11-29T00:00:00","date_gmt":"2017-11-29T00:00:00","guid":{"rendered":"https:\/\/228news.tg\/index.php\/2017\/11\/29\/la-main-a-la-pate\/"},"modified":"2024-09-09T14:04:08","modified_gmt":"2024-09-09T14:04:08","slug":"la-main-a-la-pate","status":"publish","type":"post","link":"https:\/\/228news.tg\/index.php\/2017\/11\/29\/la-main-a-la-pate\/","title":{"rendered":"Le souci de r\u00e9ussir en toute beaut\u00e9"},"content":{"rendered":"<p>A peine port\u00e9e sur les fonts baptismaux, la Vall\u00e9e des M\u00e9tiers de Beaut\u00e9 (VMB) met d\u00e9j\u00e0 la main \u00e0 la p\u00e2te.<\/p>\n<p>L\u2019association qui s\u2019est donn\u00e9e pour mission de rassembler les acteurs de la cosm\u00e9tique et de la beaut\u00e9 du Togo autour de l\u2019id\u00e9al de la structuration du secteur dans l\u2019optique d\u2019une mise en place d\u2019une cosm\u00e9tique africaine naturelle qui prend en compte les atouts et richesses du continent, organise le 12 d\u00e9cembre prochain un atelier de formation \u00e0 l\u2019intention de ses membres, des acteurs de la cosm\u00e9tique et de la beaut\u00e9, de m\u00eame que des hommes de m\u00e9dias.<\/p>\n<p>Autour de deux th\u00e8mes notamment \u00ab\u00a0Valorisation des plantes africaines \u00bb et \u00ab\u00a0Valorisation des m\u00e9tiers de beaut\u00e9 par l\u2019intelligence \u00e9conomique\u00a0\u00bb, la VMB entend attirer l\u2019attention des acteurs sur la riche diversit\u00e9 florale dont dispose notre continent en g\u00e9n\u00e9ral, et le Togo en particulier, l\u2019utilisation qui peut en \u00eatre faite afin de venir en aide aux consommateurs, tant dans les domaines du bien \u00eatre que de la sant\u00e9, de mani\u00e8re naturelle.\u00a0<img fetchpriority=\"high\" decoding=\"async\" class=\"size-full wp-image-2018 alignright\" src=\"https:\/\/228news.tg\/wp-content\/uploads\/2024\/09\/images-9.jpg\" alt=\"\" width=\"272\" height=\"186\" \/><\/p>\n<p>Il s\u2019agit \u00e9galement d\u2019instruire ces diff\u00e9rents acteurs sur le management et marketing n\u00e9cessaire qui peuvent \u00eatre faits autour des produits issus de la valorisation de ses ressources.<\/p>\n<p>Avec des formateurs aguerris qui viendront de divers horizons, une formation de qualit\u00e9 sera assur\u00e9e afin d\u2019attiser davantage la braise sur la nouvelle dynamique insuffl\u00e9e par la tenue du dernier Forum International Afrique et beaut\u00e9 (FIAB) tenu \u00e0 Lom\u00e9 en f\u00e9vrier dernier.<\/p>\n<p>Cet atelier sera sanctionn\u00e9 par la remise des cartes de membre aux adh\u00e9rents de la VMB (www.valleemetiersbeaute.org) ainsi que la signature d\u2019une convention de partenariat entre la VMB et l\u2019association Nature et Culture Burkina Faso.<\/p>\n<p>Sera \u00e9galement pr\u00e9sente \u00e0 cette assise, la pr\u00e9sidente de l&rsquo;association Da m&rsquo;a dit France et marraine de la Vall\u00e9 des M\u00e9tiers de beaut\u00e9.<\/p>\n<p>La VMB n\u2019entend d\u2019ailleurs pas s\u2019arr\u00eater l\u00e0. L\u2019association pr\u00e9sid\u00e9e par M. Am\u00e9tsip\u00e9 Eric\u00a0a concoct\u00e9 un plan d\u2019action annuel qui pr\u00e9voit la tenue en mars 2018 du premier salon des m\u00e9tiers de Beaut\u00e9 d\u00e9nomm\u00e9 \u00ab\u00a0La Belle Africaine Top 55\u00a0\u00bb avec pour th\u00e8me \u00ab\u00a0M\u00e9tiers de beaut\u00e9\u00a0: qualit\u00e9 des produits, r\u00e9ussite du made in Africa\u00a0\u00bb. Ce salon aura pour objectif essentiel de cr\u00e9er un cadre d\u2019exposition de produits aux acteurs de cette cha\u00eene de valeur, de partage d\u2019exp\u00e9rience et de conseils, en pr\u00e9lude \u00e0 la tenue du prochain FIAB qui aura lieu en terre marocaine.<\/p>\n<p><strong>D\u00e9mocrate<\/strong><\/p>\n<p><strong>(00228) 91 85 40 14<\/strong><\/p>\n<p><strong>98 60 67 68<\/strong><\/p>\n<p><strong>democrate2010@gmail.com<\/strong><\/p>\n","protected":false},"excerpt":{"rendered":"<p>A peine port\u00e9e sur les fonts baptismaux, la Vall\u00e9e des M\u00e9tiers de Beaut\u00e9 (VMB) met d\u00e9j\u00e0 la main \u00e0 la p\u00e2te. L\u2019association qui s\u2019est donn\u00e9e pour mission de rassembler les acteurs de la cosm\u00e9tique et de la beaut\u00e9 du Togo autour de l\u2019id\u00e9al de la structuration du secteur dans l\u2019optique d\u2019une mise en place d\u2019une &#8230; <a title=\"Le souci de r\u00e9ussir en toute beaut\u00e9\" class=\"read-more\" href=\"https:\/\/228news.tg\/index.php\/2017\/11\/29\/la-main-a-la-pate\/\" aria-label=\"En savoir plus sur Le souci de r\u00e9ussir en toute beaut\u00e9\">Lire la suite<\/a><\/p>\n","protected":false},"author":2,"featured_media":989,"comment_status":"open","ping_status":"open","sticky":false,"template":"","format":"standard","meta":{"footnotes":""},"categories":[31,35,2,25,34],"tags":[],"class_list":["post-986","post","type-post","status-publish","format-standard","has-post-thumbnail","hentry","category-developpement","category-flash","category-nature","category-togo","category-une"],"yoast_head":"<!-- This site is optimized with the Yoast SEO plugin v26.4 - https:\/\/yoast.com\/wordpress\/plugins\/seo\/ -->\n<title>Le souci de r\u00e9ussir en toute beaut\u00e9 - 228 News<\/title>\n<meta name=\"robots\" content=\"index, follow, max-snippet:-1, max-image-preview:large, max-video-preview:-1\" \/>\n<link rel=\"canonical\" href=\"https:\/\/228news.tg\/index.php\/2017\/11\/29\/la-main-a-la-pate\/\" \/>\n<meta property=\"og:locale\" content=\"fr_FR\" \/>\n<meta property=\"og:type\" content=\"article\" \/>\n<meta property=\"og:title\" content=\"Le souci de r\u00e9ussir en toute beaut\u00e9 - 228 News\" \/>\n<meta property=\"og:description\" content=\"A peine port\u00e9e sur les fonts baptismaux, la Vall\u00e9e des M\u00e9tiers de Beaut\u00e9 (VMB) met d\u00e9j\u00e0 la main \u00e0 la p\u00e2te. L\u2019association qui s\u2019est donn\u00e9e pour mission de rassembler les acteurs de la cosm\u00e9tique et de la beaut\u00e9 du Togo autour de l\u2019id\u00e9al de la structuration du secteur dans l\u2019optique d\u2019une mise en place d\u2019une ... Lire la suite\" \/>\n<meta property=\"og:url\" content=\"https:\/\/228news.tg\/index.php\/2017\/11\/29\/la-main-a-la-pate\/\" \/>\n<meta property=\"og:site_name\" content=\"228 News\" \/>\n<meta property=\"article:published_time\" content=\"2017-11-29T00:00:00+00:00\" \/>\n<meta property=\"article:modified_time\" content=\"2024-09-09T14:04:08+00:00\" \/>\n<meta property=\"og:image\" content=\"https:\/\/228news.tg\/wp-content\/uploads\/2024\/09\/vmb-2.png\" \/>\n\t<meta property=\"og:image:width\" content=\"878\" \/>\n\t<meta property=\"og:image:height\" content=\"1134\" \/>\n\t<meta property=\"og:image:type\" content=\"image\/png\" \/>\n<meta name=\"author\" content=\"Bienvenu SAVI\" \/>\n<meta name=\"twitter:card\" content=\"summary_large_image\" \/>\n<meta name=\"twitter:label1\" content=\"\u00c9crit par\" \/>\n\t<meta name=\"twitter:data1\" content=\"Bienvenu SAVI\" \/>\n\t<meta name=\"twitter:label2\" content=\"Dur\u00e9e de lecture estim\u00e9e\" \/>\n\t<meta name=\"twitter:data2\" content=\"2 minutes\" \/>\n<script type=\"application\/ld+json\" class=\"yoast-schema-graph\">{\"@context\":\"https:\/\/schema.org\",\"@graph\":[{\"@type\":\"Article\",\"@id\":\"https:\/\/228news.tg\/index.php\/2017\/11\/29\/la-main-a-la-pate\/#article\",\"isPartOf\":{\"@id\":\"https:\/\/228news.tg\/index.php\/2017\/11\/29\/la-main-a-la-pate\/\"},\"author\":{\"name\":\"Bienvenu SAVI\",\"@id\":\"https:\/\/228news.tg\/#\/schema\/person\/68d5a6cc0230290e61235c8379523f52\"},\"headline\":\"Le souci de r\u00e9ussir en toute beaut\u00e9\",\"datePublished\":\"2017-11-29T00:00:00+00:00\",\"dateModified\":\"2024-09-09T14:04:08+00:00\",\"mainEntityOfPage\":{\"@id\":\"https:\/\/228news.tg\/index.php\/2017\/11\/29\/la-main-a-la-pate\/\"},\"wordCount\":458,\"commentCount\":0,\"publisher\":{\"@id\":\"https:\/\/228news.tg\/#organization\"},\"image\":{\"@id\":\"https:\/\/228news.tg\/index.php\/2017\/11\/29\/la-main-a-la-pate\/#primaryimage\"},\"thumbnailUrl\":\"https:\/\/228news.tg\/wp-content\/uploads\/2024\/09\/vmb-2.png\",\"articleSection\":[\"DEVELOPPEMENT\",\"Flash\",\"Nature\",\"TOGO\",\"Une\"],\"inLanguage\":\"fr-FR\",\"potentialAction\":[{\"@type\":\"CommentAction\",\"name\":\"Comment\",\"target\":[\"https:\/\/228news.tg\/index.php\/2017\/11\/29\/la-main-a-la-pate\/#respond\"]}]},{\"@type\":\"WebPage\",\"@id\":\"https:\/\/228news.tg\/index.php\/2017\/11\/29\/la-main-a-la-pate\/\",\"url\":\"https:\/\/228news.tg\/index.php\/2017\/11\/29\/la-main-a-la-pate\/\",\"name\":\"Le souci de r\u00e9ussir en toute beaut\u00e9 - 228 News\",\"isPartOf\":{\"@id\":\"https:\/\/228news.tg\/#website\"},\"primaryImageOfPage\":{\"@id\":\"https:\/\/228news.tg\/index.php\/2017\/11\/29\/la-main-a-la-pate\/#primaryimage\"},\"image\":{\"@id\":\"https:\/\/228news.tg\/index.php\/2017\/11\/29\/la-main-a-la-pate\/#primaryimage\"},\"thumbnailUrl\":\"https:\/\/228news.tg\/wp-content\/uploads\/2024\/09\/vmb-2.png\",\"datePublished\":\"2017-11-29T00:00:00+00:00\",\"dateModified\":\"2024-09-09T14:04:08+00:00\",\"breadcrumb\":{\"@id\":\"https:\/\/228news.tg\/index.php\/2017\/11\/29\/la-main-a-la-pate\/#breadcrumb\"},\"inLanguage\":\"fr-FR\",\"potentialAction\":[{\"@type\":\"ReadAction\",\"target\":[\"https:\/\/228news.tg\/index.php\/2017\/11\/29\/la-main-a-la-pate\/\"]}]},{\"@type\":\"ImageObject\",\"inLanguage\":\"fr-FR\",\"@id\":\"https:\/\/228news.tg\/index.php\/2017\/11\/29\/la-main-a-la-pate\/#primaryimage\",\"url\":\"https:\/\/228news.tg\/wp-content\/uploads\/2024\/09\/vmb-2.png\",\"contentUrl\":\"https:\/\/228news.tg\/wp-content\/uploads\/2024\/09\/vmb-2.png\",\"width\":878,\"height\":1134},{\"@type\":\"BreadcrumbList\",\"@id\":\"https:\/\/228news.tg\/index.php\/2017\/11\/29\/la-main-a-la-pate\/#breadcrumb\",\"itemListElement\":[{\"@type\":\"ListItem\",\"position\":1,\"name\":\"Home\",\"item\":\"https:\/\/228news.tg\/\"},{\"@type\":\"ListItem\",\"position\":2,\"name\":\"Le souci de r\u00e9ussir en toute beaut\u00e9\"}]},{\"@type\":\"WebSite\",\"@id\":\"https:\/\/228news.tg\/#website\",\"url\":\"https:\/\/228news.tg\/\",\"name\":\"228 News\",\"description\":\"Soci\u00e9t\u00e9 de m\u00e9dias et d\u2019actualit\u00e9s\",\"publisher\":{\"@id\":\"https:\/\/228news.tg\/#organization\"},\"potentialAction\":[{\"@type\":\"SearchAction\",\"target\":{\"@type\":\"EntryPoint\",\"urlTemplate\":\"https:\/\/228news.tg\/?s={search_term_string}\"},\"query-input\":{\"@type\":\"PropertyValueSpecification\",\"valueRequired\":true,\"valueName\":\"search_term_string\"}}],\"inLanguage\":\"fr-FR\"},{\"@type\":\"Organization\",\"@id\":\"https:\/\/228news.tg\/#organization\",\"name\":\"228 News\",\"url\":\"https:\/\/228news.tg\/\",\"logo\":{\"@type\":\"ImageObject\",\"inLanguage\":\"fr-FR\",\"@id\":\"https:\/\/228news.tg\/#\/schema\/logo\/image\/\",\"url\":\"https:\/\/228news.tg\/wp-content\/uploads\/2024\/09\/logonew.png\",\"contentUrl\":\"https:\/\/228news.tg\/wp-content\/uploads\/2024\/09\/logonew.png\",\"width\":1640,\"height\":364,\"caption\":\"228 News\"},\"image\":{\"@id\":\"https:\/\/228news.tg\/#\/schema\/logo\/image\/\"}},{\"@type\":\"Person\",\"@id\":\"https:\/\/228news.tg\/#\/schema\/person\/68d5a6cc0230290e61235c8379523f52\",\"name\":\"Bienvenu SAVI\",\"image\":{\"@type\":\"ImageObject\",\"inLanguage\":\"fr-FR\",\"@id\":\"https:\/\/228news.tg\/#\/schema\/person\/image\/\",\"url\":\"https:\/\/secure.gravatar.com\/avatar\/9db91895c559e510509c33a3e9683998458e9b828fac36d5d1aa23f0f2fd369b?s=96&d=mm&r=g\",\"contentUrl\":\"https:\/\/secure.gravatar.com\/avatar\/9db91895c559e510509c33a3e9683998458e9b828fac36d5d1aa23f0f2fd369b?s=96&d=mm&r=g\",\"caption\":\"Bienvenu SAVI\"},\"url\":\"https:\/\/228news.tg\/index.php\/author\/bienvenu\/\"}]}<\/script>\n<!-- \/ Yoast SEO plugin. -->","yoast_head_json":{"title":"Le souci de r\u00e9ussir en toute beaut\u00e9 - 228 News","robots":{"index":"index","follow":"follow","max-snippet":"max-snippet:-1","max-image-preview":"max-image-preview:large","max-video-preview":"max-video-preview:-1"},"canonical":"https:\/\/228news.tg\/index.php\/2017\/11\/29\/la-main-a-la-pate\/","og_locale":"fr_FR","og_type":"article","og_title":"Le souci de r\u00e9ussir en toute beaut\u00e9 - 228 News","og_description":"A peine port\u00e9e sur les fonts baptismaux, la Vall\u00e9e des M\u00e9tiers de Beaut\u00e9 (VMB) met d\u00e9j\u00e0 la main \u00e0 la p\u00e2te. L\u2019association qui s\u2019est donn\u00e9e pour mission de rassembler les acteurs de la cosm\u00e9tique et de la beaut\u00e9 du Togo autour de l\u2019id\u00e9al de la structuration du secteur dans l\u2019optique d\u2019une mise en place d\u2019une ... Lire la suite","og_url":"https:\/\/228news.tg\/index.php\/2017\/11\/29\/la-main-a-la-pate\/","og_site_name":"228 News","article_published_time":"2017-11-29T00:00:00+00:00","article_modified_time":"2024-09-09T14:04:08+00:00","og_image":[{"width":878,"height":1134,"url":"https:\/\/228news.tg\/wp-content\/uploads\/2024\/09\/vmb-2.png","type":"image\/png"}],"author":"Bienvenu SAVI","twitter_card":"summary_large_image","twitter_misc":{"\u00c9crit par":"Bienvenu SAVI","Dur\u00e9e de lecture estim\u00e9e":"2 minutes"},"schema":{"@context":"https:\/\/schema.org","@graph":[{"@type":"Article","@id":"https:\/\/228news.tg\/index.php\/2017\/11\/29\/la-main-a-la-pate\/#article","isPartOf":{"@id":"https:\/\/228news.tg\/index.php\/2017\/11\/29\/la-main-a-la-pate\/"},"author":{"name":"Bienvenu SAVI","@id":"https:\/\/228news.tg\/#\/schema\/person\/68d5a6cc0230290e61235c8379523f52"},"headline":"Le souci de r\u00e9ussir en toute beaut\u00e9","datePublished":"2017-11-29T00:00:00+00:00","dateModified":"2024-09-09T14:04:08+00:00","mainEntityOfPage":{"@id":"https:\/\/228news.tg\/index.php\/2017\/11\/29\/la-main-a-la-pate\/"},"wordCount":458,"commentCount":0,"publisher":{"@id":"https:\/\/228news.tg\/#organization"},"image":{"@id":"https:\/\/228news.tg\/index.php\/2017\/11\/29\/la-main-a-la-pate\/#primaryimage"},"thumbnailUrl":"https:\/\/228news.tg\/wp-content\/uploads\/2024\/09\/vmb-2.png","articleSection":["DEVELOPPEMENT","Flash","Nature","TOGO","Une"],"inLanguage":"fr-FR","potentialAction":[{"@type":"CommentAction","name":"Comment","target":["https:\/\/228news.tg\/index.php\/2017\/11\/29\/la-main-a-la-pate\/#respond"]}]},{"@type":"WebPage","@id":"https:\/\/228news.tg\/index.php\/2017\/11\/29\/la-main-a-la-pate\/","url":"https:\/\/228news.tg\/index.php\/2017\/11\/29\/la-main-a-la-pate\/","name":"Le souci de r\u00e9ussir en toute beaut\u00e9 - 228 News","isPartOf":{"@id":"https:\/\/228news.tg\/#website"},"primaryImageOfPage":{"@id":"https:\/\/228news.tg\/index.php\/2017\/11\/29\/la-main-a-la-pate\/#primaryimage"},"image":{"@id":"https:\/\/228news.tg\/index.php\/2017\/11\/29\/la-main-a-la-pate\/#primaryimage"},"thumbnailUrl":"https:\/\/228news.tg\/wp-content\/uploads\/2024\/09\/vmb-2.png","datePublished":"2017-11-29T00:00:00+00:00","dateModified":"2024-09-09T14:04:08+00:00","breadcrumb":{"@id":"https:\/\/228news.tg\/index.php\/2017\/11\/29\/la-main-a-la-pate\/#breadcrumb"},"inLanguage":"fr-FR","potentialAction":[{"@type":"ReadAction","target":["https:\/\/228news.tg\/index.php\/2017\/11\/29\/la-main-a-la-pate\/"]}]},{"@type":"ImageObject","inLanguage":"fr-FR","@id":"https:\/\/228news.tg\/index.php\/2017\/11\/29\/la-main-a-la-pate\/#primaryimage","url":"https:\/\/228news.tg\/wp-content\/uploads\/2024\/09\/vmb-2.png","contentUrl":"https:\/\/228news.tg\/wp-content\/uploads\/2024\/09\/vmb-2.png","width":878,"height":1134},{"@type":"BreadcrumbList","@id":"https:\/\/228news.tg\/index.php\/2017\/11\/29\/la-main-a-la-pate\/#breadcrumb","itemListElement":[{"@type":"ListItem","position":1,"name":"Home","item":"https:\/\/228news.tg\/"},{"@type":"ListItem","position":2,"name":"Le souci de r\u00e9ussir en toute beaut\u00e9"}]},{"@type":"WebSite","@id":"https:\/\/228news.tg\/#website","url":"https:\/\/228news.tg\/","name":"228 News","description":"Soci\u00e9t\u00e9 de m\u00e9dias et d\u2019actualit\u00e9s","publisher":{"@id":"https:\/\/228news.tg\/#organization"},"potentialAction":[{"@type":"SearchAction","target":{"@type":"EntryPoint","urlTemplate":"https:\/\/228news.tg\/?s={search_term_string}"},"query-input":{"@type":"PropertyValueSpecification","valueRequired":true,"valueName":"search_term_string"}}],"inLanguage":"fr-FR"},{"@type":"Organization","@id":"https:\/\/228news.tg\/#organization","name":"228 News","url":"https:\/\/228news.tg\/","logo":{"@type":"ImageObject","inLanguage":"fr-FR","@id":"https:\/\/228news.tg\/#\/schema\/logo\/image\/","url":"https:\/\/228news.tg\/wp-content\/uploads\/2024\/09\/logonew.png","contentUrl":"https:\/\/228news.tg\/wp-content\/uploads\/2024\/09\/logonew.png","width":1640,"height":364,"caption":"228 News"},"image":{"@id":"https:\/\/228news.tg\/#\/schema\/logo\/image\/"}},{"@type":"Person","@id":"https:\/\/228news.tg\/#\/schema\/person\/68d5a6cc0230290e61235c8379523f52","name":"Bienvenu SAVI","image":{"@type":"ImageObject","inLanguage":"fr-FR","@id":"https:\/\/228news.tg\/#\/schema\/person\/image\/","url":"https:\/\/secure.gravatar.com\/avatar\/9db91895c559e510509c33a3e9683998458e9b828fac36d5d1aa23f0f2fd369b?s=96&d=mm&r=g","contentUrl":"https:\/\/secure.gravatar.com\/avatar\/9db91895c559e510509c33a3e9683998458e9b828fac36d5d1aa23f0f2fd369b?s=96&d=mm&r=g","caption":"Bienvenu SAVI"},"url":"https:\/\/228news.tg\/index.php\/author\/bienvenu\/"}]}},"jetpack_featured_media_url":"https:\/\/228news.tg\/wp-content\/uploads\/2024\/09\/vmb-2.png","_links":{"self":[{"href":"https:\/\/228news.tg\/index.php\/wp-json\/wp\/v2\/posts\/986","targetHints":{"allow":["GET"]}}],"collection":[{"href":"https:\/\/228news.tg\/index.php\/wp-json\/wp\/v2\/posts"}],"about":[{"href":"https:\/\/228news.tg\/index.php\/wp-json\/wp\/v2\/types\/post"}],"author":[{"embeddable":true,"href":"https:\/\/228news.tg\/index.php\/wp-json\/wp\/v2\/users\/2"}],"replies":[{"embeddable":true,"href":"https:\/\/228news.tg\/index.php\/wp-json\/wp\/v2\/comments?post=986"}],"version-history":[{"count":1,"href":"https:\/\/228news.tg\/index.php\/wp-json\/wp\/v2\/posts\/986\/revisions"}],"predecessor-version":[{"id":988,"href":"https:\/\/228news.tg\/index.php\/wp-json\/wp\/v2\/posts\/986\/revisions\/988"}],"wp:featuredmedia":[{"embeddable":true,"href":"https:\/\/228news.tg\/index.php\/wp-json\/wp\/v2\/media\/989"}],"wp:attachment":[{"href":"https:\/\/228news.tg\/index.php\/wp-json\/wp\/v2\/media?parent=986"}],"wp:term":[{"taxonomy":"category","embeddable":true,"href":"https:\/\/228news.tg\/index.php\/wp-json\/wp\/v2\/categories?post=986"},{"taxonomy":"post_tag","embeddable":true,"href":"https:\/\/228news.tg\/index.php\/wp-json\/wp\/v2\/tags?post=986"}],"curies":[{"name":"wp","href":"https:\/\/api.w.org\/{rel}","templated":true}]}}