{"id":975,"date":"2017-11-17T00:00:00","date_gmt":"2017-11-17T00:00:00","guid":{"rendered":"https:\/\/228news.tg\/index.php\/2017\/11\/17\/financer-les-pmepmi-en-afrique-de-louest\/"},"modified":"2024-09-09T14:03:59","modified_gmt":"2024-09-09T14:03:59","slug":"financer-les-pmepmi-en-afrique-de-louest","status":"publish","type":"post","link":"https:\/\/228news.tg\/index.php\/2017\/11\/17\/financer-les-pmepmi-en-afrique-de-louest\/","title":{"rendered":"Financer les PME\/PMI en Afrique de l&rsquo;Ouest"},"content":{"rendered":"<p>Le\u00a0Fonds de Garantie des Investissements Priv\u00e9s en Afrique de l\u2019Ouest (GARI),\u00a0devenu membre du Groupe African Guarantee Fund (AGF), mis en place par l\u2019Union Africaine\u00a0 pour accro\u00eetre l\u2019acc\u00e8s des PME aux financements, s&rsquo;est ouvert \u00e0 la presse togolaise ce mercredi 15 novembre au cours d&rsquo;un atelier de formation et d&rsquo;information.<\/p>\n<p>Au menu des \u00e9changes , les objectifs, activit\u00e9s et modes de fonctionnement du Fonds qui\u00a0vise \u00e0 promouvoir l\u2019acc\u00e8s au financement des Petites et Moyennes Entreprises\/ industries (PME\u00a0\/PMI), par l\u2019octroi de garanties financi\u00e8res ainsi qu\u2019un soutien au renforcement des capacit\u00e9s des institutions financi\u00e8res et des PME\/PMI.<\/p>\n<p>\u00ab\u00a0les PME\u00a0 sont confront\u00e9es \u00e0 une panoplie de freins \u00e0\u00a0leur \u00e9mergence, au nombre duquel l\u2019acc\u00e8s au financement adapt\u00e9, qui en est le frein majeur. Nous sommes ici aujourd&rsquo;hui afin d&rsquo;informer les leaders d&rsquo;opinion que vous \u00eates sur les solutions que le Fonds GARI avec AGF offre \u00e0 ces entreprises afin qu&rsquo;elles puissent \u00eatre \u00e9galement comp\u00e9titives et sortir de l&rsquo;orni\u00e8re\u00a0\u00bb, a confi\u00e9\u00a0M. Franck ADJAGBA, Directeur G\u00e9n\u00e9ral du Fonds GARI.<\/p>\n<p>&nbsp;<\/p>\n<p>Deux lignes d\u2019activit\u00e9s majeures, en l&rsquo;occurrence l\u2019octroi de garanties \u00e0 des banques qui acceptent de financer les PME\/PMI et le renforcement des capacit\u00e9s caract\u00e9risent les solutions qu&rsquo;offrent le Fonds GARI.\u00a0<img fetchpriority=\"high\" decoding=\"async\" class=\"size-full wp-image-2000 alignright\" src=\"https:\/\/228news.tg\/wp-content\/uploads\/2024\/09\/telechargement-11.jpg\" alt=\"\" width=\"275\" height=\"183\" \/><\/p>\n<p>A travers l\u2019octroi de trois produits garanties, notamment\u00a0la garantie de pr\u00eat sur une approche hybride (garantie de portefeuille et garantie individuelle)\u00a0; la garantie de lev\u00e9es de fonds par les institutions bancaires\u00a0; la garantie de prise de participation au capital\u00a0; la Garantie Verte qui a pour objectif d\u2019encourager les\u00a0 institutions financi\u00e8res \u00e0 soutenir la transition \u00e9cologique en r\u00e9duisant les obstacles financiers et techniques inh\u00e9rents au financement des investissements verts, AGF vise \u00e0 partager les risques pris par le secteur financier, dans le but d\u2019att\u00e9nuer l\u2019incapacit\u00e9 des PME \u00e0 fournir des garanties acceptables.<\/p>\n<p>Le renforcement de capacit\u00e9s\u00a0 et des comp\u00e9tences manag\u00e9riales des institutions \u00a0financi\u00e8res afin d\u2019am\u00e9liorer l\u2019offre des produits financiers en faveur des PME et d\u2019aider les banques \u00e0 r\u00e9pondre aux besoins en fonds de roulement et de financement \u00e0 long terme des PME.\u00a0Les PME\/PMI en b\u00e9n\u00e9ficient \u00e9galement.<\/p>\n<p>Constitu\u00e9 le 21 d\u00e9cembre 1994 et agr\u00e9\u00e9 en qualit\u00e9 d\u2019\u00e9tablissement financier le 03 juillet 1995, le Fonds GARI est d\u00e9sormais membre de\u00a0AGF, pr\u00e9sent dans 38 pays en Afrique. 84 institutions \u00a0financi\u00e8res\u00a0 partenaires ont sign\u00e9 des contrats de garantie avec\u00a0 AGF, 117\u00a0 filiales de banques utilisent \u00a0ses produits, 641 personnels d\u2019institutions financi\u00e8res ont b\u00e9n\u00e9fici\u00e9 de son assistance technique et \u00a0AGF dispose d\u20191 milliard de dollar de financement pour les PME.\u00a0A ce jour, pr\u00e8s de 470 millions de pr\u00eats sont d\u00e9bours\u00e9s en faveur de 4300 PME \u00a0qui ont g\u00e9n\u00e9r\u00e9 376 millions de dollar de recettes additionnelles, de m\u00eame que plusieurs milliers d&#8217;emplois.<\/p>\n<p><strong>D\u00e9mocrate<\/strong><\/p>\n<p><strong>(00228) 91 85 40 14<\/strong><\/p>\n<p><strong>98 60 67 68<\/strong><\/p>\n<p><strong>democrate2010@gmail.com<\/strong><\/p>\n","protected":false},"excerpt":{"rendered":"<p>Le\u00a0Fonds de Garantie des Investissements Priv\u00e9s en Afrique de l\u2019Ouest (GARI),\u00a0devenu membre du Groupe African Guarantee Fund (AGF), mis en place par l\u2019Union Africaine\u00a0 pour accro\u00eetre l\u2019acc\u00e8s des PME aux financements, s&rsquo;est ouvert \u00e0 la presse togolaise ce mercredi 15 novembre au cours d&rsquo;un atelier de formation et d&rsquo;information. Au menu des \u00e9changes , les &#8230; <a title=\"Financer les PME\/PMI en Afrique de l&rsquo;Ouest\" class=\"read-more\" href=\"https:\/\/228news.tg\/index.php\/2017\/11\/17\/financer-les-pmepmi-en-afrique-de-louest\/\" aria-label=\"En savoir plus sur Financer les PME\/PMI en Afrique de l&rsquo;Ouest\">Lire la suite<\/a><\/p>\n","protected":false},"author":2,"featured_media":978,"comment_status":"open","ping_status":"open","sticky":false,"template":"","format":"standard","meta":{"footnotes":""},"categories":[30,35,25,34],"tags":[],"class_list":["post-975","post","type-post","status-publish","format-standard","has-post-thumbnail","hentry","category-economie","category-flash","category-togo","category-une"],"yoast_head":"<!-- This site is optimized with the Yoast SEO plugin v26.4 - https:\/\/yoast.com\/wordpress\/plugins\/seo\/ -->\n<title>Financer les PME\/PMI en Afrique de l&#039;Ouest - 228 News<\/title>\n<meta name=\"robots\" content=\"index, follow, max-snippet:-1, max-image-preview:large, max-video-preview:-1\" \/>\n<link rel=\"canonical\" href=\"https:\/\/228news.tg\/index.php\/2017\/11\/17\/financer-les-pmepmi-en-afrique-de-louest\/\" \/>\n<meta property=\"og:locale\" content=\"fr_FR\" \/>\n<meta property=\"og:type\" content=\"article\" \/>\n<meta property=\"og:title\" content=\"Financer les PME\/PMI en Afrique de l&#039;Ouest - 228 News\" \/>\n<meta property=\"og:description\" content=\"Le\u00a0Fonds de Garantie des Investissements Priv\u00e9s en Afrique de l\u2019Ouest (GARI),\u00a0devenu membre du Groupe African Guarantee Fund (AGF), mis en place par l\u2019Union Africaine\u00a0 pour accro\u00eetre l\u2019acc\u00e8s des PME aux financements, s&rsquo;est ouvert \u00e0 la presse togolaise ce mercredi 15 novembre au cours d&rsquo;un atelier de formation et d&rsquo;information. Au menu des \u00e9changes , les ... Lire la suite\" \/>\n<meta property=\"og:url\" content=\"https:\/\/228news.tg\/index.php\/2017\/11\/17\/financer-les-pmepmi-en-afrique-de-louest\/\" \/>\n<meta property=\"og:site_name\" content=\"228 News\" \/>\n<meta property=\"article:published_time\" content=\"2017-11-17T00:00:00+00:00\" \/>\n<meta property=\"article:modified_time\" content=\"2024-09-09T14:03:59+00:00\" \/>\n<meta property=\"og:image\" content=\"https:\/\/228news.tg\/wp-content\/uploads\/2024\/09\/le_fonds_gari_en_operation_de_charme_au_togo_-696x418-1.jpg\" \/>\n\t<meta property=\"og:image:width\" content=\"696\" \/>\n\t<meta property=\"og:image:height\" content=\"418\" \/>\n\t<meta property=\"og:image:type\" content=\"image\/jpeg\" \/>\n<meta name=\"author\" content=\"Bienvenu SAVI\" \/>\n<meta name=\"twitter:card\" content=\"summary_large_image\" \/>\n<meta name=\"twitter:label1\" content=\"\u00c9crit par\" \/>\n\t<meta name=\"twitter:data1\" content=\"Bienvenu SAVI\" \/>\n\t<meta name=\"twitter:label2\" content=\"Dur\u00e9e de lecture estim\u00e9e\" \/>\n\t<meta name=\"twitter:data2\" content=\"2 minutes\" \/>\n<script type=\"application\/ld+json\" class=\"yoast-schema-graph\">{\"@context\":\"https:\/\/schema.org\",\"@graph\":[{\"@type\":\"Article\",\"@id\":\"https:\/\/228news.tg\/index.php\/2017\/11\/17\/financer-les-pmepmi-en-afrique-de-louest\/#article\",\"isPartOf\":{\"@id\":\"https:\/\/228news.tg\/index.php\/2017\/11\/17\/financer-les-pmepmi-en-afrique-de-louest\/\"},\"author\":{\"name\":\"Bienvenu SAVI\",\"@id\":\"https:\/\/228news.tg\/#\/schema\/person\/68d5a6cc0230290e61235c8379523f52\"},\"headline\":\"Financer les PME\/PMI en Afrique de l&rsquo;Ouest\",\"datePublished\":\"2017-11-17T00:00:00+00:00\",\"dateModified\":\"2024-09-09T14:03:59+00:00\",\"mainEntityOfPage\":{\"@id\":\"https:\/\/228news.tg\/index.php\/2017\/11\/17\/financer-les-pmepmi-en-afrique-de-louest\/\"},\"wordCount\":506,\"commentCount\":0,\"publisher\":{\"@id\":\"https:\/\/228news.tg\/#organization\"},\"image\":{\"@id\":\"https:\/\/228news.tg\/index.php\/2017\/11\/17\/financer-les-pmepmi-en-afrique-de-louest\/#primaryimage\"},\"thumbnailUrl\":\"https:\/\/228news.tg\/wp-content\/uploads\/2024\/09\/le_fonds_gari_en_operation_de_charme_au_togo_-696x418-1.jpg\",\"articleSection\":[\"ECONOMIE\",\"Flash\",\"TOGO\",\"Une\"],\"inLanguage\":\"fr-FR\",\"potentialAction\":[{\"@type\":\"CommentAction\",\"name\":\"Comment\",\"target\":[\"https:\/\/228news.tg\/index.php\/2017\/11\/17\/financer-les-pmepmi-en-afrique-de-louest\/#respond\"]}]},{\"@type\":\"WebPage\",\"@id\":\"https:\/\/228news.tg\/index.php\/2017\/11\/17\/financer-les-pmepmi-en-afrique-de-louest\/\",\"url\":\"https:\/\/228news.tg\/index.php\/2017\/11\/17\/financer-les-pmepmi-en-afrique-de-louest\/\",\"name\":\"Financer les PME\/PMI en Afrique de l'Ouest - 228 News\",\"isPartOf\":{\"@id\":\"https:\/\/228news.tg\/#website\"},\"primaryImageOfPage\":{\"@id\":\"https:\/\/228news.tg\/index.php\/2017\/11\/17\/financer-les-pmepmi-en-afrique-de-louest\/#primaryimage\"},\"image\":{\"@id\":\"https:\/\/228news.tg\/index.php\/2017\/11\/17\/financer-les-pmepmi-en-afrique-de-louest\/#primaryimage\"},\"thumbnailUrl\":\"https:\/\/228news.tg\/wp-content\/uploads\/2024\/09\/le_fonds_gari_en_operation_de_charme_au_togo_-696x418-1.jpg\",\"datePublished\":\"2017-11-17T00:00:00+00:00\",\"dateModified\":\"2024-09-09T14:03:59+00:00\",\"breadcrumb\":{\"@id\":\"https:\/\/228news.tg\/index.php\/2017\/11\/17\/financer-les-pmepmi-en-afrique-de-louest\/#breadcrumb\"},\"inLanguage\":\"fr-FR\",\"potentialAction\":[{\"@type\":\"ReadAction\",\"target\":[\"https:\/\/228news.tg\/index.php\/2017\/11\/17\/financer-les-pmepmi-en-afrique-de-louest\/\"]}]},{\"@type\":\"ImageObject\",\"inLanguage\":\"fr-FR\",\"@id\":\"https:\/\/228news.tg\/index.php\/2017\/11\/17\/financer-les-pmepmi-en-afrique-de-louest\/#primaryimage\",\"url\":\"https:\/\/228news.tg\/wp-content\/uploads\/2024\/09\/le_fonds_gari_en_operation_de_charme_au_togo_-696x418-1.jpg\",\"contentUrl\":\"https:\/\/228news.tg\/wp-content\/uploads\/2024\/09\/le_fonds_gari_en_operation_de_charme_au_togo_-696x418-1.jpg\",\"width\":696,\"height\":418},{\"@type\":\"BreadcrumbList\",\"@id\":\"https:\/\/228news.tg\/index.php\/2017\/11\/17\/financer-les-pmepmi-en-afrique-de-louest\/#breadcrumb\",\"itemListElement\":[{\"@type\":\"ListItem\",\"position\":1,\"name\":\"Home\",\"item\":\"https:\/\/228news.tg\/\"},{\"@type\":\"ListItem\",\"position\":2,\"name\":\"Financer les PME\/PMI en Afrique de l&rsquo;Ouest\"}]},{\"@type\":\"WebSite\",\"@id\":\"https:\/\/228news.tg\/#website\",\"url\":\"https:\/\/228news.tg\/\",\"name\":\"228 News\",\"description\":\"Soci\u00e9t\u00e9 de m\u00e9dias et d\u2019actualit\u00e9s\",\"publisher\":{\"@id\":\"https:\/\/228news.tg\/#organization\"},\"potentialAction\":[{\"@type\":\"SearchAction\",\"target\":{\"@type\":\"EntryPoint\",\"urlTemplate\":\"https:\/\/228news.tg\/?s={search_term_string}\"},\"query-input\":{\"@type\":\"PropertyValueSpecification\",\"valueRequired\":true,\"valueName\":\"search_term_string\"}}],\"inLanguage\":\"fr-FR\"},{\"@type\":\"Organization\",\"@id\":\"https:\/\/228news.tg\/#organization\",\"name\":\"228 News\",\"url\":\"https:\/\/228news.tg\/\",\"logo\":{\"@type\":\"ImageObject\",\"inLanguage\":\"fr-FR\",\"@id\":\"https:\/\/228news.tg\/#\/schema\/logo\/image\/\",\"url\":\"https:\/\/228news.tg\/wp-content\/uploads\/2024\/09\/logonew.png\",\"contentUrl\":\"https:\/\/228news.tg\/wp-content\/uploads\/2024\/09\/logonew.png\",\"width\":1640,\"height\":364,\"caption\":\"228 News\"},\"image\":{\"@id\":\"https:\/\/228news.tg\/#\/schema\/logo\/image\/\"}},{\"@type\":\"Person\",\"@id\":\"https:\/\/228news.tg\/#\/schema\/person\/68d5a6cc0230290e61235c8379523f52\",\"name\":\"Bienvenu SAVI\",\"image\":{\"@type\":\"ImageObject\",\"inLanguage\":\"fr-FR\",\"@id\":\"https:\/\/228news.tg\/#\/schema\/person\/image\/\",\"url\":\"https:\/\/secure.gravatar.com\/avatar\/9db91895c559e510509c33a3e9683998458e9b828fac36d5d1aa23f0f2fd369b?s=96&d=mm&r=g\",\"contentUrl\":\"https:\/\/secure.gravatar.com\/avatar\/9db91895c559e510509c33a3e9683998458e9b828fac36d5d1aa23f0f2fd369b?s=96&d=mm&r=g\",\"caption\":\"Bienvenu SAVI\"},\"url\":\"https:\/\/228news.tg\/index.php\/author\/bienvenu\/\"}]}<\/script>\n<!-- \/ Yoast SEO plugin. -->","yoast_head_json":{"title":"Financer les PME\/PMI en Afrique de l'Ouest - 228 News","robots":{"index":"index","follow":"follow","max-snippet":"max-snippet:-1","max-image-preview":"max-image-preview:large","max-video-preview":"max-video-preview:-1"},"canonical":"https:\/\/228news.tg\/index.php\/2017\/11\/17\/financer-les-pmepmi-en-afrique-de-louest\/","og_locale":"fr_FR","og_type":"article","og_title":"Financer les PME\/PMI en Afrique de l'Ouest - 228 News","og_description":"Le\u00a0Fonds de Garantie des Investissements Priv\u00e9s en Afrique de l\u2019Ouest (GARI),\u00a0devenu membre du Groupe African Guarantee Fund (AGF), mis en place par l\u2019Union Africaine\u00a0 pour accro\u00eetre l\u2019acc\u00e8s des PME aux financements, s&rsquo;est ouvert \u00e0 la presse togolaise ce mercredi 15 novembre au cours d&rsquo;un atelier de formation et d&rsquo;information. Au menu des \u00e9changes , les ... Lire la suite","og_url":"https:\/\/228news.tg\/index.php\/2017\/11\/17\/financer-les-pmepmi-en-afrique-de-louest\/","og_site_name":"228 News","article_published_time":"2017-11-17T00:00:00+00:00","article_modified_time":"2024-09-09T14:03:59+00:00","og_image":[{"width":696,"height":418,"url":"https:\/\/228news.tg\/wp-content\/uploads\/2024\/09\/le_fonds_gari_en_operation_de_charme_au_togo_-696x418-1.jpg","type":"image\/jpeg"}],"author":"Bienvenu SAVI","twitter_card":"summary_large_image","twitter_misc":{"\u00c9crit par":"Bienvenu SAVI","Dur\u00e9e de lecture estim\u00e9e":"2 minutes"},"schema":{"@context":"https:\/\/schema.org","@graph":[{"@type":"Article","@id":"https:\/\/228news.tg\/index.php\/2017\/11\/17\/financer-les-pmepmi-en-afrique-de-louest\/#article","isPartOf":{"@id":"https:\/\/228news.tg\/index.php\/2017\/11\/17\/financer-les-pmepmi-en-afrique-de-louest\/"},"author":{"name":"Bienvenu SAVI","@id":"https:\/\/228news.tg\/#\/schema\/person\/68d5a6cc0230290e61235c8379523f52"},"headline":"Financer les PME\/PMI en Afrique de l&rsquo;Ouest","datePublished":"2017-11-17T00:00:00+00:00","dateModified":"2024-09-09T14:03:59+00:00","mainEntityOfPage":{"@id":"https:\/\/228news.tg\/index.php\/2017\/11\/17\/financer-les-pmepmi-en-afrique-de-louest\/"},"wordCount":506,"commentCount":0,"publisher":{"@id":"https:\/\/228news.tg\/#organization"},"image":{"@id":"https:\/\/228news.tg\/index.php\/2017\/11\/17\/financer-les-pmepmi-en-afrique-de-louest\/#primaryimage"},"thumbnailUrl":"https:\/\/228news.tg\/wp-content\/uploads\/2024\/09\/le_fonds_gari_en_operation_de_charme_au_togo_-696x418-1.jpg","articleSection":["ECONOMIE","Flash","TOGO","Une"],"inLanguage":"fr-FR","potentialAction":[{"@type":"CommentAction","name":"Comment","target":["https:\/\/228news.tg\/index.php\/2017\/11\/17\/financer-les-pmepmi-en-afrique-de-louest\/#respond"]}]},{"@type":"WebPage","@id":"https:\/\/228news.tg\/index.php\/2017\/11\/17\/financer-les-pmepmi-en-afrique-de-louest\/","url":"https:\/\/228news.tg\/index.php\/2017\/11\/17\/financer-les-pmepmi-en-afrique-de-louest\/","name":"Financer les PME\/PMI en Afrique de l'Ouest - 228 News","isPartOf":{"@id":"https:\/\/228news.tg\/#website"},"primaryImageOfPage":{"@id":"https:\/\/228news.tg\/index.php\/2017\/11\/17\/financer-les-pmepmi-en-afrique-de-louest\/#primaryimage"},"image":{"@id":"https:\/\/228news.tg\/index.php\/2017\/11\/17\/financer-les-pmepmi-en-afrique-de-louest\/#primaryimage"},"thumbnailUrl":"https:\/\/228news.tg\/wp-content\/uploads\/2024\/09\/le_fonds_gari_en_operation_de_charme_au_togo_-696x418-1.jpg","datePublished":"2017-11-17T00:00:00+00:00","dateModified":"2024-09-09T14:03:59+00:00","breadcrumb":{"@id":"https:\/\/228news.tg\/index.php\/2017\/11\/17\/financer-les-pmepmi-en-afrique-de-louest\/#breadcrumb"},"inLanguage":"fr-FR","potentialAction":[{"@type":"ReadAction","target":["https:\/\/228news.tg\/index.php\/2017\/11\/17\/financer-les-pmepmi-en-afrique-de-louest\/"]}]},{"@type":"ImageObject","inLanguage":"fr-FR","@id":"https:\/\/228news.tg\/index.php\/2017\/11\/17\/financer-les-pmepmi-en-afrique-de-louest\/#primaryimage","url":"https:\/\/228news.tg\/wp-content\/uploads\/2024\/09\/le_fonds_gari_en_operation_de_charme_au_togo_-696x418-1.jpg","contentUrl":"https:\/\/228news.tg\/wp-content\/uploads\/2024\/09\/le_fonds_gari_en_operation_de_charme_au_togo_-696x418-1.jpg","width":696,"height":418},{"@type":"BreadcrumbList","@id":"https:\/\/228news.tg\/index.php\/2017\/11\/17\/financer-les-pmepmi-en-afrique-de-louest\/#breadcrumb","itemListElement":[{"@type":"ListItem","position":1,"name":"Home","item":"https:\/\/228news.tg\/"},{"@type":"ListItem","position":2,"name":"Financer les PME\/PMI en Afrique de l&rsquo;Ouest"}]},{"@type":"WebSite","@id":"https:\/\/228news.tg\/#website","url":"https:\/\/228news.tg\/","name":"228 News","description":"Soci\u00e9t\u00e9 de m\u00e9dias et d\u2019actualit\u00e9s","publisher":{"@id":"https:\/\/228news.tg\/#organization"},"potentialAction":[{"@type":"SearchAction","target":{"@type":"EntryPoint","urlTemplate":"https:\/\/228news.tg\/?s={search_term_string}"},"query-input":{"@type":"PropertyValueSpecification","valueRequired":true,"valueName":"search_term_string"}}],"inLanguage":"fr-FR"},{"@type":"Organization","@id":"https:\/\/228news.tg\/#organization","name":"228 News","url":"https:\/\/228news.tg\/","logo":{"@type":"ImageObject","inLanguage":"fr-FR","@id":"https:\/\/228news.tg\/#\/schema\/logo\/image\/","url":"https:\/\/228news.tg\/wp-content\/uploads\/2024\/09\/logonew.png","contentUrl":"https:\/\/228news.tg\/wp-content\/uploads\/2024\/09\/logonew.png","width":1640,"height":364,"caption":"228 News"},"image":{"@id":"https:\/\/228news.tg\/#\/schema\/logo\/image\/"}},{"@type":"Person","@id":"https:\/\/228news.tg\/#\/schema\/person\/68d5a6cc0230290e61235c8379523f52","name":"Bienvenu SAVI","image":{"@type":"ImageObject","inLanguage":"fr-FR","@id":"https:\/\/228news.tg\/#\/schema\/person\/image\/","url":"https:\/\/secure.gravatar.com\/avatar\/9db91895c559e510509c33a3e9683998458e9b828fac36d5d1aa23f0f2fd369b?s=96&d=mm&r=g","contentUrl":"https:\/\/secure.gravatar.com\/avatar\/9db91895c559e510509c33a3e9683998458e9b828fac36d5d1aa23f0f2fd369b?s=96&d=mm&r=g","caption":"Bienvenu SAVI"},"url":"https:\/\/228news.tg\/index.php\/author\/bienvenu\/"}]}},"jetpack_featured_media_url":"https:\/\/228news.tg\/wp-content\/uploads\/2024\/09\/le_fonds_gari_en_operation_de_charme_au_togo_-696x418-1.jpg","_links":{"self":[{"href":"https:\/\/228news.tg\/index.php\/wp-json\/wp\/v2\/posts\/975","targetHints":{"allow":["GET"]}}],"collection":[{"href":"https:\/\/228news.tg\/index.php\/wp-json\/wp\/v2\/posts"}],"about":[{"href":"https:\/\/228news.tg\/index.php\/wp-json\/wp\/v2\/types\/post"}],"author":[{"embeddable":true,"href":"https:\/\/228news.tg\/index.php\/wp-json\/wp\/v2\/users\/2"}],"replies":[{"embeddable":true,"href":"https:\/\/228news.tg\/index.php\/wp-json\/wp\/v2\/comments?post=975"}],"version-history":[{"count":1,"href":"https:\/\/228news.tg\/index.php\/wp-json\/wp\/v2\/posts\/975\/revisions"}],"predecessor-version":[{"id":977,"href":"https:\/\/228news.tg\/index.php\/wp-json\/wp\/v2\/posts\/975\/revisions\/977"}],"wp:featuredmedia":[{"embeddable":true,"href":"https:\/\/228news.tg\/index.php\/wp-json\/wp\/v2\/media\/978"}],"wp:attachment":[{"href":"https:\/\/228news.tg\/index.php\/wp-json\/wp\/v2\/media?parent=975"}],"wp:term":[{"taxonomy":"category","embeddable":true,"href":"https:\/\/228news.tg\/index.php\/wp-json\/wp\/v2\/categories?post=975"},{"taxonomy":"post_tag","embeddable":true,"href":"https:\/\/228news.tg\/index.php\/wp-json\/wp\/v2\/tags?post=975"}],"curies":[{"name":"wp","href":"https:\/\/api.w.org\/{rel}","templated":true}]}}