{"id":970,"date":"2017-11-16T00:00:00","date_gmt":"2017-11-16T00:00:00","guid":{"rendered":"https:\/\/228news.tg\/index.php\/2017\/11\/16\/amenagement-urbain-dans-le-golfe-cap-sur-le-canton-de-sagbado\/"},"modified":"2017-11-16T00:00:00","modified_gmt":"2017-11-16T00:00:00","slug":"amenagement-urbain-dans-le-golfe-cap-sur-le-canton-de-sagbado","status":"publish","type":"post","link":"https:\/\/228news.tg\/index.php\/2017\/11\/16\/amenagement-urbain-dans-le-golfe-cap-sur-le-canton-de-sagbado\/","title":{"rendered":"Am\u00e9nagement urbain dans le Golfe, cap sur le canton de Sagbado"},"content":{"rendered":"<p>Le canton de Sagbado Lankouvi ne sera pas en marge des travaux d&rsquo;am\u00e9nagement et d&rsquo;ouverture de voies lanc\u00e9s depuis quelques semaines par le pr\u00e9fet du Golfe, Awat\u00e9 Hodabalo et le pr\u00e9sident de la d\u00e9l\u00e9gation sp\u00e9ciale de la pr\u00e9fecture du Golfe.<\/p>\n<p>La localit\u00e9 situ\u00e9e dans la pr\u00e9fecture du Golfe, pr\u00e9cis\u00e9ment dans le village d\u2019Ad\u00e9lakom\u00e9, a abrit\u00e9 la c\u00e9r\u00e9monie d\u2019ouverture d\u2019une voie de 30 m\u00e8tres sur 2 kilom\u00e8tres, ce mercredi 15 novembre, a constat\u00e9 un reporter du Journal du Togo, le 228news.com.<\/p>\n<p>Ces travaux s&rsquo;inscrivent dans une grande vision de d\u00e9senclavement de ces localit\u00e9, de favorisation de la libre circulation et du libre acc\u00e8s des populations qui devront y trouver un moyen de vaquer plus ais\u00e9ment \u00e0 leur activit\u00e9s au quotidien.<\/p>\n<p>Il s&rsquo;agit \u00e9galement de faire respecter les trac\u00e9s du sch\u00e9ma cadastral de la pr\u00e9fecture afin de s&rsquo;appr\u00eater aux mutations infrastructurelles \u00e0 venir pour notre pays.<\/p>\n<p>\u00ab\u00a0Pour aller au march\u00e9 il faut la route, \u00e0 l\u2019\u00e9cole, ou au service, il faut la route. C\u2019est pourquoi le chef de l\u2019Etat a insist\u00e9 que tous les cantons, toutes les villes, les fermes, connaissent le d\u00e9veloppement afin que la population soit \u00e0 l&rsquo;aise. Une dizaine de pistes seront aussi trac\u00e9es \u00e0 l\u2019avenir dans le m\u00eame canton tr\u00e8s prochainement car faut avoir des ambitions pour le d\u00e9veloppement du pays\u00a0\u00bb, a laiss\u00e9 entendre M.\u00a0Kossi Aboka, Pr\u00e9sident de la D\u00e9l\u00e9gation sp\u00e9ciale de la Pr\u00e9fecture du Golfe.<\/p>\n<p>M. Awat\u00e9, pr\u00e9fet du Golfe a pour sa part appel\u00e9 les populations au civisme et \u00e0 la citoyennet\u00e9. Il a en outre interpell\u00e9 les populations\u00a0qui continuent par occuper les espaces de l\u2019Etat et les r\u00e9serves administratives, \u00e0 les\u00a0 lib\u00e9rer ces domaines afin que les infrastructures pr\u00e9vues en ces lieux puissent \u00eatre construites.\u00a0Les g\u00e9om\u00e8tres, architectes constructeurs et les populations doivent d\u00e9sormais faire recours aux services comp\u00e9tents dans l\u2019achat et le lotissement des terrains.<\/p>\n<p>Le co\u00fbt global de ces travaux qui vont durer un mois est de plus de 14 millions de F Cfa.<\/p>\n<p><strong>D\u00e9mocrate<\/strong><\/p>\n<p><strong>(00228) 91 85 40 14<\/strong><\/p>\n<p><strong>98 60 67 68<\/strong><\/p>\n<p><strong>democrate2010@gmail.com<\/strong><\/p>\n","protected":false},"excerpt":{"rendered":"<p>Le canton de Sagbado Lankouvi ne sera pas en marge des travaux d&rsquo;am\u00e9nagement et d&rsquo;ouverture de voies lanc\u00e9s depuis quelques semaines par le pr\u00e9fet du Golfe, Awat\u00e9 Hodabalo et le pr\u00e9sident de la d\u00e9l\u00e9gation sp\u00e9ciale de la pr\u00e9fecture du Golfe. La localit\u00e9 situ\u00e9e dans la pr\u00e9fecture du Golfe, pr\u00e9cis\u00e9ment dans le village d\u2019Ad\u00e9lakom\u00e9, a abrit\u00e9 &#8230; <a title=\"Am\u00e9nagement urbain dans le Golfe, cap sur le canton de Sagbado\" class=\"read-more\" href=\"https:\/\/228news.tg\/index.php\/2017\/11\/16\/amenagement-urbain-dans-le-golfe-cap-sur-le-canton-de-sagbado\/\" aria-label=\"En savoir plus sur Am\u00e9nagement urbain dans le Golfe, cap sur le canton de Sagbado\">Lire la suite<\/a><\/p>\n","protected":false},"author":2,"featured_media":971,"comment_status":"open","ping_status":"open","sticky":false,"template":"","format":"standard","meta":{"footnotes":""},"categories":[31,35,25,34],"tags":[],"class_list":["post-970","post","type-post","status-publish","format-standard","has-post-thumbnail","hentry","category-developpement","category-flash","category-togo","category-une"],"yoast_head":"<!-- This site is optimized with the Yoast SEO plugin v26.4 - https:\/\/yoast.com\/wordpress\/plugins\/seo\/ -->\n<title>Am\u00e9nagement urbain dans le Golfe, cap sur le canton de Sagbado - 228 News<\/title>\n<meta name=\"robots\" content=\"index, follow, max-snippet:-1, max-image-preview:large, max-video-preview:-1\" \/>\n<link rel=\"canonical\" href=\"https:\/\/228news.tg\/index.php\/2017\/11\/16\/amenagement-urbain-dans-le-golfe-cap-sur-le-canton-de-sagbado\/\" \/>\n<meta property=\"og:locale\" content=\"fr_FR\" \/>\n<meta property=\"og:type\" content=\"article\" \/>\n<meta property=\"og:title\" content=\"Am\u00e9nagement urbain dans le Golfe, cap sur le canton de Sagbado - 228 News\" \/>\n<meta property=\"og:description\" content=\"Le canton de Sagbado Lankouvi ne sera pas en marge des travaux d&rsquo;am\u00e9nagement et d&rsquo;ouverture de voies lanc\u00e9s depuis quelques semaines par le pr\u00e9fet du Golfe, Awat\u00e9 Hodabalo et le pr\u00e9sident de la d\u00e9l\u00e9gation sp\u00e9ciale de la pr\u00e9fecture du Golfe. La localit\u00e9 situ\u00e9e dans la pr\u00e9fecture du Golfe, pr\u00e9cis\u00e9ment dans le village d\u2019Ad\u00e9lakom\u00e9, a abrit\u00e9 ... Lire la suite\" \/>\n<meta property=\"og:url\" content=\"https:\/\/228news.tg\/index.php\/2017\/11\/16\/amenagement-urbain-dans-le-golfe-cap-sur-le-canton-de-sagbado\/\" \/>\n<meta property=\"og:site_name\" content=\"228 News\" \/>\n<meta property=\"article:published_time\" content=\"2017-11-16T00:00:00+00:00\" \/>\n<meta property=\"og:image\" content=\"https:\/\/228news.tg\/wp-content\/uploads\/2024\/09\/0d11ed5018072ab523c06ffd2a62f2.jpg\" \/>\n\t<meta property=\"og:image:width\" content=\"800\" \/>\n\t<meta property=\"og:image:height\" content=\"600\" \/>\n\t<meta property=\"og:image:type\" content=\"image\/jpeg\" \/>\n<meta name=\"author\" content=\"Bienvenu SAVI\" \/>\n<meta name=\"twitter:card\" content=\"summary_large_image\" \/>\n<meta name=\"twitter:label1\" content=\"\u00c9crit par\" \/>\n\t<meta name=\"twitter:data1\" content=\"Bienvenu SAVI\" \/>\n\t<meta name=\"twitter:label2\" content=\"Dur\u00e9e de lecture estim\u00e9e\" \/>\n\t<meta name=\"twitter:data2\" content=\"2 minutes\" \/>\n<script type=\"application\/ld+json\" class=\"yoast-schema-graph\">{\"@context\":\"https:\/\/schema.org\",\"@graph\":[{\"@type\":\"Article\",\"@id\":\"https:\/\/228news.tg\/index.php\/2017\/11\/16\/amenagement-urbain-dans-le-golfe-cap-sur-le-canton-de-sagbado\/#article\",\"isPartOf\":{\"@id\":\"https:\/\/228news.tg\/index.php\/2017\/11\/16\/amenagement-urbain-dans-le-golfe-cap-sur-le-canton-de-sagbado\/\"},\"author\":{\"name\":\"Bienvenu SAVI\",\"@id\":\"https:\/\/228news.tg\/#\/schema\/person\/68d5a6cc0230290e61235c8379523f52\"},\"headline\":\"Am\u00e9nagement urbain dans le Golfe, cap sur le canton de Sagbado\",\"datePublished\":\"2017-11-16T00:00:00+00:00\",\"mainEntityOfPage\":{\"@id\":\"https:\/\/228news.tg\/index.php\/2017\/11\/16\/amenagement-urbain-dans-le-golfe-cap-sur-le-canton-de-sagbado\/\"},\"wordCount\":389,\"commentCount\":0,\"publisher\":{\"@id\":\"https:\/\/228news.tg\/#organization\"},\"image\":{\"@id\":\"https:\/\/228news.tg\/index.php\/2017\/11\/16\/amenagement-urbain-dans-le-golfe-cap-sur-le-canton-de-sagbado\/#primaryimage\"},\"thumbnailUrl\":\"https:\/\/228news.tg\/wp-content\/uploads\/2024\/09\/0d11ed5018072ab523c06ffd2a62f2.jpg\",\"articleSection\":[\"DEVELOPPEMENT\",\"Flash\",\"TOGO\",\"Une\"],\"inLanguage\":\"fr-FR\",\"potentialAction\":[{\"@type\":\"CommentAction\",\"name\":\"Comment\",\"target\":[\"https:\/\/228news.tg\/index.php\/2017\/11\/16\/amenagement-urbain-dans-le-golfe-cap-sur-le-canton-de-sagbado\/#respond\"]}]},{\"@type\":\"WebPage\",\"@id\":\"https:\/\/228news.tg\/index.php\/2017\/11\/16\/amenagement-urbain-dans-le-golfe-cap-sur-le-canton-de-sagbado\/\",\"url\":\"https:\/\/228news.tg\/index.php\/2017\/11\/16\/amenagement-urbain-dans-le-golfe-cap-sur-le-canton-de-sagbado\/\",\"name\":\"Am\u00e9nagement urbain dans le Golfe, cap sur le canton de Sagbado - 228 News\",\"isPartOf\":{\"@id\":\"https:\/\/228news.tg\/#website\"},\"primaryImageOfPage\":{\"@id\":\"https:\/\/228news.tg\/index.php\/2017\/11\/16\/amenagement-urbain-dans-le-golfe-cap-sur-le-canton-de-sagbado\/#primaryimage\"},\"image\":{\"@id\":\"https:\/\/228news.tg\/index.php\/2017\/11\/16\/amenagement-urbain-dans-le-golfe-cap-sur-le-canton-de-sagbado\/#primaryimage\"},\"thumbnailUrl\":\"https:\/\/228news.tg\/wp-content\/uploads\/2024\/09\/0d11ed5018072ab523c06ffd2a62f2.jpg\",\"datePublished\":\"2017-11-16T00:00:00+00:00\",\"breadcrumb\":{\"@id\":\"https:\/\/228news.tg\/index.php\/2017\/11\/16\/amenagement-urbain-dans-le-golfe-cap-sur-le-canton-de-sagbado\/#breadcrumb\"},\"inLanguage\":\"fr-FR\",\"potentialAction\":[{\"@type\":\"ReadAction\",\"target\":[\"https:\/\/228news.tg\/index.php\/2017\/11\/16\/amenagement-urbain-dans-le-golfe-cap-sur-le-canton-de-sagbado\/\"]}]},{\"@type\":\"ImageObject\",\"inLanguage\":\"fr-FR\",\"@id\":\"https:\/\/228news.tg\/index.php\/2017\/11\/16\/amenagement-urbain-dans-le-golfe-cap-sur-le-canton-de-sagbado\/#primaryimage\",\"url\":\"https:\/\/228news.tg\/wp-content\/uploads\/2024\/09\/0d11ed5018072ab523c06ffd2a62f2.jpg\",\"contentUrl\":\"https:\/\/228news.tg\/wp-content\/uploads\/2024\/09\/0d11ed5018072ab523c06ffd2a62f2.jpg\",\"width\":800,\"height\":600},{\"@type\":\"BreadcrumbList\",\"@id\":\"https:\/\/228news.tg\/index.php\/2017\/11\/16\/amenagement-urbain-dans-le-golfe-cap-sur-le-canton-de-sagbado\/#breadcrumb\",\"itemListElement\":[{\"@type\":\"ListItem\",\"position\":1,\"name\":\"Home\",\"item\":\"https:\/\/228news.tg\/\"},{\"@type\":\"ListItem\",\"position\":2,\"name\":\"Am\u00e9nagement urbain dans le Golfe, cap sur le canton de Sagbado\"}]},{\"@type\":\"WebSite\",\"@id\":\"https:\/\/228news.tg\/#website\",\"url\":\"https:\/\/228news.tg\/\",\"name\":\"228 News\",\"description\":\"Soci\u00e9t\u00e9 de m\u00e9dias et d\u2019actualit\u00e9s\",\"publisher\":{\"@id\":\"https:\/\/228news.tg\/#organization\"},\"potentialAction\":[{\"@type\":\"SearchAction\",\"target\":{\"@type\":\"EntryPoint\",\"urlTemplate\":\"https:\/\/228news.tg\/?s={search_term_string}\"},\"query-input\":{\"@type\":\"PropertyValueSpecification\",\"valueRequired\":true,\"valueName\":\"search_term_string\"}}],\"inLanguage\":\"fr-FR\"},{\"@type\":\"Organization\",\"@id\":\"https:\/\/228news.tg\/#organization\",\"name\":\"228 News\",\"url\":\"https:\/\/228news.tg\/\",\"logo\":{\"@type\":\"ImageObject\",\"inLanguage\":\"fr-FR\",\"@id\":\"https:\/\/228news.tg\/#\/schema\/logo\/image\/\",\"url\":\"https:\/\/228news.tg\/wp-content\/uploads\/2024\/09\/logonew.png\",\"contentUrl\":\"https:\/\/228news.tg\/wp-content\/uploads\/2024\/09\/logonew.png\",\"width\":1640,\"height\":364,\"caption\":\"228 News\"},\"image\":{\"@id\":\"https:\/\/228news.tg\/#\/schema\/logo\/image\/\"}},{\"@type\":\"Person\",\"@id\":\"https:\/\/228news.tg\/#\/schema\/person\/68d5a6cc0230290e61235c8379523f52\",\"name\":\"Bienvenu SAVI\",\"image\":{\"@type\":\"ImageObject\",\"inLanguage\":\"fr-FR\",\"@id\":\"https:\/\/228news.tg\/#\/schema\/person\/image\/\",\"url\":\"https:\/\/secure.gravatar.com\/avatar\/9db91895c559e510509c33a3e9683998458e9b828fac36d5d1aa23f0f2fd369b?s=96&d=mm&r=g\",\"contentUrl\":\"https:\/\/secure.gravatar.com\/avatar\/9db91895c559e510509c33a3e9683998458e9b828fac36d5d1aa23f0f2fd369b?s=96&d=mm&r=g\",\"caption\":\"Bienvenu SAVI\"},\"url\":\"https:\/\/228news.tg\/index.php\/author\/bienvenu\/\"}]}<\/script>\n<!-- \/ Yoast SEO plugin. -->","yoast_head_json":{"title":"Am\u00e9nagement urbain dans le Golfe, cap sur le canton de Sagbado - 228 News","robots":{"index":"index","follow":"follow","max-snippet":"max-snippet:-1","max-image-preview":"max-image-preview:large","max-video-preview":"max-video-preview:-1"},"canonical":"https:\/\/228news.tg\/index.php\/2017\/11\/16\/amenagement-urbain-dans-le-golfe-cap-sur-le-canton-de-sagbado\/","og_locale":"fr_FR","og_type":"article","og_title":"Am\u00e9nagement urbain dans le Golfe, cap sur le canton de Sagbado - 228 News","og_description":"Le canton de Sagbado Lankouvi ne sera pas en marge des travaux d&rsquo;am\u00e9nagement et d&rsquo;ouverture de voies lanc\u00e9s depuis quelques semaines par le pr\u00e9fet du Golfe, Awat\u00e9 Hodabalo et le pr\u00e9sident de la d\u00e9l\u00e9gation sp\u00e9ciale de la pr\u00e9fecture du Golfe. La localit\u00e9 situ\u00e9e dans la pr\u00e9fecture du Golfe, pr\u00e9cis\u00e9ment dans le village d\u2019Ad\u00e9lakom\u00e9, a abrit\u00e9 ... Lire la suite","og_url":"https:\/\/228news.tg\/index.php\/2017\/11\/16\/amenagement-urbain-dans-le-golfe-cap-sur-le-canton-de-sagbado\/","og_site_name":"228 News","article_published_time":"2017-11-16T00:00:00+00:00","og_image":[{"width":800,"height":600,"url":"https:\/\/228news.tg\/wp-content\/uploads\/2024\/09\/0d11ed5018072ab523c06ffd2a62f2.jpg","type":"image\/jpeg"}],"author":"Bienvenu SAVI","twitter_card":"summary_large_image","twitter_misc":{"\u00c9crit par":"Bienvenu SAVI","Dur\u00e9e de lecture estim\u00e9e":"2 minutes"},"schema":{"@context":"https:\/\/schema.org","@graph":[{"@type":"Article","@id":"https:\/\/228news.tg\/index.php\/2017\/11\/16\/amenagement-urbain-dans-le-golfe-cap-sur-le-canton-de-sagbado\/#article","isPartOf":{"@id":"https:\/\/228news.tg\/index.php\/2017\/11\/16\/amenagement-urbain-dans-le-golfe-cap-sur-le-canton-de-sagbado\/"},"author":{"name":"Bienvenu SAVI","@id":"https:\/\/228news.tg\/#\/schema\/person\/68d5a6cc0230290e61235c8379523f52"},"headline":"Am\u00e9nagement urbain dans le Golfe, cap sur le canton de Sagbado","datePublished":"2017-11-16T00:00:00+00:00","mainEntityOfPage":{"@id":"https:\/\/228news.tg\/index.php\/2017\/11\/16\/amenagement-urbain-dans-le-golfe-cap-sur-le-canton-de-sagbado\/"},"wordCount":389,"commentCount":0,"publisher":{"@id":"https:\/\/228news.tg\/#organization"},"image":{"@id":"https:\/\/228news.tg\/index.php\/2017\/11\/16\/amenagement-urbain-dans-le-golfe-cap-sur-le-canton-de-sagbado\/#primaryimage"},"thumbnailUrl":"https:\/\/228news.tg\/wp-content\/uploads\/2024\/09\/0d11ed5018072ab523c06ffd2a62f2.jpg","articleSection":["DEVELOPPEMENT","Flash","TOGO","Une"],"inLanguage":"fr-FR","potentialAction":[{"@type":"CommentAction","name":"Comment","target":["https:\/\/228news.tg\/index.php\/2017\/11\/16\/amenagement-urbain-dans-le-golfe-cap-sur-le-canton-de-sagbado\/#respond"]}]},{"@type":"WebPage","@id":"https:\/\/228news.tg\/index.php\/2017\/11\/16\/amenagement-urbain-dans-le-golfe-cap-sur-le-canton-de-sagbado\/","url":"https:\/\/228news.tg\/index.php\/2017\/11\/16\/amenagement-urbain-dans-le-golfe-cap-sur-le-canton-de-sagbado\/","name":"Am\u00e9nagement urbain dans le Golfe, cap sur le canton de Sagbado - 228 News","isPartOf":{"@id":"https:\/\/228news.tg\/#website"},"primaryImageOfPage":{"@id":"https:\/\/228news.tg\/index.php\/2017\/11\/16\/amenagement-urbain-dans-le-golfe-cap-sur-le-canton-de-sagbado\/#primaryimage"},"image":{"@id":"https:\/\/228news.tg\/index.php\/2017\/11\/16\/amenagement-urbain-dans-le-golfe-cap-sur-le-canton-de-sagbado\/#primaryimage"},"thumbnailUrl":"https:\/\/228news.tg\/wp-content\/uploads\/2024\/09\/0d11ed5018072ab523c06ffd2a62f2.jpg","datePublished":"2017-11-16T00:00:00+00:00","breadcrumb":{"@id":"https:\/\/228news.tg\/index.php\/2017\/11\/16\/amenagement-urbain-dans-le-golfe-cap-sur-le-canton-de-sagbado\/#breadcrumb"},"inLanguage":"fr-FR","potentialAction":[{"@type":"ReadAction","target":["https:\/\/228news.tg\/index.php\/2017\/11\/16\/amenagement-urbain-dans-le-golfe-cap-sur-le-canton-de-sagbado\/"]}]},{"@type":"ImageObject","inLanguage":"fr-FR","@id":"https:\/\/228news.tg\/index.php\/2017\/11\/16\/amenagement-urbain-dans-le-golfe-cap-sur-le-canton-de-sagbado\/#primaryimage","url":"https:\/\/228news.tg\/wp-content\/uploads\/2024\/09\/0d11ed5018072ab523c06ffd2a62f2.jpg","contentUrl":"https:\/\/228news.tg\/wp-content\/uploads\/2024\/09\/0d11ed5018072ab523c06ffd2a62f2.jpg","width":800,"height":600},{"@type":"BreadcrumbList","@id":"https:\/\/228news.tg\/index.php\/2017\/11\/16\/amenagement-urbain-dans-le-golfe-cap-sur-le-canton-de-sagbado\/#breadcrumb","itemListElement":[{"@type":"ListItem","position":1,"name":"Home","item":"https:\/\/228news.tg\/"},{"@type":"ListItem","position":2,"name":"Am\u00e9nagement urbain dans le Golfe, cap sur le canton de Sagbado"}]},{"@type":"WebSite","@id":"https:\/\/228news.tg\/#website","url":"https:\/\/228news.tg\/","name":"228 News","description":"Soci\u00e9t\u00e9 de m\u00e9dias et d\u2019actualit\u00e9s","publisher":{"@id":"https:\/\/228news.tg\/#organization"},"potentialAction":[{"@type":"SearchAction","target":{"@type":"EntryPoint","urlTemplate":"https:\/\/228news.tg\/?s={search_term_string}"},"query-input":{"@type":"PropertyValueSpecification","valueRequired":true,"valueName":"search_term_string"}}],"inLanguage":"fr-FR"},{"@type":"Organization","@id":"https:\/\/228news.tg\/#organization","name":"228 News","url":"https:\/\/228news.tg\/","logo":{"@type":"ImageObject","inLanguage":"fr-FR","@id":"https:\/\/228news.tg\/#\/schema\/logo\/image\/","url":"https:\/\/228news.tg\/wp-content\/uploads\/2024\/09\/logonew.png","contentUrl":"https:\/\/228news.tg\/wp-content\/uploads\/2024\/09\/logonew.png","width":1640,"height":364,"caption":"228 News"},"image":{"@id":"https:\/\/228news.tg\/#\/schema\/logo\/image\/"}},{"@type":"Person","@id":"https:\/\/228news.tg\/#\/schema\/person\/68d5a6cc0230290e61235c8379523f52","name":"Bienvenu SAVI","image":{"@type":"ImageObject","inLanguage":"fr-FR","@id":"https:\/\/228news.tg\/#\/schema\/person\/image\/","url":"https:\/\/secure.gravatar.com\/avatar\/9db91895c559e510509c33a3e9683998458e9b828fac36d5d1aa23f0f2fd369b?s=96&d=mm&r=g","contentUrl":"https:\/\/secure.gravatar.com\/avatar\/9db91895c559e510509c33a3e9683998458e9b828fac36d5d1aa23f0f2fd369b?s=96&d=mm&r=g","caption":"Bienvenu SAVI"},"url":"https:\/\/228news.tg\/index.php\/author\/bienvenu\/"}]}},"jetpack_featured_media_url":"https:\/\/228news.tg\/wp-content\/uploads\/2024\/09\/0d11ed5018072ab523c06ffd2a62f2.jpg","_links":{"self":[{"href":"https:\/\/228news.tg\/index.php\/wp-json\/wp\/v2\/posts\/970","targetHints":{"allow":["GET"]}}],"collection":[{"href":"https:\/\/228news.tg\/index.php\/wp-json\/wp\/v2\/posts"}],"about":[{"href":"https:\/\/228news.tg\/index.php\/wp-json\/wp\/v2\/types\/post"}],"author":[{"embeddable":true,"href":"https:\/\/228news.tg\/index.php\/wp-json\/wp\/v2\/users\/2"}],"replies":[{"embeddable":true,"href":"https:\/\/228news.tg\/index.php\/wp-json\/wp\/v2\/comments?post=970"}],"version-history":[{"count":0,"href":"https:\/\/228news.tg\/index.php\/wp-json\/wp\/v2\/posts\/970\/revisions"}],"wp:featuredmedia":[{"embeddable":true,"href":"https:\/\/228news.tg\/index.php\/wp-json\/wp\/v2\/media\/971"}],"wp:attachment":[{"href":"https:\/\/228news.tg\/index.php\/wp-json\/wp\/v2\/media?parent=970"}],"wp:term":[{"taxonomy":"category","embeddable":true,"href":"https:\/\/228news.tg\/index.php\/wp-json\/wp\/v2\/categories?post=970"},{"taxonomy":"post_tag","embeddable":true,"href":"https:\/\/228news.tg\/index.php\/wp-json\/wp\/v2\/tags?post=970"}],"curies":[{"name":"wp","href":"https:\/\/api.w.org\/{rel}","templated":true}]}}