{"id":939,"date":"2017-10-24T00:00:00","date_gmt":"2017-10-24T00:00:00","guid":{"rendered":"https:\/\/228news.tg\/index.php\/2017\/10\/24\/lappel-du-mrc-au-sursaut-patriotique\/"},"modified":"2017-10-24T00:00:00","modified_gmt":"2017-10-24T00:00:00","slug":"lappel-du-mrc-au-sursaut-patriotique","status":"publish","type":"post","link":"https:\/\/228news.tg\/index.php\/2017\/10\/24\/lappel-du-mrc-au-sursaut-patriotique\/","title":{"rendered":"L&rsquo;appel du MRC au sursaut patriotique"},"content":{"rendered":"<p>Le Mouvement des R\u00e9publicains Centristes (MRC) d\u2019Abass Kaboua a encore effectu\u00e9 une sortie m\u00e9diatique ce mardi 24 octobre afin de r\u00e9it\u00e9rer sa position par rapport \u00e0 la crise actuelle.<\/p>\n<p>Au cours de sa sortie, les R\u00e9publicains se sont adress\u00e9s \u00e0 toutes les parties prenantes de la crise sociopolitique actuelle qui secoue le Togo notamment le peuple, les parties de l\u2019opposition, le gouvernement, de m\u00eame que la communaut\u00e9 internationale.<\/p>\n<p>Tout en d\u00e9plorant la situation d\u00e9l\u00e9t\u00e8re qui pr\u00e9vaut actuellement au Togo caract\u00e9ris\u00e9e par une violence sauvage et aveugle dans les rues, les maisons et certaines villes du Togo, le MRC appelle toutes les populations \u00e0 la retenue et \u00e0 l\u2019apaisement.<\/p>\n<p>\u00ab\u00a0Le peuple finit par donner raison au MRC qui par anticipation avait appel\u00e9 \u00e0 la retenue et au dialogue, au lieu de la violence aveugle et sauvage dans les rues\u00a0\u00bb, a d\u00e9clar\u00e9 Abass Kaboua, Pr\u00e9sident du parti.<\/p>\n<p>Il demande \u00e0 certains \u00ab\u00a0leaders de l\u2019opposition de quitter le radicalisme aveugle et de manifester dans un sursaut patriotique leur amour pour le Togo afin que la paix et le dialogue prennent le dessus.<\/p>\n<p>Avant de demander \u00e0 la communaut\u00e9 internationale de prendre la mesure de la situation en s\u2019investissant de fa\u00e7on singuli\u00e8re dans la r\u00e9solution de cette crise qui n\u2019a que trop dur\u00e9, le MRC lance un appel au pouvoir de prendre de la hauteur et d\u2019aller \u00e0 la table de n\u00e9gociation pour un d\u00e9nouement sinc\u00e8re, franc et serein.<\/p>\n<p><strong>D\u00e9mocrate<\/strong><\/p>\n<p><strong>(00228) 91 85 40 14<\/strong><\/p>\n<p><strong>98 60 67 68<\/strong><\/p>\n<p><strong><a href=\"mailto:democrate2010@gmail.com\">democrate2010@gmail.com<\/a><\/strong><\/p>\n","protected":false},"excerpt":{"rendered":"<p>Le Mouvement des R\u00e9publicains Centristes (MRC) d\u2019Abass Kaboua a encore effectu\u00e9 une sortie m\u00e9diatique ce mardi 24 octobre afin de r\u00e9it\u00e9rer sa position par rapport \u00e0 la crise actuelle. Au cours de sa sortie, les R\u00e9publicains se sont adress\u00e9s \u00e0 toutes les parties prenantes de la crise sociopolitique actuelle qui secoue le Togo notamment le &#8230; <a title=\"L&rsquo;appel du MRC au sursaut patriotique\" class=\"read-more\" href=\"https:\/\/228news.tg\/index.php\/2017\/10\/24\/lappel-du-mrc-au-sursaut-patriotique\/\" aria-label=\"En savoir plus sur L&rsquo;appel du MRC au sursaut patriotique\">Lire la suite<\/a><\/p>\n","protected":false},"author":2,"featured_media":940,"comment_status":"open","ping_status":"open","sticky":false,"template":"","format":"standard","meta":{"footnotes":""},"categories":[35,33,25,34],"tags":[],"class_list":["post-939","post","type-post","status-publish","format-standard","has-post-thumbnail","hentry","category-flash","category-politique","category-togo","category-une"],"yoast_head":"<!-- This site is optimized with the Yoast SEO plugin v26.4 - https:\/\/yoast.com\/wordpress\/plugins\/seo\/ -->\n<title>L&#039;appel du MRC au sursaut patriotique - 228 News<\/title>\n<meta name=\"robots\" content=\"index, follow, max-snippet:-1, max-image-preview:large, max-video-preview:-1\" \/>\n<link rel=\"canonical\" href=\"https:\/\/228news.tg\/index.php\/2017\/10\/24\/lappel-du-mrc-au-sursaut-patriotique\/\" \/>\n<meta property=\"og:locale\" content=\"fr_FR\" \/>\n<meta property=\"og:type\" content=\"article\" \/>\n<meta property=\"og:title\" content=\"L&#039;appel du MRC au sursaut patriotique - 228 News\" \/>\n<meta property=\"og:description\" content=\"Le Mouvement des R\u00e9publicains Centristes (MRC) d\u2019Abass Kaboua a encore effectu\u00e9 une sortie m\u00e9diatique ce mardi 24 octobre afin de r\u00e9it\u00e9rer sa position par rapport \u00e0 la crise actuelle. Au cours de sa sortie, les R\u00e9publicains se sont adress\u00e9s \u00e0 toutes les parties prenantes de la crise sociopolitique actuelle qui secoue le Togo notamment le ... Lire la suite\" \/>\n<meta property=\"og:url\" content=\"https:\/\/228news.tg\/index.php\/2017\/10\/24\/lappel-du-mrc-au-sursaut-patriotique\/\" \/>\n<meta property=\"og:site_name\" content=\"228 News\" \/>\n<meta property=\"article:published_time\" content=\"2017-10-24T00:00:00+00:00\" \/>\n<meta property=\"og:image\" content=\"https:\/\/228news.tg\/wp-content\/uploads\/2024\/09\/kaboua.jpg\" \/>\n\t<meta property=\"og:image:width\" content=\"770\" \/>\n\t<meta property=\"og:image:height\" content=\"498\" \/>\n\t<meta property=\"og:image:type\" content=\"image\/jpeg\" \/>\n<meta name=\"author\" content=\"Bienvenu SAVI\" \/>\n<meta name=\"twitter:card\" content=\"summary_large_image\" \/>\n<meta name=\"twitter:label1\" content=\"\u00c9crit par\" \/>\n\t<meta name=\"twitter:data1\" content=\"Bienvenu SAVI\" \/>\n\t<meta name=\"twitter:label2\" content=\"Dur\u00e9e de lecture estim\u00e9e\" \/>\n\t<meta name=\"twitter:data2\" content=\"1 minute\" \/>\n<script type=\"application\/ld+json\" class=\"yoast-schema-graph\">{\"@context\":\"https:\/\/schema.org\",\"@graph\":[{\"@type\":\"Article\",\"@id\":\"https:\/\/228news.tg\/index.php\/2017\/10\/24\/lappel-du-mrc-au-sursaut-patriotique\/#article\",\"isPartOf\":{\"@id\":\"https:\/\/228news.tg\/index.php\/2017\/10\/24\/lappel-du-mrc-au-sursaut-patriotique\/\"},\"author\":{\"name\":\"Bienvenu SAVI\",\"@id\":\"https:\/\/228news.tg\/#\/schema\/person\/68d5a6cc0230290e61235c8379523f52\"},\"headline\":\"L&rsquo;appel du MRC au sursaut patriotique\",\"datePublished\":\"2017-10-24T00:00:00+00:00\",\"mainEntityOfPage\":{\"@id\":\"https:\/\/228news.tg\/index.php\/2017\/10\/24\/lappel-du-mrc-au-sursaut-patriotique\/\"},\"wordCount\":267,\"commentCount\":0,\"publisher\":{\"@id\":\"https:\/\/228news.tg\/#organization\"},\"image\":{\"@id\":\"https:\/\/228news.tg\/index.php\/2017\/10\/24\/lappel-du-mrc-au-sursaut-patriotique\/#primaryimage\"},\"thumbnailUrl\":\"https:\/\/228news.tg\/wp-content\/uploads\/2024\/09\/kaboua.jpg\",\"articleSection\":[\"Flash\",\"POLITIQUE\",\"TOGO\",\"Une\"],\"inLanguage\":\"fr-FR\",\"potentialAction\":[{\"@type\":\"CommentAction\",\"name\":\"Comment\",\"target\":[\"https:\/\/228news.tg\/index.php\/2017\/10\/24\/lappel-du-mrc-au-sursaut-patriotique\/#respond\"]}]},{\"@type\":\"WebPage\",\"@id\":\"https:\/\/228news.tg\/index.php\/2017\/10\/24\/lappel-du-mrc-au-sursaut-patriotique\/\",\"url\":\"https:\/\/228news.tg\/index.php\/2017\/10\/24\/lappel-du-mrc-au-sursaut-patriotique\/\",\"name\":\"L'appel du MRC au sursaut patriotique - 228 News\",\"isPartOf\":{\"@id\":\"https:\/\/228news.tg\/#website\"},\"primaryImageOfPage\":{\"@id\":\"https:\/\/228news.tg\/index.php\/2017\/10\/24\/lappel-du-mrc-au-sursaut-patriotique\/#primaryimage\"},\"image\":{\"@id\":\"https:\/\/228news.tg\/index.php\/2017\/10\/24\/lappel-du-mrc-au-sursaut-patriotique\/#primaryimage\"},\"thumbnailUrl\":\"https:\/\/228news.tg\/wp-content\/uploads\/2024\/09\/kaboua.jpg\",\"datePublished\":\"2017-10-24T00:00:00+00:00\",\"breadcrumb\":{\"@id\":\"https:\/\/228news.tg\/index.php\/2017\/10\/24\/lappel-du-mrc-au-sursaut-patriotique\/#breadcrumb\"},\"inLanguage\":\"fr-FR\",\"potentialAction\":[{\"@type\":\"ReadAction\",\"target\":[\"https:\/\/228news.tg\/index.php\/2017\/10\/24\/lappel-du-mrc-au-sursaut-patriotique\/\"]}]},{\"@type\":\"ImageObject\",\"inLanguage\":\"fr-FR\",\"@id\":\"https:\/\/228news.tg\/index.php\/2017\/10\/24\/lappel-du-mrc-au-sursaut-patriotique\/#primaryimage\",\"url\":\"https:\/\/228news.tg\/wp-content\/uploads\/2024\/09\/kaboua.jpg\",\"contentUrl\":\"https:\/\/228news.tg\/wp-content\/uploads\/2024\/09\/kaboua.jpg\",\"width\":770,\"height\":498},{\"@type\":\"BreadcrumbList\",\"@id\":\"https:\/\/228news.tg\/index.php\/2017\/10\/24\/lappel-du-mrc-au-sursaut-patriotique\/#breadcrumb\",\"itemListElement\":[{\"@type\":\"ListItem\",\"position\":1,\"name\":\"Home\",\"item\":\"https:\/\/228news.tg\/\"},{\"@type\":\"ListItem\",\"position\":2,\"name\":\"L&rsquo;appel du MRC au sursaut patriotique\"}]},{\"@type\":\"WebSite\",\"@id\":\"https:\/\/228news.tg\/#website\",\"url\":\"https:\/\/228news.tg\/\",\"name\":\"228 News\",\"description\":\"Soci\u00e9t\u00e9 de m\u00e9dias et d\u2019actualit\u00e9s\",\"publisher\":{\"@id\":\"https:\/\/228news.tg\/#organization\"},\"potentialAction\":[{\"@type\":\"SearchAction\",\"target\":{\"@type\":\"EntryPoint\",\"urlTemplate\":\"https:\/\/228news.tg\/?s={search_term_string}\"},\"query-input\":{\"@type\":\"PropertyValueSpecification\",\"valueRequired\":true,\"valueName\":\"search_term_string\"}}],\"inLanguage\":\"fr-FR\"},{\"@type\":\"Organization\",\"@id\":\"https:\/\/228news.tg\/#organization\",\"name\":\"228 News\",\"url\":\"https:\/\/228news.tg\/\",\"logo\":{\"@type\":\"ImageObject\",\"inLanguage\":\"fr-FR\",\"@id\":\"https:\/\/228news.tg\/#\/schema\/logo\/image\/\",\"url\":\"https:\/\/228news.tg\/wp-content\/uploads\/2024\/09\/logonew.png\",\"contentUrl\":\"https:\/\/228news.tg\/wp-content\/uploads\/2024\/09\/logonew.png\",\"width\":1640,\"height\":364,\"caption\":\"228 News\"},\"image\":{\"@id\":\"https:\/\/228news.tg\/#\/schema\/logo\/image\/\"}},{\"@type\":\"Person\",\"@id\":\"https:\/\/228news.tg\/#\/schema\/person\/68d5a6cc0230290e61235c8379523f52\",\"name\":\"Bienvenu SAVI\",\"image\":{\"@type\":\"ImageObject\",\"inLanguage\":\"fr-FR\",\"@id\":\"https:\/\/228news.tg\/#\/schema\/person\/image\/\",\"url\":\"https:\/\/secure.gravatar.com\/avatar\/9db91895c559e510509c33a3e9683998458e9b828fac36d5d1aa23f0f2fd369b?s=96&d=mm&r=g\",\"contentUrl\":\"https:\/\/secure.gravatar.com\/avatar\/9db91895c559e510509c33a3e9683998458e9b828fac36d5d1aa23f0f2fd369b?s=96&d=mm&r=g\",\"caption\":\"Bienvenu SAVI\"},\"url\":\"https:\/\/228news.tg\/index.php\/author\/bienvenu\/\"}]}<\/script>\n<!-- \/ Yoast SEO plugin. -->","yoast_head_json":{"title":"L'appel du MRC au sursaut patriotique - 228 News","robots":{"index":"index","follow":"follow","max-snippet":"max-snippet:-1","max-image-preview":"max-image-preview:large","max-video-preview":"max-video-preview:-1"},"canonical":"https:\/\/228news.tg\/index.php\/2017\/10\/24\/lappel-du-mrc-au-sursaut-patriotique\/","og_locale":"fr_FR","og_type":"article","og_title":"L'appel du MRC au sursaut patriotique - 228 News","og_description":"Le Mouvement des R\u00e9publicains Centristes (MRC) d\u2019Abass Kaboua a encore effectu\u00e9 une sortie m\u00e9diatique ce mardi 24 octobre afin de r\u00e9it\u00e9rer sa position par rapport \u00e0 la crise actuelle. Au cours de sa sortie, les R\u00e9publicains se sont adress\u00e9s \u00e0 toutes les parties prenantes de la crise sociopolitique actuelle qui secoue le Togo notamment le ... Lire la suite","og_url":"https:\/\/228news.tg\/index.php\/2017\/10\/24\/lappel-du-mrc-au-sursaut-patriotique\/","og_site_name":"228 News","article_published_time":"2017-10-24T00:00:00+00:00","og_image":[{"width":770,"height":498,"url":"https:\/\/228news.tg\/wp-content\/uploads\/2024\/09\/kaboua.jpg","type":"image\/jpeg"}],"author":"Bienvenu SAVI","twitter_card":"summary_large_image","twitter_misc":{"\u00c9crit par":"Bienvenu SAVI","Dur\u00e9e de lecture estim\u00e9e":"1 minute"},"schema":{"@context":"https:\/\/schema.org","@graph":[{"@type":"Article","@id":"https:\/\/228news.tg\/index.php\/2017\/10\/24\/lappel-du-mrc-au-sursaut-patriotique\/#article","isPartOf":{"@id":"https:\/\/228news.tg\/index.php\/2017\/10\/24\/lappel-du-mrc-au-sursaut-patriotique\/"},"author":{"name":"Bienvenu SAVI","@id":"https:\/\/228news.tg\/#\/schema\/person\/68d5a6cc0230290e61235c8379523f52"},"headline":"L&rsquo;appel du MRC au sursaut patriotique","datePublished":"2017-10-24T00:00:00+00:00","mainEntityOfPage":{"@id":"https:\/\/228news.tg\/index.php\/2017\/10\/24\/lappel-du-mrc-au-sursaut-patriotique\/"},"wordCount":267,"commentCount":0,"publisher":{"@id":"https:\/\/228news.tg\/#organization"},"image":{"@id":"https:\/\/228news.tg\/index.php\/2017\/10\/24\/lappel-du-mrc-au-sursaut-patriotique\/#primaryimage"},"thumbnailUrl":"https:\/\/228news.tg\/wp-content\/uploads\/2024\/09\/kaboua.jpg","articleSection":["Flash","POLITIQUE","TOGO","Une"],"inLanguage":"fr-FR","potentialAction":[{"@type":"CommentAction","name":"Comment","target":["https:\/\/228news.tg\/index.php\/2017\/10\/24\/lappel-du-mrc-au-sursaut-patriotique\/#respond"]}]},{"@type":"WebPage","@id":"https:\/\/228news.tg\/index.php\/2017\/10\/24\/lappel-du-mrc-au-sursaut-patriotique\/","url":"https:\/\/228news.tg\/index.php\/2017\/10\/24\/lappel-du-mrc-au-sursaut-patriotique\/","name":"L'appel du MRC au sursaut patriotique - 228 News","isPartOf":{"@id":"https:\/\/228news.tg\/#website"},"primaryImageOfPage":{"@id":"https:\/\/228news.tg\/index.php\/2017\/10\/24\/lappel-du-mrc-au-sursaut-patriotique\/#primaryimage"},"image":{"@id":"https:\/\/228news.tg\/index.php\/2017\/10\/24\/lappel-du-mrc-au-sursaut-patriotique\/#primaryimage"},"thumbnailUrl":"https:\/\/228news.tg\/wp-content\/uploads\/2024\/09\/kaboua.jpg","datePublished":"2017-10-24T00:00:00+00:00","breadcrumb":{"@id":"https:\/\/228news.tg\/index.php\/2017\/10\/24\/lappel-du-mrc-au-sursaut-patriotique\/#breadcrumb"},"inLanguage":"fr-FR","potentialAction":[{"@type":"ReadAction","target":["https:\/\/228news.tg\/index.php\/2017\/10\/24\/lappel-du-mrc-au-sursaut-patriotique\/"]}]},{"@type":"ImageObject","inLanguage":"fr-FR","@id":"https:\/\/228news.tg\/index.php\/2017\/10\/24\/lappel-du-mrc-au-sursaut-patriotique\/#primaryimage","url":"https:\/\/228news.tg\/wp-content\/uploads\/2024\/09\/kaboua.jpg","contentUrl":"https:\/\/228news.tg\/wp-content\/uploads\/2024\/09\/kaboua.jpg","width":770,"height":498},{"@type":"BreadcrumbList","@id":"https:\/\/228news.tg\/index.php\/2017\/10\/24\/lappel-du-mrc-au-sursaut-patriotique\/#breadcrumb","itemListElement":[{"@type":"ListItem","position":1,"name":"Home","item":"https:\/\/228news.tg\/"},{"@type":"ListItem","position":2,"name":"L&rsquo;appel du MRC au sursaut patriotique"}]},{"@type":"WebSite","@id":"https:\/\/228news.tg\/#website","url":"https:\/\/228news.tg\/","name":"228 News","description":"Soci\u00e9t\u00e9 de m\u00e9dias et d\u2019actualit\u00e9s","publisher":{"@id":"https:\/\/228news.tg\/#organization"},"potentialAction":[{"@type":"SearchAction","target":{"@type":"EntryPoint","urlTemplate":"https:\/\/228news.tg\/?s={search_term_string}"},"query-input":{"@type":"PropertyValueSpecification","valueRequired":true,"valueName":"search_term_string"}}],"inLanguage":"fr-FR"},{"@type":"Organization","@id":"https:\/\/228news.tg\/#organization","name":"228 News","url":"https:\/\/228news.tg\/","logo":{"@type":"ImageObject","inLanguage":"fr-FR","@id":"https:\/\/228news.tg\/#\/schema\/logo\/image\/","url":"https:\/\/228news.tg\/wp-content\/uploads\/2024\/09\/logonew.png","contentUrl":"https:\/\/228news.tg\/wp-content\/uploads\/2024\/09\/logonew.png","width":1640,"height":364,"caption":"228 News"},"image":{"@id":"https:\/\/228news.tg\/#\/schema\/logo\/image\/"}},{"@type":"Person","@id":"https:\/\/228news.tg\/#\/schema\/person\/68d5a6cc0230290e61235c8379523f52","name":"Bienvenu SAVI","image":{"@type":"ImageObject","inLanguage":"fr-FR","@id":"https:\/\/228news.tg\/#\/schema\/person\/image\/","url":"https:\/\/secure.gravatar.com\/avatar\/9db91895c559e510509c33a3e9683998458e9b828fac36d5d1aa23f0f2fd369b?s=96&d=mm&r=g","contentUrl":"https:\/\/secure.gravatar.com\/avatar\/9db91895c559e510509c33a3e9683998458e9b828fac36d5d1aa23f0f2fd369b?s=96&d=mm&r=g","caption":"Bienvenu SAVI"},"url":"https:\/\/228news.tg\/index.php\/author\/bienvenu\/"}]}},"jetpack_featured_media_url":"https:\/\/228news.tg\/wp-content\/uploads\/2024\/09\/kaboua.jpg","_links":{"self":[{"href":"https:\/\/228news.tg\/index.php\/wp-json\/wp\/v2\/posts\/939","targetHints":{"allow":["GET"]}}],"collection":[{"href":"https:\/\/228news.tg\/index.php\/wp-json\/wp\/v2\/posts"}],"about":[{"href":"https:\/\/228news.tg\/index.php\/wp-json\/wp\/v2\/types\/post"}],"author":[{"embeddable":true,"href":"https:\/\/228news.tg\/index.php\/wp-json\/wp\/v2\/users\/2"}],"replies":[{"embeddable":true,"href":"https:\/\/228news.tg\/index.php\/wp-json\/wp\/v2\/comments?post=939"}],"version-history":[{"count":0,"href":"https:\/\/228news.tg\/index.php\/wp-json\/wp\/v2\/posts\/939\/revisions"}],"wp:featuredmedia":[{"embeddable":true,"href":"https:\/\/228news.tg\/index.php\/wp-json\/wp\/v2\/media\/940"}],"wp:attachment":[{"href":"https:\/\/228news.tg\/index.php\/wp-json\/wp\/v2\/media?parent=939"}],"wp:term":[{"taxonomy":"category","embeddable":true,"href":"https:\/\/228news.tg\/index.php\/wp-json\/wp\/v2\/categories?post=939"},{"taxonomy":"post_tag","embeddable":true,"href":"https:\/\/228news.tg\/index.php\/wp-json\/wp\/v2\/tags?post=939"}],"curies":[{"name":"wp","href":"https:\/\/api.w.org\/{rel}","templated":true}]}}