{"id":868,"date":"2017-09-18T00:00:00","date_gmt":"2017-09-18T00:00:00","guid":{"rendered":"https:\/\/228news.tg\/index.php\/2017\/09\/18\/centre-aere-de-vacances-2017-le-ministre-guy-madze-lorenzo-cloture-les-activites\/"},"modified":"2017-09-18T00:00:00","modified_gmt":"2017-09-18T00:00:00","slug":"centre-aere-de-vacances-2017-le-ministre-guy-madze-lorenzo-cloture-les-activites","status":"publish","type":"post","link":"https:\/\/228news.tg\/index.php\/2017\/09\/18\/centre-aere-de-vacances-2017-le-ministre-guy-madze-lorenzo-cloture-les-activites\/","title":{"rendered":"Centre a\u00e9r\u00e9 de vacances 2017: Le ministre Guy Madz\u00e9 Lorenzo cl\u00f4ture les activit\u00e9s"},"content":{"rendered":"<p>Le centre a\u00e9r\u00e9 de vacances\u00a02017 a connu son apoth\u00e9ose ce vendredi 15 septembre \u00e0 la Maison des Jeunes Lom\u00e9.<\/p>\n<p>C\u2019\u00e9tait au cours d\u2019une c\u00e9r\u00e9monie pr\u00e9sid\u00e9e par le ministre charg\u00e9 de la communication et de la culture, Guy Madj\u00e9 Lorenzo, et qui a enr\u00e9gistr\u00e9\u00a0 la pr\u00e9sence de sa coll\u00e8gue de l\u2019action sociale , Tchabinandi Yentchar\u00e9-Kolani, ainsi que d\u2019autres personnalit\u00e9s politiques, diplomatiques,\u2026<\/p>\n<p>Les deux ministres ont, \u00e0 cette occasion prodigu\u00e9 de sages conseils \u00e0 la jeunesse r\u00e9unie durant les deux (2) semaines qu\u2019ont dur\u00e9 les activit\u00e9s du centre cette ann\u00e9e.<\/p>\n<p><em>\u00ab\u00a0Vous \u00eates chacun une chance pour les autres\u2026 Continuez \u00e0 cultiver les valeurs de citoyennet\u00e9, de tol\u00e9rance, de paix\u00a0\u00bb<\/em>, a par exemple d\u00e9clar\u00e9 la ministre de l\u2019action sociale aux jeunes r\u00e9unis.<\/p>\n<p>D\u2019un total de 532 participants, ces jeunes ont \u00e9t\u00e9 rassembl\u00e9s depuis le 04 septembre dernier autour d\u2019au moins deux m\u00e9tiers librement choisis entre\u00a0la d\u00e9coration de chaussures, la pr\u00e9paration de savon liquide, la fabrication de perles, la s\u00e9rigraphie, l\u2019art culinaire et l\u2019informatique.<\/p>\n<p>Ils ont \u00e9galement b\u00e9n\u00e9fici\u00e9 des communications et sensibilisations autours des valeurs du civisme, de la citoyennet\u00e9, de la sant\u00e9 sexuelle, le VIH, l\u2019entrepreneuriat etc.<\/p>\n<p>La c\u00e9r\u00e9monie de cl\u00f4ture a \u00e9t\u00e9 marqu\u00e9e par diverses prestations artistiques, de po\u00e9sies et autres activit\u00e9s inculqu\u00e9es aux jeunes du centre ainsi que la remise des prix d\u2019encouragement aux participants ayant obtenu un bon r\u00e9sultat\u00a0 au cours de l\u2019ann\u00e9e scolaire.<\/p>\n<p>Regroupement de jeunes autour d\u2019activit\u00e9s sportives, manuelles et ludiques pendant une dur\u00e9e de deux semaines, les centres a\u00e9r\u00e9s de vacances \u00a0constituent l\u2019une des composantes du programme \u00abvacances utiles et citoyennes\u00a0\u00bb initi\u00e9e par le minist\u00e8re du d\u00e9veloppement \u00e0 la base, de l\u2019artisanat, de la jeunesse et de l\u2019emploi des jeunes depuis 2011 et qui vise \u00e0 offrir aux jeunes vacanciers, des moments d\u2019apprentissage, de partage\u00a0 et de solidarit\u00e9 mais aussi \u00e0 favoriser le brassage entre eux et \u00e0 promouvoir les valeurs citoyennes de retour dans leur localit\u00e9 respective.<\/p>\n<p>Ils sont ouverts aux jeunes vacanciers \u00e2g\u00e9s de 15 \u00e0 25 ans, ayant un niveau minimum de la classe de 5\u00e8, occupent ces jeunes durant la demi-journ\u00e9e \u00e0 la diff\u00e9rence des colonies de vacances qui ont un caract\u00e8re r\u00e9sidentiel.<\/p>\n<p><strong>D\u00e9mocrate<\/strong><\/p>\n<p><strong>(00228) 91 85 40 14<\/strong><\/p>\n<p><strong>98 60 67 68<\/strong><\/p>\n<p><strong>democrate2010@gmail.com<\/strong><\/p>\n<p>&nbsp;<\/p>\n","protected":false},"excerpt":{"rendered":"<p>Le centre a\u00e9r\u00e9 de vacances\u00a02017 a connu son apoth\u00e9ose ce vendredi 15 septembre \u00e0 la Maison des Jeunes Lom\u00e9. C\u2019\u00e9tait au cours d\u2019une c\u00e9r\u00e9monie pr\u00e9sid\u00e9e par le ministre charg\u00e9 de la communication et de la culture, Guy Madj\u00e9 Lorenzo, et qui a enr\u00e9gistr\u00e9\u00a0 la pr\u00e9sence de sa coll\u00e8gue de l\u2019action sociale , Tchabinandi Yentchar\u00e9-Kolani, ainsi &#8230; <a title=\"Centre a\u00e9r\u00e9 de vacances 2017: Le ministre Guy Madz\u00e9 Lorenzo cl\u00f4ture les activit\u00e9s\" class=\"read-more\" href=\"https:\/\/228news.tg\/index.php\/2017\/09\/18\/centre-aere-de-vacances-2017-le-ministre-guy-madze-lorenzo-cloture-les-activites\/\" aria-label=\"En savoir plus sur Centre a\u00e9r\u00e9 de vacances 2017: Le ministre Guy Madz\u00e9 Lorenzo cl\u00f4ture les activit\u00e9s\">Lire la suite<\/a><\/p>\n","protected":false},"author":2,"featured_media":869,"comment_status":"open","ping_status":"open","sticky":false,"template":"","format":"standard","meta":{"footnotes":""},"categories":[28,25,34],"tags":[],"class_list":["post-868","post","type-post","status-publish","format-standard","has-post-thumbnail","hentry","category-education","category-togo","category-une"],"yoast_head":"<!-- This site is optimized with the Yoast SEO plugin v26.4 - https:\/\/yoast.com\/wordpress\/plugins\/seo\/ -->\n<title>Centre a\u00e9r\u00e9 de vacances 2017: Le ministre Guy Madz\u00e9 Lorenzo cl\u00f4ture les activit\u00e9s - 228 News<\/title>\n<meta name=\"robots\" content=\"index, follow, max-snippet:-1, max-image-preview:large, max-video-preview:-1\" \/>\n<link rel=\"canonical\" href=\"https:\/\/228news.tg\/index.php\/2017\/09\/18\/centre-aere-de-vacances-2017-le-ministre-guy-madze-lorenzo-cloture-les-activites\/\" \/>\n<meta property=\"og:locale\" content=\"fr_FR\" \/>\n<meta property=\"og:type\" content=\"article\" \/>\n<meta property=\"og:title\" content=\"Centre a\u00e9r\u00e9 de vacances 2017: Le ministre Guy Madz\u00e9 Lorenzo cl\u00f4ture les activit\u00e9s - 228 News\" \/>\n<meta property=\"og:description\" content=\"Le centre a\u00e9r\u00e9 de vacances\u00a02017 a connu son apoth\u00e9ose ce vendredi 15 septembre \u00e0 la Maison des Jeunes Lom\u00e9. C\u2019\u00e9tait au cours d\u2019une c\u00e9r\u00e9monie pr\u00e9sid\u00e9e par le ministre charg\u00e9 de la communication et de la culture, Guy Madj\u00e9 Lorenzo, et qui a enr\u00e9gistr\u00e9\u00a0 la pr\u00e9sence de sa coll\u00e8gue de l\u2019action sociale , Tchabinandi Yentchar\u00e9-Kolani, ainsi ... Lire la suite\" \/>\n<meta property=\"og:url\" content=\"https:\/\/228news.tg\/index.php\/2017\/09\/18\/centre-aere-de-vacances-2017-le-ministre-guy-madze-lorenzo-cloture-les-activites\/\" \/>\n<meta property=\"og:site_name\" content=\"228 News\" \/>\n<meta property=\"article:published_time\" content=\"2017-09-18T00:00:00+00:00\" \/>\n<meta property=\"og:image\" content=\"https:\/\/228news.tg\/wp-content\/uploads\/2024\/09\/Centre-aere-vancances-600x400-1.jpg\" \/>\n\t<meta property=\"og:image:width\" content=\"600\" \/>\n\t<meta property=\"og:image:height\" content=\"400\" \/>\n\t<meta property=\"og:image:type\" content=\"image\/jpeg\" \/>\n<meta name=\"author\" content=\"Bienvenu SAVI\" \/>\n<meta name=\"twitter:card\" content=\"summary_large_image\" \/>\n<meta name=\"twitter:label1\" content=\"\u00c9crit par\" \/>\n\t<meta name=\"twitter:data1\" content=\"Bienvenu SAVI\" \/>\n\t<meta name=\"twitter:label2\" content=\"Dur\u00e9e de lecture estim\u00e9e\" \/>\n\t<meta name=\"twitter:data2\" content=\"2 minutes\" \/>\n<script type=\"application\/ld+json\" class=\"yoast-schema-graph\">{\"@context\":\"https:\/\/schema.org\",\"@graph\":[{\"@type\":\"Article\",\"@id\":\"https:\/\/228news.tg\/index.php\/2017\/09\/18\/centre-aere-de-vacances-2017-le-ministre-guy-madze-lorenzo-cloture-les-activites\/#article\",\"isPartOf\":{\"@id\":\"https:\/\/228news.tg\/index.php\/2017\/09\/18\/centre-aere-de-vacances-2017-le-ministre-guy-madze-lorenzo-cloture-les-activites\/\"},\"author\":{\"name\":\"Bienvenu SAVI\",\"@id\":\"https:\/\/228news.tg\/#\/schema\/person\/68d5a6cc0230290e61235c8379523f52\"},\"headline\":\"Centre a\u00e9r\u00e9 de vacances 2017: Le ministre Guy Madz\u00e9 Lorenzo cl\u00f4ture les activit\u00e9s\",\"datePublished\":\"2017-09-18T00:00:00+00:00\",\"mainEntityOfPage\":{\"@id\":\"https:\/\/228news.tg\/index.php\/2017\/09\/18\/centre-aere-de-vacances-2017-le-ministre-guy-madze-lorenzo-cloture-les-activites\/\"},\"wordCount\":416,\"commentCount\":0,\"publisher\":{\"@id\":\"https:\/\/228news.tg\/#organization\"},\"image\":{\"@id\":\"https:\/\/228news.tg\/index.php\/2017\/09\/18\/centre-aere-de-vacances-2017-le-ministre-guy-madze-lorenzo-cloture-les-activites\/#primaryimage\"},\"thumbnailUrl\":\"https:\/\/228news.tg\/wp-content\/uploads\/2024\/09\/Centre-aere-vancances-600x400-1.jpg\",\"articleSection\":[\"EDUCATION\",\"TOGO\",\"Une\"],\"inLanguage\":\"fr-FR\",\"potentialAction\":[{\"@type\":\"CommentAction\",\"name\":\"Comment\",\"target\":[\"https:\/\/228news.tg\/index.php\/2017\/09\/18\/centre-aere-de-vacances-2017-le-ministre-guy-madze-lorenzo-cloture-les-activites\/#respond\"]}]},{\"@type\":\"WebPage\",\"@id\":\"https:\/\/228news.tg\/index.php\/2017\/09\/18\/centre-aere-de-vacances-2017-le-ministre-guy-madze-lorenzo-cloture-les-activites\/\",\"url\":\"https:\/\/228news.tg\/index.php\/2017\/09\/18\/centre-aere-de-vacances-2017-le-ministre-guy-madze-lorenzo-cloture-les-activites\/\",\"name\":\"Centre a\u00e9r\u00e9 de vacances 2017: Le ministre Guy Madz\u00e9 Lorenzo cl\u00f4ture les activit\u00e9s - 228 News\",\"isPartOf\":{\"@id\":\"https:\/\/228news.tg\/#website\"},\"primaryImageOfPage\":{\"@id\":\"https:\/\/228news.tg\/index.php\/2017\/09\/18\/centre-aere-de-vacances-2017-le-ministre-guy-madze-lorenzo-cloture-les-activites\/#primaryimage\"},\"image\":{\"@id\":\"https:\/\/228news.tg\/index.php\/2017\/09\/18\/centre-aere-de-vacances-2017-le-ministre-guy-madze-lorenzo-cloture-les-activites\/#primaryimage\"},\"thumbnailUrl\":\"https:\/\/228news.tg\/wp-content\/uploads\/2024\/09\/Centre-aere-vancances-600x400-1.jpg\",\"datePublished\":\"2017-09-18T00:00:00+00:00\",\"breadcrumb\":{\"@id\":\"https:\/\/228news.tg\/index.php\/2017\/09\/18\/centre-aere-de-vacances-2017-le-ministre-guy-madze-lorenzo-cloture-les-activites\/#breadcrumb\"},\"inLanguage\":\"fr-FR\",\"potentialAction\":[{\"@type\":\"ReadAction\",\"target\":[\"https:\/\/228news.tg\/index.php\/2017\/09\/18\/centre-aere-de-vacances-2017-le-ministre-guy-madze-lorenzo-cloture-les-activites\/\"]}]},{\"@type\":\"ImageObject\",\"inLanguage\":\"fr-FR\",\"@id\":\"https:\/\/228news.tg\/index.php\/2017\/09\/18\/centre-aere-de-vacances-2017-le-ministre-guy-madze-lorenzo-cloture-les-activites\/#primaryimage\",\"url\":\"https:\/\/228news.tg\/wp-content\/uploads\/2024\/09\/Centre-aere-vancances-600x400-1.jpg\",\"contentUrl\":\"https:\/\/228news.tg\/wp-content\/uploads\/2024\/09\/Centre-aere-vancances-600x400-1.jpg\",\"width\":600,\"height\":400},{\"@type\":\"BreadcrumbList\",\"@id\":\"https:\/\/228news.tg\/index.php\/2017\/09\/18\/centre-aere-de-vacances-2017-le-ministre-guy-madze-lorenzo-cloture-les-activites\/#breadcrumb\",\"itemListElement\":[{\"@type\":\"ListItem\",\"position\":1,\"name\":\"Home\",\"item\":\"https:\/\/228news.tg\/\"},{\"@type\":\"ListItem\",\"position\":2,\"name\":\"Centre a\u00e9r\u00e9 de vacances 2017: Le ministre Guy Madz\u00e9 Lorenzo cl\u00f4ture les activit\u00e9s\"}]},{\"@type\":\"WebSite\",\"@id\":\"https:\/\/228news.tg\/#website\",\"url\":\"https:\/\/228news.tg\/\",\"name\":\"228 News\",\"description\":\"Soci\u00e9t\u00e9 de m\u00e9dias et d\u2019actualit\u00e9s\",\"publisher\":{\"@id\":\"https:\/\/228news.tg\/#organization\"},\"potentialAction\":[{\"@type\":\"SearchAction\",\"target\":{\"@type\":\"EntryPoint\",\"urlTemplate\":\"https:\/\/228news.tg\/?s={search_term_string}\"},\"query-input\":{\"@type\":\"PropertyValueSpecification\",\"valueRequired\":true,\"valueName\":\"search_term_string\"}}],\"inLanguage\":\"fr-FR\"},{\"@type\":\"Organization\",\"@id\":\"https:\/\/228news.tg\/#organization\",\"name\":\"228 News\",\"url\":\"https:\/\/228news.tg\/\",\"logo\":{\"@type\":\"ImageObject\",\"inLanguage\":\"fr-FR\",\"@id\":\"https:\/\/228news.tg\/#\/schema\/logo\/image\/\",\"url\":\"https:\/\/228news.tg\/wp-content\/uploads\/2024\/09\/logonew.png\",\"contentUrl\":\"https:\/\/228news.tg\/wp-content\/uploads\/2024\/09\/logonew.png\",\"width\":1640,\"height\":364,\"caption\":\"228 News\"},\"image\":{\"@id\":\"https:\/\/228news.tg\/#\/schema\/logo\/image\/\"}},{\"@type\":\"Person\",\"@id\":\"https:\/\/228news.tg\/#\/schema\/person\/68d5a6cc0230290e61235c8379523f52\",\"name\":\"Bienvenu SAVI\",\"image\":{\"@type\":\"ImageObject\",\"inLanguage\":\"fr-FR\",\"@id\":\"https:\/\/228news.tg\/#\/schema\/person\/image\/\",\"url\":\"https:\/\/secure.gravatar.com\/avatar\/9db91895c559e510509c33a3e9683998458e9b828fac36d5d1aa23f0f2fd369b?s=96&d=mm&r=g\",\"contentUrl\":\"https:\/\/secure.gravatar.com\/avatar\/9db91895c559e510509c33a3e9683998458e9b828fac36d5d1aa23f0f2fd369b?s=96&d=mm&r=g\",\"caption\":\"Bienvenu SAVI\"},\"url\":\"https:\/\/228news.tg\/index.php\/author\/bienvenu\/\"}]}<\/script>\n<!-- \/ Yoast SEO plugin. -->","yoast_head_json":{"title":"Centre a\u00e9r\u00e9 de vacances 2017: Le ministre Guy Madz\u00e9 Lorenzo cl\u00f4ture les activit\u00e9s - 228 News","robots":{"index":"index","follow":"follow","max-snippet":"max-snippet:-1","max-image-preview":"max-image-preview:large","max-video-preview":"max-video-preview:-1"},"canonical":"https:\/\/228news.tg\/index.php\/2017\/09\/18\/centre-aere-de-vacances-2017-le-ministre-guy-madze-lorenzo-cloture-les-activites\/","og_locale":"fr_FR","og_type":"article","og_title":"Centre a\u00e9r\u00e9 de vacances 2017: Le ministre Guy Madz\u00e9 Lorenzo cl\u00f4ture les activit\u00e9s - 228 News","og_description":"Le centre a\u00e9r\u00e9 de vacances\u00a02017 a connu son apoth\u00e9ose ce vendredi 15 septembre \u00e0 la Maison des Jeunes Lom\u00e9. C\u2019\u00e9tait au cours d\u2019une c\u00e9r\u00e9monie pr\u00e9sid\u00e9e par le ministre charg\u00e9 de la communication et de la culture, Guy Madj\u00e9 Lorenzo, et qui a enr\u00e9gistr\u00e9\u00a0 la pr\u00e9sence de sa coll\u00e8gue de l\u2019action sociale , Tchabinandi Yentchar\u00e9-Kolani, ainsi ... Lire la suite","og_url":"https:\/\/228news.tg\/index.php\/2017\/09\/18\/centre-aere-de-vacances-2017-le-ministre-guy-madze-lorenzo-cloture-les-activites\/","og_site_name":"228 News","article_published_time":"2017-09-18T00:00:00+00:00","og_image":[{"width":600,"height":400,"url":"https:\/\/228news.tg\/wp-content\/uploads\/2024\/09\/Centre-aere-vancances-600x400-1.jpg","type":"image\/jpeg"}],"author":"Bienvenu SAVI","twitter_card":"summary_large_image","twitter_misc":{"\u00c9crit par":"Bienvenu SAVI","Dur\u00e9e de lecture estim\u00e9e":"2 minutes"},"schema":{"@context":"https:\/\/schema.org","@graph":[{"@type":"Article","@id":"https:\/\/228news.tg\/index.php\/2017\/09\/18\/centre-aere-de-vacances-2017-le-ministre-guy-madze-lorenzo-cloture-les-activites\/#article","isPartOf":{"@id":"https:\/\/228news.tg\/index.php\/2017\/09\/18\/centre-aere-de-vacances-2017-le-ministre-guy-madze-lorenzo-cloture-les-activites\/"},"author":{"name":"Bienvenu SAVI","@id":"https:\/\/228news.tg\/#\/schema\/person\/68d5a6cc0230290e61235c8379523f52"},"headline":"Centre a\u00e9r\u00e9 de vacances 2017: Le ministre Guy Madz\u00e9 Lorenzo cl\u00f4ture les activit\u00e9s","datePublished":"2017-09-18T00:00:00+00:00","mainEntityOfPage":{"@id":"https:\/\/228news.tg\/index.php\/2017\/09\/18\/centre-aere-de-vacances-2017-le-ministre-guy-madze-lorenzo-cloture-les-activites\/"},"wordCount":416,"commentCount":0,"publisher":{"@id":"https:\/\/228news.tg\/#organization"},"image":{"@id":"https:\/\/228news.tg\/index.php\/2017\/09\/18\/centre-aere-de-vacances-2017-le-ministre-guy-madze-lorenzo-cloture-les-activites\/#primaryimage"},"thumbnailUrl":"https:\/\/228news.tg\/wp-content\/uploads\/2024\/09\/Centre-aere-vancances-600x400-1.jpg","articleSection":["EDUCATION","TOGO","Une"],"inLanguage":"fr-FR","potentialAction":[{"@type":"CommentAction","name":"Comment","target":["https:\/\/228news.tg\/index.php\/2017\/09\/18\/centre-aere-de-vacances-2017-le-ministre-guy-madze-lorenzo-cloture-les-activites\/#respond"]}]},{"@type":"WebPage","@id":"https:\/\/228news.tg\/index.php\/2017\/09\/18\/centre-aere-de-vacances-2017-le-ministre-guy-madze-lorenzo-cloture-les-activites\/","url":"https:\/\/228news.tg\/index.php\/2017\/09\/18\/centre-aere-de-vacances-2017-le-ministre-guy-madze-lorenzo-cloture-les-activites\/","name":"Centre a\u00e9r\u00e9 de vacances 2017: Le ministre Guy Madz\u00e9 Lorenzo cl\u00f4ture les activit\u00e9s - 228 News","isPartOf":{"@id":"https:\/\/228news.tg\/#website"},"primaryImageOfPage":{"@id":"https:\/\/228news.tg\/index.php\/2017\/09\/18\/centre-aere-de-vacances-2017-le-ministre-guy-madze-lorenzo-cloture-les-activites\/#primaryimage"},"image":{"@id":"https:\/\/228news.tg\/index.php\/2017\/09\/18\/centre-aere-de-vacances-2017-le-ministre-guy-madze-lorenzo-cloture-les-activites\/#primaryimage"},"thumbnailUrl":"https:\/\/228news.tg\/wp-content\/uploads\/2024\/09\/Centre-aere-vancances-600x400-1.jpg","datePublished":"2017-09-18T00:00:00+00:00","breadcrumb":{"@id":"https:\/\/228news.tg\/index.php\/2017\/09\/18\/centre-aere-de-vacances-2017-le-ministre-guy-madze-lorenzo-cloture-les-activites\/#breadcrumb"},"inLanguage":"fr-FR","potentialAction":[{"@type":"ReadAction","target":["https:\/\/228news.tg\/index.php\/2017\/09\/18\/centre-aere-de-vacances-2017-le-ministre-guy-madze-lorenzo-cloture-les-activites\/"]}]},{"@type":"ImageObject","inLanguage":"fr-FR","@id":"https:\/\/228news.tg\/index.php\/2017\/09\/18\/centre-aere-de-vacances-2017-le-ministre-guy-madze-lorenzo-cloture-les-activites\/#primaryimage","url":"https:\/\/228news.tg\/wp-content\/uploads\/2024\/09\/Centre-aere-vancances-600x400-1.jpg","contentUrl":"https:\/\/228news.tg\/wp-content\/uploads\/2024\/09\/Centre-aere-vancances-600x400-1.jpg","width":600,"height":400},{"@type":"BreadcrumbList","@id":"https:\/\/228news.tg\/index.php\/2017\/09\/18\/centre-aere-de-vacances-2017-le-ministre-guy-madze-lorenzo-cloture-les-activites\/#breadcrumb","itemListElement":[{"@type":"ListItem","position":1,"name":"Home","item":"https:\/\/228news.tg\/"},{"@type":"ListItem","position":2,"name":"Centre a\u00e9r\u00e9 de vacances 2017: Le ministre Guy Madz\u00e9 Lorenzo cl\u00f4ture les activit\u00e9s"}]},{"@type":"WebSite","@id":"https:\/\/228news.tg\/#website","url":"https:\/\/228news.tg\/","name":"228 News","description":"Soci\u00e9t\u00e9 de m\u00e9dias et d\u2019actualit\u00e9s","publisher":{"@id":"https:\/\/228news.tg\/#organization"},"potentialAction":[{"@type":"SearchAction","target":{"@type":"EntryPoint","urlTemplate":"https:\/\/228news.tg\/?s={search_term_string}"},"query-input":{"@type":"PropertyValueSpecification","valueRequired":true,"valueName":"search_term_string"}}],"inLanguage":"fr-FR"},{"@type":"Organization","@id":"https:\/\/228news.tg\/#organization","name":"228 News","url":"https:\/\/228news.tg\/","logo":{"@type":"ImageObject","inLanguage":"fr-FR","@id":"https:\/\/228news.tg\/#\/schema\/logo\/image\/","url":"https:\/\/228news.tg\/wp-content\/uploads\/2024\/09\/logonew.png","contentUrl":"https:\/\/228news.tg\/wp-content\/uploads\/2024\/09\/logonew.png","width":1640,"height":364,"caption":"228 News"},"image":{"@id":"https:\/\/228news.tg\/#\/schema\/logo\/image\/"}},{"@type":"Person","@id":"https:\/\/228news.tg\/#\/schema\/person\/68d5a6cc0230290e61235c8379523f52","name":"Bienvenu SAVI","image":{"@type":"ImageObject","inLanguage":"fr-FR","@id":"https:\/\/228news.tg\/#\/schema\/person\/image\/","url":"https:\/\/secure.gravatar.com\/avatar\/9db91895c559e510509c33a3e9683998458e9b828fac36d5d1aa23f0f2fd369b?s=96&d=mm&r=g","contentUrl":"https:\/\/secure.gravatar.com\/avatar\/9db91895c559e510509c33a3e9683998458e9b828fac36d5d1aa23f0f2fd369b?s=96&d=mm&r=g","caption":"Bienvenu SAVI"},"url":"https:\/\/228news.tg\/index.php\/author\/bienvenu\/"}]}},"jetpack_featured_media_url":"https:\/\/228news.tg\/wp-content\/uploads\/2024\/09\/Centre-aere-vancances-600x400-1.jpg","_links":{"self":[{"href":"https:\/\/228news.tg\/index.php\/wp-json\/wp\/v2\/posts\/868","targetHints":{"allow":["GET"]}}],"collection":[{"href":"https:\/\/228news.tg\/index.php\/wp-json\/wp\/v2\/posts"}],"about":[{"href":"https:\/\/228news.tg\/index.php\/wp-json\/wp\/v2\/types\/post"}],"author":[{"embeddable":true,"href":"https:\/\/228news.tg\/index.php\/wp-json\/wp\/v2\/users\/2"}],"replies":[{"embeddable":true,"href":"https:\/\/228news.tg\/index.php\/wp-json\/wp\/v2\/comments?post=868"}],"version-history":[{"count":0,"href":"https:\/\/228news.tg\/index.php\/wp-json\/wp\/v2\/posts\/868\/revisions"}],"wp:featuredmedia":[{"embeddable":true,"href":"https:\/\/228news.tg\/index.php\/wp-json\/wp\/v2\/media\/869"}],"wp:attachment":[{"href":"https:\/\/228news.tg\/index.php\/wp-json\/wp\/v2\/media?parent=868"}],"wp:term":[{"taxonomy":"category","embeddable":true,"href":"https:\/\/228news.tg\/index.php\/wp-json\/wp\/v2\/categories?post=868"},{"taxonomy":"post_tag","embeddable":true,"href":"https:\/\/228news.tg\/index.php\/wp-json\/wp\/v2\/tags?post=868"}],"curies":[{"name":"wp","href":"https:\/\/api.w.org\/{rel}","templated":true}]}}