{"id":860,"date":"2017-09-14T00:00:00","date_gmt":"2017-09-14T00:00:00","guid":{"rendered":"https:\/\/228news.tg\/index.php\/2017\/09\/14\/retour-a-la-constitution-de-1992-droit-de-vote-de-la-diaspora-le-togo-dans-la-fievre-des-manifestations-publiques-le-collectif-de-la-majorite-presidentielle-appelle-a-preserver-la-paix-e\/"},"modified":"2017-09-14T00:00:00","modified_gmt":"2017-09-14T00:00:00","slug":"retour-a-la-constitution-de-1992-droit-de-vote-de-la-diaspora-le-togo-dans-la-fievre-des-manifestations-publiques-le-collectif-de-la-majorite-presidentielle-appelle-a-preserver-la-paix-e","status":"publish","type":"post","link":"https:\/\/228news.tg\/index.php\/2017\/09\/14\/retour-a-la-constitution-de-1992-droit-de-vote-de-la-diaspora-le-togo-dans-la-fievre-des-manifestations-publiques-le-collectif-de-la-majorite-presidentielle-appelle-a-preserver-la-paix-e\/","title":{"rendered":"Retour \u00e0 la constitution de 1992, droit de vote de la diaspora,\u2026, le Togo dans la fi\u00e8vre des manifestations publiques : Le collectif de la majorit\u00e9 pr\u00e9sidentielle appelle \u00e0 pr\u00e9server la paix et l\u2019unit\u00e9 nationale"},"content":{"rendered":"<p>&nbsp;<\/p>\n<p>Depuis le 06 septembre, la plupart des grandes villes du Togo sont secou\u00e9es par des manifestations publiques des populations r\u00e9pondant \u00e0 l\u2019appel des partis de l\u2019opposition notamment le groupe des six (6), le Combat pour l\u2019Alternance Politique (CAP) en 2015, le Comit\u00e9 d\u2019Action pour le Renouveau (CAR) et le Parti National Panafricain (PNP). Ces manifestations pr\u00e9vues pour deux jours ont mobilis\u00e9 des centaines de milliers de togolais sur l\u2019ensemble du pays et ont pour principales revendications, le retour \u00e0 la constitution de 1992, les r\u00e9formes politiques, constitutionnelles, institutionnelles et \u00e9lectorales, le vote de la diaspora,\u2026.<\/p>\n<p>En r\u00e9ponse \u00e0 ces manifs, les associations et mouvements r\u00e9unis au sein du collectif de la majorit\u00e9 pr\u00e9sidentielle ont \u00e9galement organis\u00e9 deux meetings ces m\u00eames journ\u00e9es afin de lancer un appel \u00e0 la paix. Ces meeting ont \u00e9galement pour but d\u2019exprimer les vives inqui\u00e9tudes d\u2019une partie du peuple devant la \u00a0d\u00e9gradation du climat social, qui r\u00e9sulte \u00ab\u00a0de la d\u00e9marche anti-d\u00e9mocratique, adopt\u00e9e par l\u2019opposition et visant \u00e0 cr\u00e9er et exploiter les conditions d\u2019une insurrection populaire, au d\u00e9triment de l\u2019ordre constitutionnel\u00a0\u00bb, selon le collectif des associations et mouvements de la majorit\u00e9 pr\u00e9sidentielle.<\/p>\n<p>\u00ab\u00a0La paix ch\u00e8rement acquise par le Togo est fortement menac\u00e9e en l\u2019\u00e9tat actuel et il est important que tous les togolais en soient conscient. Tout comme nos fr\u00e8res de l\u2019opposition, le parti au pouvoir est dans la dynamique d\u2019op\u00e9rer des r\u00e9formes. Mais cela ne peut se faire que par le dialogue, le respect mutuel et dans la tranquillit\u00e9 et non la violence\u00a0\u00bb, pr\u00e9vient jean Atchol\u00e9, pr\u00e9sident de l\u2019Association pour la Promotion de la Jeunesse, membre du collectif de la majorit\u00e9 pr\u00e9sidentielle.<\/p>\n<p>Le pouvoir pr\u00e9vient \u00e9galement l\u2019opposition de toute tentative de d\u00e9stabilisation du pays par la force et lance un appel \u00e0 cette derni\u00e8re \u00e0 ne pas c\u00e9der \u00e0 l\u2019extr\u00e9misme politique.<\/p>\n<p><strong>228news<\/strong><\/p>\n<p>&nbsp;<\/p>\n","protected":false},"excerpt":{"rendered":"<p>&nbsp; Depuis le 06 septembre, la plupart des grandes villes du Togo sont secou\u00e9es par des manifestations publiques des populations r\u00e9pondant \u00e0 l\u2019appel des partis de l\u2019opposition notamment le groupe des six (6), le Combat pour l\u2019Alternance Politique (CAP) en 2015, le Comit\u00e9 d\u2019Action pour le Renouveau (CAR) et le Parti National Panafricain (PNP). Ces &#8230; <a title=\"Retour \u00e0 la constitution de 1992, droit de vote de la diaspora,\u2026, le Togo dans la fi\u00e8vre des manifestations publiques : Le collectif de la majorit\u00e9 pr\u00e9sidentielle appelle \u00e0 pr\u00e9server la paix et l\u2019unit\u00e9 nationale\" class=\"read-more\" href=\"https:\/\/228news.tg\/index.php\/2017\/09\/14\/retour-a-la-constitution-de-1992-droit-de-vote-de-la-diaspora-le-togo-dans-la-fievre-des-manifestations-publiques-le-collectif-de-la-majorite-presidentielle-appelle-a-preserver-la-paix-e\/\" aria-label=\"En savoir plus sur Retour \u00e0 la constitution de 1992, droit de vote de la diaspora,\u2026, le Togo dans la fi\u00e8vre des manifestations publiques : Le collectif de la majorit\u00e9 pr\u00e9sidentielle appelle \u00e0 pr\u00e9server la paix et l\u2019unit\u00e9 nationale\">Lire la suite<\/a><\/p>\n","protected":false},"author":2,"featured_media":861,"comment_status":"open","ping_status":"open","sticky":false,"template":"","format":"standard","meta":{"footnotes":""},"categories":[35,33,25,34],"tags":[],"class_list":["post-860","post","type-post","status-publish","format-standard","has-post-thumbnail","hentry","category-flash","category-politique","category-togo","category-une"],"yoast_head":"<!-- This site is optimized with the Yoast SEO plugin v26.4 - https:\/\/yoast.com\/wordpress\/plugins\/seo\/ -->\n<title>Retour \u00e0 la constitution de 1992, droit de vote de la diaspora,\u2026, le Togo dans la fi\u00e8vre des manifestations publiques : Le collectif de la majorit\u00e9 pr\u00e9sidentielle appelle \u00e0 pr\u00e9server la paix et l\u2019unit\u00e9 nationale - 228 News<\/title>\n<meta name=\"robots\" content=\"index, follow, max-snippet:-1, max-image-preview:large, max-video-preview:-1\" \/>\n<link rel=\"canonical\" href=\"https:\/\/228news.tg\/index.php\/2017\/09\/14\/retour-a-la-constitution-de-1992-droit-de-vote-de-la-diaspora-le-togo-dans-la-fievre-des-manifestations-publiques-le-collectif-de-la-majorite-presidentielle-appelle-a-preserver-la-paix-e\/\" \/>\n<meta property=\"og:locale\" content=\"fr_FR\" \/>\n<meta property=\"og:type\" content=\"article\" \/>\n<meta property=\"og:title\" content=\"Retour \u00e0 la constitution de 1992, droit de vote de la diaspora,\u2026, le Togo dans la fi\u00e8vre des manifestations publiques : Le collectif de la majorit\u00e9 pr\u00e9sidentielle appelle \u00e0 pr\u00e9server la paix et l\u2019unit\u00e9 nationale - 228 News\" \/>\n<meta property=\"og:description\" content=\"&nbsp; Depuis le 06 septembre, la plupart des grandes villes du Togo sont secou\u00e9es par des manifestations publiques des populations r\u00e9pondant \u00e0 l\u2019appel des partis de l\u2019opposition notamment le groupe des six (6), le Combat pour l\u2019Alternance Politique (CAP) en 2015, le Comit\u00e9 d\u2019Action pour le Renouveau (CAR) et le Parti National Panafricain (PNP). Ces ... Lire la suite\" \/>\n<meta property=\"og:url\" content=\"https:\/\/228news.tg\/index.php\/2017\/09\/14\/retour-a-la-constitution-de-1992-droit-de-vote-de-la-diaspora-le-togo-dans-la-fievre-des-manifestations-publiques-le-collectif-de-la-majorite-presidentielle-appelle-a-preserver-la-paix-e\/\" \/>\n<meta property=\"og:site_name\" content=\"228 News\" \/>\n<meta property=\"article:published_time\" content=\"2017-09-14T00:00:00+00:00\" \/>\n<meta property=\"og:image\" content=\"https:\/\/228news.tg\/wp-content\/uploads\/2024\/09\/9788773a0398cd08077913047b774c28_L.jpg\" \/>\n\t<meta property=\"og:image:width\" content=\"550\" \/>\n\t<meta property=\"og:image:height\" content=\"367\" \/>\n\t<meta property=\"og:image:type\" content=\"image\/jpeg\" \/>\n<meta name=\"author\" content=\"Bienvenu SAVI\" \/>\n<meta name=\"twitter:card\" content=\"summary_large_image\" \/>\n<meta name=\"twitter:label1\" content=\"\u00c9crit par\" \/>\n\t<meta name=\"twitter:data1\" content=\"Bienvenu SAVI\" \/>\n\t<meta name=\"twitter:label2\" content=\"Dur\u00e9e de lecture estim\u00e9e\" \/>\n\t<meta name=\"twitter:data2\" content=\"2 minutes\" \/>\n<script type=\"application\/ld+json\" class=\"yoast-schema-graph\">{\"@context\":\"https:\/\/schema.org\",\"@graph\":[{\"@type\":\"Article\",\"@id\":\"https:\/\/228news.tg\/index.php\/2017\/09\/14\/retour-a-la-constitution-de-1992-droit-de-vote-de-la-diaspora-le-togo-dans-la-fievre-des-manifestations-publiques-le-collectif-de-la-majorite-presidentielle-appelle-a-preserver-la-paix-e\/#article\",\"isPartOf\":{\"@id\":\"https:\/\/228news.tg\/index.php\/2017\/09\/14\/retour-a-la-constitution-de-1992-droit-de-vote-de-la-diaspora-le-togo-dans-la-fievre-des-manifestations-publiques-le-collectif-de-la-majorite-presidentielle-appelle-a-preserver-la-paix-e\/\"},\"author\":{\"name\":\"Bienvenu SAVI\",\"@id\":\"https:\/\/228news.tg\/#\/schema\/person\/68d5a6cc0230290e61235c8379523f52\"},\"headline\":\"Retour \u00e0 la constitution de 1992, droit de vote de la diaspora,\u2026, le Togo dans la fi\u00e8vre des manifestations publiques : Le collectif de la majorit\u00e9 pr\u00e9sidentielle appelle \u00e0 pr\u00e9server la paix et l\u2019unit\u00e9 nationale\",\"datePublished\":\"2017-09-14T00:00:00+00:00\",\"mainEntityOfPage\":{\"@id\":\"https:\/\/228news.tg\/index.php\/2017\/09\/14\/retour-a-la-constitution-de-1992-droit-de-vote-de-la-diaspora-le-togo-dans-la-fievre-des-manifestations-publiques-le-collectif-de-la-majorite-presidentielle-appelle-a-preserver-la-paix-e\/\"},\"wordCount\":368,\"commentCount\":0,\"publisher\":{\"@id\":\"https:\/\/228news.tg\/#organization\"},\"image\":{\"@id\":\"https:\/\/228news.tg\/index.php\/2017\/09\/14\/retour-a-la-constitution-de-1992-droit-de-vote-de-la-diaspora-le-togo-dans-la-fievre-des-manifestations-publiques-le-collectif-de-la-majorite-presidentielle-appelle-a-preserver-la-paix-e\/#primaryimage\"},\"thumbnailUrl\":\"https:\/\/228news.tg\/wp-content\/uploads\/2024\/09\/9788773a0398cd08077913047b774c28_L.jpg\",\"articleSection\":[\"Flash\",\"POLITIQUE\",\"TOGO\",\"Une\"],\"inLanguage\":\"fr-FR\",\"potentialAction\":[{\"@type\":\"CommentAction\",\"name\":\"Comment\",\"target\":[\"https:\/\/228news.tg\/index.php\/2017\/09\/14\/retour-a-la-constitution-de-1992-droit-de-vote-de-la-diaspora-le-togo-dans-la-fievre-des-manifestations-publiques-le-collectif-de-la-majorite-presidentielle-appelle-a-preserver-la-paix-e\/#respond\"]}]},{\"@type\":\"WebPage\",\"@id\":\"https:\/\/228news.tg\/index.php\/2017\/09\/14\/retour-a-la-constitution-de-1992-droit-de-vote-de-la-diaspora-le-togo-dans-la-fievre-des-manifestations-publiques-le-collectif-de-la-majorite-presidentielle-appelle-a-preserver-la-paix-e\/\",\"url\":\"https:\/\/228news.tg\/index.php\/2017\/09\/14\/retour-a-la-constitution-de-1992-droit-de-vote-de-la-diaspora-le-togo-dans-la-fievre-des-manifestations-publiques-le-collectif-de-la-majorite-presidentielle-appelle-a-preserver-la-paix-e\/\",\"name\":\"Retour \u00e0 la constitution de 1992, droit de vote de la diaspora,\u2026, le Togo dans la fi\u00e8vre des manifestations publiques : Le collectif de la majorit\u00e9 pr\u00e9sidentielle appelle \u00e0 pr\u00e9server la paix et l\u2019unit\u00e9 nationale - 228 News\",\"isPartOf\":{\"@id\":\"https:\/\/228news.tg\/#website\"},\"primaryImageOfPage\":{\"@id\":\"https:\/\/228news.tg\/index.php\/2017\/09\/14\/retour-a-la-constitution-de-1992-droit-de-vote-de-la-diaspora-le-togo-dans-la-fievre-des-manifestations-publiques-le-collectif-de-la-majorite-presidentielle-appelle-a-preserver-la-paix-e\/#primaryimage\"},\"image\":{\"@id\":\"https:\/\/228news.tg\/index.php\/2017\/09\/14\/retour-a-la-constitution-de-1992-droit-de-vote-de-la-diaspora-le-togo-dans-la-fievre-des-manifestations-publiques-le-collectif-de-la-majorite-presidentielle-appelle-a-preserver-la-paix-e\/#primaryimage\"},\"thumbnailUrl\":\"https:\/\/228news.tg\/wp-content\/uploads\/2024\/09\/9788773a0398cd08077913047b774c28_L.jpg\",\"datePublished\":\"2017-09-14T00:00:00+00:00\",\"breadcrumb\":{\"@id\":\"https:\/\/228news.tg\/index.php\/2017\/09\/14\/retour-a-la-constitution-de-1992-droit-de-vote-de-la-diaspora-le-togo-dans-la-fievre-des-manifestations-publiques-le-collectif-de-la-majorite-presidentielle-appelle-a-preserver-la-paix-e\/#breadcrumb\"},\"inLanguage\":\"fr-FR\",\"potentialAction\":[{\"@type\":\"ReadAction\",\"target\":[\"https:\/\/228news.tg\/index.php\/2017\/09\/14\/retour-a-la-constitution-de-1992-droit-de-vote-de-la-diaspora-le-togo-dans-la-fievre-des-manifestations-publiques-le-collectif-de-la-majorite-presidentielle-appelle-a-preserver-la-paix-e\/\"]}]},{\"@type\":\"ImageObject\",\"inLanguage\":\"fr-FR\",\"@id\":\"https:\/\/228news.tg\/index.php\/2017\/09\/14\/retour-a-la-constitution-de-1992-droit-de-vote-de-la-diaspora-le-togo-dans-la-fievre-des-manifestations-publiques-le-collectif-de-la-majorite-presidentielle-appelle-a-preserver-la-paix-e\/#primaryimage\",\"url\":\"https:\/\/228news.tg\/wp-content\/uploads\/2024\/09\/9788773a0398cd08077913047b774c28_L.jpg\",\"contentUrl\":\"https:\/\/228news.tg\/wp-content\/uploads\/2024\/09\/9788773a0398cd08077913047b774c28_L.jpg\",\"width\":550,\"height\":367},{\"@type\":\"BreadcrumbList\",\"@id\":\"https:\/\/228news.tg\/index.php\/2017\/09\/14\/retour-a-la-constitution-de-1992-droit-de-vote-de-la-diaspora-le-togo-dans-la-fievre-des-manifestations-publiques-le-collectif-de-la-majorite-presidentielle-appelle-a-preserver-la-paix-e\/#breadcrumb\",\"itemListElement\":[{\"@type\":\"ListItem\",\"position\":1,\"name\":\"Home\",\"item\":\"https:\/\/228news.tg\/\"},{\"@type\":\"ListItem\",\"position\":2,\"name\":\"Retour \u00e0 la constitution de 1992, droit de vote de la diaspora,\u2026, le Togo dans la fi\u00e8vre des manifestations publiques : Le collectif de la majorit\u00e9 pr\u00e9sidentielle appelle \u00e0 pr\u00e9server la paix et l\u2019unit\u00e9 nationale\"}]},{\"@type\":\"WebSite\",\"@id\":\"https:\/\/228news.tg\/#website\",\"url\":\"https:\/\/228news.tg\/\",\"name\":\"228 News\",\"description\":\"Soci\u00e9t\u00e9 de m\u00e9dias et d\u2019actualit\u00e9s\",\"publisher\":{\"@id\":\"https:\/\/228news.tg\/#organization\"},\"potentialAction\":[{\"@type\":\"SearchAction\",\"target\":{\"@type\":\"EntryPoint\",\"urlTemplate\":\"https:\/\/228news.tg\/?s={search_term_string}\"},\"query-input\":{\"@type\":\"PropertyValueSpecification\",\"valueRequired\":true,\"valueName\":\"search_term_string\"}}],\"inLanguage\":\"fr-FR\"},{\"@type\":\"Organization\",\"@id\":\"https:\/\/228news.tg\/#organization\",\"name\":\"228 News\",\"url\":\"https:\/\/228news.tg\/\",\"logo\":{\"@type\":\"ImageObject\",\"inLanguage\":\"fr-FR\",\"@id\":\"https:\/\/228news.tg\/#\/schema\/logo\/image\/\",\"url\":\"https:\/\/228news.tg\/wp-content\/uploads\/2024\/09\/logonew.png\",\"contentUrl\":\"https:\/\/228news.tg\/wp-content\/uploads\/2024\/09\/logonew.png\",\"width\":1640,\"height\":364,\"caption\":\"228 News\"},\"image\":{\"@id\":\"https:\/\/228news.tg\/#\/schema\/logo\/image\/\"}},{\"@type\":\"Person\",\"@id\":\"https:\/\/228news.tg\/#\/schema\/person\/68d5a6cc0230290e61235c8379523f52\",\"name\":\"Bienvenu SAVI\",\"image\":{\"@type\":\"ImageObject\",\"inLanguage\":\"fr-FR\",\"@id\":\"https:\/\/228news.tg\/#\/schema\/person\/image\/\",\"url\":\"https:\/\/secure.gravatar.com\/avatar\/9db91895c559e510509c33a3e9683998458e9b828fac36d5d1aa23f0f2fd369b?s=96&d=mm&r=g\",\"contentUrl\":\"https:\/\/secure.gravatar.com\/avatar\/9db91895c559e510509c33a3e9683998458e9b828fac36d5d1aa23f0f2fd369b?s=96&d=mm&r=g\",\"caption\":\"Bienvenu SAVI\"},\"url\":\"https:\/\/228news.tg\/index.php\/author\/bienvenu\/\"}]}<\/script>\n<!-- \/ Yoast SEO plugin. -->","yoast_head_json":{"title":"Retour \u00e0 la constitution de 1992, droit de vote de la diaspora,\u2026, le Togo dans la fi\u00e8vre des manifestations publiques : Le collectif de la majorit\u00e9 pr\u00e9sidentielle appelle \u00e0 pr\u00e9server la paix et l\u2019unit\u00e9 nationale - 228 News","robots":{"index":"index","follow":"follow","max-snippet":"max-snippet:-1","max-image-preview":"max-image-preview:large","max-video-preview":"max-video-preview:-1"},"canonical":"https:\/\/228news.tg\/index.php\/2017\/09\/14\/retour-a-la-constitution-de-1992-droit-de-vote-de-la-diaspora-le-togo-dans-la-fievre-des-manifestations-publiques-le-collectif-de-la-majorite-presidentielle-appelle-a-preserver-la-paix-e\/","og_locale":"fr_FR","og_type":"article","og_title":"Retour \u00e0 la constitution de 1992, droit de vote de la diaspora,\u2026, le Togo dans la fi\u00e8vre des manifestations publiques : Le collectif de la majorit\u00e9 pr\u00e9sidentielle appelle \u00e0 pr\u00e9server la paix et l\u2019unit\u00e9 nationale - 228 News","og_description":"&nbsp; Depuis le 06 septembre, la plupart des grandes villes du Togo sont secou\u00e9es par des manifestations publiques des populations r\u00e9pondant \u00e0 l\u2019appel des partis de l\u2019opposition notamment le groupe des six (6), le Combat pour l\u2019Alternance Politique (CAP) en 2015, le Comit\u00e9 d\u2019Action pour le Renouveau (CAR) et le Parti National Panafricain (PNP). Ces ... Lire la suite","og_url":"https:\/\/228news.tg\/index.php\/2017\/09\/14\/retour-a-la-constitution-de-1992-droit-de-vote-de-la-diaspora-le-togo-dans-la-fievre-des-manifestations-publiques-le-collectif-de-la-majorite-presidentielle-appelle-a-preserver-la-paix-e\/","og_site_name":"228 News","article_published_time":"2017-09-14T00:00:00+00:00","og_image":[{"width":550,"height":367,"url":"https:\/\/228news.tg\/wp-content\/uploads\/2024\/09\/9788773a0398cd08077913047b774c28_L.jpg","type":"image\/jpeg"}],"author":"Bienvenu SAVI","twitter_card":"summary_large_image","twitter_misc":{"\u00c9crit par":"Bienvenu SAVI","Dur\u00e9e de lecture estim\u00e9e":"2 minutes"},"schema":{"@context":"https:\/\/schema.org","@graph":[{"@type":"Article","@id":"https:\/\/228news.tg\/index.php\/2017\/09\/14\/retour-a-la-constitution-de-1992-droit-de-vote-de-la-diaspora-le-togo-dans-la-fievre-des-manifestations-publiques-le-collectif-de-la-majorite-presidentielle-appelle-a-preserver-la-paix-e\/#article","isPartOf":{"@id":"https:\/\/228news.tg\/index.php\/2017\/09\/14\/retour-a-la-constitution-de-1992-droit-de-vote-de-la-diaspora-le-togo-dans-la-fievre-des-manifestations-publiques-le-collectif-de-la-majorite-presidentielle-appelle-a-preserver-la-paix-e\/"},"author":{"name":"Bienvenu SAVI","@id":"https:\/\/228news.tg\/#\/schema\/person\/68d5a6cc0230290e61235c8379523f52"},"headline":"Retour \u00e0 la constitution de 1992, droit de vote de la diaspora,\u2026, le Togo dans la fi\u00e8vre des manifestations publiques : Le collectif de la majorit\u00e9 pr\u00e9sidentielle appelle \u00e0 pr\u00e9server la paix et l\u2019unit\u00e9 nationale","datePublished":"2017-09-14T00:00:00+00:00","mainEntityOfPage":{"@id":"https:\/\/228news.tg\/index.php\/2017\/09\/14\/retour-a-la-constitution-de-1992-droit-de-vote-de-la-diaspora-le-togo-dans-la-fievre-des-manifestations-publiques-le-collectif-de-la-majorite-presidentielle-appelle-a-preserver-la-paix-e\/"},"wordCount":368,"commentCount":0,"publisher":{"@id":"https:\/\/228news.tg\/#organization"},"image":{"@id":"https:\/\/228news.tg\/index.php\/2017\/09\/14\/retour-a-la-constitution-de-1992-droit-de-vote-de-la-diaspora-le-togo-dans-la-fievre-des-manifestations-publiques-le-collectif-de-la-majorite-presidentielle-appelle-a-preserver-la-paix-e\/#primaryimage"},"thumbnailUrl":"https:\/\/228news.tg\/wp-content\/uploads\/2024\/09\/9788773a0398cd08077913047b774c28_L.jpg","articleSection":["Flash","POLITIQUE","TOGO","Une"],"inLanguage":"fr-FR","potentialAction":[{"@type":"CommentAction","name":"Comment","target":["https:\/\/228news.tg\/index.php\/2017\/09\/14\/retour-a-la-constitution-de-1992-droit-de-vote-de-la-diaspora-le-togo-dans-la-fievre-des-manifestations-publiques-le-collectif-de-la-majorite-presidentielle-appelle-a-preserver-la-paix-e\/#respond"]}]},{"@type":"WebPage","@id":"https:\/\/228news.tg\/index.php\/2017\/09\/14\/retour-a-la-constitution-de-1992-droit-de-vote-de-la-diaspora-le-togo-dans-la-fievre-des-manifestations-publiques-le-collectif-de-la-majorite-presidentielle-appelle-a-preserver-la-paix-e\/","url":"https:\/\/228news.tg\/index.php\/2017\/09\/14\/retour-a-la-constitution-de-1992-droit-de-vote-de-la-diaspora-le-togo-dans-la-fievre-des-manifestations-publiques-le-collectif-de-la-majorite-presidentielle-appelle-a-preserver-la-paix-e\/","name":"Retour \u00e0 la constitution de 1992, droit de vote de la diaspora,\u2026, le Togo dans la fi\u00e8vre des manifestations publiques : Le collectif de la majorit\u00e9 pr\u00e9sidentielle appelle \u00e0 pr\u00e9server la paix et l\u2019unit\u00e9 nationale - 228 News","isPartOf":{"@id":"https:\/\/228news.tg\/#website"},"primaryImageOfPage":{"@id":"https:\/\/228news.tg\/index.php\/2017\/09\/14\/retour-a-la-constitution-de-1992-droit-de-vote-de-la-diaspora-le-togo-dans-la-fievre-des-manifestations-publiques-le-collectif-de-la-majorite-presidentielle-appelle-a-preserver-la-paix-e\/#primaryimage"},"image":{"@id":"https:\/\/228news.tg\/index.php\/2017\/09\/14\/retour-a-la-constitution-de-1992-droit-de-vote-de-la-diaspora-le-togo-dans-la-fievre-des-manifestations-publiques-le-collectif-de-la-majorite-presidentielle-appelle-a-preserver-la-paix-e\/#primaryimage"},"thumbnailUrl":"https:\/\/228news.tg\/wp-content\/uploads\/2024\/09\/9788773a0398cd08077913047b774c28_L.jpg","datePublished":"2017-09-14T00:00:00+00:00","breadcrumb":{"@id":"https:\/\/228news.tg\/index.php\/2017\/09\/14\/retour-a-la-constitution-de-1992-droit-de-vote-de-la-diaspora-le-togo-dans-la-fievre-des-manifestations-publiques-le-collectif-de-la-majorite-presidentielle-appelle-a-preserver-la-paix-e\/#breadcrumb"},"inLanguage":"fr-FR","potentialAction":[{"@type":"ReadAction","target":["https:\/\/228news.tg\/index.php\/2017\/09\/14\/retour-a-la-constitution-de-1992-droit-de-vote-de-la-diaspora-le-togo-dans-la-fievre-des-manifestations-publiques-le-collectif-de-la-majorite-presidentielle-appelle-a-preserver-la-paix-e\/"]}]},{"@type":"ImageObject","inLanguage":"fr-FR","@id":"https:\/\/228news.tg\/index.php\/2017\/09\/14\/retour-a-la-constitution-de-1992-droit-de-vote-de-la-diaspora-le-togo-dans-la-fievre-des-manifestations-publiques-le-collectif-de-la-majorite-presidentielle-appelle-a-preserver-la-paix-e\/#primaryimage","url":"https:\/\/228news.tg\/wp-content\/uploads\/2024\/09\/9788773a0398cd08077913047b774c28_L.jpg","contentUrl":"https:\/\/228news.tg\/wp-content\/uploads\/2024\/09\/9788773a0398cd08077913047b774c28_L.jpg","width":550,"height":367},{"@type":"BreadcrumbList","@id":"https:\/\/228news.tg\/index.php\/2017\/09\/14\/retour-a-la-constitution-de-1992-droit-de-vote-de-la-diaspora-le-togo-dans-la-fievre-des-manifestations-publiques-le-collectif-de-la-majorite-presidentielle-appelle-a-preserver-la-paix-e\/#breadcrumb","itemListElement":[{"@type":"ListItem","position":1,"name":"Home","item":"https:\/\/228news.tg\/"},{"@type":"ListItem","position":2,"name":"Retour \u00e0 la constitution de 1992, droit de vote de la diaspora,\u2026, le Togo dans la fi\u00e8vre des manifestations publiques : Le collectif de la majorit\u00e9 pr\u00e9sidentielle appelle \u00e0 pr\u00e9server la paix et l\u2019unit\u00e9 nationale"}]},{"@type":"WebSite","@id":"https:\/\/228news.tg\/#website","url":"https:\/\/228news.tg\/","name":"228 News","description":"Soci\u00e9t\u00e9 de m\u00e9dias et d\u2019actualit\u00e9s","publisher":{"@id":"https:\/\/228news.tg\/#organization"},"potentialAction":[{"@type":"SearchAction","target":{"@type":"EntryPoint","urlTemplate":"https:\/\/228news.tg\/?s={search_term_string}"},"query-input":{"@type":"PropertyValueSpecification","valueRequired":true,"valueName":"search_term_string"}}],"inLanguage":"fr-FR"},{"@type":"Organization","@id":"https:\/\/228news.tg\/#organization","name":"228 News","url":"https:\/\/228news.tg\/","logo":{"@type":"ImageObject","inLanguage":"fr-FR","@id":"https:\/\/228news.tg\/#\/schema\/logo\/image\/","url":"https:\/\/228news.tg\/wp-content\/uploads\/2024\/09\/logonew.png","contentUrl":"https:\/\/228news.tg\/wp-content\/uploads\/2024\/09\/logonew.png","width":1640,"height":364,"caption":"228 News"},"image":{"@id":"https:\/\/228news.tg\/#\/schema\/logo\/image\/"}},{"@type":"Person","@id":"https:\/\/228news.tg\/#\/schema\/person\/68d5a6cc0230290e61235c8379523f52","name":"Bienvenu SAVI","image":{"@type":"ImageObject","inLanguage":"fr-FR","@id":"https:\/\/228news.tg\/#\/schema\/person\/image\/","url":"https:\/\/secure.gravatar.com\/avatar\/9db91895c559e510509c33a3e9683998458e9b828fac36d5d1aa23f0f2fd369b?s=96&d=mm&r=g","contentUrl":"https:\/\/secure.gravatar.com\/avatar\/9db91895c559e510509c33a3e9683998458e9b828fac36d5d1aa23f0f2fd369b?s=96&d=mm&r=g","caption":"Bienvenu SAVI"},"url":"https:\/\/228news.tg\/index.php\/author\/bienvenu\/"}]}},"jetpack_featured_media_url":"https:\/\/228news.tg\/wp-content\/uploads\/2024\/09\/9788773a0398cd08077913047b774c28_L.jpg","_links":{"self":[{"href":"https:\/\/228news.tg\/index.php\/wp-json\/wp\/v2\/posts\/860","targetHints":{"allow":["GET"]}}],"collection":[{"href":"https:\/\/228news.tg\/index.php\/wp-json\/wp\/v2\/posts"}],"about":[{"href":"https:\/\/228news.tg\/index.php\/wp-json\/wp\/v2\/types\/post"}],"author":[{"embeddable":true,"href":"https:\/\/228news.tg\/index.php\/wp-json\/wp\/v2\/users\/2"}],"replies":[{"embeddable":true,"href":"https:\/\/228news.tg\/index.php\/wp-json\/wp\/v2\/comments?post=860"}],"version-history":[{"count":0,"href":"https:\/\/228news.tg\/index.php\/wp-json\/wp\/v2\/posts\/860\/revisions"}],"wp:featuredmedia":[{"embeddable":true,"href":"https:\/\/228news.tg\/index.php\/wp-json\/wp\/v2\/media\/861"}],"wp:attachment":[{"href":"https:\/\/228news.tg\/index.php\/wp-json\/wp\/v2\/media?parent=860"}],"wp:term":[{"taxonomy":"category","embeddable":true,"href":"https:\/\/228news.tg\/index.php\/wp-json\/wp\/v2\/categories?post=860"},{"taxonomy":"post_tag","embeddable":true,"href":"https:\/\/228news.tg\/index.php\/wp-json\/wp\/v2\/tags?post=860"}],"curies":[{"name":"wp","href":"https:\/\/api.w.org\/{rel}","templated":true}]}}