{"id":851,"date":"2017-09-14T00:00:00","date_gmt":"2017-09-14T00:00:00","guid":{"rendered":"https:\/\/228news.tg\/index.php\/2017\/09\/14\/1er-salon-idees-de-femmes-agou-prete-pour-celebrer-lentrepreneuriat-et-le-leadership-feminins-du-27-au-30-septembre-prochain\/"},"modified":"2024-09-09T14:03:44","modified_gmt":"2024-09-09T14:03:44","slug":"1er-salon-idees-de-femmes-agou-prete-pour-celebrer-lentrepreneuriat-et-le-leadership-feminins-du-27-au-30-septembre-prochain","status":"publish","type":"post","link":"https:\/\/228news.tg\/index.php\/2017\/09\/14\/1er-salon-idees-de-femmes-agou-prete-pour-celebrer-lentrepreneuriat-et-le-leadership-feminins-du-27-au-30-septembre-prochain\/","title":{"rendered":"1er salon Id\u00e9es de femmes: Agou pr\u00eate\u00a0 pour c\u00e9l\u00e9brer l\u2019entrepreneuriat et le leadership f\u00e9minins du 27 au 30 septembre prochain"},"content":{"rendered":"<p>Tout est fin pr\u00eat pour la tenue du premier salon d\u00e9di\u00e9 \u00e0 l\u2019entrepreneuriat et au leadership f\u00e9minin au Togo. Initiative de Julado Rehoboth, le premier salon \u00ab\u00a0Id\u00e9es de Femmes\u00a0\u00bb aura lieu \u00e0 Agou Gadjap\u00e9, dans la pr\u00e9fecture d\u2019Agou (pr\u00e8s de 300 km au nord ouest de Lom\u00e9) du 27 au 30 septembre prochain.<\/p>\n<p>Initiative novatrice dont cette \u00e9dition est plac\u00e9e sous le th\u00e8me \u00ab\u00a0valorisons l\u2019entrepreneuriat f\u00e9minin par l\u2019intelligence \u00e9conomique pour l\u2019\u00e9mergence\u00a0\u00bb, ce salon entend mettre en lumi\u00e8re les activit\u00e9s des braves femmes qui animent la vie \u00e9conomique et sociale du Togo et d\u2019ailleurs, et renforcer la position centrale de la femme dans le processus de d\u00e9veloppement durable.<img fetchpriority=\"high\" decoding=\"async\" class=\"alignleft size-medium wp-image-1807\" src=\"https:\/\/228news.tg\/wp-content\/uploads\/2024\/09\/IMG-20170913-WA00231-300x300.jpg\" alt=\"\" width=\"300\" height=\"300\" \/><\/p>\n<p>Pour Mme Edou Dakey Adzo Dodzi, pr\u00e9sidente du comit\u00e9 d\u2019organisation de l\u2019\u00e9v\u00e9nement, il s\u2019agit de faire de ce salon au fil des ann\u00e9es, une v\u00e9ritable plateforme de valorisation de l\u2019entrepreneuriat f\u00e9minin pour le d\u00e9veloppement du Togo. Aussi entend-elle faire du salon \u00ab\u00a0Id\u00e9es de femmes\u00a0\u00bb, un cadre de r\u00e9flexion sur comment aider les femmes \u00e0 mieux g\u00e9rer leurs activit\u00e9s de production et de commercialisation.<\/p>\n<p>Il s\u2019agira \u00e9galement de les motiver \u00e0 se lancer dans l\u2019aventure entrepreneuriale \u00e0 travers des renforcements de capacit\u00e9s, la maitrise des techniques de transformation, de conservation et de commercialisation des produits, l\u2019accessibilit\u00e9 aux microcr\u00e9dits souples, adapt\u00e9s et surtout avantageux, la recherche des d\u00e9bouch\u00e9s et l\u2019appui aux dynamismes locaux pour booster l\u2019\u00e9conomie nationale.<img decoding=\"async\" class=\"size-medium wp-image-1806 alignright\" src=\"https:\/\/228news.tg\/wp-content\/uploads\/2024\/09\/IMG-20170913-WA00611-300x225.jpg\" alt=\"\" width=\"300\" height=\"225\" \/><\/p>\n<p>\u00ab\u00a0Quand la femme se lance dans la voie de l\u2019entrepreneuriat, elle fait preuve de beaucoup de vision, de talent, d\u2019\u00e9nergie et par-dessus tout, d\u2019une exceptionnelle volont\u00e9 de r\u00e9ussir. Elle constitue une force motrice \u00e0 plusieurs niveaux, en particulier dans la production et la commercialisation. Voil\u00e0 pourquoi il s\u2019av\u00e8re n\u00e9cessaire, voire imp\u00e9rieux de renforcer l\u2019accompagnement de ces femmes dans leurs projets\u00a0\u00bb, a-t-elle confi\u00e9.<\/p>\n<p>Plusieurs activit\u00e9s sont au menu de cette f\u00eate foraine de c\u00e9l\u00e9bration de l\u2019effort de la femme. Il s\u2019agit entre autres des expositions-ventes, des symposiums th\u00e9matiques, des partages d\u2019exp\u00e9riences er de savoir-faire, des rencontres entre producteurs, transformateurs, commer\u00e7ants, institutions de recherches, banques et institutions de microfinance.<\/p>\n<p>Des experts et consultants d\u2019Afrique et d\u2019Europe sont attendus pour partager leurs connaissances et exp\u00e9riences avec les participants \u00e0 ce premier salon qui entend pour la premi\u00e8re \u00e9dition se limiter \u00e0 seulement 30 stands. C\u2019est dire combien les inscriptions doivent \u00eatre acc\u00e9l\u00e9r\u00e9es. L\u2019\u00e9v\u00e9nement sera rehauss\u00e9 d\u2019un \u00e9clat particulier quand l\u2019on sait que le pr\u00e9fet de la localit\u00e9 qui l\u2019accueille est une femme et m\u00eame que la m\u00e8re du chef de l\u2019Etat togolais est originaire de ce m\u00eame milieu. Le rendez vous est pris.<\/p>\n<p><strong>D\u00e9mocrate<\/strong><\/p>\n<p><strong>(00228) 91 85 40 14<\/strong><\/p>\n<p><strong>98 60 67 68<\/strong><\/p>\n<p><a href=\"mailto:democrate2010@gmail.com\"><strong>democrate2010@gmail.com<\/strong><\/a><\/p>\n<p>&nbsp;<\/p>\n","protected":false},"excerpt":{"rendered":"<p>Tout est fin pr\u00eat pour la tenue du premier salon d\u00e9di\u00e9 \u00e0 l\u2019entrepreneuriat et au leadership f\u00e9minin au Togo. Initiative de Julado Rehoboth, le premier salon \u00ab\u00a0Id\u00e9es de Femmes\u00a0\u00bb aura lieu \u00e0 Agou Gadjap\u00e9, dans la pr\u00e9fecture d\u2019Agou (pr\u00e8s de 300 km au nord ouest de Lom\u00e9) du 27 au 30 septembre prochain. Initiative novatrice &#8230; <a title=\"1er salon Id\u00e9es de femmes: Agou pr\u00eate\u00a0 pour c\u00e9l\u00e9brer l\u2019entrepreneuriat et le leadership f\u00e9minins du 27 au 30 septembre prochain\" class=\"read-more\" href=\"https:\/\/228news.tg\/index.php\/2017\/09\/14\/1er-salon-idees-de-femmes-agou-prete-pour-celebrer-lentrepreneuriat-et-le-leadership-feminins-du-27-au-30-septembre-prochain\/\" aria-label=\"En savoir plus sur 1er salon Id\u00e9es de femmes: Agou pr\u00eate\u00a0 pour c\u00e9l\u00e9brer l\u2019entrepreneuriat et le leadership f\u00e9minins du 27 au 30 septembre prochain\">Lire la suite<\/a><\/p>\n","protected":false},"author":2,"featured_media":855,"comment_status":"open","ping_status":"open","sticky":false,"template":"","format":"standard","meta":{"footnotes":""},"categories":[31,35,25,34],"tags":[],"class_list":["post-851","post","type-post","status-publish","format-standard","has-post-thumbnail","hentry","category-developpement","category-flash","category-togo","category-une"],"yoast_head":"<!-- This site is optimized with the Yoast SEO plugin v26.4 - https:\/\/yoast.com\/wordpress\/plugins\/seo\/ -->\n<title>1er salon Id\u00e9es de femmes: Agou pr\u00eate\u00a0 pour c\u00e9l\u00e9brer l\u2019entrepreneuriat et le leadership f\u00e9minins du 27 au 30 septembre prochain - 228 News<\/title>\n<meta name=\"robots\" content=\"index, follow, max-snippet:-1, max-image-preview:large, max-video-preview:-1\" \/>\n<link rel=\"canonical\" href=\"https:\/\/228news.tg\/index.php\/2017\/09\/14\/1er-salon-idees-de-femmes-agou-prete-pour-celebrer-lentrepreneuriat-et-le-leadership-feminins-du-27-au-30-septembre-prochain\/\" \/>\n<meta property=\"og:locale\" content=\"fr_FR\" \/>\n<meta property=\"og:type\" content=\"article\" \/>\n<meta property=\"og:title\" content=\"1er salon Id\u00e9es de femmes: Agou pr\u00eate\u00a0 pour c\u00e9l\u00e9brer l\u2019entrepreneuriat et le leadership f\u00e9minins du 27 au 30 septembre prochain - 228 News\" \/>\n<meta property=\"og:description\" content=\"Tout est fin pr\u00eat pour la tenue du premier salon d\u00e9di\u00e9 \u00e0 l\u2019entrepreneuriat et au leadership f\u00e9minin au Togo. Initiative de Julado Rehoboth, le premier salon \u00ab\u00a0Id\u00e9es de Femmes\u00a0\u00bb aura lieu \u00e0 Agou Gadjap\u00e9, dans la pr\u00e9fecture d\u2019Agou (pr\u00e8s de 300 km au nord ouest de Lom\u00e9) du 27 au 30 septembre prochain. Initiative novatrice ... Lire la suite\" \/>\n<meta property=\"og:url\" content=\"https:\/\/228news.tg\/index.php\/2017\/09\/14\/1er-salon-idees-de-femmes-agou-prete-pour-celebrer-lentrepreneuriat-et-le-leadership-feminins-du-27-au-30-septembre-prochain\/\" \/>\n<meta property=\"og:site_name\" content=\"228 News\" \/>\n<meta property=\"article:published_time\" content=\"2017-09-14T00:00:00+00:00\" \/>\n<meta property=\"article:modified_time\" content=\"2024-09-09T14:03:44+00:00\" \/>\n<meta property=\"og:image\" content=\"https:\/\/228news.tg\/wp-content\/uploads\/2024\/09\/IMG-20170914-WA00291.jpg\" \/>\n\t<meta property=\"og:image:width\" content=\"1080\" \/>\n\t<meta property=\"og:image:height\" content=\"810\" \/>\n\t<meta property=\"og:image:type\" content=\"image\/jpeg\" \/>\n<meta name=\"author\" content=\"Bienvenu SAVI\" \/>\n<meta name=\"twitter:card\" content=\"summary_large_image\" \/>\n<meta name=\"twitter:label1\" content=\"\u00c9crit par\" \/>\n\t<meta name=\"twitter:data1\" content=\"Bienvenu SAVI\" \/>\n\t<meta name=\"twitter:label2\" content=\"Dur\u00e9e de lecture estim\u00e9e\" \/>\n\t<meta name=\"twitter:data2\" content=\"2 minutes\" \/>\n<script type=\"application\/ld+json\" class=\"yoast-schema-graph\">{\"@context\":\"https:\/\/schema.org\",\"@graph\":[{\"@type\":\"Article\",\"@id\":\"https:\/\/228news.tg\/index.php\/2017\/09\/14\/1er-salon-idees-de-femmes-agou-prete-pour-celebrer-lentrepreneuriat-et-le-leadership-feminins-du-27-au-30-septembre-prochain\/#article\",\"isPartOf\":{\"@id\":\"https:\/\/228news.tg\/index.php\/2017\/09\/14\/1er-salon-idees-de-femmes-agou-prete-pour-celebrer-lentrepreneuriat-et-le-leadership-feminins-du-27-au-30-septembre-prochain\/\"},\"author\":{\"name\":\"Bienvenu SAVI\",\"@id\":\"https:\/\/228news.tg\/#\/schema\/person\/68d5a6cc0230290e61235c8379523f52\"},\"headline\":\"1er salon Id\u00e9es de femmes: Agou pr\u00eate\u00a0 pour c\u00e9l\u00e9brer l\u2019entrepreneuriat et le leadership f\u00e9minins du 27 au 30 septembre prochain\",\"datePublished\":\"2017-09-14T00:00:00+00:00\",\"dateModified\":\"2024-09-09T14:03:44+00:00\",\"mainEntityOfPage\":{\"@id\":\"https:\/\/228news.tg\/index.php\/2017\/09\/14\/1er-salon-idees-de-femmes-agou-prete-pour-celebrer-lentrepreneuriat-et-le-leadership-feminins-du-27-au-30-septembre-prochain\/\"},\"wordCount\":509,\"commentCount\":0,\"publisher\":{\"@id\":\"https:\/\/228news.tg\/#organization\"},\"image\":{\"@id\":\"https:\/\/228news.tg\/index.php\/2017\/09\/14\/1er-salon-idees-de-femmes-agou-prete-pour-celebrer-lentrepreneuriat-et-le-leadership-feminins-du-27-au-30-septembre-prochain\/#primaryimage\"},\"thumbnailUrl\":\"https:\/\/228news.tg\/wp-content\/uploads\/2024\/09\/IMG-20170914-WA00291.jpg\",\"articleSection\":[\"DEVELOPPEMENT\",\"Flash\",\"TOGO\",\"Une\"],\"inLanguage\":\"fr-FR\",\"potentialAction\":[{\"@type\":\"CommentAction\",\"name\":\"Comment\",\"target\":[\"https:\/\/228news.tg\/index.php\/2017\/09\/14\/1er-salon-idees-de-femmes-agou-prete-pour-celebrer-lentrepreneuriat-et-le-leadership-feminins-du-27-au-30-septembre-prochain\/#respond\"]}]},{\"@type\":\"WebPage\",\"@id\":\"https:\/\/228news.tg\/index.php\/2017\/09\/14\/1er-salon-idees-de-femmes-agou-prete-pour-celebrer-lentrepreneuriat-et-le-leadership-feminins-du-27-au-30-septembre-prochain\/\",\"url\":\"https:\/\/228news.tg\/index.php\/2017\/09\/14\/1er-salon-idees-de-femmes-agou-prete-pour-celebrer-lentrepreneuriat-et-le-leadership-feminins-du-27-au-30-septembre-prochain\/\",\"name\":\"1er salon Id\u00e9es de femmes: Agou pr\u00eate\u00a0 pour c\u00e9l\u00e9brer l\u2019entrepreneuriat et le leadership f\u00e9minins du 27 au 30 septembre prochain - 228 News\",\"isPartOf\":{\"@id\":\"https:\/\/228news.tg\/#website\"},\"primaryImageOfPage\":{\"@id\":\"https:\/\/228news.tg\/index.php\/2017\/09\/14\/1er-salon-idees-de-femmes-agou-prete-pour-celebrer-lentrepreneuriat-et-le-leadership-feminins-du-27-au-30-septembre-prochain\/#primaryimage\"},\"image\":{\"@id\":\"https:\/\/228news.tg\/index.php\/2017\/09\/14\/1er-salon-idees-de-femmes-agou-prete-pour-celebrer-lentrepreneuriat-et-le-leadership-feminins-du-27-au-30-septembre-prochain\/#primaryimage\"},\"thumbnailUrl\":\"https:\/\/228news.tg\/wp-content\/uploads\/2024\/09\/IMG-20170914-WA00291.jpg\",\"datePublished\":\"2017-09-14T00:00:00+00:00\",\"dateModified\":\"2024-09-09T14:03:44+00:00\",\"breadcrumb\":{\"@id\":\"https:\/\/228news.tg\/index.php\/2017\/09\/14\/1er-salon-idees-de-femmes-agou-prete-pour-celebrer-lentrepreneuriat-et-le-leadership-feminins-du-27-au-30-septembre-prochain\/#breadcrumb\"},\"inLanguage\":\"fr-FR\",\"potentialAction\":[{\"@type\":\"ReadAction\",\"target\":[\"https:\/\/228news.tg\/index.php\/2017\/09\/14\/1er-salon-idees-de-femmes-agou-prete-pour-celebrer-lentrepreneuriat-et-le-leadership-feminins-du-27-au-30-septembre-prochain\/\"]}]},{\"@type\":\"ImageObject\",\"inLanguage\":\"fr-FR\",\"@id\":\"https:\/\/228news.tg\/index.php\/2017\/09\/14\/1er-salon-idees-de-femmes-agou-prete-pour-celebrer-lentrepreneuriat-et-le-leadership-feminins-du-27-au-30-septembre-prochain\/#primaryimage\",\"url\":\"https:\/\/228news.tg\/wp-content\/uploads\/2024\/09\/IMG-20170914-WA00291.jpg\",\"contentUrl\":\"https:\/\/228news.tg\/wp-content\/uploads\/2024\/09\/IMG-20170914-WA00291.jpg\",\"width\":1080,\"height\":810},{\"@type\":\"BreadcrumbList\",\"@id\":\"https:\/\/228news.tg\/index.php\/2017\/09\/14\/1er-salon-idees-de-femmes-agou-prete-pour-celebrer-lentrepreneuriat-et-le-leadership-feminins-du-27-au-30-septembre-prochain\/#breadcrumb\",\"itemListElement\":[{\"@type\":\"ListItem\",\"position\":1,\"name\":\"Home\",\"item\":\"https:\/\/228news.tg\/\"},{\"@type\":\"ListItem\",\"position\":2,\"name\":\"1er salon Id\u00e9es de femmes: Agou pr\u00eate\u00a0 pour c\u00e9l\u00e9brer l\u2019entrepreneuriat et le leadership f\u00e9minins du 27 au 30 septembre prochain\"}]},{\"@type\":\"WebSite\",\"@id\":\"https:\/\/228news.tg\/#website\",\"url\":\"https:\/\/228news.tg\/\",\"name\":\"228 News\",\"description\":\"Soci\u00e9t\u00e9 de m\u00e9dias et d\u2019actualit\u00e9s\",\"publisher\":{\"@id\":\"https:\/\/228news.tg\/#organization\"},\"potentialAction\":[{\"@type\":\"SearchAction\",\"target\":{\"@type\":\"EntryPoint\",\"urlTemplate\":\"https:\/\/228news.tg\/?s={search_term_string}\"},\"query-input\":{\"@type\":\"PropertyValueSpecification\",\"valueRequired\":true,\"valueName\":\"search_term_string\"}}],\"inLanguage\":\"fr-FR\"},{\"@type\":\"Organization\",\"@id\":\"https:\/\/228news.tg\/#organization\",\"name\":\"228 News\",\"url\":\"https:\/\/228news.tg\/\",\"logo\":{\"@type\":\"ImageObject\",\"inLanguage\":\"fr-FR\",\"@id\":\"https:\/\/228news.tg\/#\/schema\/logo\/image\/\",\"url\":\"https:\/\/228news.tg\/wp-content\/uploads\/2024\/09\/logonew.png\",\"contentUrl\":\"https:\/\/228news.tg\/wp-content\/uploads\/2024\/09\/logonew.png\",\"width\":1640,\"height\":364,\"caption\":\"228 News\"},\"image\":{\"@id\":\"https:\/\/228news.tg\/#\/schema\/logo\/image\/\"}},{\"@type\":\"Person\",\"@id\":\"https:\/\/228news.tg\/#\/schema\/person\/68d5a6cc0230290e61235c8379523f52\",\"name\":\"Bienvenu SAVI\",\"image\":{\"@type\":\"ImageObject\",\"inLanguage\":\"fr-FR\",\"@id\":\"https:\/\/228news.tg\/#\/schema\/person\/image\/\",\"url\":\"https:\/\/secure.gravatar.com\/avatar\/9db91895c559e510509c33a3e9683998458e9b828fac36d5d1aa23f0f2fd369b?s=96&d=mm&r=g\",\"contentUrl\":\"https:\/\/secure.gravatar.com\/avatar\/9db91895c559e510509c33a3e9683998458e9b828fac36d5d1aa23f0f2fd369b?s=96&d=mm&r=g\",\"caption\":\"Bienvenu SAVI\"},\"url\":\"https:\/\/228news.tg\/index.php\/author\/bienvenu\/\"}]}<\/script>\n<!-- \/ Yoast SEO plugin. -->","yoast_head_json":{"title":"1er salon Id\u00e9es de femmes: Agou pr\u00eate\u00a0 pour c\u00e9l\u00e9brer l\u2019entrepreneuriat et le leadership f\u00e9minins du 27 au 30 septembre prochain - 228 News","robots":{"index":"index","follow":"follow","max-snippet":"max-snippet:-1","max-image-preview":"max-image-preview:large","max-video-preview":"max-video-preview:-1"},"canonical":"https:\/\/228news.tg\/index.php\/2017\/09\/14\/1er-salon-idees-de-femmes-agou-prete-pour-celebrer-lentrepreneuriat-et-le-leadership-feminins-du-27-au-30-septembre-prochain\/","og_locale":"fr_FR","og_type":"article","og_title":"1er salon Id\u00e9es de femmes: Agou pr\u00eate\u00a0 pour c\u00e9l\u00e9brer l\u2019entrepreneuriat et le leadership f\u00e9minins du 27 au 30 septembre prochain - 228 News","og_description":"Tout est fin pr\u00eat pour la tenue du premier salon d\u00e9di\u00e9 \u00e0 l\u2019entrepreneuriat et au leadership f\u00e9minin au Togo. Initiative de Julado Rehoboth, le premier salon \u00ab\u00a0Id\u00e9es de Femmes\u00a0\u00bb aura lieu \u00e0 Agou Gadjap\u00e9, dans la pr\u00e9fecture d\u2019Agou (pr\u00e8s de 300 km au nord ouest de Lom\u00e9) du 27 au 30 septembre prochain. Initiative novatrice ... Lire la suite","og_url":"https:\/\/228news.tg\/index.php\/2017\/09\/14\/1er-salon-idees-de-femmes-agou-prete-pour-celebrer-lentrepreneuriat-et-le-leadership-feminins-du-27-au-30-septembre-prochain\/","og_site_name":"228 News","article_published_time":"2017-09-14T00:00:00+00:00","article_modified_time":"2024-09-09T14:03:44+00:00","og_image":[{"width":1080,"height":810,"url":"https:\/\/228news.tg\/wp-content\/uploads\/2024\/09\/IMG-20170914-WA00291.jpg","type":"image\/jpeg"}],"author":"Bienvenu SAVI","twitter_card":"summary_large_image","twitter_misc":{"\u00c9crit par":"Bienvenu SAVI","Dur\u00e9e de lecture estim\u00e9e":"2 minutes"},"schema":{"@context":"https:\/\/schema.org","@graph":[{"@type":"Article","@id":"https:\/\/228news.tg\/index.php\/2017\/09\/14\/1er-salon-idees-de-femmes-agou-prete-pour-celebrer-lentrepreneuriat-et-le-leadership-feminins-du-27-au-30-septembre-prochain\/#article","isPartOf":{"@id":"https:\/\/228news.tg\/index.php\/2017\/09\/14\/1er-salon-idees-de-femmes-agou-prete-pour-celebrer-lentrepreneuriat-et-le-leadership-feminins-du-27-au-30-septembre-prochain\/"},"author":{"name":"Bienvenu SAVI","@id":"https:\/\/228news.tg\/#\/schema\/person\/68d5a6cc0230290e61235c8379523f52"},"headline":"1er salon Id\u00e9es de femmes: Agou pr\u00eate\u00a0 pour c\u00e9l\u00e9brer l\u2019entrepreneuriat et le leadership f\u00e9minins du 27 au 30 septembre prochain","datePublished":"2017-09-14T00:00:00+00:00","dateModified":"2024-09-09T14:03:44+00:00","mainEntityOfPage":{"@id":"https:\/\/228news.tg\/index.php\/2017\/09\/14\/1er-salon-idees-de-femmes-agou-prete-pour-celebrer-lentrepreneuriat-et-le-leadership-feminins-du-27-au-30-septembre-prochain\/"},"wordCount":509,"commentCount":0,"publisher":{"@id":"https:\/\/228news.tg\/#organization"},"image":{"@id":"https:\/\/228news.tg\/index.php\/2017\/09\/14\/1er-salon-idees-de-femmes-agou-prete-pour-celebrer-lentrepreneuriat-et-le-leadership-feminins-du-27-au-30-septembre-prochain\/#primaryimage"},"thumbnailUrl":"https:\/\/228news.tg\/wp-content\/uploads\/2024\/09\/IMG-20170914-WA00291.jpg","articleSection":["DEVELOPPEMENT","Flash","TOGO","Une"],"inLanguage":"fr-FR","potentialAction":[{"@type":"CommentAction","name":"Comment","target":["https:\/\/228news.tg\/index.php\/2017\/09\/14\/1er-salon-idees-de-femmes-agou-prete-pour-celebrer-lentrepreneuriat-et-le-leadership-feminins-du-27-au-30-septembre-prochain\/#respond"]}]},{"@type":"WebPage","@id":"https:\/\/228news.tg\/index.php\/2017\/09\/14\/1er-salon-idees-de-femmes-agou-prete-pour-celebrer-lentrepreneuriat-et-le-leadership-feminins-du-27-au-30-septembre-prochain\/","url":"https:\/\/228news.tg\/index.php\/2017\/09\/14\/1er-salon-idees-de-femmes-agou-prete-pour-celebrer-lentrepreneuriat-et-le-leadership-feminins-du-27-au-30-septembre-prochain\/","name":"1er salon Id\u00e9es de femmes: Agou pr\u00eate\u00a0 pour c\u00e9l\u00e9brer l\u2019entrepreneuriat et le leadership f\u00e9minins du 27 au 30 septembre prochain - 228 News","isPartOf":{"@id":"https:\/\/228news.tg\/#website"},"primaryImageOfPage":{"@id":"https:\/\/228news.tg\/index.php\/2017\/09\/14\/1er-salon-idees-de-femmes-agou-prete-pour-celebrer-lentrepreneuriat-et-le-leadership-feminins-du-27-au-30-septembre-prochain\/#primaryimage"},"image":{"@id":"https:\/\/228news.tg\/index.php\/2017\/09\/14\/1er-salon-idees-de-femmes-agou-prete-pour-celebrer-lentrepreneuriat-et-le-leadership-feminins-du-27-au-30-septembre-prochain\/#primaryimage"},"thumbnailUrl":"https:\/\/228news.tg\/wp-content\/uploads\/2024\/09\/IMG-20170914-WA00291.jpg","datePublished":"2017-09-14T00:00:00+00:00","dateModified":"2024-09-09T14:03:44+00:00","breadcrumb":{"@id":"https:\/\/228news.tg\/index.php\/2017\/09\/14\/1er-salon-idees-de-femmes-agou-prete-pour-celebrer-lentrepreneuriat-et-le-leadership-feminins-du-27-au-30-septembre-prochain\/#breadcrumb"},"inLanguage":"fr-FR","potentialAction":[{"@type":"ReadAction","target":["https:\/\/228news.tg\/index.php\/2017\/09\/14\/1er-salon-idees-de-femmes-agou-prete-pour-celebrer-lentrepreneuriat-et-le-leadership-feminins-du-27-au-30-septembre-prochain\/"]}]},{"@type":"ImageObject","inLanguage":"fr-FR","@id":"https:\/\/228news.tg\/index.php\/2017\/09\/14\/1er-salon-idees-de-femmes-agou-prete-pour-celebrer-lentrepreneuriat-et-le-leadership-feminins-du-27-au-30-septembre-prochain\/#primaryimage","url":"https:\/\/228news.tg\/wp-content\/uploads\/2024\/09\/IMG-20170914-WA00291.jpg","contentUrl":"https:\/\/228news.tg\/wp-content\/uploads\/2024\/09\/IMG-20170914-WA00291.jpg","width":1080,"height":810},{"@type":"BreadcrumbList","@id":"https:\/\/228news.tg\/index.php\/2017\/09\/14\/1er-salon-idees-de-femmes-agou-prete-pour-celebrer-lentrepreneuriat-et-le-leadership-feminins-du-27-au-30-septembre-prochain\/#breadcrumb","itemListElement":[{"@type":"ListItem","position":1,"name":"Home","item":"https:\/\/228news.tg\/"},{"@type":"ListItem","position":2,"name":"1er salon Id\u00e9es de femmes: Agou pr\u00eate\u00a0 pour c\u00e9l\u00e9brer l\u2019entrepreneuriat et le leadership f\u00e9minins du 27 au 30 septembre prochain"}]},{"@type":"WebSite","@id":"https:\/\/228news.tg\/#website","url":"https:\/\/228news.tg\/","name":"228 News","description":"Soci\u00e9t\u00e9 de m\u00e9dias et d\u2019actualit\u00e9s","publisher":{"@id":"https:\/\/228news.tg\/#organization"},"potentialAction":[{"@type":"SearchAction","target":{"@type":"EntryPoint","urlTemplate":"https:\/\/228news.tg\/?s={search_term_string}"},"query-input":{"@type":"PropertyValueSpecification","valueRequired":true,"valueName":"search_term_string"}}],"inLanguage":"fr-FR"},{"@type":"Organization","@id":"https:\/\/228news.tg\/#organization","name":"228 News","url":"https:\/\/228news.tg\/","logo":{"@type":"ImageObject","inLanguage":"fr-FR","@id":"https:\/\/228news.tg\/#\/schema\/logo\/image\/","url":"https:\/\/228news.tg\/wp-content\/uploads\/2024\/09\/logonew.png","contentUrl":"https:\/\/228news.tg\/wp-content\/uploads\/2024\/09\/logonew.png","width":1640,"height":364,"caption":"228 News"},"image":{"@id":"https:\/\/228news.tg\/#\/schema\/logo\/image\/"}},{"@type":"Person","@id":"https:\/\/228news.tg\/#\/schema\/person\/68d5a6cc0230290e61235c8379523f52","name":"Bienvenu SAVI","image":{"@type":"ImageObject","inLanguage":"fr-FR","@id":"https:\/\/228news.tg\/#\/schema\/person\/image\/","url":"https:\/\/secure.gravatar.com\/avatar\/9db91895c559e510509c33a3e9683998458e9b828fac36d5d1aa23f0f2fd369b?s=96&d=mm&r=g","contentUrl":"https:\/\/secure.gravatar.com\/avatar\/9db91895c559e510509c33a3e9683998458e9b828fac36d5d1aa23f0f2fd369b?s=96&d=mm&r=g","caption":"Bienvenu SAVI"},"url":"https:\/\/228news.tg\/index.php\/author\/bienvenu\/"}]}},"jetpack_featured_media_url":"https:\/\/228news.tg\/wp-content\/uploads\/2024\/09\/IMG-20170914-WA00291.jpg","_links":{"self":[{"href":"https:\/\/228news.tg\/index.php\/wp-json\/wp\/v2\/posts\/851","targetHints":{"allow":["GET"]}}],"collection":[{"href":"https:\/\/228news.tg\/index.php\/wp-json\/wp\/v2\/posts"}],"about":[{"href":"https:\/\/228news.tg\/index.php\/wp-json\/wp\/v2\/types\/post"}],"author":[{"embeddable":true,"href":"https:\/\/228news.tg\/index.php\/wp-json\/wp\/v2\/users\/2"}],"replies":[{"embeddable":true,"href":"https:\/\/228news.tg\/index.php\/wp-json\/wp\/v2\/comments?post=851"}],"version-history":[{"count":1,"href":"https:\/\/228news.tg\/index.php\/wp-json\/wp\/v2\/posts\/851\/revisions"}],"predecessor-version":[{"id":854,"href":"https:\/\/228news.tg\/index.php\/wp-json\/wp\/v2\/posts\/851\/revisions\/854"}],"wp:featuredmedia":[{"embeddable":true,"href":"https:\/\/228news.tg\/index.php\/wp-json\/wp\/v2\/media\/855"}],"wp:attachment":[{"href":"https:\/\/228news.tg\/index.php\/wp-json\/wp\/v2\/media?parent=851"}],"wp:term":[{"taxonomy":"category","embeddable":true,"href":"https:\/\/228news.tg\/index.php\/wp-json\/wp\/v2\/categories?post=851"},{"taxonomy":"post_tag","embeddable":true,"href":"https:\/\/228news.tg\/index.php\/wp-json\/wp\/v2\/tags?post=851"}],"curies":[{"name":"wp","href":"https:\/\/api.w.org\/{rel}","templated":true}]}}