{"id":849,"date":"2017-09-14T00:00:00","date_gmt":"2017-09-14T00:00:00","guid":{"rendered":"https:\/\/228news.tg\/index.php\/2017\/09\/14\/2eme-forum-national-de-laudit-interne-en-novembre-prochain-lauditeur-face-au-defi-de-la-conformite-des-risques-et-de-la-conformite\/"},"modified":"2017-09-14T00:00:00","modified_gmt":"2017-09-14T00:00:00","slug":"2eme-forum-national-de-laudit-interne-en-novembre-prochain-lauditeur-face-au-defi-de-la-conformite-des-risques-et-de-la-conformite","status":"publish","type":"post","link":"https:\/\/228news.tg\/index.php\/2017\/09\/14\/2eme-forum-national-de-laudit-interne-en-novembre-prochain-lauditeur-face-au-defi-de-la-conformite-des-risques-et-de-la-conformite\/","title":{"rendered":"2\u00e8me forum national de l\u2019audit interne en novembre prochain: L\u2019auditeur face au d\u00e9fi de la gouvernance, des risques et de la conformit\u00e9"},"content":{"rendered":"<p>Le deuxi\u00e8me forum national des auditeurs internes au Togo aura bel et bien lieu cette ann\u00e9e apr\u00e8s le satisf\u00e9cit de l\u2019Institut of Internal Auditors (IIA-Togo) \u00e0 l\u2019issue de la premi\u00e8re \u00e9dition tenue l\u2019ann\u00e9e derni\u00e8re.<\/p>\n<p>C\u2019est en tout cas ce qui ressort de la sortie m\u00e9diatique organis\u00e9e par les premiers responsables de l\u2019IIA-Togo ce mercredi 13 septembre\u00a0 \u00e0 Lom\u00e9. Cette conf\u00e9rence de presse a permis de lancer la deuxi\u00e8me \u00e9dition du forum qui se tiendra au centre de conf\u00e9rences du Groupe Ecobank Transnational Incorporated (ETI) les 09 et 10 novembre prochains.<\/p>\n<p>Visant \u00e0 \u00e9changer et partager les exp\u00e9riences portant sur les domaines d\u2019activit\u00e9s de l\u2019audit interne, \u00e0 promouvoir un enrichissemnt mutuel des participants, ainsi qu\u2019un raffermissement des relations entre les professionnels du contr\u00f4le, de la gouvernance, de l\u2019audit et du management des risques, cette deuxi\u00e8me \u00e9dition est plac\u00e9e sous le th\u00e8me \u00ab\u00a0Gouvernance, risques et conformit\u00e9\u00a0: quels challenges pour l\u2019audit interne\u00a0\u00bb.<\/p>\n<p>Pour M. Kougnigban Claude, Secr\u00e9taire g\u00e9n\u00e9ral de l\u2019IIA-Togo, il s\u2019agit de mettre en lumi\u00e8re le r\u00f4le de veille et de conseil de l\u2019auditeur dans l\u2019entreprise \u00e0 travers ce th\u00e8me. Longtemps per\u00e7u comme un gendarme, voire un ennemi dans l\u2019entreprise par les administrateurs, l\u2019auditeur interne a un grand r\u00f4le \u00e0 jouer dans la gestion de l\u2019entreprise, des risques, le tout en tout respect des normes.<\/p>\n<p>\u00ab\u00a0Les \u00e9tudes r\u00e9v\u00e8lent qu\u2019il existe souvent des flictions entre les quatre (4) du th\u00e8me au sein de l\u2019entreprise que constituent la gouvernance, le risque, la conformit\u00e9 et l\u2019audit\u00a0; ce qui n\u2019est pas de nature \u00e0 favoriser le d\u00e9veloppement. L\u2019IIA veut aider ces diverses entit\u00e9s de cette chaine de valeur \u00e0 collaborer en toute responsabilit\u00e9 pour la bonne marche de l\u2019entreprise\u00a0\u00bb, a-t-il confi\u00e9.<\/p>\n<p>Le Pr\u00e9sident de l\u2019IIA-Togo, M. Ayinou Midodji a \u00e9galement mis en relief l\u2019importance de la bonne gouvernance, la gestion ad\u00e9quate des risques et la conformit\u00e9 aux lois et r\u00e8glements. Il a par ailleurs sp\u00e9cifi\u00e9 les enjeux de taille pour tous qui y sont li\u00e9s.<\/p>\n<p>Il s\u2019agit entre autres de \u00ab\u00a0s\u00e9curiser l\u2019activit\u00e9 , \u00e9viter les mauvaises surprises, alerter sur les nouveaux enjeux\u00a0; mettre en place des dispositifs efficients, adapt\u00e9s aux risques et aux r\u00e9glementations, en capitalisant sur les bonnes pratiques du secteur d\u2019activit\u00e9s, et enfin de responsabiliser et impliquer le management, donner du sens aux actions et justifier de mani\u00e8re tangible le retour sur investissement\u00a0\u00bb, a-t-il pr\u00e9cis\u00e9.<\/p>\n<p>D\u2019\u00e9minents sp\u00e9cialistes et experts dans les domaines de la gouvernance, gestion des risques et en audit interne d\u2019Afrique, d\u2019Europe et d\u2019Am\u00e9rique sont attendus \u00e0 Lom\u00e9 afin de partager leurs connaissances. Aussi l\u2019IIA ouvre d\u00e9j\u00e0 les inscriptions et lance un appel aux directeurs g\u00e9n\u00e9raux, les administrateurs, les membres du comit\u00e9 d\u2019audit, les contr\u00f4leurs, les inspecteurs, les v\u00e9rificateurs, les auditeurs internes, les gestionnaires de risques, les secr\u00e9taires g\u00e9n\u00e9raux des minist\u00e8res, les \u00e9tudiants et toute autre personne int\u00e9ress\u00e9e par la gouvernance, le management des risques, l\u2019audit, le contr\u00f4le interne,\u2026<\/p>\n<p>Au menu de cette deuxi\u00e8me \u00e9dition, quatre (4) pl\u00e9ni\u00e8res et douze (12) ateliers sont pr\u00e9vus. Mais le 08 novembre d\u00e9j\u00e0, un mini forum sera tenu \u00e0 l\u2019intention des directeurs g\u00e9n\u00e9raux, directeurs et administrateurs.<\/p>\n<p>Chapitre local de l\u2019IIA Global bas\u00e9 aux USA et qui regroupe plus de 190.000 auditeurs internes r\u00e9partis dans plus de 120 pays, l\u2019IIA Togo \u0153uvre depuis 2010 \u00e0 la recherche et au d\u00e9veloppement de la pratique de l\u2019audit, du contr\u00f4le interne, du management des risques au sein de nos organisations et institutions. Il \u0153uvre \u00e9galement au renforcement des capacit\u00e9s de ses membres ainsi que des professionnels et entend \u0153uvrer aux c\u00f4t\u00e9s de l\u2019Etat et des d\u00e9cideurs \u00e9conomiques \u00e0 la mise en place d\u2019un dispositif efficace de contr\u00f4le interne et de maitrise de risques, susceptible de favoriser la croissance et la performances des organisations.<\/p>\n<p><strong>D\u00e9mocrate<\/strong><\/p>\n<p><strong>(00228) 91 85 40 14<\/strong><\/p>\n<p><strong>98 60 67 68<\/strong><\/p>\n<p><a href=\"mailto:democrate2010@gmail.com\"><strong>democrate2010@gmail.com<\/strong><\/a><\/p>\n<p><strong>\u00a0<\/strong><\/p>\n","protected":false},"excerpt":{"rendered":"<p>Le deuxi\u00e8me forum national des auditeurs internes au Togo aura bel et bien lieu cette ann\u00e9e apr\u00e8s le satisf\u00e9cit de l\u2019Institut of Internal Auditors (IIA-Togo) \u00e0 l\u2019issue de la premi\u00e8re \u00e9dition tenue l\u2019ann\u00e9e derni\u00e8re. C\u2019est en tout cas ce qui ressort de la sortie m\u00e9diatique organis\u00e9e par les premiers responsables de l\u2019IIA-Togo ce mercredi 13 &#8230; <a title=\"2\u00e8me forum national de l\u2019audit interne en novembre prochain: L\u2019auditeur face au d\u00e9fi de la gouvernance, des risques et de la conformit\u00e9\" class=\"read-more\" href=\"https:\/\/228news.tg\/index.php\/2017\/09\/14\/2eme-forum-national-de-laudit-interne-en-novembre-prochain-lauditeur-face-au-defi-de-la-conformite-des-risques-et-de-la-conformite\/\" aria-label=\"En savoir plus sur 2\u00e8me forum national de l\u2019audit interne en novembre prochain: L\u2019auditeur face au d\u00e9fi de la gouvernance, des risques et de la conformit\u00e9\">Lire la suite<\/a><\/p>\n","protected":false},"author":2,"featured_media":850,"comment_status":"open","ping_status":"open","sticky":false,"template":"","format":"standard","meta":{"footnotes":""},"categories":[30,35,25,34],"tags":[],"class_list":["post-849","post","type-post","status-publish","format-standard","has-post-thumbnail","hentry","category-economie","category-flash","category-togo","category-une"],"yoast_head":"<!-- This site is optimized with the Yoast SEO plugin v26.4 - https:\/\/yoast.com\/wordpress\/plugins\/seo\/ -->\n<title>2\u00e8me forum national de l\u2019audit interne en novembre prochain: L\u2019auditeur face au d\u00e9fi de la gouvernance, des risques et de la conformit\u00e9 - 228 News<\/title>\n<meta name=\"robots\" content=\"index, follow, max-snippet:-1, max-image-preview:large, max-video-preview:-1\" \/>\n<link rel=\"canonical\" href=\"https:\/\/228news.tg\/index.php\/2017\/09\/14\/2eme-forum-national-de-laudit-interne-en-novembre-prochain-lauditeur-face-au-defi-de-la-conformite-des-risques-et-de-la-conformite\/\" \/>\n<meta property=\"og:locale\" content=\"fr_FR\" \/>\n<meta property=\"og:type\" content=\"article\" \/>\n<meta property=\"og:title\" content=\"2\u00e8me forum national de l\u2019audit interne en novembre prochain: L\u2019auditeur face au d\u00e9fi de la gouvernance, des risques et de la conformit\u00e9 - 228 News\" \/>\n<meta property=\"og:description\" content=\"Le deuxi\u00e8me forum national des auditeurs internes au Togo aura bel et bien lieu cette ann\u00e9e apr\u00e8s le satisf\u00e9cit de l\u2019Institut of Internal Auditors (IIA-Togo) \u00e0 l\u2019issue de la premi\u00e8re \u00e9dition tenue l\u2019ann\u00e9e derni\u00e8re. C\u2019est en tout cas ce qui ressort de la sortie m\u00e9diatique organis\u00e9e par les premiers responsables de l\u2019IIA-Togo ce mercredi 13 ... Lire la suite\" \/>\n<meta property=\"og:url\" content=\"https:\/\/228news.tg\/index.php\/2017\/09\/14\/2eme-forum-national-de-laudit-interne-en-novembre-prochain-lauditeur-face-au-defi-de-la-conformite-des-risques-et-de-la-conformite\/\" \/>\n<meta property=\"og:site_name\" content=\"228 News\" \/>\n<meta property=\"article:published_time\" content=\"2017-09-14T00:00:00+00:00\" \/>\n<meta property=\"og:image\" content=\"https:\/\/228news.tg\/wp-content\/uploads\/2024\/09\/78a1f76203c562c3d7c318765865da44_L.jpg\" \/>\n\t<meta property=\"og:image:width\" content=\"845\" \/>\n\t<meta property=\"og:image:height\" content=\"498\" \/>\n\t<meta property=\"og:image:type\" content=\"image\/jpeg\" \/>\n<meta name=\"author\" content=\"Bienvenu SAVI\" \/>\n<meta name=\"twitter:card\" content=\"summary_large_image\" \/>\n<meta name=\"twitter:label1\" content=\"\u00c9crit par\" \/>\n\t<meta name=\"twitter:data1\" content=\"Bienvenu SAVI\" \/>\n\t<meta name=\"twitter:label2\" content=\"Dur\u00e9e de lecture estim\u00e9e\" \/>\n\t<meta name=\"twitter:data2\" content=\"3 minutes\" \/>\n<script type=\"application\/ld+json\" class=\"yoast-schema-graph\">{\"@context\":\"https:\/\/schema.org\",\"@graph\":[{\"@type\":\"Article\",\"@id\":\"https:\/\/228news.tg\/index.php\/2017\/09\/14\/2eme-forum-national-de-laudit-interne-en-novembre-prochain-lauditeur-face-au-defi-de-la-conformite-des-risques-et-de-la-conformite\/#article\",\"isPartOf\":{\"@id\":\"https:\/\/228news.tg\/index.php\/2017\/09\/14\/2eme-forum-national-de-laudit-interne-en-novembre-prochain-lauditeur-face-au-defi-de-la-conformite-des-risques-et-de-la-conformite\/\"},\"author\":{\"name\":\"Bienvenu SAVI\",\"@id\":\"https:\/\/228news.tg\/#\/schema\/person\/68d5a6cc0230290e61235c8379523f52\"},\"headline\":\"2\u00e8me forum national de l\u2019audit interne en novembre prochain: L\u2019auditeur face au d\u00e9fi de la gouvernance, des risques et de la conformit\u00e9\",\"datePublished\":\"2017-09-14T00:00:00+00:00\",\"mainEntityOfPage\":{\"@id\":\"https:\/\/228news.tg\/index.php\/2017\/09\/14\/2eme-forum-national-de-laudit-interne-en-novembre-prochain-lauditeur-face-au-defi-de-la-conformite-des-risques-et-de-la-conformite\/\"},\"wordCount\":722,\"commentCount\":0,\"publisher\":{\"@id\":\"https:\/\/228news.tg\/#organization\"},\"image\":{\"@id\":\"https:\/\/228news.tg\/index.php\/2017\/09\/14\/2eme-forum-national-de-laudit-interne-en-novembre-prochain-lauditeur-face-au-defi-de-la-conformite-des-risques-et-de-la-conformite\/#primaryimage\"},\"thumbnailUrl\":\"https:\/\/228news.tg\/wp-content\/uploads\/2024\/09\/78a1f76203c562c3d7c318765865da44_L.jpg\",\"articleSection\":[\"ECONOMIE\",\"Flash\",\"TOGO\",\"Une\"],\"inLanguage\":\"fr-FR\",\"potentialAction\":[{\"@type\":\"CommentAction\",\"name\":\"Comment\",\"target\":[\"https:\/\/228news.tg\/index.php\/2017\/09\/14\/2eme-forum-national-de-laudit-interne-en-novembre-prochain-lauditeur-face-au-defi-de-la-conformite-des-risques-et-de-la-conformite\/#respond\"]}]},{\"@type\":\"WebPage\",\"@id\":\"https:\/\/228news.tg\/index.php\/2017\/09\/14\/2eme-forum-national-de-laudit-interne-en-novembre-prochain-lauditeur-face-au-defi-de-la-conformite-des-risques-et-de-la-conformite\/\",\"url\":\"https:\/\/228news.tg\/index.php\/2017\/09\/14\/2eme-forum-national-de-laudit-interne-en-novembre-prochain-lauditeur-face-au-defi-de-la-conformite-des-risques-et-de-la-conformite\/\",\"name\":\"2\u00e8me forum national de l\u2019audit interne en novembre prochain: L\u2019auditeur face au d\u00e9fi de la gouvernance, des risques et de la conformit\u00e9 - 228 News\",\"isPartOf\":{\"@id\":\"https:\/\/228news.tg\/#website\"},\"primaryImageOfPage\":{\"@id\":\"https:\/\/228news.tg\/index.php\/2017\/09\/14\/2eme-forum-national-de-laudit-interne-en-novembre-prochain-lauditeur-face-au-defi-de-la-conformite-des-risques-et-de-la-conformite\/#primaryimage\"},\"image\":{\"@id\":\"https:\/\/228news.tg\/index.php\/2017\/09\/14\/2eme-forum-national-de-laudit-interne-en-novembre-prochain-lauditeur-face-au-defi-de-la-conformite-des-risques-et-de-la-conformite\/#primaryimage\"},\"thumbnailUrl\":\"https:\/\/228news.tg\/wp-content\/uploads\/2024\/09\/78a1f76203c562c3d7c318765865da44_L.jpg\",\"datePublished\":\"2017-09-14T00:00:00+00:00\",\"breadcrumb\":{\"@id\":\"https:\/\/228news.tg\/index.php\/2017\/09\/14\/2eme-forum-national-de-laudit-interne-en-novembre-prochain-lauditeur-face-au-defi-de-la-conformite-des-risques-et-de-la-conformite\/#breadcrumb\"},\"inLanguage\":\"fr-FR\",\"potentialAction\":[{\"@type\":\"ReadAction\",\"target\":[\"https:\/\/228news.tg\/index.php\/2017\/09\/14\/2eme-forum-national-de-laudit-interne-en-novembre-prochain-lauditeur-face-au-defi-de-la-conformite-des-risques-et-de-la-conformite\/\"]}]},{\"@type\":\"ImageObject\",\"inLanguage\":\"fr-FR\",\"@id\":\"https:\/\/228news.tg\/index.php\/2017\/09\/14\/2eme-forum-national-de-laudit-interne-en-novembre-prochain-lauditeur-face-au-defi-de-la-conformite-des-risques-et-de-la-conformite\/#primaryimage\",\"url\":\"https:\/\/228news.tg\/wp-content\/uploads\/2024\/09\/78a1f76203c562c3d7c318765865da44_L.jpg\",\"contentUrl\":\"https:\/\/228news.tg\/wp-content\/uploads\/2024\/09\/78a1f76203c562c3d7c318765865da44_L.jpg\",\"width\":845,\"height\":498},{\"@type\":\"BreadcrumbList\",\"@id\":\"https:\/\/228news.tg\/index.php\/2017\/09\/14\/2eme-forum-national-de-laudit-interne-en-novembre-prochain-lauditeur-face-au-defi-de-la-conformite-des-risques-et-de-la-conformite\/#breadcrumb\",\"itemListElement\":[{\"@type\":\"ListItem\",\"position\":1,\"name\":\"Home\",\"item\":\"https:\/\/228news.tg\/\"},{\"@type\":\"ListItem\",\"position\":2,\"name\":\"2\u00e8me forum national de l\u2019audit interne en novembre prochain: L\u2019auditeur face au d\u00e9fi de la gouvernance, des risques et de la conformit\u00e9\"}]},{\"@type\":\"WebSite\",\"@id\":\"https:\/\/228news.tg\/#website\",\"url\":\"https:\/\/228news.tg\/\",\"name\":\"228 News\",\"description\":\"Soci\u00e9t\u00e9 de m\u00e9dias et d\u2019actualit\u00e9s\",\"publisher\":{\"@id\":\"https:\/\/228news.tg\/#organization\"},\"potentialAction\":[{\"@type\":\"SearchAction\",\"target\":{\"@type\":\"EntryPoint\",\"urlTemplate\":\"https:\/\/228news.tg\/?s={search_term_string}\"},\"query-input\":{\"@type\":\"PropertyValueSpecification\",\"valueRequired\":true,\"valueName\":\"search_term_string\"}}],\"inLanguage\":\"fr-FR\"},{\"@type\":\"Organization\",\"@id\":\"https:\/\/228news.tg\/#organization\",\"name\":\"228 News\",\"url\":\"https:\/\/228news.tg\/\",\"logo\":{\"@type\":\"ImageObject\",\"inLanguage\":\"fr-FR\",\"@id\":\"https:\/\/228news.tg\/#\/schema\/logo\/image\/\",\"url\":\"https:\/\/228news.tg\/wp-content\/uploads\/2024\/09\/logonew.png\",\"contentUrl\":\"https:\/\/228news.tg\/wp-content\/uploads\/2024\/09\/logonew.png\",\"width\":1640,\"height\":364,\"caption\":\"228 News\"},\"image\":{\"@id\":\"https:\/\/228news.tg\/#\/schema\/logo\/image\/\"}},{\"@type\":\"Person\",\"@id\":\"https:\/\/228news.tg\/#\/schema\/person\/68d5a6cc0230290e61235c8379523f52\",\"name\":\"Bienvenu SAVI\",\"image\":{\"@type\":\"ImageObject\",\"inLanguage\":\"fr-FR\",\"@id\":\"https:\/\/228news.tg\/#\/schema\/person\/image\/\",\"url\":\"https:\/\/secure.gravatar.com\/avatar\/9db91895c559e510509c33a3e9683998458e9b828fac36d5d1aa23f0f2fd369b?s=96&d=mm&r=g\",\"contentUrl\":\"https:\/\/secure.gravatar.com\/avatar\/9db91895c559e510509c33a3e9683998458e9b828fac36d5d1aa23f0f2fd369b?s=96&d=mm&r=g\",\"caption\":\"Bienvenu SAVI\"},\"url\":\"https:\/\/228news.tg\/index.php\/author\/bienvenu\/\"}]}<\/script>\n<!-- \/ Yoast SEO plugin. -->","yoast_head_json":{"title":"2\u00e8me forum national de l\u2019audit interne en novembre prochain: L\u2019auditeur face au d\u00e9fi de la gouvernance, des risques et de la conformit\u00e9 - 228 News","robots":{"index":"index","follow":"follow","max-snippet":"max-snippet:-1","max-image-preview":"max-image-preview:large","max-video-preview":"max-video-preview:-1"},"canonical":"https:\/\/228news.tg\/index.php\/2017\/09\/14\/2eme-forum-national-de-laudit-interne-en-novembre-prochain-lauditeur-face-au-defi-de-la-conformite-des-risques-et-de-la-conformite\/","og_locale":"fr_FR","og_type":"article","og_title":"2\u00e8me forum national de l\u2019audit interne en novembre prochain: L\u2019auditeur face au d\u00e9fi de la gouvernance, des risques et de la conformit\u00e9 - 228 News","og_description":"Le deuxi\u00e8me forum national des auditeurs internes au Togo aura bel et bien lieu cette ann\u00e9e apr\u00e8s le satisf\u00e9cit de l\u2019Institut of Internal Auditors (IIA-Togo) \u00e0 l\u2019issue de la premi\u00e8re \u00e9dition tenue l\u2019ann\u00e9e derni\u00e8re. C\u2019est en tout cas ce qui ressort de la sortie m\u00e9diatique organis\u00e9e par les premiers responsables de l\u2019IIA-Togo ce mercredi 13 ... Lire la suite","og_url":"https:\/\/228news.tg\/index.php\/2017\/09\/14\/2eme-forum-national-de-laudit-interne-en-novembre-prochain-lauditeur-face-au-defi-de-la-conformite-des-risques-et-de-la-conformite\/","og_site_name":"228 News","article_published_time":"2017-09-14T00:00:00+00:00","og_image":[{"width":845,"height":498,"url":"https:\/\/228news.tg\/wp-content\/uploads\/2024\/09\/78a1f76203c562c3d7c318765865da44_L.jpg","type":"image\/jpeg"}],"author":"Bienvenu SAVI","twitter_card":"summary_large_image","twitter_misc":{"\u00c9crit par":"Bienvenu SAVI","Dur\u00e9e de lecture estim\u00e9e":"3 minutes"},"schema":{"@context":"https:\/\/schema.org","@graph":[{"@type":"Article","@id":"https:\/\/228news.tg\/index.php\/2017\/09\/14\/2eme-forum-national-de-laudit-interne-en-novembre-prochain-lauditeur-face-au-defi-de-la-conformite-des-risques-et-de-la-conformite\/#article","isPartOf":{"@id":"https:\/\/228news.tg\/index.php\/2017\/09\/14\/2eme-forum-national-de-laudit-interne-en-novembre-prochain-lauditeur-face-au-defi-de-la-conformite-des-risques-et-de-la-conformite\/"},"author":{"name":"Bienvenu SAVI","@id":"https:\/\/228news.tg\/#\/schema\/person\/68d5a6cc0230290e61235c8379523f52"},"headline":"2\u00e8me forum national de l\u2019audit interne en novembre prochain: L\u2019auditeur face au d\u00e9fi de la gouvernance, des risques et de la conformit\u00e9","datePublished":"2017-09-14T00:00:00+00:00","mainEntityOfPage":{"@id":"https:\/\/228news.tg\/index.php\/2017\/09\/14\/2eme-forum-national-de-laudit-interne-en-novembre-prochain-lauditeur-face-au-defi-de-la-conformite-des-risques-et-de-la-conformite\/"},"wordCount":722,"commentCount":0,"publisher":{"@id":"https:\/\/228news.tg\/#organization"},"image":{"@id":"https:\/\/228news.tg\/index.php\/2017\/09\/14\/2eme-forum-national-de-laudit-interne-en-novembre-prochain-lauditeur-face-au-defi-de-la-conformite-des-risques-et-de-la-conformite\/#primaryimage"},"thumbnailUrl":"https:\/\/228news.tg\/wp-content\/uploads\/2024\/09\/78a1f76203c562c3d7c318765865da44_L.jpg","articleSection":["ECONOMIE","Flash","TOGO","Une"],"inLanguage":"fr-FR","potentialAction":[{"@type":"CommentAction","name":"Comment","target":["https:\/\/228news.tg\/index.php\/2017\/09\/14\/2eme-forum-national-de-laudit-interne-en-novembre-prochain-lauditeur-face-au-defi-de-la-conformite-des-risques-et-de-la-conformite\/#respond"]}]},{"@type":"WebPage","@id":"https:\/\/228news.tg\/index.php\/2017\/09\/14\/2eme-forum-national-de-laudit-interne-en-novembre-prochain-lauditeur-face-au-defi-de-la-conformite-des-risques-et-de-la-conformite\/","url":"https:\/\/228news.tg\/index.php\/2017\/09\/14\/2eme-forum-national-de-laudit-interne-en-novembre-prochain-lauditeur-face-au-defi-de-la-conformite-des-risques-et-de-la-conformite\/","name":"2\u00e8me forum national de l\u2019audit interne en novembre prochain: L\u2019auditeur face au d\u00e9fi de la gouvernance, des risques et de la conformit\u00e9 - 228 News","isPartOf":{"@id":"https:\/\/228news.tg\/#website"},"primaryImageOfPage":{"@id":"https:\/\/228news.tg\/index.php\/2017\/09\/14\/2eme-forum-national-de-laudit-interne-en-novembre-prochain-lauditeur-face-au-defi-de-la-conformite-des-risques-et-de-la-conformite\/#primaryimage"},"image":{"@id":"https:\/\/228news.tg\/index.php\/2017\/09\/14\/2eme-forum-national-de-laudit-interne-en-novembre-prochain-lauditeur-face-au-defi-de-la-conformite-des-risques-et-de-la-conformite\/#primaryimage"},"thumbnailUrl":"https:\/\/228news.tg\/wp-content\/uploads\/2024\/09\/78a1f76203c562c3d7c318765865da44_L.jpg","datePublished":"2017-09-14T00:00:00+00:00","breadcrumb":{"@id":"https:\/\/228news.tg\/index.php\/2017\/09\/14\/2eme-forum-national-de-laudit-interne-en-novembre-prochain-lauditeur-face-au-defi-de-la-conformite-des-risques-et-de-la-conformite\/#breadcrumb"},"inLanguage":"fr-FR","potentialAction":[{"@type":"ReadAction","target":["https:\/\/228news.tg\/index.php\/2017\/09\/14\/2eme-forum-national-de-laudit-interne-en-novembre-prochain-lauditeur-face-au-defi-de-la-conformite-des-risques-et-de-la-conformite\/"]}]},{"@type":"ImageObject","inLanguage":"fr-FR","@id":"https:\/\/228news.tg\/index.php\/2017\/09\/14\/2eme-forum-national-de-laudit-interne-en-novembre-prochain-lauditeur-face-au-defi-de-la-conformite-des-risques-et-de-la-conformite\/#primaryimage","url":"https:\/\/228news.tg\/wp-content\/uploads\/2024\/09\/78a1f76203c562c3d7c318765865da44_L.jpg","contentUrl":"https:\/\/228news.tg\/wp-content\/uploads\/2024\/09\/78a1f76203c562c3d7c318765865da44_L.jpg","width":845,"height":498},{"@type":"BreadcrumbList","@id":"https:\/\/228news.tg\/index.php\/2017\/09\/14\/2eme-forum-national-de-laudit-interne-en-novembre-prochain-lauditeur-face-au-defi-de-la-conformite-des-risques-et-de-la-conformite\/#breadcrumb","itemListElement":[{"@type":"ListItem","position":1,"name":"Home","item":"https:\/\/228news.tg\/"},{"@type":"ListItem","position":2,"name":"2\u00e8me forum national de l\u2019audit interne en novembre prochain: L\u2019auditeur face au d\u00e9fi de la gouvernance, des risques et de la conformit\u00e9"}]},{"@type":"WebSite","@id":"https:\/\/228news.tg\/#website","url":"https:\/\/228news.tg\/","name":"228 News","description":"Soci\u00e9t\u00e9 de m\u00e9dias et d\u2019actualit\u00e9s","publisher":{"@id":"https:\/\/228news.tg\/#organization"},"potentialAction":[{"@type":"SearchAction","target":{"@type":"EntryPoint","urlTemplate":"https:\/\/228news.tg\/?s={search_term_string}"},"query-input":{"@type":"PropertyValueSpecification","valueRequired":true,"valueName":"search_term_string"}}],"inLanguage":"fr-FR"},{"@type":"Organization","@id":"https:\/\/228news.tg\/#organization","name":"228 News","url":"https:\/\/228news.tg\/","logo":{"@type":"ImageObject","inLanguage":"fr-FR","@id":"https:\/\/228news.tg\/#\/schema\/logo\/image\/","url":"https:\/\/228news.tg\/wp-content\/uploads\/2024\/09\/logonew.png","contentUrl":"https:\/\/228news.tg\/wp-content\/uploads\/2024\/09\/logonew.png","width":1640,"height":364,"caption":"228 News"},"image":{"@id":"https:\/\/228news.tg\/#\/schema\/logo\/image\/"}},{"@type":"Person","@id":"https:\/\/228news.tg\/#\/schema\/person\/68d5a6cc0230290e61235c8379523f52","name":"Bienvenu SAVI","image":{"@type":"ImageObject","inLanguage":"fr-FR","@id":"https:\/\/228news.tg\/#\/schema\/person\/image\/","url":"https:\/\/secure.gravatar.com\/avatar\/9db91895c559e510509c33a3e9683998458e9b828fac36d5d1aa23f0f2fd369b?s=96&d=mm&r=g","contentUrl":"https:\/\/secure.gravatar.com\/avatar\/9db91895c559e510509c33a3e9683998458e9b828fac36d5d1aa23f0f2fd369b?s=96&d=mm&r=g","caption":"Bienvenu SAVI"},"url":"https:\/\/228news.tg\/index.php\/author\/bienvenu\/"}]}},"jetpack_featured_media_url":"https:\/\/228news.tg\/wp-content\/uploads\/2024\/09\/78a1f76203c562c3d7c318765865da44_L.jpg","_links":{"self":[{"href":"https:\/\/228news.tg\/index.php\/wp-json\/wp\/v2\/posts\/849","targetHints":{"allow":["GET"]}}],"collection":[{"href":"https:\/\/228news.tg\/index.php\/wp-json\/wp\/v2\/posts"}],"about":[{"href":"https:\/\/228news.tg\/index.php\/wp-json\/wp\/v2\/types\/post"}],"author":[{"embeddable":true,"href":"https:\/\/228news.tg\/index.php\/wp-json\/wp\/v2\/users\/2"}],"replies":[{"embeddable":true,"href":"https:\/\/228news.tg\/index.php\/wp-json\/wp\/v2\/comments?post=849"}],"version-history":[{"count":0,"href":"https:\/\/228news.tg\/index.php\/wp-json\/wp\/v2\/posts\/849\/revisions"}],"wp:featuredmedia":[{"embeddable":true,"href":"https:\/\/228news.tg\/index.php\/wp-json\/wp\/v2\/media\/850"}],"wp:attachment":[{"href":"https:\/\/228news.tg\/index.php\/wp-json\/wp\/v2\/media?parent=849"}],"wp:term":[{"taxonomy":"category","embeddable":true,"href":"https:\/\/228news.tg\/index.php\/wp-json\/wp\/v2\/categories?post=849"},{"taxonomy":"post_tag","embeddable":true,"href":"https:\/\/228news.tg\/index.php\/wp-json\/wp\/v2\/tags?post=849"}],"curies":[{"name":"wp","href":"https:\/\/api.w.org\/{rel}","templated":true}]}}