{"id":836,"date":"2017-08-31T00:00:00","date_gmt":"2017-08-31T00:00:00","guid":{"rendered":"https:\/\/228news.tg\/index.php\/2017\/08\/31\/tout-eleve-togolais-assure-contre-accident-et-maladie-a-partir-de-la-prochaine-rentree-scolaire\/"},"modified":"2017-08-31T00:00:00","modified_gmt":"2017-08-31T00:00:00","slug":"tout-eleve-togolais-assure-contre-accident-et-maladie-a-partir-de-la-prochaine-rentree-scolaire","status":"publish","type":"post","link":"https:\/\/228news.tg\/index.php\/2017\/08\/31\/tout-eleve-togolais-assure-contre-accident-et-maladie-a-partir-de-la-prochaine-rentree-scolaire\/","title":{"rendered":"Tout \u00e9l\u00e8ve Togolais assur\u00e9 contre accident et maladie \u00e0 partir de la prochaine rentr\u00e9e scolaire"},"content":{"rendered":"<p>Le Togo consacrera la somme de 3,5 milliards de francs CFA \u00e0 la couverture d\u2019une assurance maladie et accident \u00e0 pr\u00e8s de 2 millions d\u2019\u00e9l\u00e8ves \u00e0 partir de la prochaine rentr\u00e9e scolaire (2017-2018).<\/p>\n<p>Initiative pr\u00e9sidentielle d\u00e9nomm\u00e9e \u00ab School Assur\u00bb, le contrat d\u2019assurance de ce programme a \u00e9t\u00e9 sign\u00e9 ce mercredi 30 ao\u00fbt avec deux soci\u00e9t\u00e9s d\u2019assurances de la place,en l\u2019occurrence NSIA et OGAR.<\/p>\n<p>\u00ab\u00a0C\u2019est un projet innovant encore vu nulle part. L\u2019Etat a choisi nos deux compagnies, des groupes sp\u00e9cialis\u00e9s dans la gestion de la sant\u00e9. La gestion sera faite en professionnel. C\u2019est aussi une lutte contre la pauvret\u00e9\u00a0\u00bb, a d\u00e9clar\u00e9 \u00e0 sa sortie d\u2019audience, Jean Kakou Diagou, premier responsable de NSIA Assurances.<\/p>\n<p>Avec ce programme, une couverture de 40% de la population sera atteinte \u00e0 l\u2019horizon 2018.<\/p>\n<p><strong>228news<\/strong><\/p>\n","protected":false},"excerpt":{"rendered":"<p>Le Togo consacrera la somme de 3,5 milliards de francs CFA \u00e0 la couverture d\u2019une assurance maladie et accident \u00e0 pr\u00e8s de 2 millions d\u2019\u00e9l\u00e8ves \u00e0 partir de la prochaine rentr\u00e9e scolaire (2017-2018). Initiative pr\u00e9sidentielle d\u00e9nomm\u00e9e \u00ab School Assur\u00bb, le contrat d\u2019assurance de ce programme a \u00e9t\u00e9 sign\u00e9 ce mercredi 30 ao\u00fbt avec deux soci\u00e9t\u00e9s &#8230; <a title=\"Tout \u00e9l\u00e8ve Togolais assur\u00e9 contre accident et maladie \u00e0 partir de la prochaine rentr\u00e9e scolaire\" class=\"read-more\" href=\"https:\/\/228news.tg\/index.php\/2017\/08\/31\/tout-eleve-togolais-assure-contre-accident-et-maladie-a-partir-de-la-prochaine-rentree-scolaire\/\" aria-label=\"En savoir plus sur Tout \u00e9l\u00e8ve Togolais assur\u00e9 contre accident et maladie \u00e0 partir de la prochaine rentr\u00e9e scolaire\">Lire la suite<\/a><\/p>\n","protected":false},"author":2,"featured_media":837,"comment_status":"open","ping_status":"open","sticky":false,"template":"","format":"standard","meta":{"footnotes":""},"categories":[28,35,25,34],"tags":[],"class_list":["post-836","post","type-post","status-publish","format-standard","has-post-thumbnail","hentry","category-education","category-flash","category-togo","category-une"],"yoast_head":"<!-- This site is optimized with the Yoast SEO plugin v26.4 - https:\/\/yoast.com\/wordpress\/plugins\/seo\/ -->\n<title>Tout \u00e9l\u00e8ve Togolais assur\u00e9 contre accident et maladie \u00e0 partir de la prochaine rentr\u00e9e scolaire - 228 News<\/title>\n<meta name=\"robots\" content=\"index, follow, max-snippet:-1, max-image-preview:large, max-video-preview:-1\" \/>\n<link rel=\"canonical\" href=\"https:\/\/228news.tg\/index.php\/2017\/08\/31\/tout-eleve-togolais-assure-contre-accident-et-maladie-a-partir-de-la-prochaine-rentree-scolaire\/\" \/>\n<meta property=\"og:locale\" content=\"fr_FR\" \/>\n<meta property=\"og:type\" content=\"article\" \/>\n<meta property=\"og:title\" content=\"Tout \u00e9l\u00e8ve Togolais assur\u00e9 contre accident et maladie \u00e0 partir de la prochaine rentr\u00e9e scolaire - 228 News\" \/>\n<meta property=\"og:description\" content=\"Le Togo consacrera la somme de 3,5 milliards de francs CFA \u00e0 la couverture d\u2019une assurance maladie et accident \u00e0 pr\u00e8s de 2 millions d\u2019\u00e9l\u00e8ves \u00e0 partir de la prochaine rentr\u00e9e scolaire (2017-2018). Initiative pr\u00e9sidentielle d\u00e9nomm\u00e9e \u00ab School Assur\u00bb, le contrat d\u2019assurance de ce programme a \u00e9t\u00e9 sign\u00e9 ce mercredi 30 ao\u00fbt avec deux soci\u00e9t\u00e9s ... Lire la suite\" \/>\n<meta property=\"og:url\" content=\"https:\/\/228news.tg\/index.php\/2017\/08\/31\/tout-eleve-togolais-assure-contre-accident-et-maladie-a-partir-de-la-prochaine-rentree-scolaire\/\" \/>\n<meta property=\"og:site_name\" content=\"228 News\" \/>\n<meta property=\"article:published_time\" content=\"2017-08-31T00:00:00+00:00\" \/>\n<meta property=\"og:image\" content=\"https:\/\/228news.tg\/wp-content\/uploads\/2024\/09\/telechargement-2-4.jpg\" \/>\n\t<meta property=\"og:image:width\" content=\"275\" \/>\n\t<meta property=\"og:image:height\" content=\"183\" \/>\n\t<meta property=\"og:image:type\" content=\"image\/jpeg\" \/>\n<meta name=\"author\" content=\"Bienvenu SAVI\" \/>\n<meta name=\"twitter:card\" content=\"summary_large_image\" \/>\n<meta name=\"twitter:label1\" content=\"\u00c9crit par\" \/>\n\t<meta name=\"twitter:data1\" content=\"Bienvenu SAVI\" \/>\n\t<meta name=\"twitter:label2\" content=\"Dur\u00e9e de lecture estim\u00e9e\" \/>\n\t<meta name=\"twitter:data2\" content=\"1 minute\" \/>\n<script type=\"application\/ld+json\" class=\"yoast-schema-graph\">{\"@context\":\"https:\/\/schema.org\",\"@graph\":[{\"@type\":\"Article\",\"@id\":\"https:\/\/228news.tg\/index.php\/2017\/08\/31\/tout-eleve-togolais-assure-contre-accident-et-maladie-a-partir-de-la-prochaine-rentree-scolaire\/#article\",\"isPartOf\":{\"@id\":\"https:\/\/228news.tg\/index.php\/2017\/08\/31\/tout-eleve-togolais-assure-contre-accident-et-maladie-a-partir-de-la-prochaine-rentree-scolaire\/\"},\"author\":{\"name\":\"Bienvenu SAVI\",\"@id\":\"https:\/\/228news.tg\/#\/schema\/person\/68d5a6cc0230290e61235c8379523f52\"},\"headline\":\"Tout \u00e9l\u00e8ve Togolais assur\u00e9 contre accident et maladie \u00e0 partir de la prochaine rentr\u00e9e scolaire\",\"datePublished\":\"2017-08-31T00:00:00+00:00\",\"mainEntityOfPage\":{\"@id\":\"https:\/\/228news.tg\/index.php\/2017\/08\/31\/tout-eleve-togolais-assure-contre-accident-et-maladie-a-partir-de-la-prochaine-rentree-scolaire\/\"},\"wordCount\":157,\"commentCount\":0,\"publisher\":{\"@id\":\"https:\/\/228news.tg\/#organization\"},\"image\":{\"@id\":\"https:\/\/228news.tg\/index.php\/2017\/08\/31\/tout-eleve-togolais-assure-contre-accident-et-maladie-a-partir-de-la-prochaine-rentree-scolaire\/#primaryimage\"},\"thumbnailUrl\":\"https:\/\/228news.tg\/wp-content\/uploads\/2024\/09\/telechargement-2-4.jpg\",\"articleSection\":[\"EDUCATION\",\"Flash\",\"TOGO\",\"Une\"],\"inLanguage\":\"fr-FR\",\"potentialAction\":[{\"@type\":\"CommentAction\",\"name\":\"Comment\",\"target\":[\"https:\/\/228news.tg\/index.php\/2017\/08\/31\/tout-eleve-togolais-assure-contre-accident-et-maladie-a-partir-de-la-prochaine-rentree-scolaire\/#respond\"]}]},{\"@type\":\"WebPage\",\"@id\":\"https:\/\/228news.tg\/index.php\/2017\/08\/31\/tout-eleve-togolais-assure-contre-accident-et-maladie-a-partir-de-la-prochaine-rentree-scolaire\/\",\"url\":\"https:\/\/228news.tg\/index.php\/2017\/08\/31\/tout-eleve-togolais-assure-contre-accident-et-maladie-a-partir-de-la-prochaine-rentree-scolaire\/\",\"name\":\"Tout \u00e9l\u00e8ve Togolais assur\u00e9 contre accident et maladie \u00e0 partir de la prochaine rentr\u00e9e scolaire - 228 News\",\"isPartOf\":{\"@id\":\"https:\/\/228news.tg\/#website\"},\"primaryImageOfPage\":{\"@id\":\"https:\/\/228news.tg\/index.php\/2017\/08\/31\/tout-eleve-togolais-assure-contre-accident-et-maladie-a-partir-de-la-prochaine-rentree-scolaire\/#primaryimage\"},\"image\":{\"@id\":\"https:\/\/228news.tg\/index.php\/2017\/08\/31\/tout-eleve-togolais-assure-contre-accident-et-maladie-a-partir-de-la-prochaine-rentree-scolaire\/#primaryimage\"},\"thumbnailUrl\":\"https:\/\/228news.tg\/wp-content\/uploads\/2024\/09\/telechargement-2-4.jpg\",\"datePublished\":\"2017-08-31T00:00:00+00:00\",\"breadcrumb\":{\"@id\":\"https:\/\/228news.tg\/index.php\/2017\/08\/31\/tout-eleve-togolais-assure-contre-accident-et-maladie-a-partir-de-la-prochaine-rentree-scolaire\/#breadcrumb\"},\"inLanguage\":\"fr-FR\",\"potentialAction\":[{\"@type\":\"ReadAction\",\"target\":[\"https:\/\/228news.tg\/index.php\/2017\/08\/31\/tout-eleve-togolais-assure-contre-accident-et-maladie-a-partir-de-la-prochaine-rentree-scolaire\/\"]}]},{\"@type\":\"ImageObject\",\"inLanguage\":\"fr-FR\",\"@id\":\"https:\/\/228news.tg\/index.php\/2017\/08\/31\/tout-eleve-togolais-assure-contre-accident-et-maladie-a-partir-de-la-prochaine-rentree-scolaire\/#primaryimage\",\"url\":\"https:\/\/228news.tg\/wp-content\/uploads\/2024\/09\/telechargement-2-4.jpg\",\"contentUrl\":\"https:\/\/228news.tg\/wp-content\/uploads\/2024\/09\/telechargement-2-4.jpg\",\"width\":275,\"height\":183},{\"@type\":\"BreadcrumbList\",\"@id\":\"https:\/\/228news.tg\/index.php\/2017\/08\/31\/tout-eleve-togolais-assure-contre-accident-et-maladie-a-partir-de-la-prochaine-rentree-scolaire\/#breadcrumb\",\"itemListElement\":[{\"@type\":\"ListItem\",\"position\":1,\"name\":\"Home\",\"item\":\"https:\/\/228news.tg\/\"},{\"@type\":\"ListItem\",\"position\":2,\"name\":\"Tout \u00e9l\u00e8ve Togolais assur\u00e9 contre accident et maladie \u00e0 partir de la prochaine rentr\u00e9e scolaire\"}]},{\"@type\":\"WebSite\",\"@id\":\"https:\/\/228news.tg\/#website\",\"url\":\"https:\/\/228news.tg\/\",\"name\":\"228 News\",\"description\":\"Soci\u00e9t\u00e9 de m\u00e9dias et d\u2019actualit\u00e9s\",\"publisher\":{\"@id\":\"https:\/\/228news.tg\/#organization\"},\"potentialAction\":[{\"@type\":\"SearchAction\",\"target\":{\"@type\":\"EntryPoint\",\"urlTemplate\":\"https:\/\/228news.tg\/?s={search_term_string}\"},\"query-input\":{\"@type\":\"PropertyValueSpecification\",\"valueRequired\":true,\"valueName\":\"search_term_string\"}}],\"inLanguage\":\"fr-FR\"},{\"@type\":\"Organization\",\"@id\":\"https:\/\/228news.tg\/#organization\",\"name\":\"228 News\",\"url\":\"https:\/\/228news.tg\/\",\"logo\":{\"@type\":\"ImageObject\",\"inLanguage\":\"fr-FR\",\"@id\":\"https:\/\/228news.tg\/#\/schema\/logo\/image\/\",\"url\":\"https:\/\/228news.tg\/wp-content\/uploads\/2024\/09\/logonew.png\",\"contentUrl\":\"https:\/\/228news.tg\/wp-content\/uploads\/2024\/09\/logonew.png\",\"width\":1640,\"height\":364,\"caption\":\"228 News\"},\"image\":{\"@id\":\"https:\/\/228news.tg\/#\/schema\/logo\/image\/\"}},{\"@type\":\"Person\",\"@id\":\"https:\/\/228news.tg\/#\/schema\/person\/68d5a6cc0230290e61235c8379523f52\",\"name\":\"Bienvenu SAVI\",\"image\":{\"@type\":\"ImageObject\",\"inLanguage\":\"fr-FR\",\"@id\":\"https:\/\/228news.tg\/#\/schema\/person\/image\/\",\"url\":\"https:\/\/secure.gravatar.com\/avatar\/9db91895c559e510509c33a3e9683998458e9b828fac36d5d1aa23f0f2fd369b?s=96&d=mm&r=g\",\"contentUrl\":\"https:\/\/secure.gravatar.com\/avatar\/9db91895c559e510509c33a3e9683998458e9b828fac36d5d1aa23f0f2fd369b?s=96&d=mm&r=g\",\"caption\":\"Bienvenu SAVI\"},\"url\":\"https:\/\/228news.tg\/index.php\/author\/bienvenu\/\"}]}<\/script>\n<!-- \/ Yoast SEO plugin. -->","yoast_head_json":{"title":"Tout \u00e9l\u00e8ve Togolais assur\u00e9 contre accident et maladie \u00e0 partir de la prochaine rentr\u00e9e scolaire - 228 News","robots":{"index":"index","follow":"follow","max-snippet":"max-snippet:-1","max-image-preview":"max-image-preview:large","max-video-preview":"max-video-preview:-1"},"canonical":"https:\/\/228news.tg\/index.php\/2017\/08\/31\/tout-eleve-togolais-assure-contre-accident-et-maladie-a-partir-de-la-prochaine-rentree-scolaire\/","og_locale":"fr_FR","og_type":"article","og_title":"Tout \u00e9l\u00e8ve Togolais assur\u00e9 contre accident et maladie \u00e0 partir de la prochaine rentr\u00e9e scolaire - 228 News","og_description":"Le Togo consacrera la somme de 3,5 milliards de francs CFA \u00e0 la couverture d\u2019une assurance maladie et accident \u00e0 pr\u00e8s de 2 millions d\u2019\u00e9l\u00e8ves \u00e0 partir de la prochaine rentr\u00e9e scolaire (2017-2018). Initiative pr\u00e9sidentielle d\u00e9nomm\u00e9e \u00ab School Assur\u00bb, le contrat d\u2019assurance de ce programme a \u00e9t\u00e9 sign\u00e9 ce mercredi 30 ao\u00fbt avec deux soci\u00e9t\u00e9s ... Lire la suite","og_url":"https:\/\/228news.tg\/index.php\/2017\/08\/31\/tout-eleve-togolais-assure-contre-accident-et-maladie-a-partir-de-la-prochaine-rentree-scolaire\/","og_site_name":"228 News","article_published_time":"2017-08-31T00:00:00+00:00","og_image":[{"width":275,"height":183,"url":"https:\/\/228news.tg\/wp-content\/uploads\/2024\/09\/telechargement-2-4.jpg","type":"image\/jpeg"}],"author":"Bienvenu SAVI","twitter_card":"summary_large_image","twitter_misc":{"\u00c9crit par":"Bienvenu SAVI","Dur\u00e9e de lecture estim\u00e9e":"1 minute"},"schema":{"@context":"https:\/\/schema.org","@graph":[{"@type":"Article","@id":"https:\/\/228news.tg\/index.php\/2017\/08\/31\/tout-eleve-togolais-assure-contre-accident-et-maladie-a-partir-de-la-prochaine-rentree-scolaire\/#article","isPartOf":{"@id":"https:\/\/228news.tg\/index.php\/2017\/08\/31\/tout-eleve-togolais-assure-contre-accident-et-maladie-a-partir-de-la-prochaine-rentree-scolaire\/"},"author":{"name":"Bienvenu SAVI","@id":"https:\/\/228news.tg\/#\/schema\/person\/68d5a6cc0230290e61235c8379523f52"},"headline":"Tout \u00e9l\u00e8ve Togolais assur\u00e9 contre accident et maladie \u00e0 partir de la prochaine rentr\u00e9e scolaire","datePublished":"2017-08-31T00:00:00+00:00","mainEntityOfPage":{"@id":"https:\/\/228news.tg\/index.php\/2017\/08\/31\/tout-eleve-togolais-assure-contre-accident-et-maladie-a-partir-de-la-prochaine-rentree-scolaire\/"},"wordCount":157,"commentCount":0,"publisher":{"@id":"https:\/\/228news.tg\/#organization"},"image":{"@id":"https:\/\/228news.tg\/index.php\/2017\/08\/31\/tout-eleve-togolais-assure-contre-accident-et-maladie-a-partir-de-la-prochaine-rentree-scolaire\/#primaryimage"},"thumbnailUrl":"https:\/\/228news.tg\/wp-content\/uploads\/2024\/09\/telechargement-2-4.jpg","articleSection":["EDUCATION","Flash","TOGO","Une"],"inLanguage":"fr-FR","potentialAction":[{"@type":"CommentAction","name":"Comment","target":["https:\/\/228news.tg\/index.php\/2017\/08\/31\/tout-eleve-togolais-assure-contre-accident-et-maladie-a-partir-de-la-prochaine-rentree-scolaire\/#respond"]}]},{"@type":"WebPage","@id":"https:\/\/228news.tg\/index.php\/2017\/08\/31\/tout-eleve-togolais-assure-contre-accident-et-maladie-a-partir-de-la-prochaine-rentree-scolaire\/","url":"https:\/\/228news.tg\/index.php\/2017\/08\/31\/tout-eleve-togolais-assure-contre-accident-et-maladie-a-partir-de-la-prochaine-rentree-scolaire\/","name":"Tout \u00e9l\u00e8ve Togolais assur\u00e9 contre accident et maladie \u00e0 partir de la prochaine rentr\u00e9e scolaire - 228 News","isPartOf":{"@id":"https:\/\/228news.tg\/#website"},"primaryImageOfPage":{"@id":"https:\/\/228news.tg\/index.php\/2017\/08\/31\/tout-eleve-togolais-assure-contre-accident-et-maladie-a-partir-de-la-prochaine-rentree-scolaire\/#primaryimage"},"image":{"@id":"https:\/\/228news.tg\/index.php\/2017\/08\/31\/tout-eleve-togolais-assure-contre-accident-et-maladie-a-partir-de-la-prochaine-rentree-scolaire\/#primaryimage"},"thumbnailUrl":"https:\/\/228news.tg\/wp-content\/uploads\/2024\/09\/telechargement-2-4.jpg","datePublished":"2017-08-31T00:00:00+00:00","breadcrumb":{"@id":"https:\/\/228news.tg\/index.php\/2017\/08\/31\/tout-eleve-togolais-assure-contre-accident-et-maladie-a-partir-de-la-prochaine-rentree-scolaire\/#breadcrumb"},"inLanguage":"fr-FR","potentialAction":[{"@type":"ReadAction","target":["https:\/\/228news.tg\/index.php\/2017\/08\/31\/tout-eleve-togolais-assure-contre-accident-et-maladie-a-partir-de-la-prochaine-rentree-scolaire\/"]}]},{"@type":"ImageObject","inLanguage":"fr-FR","@id":"https:\/\/228news.tg\/index.php\/2017\/08\/31\/tout-eleve-togolais-assure-contre-accident-et-maladie-a-partir-de-la-prochaine-rentree-scolaire\/#primaryimage","url":"https:\/\/228news.tg\/wp-content\/uploads\/2024\/09\/telechargement-2-4.jpg","contentUrl":"https:\/\/228news.tg\/wp-content\/uploads\/2024\/09\/telechargement-2-4.jpg","width":275,"height":183},{"@type":"BreadcrumbList","@id":"https:\/\/228news.tg\/index.php\/2017\/08\/31\/tout-eleve-togolais-assure-contre-accident-et-maladie-a-partir-de-la-prochaine-rentree-scolaire\/#breadcrumb","itemListElement":[{"@type":"ListItem","position":1,"name":"Home","item":"https:\/\/228news.tg\/"},{"@type":"ListItem","position":2,"name":"Tout \u00e9l\u00e8ve Togolais assur\u00e9 contre accident et maladie \u00e0 partir de la prochaine rentr\u00e9e scolaire"}]},{"@type":"WebSite","@id":"https:\/\/228news.tg\/#website","url":"https:\/\/228news.tg\/","name":"228 News","description":"Soci\u00e9t\u00e9 de m\u00e9dias et d\u2019actualit\u00e9s","publisher":{"@id":"https:\/\/228news.tg\/#organization"},"potentialAction":[{"@type":"SearchAction","target":{"@type":"EntryPoint","urlTemplate":"https:\/\/228news.tg\/?s={search_term_string}"},"query-input":{"@type":"PropertyValueSpecification","valueRequired":true,"valueName":"search_term_string"}}],"inLanguage":"fr-FR"},{"@type":"Organization","@id":"https:\/\/228news.tg\/#organization","name":"228 News","url":"https:\/\/228news.tg\/","logo":{"@type":"ImageObject","inLanguage":"fr-FR","@id":"https:\/\/228news.tg\/#\/schema\/logo\/image\/","url":"https:\/\/228news.tg\/wp-content\/uploads\/2024\/09\/logonew.png","contentUrl":"https:\/\/228news.tg\/wp-content\/uploads\/2024\/09\/logonew.png","width":1640,"height":364,"caption":"228 News"},"image":{"@id":"https:\/\/228news.tg\/#\/schema\/logo\/image\/"}},{"@type":"Person","@id":"https:\/\/228news.tg\/#\/schema\/person\/68d5a6cc0230290e61235c8379523f52","name":"Bienvenu SAVI","image":{"@type":"ImageObject","inLanguage":"fr-FR","@id":"https:\/\/228news.tg\/#\/schema\/person\/image\/","url":"https:\/\/secure.gravatar.com\/avatar\/9db91895c559e510509c33a3e9683998458e9b828fac36d5d1aa23f0f2fd369b?s=96&d=mm&r=g","contentUrl":"https:\/\/secure.gravatar.com\/avatar\/9db91895c559e510509c33a3e9683998458e9b828fac36d5d1aa23f0f2fd369b?s=96&d=mm&r=g","caption":"Bienvenu SAVI"},"url":"https:\/\/228news.tg\/index.php\/author\/bienvenu\/"}]}},"jetpack_featured_media_url":"https:\/\/228news.tg\/wp-content\/uploads\/2024\/09\/telechargement-2-4.jpg","_links":{"self":[{"href":"https:\/\/228news.tg\/index.php\/wp-json\/wp\/v2\/posts\/836","targetHints":{"allow":["GET"]}}],"collection":[{"href":"https:\/\/228news.tg\/index.php\/wp-json\/wp\/v2\/posts"}],"about":[{"href":"https:\/\/228news.tg\/index.php\/wp-json\/wp\/v2\/types\/post"}],"author":[{"embeddable":true,"href":"https:\/\/228news.tg\/index.php\/wp-json\/wp\/v2\/users\/2"}],"replies":[{"embeddable":true,"href":"https:\/\/228news.tg\/index.php\/wp-json\/wp\/v2\/comments?post=836"}],"version-history":[{"count":0,"href":"https:\/\/228news.tg\/index.php\/wp-json\/wp\/v2\/posts\/836\/revisions"}],"wp:featuredmedia":[{"embeddable":true,"href":"https:\/\/228news.tg\/index.php\/wp-json\/wp\/v2\/media\/837"}],"wp:attachment":[{"href":"https:\/\/228news.tg\/index.php\/wp-json\/wp\/v2\/media?parent=836"}],"wp:term":[{"taxonomy":"category","embeddable":true,"href":"https:\/\/228news.tg\/index.php\/wp-json\/wp\/v2\/categories?post=836"},{"taxonomy":"post_tag","embeddable":true,"href":"https:\/\/228news.tg\/index.php\/wp-json\/wp\/v2\/tags?post=836"}],"curies":[{"name":"wp","href":"https:\/\/api.w.org\/{rel}","templated":true}]}}