{"id":823,"date":"2017-08-29T00:00:00","date_gmt":"2017-08-29T00:00:00","guid":{"rendered":"https:\/\/228news.tg\/index.php\/2017\/08\/29\/lagro-industrie-au-centre-des-manifestations-de-la-6eme-foire-adjafi\/"},"modified":"2017-08-29T00:00:00","modified_gmt":"2017-08-29T00:00:00","slug":"lagro-industrie-au-centre-des-manifestations-de-la-6eme-foire-adjafi","status":"publish","type":"post","link":"https:\/\/228news.tg\/index.php\/2017\/08\/29\/lagro-industrie-au-centre-des-manifestations-de-la-6eme-foire-adjafi\/","title":{"rendered":"L\u2019agro-industrie au centre des manifestations de la 6\u00e8me foire Adjafi"},"content":{"rendered":"<p>&nbsp;<\/p>\n<p>D\u00e9marr\u00e9e le jeudi 24 ao\u00fbt sur le site du terrain de football du lyc\u00e9e d\u2019Ago\u00e8, la 6<sup>\u00e8me<\/sup> foire des jeunes entrepreneurs d\u00e9nomm\u00e9e \u00ab\u00a0Adjafi\u00a0\u00bb a \u00e9t\u00e9 officiellement ouverte le lundi 28 ao\u00fbt dernier par la ministre du d\u00e9veloppement \u00e0 la base, de l\u2019artisanat, de la jeunesse et de l\u2019emploi des jeunes.<\/p>\n<p>Mise sous le signe de l\u2019agro-industrie comme secteur porteur de d\u00e9veloppement du Togo ainsi que de la sous r\u00e9gion, cette \u00e9dition de la foire Adjafi, initiative de l\u2019agence de communication \u00ab\u00a0Maxcom\u00a0\u00bb, veut mettre en exergue les probl\u00e9matiques li\u00e9es au d\u00e9veloppement de ce secteur par les jeunes et essayer de trouver des pistes de solutions pour y parvenir. Aussi un forum, une table ronde et des conf\u00e9rences d\u00e9bats seront d\u00e9di\u00e9s \u00e0 la cause.<\/p>\n<p>\u00ab\u00a0Depuis 2012, la foire Adjafi offre un cadre de manifestations et de renforcement de capacit\u00e9s aux jeunes talents, entrepreneurs et cr\u00e9ateurs d\u2019emplois.\u00a0L\u2019agro-industrie constitue vraiment une opportunit\u00e9 d\u2019affaires \u00e0 saisir par ces jeunes entrepreneurs pour que le m\u00e9tier d\u2019entrepreneur agricole soit vraiment\u00a0 \u00e0 la premi\u00e8re place. C\u2019est \u00e9galement le lieu de faire d\u00e9couvrir les cha\u00eenes de valeur que constitue l\u2019agro-alimentaire afin que les jeunes entrepreneurs puissent se positionner par rapport aux m\u00e9tiers et aux fili\u00e8res porteurs dans ce secteur \u00bb, a confi\u00e9 Maxime Minasseh, Directeur g\u00e9n\u00e9ral de l\u2019agence Maxcom.<\/p>\n<p>Pour Victoire Tom\u00e9gah Dogb\u00e9, ministre en charge de la jeunesse, cette initiative qui prend une autre dimension est la preuve m\u00eame que la jeunesse togolaise est pr\u00eate \u00e0 assurer la rel\u00e8ve.<\/p>\n<p>\u00ab\u00a0Je suis ici chaque ann\u00e9e depuis 6 ans, et je constate que nos jeunes ont beaucoup de talents. Ils le d\u00e9montrent \u00e0 chaque ann\u00e9e et j\u2019en suis agr\u00e9ablement surprise. Par leur t\u00e9m\u00e9rit\u00e9, ces jeunes construisent les pr\u00e9mices de notre croissance \u00e9conomique\u00a0\u00bb, a-t-elle confi\u00e9.<\/p>\n<p>Le pr\u00e9sident de la Chambre du Commerce et de l\u2019Industrie, Germain M\u00e9ba, pour sa part a adress\u00e9 ses vifs encouragements \u00e0 l\u2019organisation de la foire et annonc\u00e9 une forte participation de la chambre \u00e0 l\u2019\u00e9dition prochaine afin de plus rehausser le niveau de la foire.<\/p>\n<p>\u00ab\u00a0Un pays sans entrepreneur est un pays sans \u00e2me. Le soubassement des pays d\u00e9velopp\u00e9s r\u00e9side dans le potentiel de leurs entrepreneurs\u00a0\u00bb, a-t-il d\u00e9clar\u00e9.<\/p>\n<p>La foire Adjafi cette ann\u00e9e, c\u2019est un all\u00e9chant programme en commen\u00e7ant par la particularit\u00e9\u00a0: les programmes de stage et d\u2019acquisition d\u2019exp\u00e9riences par des jeunes en temps r\u00e9el sur le site de la foire dans plusieurs domaines.<\/p>\n<p>Egalement, \u2018Adjafi kids\u2019. En effet, la foire ouvre ses portes \u00e0 tous les enfants des riverains et des exposants qui seront sur la foire afin de venir faire participer \u00e0 des jeux qui leur seront b\u00e9n\u00e9fiques durant les dix huit jours que vont durer la foire.<\/p>\n<p>\u00ab\u00a0Ce sera des jeux \u00e9ducatifs, de l\u2019animation et de la peinture pour les enfants \u00bb, a \u2013t-elle pr\u00e9cis\u00e9<\/p>\n<p>Plusieurs activit\u00e9s commerciales, \u00e9ducatives et ludiques, des animations commerciales, une table-ronde et des conf\u00e9rences sur le th\u00e8me de la 6\u00e8me \u00e9dition sont par ailleurs inscrites au programme de cette foire.<\/p>\n<p>L\u2019animation et le spectacle ne sont pas en marge pour le bon plaisir des visiteurs et exposants. D\u00e9j\u00e0 le vendredi dernier, le rap togolais a mis le feu sur le site de la foire avec un concert hip hop. Ceci a \u00e9t\u00e9 suivi le samedi par le concours \u00ab Battle Arena \u00bb, un spectacle de danses urbaines. Le dimanche, c\u2019est au tout du gospel de prendre le pouvoir \u00e0 travers le concert live \u00ab Gospel Men Show \u00bb.<\/p>\n<p>Le concours \u00ab\u00a0P\u00e9pite\u00a0\u00bb, qui r\u00e9compense, promeut, finance, et accompagne un projet novateur et porteur est \u00e9galement maintenu. Les \u00e9coles et universit\u00e9s publiques et priv\u00e9es vont encore rivaliser d\u2019ardeur au cours de ce challenge.<\/p>\n<p>Egalement, le concours \u00ab Panier vert \u00bb qui met aux prises les cuisiniers est maintenu avec un \u00e9largissement \u00e0 toute personne fan de la chose culinaire et d\u00e9sireuse de le d\u00e9montrer, pas uniquement aux cuisiniers. Un floril\u00e8ge d\u2019activit\u00e9s qui promet de combler les attentes des visiteurs, exposants durant cette 6<sup>\u00e8me<\/sup> \u00e9dition de la foire des jeunes entrepreneurs.<\/p>\n<p>Occupant un espace grand public de 18.000 places avec \u00e0 la cl\u00e9 167 stands juniors, 18 stands seniors, 15 stands VIP et 28 stands de restauration, cette 6<sup>\u00e8me<\/sup> \u00e9dition de la foire \u00ab\u00a0Adjafi\u00a0\u00bb enregistre la participation des pays de la sous r\u00e9gion, d\u2019Europe, le Pakistan, des pays de l\u2019Am\u00e9rique ainsi que des Togolais de la diaspora revenus apporter leur expertise et exp\u00e9rience en tant que jeune.<\/p>\n<p>La foire qui escompte accueillir plus de 200.000 visiteurs prendra fin le 10 septembre prochain.<\/p>\n<p><em>(photo, coupure de ruban par la ministre en charge de la jeunesse, Victoire Dogb\u00e9)<\/em><\/p>\n<p><strong>D\u00e9mocrate<\/strong><\/p>\n<p>(00228) 91 85 40 14<\/p>\n<p>98 60 67 68<\/p>\n<p>democrate2010@gmail.com<\/p>\n","protected":false},"excerpt":{"rendered":"<p>&nbsp; D\u00e9marr\u00e9e le jeudi 24 ao\u00fbt sur le site du terrain de football du lyc\u00e9e d\u2019Ago\u00e8, la 6\u00e8me foire des jeunes entrepreneurs d\u00e9nomm\u00e9e \u00ab\u00a0Adjafi\u00a0\u00bb a \u00e9t\u00e9 officiellement ouverte le lundi 28 ao\u00fbt dernier par la ministre du d\u00e9veloppement \u00e0 la base, de l\u2019artisanat, de la jeunesse et de l\u2019emploi des jeunes. Mise sous le signe &#8230; <a title=\"L\u2019agro-industrie au centre des manifestations de la 6\u00e8me foire Adjafi\" class=\"read-more\" href=\"https:\/\/228news.tg\/index.php\/2017\/08\/29\/lagro-industrie-au-centre-des-manifestations-de-la-6eme-foire-adjafi\/\" aria-label=\"En savoir plus sur L\u2019agro-industrie au centre des manifestations de la 6\u00e8me foire Adjafi\">Lire la suite<\/a><\/p>\n","protected":false},"author":2,"featured_media":824,"comment_status":"open","ping_status":"open","sticky":false,"template":"","format":"standard","meta":{"footnotes":""},"categories":[30,35,25,34],"tags":[],"class_list":["post-823","post","type-post","status-publish","format-standard","has-post-thumbnail","hentry","category-economie","category-flash","category-togo","category-une"],"yoast_head":"<!-- This site is optimized with the Yoast SEO plugin v26.4 - https:\/\/yoast.com\/wordpress\/plugins\/seo\/ -->\n<title>L\u2019agro-industrie au centre des manifestations de la 6\u00e8me foire Adjafi - 228 News<\/title>\n<meta name=\"robots\" content=\"index, follow, max-snippet:-1, max-image-preview:large, max-video-preview:-1\" \/>\n<link rel=\"canonical\" href=\"https:\/\/228news.tg\/index.php\/2017\/08\/29\/lagro-industrie-au-centre-des-manifestations-de-la-6eme-foire-adjafi\/\" \/>\n<meta property=\"og:locale\" content=\"fr_FR\" \/>\n<meta property=\"og:type\" content=\"article\" \/>\n<meta property=\"og:title\" content=\"L\u2019agro-industrie au centre des manifestations de la 6\u00e8me foire Adjafi - 228 News\" \/>\n<meta property=\"og:description\" content=\"&nbsp; D\u00e9marr\u00e9e le jeudi 24 ao\u00fbt sur le site du terrain de football du lyc\u00e9e d\u2019Ago\u00e8, la 6\u00e8me foire des jeunes entrepreneurs d\u00e9nomm\u00e9e \u00ab\u00a0Adjafi\u00a0\u00bb a \u00e9t\u00e9 officiellement ouverte le lundi 28 ao\u00fbt dernier par la ministre du d\u00e9veloppement \u00e0 la base, de l\u2019artisanat, de la jeunesse et de l\u2019emploi des jeunes. Mise sous le signe ... Lire la suite\" \/>\n<meta property=\"og:url\" content=\"https:\/\/228news.tg\/index.php\/2017\/08\/29\/lagro-industrie-au-centre-des-manifestations-de-la-6eme-foire-adjafi\/\" \/>\n<meta property=\"og:site_name\" content=\"228 News\" \/>\n<meta property=\"article:published_time\" content=\"2017-08-29T00:00:00+00:00\" \/>\n<meta property=\"og:image\" content=\"https:\/\/228news.tg\/wp-content\/uploads\/2024\/09\/IMG-20170828-WA0115.jpg\" \/>\n\t<meta property=\"og:image:width\" content=\"1080\" \/>\n\t<meta property=\"og:image:height\" content=\"607\" \/>\n\t<meta property=\"og:image:type\" content=\"image\/jpeg\" \/>\n<meta name=\"author\" content=\"Bienvenu SAVI\" \/>\n<meta name=\"twitter:card\" content=\"summary_large_image\" \/>\n<meta name=\"twitter:label1\" content=\"\u00c9crit par\" \/>\n\t<meta name=\"twitter:data1\" content=\"Bienvenu SAVI\" \/>\n\t<meta name=\"twitter:label2\" content=\"Dur\u00e9e de lecture estim\u00e9e\" \/>\n\t<meta name=\"twitter:data2\" content=\"4 minutes\" \/>\n<script type=\"application\/ld+json\" class=\"yoast-schema-graph\">{\"@context\":\"https:\/\/schema.org\",\"@graph\":[{\"@type\":\"Article\",\"@id\":\"https:\/\/228news.tg\/index.php\/2017\/08\/29\/lagro-industrie-au-centre-des-manifestations-de-la-6eme-foire-adjafi\/#article\",\"isPartOf\":{\"@id\":\"https:\/\/228news.tg\/index.php\/2017\/08\/29\/lagro-industrie-au-centre-des-manifestations-de-la-6eme-foire-adjafi\/\"},\"author\":{\"name\":\"Bienvenu SAVI\",\"@id\":\"https:\/\/228news.tg\/#\/schema\/person\/68d5a6cc0230290e61235c8379523f52\"},\"headline\":\"L\u2019agro-industrie au centre des manifestations de la 6\u00e8me foire Adjafi\",\"datePublished\":\"2017-08-29T00:00:00+00:00\",\"mainEntityOfPage\":{\"@id\":\"https:\/\/228news.tg\/index.php\/2017\/08\/29\/lagro-industrie-au-centre-des-manifestations-de-la-6eme-foire-adjafi\/\"},\"wordCount\":824,\"commentCount\":0,\"publisher\":{\"@id\":\"https:\/\/228news.tg\/#organization\"},\"image\":{\"@id\":\"https:\/\/228news.tg\/index.php\/2017\/08\/29\/lagro-industrie-au-centre-des-manifestations-de-la-6eme-foire-adjafi\/#primaryimage\"},\"thumbnailUrl\":\"https:\/\/228news.tg\/wp-content\/uploads\/2024\/09\/IMG-20170828-WA0115.jpg\",\"articleSection\":[\"ECONOMIE\",\"Flash\",\"TOGO\",\"Une\"],\"inLanguage\":\"fr-FR\",\"potentialAction\":[{\"@type\":\"CommentAction\",\"name\":\"Comment\",\"target\":[\"https:\/\/228news.tg\/index.php\/2017\/08\/29\/lagro-industrie-au-centre-des-manifestations-de-la-6eme-foire-adjafi\/#respond\"]}]},{\"@type\":\"WebPage\",\"@id\":\"https:\/\/228news.tg\/index.php\/2017\/08\/29\/lagro-industrie-au-centre-des-manifestations-de-la-6eme-foire-adjafi\/\",\"url\":\"https:\/\/228news.tg\/index.php\/2017\/08\/29\/lagro-industrie-au-centre-des-manifestations-de-la-6eme-foire-adjafi\/\",\"name\":\"L\u2019agro-industrie au centre des manifestations de la 6\u00e8me foire Adjafi - 228 News\",\"isPartOf\":{\"@id\":\"https:\/\/228news.tg\/#website\"},\"primaryImageOfPage\":{\"@id\":\"https:\/\/228news.tg\/index.php\/2017\/08\/29\/lagro-industrie-au-centre-des-manifestations-de-la-6eme-foire-adjafi\/#primaryimage\"},\"image\":{\"@id\":\"https:\/\/228news.tg\/index.php\/2017\/08\/29\/lagro-industrie-au-centre-des-manifestations-de-la-6eme-foire-adjafi\/#primaryimage\"},\"thumbnailUrl\":\"https:\/\/228news.tg\/wp-content\/uploads\/2024\/09\/IMG-20170828-WA0115.jpg\",\"datePublished\":\"2017-08-29T00:00:00+00:00\",\"breadcrumb\":{\"@id\":\"https:\/\/228news.tg\/index.php\/2017\/08\/29\/lagro-industrie-au-centre-des-manifestations-de-la-6eme-foire-adjafi\/#breadcrumb\"},\"inLanguage\":\"fr-FR\",\"potentialAction\":[{\"@type\":\"ReadAction\",\"target\":[\"https:\/\/228news.tg\/index.php\/2017\/08\/29\/lagro-industrie-au-centre-des-manifestations-de-la-6eme-foire-adjafi\/\"]}]},{\"@type\":\"ImageObject\",\"inLanguage\":\"fr-FR\",\"@id\":\"https:\/\/228news.tg\/index.php\/2017\/08\/29\/lagro-industrie-au-centre-des-manifestations-de-la-6eme-foire-adjafi\/#primaryimage\",\"url\":\"https:\/\/228news.tg\/wp-content\/uploads\/2024\/09\/IMG-20170828-WA0115.jpg\",\"contentUrl\":\"https:\/\/228news.tg\/wp-content\/uploads\/2024\/09\/IMG-20170828-WA0115.jpg\",\"width\":1080,\"height\":607},{\"@type\":\"BreadcrumbList\",\"@id\":\"https:\/\/228news.tg\/index.php\/2017\/08\/29\/lagro-industrie-au-centre-des-manifestations-de-la-6eme-foire-adjafi\/#breadcrumb\",\"itemListElement\":[{\"@type\":\"ListItem\",\"position\":1,\"name\":\"Home\",\"item\":\"https:\/\/228news.tg\/\"},{\"@type\":\"ListItem\",\"position\":2,\"name\":\"L\u2019agro-industrie au centre des manifestations de la 6\u00e8me foire Adjafi\"}]},{\"@type\":\"WebSite\",\"@id\":\"https:\/\/228news.tg\/#website\",\"url\":\"https:\/\/228news.tg\/\",\"name\":\"228 News\",\"description\":\"Soci\u00e9t\u00e9 de m\u00e9dias et d\u2019actualit\u00e9s\",\"publisher\":{\"@id\":\"https:\/\/228news.tg\/#organization\"},\"potentialAction\":[{\"@type\":\"SearchAction\",\"target\":{\"@type\":\"EntryPoint\",\"urlTemplate\":\"https:\/\/228news.tg\/?s={search_term_string}\"},\"query-input\":{\"@type\":\"PropertyValueSpecification\",\"valueRequired\":true,\"valueName\":\"search_term_string\"}}],\"inLanguage\":\"fr-FR\"},{\"@type\":\"Organization\",\"@id\":\"https:\/\/228news.tg\/#organization\",\"name\":\"228 News\",\"url\":\"https:\/\/228news.tg\/\",\"logo\":{\"@type\":\"ImageObject\",\"inLanguage\":\"fr-FR\",\"@id\":\"https:\/\/228news.tg\/#\/schema\/logo\/image\/\",\"url\":\"https:\/\/228news.tg\/wp-content\/uploads\/2024\/09\/logonew.png\",\"contentUrl\":\"https:\/\/228news.tg\/wp-content\/uploads\/2024\/09\/logonew.png\",\"width\":1640,\"height\":364,\"caption\":\"228 News\"},\"image\":{\"@id\":\"https:\/\/228news.tg\/#\/schema\/logo\/image\/\"}},{\"@type\":\"Person\",\"@id\":\"https:\/\/228news.tg\/#\/schema\/person\/68d5a6cc0230290e61235c8379523f52\",\"name\":\"Bienvenu SAVI\",\"image\":{\"@type\":\"ImageObject\",\"inLanguage\":\"fr-FR\",\"@id\":\"https:\/\/228news.tg\/#\/schema\/person\/image\/\",\"url\":\"https:\/\/secure.gravatar.com\/avatar\/9db91895c559e510509c33a3e9683998458e9b828fac36d5d1aa23f0f2fd369b?s=96&d=mm&r=g\",\"contentUrl\":\"https:\/\/secure.gravatar.com\/avatar\/9db91895c559e510509c33a3e9683998458e9b828fac36d5d1aa23f0f2fd369b?s=96&d=mm&r=g\",\"caption\":\"Bienvenu SAVI\"},\"url\":\"https:\/\/228news.tg\/index.php\/author\/bienvenu\/\"}]}<\/script>\n<!-- \/ Yoast SEO plugin. -->","yoast_head_json":{"title":"L\u2019agro-industrie au centre des manifestations de la 6\u00e8me foire Adjafi - 228 News","robots":{"index":"index","follow":"follow","max-snippet":"max-snippet:-1","max-image-preview":"max-image-preview:large","max-video-preview":"max-video-preview:-1"},"canonical":"https:\/\/228news.tg\/index.php\/2017\/08\/29\/lagro-industrie-au-centre-des-manifestations-de-la-6eme-foire-adjafi\/","og_locale":"fr_FR","og_type":"article","og_title":"L\u2019agro-industrie au centre des manifestations de la 6\u00e8me foire Adjafi - 228 News","og_description":"&nbsp; D\u00e9marr\u00e9e le jeudi 24 ao\u00fbt sur le site du terrain de football du lyc\u00e9e d\u2019Ago\u00e8, la 6\u00e8me foire des jeunes entrepreneurs d\u00e9nomm\u00e9e \u00ab\u00a0Adjafi\u00a0\u00bb a \u00e9t\u00e9 officiellement ouverte le lundi 28 ao\u00fbt dernier par la ministre du d\u00e9veloppement \u00e0 la base, de l\u2019artisanat, de la jeunesse et de l\u2019emploi des jeunes. Mise sous le signe ... Lire la suite","og_url":"https:\/\/228news.tg\/index.php\/2017\/08\/29\/lagro-industrie-au-centre-des-manifestations-de-la-6eme-foire-adjafi\/","og_site_name":"228 News","article_published_time":"2017-08-29T00:00:00+00:00","og_image":[{"width":1080,"height":607,"url":"https:\/\/228news.tg\/wp-content\/uploads\/2024\/09\/IMG-20170828-WA0115.jpg","type":"image\/jpeg"}],"author":"Bienvenu SAVI","twitter_card":"summary_large_image","twitter_misc":{"\u00c9crit par":"Bienvenu SAVI","Dur\u00e9e de lecture estim\u00e9e":"4 minutes"},"schema":{"@context":"https:\/\/schema.org","@graph":[{"@type":"Article","@id":"https:\/\/228news.tg\/index.php\/2017\/08\/29\/lagro-industrie-au-centre-des-manifestations-de-la-6eme-foire-adjafi\/#article","isPartOf":{"@id":"https:\/\/228news.tg\/index.php\/2017\/08\/29\/lagro-industrie-au-centre-des-manifestations-de-la-6eme-foire-adjafi\/"},"author":{"name":"Bienvenu SAVI","@id":"https:\/\/228news.tg\/#\/schema\/person\/68d5a6cc0230290e61235c8379523f52"},"headline":"L\u2019agro-industrie au centre des manifestations de la 6\u00e8me foire Adjafi","datePublished":"2017-08-29T00:00:00+00:00","mainEntityOfPage":{"@id":"https:\/\/228news.tg\/index.php\/2017\/08\/29\/lagro-industrie-au-centre-des-manifestations-de-la-6eme-foire-adjafi\/"},"wordCount":824,"commentCount":0,"publisher":{"@id":"https:\/\/228news.tg\/#organization"},"image":{"@id":"https:\/\/228news.tg\/index.php\/2017\/08\/29\/lagro-industrie-au-centre-des-manifestations-de-la-6eme-foire-adjafi\/#primaryimage"},"thumbnailUrl":"https:\/\/228news.tg\/wp-content\/uploads\/2024\/09\/IMG-20170828-WA0115.jpg","articleSection":["ECONOMIE","Flash","TOGO","Une"],"inLanguage":"fr-FR","potentialAction":[{"@type":"CommentAction","name":"Comment","target":["https:\/\/228news.tg\/index.php\/2017\/08\/29\/lagro-industrie-au-centre-des-manifestations-de-la-6eme-foire-adjafi\/#respond"]}]},{"@type":"WebPage","@id":"https:\/\/228news.tg\/index.php\/2017\/08\/29\/lagro-industrie-au-centre-des-manifestations-de-la-6eme-foire-adjafi\/","url":"https:\/\/228news.tg\/index.php\/2017\/08\/29\/lagro-industrie-au-centre-des-manifestations-de-la-6eme-foire-adjafi\/","name":"L\u2019agro-industrie au centre des manifestations de la 6\u00e8me foire Adjafi - 228 News","isPartOf":{"@id":"https:\/\/228news.tg\/#website"},"primaryImageOfPage":{"@id":"https:\/\/228news.tg\/index.php\/2017\/08\/29\/lagro-industrie-au-centre-des-manifestations-de-la-6eme-foire-adjafi\/#primaryimage"},"image":{"@id":"https:\/\/228news.tg\/index.php\/2017\/08\/29\/lagro-industrie-au-centre-des-manifestations-de-la-6eme-foire-adjafi\/#primaryimage"},"thumbnailUrl":"https:\/\/228news.tg\/wp-content\/uploads\/2024\/09\/IMG-20170828-WA0115.jpg","datePublished":"2017-08-29T00:00:00+00:00","breadcrumb":{"@id":"https:\/\/228news.tg\/index.php\/2017\/08\/29\/lagro-industrie-au-centre-des-manifestations-de-la-6eme-foire-adjafi\/#breadcrumb"},"inLanguage":"fr-FR","potentialAction":[{"@type":"ReadAction","target":["https:\/\/228news.tg\/index.php\/2017\/08\/29\/lagro-industrie-au-centre-des-manifestations-de-la-6eme-foire-adjafi\/"]}]},{"@type":"ImageObject","inLanguage":"fr-FR","@id":"https:\/\/228news.tg\/index.php\/2017\/08\/29\/lagro-industrie-au-centre-des-manifestations-de-la-6eme-foire-adjafi\/#primaryimage","url":"https:\/\/228news.tg\/wp-content\/uploads\/2024\/09\/IMG-20170828-WA0115.jpg","contentUrl":"https:\/\/228news.tg\/wp-content\/uploads\/2024\/09\/IMG-20170828-WA0115.jpg","width":1080,"height":607},{"@type":"BreadcrumbList","@id":"https:\/\/228news.tg\/index.php\/2017\/08\/29\/lagro-industrie-au-centre-des-manifestations-de-la-6eme-foire-adjafi\/#breadcrumb","itemListElement":[{"@type":"ListItem","position":1,"name":"Home","item":"https:\/\/228news.tg\/"},{"@type":"ListItem","position":2,"name":"L\u2019agro-industrie au centre des manifestations de la 6\u00e8me foire Adjafi"}]},{"@type":"WebSite","@id":"https:\/\/228news.tg\/#website","url":"https:\/\/228news.tg\/","name":"228 News","description":"Soci\u00e9t\u00e9 de m\u00e9dias et d\u2019actualit\u00e9s","publisher":{"@id":"https:\/\/228news.tg\/#organization"},"potentialAction":[{"@type":"SearchAction","target":{"@type":"EntryPoint","urlTemplate":"https:\/\/228news.tg\/?s={search_term_string}"},"query-input":{"@type":"PropertyValueSpecification","valueRequired":true,"valueName":"search_term_string"}}],"inLanguage":"fr-FR"},{"@type":"Organization","@id":"https:\/\/228news.tg\/#organization","name":"228 News","url":"https:\/\/228news.tg\/","logo":{"@type":"ImageObject","inLanguage":"fr-FR","@id":"https:\/\/228news.tg\/#\/schema\/logo\/image\/","url":"https:\/\/228news.tg\/wp-content\/uploads\/2024\/09\/logonew.png","contentUrl":"https:\/\/228news.tg\/wp-content\/uploads\/2024\/09\/logonew.png","width":1640,"height":364,"caption":"228 News"},"image":{"@id":"https:\/\/228news.tg\/#\/schema\/logo\/image\/"}},{"@type":"Person","@id":"https:\/\/228news.tg\/#\/schema\/person\/68d5a6cc0230290e61235c8379523f52","name":"Bienvenu SAVI","image":{"@type":"ImageObject","inLanguage":"fr-FR","@id":"https:\/\/228news.tg\/#\/schema\/person\/image\/","url":"https:\/\/secure.gravatar.com\/avatar\/9db91895c559e510509c33a3e9683998458e9b828fac36d5d1aa23f0f2fd369b?s=96&d=mm&r=g","contentUrl":"https:\/\/secure.gravatar.com\/avatar\/9db91895c559e510509c33a3e9683998458e9b828fac36d5d1aa23f0f2fd369b?s=96&d=mm&r=g","caption":"Bienvenu SAVI"},"url":"https:\/\/228news.tg\/index.php\/author\/bienvenu\/"}]}},"jetpack_featured_media_url":"https:\/\/228news.tg\/wp-content\/uploads\/2024\/09\/IMG-20170828-WA0115.jpg","_links":{"self":[{"href":"https:\/\/228news.tg\/index.php\/wp-json\/wp\/v2\/posts\/823","targetHints":{"allow":["GET"]}}],"collection":[{"href":"https:\/\/228news.tg\/index.php\/wp-json\/wp\/v2\/posts"}],"about":[{"href":"https:\/\/228news.tg\/index.php\/wp-json\/wp\/v2\/types\/post"}],"author":[{"embeddable":true,"href":"https:\/\/228news.tg\/index.php\/wp-json\/wp\/v2\/users\/2"}],"replies":[{"embeddable":true,"href":"https:\/\/228news.tg\/index.php\/wp-json\/wp\/v2\/comments?post=823"}],"version-history":[{"count":0,"href":"https:\/\/228news.tg\/index.php\/wp-json\/wp\/v2\/posts\/823\/revisions"}],"wp:featuredmedia":[{"embeddable":true,"href":"https:\/\/228news.tg\/index.php\/wp-json\/wp\/v2\/media\/824"}],"wp:attachment":[{"href":"https:\/\/228news.tg\/index.php\/wp-json\/wp\/v2\/media?parent=823"}],"wp:term":[{"taxonomy":"category","embeddable":true,"href":"https:\/\/228news.tg\/index.php\/wp-json\/wp\/v2\/categories?post=823"},{"taxonomy":"post_tag","embeddable":true,"href":"https:\/\/228news.tg\/index.php\/wp-json\/wp\/v2\/tags?post=823"}],"curies":[{"name":"wp","href":"https:\/\/api.w.org\/{rel}","templated":true}]}}