{"id":792,"date":"2017-08-19T00:00:00","date_gmt":"2017-08-19T00:00:00","guid":{"rendered":"https:\/\/228news.tg\/index.php\/2017\/08\/19\/approche-preventive-dans-la-protection-maternelle-et-infantile-a-la-decouverte-du-centre-medico-social-da-ma-dit-de-yokele\/"},"modified":"2024-09-09T14:03:30","modified_gmt":"2024-09-09T14:03:30","slug":"approche-preventive-dans-la-protection-maternelle-et-infantile-a-la-decouverte-du-centre-medico-social-da-ma-dit-de-yokele","status":"publish","type":"post","link":"https:\/\/228news.tg\/index.php\/2017\/08\/19\/approche-preventive-dans-la-protection-maternelle-et-infantile-a-la-decouverte-du-centre-medico-social-da-ma-dit-de-yokele\/","title":{"rendered":"Approche pr\u00e9ventive dans la protection maternelle et infantile:\u00a0A la d\u00e9couverte du centre m\u00e9dico-social \u00ab\u00a0Da m\u2019a dit\u00a0\u00bb de Yok\u00e9l\u00e9"},"content":{"rendered":"<p><img fetchpriority=\"high\" decoding=\"async\" class=\"size-medium wp-image-1719 alignright\" src=\"https:\/\/228news.tg\/wp-content\/uploads\/2024\/09\/IMG-20170817-WA0005-300x169.jpg\" alt=\"\" width=\"300\" height=\"169\" \/>Pionni\u00e8re dans la pr\u00e9vention des maux li\u00e9s \u00e0 la sant\u00e9 de la m\u00e8re et de l\u2019enfant, l\u2019association \u00ab\u00a0Da m\u2019a dit\u00a0\u00bb est pr\u00e9sente au Togo depuis 2012. Elle \u0153uvre \u00e0 la bonne sant\u00e9, \u00e0 l\u2019\u00e9panouissement et au bien \u00eatre de l\u2019enfant et de la femme dans une approche pr\u00e9ventive particuli\u00e8re et tr\u00e8s originale \u00e0 la diff\u00e9rence de la majorit\u00e9 d\u2019organisations non gouvernementales et associations qui op\u00e8rent dans la gu\u00e9rison. \u00ab\u00a0Da m\u2019a dit\u00a0\u00bb, c\u2019est un projet, une phase pilote avant son \u00e9largissement. Pour cette phase pilote aux r\u00e9sultats assez probants et satisfaisants sur lesquels nous reviendront plus tard, l\u2019association a mis en place un centre m\u00e9dico-social \u00e0 Yok\u00e9l\u00e9, qu\u2019une \u00e9quipe des Journalistes en Mission pour le D\u00e9veloppement (JMD) a d\u00e9couvert durant une de ses missions. A travers cet article, les JMD confectionnent une carte de visite de ce centre, des activit\u00e9s qui s\u2019y d\u00e9roulent et de leur importance dans la vie des Togolais.<\/p>\n<p><img decoding=\"async\" class=\"alignleft size-medium wp-image-1727\" src=\"https:\/\/228news.tg\/wp-content\/uploads\/2024\/09\/IMG-20170817-WA0023-300x169.jpg\" alt=\"\" width=\"300\" height=\"169\" \/>Nous sommes dans le village de Yok\u00e9l\u00e9, situ\u00e9 \u00e0 une huitaine (8) de kilom\u00e8tres \u00e0 l\u2019Est de la ville de Kpalim\u00e9. Au pied de la\u00a0 cha\u00eene montagneuse de l&rsquo;Atakora se dresse un joli centre m\u00e9dico-social sp\u00e9cialis\u00e9 dans la pr\u00e9vention et \u0153uvrant au bien \u00eatre des populations de la r\u00e9gion.\u00a0: \u00ab\u00a0Da m\u2019a dit\u00a0\u00bb, tel est son nom, \u0153uvre de l\u2019association qui l\u2019a mis en place. \u00ab Da m\u2019a dit \u00bb, qui litt\u00e9ralement veut dire en Ew\u00e9, langue vernaculaire parl\u00e9e au Togo \u00ab Maman m\u2019a dit \u00bb, tel est le nom empreint d\u2019un particulier attachement aux sources africaines, aux b\u00e9n\u00e9dictions et paroles de sagesse re\u00e7ues par chaque enfant aupr\u00e8s de sa maman \u00e0 sa naissance.<\/p>\n<p>Au cours d\u2019une visite guid\u00e9e dirig\u00e9e par Mme Akome Kokoe Dovene, directrice adjointe du centre Da m\u2019a dit, l\u2019\u00e9quipe des JMD a d\u00e9couvert tous les recoins du centre et des activit\u00e9s qui y sont faites. Des espaces de jeux et v\u00e9randas, en passant par la biblioth\u00e8que pour enfant, sans oublier les salles de jouets et d\u2019\u00e9ducation \u00e0 l\u2019allaitement des b\u00e9b\u00e9s, \u00e0 leur entretien, la directrice adjointe a convi\u00e9 toutes les populations \u00e0 venir faire l\u2019exp\u00e9rience de Da m\u2019a dit afin de t\u00e9moigner plus tard de la n\u00e9cessit\u00e9 et facilit\u00e9 qu\u2019il y a \u00e0 pr\u00e9venir certains maux par des gestes simples et efficaces que de vouloir les gu\u00e9rir dans un monde en crise.<\/p>\n<p>\u00ab\u00a0Par exemple, le fait de forcer les nouveaux n\u00e9s par une position donn\u00e9e afin qu\u2019il s\u2019assaille le plus t\u00f4t possible leur cr\u00e9e des soucis de hanche plus tard dans la vie. Cette pratique est pourtant monnaie courante en Afrique o\u00f9 quand ce probl\u00e8me du \u00e0 la n\u00e9gligence ou \u00e0 la m\u00e9connaissance des parents survient, on pr\u00e9f\u00e8re le mettre sur le dos d\u2019une tante sorci\u00e8re qui en est la cause,\u2026Da m\u2019a dit veut lutter \u00e0 ce que toutes les informations utiles, de la grossesse \u00e0 terme soient maitris\u00e9es par les parents afin que et les enfants, et les parents soient sains.\u00a0\u00bb, a \u2013t-elle confi\u00e9.<img decoding=\"async\" class=\"size-medium wp-image-1721 alignright\" src=\"https:\/\/228news.tg\/wp-content\/uploads\/2024\/09\/IMG-20170817-WA0010-300x169.jpg\" alt=\"\" width=\"300\" height=\"169\" \/><\/p>\n<p>Ces informations sont capitales dans la vie des femmes et vont de leur alimentation pendant la grossesse \u00e0 leurs activit\u00e9s. Des habits de nouveaux n\u00e9s offerts par des bienfaiteurs \u00e0 l\u2019association y sont distribu\u00e9s au besoin aux populations.<\/p>\n<p>Le centre sensibilise \u00e9galement les jeunes contre certains actes qui conduisent \u00e0 des situations non d\u00e9sir\u00e9es telles les grossesses pr\u00e9coces, la contraction des IST\/MST, \u2026 Ceci gr\u00e2ce au concours d\u2019une salle de conf\u00e9rence de plus de 50 places dont il dispose. Bien a\u00e9r\u00e9e, ventil\u00e9e et bien \u00e9quip\u00e9e, cette salle est mise \u00e0 la disposition de tout conf\u00e9rencier.<\/p>\n<p><img loading=\"lazy\" decoding=\"async\" class=\"alignleft size-medium wp-image-1729\" src=\"https:\/\/228news.tg\/wp-content\/uploads\/2024\/09\/IMG-20170817-WA0037-300x169.jpg\" alt=\"\" width=\"300\" height=\"169\" \/>Le centre dispose \u00e9galement des logements, deux d\u00e9j\u00e0 pr\u00eats, le reste en construction afin d\u2019h\u00e9berger les parents et enfants qui souhaitent y rester, passer de bons moments sains, \u00e9duquer les enfants ou m\u00eame travailler dans la qui\u00e9tude. La cuisine qui y est servie est europ\u00e9enne et africaine.<\/p>\n<p>Le centre Da m\u2019a dit, pour financer toutes ces activit\u00e9s b\u00e9n\u00e9ficie certes des dons des volontaires et membres de l\u2019association, mais effectue \u00e9galement des activit\u00e9s g\u00e9n\u00e9ratrices de revenus notamment la vente des perles, de l\u2019eau potable, du jus de noni, des paniers, \u00e9ventails, le louage des chaises,\u2026<\/p>\n<p>\u00ab Da m\u2019a dit, c\u2019est un projet issu d\u2019un cri de c\u0153ur dans un petit bureau en France, c\u2019est un r\u00eave de voir des mamans et leurs enfants d\u2019une autre mani\u00e8re, ce r\u00eave de les voir sains et en pleine forme prend forme ici \u00e0 Yok\u00e9l\u00e9 et nous convions toutes les populations \u00e0 venir s\u2019y impr\u00e9gner car elles ont tellement \u00e0 y gagner.\u00a0\u00bb, a d\u00e9clar\u00e9 pour sa part avec la fiert\u00e9 de faire quelque chose pour le bien de son pays, Mme Mawussi Aline, membre de l\u2019association et r\u00e9sidente en France.<\/p>\n<p>Avec ce slogan PREVENIR, l\u2019association \u00ab\u00a0Da m\u2019a dit\u00a0\u00bb veut permettre \u00e0 toute personne de prendre en main sa sant\u00e9, de rencontrer les professionnels m\u00e9dicaux, d\u2019\u00e9quilibrer son alimentation, de veiller au d\u00e9veloppement de son enfant, d\u2019enrichir sa nutrition, de na\u00eetre en bonne sant\u00e9, d\u2019interroger les professionnels sur les bonnes pratiques sanitaires et sociales afin de rayonner de bien \u00eatre.<img loading=\"lazy\" decoding=\"async\" class=\"size-medium wp-image-1730 alignright\" src=\"https:\/\/228news.tg\/wp-content\/uploads\/2024\/09\/IMG-20170817-WA0025-300x169.jpg\" alt=\"\" width=\"300\" height=\"169\" \/><\/p>\n<p>Groupe de volontaires menant des actions pr\u00e9ventives et \u00e9ducatives en direction des familles \u00ab Da m\u2019a dit \u00bb est une association \u00e0 vocation humanitaire qui a \u00e0 c\u0153ur la sant\u00e9 et le bien \u00eatre des femmes et des enfants et pour objectif la construction de plusieurs centres de Protection Maternelle et Infantile (PMI) en Afrique.<\/p>\n<p><img loading=\"lazy\" decoding=\"async\" class=\"size-medium wp-image-1720 alignleft\" src=\"https:\/\/228news.tg\/wp-content\/uploads\/2024\/09\/IMG-20170817-WA0008-169x300.jpg\" alt=\"\" width=\"169\" height=\"300\" \/><\/p>\n<p>Malgr\u00e9 quelques difficult\u00e9s \u00e0 surmonter avant d\u2019arriver au centre \u00e0 cause de la v\u00e9tust\u00e9 de la voie qui y m\u00e8ne, surtout pour les v\u00e9hicules 4\u00d74, le centre \u00ab\u00a0Da m\u2019a dit\u00a0\u00bb jouit du climat tropical de Kpalim\u00e9, d\u2019une v\u00e9g\u00e9tation verdoyante et luxuriante, coupl\u00e9 d\u2019un calme olympien qui lui conf\u00e8re l\u2019aspect d\u2019un paradis dans un monde o\u00f9 le mal r\u00e8gne en ma\u00eetre un peu partout. Depuis le centre, on peut contempler les merveilles naturelles de la cha\u00eene de montagne de l\u2019Atakora, respirer de l\u2019air frais, jouir de bons moments de retraites ou de travail quand les femmes et enfants b\u00e9n\u00e9ficient de l\u2019expertise et des conseils d\u2019une \u00e9quipe de professionnels volontaires aguerris en pr\u00e9vention des probl\u00e8mes li\u00e9s \u00e0 la sant\u00e9 maternelle et infantile du centre.<\/p>\n<p>Le centre en lui-m\u00eame ressemble \u00e0 un jardin o\u00f9 l\u2019on peut trouver une dizaine d\u2019esp\u00e8ces florales toutes aussi jolies les unes que les autres dans un d\u00e9cor verdoyant parfait pour le d\u00e9veloppement et l\u2019\u00e9panouissement des enfants et des adultes m\u00eames. Le centre dispose pour les besoins de ces activit\u00e9s, de plusieurs salles o\u00f9 l\u2019on peut prodiguer des conseils et expertises aux populations, d\u2019une biblioth\u00e8que de plus de mille livres de la litt\u00e9ratures fran\u00e7aise et africaine, de la jeunesse,\u2026, d\u2019une ludoth\u00e8que o\u00f9 l\u2019on peut jouer \u00e0 des jeux de soci\u00e9t\u00e9,\u2026<\/p>\n<p>\u00ab\u00a0A travers ces romans et ces jeux auxquels nous initions les jeunes et adultes qui viennent s\u2019y int\u00e9resser, le centre Da m\u2019a dit contribue \u00e0 leur \u00e9panouissement, les \u00e9duque et stimule leur intelligence.\u00a0Cette ann\u00e9e, nous avons initi\u00e9 un concours de lecture d\u00e9nomm\u00e9 Troph\u00e9e bien lire, qui a mobilis\u00e9 six (6) \u00e9coles du cours primaire de la r\u00e9gion. L\u2019exp\u00e9rience a \u00e9t\u00e9 enrichissante et nous comptons la r\u00e9\u00e9diter en y associant les jeunes du secondaire aux prochaines \u00e9ditions \u00bb, a confi\u00e9 M. Lamboni Jonas, animateur socioculturel du centre.<img loading=\"lazy\" decoding=\"async\" class=\"alignleft size-medium wp-image-1725\" src=\"https:\/\/228news.tg\/wp-content\/uploads\/2024\/09\/IMG-20170817-WA0018-300x169.jpg\" alt=\"\" width=\"300\" height=\"169\" \/><\/p>\n<p>&nbsp;<\/p>\n<p>Forte de plusieurs actions et missions d\u00e9j\u00e0 au Togo caract\u00e9ris\u00e9es par l\u2019humanitaire, les dons de forages, les constructions d\u2019infrastructures sanitaires dans les zones rurales ou qui ne disposent pas, l\u2019association compte d\u2019ici la fin de cette ann\u00e9e renforcer sa pr\u00e9sence en Afrique en g\u00e9n\u00e9ral et au Togo en particulier \u00e0 travers diverses actions et davantage de communication.<\/p>\n<p><em>(photos de centre m\u00e9dico-social \u00ab\u00a0Da m&rsquo;a dit\u00a0\u00bb)<\/em><\/p>\n<p><strong>D\u00e9mocrate<\/strong><\/p>\n<p>(00228) 91 85 40 14<\/p>\n<p>98 60 67 68<\/p>\n<p>democrate2010@gmail.com<\/p>\n<p>&nbsp;<\/p>\n","protected":false},"excerpt":{"rendered":"<p>Pionni\u00e8re dans la pr\u00e9vention des maux li\u00e9s \u00e0 la sant\u00e9 de la m\u00e8re et de l\u2019enfant, l\u2019association \u00ab\u00a0Da m\u2019a dit\u00a0\u00bb est pr\u00e9sente au Togo depuis 2012. Elle \u0153uvre \u00e0 la bonne sant\u00e9, \u00e0 l\u2019\u00e9panouissement et au bien \u00eatre de l\u2019enfant et de la femme dans une approche pr\u00e9ventive particuli\u00e8re et tr\u00e8s originale \u00e0 la diff\u00e9rence &#8230; <a title=\"Approche pr\u00e9ventive dans la protection maternelle et infantile:\u00a0A la d\u00e9couverte du centre m\u00e9dico-social \u00ab\u00a0Da m\u2019a dit\u00a0\u00bb de Yok\u00e9l\u00e9\" class=\"read-more\" href=\"https:\/\/228news.tg\/index.php\/2017\/08\/19\/approche-preventive-dans-la-protection-maternelle-et-infantile-a-la-decouverte-du-centre-medico-social-da-ma-dit-de-yokele\/\" aria-label=\"En savoir plus sur Approche pr\u00e9ventive dans la protection maternelle et infantile:\u00a0A la d\u00e9couverte du centre m\u00e9dico-social \u00ab\u00a0Da m\u2019a dit\u00a0\u00bb de Yok\u00e9l\u00e9\">Lire la suite<\/a><\/p>\n","protected":false},"author":2,"featured_media":801,"comment_status":"open","ping_status":"open","sticky":false,"template":"","format":"standard","meta":{"footnotes":""},"categories":[35,27,25,34],"tags":[],"class_list":["post-792","post","type-post","status-publish","format-standard","has-post-thumbnail","hentry","category-flash","category-sante","category-togo","category-une"],"yoast_head":"<!-- This site is optimized with the Yoast SEO plugin v26.4 - https:\/\/yoast.com\/wordpress\/plugins\/seo\/ -->\n<title>Approche pr\u00e9ventive dans la protection maternelle et infantile:\u00a0A la d\u00e9couverte du centre m\u00e9dico-social \u00ab\u00a0Da m\u2019a dit\u00a0\u00bb de Yok\u00e9l\u00e9 - 228 News<\/title>\n<meta name=\"robots\" content=\"index, follow, max-snippet:-1, max-image-preview:large, max-video-preview:-1\" \/>\n<link rel=\"canonical\" href=\"https:\/\/228news.tg\/index.php\/2017\/08\/19\/approche-preventive-dans-la-protection-maternelle-et-infantile-a-la-decouverte-du-centre-medico-social-da-ma-dit-de-yokele\/\" \/>\n<meta property=\"og:locale\" content=\"fr_FR\" \/>\n<meta property=\"og:type\" content=\"article\" \/>\n<meta property=\"og:title\" content=\"Approche pr\u00e9ventive dans la protection maternelle et infantile:\u00a0A la d\u00e9couverte du centre m\u00e9dico-social \u00ab\u00a0Da m\u2019a dit\u00a0\u00bb de Yok\u00e9l\u00e9 - 228 News\" \/>\n<meta property=\"og:description\" content=\"Pionni\u00e8re dans la pr\u00e9vention des maux li\u00e9s \u00e0 la sant\u00e9 de la m\u00e8re et de l\u2019enfant, l\u2019association \u00ab\u00a0Da m\u2019a dit\u00a0\u00bb est pr\u00e9sente au Togo depuis 2012. Elle \u0153uvre \u00e0 la bonne sant\u00e9, \u00e0 l\u2019\u00e9panouissement et au bien \u00eatre de l\u2019enfant et de la femme dans une approche pr\u00e9ventive particuli\u00e8re et tr\u00e8s originale \u00e0 la diff\u00e9rence ... Lire la suite\" \/>\n<meta property=\"og:url\" content=\"https:\/\/228news.tg\/index.php\/2017\/08\/19\/approche-preventive-dans-la-protection-maternelle-et-infantile-a-la-decouverte-du-centre-medico-social-da-ma-dit-de-yokele\/\" \/>\n<meta property=\"og:site_name\" content=\"228 News\" \/>\n<meta property=\"article:published_time\" content=\"2017-08-19T00:00:00+00:00\" \/>\n<meta property=\"article:modified_time\" content=\"2024-09-09T14:03:30+00:00\" \/>\n<meta property=\"og:image\" content=\"https:\/\/228news.tg\/wp-content\/uploads\/2024\/09\/IMG-20170817-WA0012.jpg\" \/>\n\t<meta property=\"og:image:width\" content=\"1080\" \/>\n\t<meta property=\"og:image:height\" content=\"607\" \/>\n\t<meta property=\"og:image:type\" content=\"image\/jpeg\" \/>\n<meta name=\"author\" content=\"Bienvenu SAVI\" \/>\n<meta name=\"twitter:card\" content=\"summary_large_image\" \/>\n<meta name=\"twitter:label1\" content=\"\u00c9crit par\" \/>\n\t<meta name=\"twitter:data1\" content=\"Bienvenu SAVI\" \/>\n\t<meta name=\"twitter:label2\" content=\"Dur\u00e9e de lecture estim\u00e9e\" \/>\n\t<meta name=\"twitter:data2\" content=\"7 minutes\" \/>\n<script type=\"application\/ld+json\" class=\"yoast-schema-graph\">{\"@context\":\"https:\/\/schema.org\",\"@graph\":[{\"@type\":\"Article\",\"@id\":\"https:\/\/228news.tg\/index.php\/2017\/08\/19\/approche-preventive-dans-la-protection-maternelle-et-infantile-a-la-decouverte-du-centre-medico-social-da-ma-dit-de-yokele\/#article\",\"isPartOf\":{\"@id\":\"https:\/\/228news.tg\/index.php\/2017\/08\/19\/approche-preventive-dans-la-protection-maternelle-et-infantile-a-la-decouverte-du-centre-medico-social-da-ma-dit-de-yokele\/\"},\"author\":{\"name\":\"Bienvenu SAVI\",\"@id\":\"https:\/\/228news.tg\/#\/schema\/person\/68d5a6cc0230290e61235c8379523f52\"},\"headline\":\"Approche pr\u00e9ventive dans la protection maternelle et infantile:\u00a0A la d\u00e9couverte du centre m\u00e9dico-social \u00ab\u00a0Da m\u2019a dit\u00a0\u00bb de Yok\u00e9l\u00e9\",\"datePublished\":\"2017-08-19T00:00:00+00:00\",\"dateModified\":\"2024-09-09T14:03:30+00:00\",\"mainEntityOfPage\":{\"@id\":\"https:\/\/228news.tg\/index.php\/2017\/08\/19\/approche-preventive-dans-la-protection-maternelle-et-infantile-a-la-decouverte-du-centre-medico-social-da-ma-dit-de-yokele\/\"},\"wordCount\":1429,\"commentCount\":0,\"publisher\":{\"@id\":\"https:\/\/228news.tg\/#organization\"},\"image\":{\"@id\":\"https:\/\/228news.tg\/index.php\/2017\/08\/19\/approche-preventive-dans-la-protection-maternelle-et-infantile-a-la-decouverte-du-centre-medico-social-da-ma-dit-de-yokele\/#primaryimage\"},\"thumbnailUrl\":\"https:\/\/228news.tg\/wp-content\/uploads\/2024\/09\/IMG-20170817-WA0012.jpg\",\"articleSection\":[\"Flash\",\"Sant\u00e9\",\"TOGO\",\"Une\"],\"inLanguage\":\"fr-FR\",\"potentialAction\":[{\"@type\":\"CommentAction\",\"name\":\"Comment\",\"target\":[\"https:\/\/228news.tg\/index.php\/2017\/08\/19\/approche-preventive-dans-la-protection-maternelle-et-infantile-a-la-decouverte-du-centre-medico-social-da-ma-dit-de-yokele\/#respond\"]}]},{\"@type\":\"WebPage\",\"@id\":\"https:\/\/228news.tg\/index.php\/2017\/08\/19\/approche-preventive-dans-la-protection-maternelle-et-infantile-a-la-decouverte-du-centre-medico-social-da-ma-dit-de-yokele\/\",\"url\":\"https:\/\/228news.tg\/index.php\/2017\/08\/19\/approche-preventive-dans-la-protection-maternelle-et-infantile-a-la-decouverte-du-centre-medico-social-da-ma-dit-de-yokele\/\",\"name\":\"Approche pr\u00e9ventive dans la protection maternelle et infantile:\u00a0A la d\u00e9couverte du centre m\u00e9dico-social \u00ab\u00a0Da m\u2019a dit\u00a0\u00bb de Yok\u00e9l\u00e9 - 228 News\",\"isPartOf\":{\"@id\":\"https:\/\/228news.tg\/#website\"},\"primaryImageOfPage\":{\"@id\":\"https:\/\/228news.tg\/index.php\/2017\/08\/19\/approche-preventive-dans-la-protection-maternelle-et-infantile-a-la-decouverte-du-centre-medico-social-da-ma-dit-de-yokele\/#primaryimage\"},\"image\":{\"@id\":\"https:\/\/228news.tg\/index.php\/2017\/08\/19\/approche-preventive-dans-la-protection-maternelle-et-infantile-a-la-decouverte-du-centre-medico-social-da-ma-dit-de-yokele\/#primaryimage\"},\"thumbnailUrl\":\"https:\/\/228news.tg\/wp-content\/uploads\/2024\/09\/IMG-20170817-WA0012.jpg\",\"datePublished\":\"2017-08-19T00:00:00+00:00\",\"dateModified\":\"2024-09-09T14:03:30+00:00\",\"breadcrumb\":{\"@id\":\"https:\/\/228news.tg\/index.php\/2017\/08\/19\/approche-preventive-dans-la-protection-maternelle-et-infantile-a-la-decouverte-du-centre-medico-social-da-ma-dit-de-yokele\/#breadcrumb\"},\"inLanguage\":\"fr-FR\",\"potentialAction\":[{\"@type\":\"ReadAction\",\"target\":[\"https:\/\/228news.tg\/index.php\/2017\/08\/19\/approche-preventive-dans-la-protection-maternelle-et-infantile-a-la-decouverte-du-centre-medico-social-da-ma-dit-de-yokele\/\"]}]},{\"@type\":\"ImageObject\",\"inLanguage\":\"fr-FR\",\"@id\":\"https:\/\/228news.tg\/index.php\/2017\/08\/19\/approche-preventive-dans-la-protection-maternelle-et-infantile-a-la-decouverte-du-centre-medico-social-da-ma-dit-de-yokele\/#primaryimage\",\"url\":\"https:\/\/228news.tg\/wp-content\/uploads\/2024\/09\/IMG-20170817-WA0012.jpg\",\"contentUrl\":\"https:\/\/228news.tg\/wp-content\/uploads\/2024\/09\/IMG-20170817-WA0012.jpg\",\"width\":1080,\"height\":607},{\"@type\":\"BreadcrumbList\",\"@id\":\"https:\/\/228news.tg\/index.php\/2017\/08\/19\/approche-preventive-dans-la-protection-maternelle-et-infantile-a-la-decouverte-du-centre-medico-social-da-ma-dit-de-yokele\/#breadcrumb\",\"itemListElement\":[{\"@type\":\"ListItem\",\"position\":1,\"name\":\"Home\",\"item\":\"https:\/\/228news.tg\/\"},{\"@type\":\"ListItem\",\"position\":2,\"name\":\"Approche pr\u00e9ventive dans la protection maternelle et infantile:\u00a0A la d\u00e9couverte du centre m\u00e9dico-social \u00ab\u00a0Da m\u2019a dit\u00a0\u00bb de Yok\u00e9l\u00e9\"}]},{\"@type\":\"WebSite\",\"@id\":\"https:\/\/228news.tg\/#website\",\"url\":\"https:\/\/228news.tg\/\",\"name\":\"228 News\",\"description\":\"Soci\u00e9t\u00e9 de m\u00e9dias et d\u2019actualit\u00e9s\",\"publisher\":{\"@id\":\"https:\/\/228news.tg\/#organization\"},\"potentialAction\":[{\"@type\":\"SearchAction\",\"target\":{\"@type\":\"EntryPoint\",\"urlTemplate\":\"https:\/\/228news.tg\/?s={search_term_string}\"},\"query-input\":{\"@type\":\"PropertyValueSpecification\",\"valueRequired\":true,\"valueName\":\"search_term_string\"}}],\"inLanguage\":\"fr-FR\"},{\"@type\":\"Organization\",\"@id\":\"https:\/\/228news.tg\/#organization\",\"name\":\"228 News\",\"url\":\"https:\/\/228news.tg\/\",\"logo\":{\"@type\":\"ImageObject\",\"inLanguage\":\"fr-FR\",\"@id\":\"https:\/\/228news.tg\/#\/schema\/logo\/image\/\",\"url\":\"https:\/\/228news.tg\/wp-content\/uploads\/2024\/09\/logonew.png\",\"contentUrl\":\"https:\/\/228news.tg\/wp-content\/uploads\/2024\/09\/logonew.png\",\"width\":1640,\"height\":364,\"caption\":\"228 News\"},\"image\":{\"@id\":\"https:\/\/228news.tg\/#\/schema\/logo\/image\/\"}},{\"@type\":\"Person\",\"@id\":\"https:\/\/228news.tg\/#\/schema\/person\/68d5a6cc0230290e61235c8379523f52\",\"name\":\"Bienvenu SAVI\",\"image\":{\"@type\":\"ImageObject\",\"inLanguage\":\"fr-FR\",\"@id\":\"https:\/\/228news.tg\/#\/schema\/person\/image\/\",\"url\":\"https:\/\/secure.gravatar.com\/avatar\/9db91895c559e510509c33a3e9683998458e9b828fac36d5d1aa23f0f2fd369b?s=96&d=mm&r=g\",\"contentUrl\":\"https:\/\/secure.gravatar.com\/avatar\/9db91895c559e510509c33a3e9683998458e9b828fac36d5d1aa23f0f2fd369b?s=96&d=mm&r=g\",\"caption\":\"Bienvenu SAVI\"},\"url\":\"https:\/\/228news.tg\/index.php\/author\/bienvenu\/\"}]}<\/script>\n<!-- \/ Yoast SEO plugin. -->","yoast_head_json":{"title":"Approche pr\u00e9ventive dans la protection maternelle et infantile:\u00a0A la d\u00e9couverte du centre m\u00e9dico-social \u00ab\u00a0Da m\u2019a dit\u00a0\u00bb de Yok\u00e9l\u00e9 - 228 News","robots":{"index":"index","follow":"follow","max-snippet":"max-snippet:-1","max-image-preview":"max-image-preview:large","max-video-preview":"max-video-preview:-1"},"canonical":"https:\/\/228news.tg\/index.php\/2017\/08\/19\/approche-preventive-dans-la-protection-maternelle-et-infantile-a-la-decouverte-du-centre-medico-social-da-ma-dit-de-yokele\/","og_locale":"fr_FR","og_type":"article","og_title":"Approche pr\u00e9ventive dans la protection maternelle et infantile:\u00a0A la d\u00e9couverte du centre m\u00e9dico-social \u00ab\u00a0Da m\u2019a dit\u00a0\u00bb de Yok\u00e9l\u00e9 - 228 News","og_description":"Pionni\u00e8re dans la pr\u00e9vention des maux li\u00e9s \u00e0 la sant\u00e9 de la m\u00e8re et de l\u2019enfant, l\u2019association \u00ab\u00a0Da m\u2019a dit\u00a0\u00bb est pr\u00e9sente au Togo depuis 2012. Elle \u0153uvre \u00e0 la bonne sant\u00e9, \u00e0 l\u2019\u00e9panouissement et au bien \u00eatre de l\u2019enfant et de la femme dans une approche pr\u00e9ventive particuli\u00e8re et tr\u00e8s originale \u00e0 la diff\u00e9rence ... Lire la suite","og_url":"https:\/\/228news.tg\/index.php\/2017\/08\/19\/approche-preventive-dans-la-protection-maternelle-et-infantile-a-la-decouverte-du-centre-medico-social-da-ma-dit-de-yokele\/","og_site_name":"228 News","article_published_time":"2017-08-19T00:00:00+00:00","article_modified_time":"2024-09-09T14:03:30+00:00","og_image":[{"width":1080,"height":607,"url":"https:\/\/228news.tg\/wp-content\/uploads\/2024\/09\/IMG-20170817-WA0012.jpg","type":"image\/jpeg"}],"author":"Bienvenu SAVI","twitter_card":"summary_large_image","twitter_misc":{"\u00c9crit par":"Bienvenu SAVI","Dur\u00e9e de lecture estim\u00e9e":"7 minutes"},"schema":{"@context":"https:\/\/schema.org","@graph":[{"@type":"Article","@id":"https:\/\/228news.tg\/index.php\/2017\/08\/19\/approche-preventive-dans-la-protection-maternelle-et-infantile-a-la-decouverte-du-centre-medico-social-da-ma-dit-de-yokele\/#article","isPartOf":{"@id":"https:\/\/228news.tg\/index.php\/2017\/08\/19\/approche-preventive-dans-la-protection-maternelle-et-infantile-a-la-decouverte-du-centre-medico-social-da-ma-dit-de-yokele\/"},"author":{"name":"Bienvenu SAVI","@id":"https:\/\/228news.tg\/#\/schema\/person\/68d5a6cc0230290e61235c8379523f52"},"headline":"Approche pr\u00e9ventive dans la protection maternelle et infantile:\u00a0A la d\u00e9couverte du centre m\u00e9dico-social \u00ab\u00a0Da m\u2019a dit\u00a0\u00bb de Yok\u00e9l\u00e9","datePublished":"2017-08-19T00:00:00+00:00","dateModified":"2024-09-09T14:03:30+00:00","mainEntityOfPage":{"@id":"https:\/\/228news.tg\/index.php\/2017\/08\/19\/approche-preventive-dans-la-protection-maternelle-et-infantile-a-la-decouverte-du-centre-medico-social-da-ma-dit-de-yokele\/"},"wordCount":1429,"commentCount":0,"publisher":{"@id":"https:\/\/228news.tg\/#organization"},"image":{"@id":"https:\/\/228news.tg\/index.php\/2017\/08\/19\/approche-preventive-dans-la-protection-maternelle-et-infantile-a-la-decouverte-du-centre-medico-social-da-ma-dit-de-yokele\/#primaryimage"},"thumbnailUrl":"https:\/\/228news.tg\/wp-content\/uploads\/2024\/09\/IMG-20170817-WA0012.jpg","articleSection":["Flash","Sant\u00e9","TOGO","Une"],"inLanguage":"fr-FR","potentialAction":[{"@type":"CommentAction","name":"Comment","target":["https:\/\/228news.tg\/index.php\/2017\/08\/19\/approche-preventive-dans-la-protection-maternelle-et-infantile-a-la-decouverte-du-centre-medico-social-da-ma-dit-de-yokele\/#respond"]}]},{"@type":"WebPage","@id":"https:\/\/228news.tg\/index.php\/2017\/08\/19\/approche-preventive-dans-la-protection-maternelle-et-infantile-a-la-decouverte-du-centre-medico-social-da-ma-dit-de-yokele\/","url":"https:\/\/228news.tg\/index.php\/2017\/08\/19\/approche-preventive-dans-la-protection-maternelle-et-infantile-a-la-decouverte-du-centre-medico-social-da-ma-dit-de-yokele\/","name":"Approche pr\u00e9ventive dans la protection maternelle et infantile:\u00a0A la d\u00e9couverte du centre m\u00e9dico-social \u00ab\u00a0Da m\u2019a dit\u00a0\u00bb de Yok\u00e9l\u00e9 - 228 News","isPartOf":{"@id":"https:\/\/228news.tg\/#website"},"primaryImageOfPage":{"@id":"https:\/\/228news.tg\/index.php\/2017\/08\/19\/approche-preventive-dans-la-protection-maternelle-et-infantile-a-la-decouverte-du-centre-medico-social-da-ma-dit-de-yokele\/#primaryimage"},"image":{"@id":"https:\/\/228news.tg\/index.php\/2017\/08\/19\/approche-preventive-dans-la-protection-maternelle-et-infantile-a-la-decouverte-du-centre-medico-social-da-ma-dit-de-yokele\/#primaryimage"},"thumbnailUrl":"https:\/\/228news.tg\/wp-content\/uploads\/2024\/09\/IMG-20170817-WA0012.jpg","datePublished":"2017-08-19T00:00:00+00:00","dateModified":"2024-09-09T14:03:30+00:00","breadcrumb":{"@id":"https:\/\/228news.tg\/index.php\/2017\/08\/19\/approche-preventive-dans-la-protection-maternelle-et-infantile-a-la-decouverte-du-centre-medico-social-da-ma-dit-de-yokele\/#breadcrumb"},"inLanguage":"fr-FR","potentialAction":[{"@type":"ReadAction","target":["https:\/\/228news.tg\/index.php\/2017\/08\/19\/approche-preventive-dans-la-protection-maternelle-et-infantile-a-la-decouverte-du-centre-medico-social-da-ma-dit-de-yokele\/"]}]},{"@type":"ImageObject","inLanguage":"fr-FR","@id":"https:\/\/228news.tg\/index.php\/2017\/08\/19\/approche-preventive-dans-la-protection-maternelle-et-infantile-a-la-decouverte-du-centre-medico-social-da-ma-dit-de-yokele\/#primaryimage","url":"https:\/\/228news.tg\/wp-content\/uploads\/2024\/09\/IMG-20170817-WA0012.jpg","contentUrl":"https:\/\/228news.tg\/wp-content\/uploads\/2024\/09\/IMG-20170817-WA0012.jpg","width":1080,"height":607},{"@type":"BreadcrumbList","@id":"https:\/\/228news.tg\/index.php\/2017\/08\/19\/approche-preventive-dans-la-protection-maternelle-et-infantile-a-la-decouverte-du-centre-medico-social-da-ma-dit-de-yokele\/#breadcrumb","itemListElement":[{"@type":"ListItem","position":1,"name":"Home","item":"https:\/\/228news.tg\/"},{"@type":"ListItem","position":2,"name":"Approche pr\u00e9ventive dans la protection maternelle et infantile:\u00a0A la d\u00e9couverte du centre m\u00e9dico-social \u00ab\u00a0Da m\u2019a dit\u00a0\u00bb de Yok\u00e9l\u00e9"}]},{"@type":"WebSite","@id":"https:\/\/228news.tg\/#website","url":"https:\/\/228news.tg\/","name":"228 News","description":"Soci\u00e9t\u00e9 de m\u00e9dias et d\u2019actualit\u00e9s","publisher":{"@id":"https:\/\/228news.tg\/#organization"},"potentialAction":[{"@type":"SearchAction","target":{"@type":"EntryPoint","urlTemplate":"https:\/\/228news.tg\/?s={search_term_string}"},"query-input":{"@type":"PropertyValueSpecification","valueRequired":true,"valueName":"search_term_string"}}],"inLanguage":"fr-FR"},{"@type":"Organization","@id":"https:\/\/228news.tg\/#organization","name":"228 News","url":"https:\/\/228news.tg\/","logo":{"@type":"ImageObject","inLanguage":"fr-FR","@id":"https:\/\/228news.tg\/#\/schema\/logo\/image\/","url":"https:\/\/228news.tg\/wp-content\/uploads\/2024\/09\/logonew.png","contentUrl":"https:\/\/228news.tg\/wp-content\/uploads\/2024\/09\/logonew.png","width":1640,"height":364,"caption":"228 News"},"image":{"@id":"https:\/\/228news.tg\/#\/schema\/logo\/image\/"}},{"@type":"Person","@id":"https:\/\/228news.tg\/#\/schema\/person\/68d5a6cc0230290e61235c8379523f52","name":"Bienvenu SAVI","image":{"@type":"ImageObject","inLanguage":"fr-FR","@id":"https:\/\/228news.tg\/#\/schema\/person\/image\/","url":"https:\/\/secure.gravatar.com\/avatar\/9db91895c559e510509c33a3e9683998458e9b828fac36d5d1aa23f0f2fd369b?s=96&d=mm&r=g","contentUrl":"https:\/\/secure.gravatar.com\/avatar\/9db91895c559e510509c33a3e9683998458e9b828fac36d5d1aa23f0f2fd369b?s=96&d=mm&r=g","caption":"Bienvenu SAVI"},"url":"https:\/\/228news.tg\/index.php\/author\/bienvenu\/"}]}},"jetpack_featured_media_url":"https:\/\/228news.tg\/wp-content\/uploads\/2024\/09\/IMG-20170817-WA0012.jpg","_links":{"self":[{"href":"https:\/\/228news.tg\/index.php\/wp-json\/wp\/v2\/posts\/792","targetHints":{"allow":["GET"]}}],"collection":[{"href":"https:\/\/228news.tg\/index.php\/wp-json\/wp\/v2\/posts"}],"about":[{"href":"https:\/\/228news.tg\/index.php\/wp-json\/wp\/v2\/types\/post"}],"author":[{"embeddable":true,"href":"https:\/\/228news.tg\/index.php\/wp-json\/wp\/v2\/users\/2"}],"replies":[{"embeddable":true,"href":"https:\/\/228news.tg\/index.php\/wp-json\/wp\/v2\/comments?post=792"}],"version-history":[{"count":1,"href":"https:\/\/228news.tg\/index.php\/wp-json\/wp\/v2\/posts\/792\/revisions"}],"predecessor-version":[{"id":800,"href":"https:\/\/228news.tg\/index.php\/wp-json\/wp\/v2\/posts\/792\/revisions\/800"}],"wp:featuredmedia":[{"embeddable":true,"href":"https:\/\/228news.tg\/index.php\/wp-json\/wp\/v2\/media\/801"}],"wp:attachment":[{"href":"https:\/\/228news.tg\/index.php\/wp-json\/wp\/v2\/media?parent=792"}],"wp:term":[{"taxonomy":"category","embeddable":true,"href":"https:\/\/228news.tg\/index.php\/wp-json\/wp\/v2\/categories?post=792"},{"taxonomy":"post_tag","embeddable":true,"href":"https:\/\/228news.tg\/index.php\/wp-json\/wp\/v2\/tags?post=792"}],"curies":[{"name":"wp","href":"https:\/\/api.w.org\/{rel}","templated":true}]}}