{"id":788,"date":"2017-08-11T00:00:00","date_gmt":"2017-08-11T00:00:00","guid":{"rendered":"https:\/\/228news.tg\/index.php\/2017\/08\/11\/troncon-lome-vogan-anfoin-le-mensonge-de-trop-du-ministre-ninsao-gnofam\/"},"modified":"2017-08-11T00:00:00","modified_gmt":"2017-08-11T00:00:00","slug":"troncon-lome-vogan-anfoin-le-mensonge-de-trop-du-ministre-ninsao-gnofam","status":"publish","type":"post","link":"https:\/\/228news.tg\/index.php\/2017\/08\/11\/troncon-lome-vogan-anfoin-le-mensonge-de-trop-du-ministre-ninsao-gnofam\/","title":{"rendered":"Tron\u00e7on Lom\u00e9-Vogan-Anfoin, le mensonge de trop du ministre Ninsao Gnofam"},"content":{"rendered":"<p>Le mouvement Martin Luther King (MMLK), un mois apr\u00e8s l\u2019annonce de reprise des travaux de cette route Lom\u00e9-Vogan-Anfoin, faite par le ministre des Travaux publics et des Transports, est mont\u00e9 au cr\u00e9neau pour appeler les populations et usagers \u00e0 prendre leur responsabilit\u00e9 face \u00e0 un grand mensonge d\u2019Etat.<\/p>\n<p>D\u2019apr\u00e8s un communiqu\u00e9 de ce mouvement, \u00ab\u00a0le myst\u00e8re reste encore entier autour des travaux de la r\u00e9habilitation de la route Lom\u00e9-Vogan-Anfoin, comme si l\u2019on est en face d\u2019un conte de l\u2019araign\u00e9e\u00a0\u00bb.<\/p>\n<p>Le Pasteur Edoh Komi, pr\u00e9sident du MMLK retrace les turpitudes travers\u00e9es par le tron\u00e7on en question.<\/p>\n<p>\u00ab\u00a0Apr\u00e8s avoir \u00e9t\u00e9 abandonn\u00e9e presque deux ans, cette voie continue de subir rien que des effets d\u2019annonces qui finissent par d\u00e9go\u00fbter les Togolais. L\u2019on se rappelle tristement des promesses du Ministre des Transports et des Infrastructures devant le parlement Togolais en juin 2016 qui pr\u00e9voyait la fin des travaux au mois de d\u00e9cembre 2016. En ao\u00fbt de la m\u00eame ann\u00e9e, c\u2019est le Ministre de la Communication et de la Culture, Repr\u00e9sentant le Chef de l\u2019Etat lors des c\u00e9r\u00e9monies de la f\u00eate Adzinukuzan \u00e0 Vogan, qui a d\u00e9clar\u00e9 publiquement que le Pr\u00e9sident de la R\u00e9publique se charge personnellement des travaux de cette route. Plus d\u2019un an, c\u2019est de l\u2019illusion totale. Dans la foul\u00e9e que le communiqu\u00e9 du c\u00e9l\u00e8bre ministre des infrastructures et des Transports intervient le 4 juillet dernier annon\u00e7ant le m\u00eame jour la reprise des travaux\u00a0\u00bb, a-t-il relat\u00e9.<\/p>\n<p>Cette annonce a suscit\u00e9 de l\u2019optimisme chez les uns et du pessimisme chez les autres et aujourd\u2019hui le deuxi\u00e8me courant de pens\u00e9e semble avoir raison au regard de la duperie et le mensonge des autorit\u00e9s qui ont eu raison de l\u2019optimisme et de la v\u00e9rit\u00e9.<\/p>\n<p>\u00ab\u00a0Le peuple est encore enfarin\u00e9 et ses droits foul\u00e9s aux pieds\u00a0\u00bb, a d\u00e9plor\u00e9 l\u2019homme d\u2019\u00e9glise \u00e0 cet \u00e9gard.<\/p>\n<p>Refoulant donc les mensonges d\u2019Etat successifs et r\u00e9p\u00e9titifs qui ont compromis la faisabilit\u00e9 de la route Lom\u00e9 Vogan Anfoin, \u00a0le MMLK convie les syndicats des transporteurs, les associations organis\u00e9es et les acteurs du d\u00e9veloppement \u00e0 prendre leurs responsabilit\u00e9s et \u00e0 se tenir pr\u00eats et mobilis\u00e9s pour des actions \u00e9ventuelles.<\/p>\n<p><em>(photo, Image d&rsquo;un axe abandonn\u00e9 du tron\u00e7on, archives)<\/em><\/p>\n<p><strong>D\u00e9mocrate<\/strong><\/p>\n<p><strong>(00228) 91 85 40 14<\/strong><\/p>\n<p><strong>98 60 67 68<\/strong><\/p>\n<p><strong>democrate2010@gmail.com<\/strong><\/p>\n","protected":false},"excerpt":{"rendered":"<p>Le mouvement Martin Luther King (MMLK), un mois apr\u00e8s l\u2019annonce de reprise des travaux de cette route Lom\u00e9-Vogan-Anfoin, faite par le ministre des Travaux publics et des Transports, est mont\u00e9 au cr\u00e9neau pour appeler les populations et usagers \u00e0 prendre leur responsabilit\u00e9 face \u00e0 un grand mensonge d\u2019Etat. D\u2019apr\u00e8s un communiqu\u00e9 de ce mouvement, \u00ab\u00a0le &#8230; <a title=\"Tron\u00e7on Lom\u00e9-Vogan-Anfoin, le mensonge de trop du ministre Ninsao Gnofam\" class=\"read-more\" href=\"https:\/\/228news.tg\/index.php\/2017\/08\/11\/troncon-lome-vogan-anfoin-le-mensonge-de-trop-du-ministre-ninsao-gnofam\/\" aria-label=\"En savoir plus sur Tron\u00e7on Lom\u00e9-Vogan-Anfoin, le mensonge de trop du ministre Ninsao Gnofam\">Lire la suite<\/a><\/p>\n","protected":false},"author":2,"featured_media":789,"comment_status":"open","ping_status":"open","sticky":false,"template":"","format":"standard","meta":{"footnotes":""},"categories":[31,35,25,34],"tags":[],"class_list":["post-788","post","type-post","status-publish","format-standard","has-post-thumbnail","hentry","category-developpement","category-flash","category-togo","category-une"],"yoast_head":"<!-- This site is optimized with the Yoast SEO plugin v26.4 - https:\/\/yoast.com\/wordpress\/plugins\/seo\/ -->\n<title>Tron\u00e7on Lom\u00e9-Vogan-Anfoin, le mensonge de trop du ministre Ninsao Gnofam - 228 News<\/title>\n<meta name=\"robots\" content=\"index, follow, max-snippet:-1, max-image-preview:large, max-video-preview:-1\" \/>\n<link rel=\"canonical\" href=\"https:\/\/228news.tg\/index.php\/2017\/08\/11\/troncon-lome-vogan-anfoin-le-mensonge-de-trop-du-ministre-ninsao-gnofam\/\" \/>\n<meta property=\"og:locale\" content=\"fr_FR\" \/>\n<meta property=\"og:type\" content=\"article\" \/>\n<meta property=\"og:title\" content=\"Tron\u00e7on Lom\u00e9-Vogan-Anfoin, le mensonge de trop du ministre Ninsao Gnofam - 228 News\" \/>\n<meta property=\"og:description\" content=\"Le mouvement Martin Luther King (MMLK), un mois apr\u00e8s l\u2019annonce de reprise des travaux de cette route Lom\u00e9-Vogan-Anfoin, faite par le ministre des Travaux publics et des Transports, est mont\u00e9 au cr\u00e9neau pour appeler les populations et usagers \u00e0 prendre leur responsabilit\u00e9 face \u00e0 un grand mensonge d\u2019Etat. D\u2019apr\u00e8s un communiqu\u00e9 de ce mouvement, \u00ab\u00a0le ... Lire la suite\" \/>\n<meta property=\"og:url\" content=\"https:\/\/228news.tg\/index.php\/2017\/08\/11\/troncon-lome-vogan-anfoin-le-mensonge-de-trop-du-ministre-ninsao-gnofam\/\" \/>\n<meta property=\"og:site_name\" content=\"228 News\" \/>\n<meta property=\"article:published_time\" content=\"2017-08-11T00:00:00+00:00\" \/>\n<meta property=\"og:image\" content=\"https:\/\/228news.tg\/wp-content\/uploads\/2024\/09\/DSC0244.jpg\" \/>\n\t<meta property=\"og:image:width\" content=\"720\" \/>\n\t<meta property=\"og:image:height\" content=\"477\" \/>\n\t<meta property=\"og:image:type\" content=\"image\/jpeg\" \/>\n<meta name=\"author\" content=\"Bienvenu SAVI\" \/>\n<meta name=\"twitter:card\" content=\"summary_large_image\" \/>\n<meta name=\"twitter:label1\" content=\"\u00c9crit par\" \/>\n\t<meta name=\"twitter:data1\" content=\"Bienvenu SAVI\" \/>\n\t<meta name=\"twitter:label2\" content=\"Dur\u00e9e de lecture estim\u00e9e\" \/>\n\t<meta name=\"twitter:data2\" content=\"2 minutes\" \/>\n<script type=\"application\/ld+json\" class=\"yoast-schema-graph\">{\"@context\":\"https:\/\/schema.org\",\"@graph\":[{\"@type\":\"Article\",\"@id\":\"https:\/\/228news.tg\/index.php\/2017\/08\/11\/troncon-lome-vogan-anfoin-le-mensonge-de-trop-du-ministre-ninsao-gnofam\/#article\",\"isPartOf\":{\"@id\":\"https:\/\/228news.tg\/index.php\/2017\/08\/11\/troncon-lome-vogan-anfoin-le-mensonge-de-trop-du-ministre-ninsao-gnofam\/\"},\"author\":{\"name\":\"Bienvenu SAVI\",\"@id\":\"https:\/\/228news.tg\/#\/schema\/person\/68d5a6cc0230290e61235c8379523f52\"},\"headline\":\"Tron\u00e7on Lom\u00e9-Vogan-Anfoin, le mensonge de trop du ministre Ninsao Gnofam\",\"datePublished\":\"2017-08-11T00:00:00+00:00\",\"mainEntityOfPage\":{\"@id\":\"https:\/\/228news.tg\/index.php\/2017\/08\/11\/troncon-lome-vogan-anfoin-le-mensonge-de-trop-du-ministre-ninsao-gnofam\/\"},\"wordCount\":427,\"commentCount\":0,\"publisher\":{\"@id\":\"https:\/\/228news.tg\/#organization\"},\"image\":{\"@id\":\"https:\/\/228news.tg\/index.php\/2017\/08\/11\/troncon-lome-vogan-anfoin-le-mensonge-de-trop-du-ministre-ninsao-gnofam\/#primaryimage\"},\"thumbnailUrl\":\"https:\/\/228news.tg\/wp-content\/uploads\/2024\/09\/DSC0244.jpg\",\"articleSection\":[\"DEVELOPPEMENT\",\"Flash\",\"TOGO\",\"Une\"],\"inLanguage\":\"fr-FR\",\"potentialAction\":[{\"@type\":\"CommentAction\",\"name\":\"Comment\",\"target\":[\"https:\/\/228news.tg\/index.php\/2017\/08\/11\/troncon-lome-vogan-anfoin-le-mensonge-de-trop-du-ministre-ninsao-gnofam\/#respond\"]}]},{\"@type\":\"WebPage\",\"@id\":\"https:\/\/228news.tg\/index.php\/2017\/08\/11\/troncon-lome-vogan-anfoin-le-mensonge-de-trop-du-ministre-ninsao-gnofam\/\",\"url\":\"https:\/\/228news.tg\/index.php\/2017\/08\/11\/troncon-lome-vogan-anfoin-le-mensonge-de-trop-du-ministre-ninsao-gnofam\/\",\"name\":\"Tron\u00e7on Lom\u00e9-Vogan-Anfoin, le mensonge de trop du ministre Ninsao Gnofam - 228 News\",\"isPartOf\":{\"@id\":\"https:\/\/228news.tg\/#website\"},\"primaryImageOfPage\":{\"@id\":\"https:\/\/228news.tg\/index.php\/2017\/08\/11\/troncon-lome-vogan-anfoin-le-mensonge-de-trop-du-ministre-ninsao-gnofam\/#primaryimage\"},\"image\":{\"@id\":\"https:\/\/228news.tg\/index.php\/2017\/08\/11\/troncon-lome-vogan-anfoin-le-mensonge-de-trop-du-ministre-ninsao-gnofam\/#primaryimage\"},\"thumbnailUrl\":\"https:\/\/228news.tg\/wp-content\/uploads\/2024\/09\/DSC0244.jpg\",\"datePublished\":\"2017-08-11T00:00:00+00:00\",\"breadcrumb\":{\"@id\":\"https:\/\/228news.tg\/index.php\/2017\/08\/11\/troncon-lome-vogan-anfoin-le-mensonge-de-trop-du-ministre-ninsao-gnofam\/#breadcrumb\"},\"inLanguage\":\"fr-FR\",\"potentialAction\":[{\"@type\":\"ReadAction\",\"target\":[\"https:\/\/228news.tg\/index.php\/2017\/08\/11\/troncon-lome-vogan-anfoin-le-mensonge-de-trop-du-ministre-ninsao-gnofam\/\"]}]},{\"@type\":\"ImageObject\",\"inLanguage\":\"fr-FR\",\"@id\":\"https:\/\/228news.tg\/index.php\/2017\/08\/11\/troncon-lome-vogan-anfoin-le-mensonge-de-trop-du-ministre-ninsao-gnofam\/#primaryimage\",\"url\":\"https:\/\/228news.tg\/wp-content\/uploads\/2024\/09\/DSC0244.jpg\",\"contentUrl\":\"https:\/\/228news.tg\/wp-content\/uploads\/2024\/09\/DSC0244.jpg\",\"width\":720,\"height\":477},{\"@type\":\"BreadcrumbList\",\"@id\":\"https:\/\/228news.tg\/index.php\/2017\/08\/11\/troncon-lome-vogan-anfoin-le-mensonge-de-trop-du-ministre-ninsao-gnofam\/#breadcrumb\",\"itemListElement\":[{\"@type\":\"ListItem\",\"position\":1,\"name\":\"Home\",\"item\":\"https:\/\/228news.tg\/\"},{\"@type\":\"ListItem\",\"position\":2,\"name\":\"Tron\u00e7on Lom\u00e9-Vogan-Anfoin, le mensonge de trop du ministre Ninsao Gnofam\"}]},{\"@type\":\"WebSite\",\"@id\":\"https:\/\/228news.tg\/#website\",\"url\":\"https:\/\/228news.tg\/\",\"name\":\"228 News\",\"description\":\"Soci\u00e9t\u00e9 de m\u00e9dias et d\u2019actualit\u00e9s\",\"publisher\":{\"@id\":\"https:\/\/228news.tg\/#organization\"},\"potentialAction\":[{\"@type\":\"SearchAction\",\"target\":{\"@type\":\"EntryPoint\",\"urlTemplate\":\"https:\/\/228news.tg\/?s={search_term_string}\"},\"query-input\":{\"@type\":\"PropertyValueSpecification\",\"valueRequired\":true,\"valueName\":\"search_term_string\"}}],\"inLanguage\":\"fr-FR\"},{\"@type\":\"Organization\",\"@id\":\"https:\/\/228news.tg\/#organization\",\"name\":\"228 News\",\"url\":\"https:\/\/228news.tg\/\",\"logo\":{\"@type\":\"ImageObject\",\"inLanguage\":\"fr-FR\",\"@id\":\"https:\/\/228news.tg\/#\/schema\/logo\/image\/\",\"url\":\"https:\/\/228news.tg\/wp-content\/uploads\/2024\/09\/logonew.png\",\"contentUrl\":\"https:\/\/228news.tg\/wp-content\/uploads\/2024\/09\/logonew.png\",\"width\":1640,\"height\":364,\"caption\":\"228 News\"},\"image\":{\"@id\":\"https:\/\/228news.tg\/#\/schema\/logo\/image\/\"}},{\"@type\":\"Person\",\"@id\":\"https:\/\/228news.tg\/#\/schema\/person\/68d5a6cc0230290e61235c8379523f52\",\"name\":\"Bienvenu SAVI\",\"image\":{\"@type\":\"ImageObject\",\"inLanguage\":\"fr-FR\",\"@id\":\"https:\/\/228news.tg\/#\/schema\/person\/image\/\",\"url\":\"https:\/\/secure.gravatar.com\/avatar\/9db91895c559e510509c33a3e9683998458e9b828fac36d5d1aa23f0f2fd369b?s=96&d=mm&r=g\",\"contentUrl\":\"https:\/\/secure.gravatar.com\/avatar\/9db91895c559e510509c33a3e9683998458e9b828fac36d5d1aa23f0f2fd369b?s=96&d=mm&r=g\",\"caption\":\"Bienvenu SAVI\"},\"url\":\"https:\/\/228news.tg\/index.php\/author\/bienvenu\/\"}]}<\/script>\n<!-- \/ Yoast SEO plugin. -->","yoast_head_json":{"title":"Tron\u00e7on Lom\u00e9-Vogan-Anfoin, le mensonge de trop du ministre Ninsao Gnofam - 228 News","robots":{"index":"index","follow":"follow","max-snippet":"max-snippet:-1","max-image-preview":"max-image-preview:large","max-video-preview":"max-video-preview:-1"},"canonical":"https:\/\/228news.tg\/index.php\/2017\/08\/11\/troncon-lome-vogan-anfoin-le-mensonge-de-trop-du-ministre-ninsao-gnofam\/","og_locale":"fr_FR","og_type":"article","og_title":"Tron\u00e7on Lom\u00e9-Vogan-Anfoin, le mensonge de trop du ministre Ninsao Gnofam - 228 News","og_description":"Le mouvement Martin Luther King (MMLK), un mois apr\u00e8s l\u2019annonce de reprise des travaux de cette route Lom\u00e9-Vogan-Anfoin, faite par le ministre des Travaux publics et des Transports, est mont\u00e9 au cr\u00e9neau pour appeler les populations et usagers \u00e0 prendre leur responsabilit\u00e9 face \u00e0 un grand mensonge d\u2019Etat. D\u2019apr\u00e8s un communiqu\u00e9 de ce mouvement, \u00ab\u00a0le ... Lire la suite","og_url":"https:\/\/228news.tg\/index.php\/2017\/08\/11\/troncon-lome-vogan-anfoin-le-mensonge-de-trop-du-ministre-ninsao-gnofam\/","og_site_name":"228 News","article_published_time":"2017-08-11T00:00:00+00:00","og_image":[{"width":720,"height":477,"url":"https:\/\/228news.tg\/wp-content\/uploads\/2024\/09\/DSC0244.jpg","type":"image\/jpeg"}],"author":"Bienvenu SAVI","twitter_card":"summary_large_image","twitter_misc":{"\u00c9crit par":"Bienvenu SAVI","Dur\u00e9e de lecture estim\u00e9e":"2 minutes"},"schema":{"@context":"https:\/\/schema.org","@graph":[{"@type":"Article","@id":"https:\/\/228news.tg\/index.php\/2017\/08\/11\/troncon-lome-vogan-anfoin-le-mensonge-de-trop-du-ministre-ninsao-gnofam\/#article","isPartOf":{"@id":"https:\/\/228news.tg\/index.php\/2017\/08\/11\/troncon-lome-vogan-anfoin-le-mensonge-de-trop-du-ministre-ninsao-gnofam\/"},"author":{"name":"Bienvenu SAVI","@id":"https:\/\/228news.tg\/#\/schema\/person\/68d5a6cc0230290e61235c8379523f52"},"headline":"Tron\u00e7on Lom\u00e9-Vogan-Anfoin, le mensonge de trop du ministre Ninsao Gnofam","datePublished":"2017-08-11T00:00:00+00:00","mainEntityOfPage":{"@id":"https:\/\/228news.tg\/index.php\/2017\/08\/11\/troncon-lome-vogan-anfoin-le-mensonge-de-trop-du-ministre-ninsao-gnofam\/"},"wordCount":427,"commentCount":0,"publisher":{"@id":"https:\/\/228news.tg\/#organization"},"image":{"@id":"https:\/\/228news.tg\/index.php\/2017\/08\/11\/troncon-lome-vogan-anfoin-le-mensonge-de-trop-du-ministre-ninsao-gnofam\/#primaryimage"},"thumbnailUrl":"https:\/\/228news.tg\/wp-content\/uploads\/2024\/09\/DSC0244.jpg","articleSection":["DEVELOPPEMENT","Flash","TOGO","Une"],"inLanguage":"fr-FR","potentialAction":[{"@type":"CommentAction","name":"Comment","target":["https:\/\/228news.tg\/index.php\/2017\/08\/11\/troncon-lome-vogan-anfoin-le-mensonge-de-trop-du-ministre-ninsao-gnofam\/#respond"]}]},{"@type":"WebPage","@id":"https:\/\/228news.tg\/index.php\/2017\/08\/11\/troncon-lome-vogan-anfoin-le-mensonge-de-trop-du-ministre-ninsao-gnofam\/","url":"https:\/\/228news.tg\/index.php\/2017\/08\/11\/troncon-lome-vogan-anfoin-le-mensonge-de-trop-du-ministre-ninsao-gnofam\/","name":"Tron\u00e7on Lom\u00e9-Vogan-Anfoin, le mensonge de trop du ministre Ninsao Gnofam - 228 News","isPartOf":{"@id":"https:\/\/228news.tg\/#website"},"primaryImageOfPage":{"@id":"https:\/\/228news.tg\/index.php\/2017\/08\/11\/troncon-lome-vogan-anfoin-le-mensonge-de-trop-du-ministre-ninsao-gnofam\/#primaryimage"},"image":{"@id":"https:\/\/228news.tg\/index.php\/2017\/08\/11\/troncon-lome-vogan-anfoin-le-mensonge-de-trop-du-ministre-ninsao-gnofam\/#primaryimage"},"thumbnailUrl":"https:\/\/228news.tg\/wp-content\/uploads\/2024\/09\/DSC0244.jpg","datePublished":"2017-08-11T00:00:00+00:00","breadcrumb":{"@id":"https:\/\/228news.tg\/index.php\/2017\/08\/11\/troncon-lome-vogan-anfoin-le-mensonge-de-trop-du-ministre-ninsao-gnofam\/#breadcrumb"},"inLanguage":"fr-FR","potentialAction":[{"@type":"ReadAction","target":["https:\/\/228news.tg\/index.php\/2017\/08\/11\/troncon-lome-vogan-anfoin-le-mensonge-de-trop-du-ministre-ninsao-gnofam\/"]}]},{"@type":"ImageObject","inLanguage":"fr-FR","@id":"https:\/\/228news.tg\/index.php\/2017\/08\/11\/troncon-lome-vogan-anfoin-le-mensonge-de-trop-du-ministre-ninsao-gnofam\/#primaryimage","url":"https:\/\/228news.tg\/wp-content\/uploads\/2024\/09\/DSC0244.jpg","contentUrl":"https:\/\/228news.tg\/wp-content\/uploads\/2024\/09\/DSC0244.jpg","width":720,"height":477},{"@type":"BreadcrumbList","@id":"https:\/\/228news.tg\/index.php\/2017\/08\/11\/troncon-lome-vogan-anfoin-le-mensonge-de-trop-du-ministre-ninsao-gnofam\/#breadcrumb","itemListElement":[{"@type":"ListItem","position":1,"name":"Home","item":"https:\/\/228news.tg\/"},{"@type":"ListItem","position":2,"name":"Tron\u00e7on Lom\u00e9-Vogan-Anfoin, le mensonge de trop du ministre Ninsao Gnofam"}]},{"@type":"WebSite","@id":"https:\/\/228news.tg\/#website","url":"https:\/\/228news.tg\/","name":"228 News","description":"Soci\u00e9t\u00e9 de m\u00e9dias et d\u2019actualit\u00e9s","publisher":{"@id":"https:\/\/228news.tg\/#organization"},"potentialAction":[{"@type":"SearchAction","target":{"@type":"EntryPoint","urlTemplate":"https:\/\/228news.tg\/?s={search_term_string}"},"query-input":{"@type":"PropertyValueSpecification","valueRequired":true,"valueName":"search_term_string"}}],"inLanguage":"fr-FR"},{"@type":"Organization","@id":"https:\/\/228news.tg\/#organization","name":"228 News","url":"https:\/\/228news.tg\/","logo":{"@type":"ImageObject","inLanguage":"fr-FR","@id":"https:\/\/228news.tg\/#\/schema\/logo\/image\/","url":"https:\/\/228news.tg\/wp-content\/uploads\/2024\/09\/logonew.png","contentUrl":"https:\/\/228news.tg\/wp-content\/uploads\/2024\/09\/logonew.png","width":1640,"height":364,"caption":"228 News"},"image":{"@id":"https:\/\/228news.tg\/#\/schema\/logo\/image\/"}},{"@type":"Person","@id":"https:\/\/228news.tg\/#\/schema\/person\/68d5a6cc0230290e61235c8379523f52","name":"Bienvenu SAVI","image":{"@type":"ImageObject","inLanguage":"fr-FR","@id":"https:\/\/228news.tg\/#\/schema\/person\/image\/","url":"https:\/\/secure.gravatar.com\/avatar\/9db91895c559e510509c33a3e9683998458e9b828fac36d5d1aa23f0f2fd369b?s=96&d=mm&r=g","contentUrl":"https:\/\/secure.gravatar.com\/avatar\/9db91895c559e510509c33a3e9683998458e9b828fac36d5d1aa23f0f2fd369b?s=96&d=mm&r=g","caption":"Bienvenu SAVI"},"url":"https:\/\/228news.tg\/index.php\/author\/bienvenu\/"}]}},"jetpack_featured_media_url":"https:\/\/228news.tg\/wp-content\/uploads\/2024\/09\/DSC0244.jpg","_links":{"self":[{"href":"https:\/\/228news.tg\/index.php\/wp-json\/wp\/v2\/posts\/788","targetHints":{"allow":["GET"]}}],"collection":[{"href":"https:\/\/228news.tg\/index.php\/wp-json\/wp\/v2\/posts"}],"about":[{"href":"https:\/\/228news.tg\/index.php\/wp-json\/wp\/v2\/types\/post"}],"author":[{"embeddable":true,"href":"https:\/\/228news.tg\/index.php\/wp-json\/wp\/v2\/users\/2"}],"replies":[{"embeddable":true,"href":"https:\/\/228news.tg\/index.php\/wp-json\/wp\/v2\/comments?post=788"}],"version-history":[{"count":0,"href":"https:\/\/228news.tg\/index.php\/wp-json\/wp\/v2\/posts\/788\/revisions"}],"wp:featuredmedia":[{"embeddable":true,"href":"https:\/\/228news.tg\/index.php\/wp-json\/wp\/v2\/media\/789"}],"wp:attachment":[{"href":"https:\/\/228news.tg\/index.php\/wp-json\/wp\/v2\/media?parent=788"}],"wp:term":[{"taxonomy":"category","embeddable":true,"href":"https:\/\/228news.tg\/index.php\/wp-json\/wp\/v2\/categories?post=788"},{"taxonomy":"post_tag","embeddable":true,"href":"https:\/\/228news.tg\/index.php\/wp-json\/wp\/v2\/tags?post=788"}],"curies":[{"name":"wp","href":"https:\/\/api.w.org\/{rel}","templated":true}]}}