{"id":706,"date":"2017-07-14T00:00:00","date_gmt":"2017-07-14T00:00:00","guid":{"rendered":"https:\/\/228news.tg\/index.php\/2017\/07\/14\/5eme-vendredi-de-la-fiscalite-le-traitement-des-benefices-industriels-et-commerciaux-la-suppression-de-limpot-minimum-forfaitaire-au-centre-des-attention\/"},"modified":"2024-09-09T14:03:16","modified_gmt":"2024-09-09T14:03:16","slug":"5eme-vendredi-de-la-fiscalite-le-traitement-des-benefices-industriels-et-commerciaux-la-suppression-de-limpot-minimum-forfaitaire-au-centre-des-attention","status":"publish","type":"post","link":"https:\/\/228news.tg\/index.php\/2017\/07\/14\/5eme-vendredi-de-la-fiscalite-le-traitement-des-benefices-industriels-et-commerciaux-la-suppression-de-limpot-minimum-forfaitaire-au-centre-des-attention\/","title":{"rendered":"5\u00e8me \u00ab\u00a0Vendredi de la fiscalit\u00e9\u00a0\u00bb, le traitement des B\u00e9n\u00e9fices Industriels et Commerciaux\u00a0: La suppression de l\u2019Imp\u00f4t Minimum Forfaitaire au centre des attentes"},"content":{"rendered":"<p>L\u2019acte V du \u00ab\u00a0vendredi de la fiscalit\u00e9\u00a0\u00bb a r\u00e9uni ce 14 juillet les experts et conseillers fiscaux du Cabinet d\u2019Expertise et de Conseil Fiscal (CAECO-FISC) et les Journalistes en Mission pour le D\u00e9veloppement (JMD) autour du traitement des B\u00e9n\u00e9fices Industriels et Commerciaux (BIC) en mati\u00e8re d\u2019Imp\u00f4t sur le Revenu des Personnes Physiques (IRPP).<\/p>\n<p>Englobant la cat\u00e9gorie d\u2019activit\u00e9s la plus vaste en l\u2019occurrence les activit\u00e9s commerciales, industrielles, artisanales, h\u00f4teli\u00e8res,\u2026, la d\u00e9termination des revenus imposables au titre de la cat\u00e9gorie BIC est soumise \u00e0 des r\u00e8gles comptables et fiscales.<\/p>\n<p>\u00ab\u00a0La tenue d\u2019une comptabilit\u00e9 compl\u00e8te, r\u00e9guli\u00e8re et sinc\u00e8re, aux fins de tra\u00e7abilit\u00e9 et bilan,\u2026, est tr\u00e8s importante et fortement recommand\u00e9e afin de ne conc\u00e9der aucune marge de man\u0153uvre \u00e0 l\u2019administration fiscale\u00a0\u00bb, a confi\u00e9 le doyen Tiadj\u00e9ri Zimbiri.<\/p>\n<p>Les r\u00e9sultats<img fetchpriority=\"high\" decoding=\"async\" class=\"size-medium wp-image-1580 alignleft\" src=\"https:\/\/228news.tg\/wp-content\/uploads\/2024\/09\/IMG_3314-scaled.jpg\" alt=\"\" width=\"300\" height=\"225\" \/> comptables d\u00e9clar\u00e9s ainsi \u00e0 l\u2019administration peuvent faire objet de retraitement dans la perspective d\u2019obtenir un r\u00e9sultat fiscal.<\/p>\n<p>Aussi les experts du CAECO-FISC conseillent aux op\u00e9rateurs \u00e9conomiques d\u2019\u00eatre le plus sinc\u00e8re possible dans leurs d\u00e9clarations afin de ne pas donner des raisons \u00e0 l\u2019administration fiscale de les enfoncer.<\/p>\n<p>La probl\u00e9matique de l\u2019imposition de l\u2019Imp\u00f4t Minimum Forfaitaire (IMF, 1% du chiffre d\u2019affaires) et de l\u2019IRTC en cas de r\u00e9alisation de perte (l\u2019administration n\u2019ayant pas de moyen de v\u00e9rifier la sinc\u00e9rit\u00e9 des d\u00e9clarations) ou de report des pertes sur les r\u00e9sultats \u00e0 venir jusqu\u2019\u00e0 un total r\u00e8glement des pertes a \u00e9galement \u00e9t\u00e9 soulev\u00e9e.<\/p>\n<p>Sur la question, M. Amoussou Edem, Expert agr\u00e9e en gestion des entreprises, estime que cette imposition tue les op\u00e9rateurs \u00e9conomiques en ce qu\u2019elle les saigne en p\u00e9riode de crise alors que de mesures concr\u00e8tes d\u2019encouragement des op\u00e9rateurs en ces p\u00e9riodes l\u00e0 ne sont pas palpables.<\/p>\n<p>Pour lui, l\u2019IMF constitue une injustice sociale\u00a0; aussi, lance-t-il un appel solennel au l\u00e9gislateur togolais afin de prendre des mesures allant dans le sens d\u2019encouragement des op\u00e9rateurs \u00e9conomiques en p\u00e9riode de vaches maigres.<\/p>\n<p>Les Journalistes en Mission pour le D\u00e9veloppement pour leur part ont \u00e9mis le v\u0153u de voir l\u2019administration fiscale investir davantage dans le renforcement des capacit\u00e9s des comptables des op\u00e9rateurs \u00e9conomiques afin de leur faciliter le travail et d\u2019\u00e9viter certaines situations conflictuelles.<\/p>\n<p><em>(photo, table d&rsquo;honneur des experts et conseils fiscaux, vue partielle des JMD)<\/em><\/p>\n<p><strong>D\u00e9mocrate<\/strong><\/p>\n<p><strong>(00228) 91 85 40 14<\/strong><\/p>\n<p><strong>98 60 67 68 <\/strong><\/p>\n<p><strong>democrate2010@gmail.com<\/strong><\/p>\n","protected":false},"excerpt":{"rendered":"<p>L\u2019acte V du \u00ab\u00a0vendredi de la fiscalit\u00e9\u00a0\u00bb a r\u00e9uni ce 14 juillet les experts et conseillers fiscaux du Cabinet d\u2019Expertise et de Conseil Fiscal (CAECO-FISC) et les Journalistes en Mission pour le D\u00e9veloppement (JMD) autour du traitement des B\u00e9n\u00e9fices Industriels et Commerciaux (BIC) en mati\u00e8re d\u2019Imp\u00f4t sur le Revenu des Personnes Physiques (IRPP). Englobant la &#8230; <a title=\"5\u00e8me \u00ab\u00a0Vendredi de la fiscalit\u00e9\u00a0\u00bb, le traitement des B\u00e9n\u00e9fices Industriels et Commerciaux\u00a0: La suppression de l\u2019Imp\u00f4t Minimum Forfaitaire au centre des attentes\" class=\"read-more\" href=\"https:\/\/228news.tg\/index.php\/2017\/07\/14\/5eme-vendredi-de-la-fiscalite-le-traitement-des-benefices-industriels-et-commerciaux-la-suppression-de-limpot-minimum-forfaitaire-au-centre-des-attention\/\" aria-label=\"En savoir plus sur 5\u00e8me \u00ab\u00a0Vendredi de la fiscalit\u00e9\u00a0\u00bb, le traitement des B\u00e9n\u00e9fices Industriels et Commerciaux\u00a0: La suppression de l\u2019Imp\u00f4t Minimum Forfaitaire au centre des attentes\">Lire la suite<\/a><\/p>\n","protected":false},"author":2,"featured_media":709,"comment_status":"open","ping_status":"open","sticky":false,"template":"","format":"standard","meta":{"footnotes":""},"categories":[30,25,34],"tags":[],"class_list":["post-706","post","type-post","status-publish","format-standard","has-post-thumbnail","hentry","category-economie","category-togo","category-une"],"yoast_head":"<!-- This site is optimized with the Yoast SEO plugin v26.4 - https:\/\/yoast.com\/wordpress\/plugins\/seo\/ -->\n<title>5\u00e8me \u00ab\u00a0Vendredi de la fiscalit\u00e9\u00a0\u00bb, le traitement des B\u00e9n\u00e9fices Industriels et Commerciaux\u00a0: La suppression de l\u2019Imp\u00f4t Minimum Forfaitaire au centre des attentes - 228 News<\/title>\n<meta name=\"robots\" content=\"index, follow, max-snippet:-1, max-image-preview:large, max-video-preview:-1\" \/>\n<link rel=\"canonical\" href=\"https:\/\/228news.tg\/index.php\/2017\/07\/14\/5eme-vendredi-de-la-fiscalite-le-traitement-des-benefices-industriels-et-commerciaux-la-suppression-de-limpot-minimum-forfaitaire-au-centre-des-attention\/\" \/>\n<meta property=\"og:locale\" content=\"fr_FR\" \/>\n<meta property=\"og:type\" content=\"article\" \/>\n<meta property=\"og:title\" content=\"5\u00e8me \u00ab\u00a0Vendredi de la fiscalit\u00e9\u00a0\u00bb, le traitement des B\u00e9n\u00e9fices Industriels et Commerciaux\u00a0: La suppression de l\u2019Imp\u00f4t Minimum Forfaitaire au centre des attentes - 228 News\" \/>\n<meta property=\"og:description\" content=\"L\u2019acte V du \u00ab\u00a0vendredi de la fiscalit\u00e9\u00a0\u00bb a r\u00e9uni ce 14 juillet les experts et conseillers fiscaux du Cabinet d\u2019Expertise et de Conseil Fiscal (CAECO-FISC) et les Journalistes en Mission pour le D\u00e9veloppement (JMD) autour du traitement des B\u00e9n\u00e9fices Industriels et Commerciaux (BIC) en mati\u00e8re d\u2019Imp\u00f4t sur le Revenu des Personnes Physiques (IRPP). Englobant la ... Lire la suite\" \/>\n<meta property=\"og:url\" content=\"https:\/\/228news.tg\/index.php\/2017\/07\/14\/5eme-vendredi-de-la-fiscalite-le-traitement-des-benefices-industriels-et-commerciaux-la-suppression-de-limpot-minimum-forfaitaire-au-centre-des-attention\/\" \/>\n<meta property=\"og:site_name\" content=\"228 News\" \/>\n<meta property=\"article:published_time\" content=\"2017-07-14T00:00:00+00:00\" \/>\n<meta property=\"article:modified_time\" content=\"2024-09-09T14:03:16+00:00\" \/>\n<meta property=\"og:image\" content=\"https:\/\/228news.tg\/wp-content\/uploads\/2024\/09\/IMG_3309-scaled.jpg\" \/>\n\t<meta property=\"og:image:width\" content=\"2560\" \/>\n\t<meta property=\"og:image:height\" content=\"1920\" \/>\n\t<meta property=\"og:image:type\" content=\"image\/jpeg\" \/>\n<meta name=\"author\" content=\"Bienvenu SAVI\" \/>\n<meta name=\"twitter:card\" content=\"summary_large_image\" \/>\n<meta name=\"twitter:label1\" content=\"\u00c9crit par\" \/>\n\t<meta name=\"twitter:data1\" content=\"Bienvenu SAVI\" \/>\n\t<meta name=\"twitter:label2\" content=\"Dur\u00e9e de lecture estim\u00e9e\" \/>\n\t<meta name=\"twitter:data2\" content=\"2 minutes\" \/>\n<script type=\"application\/ld+json\" class=\"yoast-schema-graph\">{\"@context\":\"https:\/\/schema.org\",\"@graph\":[{\"@type\":\"Article\",\"@id\":\"https:\/\/228news.tg\/index.php\/2017\/07\/14\/5eme-vendredi-de-la-fiscalite-le-traitement-des-benefices-industriels-et-commerciaux-la-suppression-de-limpot-minimum-forfaitaire-au-centre-des-attention\/#article\",\"isPartOf\":{\"@id\":\"https:\/\/228news.tg\/index.php\/2017\/07\/14\/5eme-vendredi-de-la-fiscalite-le-traitement-des-benefices-industriels-et-commerciaux-la-suppression-de-limpot-minimum-forfaitaire-au-centre-des-attention\/\"},\"author\":{\"name\":\"Bienvenu SAVI\",\"@id\":\"https:\/\/228news.tg\/#\/schema\/person\/68d5a6cc0230290e61235c8379523f52\"},\"headline\":\"5\u00e8me \u00ab\u00a0Vendredi de la fiscalit\u00e9\u00a0\u00bb, le traitement des B\u00e9n\u00e9fices Industriels et Commerciaux\u00a0: La suppression de l\u2019Imp\u00f4t Minimum Forfaitaire au centre des attentes\",\"datePublished\":\"2017-07-14T00:00:00+00:00\",\"dateModified\":\"2024-09-09T14:03:16+00:00\",\"mainEntityOfPage\":{\"@id\":\"https:\/\/228news.tg\/index.php\/2017\/07\/14\/5eme-vendredi-de-la-fiscalite-le-traitement-des-benefices-industriels-et-commerciaux-la-suppression-de-limpot-minimum-forfaitaire-au-centre-des-attention\/\"},\"wordCount\":458,\"commentCount\":0,\"publisher\":{\"@id\":\"https:\/\/228news.tg\/#organization\"},\"image\":{\"@id\":\"https:\/\/228news.tg\/index.php\/2017\/07\/14\/5eme-vendredi-de-la-fiscalite-le-traitement-des-benefices-industriels-et-commerciaux-la-suppression-de-limpot-minimum-forfaitaire-au-centre-des-attention\/#primaryimage\"},\"thumbnailUrl\":\"https:\/\/228news.tg\/wp-content\/uploads\/2024\/09\/IMG_3309-scaled.jpg\",\"articleSection\":[\"ECONOMIE\",\"TOGO\",\"Une\"],\"inLanguage\":\"fr-FR\",\"potentialAction\":[{\"@type\":\"CommentAction\",\"name\":\"Comment\",\"target\":[\"https:\/\/228news.tg\/index.php\/2017\/07\/14\/5eme-vendredi-de-la-fiscalite-le-traitement-des-benefices-industriels-et-commerciaux-la-suppression-de-limpot-minimum-forfaitaire-au-centre-des-attention\/#respond\"]}]},{\"@type\":\"WebPage\",\"@id\":\"https:\/\/228news.tg\/index.php\/2017\/07\/14\/5eme-vendredi-de-la-fiscalite-le-traitement-des-benefices-industriels-et-commerciaux-la-suppression-de-limpot-minimum-forfaitaire-au-centre-des-attention\/\",\"url\":\"https:\/\/228news.tg\/index.php\/2017\/07\/14\/5eme-vendredi-de-la-fiscalite-le-traitement-des-benefices-industriels-et-commerciaux-la-suppression-de-limpot-minimum-forfaitaire-au-centre-des-attention\/\",\"name\":\"5\u00e8me \u00ab\u00a0Vendredi de la fiscalit\u00e9\u00a0\u00bb, le traitement des B\u00e9n\u00e9fices Industriels et Commerciaux\u00a0: La suppression de l\u2019Imp\u00f4t Minimum Forfaitaire au centre des attentes - 228 News\",\"isPartOf\":{\"@id\":\"https:\/\/228news.tg\/#website\"},\"primaryImageOfPage\":{\"@id\":\"https:\/\/228news.tg\/index.php\/2017\/07\/14\/5eme-vendredi-de-la-fiscalite-le-traitement-des-benefices-industriels-et-commerciaux-la-suppression-de-limpot-minimum-forfaitaire-au-centre-des-attention\/#primaryimage\"},\"image\":{\"@id\":\"https:\/\/228news.tg\/index.php\/2017\/07\/14\/5eme-vendredi-de-la-fiscalite-le-traitement-des-benefices-industriels-et-commerciaux-la-suppression-de-limpot-minimum-forfaitaire-au-centre-des-attention\/#primaryimage\"},\"thumbnailUrl\":\"https:\/\/228news.tg\/wp-content\/uploads\/2024\/09\/IMG_3309-scaled.jpg\",\"datePublished\":\"2017-07-14T00:00:00+00:00\",\"dateModified\":\"2024-09-09T14:03:16+00:00\",\"breadcrumb\":{\"@id\":\"https:\/\/228news.tg\/index.php\/2017\/07\/14\/5eme-vendredi-de-la-fiscalite-le-traitement-des-benefices-industriels-et-commerciaux-la-suppression-de-limpot-minimum-forfaitaire-au-centre-des-attention\/#breadcrumb\"},\"inLanguage\":\"fr-FR\",\"potentialAction\":[{\"@type\":\"ReadAction\",\"target\":[\"https:\/\/228news.tg\/index.php\/2017\/07\/14\/5eme-vendredi-de-la-fiscalite-le-traitement-des-benefices-industriels-et-commerciaux-la-suppression-de-limpot-minimum-forfaitaire-au-centre-des-attention\/\"]}]},{\"@type\":\"ImageObject\",\"inLanguage\":\"fr-FR\",\"@id\":\"https:\/\/228news.tg\/index.php\/2017\/07\/14\/5eme-vendredi-de-la-fiscalite-le-traitement-des-benefices-industriels-et-commerciaux-la-suppression-de-limpot-minimum-forfaitaire-au-centre-des-attention\/#primaryimage\",\"url\":\"https:\/\/228news.tg\/wp-content\/uploads\/2024\/09\/IMG_3309-scaled.jpg\",\"contentUrl\":\"https:\/\/228news.tg\/wp-content\/uploads\/2024\/09\/IMG_3309-scaled.jpg\",\"width\":2560,\"height\":1920},{\"@type\":\"BreadcrumbList\",\"@id\":\"https:\/\/228news.tg\/index.php\/2017\/07\/14\/5eme-vendredi-de-la-fiscalite-le-traitement-des-benefices-industriels-et-commerciaux-la-suppression-de-limpot-minimum-forfaitaire-au-centre-des-attention\/#breadcrumb\",\"itemListElement\":[{\"@type\":\"ListItem\",\"position\":1,\"name\":\"Home\",\"item\":\"https:\/\/228news.tg\/\"},{\"@type\":\"ListItem\",\"position\":2,\"name\":\"5\u00e8me \u00ab\u00a0Vendredi de la fiscalit\u00e9\u00a0\u00bb, le traitement des B\u00e9n\u00e9fices Industriels et Commerciaux\u00a0: La suppression de l\u2019Imp\u00f4t Minimum Forfaitaire au centre des attentes\"}]},{\"@type\":\"WebSite\",\"@id\":\"https:\/\/228news.tg\/#website\",\"url\":\"https:\/\/228news.tg\/\",\"name\":\"228 News\",\"description\":\"Soci\u00e9t\u00e9 de m\u00e9dias et d\u2019actualit\u00e9s\",\"publisher\":{\"@id\":\"https:\/\/228news.tg\/#organization\"},\"potentialAction\":[{\"@type\":\"SearchAction\",\"target\":{\"@type\":\"EntryPoint\",\"urlTemplate\":\"https:\/\/228news.tg\/?s={search_term_string}\"},\"query-input\":{\"@type\":\"PropertyValueSpecification\",\"valueRequired\":true,\"valueName\":\"search_term_string\"}}],\"inLanguage\":\"fr-FR\"},{\"@type\":\"Organization\",\"@id\":\"https:\/\/228news.tg\/#organization\",\"name\":\"228 News\",\"url\":\"https:\/\/228news.tg\/\",\"logo\":{\"@type\":\"ImageObject\",\"inLanguage\":\"fr-FR\",\"@id\":\"https:\/\/228news.tg\/#\/schema\/logo\/image\/\",\"url\":\"https:\/\/228news.tg\/wp-content\/uploads\/2024\/09\/logonew.png\",\"contentUrl\":\"https:\/\/228news.tg\/wp-content\/uploads\/2024\/09\/logonew.png\",\"width\":1640,\"height\":364,\"caption\":\"228 News\"},\"image\":{\"@id\":\"https:\/\/228news.tg\/#\/schema\/logo\/image\/\"}},{\"@type\":\"Person\",\"@id\":\"https:\/\/228news.tg\/#\/schema\/person\/68d5a6cc0230290e61235c8379523f52\",\"name\":\"Bienvenu SAVI\",\"image\":{\"@type\":\"ImageObject\",\"inLanguage\":\"fr-FR\",\"@id\":\"https:\/\/228news.tg\/#\/schema\/person\/image\/\",\"url\":\"https:\/\/secure.gravatar.com\/avatar\/9db91895c559e510509c33a3e9683998458e9b828fac36d5d1aa23f0f2fd369b?s=96&d=mm&r=g\",\"contentUrl\":\"https:\/\/secure.gravatar.com\/avatar\/9db91895c559e510509c33a3e9683998458e9b828fac36d5d1aa23f0f2fd369b?s=96&d=mm&r=g\",\"caption\":\"Bienvenu SAVI\"},\"url\":\"https:\/\/228news.tg\/index.php\/author\/bienvenu\/\"}]}<\/script>\n<!-- \/ Yoast SEO plugin. -->","yoast_head_json":{"title":"5\u00e8me \u00ab\u00a0Vendredi de la fiscalit\u00e9\u00a0\u00bb, le traitement des B\u00e9n\u00e9fices Industriels et Commerciaux\u00a0: La suppression de l\u2019Imp\u00f4t Minimum Forfaitaire au centre des attentes - 228 News","robots":{"index":"index","follow":"follow","max-snippet":"max-snippet:-1","max-image-preview":"max-image-preview:large","max-video-preview":"max-video-preview:-1"},"canonical":"https:\/\/228news.tg\/index.php\/2017\/07\/14\/5eme-vendredi-de-la-fiscalite-le-traitement-des-benefices-industriels-et-commerciaux-la-suppression-de-limpot-minimum-forfaitaire-au-centre-des-attention\/","og_locale":"fr_FR","og_type":"article","og_title":"5\u00e8me \u00ab\u00a0Vendredi de la fiscalit\u00e9\u00a0\u00bb, le traitement des B\u00e9n\u00e9fices Industriels et Commerciaux\u00a0: La suppression de l\u2019Imp\u00f4t Minimum Forfaitaire au centre des attentes - 228 News","og_description":"L\u2019acte V du \u00ab\u00a0vendredi de la fiscalit\u00e9\u00a0\u00bb a r\u00e9uni ce 14 juillet les experts et conseillers fiscaux du Cabinet d\u2019Expertise et de Conseil Fiscal (CAECO-FISC) et les Journalistes en Mission pour le D\u00e9veloppement (JMD) autour du traitement des B\u00e9n\u00e9fices Industriels et Commerciaux (BIC) en mati\u00e8re d\u2019Imp\u00f4t sur le Revenu des Personnes Physiques (IRPP). Englobant la ... Lire la suite","og_url":"https:\/\/228news.tg\/index.php\/2017\/07\/14\/5eme-vendredi-de-la-fiscalite-le-traitement-des-benefices-industriels-et-commerciaux-la-suppression-de-limpot-minimum-forfaitaire-au-centre-des-attention\/","og_site_name":"228 News","article_published_time":"2017-07-14T00:00:00+00:00","article_modified_time":"2024-09-09T14:03:16+00:00","og_image":[{"width":2560,"height":1920,"url":"https:\/\/228news.tg\/wp-content\/uploads\/2024\/09\/IMG_3309-scaled.jpg","type":"image\/jpeg"}],"author":"Bienvenu SAVI","twitter_card":"summary_large_image","twitter_misc":{"\u00c9crit par":"Bienvenu SAVI","Dur\u00e9e de lecture estim\u00e9e":"2 minutes"},"schema":{"@context":"https:\/\/schema.org","@graph":[{"@type":"Article","@id":"https:\/\/228news.tg\/index.php\/2017\/07\/14\/5eme-vendredi-de-la-fiscalite-le-traitement-des-benefices-industriels-et-commerciaux-la-suppression-de-limpot-minimum-forfaitaire-au-centre-des-attention\/#article","isPartOf":{"@id":"https:\/\/228news.tg\/index.php\/2017\/07\/14\/5eme-vendredi-de-la-fiscalite-le-traitement-des-benefices-industriels-et-commerciaux-la-suppression-de-limpot-minimum-forfaitaire-au-centre-des-attention\/"},"author":{"name":"Bienvenu SAVI","@id":"https:\/\/228news.tg\/#\/schema\/person\/68d5a6cc0230290e61235c8379523f52"},"headline":"5\u00e8me \u00ab\u00a0Vendredi de la fiscalit\u00e9\u00a0\u00bb, le traitement des B\u00e9n\u00e9fices Industriels et Commerciaux\u00a0: La suppression de l\u2019Imp\u00f4t Minimum Forfaitaire au centre des attentes","datePublished":"2017-07-14T00:00:00+00:00","dateModified":"2024-09-09T14:03:16+00:00","mainEntityOfPage":{"@id":"https:\/\/228news.tg\/index.php\/2017\/07\/14\/5eme-vendredi-de-la-fiscalite-le-traitement-des-benefices-industriels-et-commerciaux-la-suppression-de-limpot-minimum-forfaitaire-au-centre-des-attention\/"},"wordCount":458,"commentCount":0,"publisher":{"@id":"https:\/\/228news.tg\/#organization"},"image":{"@id":"https:\/\/228news.tg\/index.php\/2017\/07\/14\/5eme-vendredi-de-la-fiscalite-le-traitement-des-benefices-industriels-et-commerciaux-la-suppression-de-limpot-minimum-forfaitaire-au-centre-des-attention\/#primaryimage"},"thumbnailUrl":"https:\/\/228news.tg\/wp-content\/uploads\/2024\/09\/IMG_3309-scaled.jpg","articleSection":["ECONOMIE","TOGO","Une"],"inLanguage":"fr-FR","potentialAction":[{"@type":"CommentAction","name":"Comment","target":["https:\/\/228news.tg\/index.php\/2017\/07\/14\/5eme-vendredi-de-la-fiscalite-le-traitement-des-benefices-industriels-et-commerciaux-la-suppression-de-limpot-minimum-forfaitaire-au-centre-des-attention\/#respond"]}]},{"@type":"WebPage","@id":"https:\/\/228news.tg\/index.php\/2017\/07\/14\/5eme-vendredi-de-la-fiscalite-le-traitement-des-benefices-industriels-et-commerciaux-la-suppression-de-limpot-minimum-forfaitaire-au-centre-des-attention\/","url":"https:\/\/228news.tg\/index.php\/2017\/07\/14\/5eme-vendredi-de-la-fiscalite-le-traitement-des-benefices-industriels-et-commerciaux-la-suppression-de-limpot-minimum-forfaitaire-au-centre-des-attention\/","name":"5\u00e8me \u00ab\u00a0Vendredi de la fiscalit\u00e9\u00a0\u00bb, le traitement des B\u00e9n\u00e9fices Industriels et Commerciaux\u00a0: La suppression de l\u2019Imp\u00f4t Minimum Forfaitaire au centre des attentes - 228 News","isPartOf":{"@id":"https:\/\/228news.tg\/#website"},"primaryImageOfPage":{"@id":"https:\/\/228news.tg\/index.php\/2017\/07\/14\/5eme-vendredi-de-la-fiscalite-le-traitement-des-benefices-industriels-et-commerciaux-la-suppression-de-limpot-minimum-forfaitaire-au-centre-des-attention\/#primaryimage"},"image":{"@id":"https:\/\/228news.tg\/index.php\/2017\/07\/14\/5eme-vendredi-de-la-fiscalite-le-traitement-des-benefices-industriels-et-commerciaux-la-suppression-de-limpot-minimum-forfaitaire-au-centre-des-attention\/#primaryimage"},"thumbnailUrl":"https:\/\/228news.tg\/wp-content\/uploads\/2024\/09\/IMG_3309-scaled.jpg","datePublished":"2017-07-14T00:00:00+00:00","dateModified":"2024-09-09T14:03:16+00:00","breadcrumb":{"@id":"https:\/\/228news.tg\/index.php\/2017\/07\/14\/5eme-vendredi-de-la-fiscalite-le-traitement-des-benefices-industriels-et-commerciaux-la-suppression-de-limpot-minimum-forfaitaire-au-centre-des-attention\/#breadcrumb"},"inLanguage":"fr-FR","potentialAction":[{"@type":"ReadAction","target":["https:\/\/228news.tg\/index.php\/2017\/07\/14\/5eme-vendredi-de-la-fiscalite-le-traitement-des-benefices-industriels-et-commerciaux-la-suppression-de-limpot-minimum-forfaitaire-au-centre-des-attention\/"]}]},{"@type":"ImageObject","inLanguage":"fr-FR","@id":"https:\/\/228news.tg\/index.php\/2017\/07\/14\/5eme-vendredi-de-la-fiscalite-le-traitement-des-benefices-industriels-et-commerciaux-la-suppression-de-limpot-minimum-forfaitaire-au-centre-des-attention\/#primaryimage","url":"https:\/\/228news.tg\/wp-content\/uploads\/2024\/09\/IMG_3309-scaled.jpg","contentUrl":"https:\/\/228news.tg\/wp-content\/uploads\/2024\/09\/IMG_3309-scaled.jpg","width":2560,"height":1920},{"@type":"BreadcrumbList","@id":"https:\/\/228news.tg\/index.php\/2017\/07\/14\/5eme-vendredi-de-la-fiscalite-le-traitement-des-benefices-industriels-et-commerciaux-la-suppression-de-limpot-minimum-forfaitaire-au-centre-des-attention\/#breadcrumb","itemListElement":[{"@type":"ListItem","position":1,"name":"Home","item":"https:\/\/228news.tg\/"},{"@type":"ListItem","position":2,"name":"5\u00e8me \u00ab\u00a0Vendredi de la fiscalit\u00e9\u00a0\u00bb, le traitement des B\u00e9n\u00e9fices Industriels et Commerciaux\u00a0: La suppression de l\u2019Imp\u00f4t Minimum Forfaitaire au centre des attentes"}]},{"@type":"WebSite","@id":"https:\/\/228news.tg\/#website","url":"https:\/\/228news.tg\/","name":"228 News","description":"Soci\u00e9t\u00e9 de m\u00e9dias et d\u2019actualit\u00e9s","publisher":{"@id":"https:\/\/228news.tg\/#organization"},"potentialAction":[{"@type":"SearchAction","target":{"@type":"EntryPoint","urlTemplate":"https:\/\/228news.tg\/?s={search_term_string}"},"query-input":{"@type":"PropertyValueSpecification","valueRequired":true,"valueName":"search_term_string"}}],"inLanguage":"fr-FR"},{"@type":"Organization","@id":"https:\/\/228news.tg\/#organization","name":"228 News","url":"https:\/\/228news.tg\/","logo":{"@type":"ImageObject","inLanguage":"fr-FR","@id":"https:\/\/228news.tg\/#\/schema\/logo\/image\/","url":"https:\/\/228news.tg\/wp-content\/uploads\/2024\/09\/logonew.png","contentUrl":"https:\/\/228news.tg\/wp-content\/uploads\/2024\/09\/logonew.png","width":1640,"height":364,"caption":"228 News"},"image":{"@id":"https:\/\/228news.tg\/#\/schema\/logo\/image\/"}},{"@type":"Person","@id":"https:\/\/228news.tg\/#\/schema\/person\/68d5a6cc0230290e61235c8379523f52","name":"Bienvenu SAVI","image":{"@type":"ImageObject","inLanguage":"fr-FR","@id":"https:\/\/228news.tg\/#\/schema\/person\/image\/","url":"https:\/\/secure.gravatar.com\/avatar\/9db91895c559e510509c33a3e9683998458e9b828fac36d5d1aa23f0f2fd369b?s=96&d=mm&r=g","contentUrl":"https:\/\/secure.gravatar.com\/avatar\/9db91895c559e510509c33a3e9683998458e9b828fac36d5d1aa23f0f2fd369b?s=96&d=mm&r=g","caption":"Bienvenu SAVI"},"url":"https:\/\/228news.tg\/index.php\/author\/bienvenu\/"}]}},"jetpack_featured_media_url":"https:\/\/228news.tg\/wp-content\/uploads\/2024\/09\/IMG_3309-scaled.jpg","_links":{"self":[{"href":"https:\/\/228news.tg\/index.php\/wp-json\/wp\/v2\/posts\/706","targetHints":{"allow":["GET"]}}],"collection":[{"href":"https:\/\/228news.tg\/index.php\/wp-json\/wp\/v2\/posts"}],"about":[{"href":"https:\/\/228news.tg\/index.php\/wp-json\/wp\/v2\/types\/post"}],"author":[{"embeddable":true,"href":"https:\/\/228news.tg\/index.php\/wp-json\/wp\/v2\/users\/2"}],"replies":[{"embeddable":true,"href":"https:\/\/228news.tg\/index.php\/wp-json\/wp\/v2\/comments?post=706"}],"version-history":[{"count":1,"href":"https:\/\/228news.tg\/index.php\/wp-json\/wp\/v2\/posts\/706\/revisions"}],"predecessor-version":[{"id":708,"href":"https:\/\/228news.tg\/index.php\/wp-json\/wp\/v2\/posts\/706\/revisions\/708"}],"wp:featuredmedia":[{"embeddable":true,"href":"https:\/\/228news.tg\/index.php\/wp-json\/wp\/v2\/media\/709"}],"wp:attachment":[{"href":"https:\/\/228news.tg\/index.php\/wp-json\/wp\/v2\/media?parent=706"}],"wp:term":[{"taxonomy":"category","embeddable":true,"href":"https:\/\/228news.tg\/index.php\/wp-json\/wp\/v2\/categories?post=706"},{"taxonomy":"post_tag","embeddable":true,"href":"https:\/\/228news.tg\/index.php\/wp-json\/wp\/v2\/tags?post=706"}],"curies":[{"name":"wp","href":"https:\/\/api.w.org\/{rel}","templated":true}]}}