{"id":668,"date":"2017-06-30T00:00:00","date_gmt":"2017-06-30T00:00:00","guid":{"rendered":"https:\/\/228news.tg\/index.php\/2017\/06\/30\/14eme-foire-internationale-de-lome-le-numerique-au-service-des-affaires-la-foire-made-in-togo-ouvre-ses-portes-le-28-juillet-prochain\/"},"modified":"2017-06-30T00:00:00","modified_gmt":"2017-06-30T00:00:00","slug":"14eme-foire-internationale-de-lome-le-numerique-au-service-des-affaires-la-foire-made-in-togo-ouvre-ses-portes-le-28-juillet-prochain","status":"publish","type":"post","link":"https:\/\/228news.tg\/index.php\/2017\/06\/30\/14eme-foire-internationale-de-lome-le-numerique-au-service-des-affaires-la-foire-made-in-togo-ouvre-ses-portes-le-28-juillet-prochain\/","title":{"rendered":"14\u00e8me Foire Internationale de Lom\u00e9\u00a0: Le num\u00e9rique au service des affaires, la foire \u00ab\u00a0Made in Togo\u00a0\u00bb ouvre ses portes le 28 juillet prochain"},"content":{"rendered":"<p>La campagne de la 14<sup>\u00e8me<\/sup> Foire Internationale de Lom\u00e9 (FIL) a \u00e9t\u00e9 lanc\u00e9e au Centre togolais des expositions et foires de Lom\u00e9 (CETEF), commun\u00e9ment appel\u00e9 \u00ab Togo 2000 \u00bb, par le ministre du Tourisme et de l\u2019industrie, Ihou Atigb\u00e9, ce jeudi\u00a0 29 juin.<\/p>\n<p>Plac\u00e9e sous le th\u00e8me \u00ab Le num\u00e9rique au service des affaires \u00bb, la 14<sup>\u00e8me<\/sup> FIL d\u00e9clare une passion au num\u00e9rique, notamment \u00e0 travers la promotion des activit\u00e9s des jeunes d\u00e9veloppeurs d\u2019applications dans tous les domaines et les institutions qui utilisent d\u00e9j\u00e0 cette nouvelle forme de technologie. Les 300 m\u00b2 d\u2019espaces consacr\u00e9s \u00e0 la cause en dit long.<\/p>\n<p>\u00ab Personne ne peut nier aujourd\u2019hui l\u2019impact du num\u00e9rique dans notre v\u00e9cu quotidien et plus particuli\u00e8rement sur l\u2019exercice de l\u2019activit\u00e9 \u00e9conomique. La pr\u00e9sente \u00e9dition privil\u00e9giera les acteurs nationaux et du reste du monde qui interviennent dans cette activit\u00e9 afin qu\u2019ils partagent et exposent pendant 17 jours leurs diff\u00e9rentes exp\u00e9riences dans ce secteur \u00bb, a d\u00e9clar\u00e9 le ministre.<\/p>\n<p>Le Directeur g\u00e9n\u00e9ral du CETEF, Kueku-Banka Johnson pour sa part, trouve en le num\u00e9rique, un facteur de d\u00e9veloppement et de progr\u00e8s de l\u2019entreprise et un \u00e9l\u00e9ment facilitateur dans la vie des agents \u00e9conomiques aujourd\u2019hui.<\/p>\n<p>\u00ab Aucune t\u00e2che ne peut s\u2019accomplir avec efficience sans cet apport technologique. La conception de programmes ou de plan de d\u00e9veloppement ne peut se r\u00e9aliser sans l\u2019apport du num\u00e9rique \u00bb, a-t-il confi\u00e9<\/p>\n<p>Cette ann\u00e9e, le pays invit\u00e9 d\u2019honneur cette est l\u2019Arabie saoudite. Pr\u00e8s 1.100 exposants de vingt-cinq (25) pays de part le monde sont \u00e9galement attendus \u00e0 cette 14<sup>\u00e8me<\/sup> FIL.<\/p>\n<p>La 14<sup>\u00e8me<\/sup> FIL sera pr\u00e9c\u00e9d\u00e9e de la Foire \u00ab\u00a0Made in Togo\u00a0\u00bb qui se tiendra du 28 juillet au 11 ao\u00fbt prochain afin de permettre aux producteurs et entrepreneurs Togolais de tous les secteurs d\u2019activit\u00e9s de faire valoir leurs productions.<\/p>\n<p><em>(photo, Johnson Kueku-Banka, DG du CETEF-Lom\u00e9)<\/em><\/p>\n<p><strong>D\u00e9mocrate\u00a0\u00a0\u00a0 <\/strong><\/p>\n<p><strong>(00228) 91 85 40 14<br \/>\n98 60 67 68<br \/>\n<\/strong><a href=\"mailto:democrate2010@gmail.com\"><strong>democrate2010@gmail.com<\/strong><\/a><\/p>\n<p><strong>\u00a0<\/strong><\/p>\n","protected":false},"excerpt":{"rendered":"<p>La campagne de la 14\u00e8me Foire Internationale de Lom\u00e9 (FIL) a \u00e9t\u00e9 lanc\u00e9e au Centre togolais des expositions et foires de Lom\u00e9 (CETEF), commun\u00e9ment appel\u00e9 \u00ab Togo 2000 \u00bb, par le ministre du Tourisme et de l\u2019industrie, Ihou Atigb\u00e9, ce jeudi\u00a0 29 juin. Plac\u00e9e sous le th\u00e8me \u00ab Le num\u00e9rique au service des affaires \u00bb, &#8230; <a title=\"14\u00e8me Foire Internationale de Lom\u00e9\u00a0: Le num\u00e9rique au service des affaires, la foire \u00ab\u00a0Made in Togo\u00a0\u00bb ouvre ses portes le 28 juillet prochain\" class=\"read-more\" href=\"https:\/\/228news.tg\/index.php\/2017\/06\/30\/14eme-foire-internationale-de-lome-le-numerique-au-service-des-affaires-la-foire-made-in-togo-ouvre-ses-portes-le-28-juillet-prochain\/\" aria-label=\"En savoir plus sur 14\u00e8me Foire Internationale de Lom\u00e9\u00a0: Le num\u00e9rique au service des affaires, la foire \u00ab\u00a0Made in Togo\u00a0\u00bb ouvre ses portes le 28 juillet prochain\">Lire la suite<\/a><\/p>\n","protected":false},"author":2,"featured_media":669,"comment_status":"open","ping_status":"open","sticky":false,"template":"","format":"standard","meta":{"footnotes":""},"categories":[30,25,34],"tags":[],"class_list":["post-668","post","type-post","status-publish","format-standard","has-post-thumbnail","hentry","category-economie","category-togo","category-une"],"yoast_head":"<!-- This site is optimized with the Yoast SEO plugin v26.4 - https:\/\/yoast.com\/wordpress\/plugins\/seo\/ -->\n<title>14\u00e8me Foire Internationale de Lom\u00e9\u00a0: Le num\u00e9rique au service des affaires, la foire \u00ab\u00a0Made in Togo\u00a0\u00bb ouvre ses portes le 28 juillet prochain - 228 News<\/title>\n<meta name=\"robots\" content=\"index, follow, max-snippet:-1, max-image-preview:large, max-video-preview:-1\" \/>\n<link rel=\"canonical\" href=\"https:\/\/228news.tg\/index.php\/2017\/06\/30\/14eme-foire-internationale-de-lome-le-numerique-au-service-des-affaires-la-foire-made-in-togo-ouvre-ses-portes-le-28-juillet-prochain\/\" \/>\n<meta property=\"og:locale\" content=\"fr_FR\" \/>\n<meta property=\"og:type\" content=\"article\" \/>\n<meta property=\"og:title\" content=\"14\u00e8me Foire Internationale de Lom\u00e9\u00a0: Le num\u00e9rique au service des affaires, la foire \u00ab\u00a0Made in Togo\u00a0\u00bb ouvre ses portes le 28 juillet prochain - 228 News\" \/>\n<meta property=\"og:description\" content=\"La campagne de la 14\u00e8me Foire Internationale de Lom\u00e9 (FIL) a \u00e9t\u00e9 lanc\u00e9e au Centre togolais des expositions et foires de Lom\u00e9 (CETEF), commun\u00e9ment appel\u00e9 \u00ab Togo 2000 \u00bb, par le ministre du Tourisme et de l\u2019industrie, Ihou Atigb\u00e9, ce jeudi\u00a0 29 juin. Plac\u00e9e sous le th\u00e8me \u00ab Le num\u00e9rique au service des affaires \u00bb, ... Lire la suite\" \/>\n<meta property=\"og:url\" content=\"https:\/\/228news.tg\/index.php\/2017\/06\/30\/14eme-foire-internationale-de-lome-le-numerique-au-service-des-affaires-la-foire-made-in-togo-ouvre-ses-portes-le-28-juillet-prochain\/\" \/>\n<meta property=\"og:site_name\" content=\"228 News\" \/>\n<meta property=\"article:published_time\" content=\"2017-06-30T00:00:00+00:00\" \/>\n<meta property=\"og:image\" content=\"https:\/\/228news.tg\/wp-content\/uploads\/2024\/09\/C__Data_Users_DefApps_AppData_INTERNETEXPLORER_Temp_Saved-Images_da89514e409822180ac867ab6712269d_XL.jpg\" \/>\n\t<meta property=\"og:image:width\" content=\"1170\" \/>\n\t<meta property=\"og:image:height\" content=\"659\" \/>\n\t<meta property=\"og:image:type\" content=\"image\/jpeg\" \/>\n<meta name=\"author\" content=\"Bienvenu SAVI\" \/>\n<meta name=\"twitter:card\" content=\"summary_large_image\" \/>\n<meta name=\"twitter:label1\" content=\"\u00c9crit par\" \/>\n\t<meta name=\"twitter:data1\" content=\"Bienvenu SAVI\" \/>\n\t<meta name=\"twitter:label2\" content=\"Dur\u00e9e de lecture estim\u00e9e\" \/>\n\t<meta name=\"twitter:data2\" content=\"2 minutes\" \/>\n<script type=\"application\/ld+json\" class=\"yoast-schema-graph\">{\"@context\":\"https:\/\/schema.org\",\"@graph\":[{\"@type\":\"Article\",\"@id\":\"https:\/\/228news.tg\/index.php\/2017\/06\/30\/14eme-foire-internationale-de-lome-le-numerique-au-service-des-affaires-la-foire-made-in-togo-ouvre-ses-portes-le-28-juillet-prochain\/#article\",\"isPartOf\":{\"@id\":\"https:\/\/228news.tg\/index.php\/2017\/06\/30\/14eme-foire-internationale-de-lome-le-numerique-au-service-des-affaires-la-foire-made-in-togo-ouvre-ses-portes-le-28-juillet-prochain\/\"},\"author\":{\"name\":\"Bienvenu SAVI\",\"@id\":\"https:\/\/228news.tg\/#\/schema\/person\/68d5a6cc0230290e61235c8379523f52\"},\"headline\":\"14\u00e8me Foire Internationale de Lom\u00e9\u00a0: Le num\u00e9rique au service des affaires, la foire \u00ab\u00a0Made in Togo\u00a0\u00bb ouvre ses portes le 28 juillet prochain\",\"datePublished\":\"2017-06-30T00:00:00+00:00\",\"mainEntityOfPage\":{\"@id\":\"https:\/\/228news.tg\/index.php\/2017\/06\/30\/14eme-foire-internationale-de-lome-le-numerique-au-service-des-affaires-la-foire-made-in-togo-ouvre-ses-portes-le-28-juillet-prochain\/\"},\"wordCount\":356,\"commentCount\":0,\"publisher\":{\"@id\":\"https:\/\/228news.tg\/#organization\"},\"image\":{\"@id\":\"https:\/\/228news.tg\/index.php\/2017\/06\/30\/14eme-foire-internationale-de-lome-le-numerique-au-service-des-affaires-la-foire-made-in-togo-ouvre-ses-portes-le-28-juillet-prochain\/#primaryimage\"},\"thumbnailUrl\":\"https:\/\/228news.tg\/wp-content\/uploads\/2024\/09\/C__Data_Users_DefApps_AppData_INTERNETEXPLORER_Temp_Saved-Images_da89514e409822180ac867ab6712269d_XL.jpg\",\"articleSection\":[\"ECONOMIE\",\"TOGO\",\"Une\"],\"inLanguage\":\"fr-FR\",\"potentialAction\":[{\"@type\":\"CommentAction\",\"name\":\"Comment\",\"target\":[\"https:\/\/228news.tg\/index.php\/2017\/06\/30\/14eme-foire-internationale-de-lome-le-numerique-au-service-des-affaires-la-foire-made-in-togo-ouvre-ses-portes-le-28-juillet-prochain\/#respond\"]}]},{\"@type\":\"WebPage\",\"@id\":\"https:\/\/228news.tg\/index.php\/2017\/06\/30\/14eme-foire-internationale-de-lome-le-numerique-au-service-des-affaires-la-foire-made-in-togo-ouvre-ses-portes-le-28-juillet-prochain\/\",\"url\":\"https:\/\/228news.tg\/index.php\/2017\/06\/30\/14eme-foire-internationale-de-lome-le-numerique-au-service-des-affaires-la-foire-made-in-togo-ouvre-ses-portes-le-28-juillet-prochain\/\",\"name\":\"14\u00e8me Foire Internationale de Lom\u00e9\u00a0: Le num\u00e9rique au service des affaires, la foire \u00ab\u00a0Made in Togo\u00a0\u00bb ouvre ses portes le 28 juillet prochain - 228 News\",\"isPartOf\":{\"@id\":\"https:\/\/228news.tg\/#website\"},\"primaryImageOfPage\":{\"@id\":\"https:\/\/228news.tg\/index.php\/2017\/06\/30\/14eme-foire-internationale-de-lome-le-numerique-au-service-des-affaires-la-foire-made-in-togo-ouvre-ses-portes-le-28-juillet-prochain\/#primaryimage\"},\"image\":{\"@id\":\"https:\/\/228news.tg\/index.php\/2017\/06\/30\/14eme-foire-internationale-de-lome-le-numerique-au-service-des-affaires-la-foire-made-in-togo-ouvre-ses-portes-le-28-juillet-prochain\/#primaryimage\"},\"thumbnailUrl\":\"https:\/\/228news.tg\/wp-content\/uploads\/2024\/09\/C__Data_Users_DefApps_AppData_INTERNETEXPLORER_Temp_Saved-Images_da89514e409822180ac867ab6712269d_XL.jpg\",\"datePublished\":\"2017-06-30T00:00:00+00:00\",\"breadcrumb\":{\"@id\":\"https:\/\/228news.tg\/index.php\/2017\/06\/30\/14eme-foire-internationale-de-lome-le-numerique-au-service-des-affaires-la-foire-made-in-togo-ouvre-ses-portes-le-28-juillet-prochain\/#breadcrumb\"},\"inLanguage\":\"fr-FR\",\"potentialAction\":[{\"@type\":\"ReadAction\",\"target\":[\"https:\/\/228news.tg\/index.php\/2017\/06\/30\/14eme-foire-internationale-de-lome-le-numerique-au-service-des-affaires-la-foire-made-in-togo-ouvre-ses-portes-le-28-juillet-prochain\/\"]}]},{\"@type\":\"ImageObject\",\"inLanguage\":\"fr-FR\",\"@id\":\"https:\/\/228news.tg\/index.php\/2017\/06\/30\/14eme-foire-internationale-de-lome-le-numerique-au-service-des-affaires-la-foire-made-in-togo-ouvre-ses-portes-le-28-juillet-prochain\/#primaryimage\",\"url\":\"https:\/\/228news.tg\/wp-content\/uploads\/2024\/09\/C__Data_Users_DefApps_AppData_INTERNETEXPLORER_Temp_Saved-Images_da89514e409822180ac867ab6712269d_XL.jpg\",\"contentUrl\":\"https:\/\/228news.tg\/wp-content\/uploads\/2024\/09\/C__Data_Users_DefApps_AppData_INTERNETEXPLORER_Temp_Saved-Images_da89514e409822180ac867ab6712269d_XL.jpg\",\"width\":1170,\"height\":659},{\"@type\":\"BreadcrumbList\",\"@id\":\"https:\/\/228news.tg\/index.php\/2017\/06\/30\/14eme-foire-internationale-de-lome-le-numerique-au-service-des-affaires-la-foire-made-in-togo-ouvre-ses-portes-le-28-juillet-prochain\/#breadcrumb\",\"itemListElement\":[{\"@type\":\"ListItem\",\"position\":1,\"name\":\"Home\",\"item\":\"https:\/\/228news.tg\/\"},{\"@type\":\"ListItem\",\"position\":2,\"name\":\"14\u00e8me Foire Internationale de Lom\u00e9\u00a0: Le num\u00e9rique au service des affaires, la foire \u00ab\u00a0Made in Togo\u00a0\u00bb ouvre ses portes le 28 juillet prochain\"}]},{\"@type\":\"WebSite\",\"@id\":\"https:\/\/228news.tg\/#website\",\"url\":\"https:\/\/228news.tg\/\",\"name\":\"228 News\",\"description\":\"Soci\u00e9t\u00e9 de m\u00e9dias et d\u2019actualit\u00e9s\",\"publisher\":{\"@id\":\"https:\/\/228news.tg\/#organization\"},\"potentialAction\":[{\"@type\":\"SearchAction\",\"target\":{\"@type\":\"EntryPoint\",\"urlTemplate\":\"https:\/\/228news.tg\/?s={search_term_string}\"},\"query-input\":{\"@type\":\"PropertyValueSpecification\",\"valueRequired\":true,\"valueName\":\"search_term_string\"}}],\"inLanguage\":\"fr-FR\"},{\"@type\":\"Organization\",\"@id\":\"https:\/\/228news.tg\/#organization\",\"name\":\"228 News\",\"url\":\"https:\/\/228news.tg\/\",\"logo\":{\"@type\":\"ImageObject\",\"inLanguage\":\"fr-FR\",\"@id\":\"https:\/\/228news.tg\/#\/schema\/logo\/image\/\",\"url\":\"https:\/\/228news.tg\/wp-content\/uploads\/2024\/09\/logonew.png\",\"contentUrl\":\"https:\/\/228news.tg\/wp-content\/uploads\/2024\/09\/logonew.png\",\"width\":1640,\"height\":364,\"caption\":\"228 News\"},\"image\":{\"@id\":\"https:\/\/228news.tg\/#\/schema\/logo\/image\/\"}},{\"@type\":\"Person\",\"@id\":\"https:\/\/228news.tg\/#\/schema\/person\/68d5a6cc0230290e61235c8379523f52\",\"name\":\"Bienvenu SAVI\",\"image\":{\"@type\":\"ImageObject\",\"inLanguage\":\"fr-FR\",\"@id\":\"https:\/\/228news.tg\/#\/schema\/person\/image\/\",\"url\":\"https:\/\/secure.gravatar.com\/avatar\/9db91895c559e510509c33a3e9683998458e9b828fac36d5d1aa23f0f2fd369b?s=96&d=mm&r=g\",\"contentUrl\":\"https:\/\/secure.gravatar.com\/avatar\/9db91895c559e510509c33a3e9683998458e9b828fac36d5d1aa23f0f2fd369b?s=96&d=mm&r=g\",\"caption\":\"Bienvenu SAVI\"},\"url\":\"https:\/\/228news.tg\/index.php\/author\/bienvenu\/\"}]}<\/script>\n<!-- \/ Yoast SEO plugin. -->","yoast_head_json":{"title":"14\u00e8me Foire Internationale de Lom\u00e9\u00a0: Le num\u00e9rique au service des affaires, la foire \u00ab\u00a0Made in Togo\u00a0\u00bb ouvre ses portes le 28 juillet prochain - 228 News","robots":{"index":"index","follow":"follow","max-snippet":"max-snippet:-1","max-image-preview":"max-image-preview:large","max-video-preview":"max-video-preview:-1"},"canonical":"https:\/\/228news.tg\/index.php\/2017\/06\/30\/14eme-foire-internationale-de-lome-le-numerique-au-service-des-affaires-la-foire-made-in-togo-ouvre-ses-portes-le-28-juillet-prochain\/","og_locale":"fr_FR","og_type":"article","og_title":"14\u00e8me Foire Internationale de Lom\u00e9\u00a0: Le num\u00e9rique au service des affaires, la foire \u00ab\u00a0Made in Togo\u00a0\u00bb ouvre ses portes le 28 juillet prochain - 228 News","og_description":"La campagne de la 14\u00e8me Foire Internationale de Lom\u00e9 (FIL) a \u00e9t\u00e9 lanc\u00e9e au Centre togolais des expositions et foires de Lom\u00e9 (CETEF), commun\u00e9ment appel\u00e9 \u00ab Togo 2000 \u00bb, par le ministre du Tourisme et de l\u2019industrie, Ihou Atigb\u00e9, ce jeudi\u00a0 29 juin. Plac\u00e9e sous le th\u00e8me \u00ab Le num\u00e9rique au service des affaires \u00bb, ... Lire la suite","og_url":"https:\/\/228news.tg\/index.php\/2017\/06\/30\/14eme-foire-internationale-de-lome-le-numerique-au-service-des-affaires-la-foire-made-in-togo-ouvre-ses-portes-le-28-juillet-prochain\/","og_site_name":"228 News","article_published_time":"2017-06-30T00:00:00+00:00","og_image":[{"width":1170,"height":659,"url":"https:\/\/228news.tg\/wp-content\/uploads\/2024\/09\/C__Data_Users_DefApps_AppData_INTERNETEXPLORER_Temp_Saved-Images_da89514e409822180ac867ab6712269d_XL.jpg","type":"image\/jpeg"}],"author":"Bienvenu SAVI","twitter_card":"summary_large_image","twitter_misc":{"\u00c9crit par":"Bienvenu SAVI","Dur\u00e9e de lecture estim\u00e9e":"2 minutes"},"schema":{"@context":"https:\/\/schema.org","@graph":[{"@type":"Article","@id":"https:\/\/228news.tg\/index.php\/2017\/06\/30\/14eme-foire-internationale-de-lome-le-numerique-au-service-des-affaires-la-foire-made-in-togo-ouvre-ses-portes-le-28-juillet-prochain\/#article","isPartOf":{"@id":"https:\/\/228news.tg\/index.php\/2017\/06\/30\/14eme-foire-internationale-de-lome-le-numerique-au-service-des-affaires-la-foire-made-in-togo-ouvre-ses-portes-le-28-juillet-prochain\/"},"author":{"name":"Bienvenu SAVI","@id":"https:\/\/228news.tg\/#\/schema\/person\/68d5a6cc0230290e61235c8379523f52"},"headline":"14\u00e8me Foire Internationale de Lom\u00e9\u00a0: Le num\u00e9rique au service des affaires, la foire \u00ab\u00a0Made in Togo\u00a0\u00bb ouvre ses portes le 28 juillet prochain","datePublished":"2017-06-30T00:00:00+00:00","mainEntityOfPage":{"@id":"https:\/\/228news.tg\/index.php\/2017\/06\/30\/14eme-foire-internationale-de-lome-le-numerique-au-service-des-affaires-la-foire-made-in-togo-ouvre-ses-portes-le-28-juillet-prochain\/"},"wordCount":356,"commentCount":0,"publisher":{"@id":"https:\/\/228news.tg\/#organization"},"image":{"@id":"https:\/\/228news.tg\/index.php\/2017\/06\/30\/14eme-foire-internationale-de-lome-le-numerique-au-service-des-affaires-la-foire-made-in-togo-ouvre-ses-portes-le-28-juillet-prochain\/#primaryimage"},"thumbnailUrl":"https:\/\/228news.tg\/wp-content\/uploads\/2024\/09\/C__Data_Users_DefApps_AppData_INTERNETEXPLORER_Temp_Saved-Images_da89514e409822180ac867ab6712269d_XL.jpg","articleSection":["ECONOMIE","TOGO","Une"],"inLanguage":"fr-FR","potentialAction":[{"@type":"CommentAction","name":"Comment","target":["https:\/\/228news.tg\/index.php\/2017\/06\/30\/14eme-foire-internationale-de-lome-le-numerique-au-service-des-affaires-la-foire-made-in-togo-ouvre-ses-portes-le-28-juillet-prochain\/#respond"]}]},{"@type":"WebPage","@id":"https:\/\/228news.tg\/index.php\/2017\/06\/30\/14eme-foire-internationale-de-lome-le-numerique-au-service-des-affaires-la-foire-made-in-togo-ouvre-ses-portes-le-28-juillet-prochain\/","url":"https:\/\/228news.tg\/index.php\/2017\/06\/30\/14eme-foire-internationale-de-lome-le-numerique-au-service-des-affaires-la-foire-made-in-togo-ouvre-ses-portes-le-28-juillet-prochain\/","name":"14\u00e8me Foire Internationale de Lom\u00e9\u00a0: Le num\u00e9rique au service des affaires, la foire \u00ab\u00a0Made in Togo\u00a0\u00bb ouvre ses portes le 28 juillet prochain - 228 News","isPartOf":{"@id":"https:\/\/228news.tg\/#website"},"primaryImageOfPage":{"@id":"https:\/\/228news.tg\/index.php\/2017\/06\/30\/14eme-foire-internationale-de-lome-le-numerique-au-service-des-affaires-la-foire-made-in-togo-ouvre-ses-portes-le-28-juillet-prochain\/#primaryimage"},"image":{"@id":"https:\/\/228news.tg\/index.php\/2017\/06\/30\/14eme-foire-internationale-de-lome-le-numerique-au-service-des-affaires-la-foire-made-in-togo-ouvre-ses-portes-le-28-juillet-prochain\/#primaryimage"},"thumbnailUrl":"https:\/\/228news.tg\/wp-content\/uploads\/2024\/09\/C__Data_Users_DefApps_AppData_INTERNETEXPLORER_Temp_Saved-Images_da89514e409822180ac867ab6712269d_XL.jpg","datePublished":"2017-06-30T00:00:00+00:00","breadcrumb":{"@id":"https:\/\/228news.tg\/index.php\/2017\/06\/30\/14eme-foire-internationale-de-lome-le-numerique-au-service-des-affaires-la-foire-made-in-togo-ouvre-ses-portes-le-28-juillet-prochain\/#breadcrumb"},"inLanguage":"fr-FR","potentialAction":[{"@type":"ReadAction","target":["https:\/\/228news.tg\/index.php\/2017\/06\/30\/14eme-foire-internationale-de-lome-le-numerique-au-service-des-affaires-la-foire-made-in-togo-ouvre-ses-portes-le-28-juillet-prochain\/"]}]},{"@type":"ImageObject","inLanguage":"fr-FR","@id":"https:\/\/228news.tg\/index.php\/2017\/06\/30\/14eme-foire-internationale-de-lome-le-numerique-au-service-des-affaires-la-foire-made-in-togo-ouvre-ses-portes-le-28-juillet-prochain\/#primaryimage","url":"https:\/\/228news.tg\/wp-content\/uploads\/2024\/09\/C__Data_Users_DefApps_AppData_INTERNETEXPLORER_Temp_Saved-Images_da89514e409822180ac867ab6712269d_XL.jpg","contentUrl":"https:\/\/228news.tg\/wp-content\/uploads\/2024\/09\/C__Data_Users_DefApps_AppData_INTERNETEXPLORER_Temp_Saved-Images_da89514e409822180ac867ab6712269d_XL.jpg","width":1170,"height":659},{"@type":"BreadcrumbList","@id":"https:\/\/228news.tg\/index.php\/2017\/06\/30\/14eme-foire-internationale-de-lome-le-numerique-au-service-des-affaires-la-foire-made-in-togo-ouvre-ses-portes-le-28-juillet-prochain\/#breadcrumb","itemListElement":[{"@type":"ListItem","position":1,"name":"Home","item":"https:\/\/228news.tg\/"},{"@type":"ListItem","position":2,"name":"14\u00e8me Foire Internationale de Lom\u00e9\u00a0: Le num\u00e9rique au service des affaires, la foire \u00ab\u00a0Made in Togo\u00a0\u00bb ouvre ses portes le 28 juillet prochain"}]},{"@type":"WebSite","@id":"https:\/\/228news.tg\/#website","url":"https:\/\/228news.tg\/","name":"228 News","description":"Soci\u00e9t\u00e9 de m\u00e9dias et d\u2019actualit\u00e9s","publisher":{"@id":"https:\/\/228news.tg\/#organization"},"potentialAction":[{"@type":"SearchAction","target":{"@type":"EntryPoint","urlTemplate":"https:\/\/228news.tg\/?s={search_term_string}"},"query-input":{"@type":"PropertyValueSpecification","valueRequired":true,"valueName":"search_term_string"}}],"inLanguage":"fr-FR"},{"@type":"Organization","@id":"https:\/\/228news.tg\/#organization","name":"228 News","url":"https:\/\/228news.tg\/","logo":{"@type":"ImageObject","inLanguage":"fr-FR","@id":"https:\/\/228news.tg\/#\/schema\/logo\/image\/","url":"https:\/\/228news.tg\/wp-content\/uploads\/2024\/09\/logonew.png","contentUrl":"https:\/\/228news.tg\/wp-content\/uploads\/2024\/09\/logonew.png","width":1640,"height":364,"caption":"228 News"},"image":{"@id":"https:\/\/228news.tg\/#\/schema\/logo\/image\/"}},{"@type":"Person","@id":"https:\/\/228news.tg\/#\/schema\/person\/68d5a6cc0230290e61235c8379523f52","name":"Bienvenu SAVI","image":{"@type":"ImageObject","inLanguage":"fr-FR","@id":"https:\/\/228news.tg\/#\/schema\/person\/image\/","url":"https:\/\/secure.gravatar.com\/avatar\/9db91895c559e510509c33a3e9683998458e9b828fac36d5d1aa23f0f2fd369b?s=96&d=mm&r=g","contentUrl":"https:\/\/secure.gravatar.com\/avatar\/9db91895c559e510509c33a3e9683998458e9b828fac36d5d1aa23f0f2fd369b?s=96&d=mm&r=g","caption":"Bienvenu SAVI"},"url":"https:\/\/228news.tg\/index.php\/author\/bienvenu\/"}]}},"jetpack_featured_media_url":"https:\/\/228news.tg\/wp-content\/uploads\/2024\/09\/C__Data_Users_DefApps_AppData_INTERNETEXPLORER_Temp_Saved-Images_da89514e409822180ac867ab6712269d_XL.jpg","_links":{"self":[{"href":"https:\/\/228news.tg\/index.php\/wp-json\/wp\/v2\/posts\/668","targetHints":{"allow":["GET"]}}],"collection":[{"href":"https:\/\/228news.tg\/index.php\/wp-json\/wp\/v2\/posts"}],"about":[{"href":"https:\/\/228news.tg\/index.php\/wp-json\/wp\/v2\/types\/post"}],"author":[{"embeddable":true,"href":"https:\/\/228news.tg\/index.php\/wp-json\/wp\/v2\/users\/2"}],"replies":[{"embeddable":true,"href":"https:\/\/228news.tg\/index.php\/wp-json\/wp\/v2\/comments?post=668"}],"version-history":[{"count":0,"href":"https:\/\/228news.tg\/index.php\/wp-json\/wp\/v2\/posts\/668\/revisions"}],"wp:featuredmedia":[{"embeddable":true,"href":"https:\/\/228news.tg\/index.php\/wp-json\/wp\/v2\/media\/669"}],"wp:attachment":[{"href":"https:\/\/228news.tg\/index.php\/wp-json\/wp\/v2\/media?parent=668"}],"wp:term":[{"taxonomy":"category","embeddable":true,"href":"https:\/\/228news.tg\/index.php\/wp-json\/wp\/v2\/categories?post=668"},{"taxonomy":"post_tag","embeddable":true,"href":"https:\/\/228news.tg\/index.php\/wp-json\/wp\/v2\/tags?post=668"}],"curies":[{"name":"wp","href":"https:\/\/api.w.org\/{rel}","templated":true}]}}