{"id":634,"date":"2017-06-08T00:00:00","date_gmt":"2017-06-08T00:00:00","guid":{"rendered":"https:\/\/228news.tg\/index.php\/2017\/06\/08\/sunref-afrique-de-louest-accroitre-la-competitivite-du-secteur-prive-togolais-dans-une-approche-ecologique\/"},"modified":"2024-09-09T14:02:57","modified_gmt":"2024-09-09T14:02:57","slug":"sunref-afrique-de-louest-accroitre-la-competitivite-du-secteur-prive-togolais-dans-une-approche-ecologique","status":"publish","type":"post","link":"https:\/\/228news.tg\/index.php\/2017\/06\/08\/sunref-afrique-de-louest-accroitre-la-competitivite-du-secteur-prive-togolais-dans-une-approche-ecologique\/","title":{"rendered":"SUNREF Afrique de l\u2019Ouest\u00a0: Accro\u00eetre la comp\u00e9titivit\u00e9 du secteur priv\u00e9 togolais dans une approche \u00e9cologique"},"content":{"rendered":"<p>L\u2019Agence Fran\u00e7aise de D\u00e9veloppement (AFD) a tenu un s\u00e9minaire d\u2019information et de capitalisation sur le programme SUNREF Afrique de l\u2019Ouest (Utilisation durable des ressources et Financement de l\u2019\u00e9nergie), \u00e0 l\u2019intention des acteurs des secteurs public et priv\u00e9 togolais, ce jeudi 8 juin \u00e0 Lom\u00e9. Sous le th\u00e8me \u00ab\u00a0Efficacit\u00e9 \u00e9nerg\u00e9tique, \u00e9nergie renouvelable\u00a0: quelles opportunit\u00e9s pour les entreprises au Togo\u00a0\u00bb, cette rencontre d\u2019\u00e9changes et de partages ouverte par le ministre Togolais des mines et de l\u2019\u00e9nergie, D\u00e8d\u00e8riw\u00e8 Abli-Bidamon, en pr\u00e9sence de son homologue de l\u2019environnement et des ressources foresti\u00e8res Andr\u00e9 Johnson, vise \u00e0 positionner le projet SUNREF Afrique de l\u2019Ouest comme un instrument de r\u00e9f\u00e9rence pour le financement vert au Togo.<\/p>\n<p>Label finance verte de l\u2019AFD, le programme SUNREF Afrique de l\u2019Ouest consiste en une mobilisation des entreprises en faveur d\u2019une croissance verte, gr\u00e2ce \u00e0 des incitations financi\u00e8res notamment des primes \u00e0 l\u2019investissement, des subventions, ou cr\u00e9dits \u00e0 des taux tr\u00e8s bas par des banques partenaires locales du programme. Au Togo on en compte deux en l\u2019occurrence l\u2019Oragroup et la Soci\u00e9t\u00e9 G\u00e9n\u00e9rale des Banques.<img fetchpriority=\"high\" decoding=\"async\" class=\"size-medium wp-image-1306 alignright\" src=\"https:\/\/228news.tg\/wp-content\/uploads\/2024\/09\/IMG_1103-scaled.jpg\" alt=\"\" width=\"300\" height=\"200\" \/><\/p>\n<p>\u00ab\u00a0SUNREF Afrique de l\u2019Ouest a pour objectif de promouvoir, dans les pays en d\u00e9veloppement, les investissements des entreprises en faveur de la ma\u00eetrise de l\u2019\u00e9nergie et d\u2019une gestion durable des ressources naturelles, par l\u2019interm\u00e9diaire des pr\u00eats accord\u00e9s \u00e0 des banques partenaires. Ce programme innovant vise \u00e0 accompagner les pays en d\u00e9veloppement vers une croissance verte, en permettant notamment aux entreprises, selon certains crit\u00e8res d\u2019\u00e9ligibilit\u00e9, de b\u00e9n\u00e9ficier des pr\u00eats \u00e0 des conditions incitatives pour le financement des projets de performances environnementales, d\u2019efficacit\u00e9 \u00e9nerg\u00e9tique, favorisant le recours aux \u00e9nergies renouvelables\u00a0\u00bb, a confi\u00e9 M. Roger N\u2019Guessan, coordonnateur r\u00e9gional du programme.<\/p>\n<p>La cent-trentaine de participants au s\u00e9minaire s\u2019est impr\u00e9gn\u00e9 du contexte, des objectifs, du fonctionnement ainsi que des crit\u00e8res d\u2019\u00e9ligibilit\u00e9 au programme SUNREF Afrique de l\u2019Ouest. Egalement au menu des \u00e9changes, une table ronde sur les d\u00e9fis et solutions pour promouvoir les investissements verts au Togo. Elle a essentiellement selon le coordonnateur pays du programme, M. Dodji Agb\u00e9zo, \u00ab\u00a0permis de pister les voies et moyens afin de surmonter les barri\u00e8res pour la mise en \u0153uvre des projets d\u2019efficacit\u00e9 \u00e9nerg\u00e9tique et d\u2019\u00e9nergies renouvelables\u00a0\u00bb.<\/p>\n<p>Les ministres des mines et de l\u2019\u00e9nergie, et de l\u2019environnement et des ressources foresti\u00e8res, ont pour leur part salu\u00e9 un programme innovant qui rentre dans la droite logique des accords du Paris sur le climat, dont le Togo se positionne comme fervent d\u00e9fenseur.<\/p>\n<p>D\u2019un montant global de soit 20 millions d\u2019euros, soit 3 milliards de F CFA, SUNREF Afrique de l\u2019Ouest b\u00e9n\u00e9ficie d\u2019un appui financier du Fonds Fran\u00e7ais pour l\u2019Environnement Mondial (FFEM). N<\/p>\n<p><strong>D\u00e9mocrate<\/strong><\/p>\n<p><strong>(00228) 91 85 40 14<\/strong><\/p>\n<p><strong>98 60 67 68<\/strong><\/p>\n<p><strong><a href=\"mailto:democrate2010@gmail.com\">democrate2010@gmail.com<\/a><\/strong><\/p>\n","protected":false},"excerpt":{"rendered":"<p>L\u2019Agence Fran\u00e7aise de D\u00e9veloppement (AFD) a tenu un s\u00e9minaire d\u2019information et de capitalisation sur le programme SUNREF Afrique de l\u2019Ouest (Utilisation durable des ressources et Financement de l\u2019\u00e9nergie), \u00e0 l\u2019intention des acteurs des secteurs public et priv\u00e9 togolais, ce jeudi 8 juin \u00e0 Lom\u00e9. Sous le th\u00e8me \u00ab\u00a0Efficacit\u00e9 \u00e9nerg\u00e9tique, \u00e9nergie renouvelable\u00a0: quelles opportunit\u00e9s pour les &#8230; <a title=\"SUNREF Afrique de l\u2019Ouest\u00a0: Accro\u00eetre la comp\u00e9titivit\u00e9 du secteur priv\u00e9 togolais dans une approche \u00e9cologique\" class=\"read-more\" href=\"https:\/\/228news.tg\/index.php\/2017\/06\/08\/sunref-afrique-de-louest-accroitre-la-competitivite-du-secteur-prive-togolais-dans-une-approche-ecologique\/\" aria-label=\"En savoir plus sur SUNREF Afrique de l\u2019Ouest\u00a0: Accro\u00eetre la comp\u00e9titivit\u00e9 du secteur priv\u00e9 togolais dans une approche \u00e9cologique\">Lire la suite<\/a><\/p>\n","protected":false},"author":2,"featured_media":637,"comment_status":"open","ping_status":"open","sticky":false,"template":"","format":"standard","meta":{"footnotes":""},"categories":[26,31,30,25],"tags":[],"class_list":["post-634","post","type-post","status-publish","format-standard","has-post-thumbnail","hentry","category-afrique","category-developpement","category-economie","category-togo"],"yoast_head":"<!-- This site is optimized with the Yoast SEO plugin v26.4 - https:\/\/yoast.com\/wordpress\/plugins\/seo\/ -->\n<title>SUNREF Afrique de l\u2019Ouest\u00a0: Accro\u00eetre la comp\u00e9titivit\u00e9 du secteur priv\u00e9 togolais dans une approche \u00e9cologique - 228 News<\/title>\n<meta name=\"robots\" content=\"index, follow, max-snippet:-1, max-image-preview:large, max-video-preview:-1\" \/>\n<link rel=\"canonical\" href=\"https:\/\/228news.tg\/index.php\/2017\/06\/08\/sunref-afrique-de-louest-accroitre-la-competitivite-du-secteur-prive-togolais-dans-une-approche-ecologique\/\" \/>\n<meta property=\"og:locale\" content=\"fr_FR\" \/>\n<meta property=\"og:type\" content=\"article\" \/>\n<meta property=\"og:title\" content=\"SUNREF Afrique de l\u2019Ouest\u00a0: Accro\u00eetre la comp\u00e9titivit\u00e9 du secteur priv\u00e9 togolais dans une approche \u00e9cologique - 228 News\" \/>\n<meta property=\"og:description\" content=\"L\u2019Agence Fran\u00e7aise de D\u00e9veloppement (AFD) a tenu un s\u00e9minaire d\u2019information et de capitalisation sur le programme SUNREF Afrique de l\u2019Ouest (Utilisation durable des ressources et Financement de l\u2019\u00e9nergie), \u00e0 l\u2019intention des acteurs des secteurs public et priv\u00e9 togolais, ce jeudi 8 juin \u00e0 Lom\u00e9. Sous le th\u00e8me \u00ab\u00a0Efficacit\u00e9 \u00e9nerg\u00e9tique, \u00e9nergie renouvelable\u00a0: quelles opportunit\u00e9s pour les ... Lire la suite\" \/>\n<meta property=\"og:url\" content=\"https:\/\/228news.tg\/index.php\/2017\/06\/08\/sunref-afrique-de-louest-accroitre-la-competitivite-du-secteur-prive-togolais-dans-une-approche-ecologique\/\" \/>\n<meta property=\"og:site_name\" content=\"228 News\" \/>\n<meta property=\"article:published_time\" content=\"2017-06-08T00:00:00+00:00\" \/>\n<meta property=\"article:modified_time\" content=\"2024-09-09T14:02:57+00:00\" \/>\n<meta property=\"og:image\" content=\"https:\/\/228news.tg\/wp-content\/uploads\/2024\/09\/IMG_1113-scaled.jpg\" \/>\n\t<meta property=\"og:image:width\" content=\"2560\" \/>\n\t<meta property=\"og:image:height\" content=\"1707\" \/>\n\t<meta property=\"og:image:type\" content=\"image\/jpeg\" \/>\n<meta name=\"author\" content=\"Bienvenu SAVI\" \/>\n<meta name=\"twitter:card\" content=\"summary_large_image\" \/>\n<meta name=\"twitter:label1\" content=\"\u00c9crit par\" \/>\n\t<meta name=\"twitter:data1\" content=\"Bienvenu SAVI\" \/>\n\t<meta name=\"twitter:label2\" content=\"Dur\u00e9e de lecture estim\u00e9e\" \/>\n\t<meta name=\"twitter:data2\" content=\"2 minutes\" \/>\n<script type=\"application\/ld+json\" class=\"yoast-schema-graph\">{\"@context\":\"https:\/\/schema.org\",\"@graph\":[{\"@type\":\"Article\",\"@id\":\"https:\/\/228news.tg\/index.php\/2017\/06\/08\/sunref-afrique-de-louest-accroitre-la-competitivite-du-secteur-prive-togolais-dans-une-approche-ecologique\/#article\",\"isPartOf\":{\"@id\":\"https:\/\/228news.tg\/index.php\/2017\/06\/08\/sunref-afrique-de-louest-accroitre-la-competitivite-du-secteur-prive-togolais-dans-une-approche-ecologique\/\"},\"author\":{\"name\":\"Bienvenu SAVI\",\"@id\":\"https:\/\/228news.tg\/#\/schema\/person\/68d5a6cc0230290e61235c8379523f52\"},\"headline\":\"SUNREF Afrique de l\u2019Ouest\u00a0: Accro\u00eetre la comp\u00e9titivit\u00e9 du secteur priv\u00e9 togolais dans une approche \u00e9cologique\",\"datePublished\":\"2017-06-08T00:00:00+00:00\",\"dateModified\":\"2024-09-09T14:02:57+00:00\",\"mainEntityOfPage\":{\"@id\":\"https:\/\/228news.tg\/index.php\/2017\/06\/08\/sunref-afrique-de-louest-accroitre-la-competitivite-du-secteur-prive-togolais-dans-une-approche-ecologique\/\"},\"wordCount\":511,\"commentCount\":0,\"publisher\":{\"@id\":\"https:\/\/228news.tg\/#organization\"},\"image\":{\"@id\":\"https:\/\/228news.tg\/index.php\/2017\/06\/08\/sunref-afrique-de-louest-accroitre-la-competitivite-du-secteur-prive-togolais-dans-une-approche-ecologique\/#primaryimage\"},\"thumbnailUrl\":\"https:\/\/228news.tg\/wp-content\/uploads\/2024\/09\/IMG_1113-scaled.jpg\",\"articleSection\":[\"AFRIQUE\",\"DEVELOPPEMENT\",\"ECONOMIE\",\"TOGO\"],\"inLanguage\":\"fr-FR\",\"potentialAction\":[{\"@type\":\"CommentAction\",\"name\":\"Comment\",\"target\":[\"https:\/\/228news.tg\/index.php\/2017\/06\/08\/sunref-afrique-de-louest-accroitre-la-competitivite-du-secteur-prive-togolais-dans-une-approche-ecologique\/#respond\"]}]},{\"@type\":\"WebPage\",\"@id\":\"https:\/\/228news.tg\/index.php\/2017\/06\/08\/sunref-afrique-de-louest-accroitre-la-competitivite-du-secteur-prive-togolais-dans-une-approche-ecologique\/\",\"url\":\"https:\/\/228news.tg\/index.php\/2017\/06\/08\/sunref-afrique-de-louest-accroitre-la-competitivite-du-secteur-prive-togolais-dans-une-approche-ecologique\/\",\"name\":\"SUNREF Afrique de l\u2019Ouest\u00a0: Accro\u00eetre la comp\u00e9titivit\u00e9 du secteur priv\u00e9 togolais dans une approche \u00e9cologique - 228 News\",\"isPartOf\":{\"@id\":\"https:\/\/228news.tg\/#website\"},\"primaryImageOfPage\":{\"@id\":\"https:\/\/228news.tg\/index.php\/2017\/06\/08\/sunref-afrique-de-louest-accroitre-la-competitivite-du-secteur-prive-togolais-dans-une-approche-ecologique\/#primaryimage\"},\"image\":{\"@id\":\"https:\/\/228news.tg\/index.php\/2017\/06\/08\/sunref-afrique-de-louest-accroitre-la-competitivite-du-secteur-prive-togolais-dans-une-approche-ecologique\/#primaryimage\"},\"thumbnailUrl\":\"https:\/\/228news.tg\/wp-content\/uploads\/2024\/09\/IMG_1113-scaled.jpg\",\"datePublished\":\"2017-06-08T00:00:00+00:00\",\"dateModified\":\"2024-09-09T14:02:57+00:00\",\"breadcrumb\":{\"@id\":\"https:\/\/228news.tg\/index.php\/2017\/06\/08\/sunref-afrique-de-louest-accroitre-la-competitivite-du-secteur-prive-togolais-dans-une-approche-ecologique\/#breadcrumb\"},\"inLanguage\":\"fr-FR\",\"potentialAction\":[{\"@type\":\"ReadAction\",\"target\":[\"https:\/\/228news.tg\/index.php\/2017\/06\/08\/sunref-afrique-de-louest-accroitre-la-competitivite-du-secteur-prive-togolais-dans-une-approche-ecologique\/\"]}]},{\"@type\":\"ImageObject\",\"inLanguage\":\"fr-FR\",\"@id\":\"https:\/\/228news.tg\/index.php\/2017\/06\/08\/sunref-afrique-de-louest-accroitre-la-competitivite-du-secteur-prive-togolais-dans-une-approche-ecologique\/#primaryimage\",\"url\":\"https:\/\/228news.tg\/wp-content\/uploads\/2024\/09\/IMG_1113-scaled.jpg\",\"contentUrl\":\"https:\/\/228news.tg\/wp-content\/uploads\/2024\/09\/IMG_1113-scaled.jpg\",\"width\":2560,\"height\":1707},{\"@type\":\"BreadcrumbList\",\"@id\":\"https:\/\/228news.tg\/index.php\/2017\/06\/08\/sunref-afrique-de-louest-accroitre-la-competitivite-du-secteur-prive-togolais-dans-une-approche-ecologique\/#breadcrumb\",\"itemListElement\":[{\"@type\":\"ListItem\",\"position\":1,\"name\":\"Home\",\"item\":\"https:\/\/228news.tg\/\"},{\"@type\":\"ListItem\",\"position\":2,\"name\":\"SUNREF Afrique de l\u2019Ouest\u00a0: Accro\u00eetre la comp\u00e9titivit\u00e9 du secteur priv\u00e9 togolais dans une approche \u00e9cologique\"}]},{\"@type\":\"WebSite\",\"@id\":\"https:\/\/228news.tg\/#website\",\"url\":\"https:\/\/228news.tg\/\",\"name\":\"228 News\",\"description\":\"Soci\u00e9t\u00e9 de m\u00e9dias et d\u2019actualit\u00e9s\",\"publisher\":{\"@id\":\"https:\/\/228news.tg\/#organization\"},\"potentialAction\":[{\"@type\":\"SearchAction\",\"target\":{\"@type\":\"EntryPoint\",\"urlTemplate\":\"https:\/\/228news.tg\/?s={search_term_string}\"},\"query-input\":{\"@type\":\"PropertyValueSpecification\",\"valueRequired\":true,\"valueName\":\"search_term_string\"}}],\"inLanguage\":\"fr-FR\"},{\"@type\":\"Organization\",\"@id\":\"https:\/\/228news.tg\/#organization\",\"name\":\"228 News\",\"url\":\"https:\/\/228news.tg\/\",\"logo\":{\"@type\":\"ImageObject\",\"inLanguage\":\"fr-FR\",\"@id\":\"https:\/\/228news.tg\/#\/schema\/logo\/image\/\",\"url\":\"https:\/\/228news.tg\/wp-content\/uploads\/2024\/09\/logonew.png\",\"contentUrl\":\"https:\/\/228news.tg\/wp-content\/uploads\/2024\/09\/logonew.png\",\"width\":1640,\"height\":364,\"caption\":\"228 News\"},\"image\":{\"@id\":\"https:\/\/228news.tg\/#\/schema\/logo\/image\/\"}},{\"@type\":\"Person\",\"@id\":\"https:\/\/228news.tg\/#\/schema\/person\/68d5a6cc0230290e61235c8379523f52\",\"name\":\"Bienvenu SAVI\",\"image\":{\"@type\":\"ImageObject\",\"inLanguage\":\"fr-FR\",\"@id\":\"https:\/\/228news.tg\/#\/schema\/person\/image\/\",\"url\":\"https:\/\/secure.gravatar.com\/avatar\/9db91895c559e510509c33a3e9683998458e9b828fac36d5d1aa23f0f2fd369b?s=96&d=mm&r=g\",\"contentUrl\":\"https:\/\/secure.gravatar.com\/avatar\/9db91895c559e510509c33a3e9683998458e9b828fac36d5d1aa23f0f2fd369b?s=96&d=mm&r=g\",\"caption\":\"Bienvenu SAVI\"},\"url\":\"https:\/\/228news.tg\/index.php\/author\/bienvenu\/\"}]}<\/script>\n<!-- \/ Yoast SEO plugin. -->","yoast_head_json":{"title":"SUNREF Afrique de l\u2019Ouest\u00a0: Accro\u00eetre la comp\u00e9titivit\u00e9 du secteur priv\u00e9 togolais dans une approche \u00e9cologique - 228 News","robots":{"index":"index","follow":"follow","max-snippet":"max-snippet:-1","max-image-preview":"max-image-preview:large","max-video-preview":"max-video-preview:-1"},"canonical":"https:\/\/228news.tg\/index.php\/2017\/06\/08\/sunref-afrique-de-louest-accroitre-la-competitivite-du-secteur-prive-togolais-dans-une-approche-ecologique\/","og_locale":"fr_FR","og_type":"article","og_title":"SUNREF Afrique de l\u2019Ouest\u00a0: Accro\u00eetre la comp\u00e9titivit\u00e9 du secteur priv\u00e9 togolais dans une approche \u00e9cologique - 228 News","og_description":"L\u2019Agence Fran\u00e7aise de D\u00e9veloppement (AFD) a tenu un s\u00e9minaire d\u2019information et de capitalisation sur le programme SUNREF Afrique de l\u2019Ouest (Utilisation durable des ressources et Financement de l\u2019\u00e9nergie), \u00e0 l\u2019intention des acteurs des secteurs public et priv\u00e9 togolais, ce jeudi 8 juin \u00e0 Lom\u00e9. Sous le th\u00e8me \u00ab\u00a0Efficacit\u00e9 \u00e9nerg\u00e9tique, \u00e9nergie renouvelable\u00a0: quelles opportunit\u00e9s pour les ... Lire la suite","og_url":"https:\/\/228news.tg\/index.php\/2017\/06\/08\/sunref-afrique-de-louest-accroitre-la-competitivite-du-secteur-prive-togolais-dans-une-approche-ecologique\/","og_site_name":"228 News","article_published_time":"2017-06-08T00:00:00+00:00","article_modified_time":"2024-09-09T14:02:57+00:00","og_image":[{"width":2560,"height":1707,"url":"https:\/\/228news.tg\/wp-content\/uploads\/2024\/09\/IMG_1113-scaled.jpg","type":"image\/jpeg"}],"author":"Bienvenu SAVI","twitter_card":"summary_large_image","twitter_misc":{"\u00c9crit par":"Bienvenu SAVI","Dur\u00e9e de lecture estim\u00e9e":"2 minutes"},"schema":{"@context":"https:\/\/schema.org","@graph":[{"@type":"Article","@id":"https:\/\/228news.tg\/index.php\/2017\/06\/08\/sunref-afrique-de-louest-accroitre-la-competitivite-du-secteur-prive-togolais-dans-une-approche-ecologique\/#article","isPartOf":{"@id":"https:\/\/228news.tg\/index.php\/2017\/06\/08\/sunref-afrique-de-louest-accroitre-la-competitivite-du-secteur-prive-togolais-dans-une-approche-ecologique\/"},"author":{"name":"Bienvenu SAVI","@id":"https:\/\/228news.tg\/#\/schema\/person\/68d5a6cc0230290e61235c8379523f52"},"headline":"SUNREF Afrique de l\u2019Ouest\u00a0: Accro\u00eetre la comp\u00e9titivit\u00e9 du secteur priv\u00e9 togolais dans une approche \u00e9cologique","datePublished":"2017-06-08T00:00:00+00:00","dateModified":"2024-09-09T14:02:57+00:00","mainEntityOfPage":{"@id":"https:\/\/228news.tg\/index.php\/2017\/06\/08\/sunref-afrique-de-louest-accroitre-la-competitivite-du-secteur-prive-togolais-dans-une-approche-ecologique\/"},"wordCount":511,"commentCount":0,"publisher":{"@id":"https:\/\/228news.tg\/#organization"},"image":{"@id":"https:\/\/228news.tg\/index.php\/2017\/06\/08\/sunref-afrique-de-louest-accroitre-la-competitivite-du-secteur-prive-togolais-dans-une-approche-ecologique\/#primaryimage"},"thumbnailUrl":"https:\/\/228news.tg\/wp-content\/uploads\/2024\/09\/IMG_1113-scaled.jpg","articleSection":["AFRIQUE","DEVELOPPEMENT","ECONOMIE","TOGO"],"inLanguage":"fr-FR","potentialAction":[{"@type":"CommentAction","name":"Comment","target":["https:\/\/228news.tg\/index.php\/2017\/06\/08\/sunref-afrique-de-louest-accroitre-la-competitivite-du-secteur-prive-togolais-dans-une-approche-ecologique\/#respond"]}]},{"@type":"WebPage","@id":"https:\/\/228news.tg\/index.php\/2017\/06\/08\/sunref-afrique-de-louest-accroitre-la-competitivite-du-secteur-prive-togolais-dans-une-approche-ecologique\/","url":"https:\/\/228news.tg\/index.php\/2017\/06\/08\/sunref-afrique-de-louest-accroitre-la-competitivite-du-secteur-prive-togolais-dans-une-approche-ecologique\/","name":"SUNREF Afrique de l\u2019Ouest\u00a0: Accro\u00eetre la comp\u00e9titivit\u00e9 du secteur priv\u00e9 togolais dans une approche \u00e9cologique - 228 News","isPartOf":{"@id":"https:\/\/228news.tg\/#website"},"primaryImageOfPage":{"@id":"https:\/\/228news.tg\/index.php\/2017\/06\/08\/sunref-afrique-de-louest-accroitre-la-competitivite-du-secteur-prive-togolais-dans-une-approche-ecologique\/#primaryimage"},"image":{"@id":"https:\/\/228news.tg\/index.php\/2017\/06\/08\/sunref-afrique-de-louest-accroitre-la-competitivite-du-secteur-prive-togolais-dans-une-approche-ecologique\/#primaryimage"},"thumbnailUrl":"https:\/\/228news.tg\/wp-content\/uploads\/2024\/09\/IMG_1113-scaled.jpg","datePublished":"2017-06-08T00:00:00+00:00","dateModified":"2024-09-09T14:02:57+00:00","breadcrumb":{"@id":"https:\/\/228news.tg\/index.php\/2017\/06\/08\/sunref-afrique-de-louest-accroitre-la-competitivite-du-secteur-prive-togolais-dans-une-approche-ecologique\/#breadcrumb"},"inLanguage":"fr-FR","potentialAction":[{"@type":"ReadAction","target":["https:\/\/228news.tg\/index.php\/2017\/06\/08\/sunref-afrique-de-louest-accroitre-la-competitivite-du-secteur-prive-togolais-dans-une-approche-ecologique\/"]}]},{"@type":"ImageObject","inLanguage":"fr-FR","@id":"https:\/\/228news.tg\/index.php\/2017\/06\/08\/sunref-afrique-de-louest-accroitre-la-competitivite-du-secteur-prive-togolais-dans-une-approche-ecologique\/#primaryimage","url":"https:\/\/228news.tg\/wp-content\/uploads\/2024\/09\/IMG_1113-scaled.jpg","contentUrl":"https:\/\/228news.tg\/wp-content\/uploads\/2024\/09\/IMG_1113-scaled.jpg","width":2560,"height":1707},{"@type":"BreadcrumbList","@id":"https:\/\/228news.tg\/index.php\/2017\/06\/08\/sunref-afrique-de-louest-accroitre-la-competitivite-du-secteur-prive-togolais-dans-une-approche-ecologique\/#breadcrumb","itemListElement":[{"@type":"ListItem","position":1,"name":"Home","item":"https:\/\/228news.tg\/"},{"@type":"ListItem","position":2,"name":"SUNREF Afrique de l\u2019Ouest\u00a0: Accro\u00eetre la comp\u00e9titivit\u00e9 du secteur priv\u00e9 togolais dans une approche \u00e9cologique"}]},{"@type":"WebSite","@id":"https:\/\/228news.tg\/#website","url":"https:\/\/228news.tg\/","name":"228 News","description":"Soci\u00e9t\u00e9 de m\u00e9dias et d\u2019actualit\u00e9s","publisher":{"@id":"https:\/\/228news.tg\/#organization"},"potentialAction":[{"@type":"SearchAction","target":{"@type":"EntryPoint","urlTemplate":"https:\/\/228news.tg\/?s={search_term_string}"},"query-input":{"@type":"PropertyValueSpecification","valueRequired":true,"valueName":"search_term_string"}}],"inLanguage":"fr-FR"},{"@type":"Organization","@id":"https:\/\/228news.tg\/#organization","name":"228 News","url":"https:\/\/228news.tg\/","logo":{"@type":"ImageObject","inLanguage":"fr-FR","@id":"https:\/\/228news.tg\/#\/schema\/logo\/image\/","url":"https:\/\/228news.tg\/wp-content\/uploads\/2024\/09\/logonew.png","contentUrl":"https:\/\/228news.tg\/wp-content\/uploads\/2024\/09\/logonew.png","width":1640,"height":364,"caption":"228 News"},"image":{"@id":"https:\/\/228news.tg\/#\/schema\/logo\/image\/"}},{"@type":"Person","@id":"https:\/\/228news.tg\/#\/schema\/person\/68d5a6cc0230290e61235c8379523f52","name":"Bienvenu SAVI","image":{"@type":"ImageObject","inLanguage":"fr-FR","@id":"https:\/\/228news.tg\/#\/schema\/person\/image\/","url":"https:\/\/secure.gravatar.com\/avatar\/9db91895c559e510509c33a3e9683998458e9b828fac36d5d1aa23f0f2fd369b?s=96&d=mm&r=g","contentUrl":"https:\/\/secure.gravatar.com\/avatar\/9db91895c559e510509c33a3e9683998458e9b828fac36d5d1aa23f0f2fd369b?s=96&d=mm&r=g","caption":"Bienvenu SAVI"},"url":"https:\/\/228news.tg\/index.php\/author\/bienvenu\/"}]}},"jetpack_featured_media_url":"https:\/\/228news.tg\/wp-content\/uploads\/2024\/09\/IMG_1113-scaled.jpg","_links":{"self":[{"href":"https:\/\/228news.tg\/index.php\/wp-json\/wp\/v2\/posts\/634","targetHints":{"allow":["GET"]}}],"collection":[{"href":"https:\/\/228news.tg\/index.php\/wp-json\/wp\/v2\/posts"}],"about":[{"href":"https:\/\/228news.tg\/index.php\/wp-json\/wp\/v2\/types\/post"}],"author":[{"embeddable":true,"href":"https:\/\/228news.tg\/index.php\/wp-json\/wp\/v2\/users\/2"}],"replies":[{"embeddable":true,"href":"https:\/\/228news.tg\/index.php\/wp-json\/wp\/v2\/comments?post=634"}],"version-history":[{"count":1,"href":"https:\/\/228news.tg\/index.php\/wp-json\/wp\/v2\/posts\/634\/revisions"}],"predecessor-version":[{"id":636,"href":"https:\/\/228news.tg\/index.php\/wp-json\/wp\/v2\/posts\/634\/revisions\/636"}],"wp:featuredmedia":[{"embeddable":true,"href":"https:\/\/228news.tg\/index.php\/wp-json\/wp\/v2\/media\/637"}],"wp:attachment":[{"href":"https:\/\/228news.tg\/index.php\/wp-json\/wp\/v2\/media?parent=634"}],"wp:term":[{"taxonomy":"category","embeddable":true,"href":"https:\/\/228news.tg\/index.php\/wp-json\/wp\/v2\/categories?post=634"},{"taxonomy":"post_tag","embeddable":true,"href":"https:\/\/228news.tg\/index.php\/wp-json\/wp\/v2\/tags?post=634"}],"curies":[{"name":"wp","href":"https:\/\/api.w.org\/{rel}","templated":true}]}}