{"id":6259,"date":"2020-07-06T15:35:54","date_gmt":"2020-07-06T15:35:54","guid":{"rendered":"http:\/\/localhost\/site\/228news\/?p=6259"},"modified":"2020-07-06T15:35:54","modified_gmt":"2020-07-06T15:35:54","slug":"carnet-noir-du-football-togolais-deces-soudain-du-jeune-norbert-siakou-2","status":"publish","type":"post","link":"https:\/\/228news.tg\/index.php\/2020\/07\/06\/carnet-noir-du-football-togolais-deces-soudain-du-jeune-norbert-siakou-2\/","title":{"rendered":"Carnet noir du football togolais D\u00e9c\u00e8s soudain du jeune Norbert Siakou"},"content":{"rendered":"\n<p><br \/> Le monde sportif togolais est encore sous le choc avec le d\u00e9c\u00e8s soudain du jeune gardien de l\u2019AS OTR Norbert Siakou ce lundi matin.<br \/> L\u2019information a \u00e9t\u00e9 r\u00e9v\u00e9l\u00e9e ce lundi matin par le club As OTR. La mort vient de frapper une fois encore le championnat togolais. Il s\u2019agit du jeune gardien de 23 ans du club de l\u2019AS OTR jusqu\u2019\u00e0 la fin de saison 2017-2018, Siakou Norbert qui a rendu l\u2019\u00e2me ce matin apr\u00e8s une courte maladie. <br \/> Norbert Siakou est parti dans la fleur de l\u2019\u00e2ge laissant derri\u00e8re lui un peuple sportif inconsolable.<br \/> Pour le moment, les causes r\u00e9elles de sa mort ne sont pas encore d\u00e9voil\u00e9es. Nous y reviendrons.<br \/> La r\u00e9daction de 228news pr\u00e9sente ses sinc\u00e8res condol\u00e9ances \u00e0 la famille \u00e9plor\u00e9e et qu\u2019il repose \u00e9ternellement dans le Seigneur !<br \/> La R\u00e9daction<\/p>\n","protected":false},"excerpt":{"rendered":"<p>Le monde sportif togolais est encore sous le choc avec le d\u00e9c\u00e8s soudain du jeune gardien de l\u2019AS OTR Norbert Siakou ce lundi matin. L\u2019information a \u00e9t\u00e9 r\u00e9v\u00e9l\u00e9e ce lundi matin par le club As OTR. La mort vient de frapper une fois encore le championnat togolais. Il s\u2019agit du jeune gardien de 23 ans &#8230; <a title=\"Carnet noir du football togolais D\u00e9c\u00e8s soudain du jeune Norbert Siakou\" class=\"read-more\" href=\"https:\/\/228news.tg\/index.php\/2020\/07\/06\/carnet-noir-du-football-togolais-deces-soudain-du-jeune-norbert-siakou-2\/\" aria-label=\"En savoir plus sur Carnet noir du football togolais D\u00e9c\u00e8s soudain du jeune Norbert Siakou\">Lire la suite<\/a><\/p>\n","protected":false},"author":2,"featured_media":6260,"comment_status":"open","ping_status":"open","sticky":false,"template":"","format":"chat","meta":{"footnotes":""},"categories":[25],"tags":[],"class_list":["post-6259","post","type-post","status-publish","format-chat","has-post-thumbnail","hentry","category-togo","post_format-post-format-chat"],"yoast_head":"<!-- This site is optimized with the Yoast SEO plugin v26.4 - https:\/\/yoast.com\/wordpress\/plugins\/seo\/ -->\n<title>Carnet noir du football togolais D\u00e9c\u00e8s soudain du jeune Norbert Siakou - 228 News<\/title>\n<meta name=\"robots\" content=\"index, follow, max-snippet:-1, max-image-preview:large, max-video-preview:-1\" \/>\n<link rel=\"canonical\" href=\"https:\/\/228news.tg\/index.php\/2020\/07\/06\/carnet-noir-du-football-togolais-deces-soudain-du-jeune-norbert-siakou-2\/\" \/>\n<meta property=\"og:locale\" content=\"fr_FR\" \/>\n<meta property=\"og:type\" content=\"article\" \/>\n<meta property=\"og:title\" content=\"Carnet noir du football togolais D\u00e9c\u00e8s soudain du jeune Norbert Siakou - 228 News\" \/>\n<meta property=\"og:description\" content=\"Le monde sportif togolais est encore sous le choc avec le d\u00e9c\u00e8s soudain du jeune gardien de l\u2019AS OTR Norbert Siakou ce lundi matin. L\u2019information a \u00e9t\u00e9 r\u00e9v\u00e9l\u00e9e ce lundi matin par le club As OTR. La mort vient de frapper une fois encore le championnat togolais. Il s\u2019agit du jeune gardien de 23 ans ... Lire la suite\" \/>\n<meta property=\"og:url\" content=\"https:\/\/228news.tg\/index.php\/2020\/07\/06\/carnet-noir-du-football-togolais-deces-soudain-du-jeune-norbert-siakou-2\/\" \/>\n<meta property=\"og:site_name\" content=\"228 News\" \/>\n<meta property=\"article:published_time\" content=\"2020-07-06T15:35:54+00:00\" \/>\n<meta name=\"author\" content=\"Bienvenu SAVI\" \/>\n<meta name=\"twitter:card\" content=\"summary_large_image\" \/>\n<meta name=\"twitter:label1\" content=\"\u00c9crit par\" \/>\n\t<meta name=\"twitter:data1\" content=\"Bienvenu SAVI\" \/>\n\t<meta name=\"twitter:label2\" content=\"Dur\u00e9e de lecture estim\u00e9e\" \/>\n\t<meta name=\"twitter:data2\" content=\"1 minute\" \/>\n<script type=\"application\/ld+json\" class=\"yoast-schema-graph\">{\"@context\":\"https:\/\/schema.org\",\"@graph\":[{\"@type\":\"Article\",\"@id\":\"https:\/\/228news.tg\/index.php\/2020\/07\/06\/carnet-noir-du-football-togolais-deces-soudain-du-jeune-norbert-siakou-2\/#article\",\"isPartOf\":{\"@id\":\"https:\/\/228news.tg\/index.php\/2020\/07\/06\/carnet-noir-du-football-togolais-deces-soudain-du-jeune-norbert-siakou-2\/\"},\"author\":{\"name\":\"Bienvenu SAVI\",\"@id\":\"https:\/\/228news.tg\/#\/schema\/person\/68d5a6cc0230290e61235c8379523f52\"},\"headline\":\"Carnet noir du football togolais D\u00e9c\u00e8s soudain du jeune Norbert Siakou\",\"datePublished\":\"2020-07-06T15:35:54+00:00\",\"mainEntityOfPage\":{\"@id\":\"https:\/\/228news.tg\/index.php\/2020\/07\/06\/carnet-noir-du-football-togolais-deces-soudain-du-jeune-norbert-siakou-2\/\"},\"wordCount\":166,\"commentCount\":0,\"publisher\":{\"@id\":\"https:\/\/228news.tg\/#organization\"},\"image\":{\"@id\":\"https:\/\/228news.tg\/index.php\/2020\/07\/06\/carnet-noir-du-football-togolais-deces-soudain-du-jeune-norbert-siakou-2\/#primaryimage\"},\"thumbnailUrl\":\"\",\"articleSection\":[\"TOGO\"],\"inLanguage\":\"fr-FR\",\"potentialAction\":[{\"@type\":\"CommentAction\",\"name\":\"Comment\",\"target\":[\"https:\/\/228news.tg\/index.php\/2020\/07\/06\/carnet-noir-du-football-togolais-deces-soudain-du-jeune-norbert-siakou-2\/#respond\"]}]},{\"@type\":\"WebPage\",\"@id\":\"https:\/\/228news.tg\/index.php\/2020\/07\/06\/carnet-noir-du-football-togolais-deces-soudain-du-jeune-norbert-siakou-2\/\",\"url\":\"https:\/\/228news.tg\/index.php\/2020\/07\/06\/carnet-noir-du-football-togolais-deces-soudain-du-jeune-norbert-siakou-2\/\",\"name\":\"Carnet noir du football togolais D\u00e9c\u00e8s soudain du jeune Norbert Siakou - 228 News\",\"isPartOf\":{\"@id\":\"https:\/\/228news.tg\/#website\"},\"primaryImageOfPage\":{\"@id\":\"https:\/\/228news.tg\/index.php\/2020\/07\/06\/carnet-noir-du-football-togolais-deces-soudain-du-jeune-norbert-siakou-2\/#primaryimage\"},\"image\":{\"@id\":\"https:\/\/228news.tg\/index.php\/2020\/07\/06\/carnet-noir-du-football-togolais-deces-soudain-du-jeune-norbert-siakou-2\/#primaryimage\"},\"thumbnailUrl\":\"\",\"datePublished\":\"2020-07-06T15:35:54+00:00\",\"breadcrumb\":{\"@id\":\"https:\/\/228news.tg\/index.php\/2020\/07\/06\/carnet-noir-du-football-togolais-deces-soudain-du-jeune-norbert-siakou-2\/#breadcrumb\"},\"inLanguage\":\"fr-FR\",\"potentialAction\":[{\"@type\":\"ReadAction\",\"target\":[\"https:\/\/228news.tg\/index.php\/2020\/07\/06\/carnet-noir-du-football-togolais-deces-soudain-du-jeune-norbert-siakou-2\/\"]}]},{\"@type\":\"ImageObject\",\"inLanguage\":\"fr-FR\",\"@id\":\"https:\/\/228news.tg\/index.php\/2020\/07\/06\/carnet-noir-du-football-togolais-deces-soudain-du-jeune-norbert-siakou-2\/#primaryimage\",\"url\":\"\",\"contentUrl\":\"\"},{\"@type\":\"BreadcrumbList\",\"@id\":\"https:\/\/228news.tg\/index.php\/2020\/07\/06\/carnet-noir-du-football-togolais-deces-soudain-du-jeune-norbert-siakou-2\/#breadcrumb\",\"itemListElement\":[{\"@type\":\"ListItem\",\"position\":1,\"name\":\"Home\",\"item\":\"https:\/\/228news.tg\/\"},{\"@type\":\"ListItem\",\"position\":2,\"name\":\"Carnet noir du football togolais D\u00e9c\u00e8s soudain du jeune Norbert Siakou\"}]},{\"@type\":\"WebSite\",\"@id\":\"https:\/\/228news.tg\/#website\",\"url\":\"https:\/\/228news.tg\/\",\"name\":\"228 News\",\"description\":\"Soci\u00e9t\u00e9 de m\u00e9dias et d\u2019actualit\u00e9s\",\"publisher\":{\"@id\":\"https:\/\/228news.tg\/#organization\"},\"potentialAction\":[{\"@type\":\"SearchAction\",\"target\":{\"@type\":\"EntryPoint\",\"urlTemplate\":\"https:\/\/228news.tg\/?s={search_term_string}\"},\"query-input\":{\"@type\":\"PropertyValueSpecification\",\"valueRequired\":true,\"valueName\":\"search_term_string\"}}],\"inLanguage\":\"fr-FR\"},{\"@type\":\"Organization\",\"@id\":\"https:\/\/228news.tg\/#organization\",\"name\":\"228 News\",\"url\":\"https:\/\/228news.tg\/\",\"logo\":{\"@type\":\"ImageObject\",\"inLanguage\":\"fr-FR\",\"@id\":\"https:\/\/228news.tg\/#\/schema\/logo\/image\/\",\"url\":\"https:\/\/228news.tg\/wp-content\/uploads\/2024\/09\/logonew.png\",\"contentUrl\":\"https:\/\/228news.tg\/wp-content\/uploads\/2024\/09\/logonew.png\",\"width\":1640,\"height\":364,\"caption\":\"228 News\"},\"image\":{\"@id\":\"https:\/\/228news.tg\/#\/schema\/logo\/image\/\"}},{\"@type\":\"Person\",\"@id\":\"https:\/\/228news.tg\/#\/schema\/person\/68d5a6cc0230290e61235c8379523f52\",\"name\":\"Bienvenu SAVI\",\"image\":{\"@type\":\"ImageObject\",\"inLanguage\":\"fr-FR\",\"@id\":\"https:\/\/228news.tg\/#\/schema\/person\/image\/\",\"url\":\"https:\/\/secure.gravatar.com\/avatar\/9db91895c559e510509c33a3e9683998458e9b828fac36d5d1aa23f0f2fd369b?s=96&d=mm&r=g\",\"contentUrl\":\"https:\/\/secure.gravatar.com\/avatar\/9db91895c559e510509c33a3e9683998458e9b828fac36d5d1aa23f0f2fd369b?s=96&d=mm&r=g\",\"caption\":\"Bienvenu SAVI\"},\"url\":\"https:\/\/228news.tg\/index.php\/author\/bienvenu\/\"}]}<\/script>\n<!-- \/ Yoast SEO plugin. -->","yoast_head_json":{"title":"Carnet noir du football togolais D\u00e9c\u00e8s soudain du jeune Norbert Siakou - 228 News","robots":{"index":"index","follow":"follow","max-snippet":"max-snippet:-1","max-image-preview":"max-image-preview:large","max-video-preview":"max-video-preview:-1"},"canonical":"https:\/\/228news.tg\/index.php\/2020\/07\/06\/carnet-noir-du-football-togolais-deces-soudain-du-jeune-norbert-siakou-2\/","og_locale":"fr_FR","og_type":"article","og_title":"Carnet noir du football togolais D\u00e9c\u00e8s soudain du jeune Norbert Siakou - 228 News","og_description":"Le monde sportif togolais est encore sous le choc avec le d\u00e9c\u00e8s soudain du jeune gardien de l\u2019AS OTR Norbert Siakou ce lundi matin. L\u2019information a \u00e9t\u00e9 r\u00e9v\u00e9l\u00e9e ce lundi matin par le club As OTR. La mort vient de frapper une fois encore le championnat togolais. Il s\u2019agit du jeune gardien de 23 ans ... Lire la suite","og_url":"https:\/\/228news.tg\/index.php\/2020\/07\/06\/carnet-noir-du-football-togolais-deces-soudain-du-jeune-norbert-siakou-2\/","og_site_name":"228 News","article_published_time":"2020-07-06T15:35:54+00:00","author":"Bienvenu SAVI","twitter_card":"summary_large_image","twitter_misc":{"\u00c9crit par":"Bienvenu SAVI","Dur\u00e9e de lecture estim\u00e9e":"1 minute"},"schema":{"@context":"https:\/\/schema.org","@graph":[{"@type":"Article","@id":"https:\/\/228news.tg\/index.php\/2020\/07\/06\/carnet-noir-du-football-togolais-deces-soudain-du-jeune-norbert-siakou-2\/#article","isPartOf":{"@id":"https:\/\/228news.tg\/index.php\/2020\/07\/06\/carnet-noir-du-football-togolais-deces-soudain-du-jeune-norbert-siakou-2\/"},"author":{"name":"Bienvenu SAVI","@id":"https:\/\/228news.tg\/#\/schema\/person\/68d5a6cc0230290e61235c8379523f52"},"headline":"Carnet noir du football togolais D\u00e9c\u00e8s soudain du jeune Norbert Siakou","datePublished":"2020-07-06T15:35:54+00:00","mainEntityOfPage":{"@id":"https:\/\/228news.tg\/index.php\/2020\/07\/06\/carnet-noir-du-football-togolais-deces-soudain-du-jeune-norbert-siakou-2\/"},"wordCount":166,"commentCount":0,"publisher":{"@id":"https:\/\/228news.tg\/#organization"},"image":{"@id":"https:\/\/228news.tg\/index.php\/2020\/07\/06\/carnet-noir-du-football-togolais-deces-soudain-du-jeune-norbert-siakou-2\/#primaryimage"},"thumbnailUrl":"","articleSection":["TOGO"],"inLanguage":"fr-FR","potentialAction":[{"@type":"CommentAction","name":"Comment","target":["https:\/\/228news.tg\/index.php\/2020\/07\/06\/carnet-noir-du-football-togolais-deces-soudain-du-jeune-norbert-siakou-2\/#respond"]}]},{"@type":"WebPage","@id":"https:\/\/228news.tg\/index.php\/2020\/07\/06\/carnet-noir-du-football-togolais-deces-soudain-du-jeune-norbert-siakou-2\/","url":"https:\/\/228news.tg\/index.php\/2020\/07\/06\/carnet-noir-du-football-togolais-deces-soudain-du-jeune-norbert-siakou-2\/","name":"Carnet noir du football togolais D\u00e9c\u00e8s soudain du jeune Norbert Siakou - 228 News","isPartOf":{"@id":"https:\/\/228news.tg\/#website"},"primaryImageOfPage":{"@id":"https:\/\/228news.tg\/index.php\/2020\/07\/06\/carnet-noir-du-football-togolais-deces-soudain-du-jeune-norbert-siakou-2\/#primaryimage"},"image":{"@id":"https:\/\/228news.tg\/index.php\/2020\/07\/06\/carnet-noir-du-football-togolais-deces-soudain-du-jeune-norbert-siakou-2\/#primaryimage"},"thumbnailUrl":"","datePublished":"2020-07-06T15:35:54+00:00","breadcrumb":{"@id":"https:\/\/228news.tg\/index.php\/2020\/07\/06\/carnet-noir-du-football-togolais-deces-soudain-du-jeune-norbert-siakou-2\/#breadcrumb"},"inLanguage":"fr-FR","potentialAction":[{"@type":"ReadAction","target":["https:\/\/228news.tg\/index.php\/2020\/07\/06\/carnet-noir-du-football-togolais-deces-soudain-du-jeune-norbert-siakou-2\/"]}]},{"@type":"ImageObject","inLanguage":"fr-FR","@id":"https:\/\/228news.tg\/index.php\/2020\/07\/06\/carnet-noir-du-football-togolais-deces-soudain-du-jeune-norbert-siakou-2\/#primaryimage","url":"","contentUrl":""},{"@type":"BreadcrumbList","@id":"https:\/\/228news.tg\/index.php\/2020\/07\/06\/carnet-noir-du-football-togolais-deces-soudain-du-jeune-norbert-siakou-2\/#breadcrumb","itemListElement":[{"@type":"ListItem","position":1,"name":"Home","item":"https:\/\/228news.tg\/"},{"@type":"ListItem","position":2,"name":"Carnet noir du football togolais D\u00e9c\u00e8s soudain du jeune Norbert Siakou"}]},{"@type":"WebSite","@id":"https:\/\/228news.tg\/#website","url":"https:\/\/228news.tg\/","name":"228 News","description":"Soci\u00e9t\u00e9 de m\u00e9dias et d\u2019actualit\u00e9s","publisher":{"@id":"https:\/\/228news.tg\/#organization"},"potentialAction":[{"@type":"SearchAction","target":{"@type":"EntryPoint","urlTemplate":"https:\/\/228news.tg\/?s={search_term_string}"},"query-input":{"@type":"PropertyValueSpecification","valueRequired":true,"valueName":"search_term_string"}}],"inLanguage":"fr-FR"},{"@type":"Organization","@id":"https:\/\/228news.tg\/#organization","name":"228 News","url":"https:\/\/228news.tg\/","logo":{"@type":"ImageObject","inLanguage":"fr-FR","@id":"https:\/\/228news.tg\/#\/schema\/logo\/image\/","url":"https:\/\/228news.tg\/wp-content\/uploads\/2024\/09\/logonew.png","contentUrl":"https:\/\/228news.tg\/wp-content\/uploads\/2024\/09\/logonew.png","width":1640,"height":364,"caption":"228 News"},"image":{"@id":"https:\/\/228news.tg\/#\/schema\/logo\/image\/"}},{"@type":"Person","@id":"https:\/\/228news.tg\/#\/schema\/person\/68d5a6cc0230290e61235c8379523f52","name":"Bienvenu SAVI","image":{"@type":"ImageObject","inLanguage":"fr-FR","@id":"https:\/\/228news.tg\/#\/schema\/person\/image\/","url":"https:\/\/secure.gravatar.com\/avatar\/9db91895c559e510509c33a3e9683998458e9b828fac36d5d1aa23f0f2fd369b?s=96&d=mm&r=g","contentUrl":"https:\/\/secure.gravatar.com\/avatar\/9db91895c559e510509c33a3e9683998458e9b828fac36d5d1aa23f0f2fd369b?s=96&d=mm&r=g","caption":"Bienvenu SAVI"},"url":"https:\/\/228news.tg\/index.php\/author\/bienvenu\/"}]}},"jetpack_featured_media_url":"","_links":{"self":[{"href":"https:\/\/228news.tg\/index.php\/wp-json\/wp\/v2\/posts\/6259","targetHints":{"allow":["GET"]}}],"collection":[{"href":"https:\/\/228news.tg\/index.php\/wp-json\/wp\/v2\/posts"}],"about":[{"href":"https:\/\/228news.tg\/index.php\/wp-json\/wp\/v2\/types\/post"}],"author":[{"embeddable":true,"href":"https:\/\/228news.tg\/index.php\/wp-json\/wp\/v2\/users\/2"}],"replies":[{"embeddable":true,"href":"https:\/\/228news.tg\/index.php\/wp-json\/wp\/v2\/comments?post=6259"}],"version-history":[{"count":0,"href":"https:\/\/228news.tg\/index.php\/wp-json\/wp\/v2\/posts\/6259\/revisions"}],"wp:featuredmedia":[{"embeddable":true,"href":"https:\/\/228news.tg\/index.php\/wp-json\/"}],"wp:attachment":[{"href":"https:\/\/228news.tg\/index.php\/wp-json\/wp\/v2\/media?parent=6259"}],"wp:term":[{"taxonomy":"category","embeddable":true,"href":"https:\/\/228news.tg\/index.php\/wp-json\/wp\/v2\/categories?post=6259"},{"taxonomy":"post_tag","embeddable":true,"href":"https:\/\/228news.tg\/index.php\/wp-json\/wp\/v2\/tags?post=6259"}],"curies":[{"name":"wp","href":"https:\/\/api.w.org\/{rel}","templated":true}]}}