{"id":577,"date":"2017-05-24T00:00:00","date_gmt":"2017-05-24T00:00:00","guid":{"rendered":"https:\/\/228news.tg\/index.php\/2017\/05\/24\/grogne-au-sein-de-la-justice-togolaise-les-greffiers-et-administrateurs-de-greffe-durcissent-le-ton\/"},"modified":"2017-05-24T00:00:00","modified_gmt":"2017-05-24T00:00:00","slug":"grogne-au-sein-de-la-justice-togolaise-les-greffiers-et-administrateurs-de-greffe-durcissent-le-ton","status":"publish","type":"post","link":"https:\/\/228news.tg\/index.php\/2017\/05\/24\/grogne-au-sein-de-la-justice-togolaise-les-greffiers-et-administrateurs-de-greffe-durcissent-le-ton\/","title":{"rendered":"Grogne au sein de la justice togolaise, les greffiers et administrateurs de greffe durcissent le ton"},"content":{"rendered":"<p>Les greffiers et administrateurs de greffe des cours et tribunaux du Togo \u00e9taient en gr\u00e8ve les 22, 23 et 24 mai derniers pour r\u00e9clamer de meilleures conditions de vie et de travail, de m\u00eame qu\u2019une meilleure organisation de leur travail et carri\u00e8re.<\/p>\n<p>Face au mutisme de l\u2019autorit\u00e9 comp\u00e9tence qui devrait normalement r\u00e9gir \u00e0 la situation, ces derniers \u00e0 travers le Syndicat National des Greffiers du Togo (SNGT) et l\u2019Association des Greffiers du Togo (AGT) viennent de durcir le ton en adressant de nouveau un pr\u00e9avis de gr\u00e8ve pour les 29, 30 et 31 mai prochain.<\/p>\n<p>\u00ab\u00a0Consid\u00e9rant que les greffiers et administrateurs de greffe des cours et tribunaux du Togo observent effectivement un arr\u00eat de travail de trois (3) jours, depuis le lundi 22 mai 2017\u00a0; consid\u00e9rant qu\u2019il est express\u00e9ment dit que cette gr\u00e8ve est reconductible si aucune solution idoine n\u2019est trouv\u00e9e\u00a0; en cons\u00e9quence, les greffiers et administrateurs de greffe des cours et tribunaux d\u00e9cident de reconduire le mot d\u2019ordre de gr\u00e8ve les 29, 30 et 31 mai 2017\u00a0\u00bb, pr\u00e9cise un courrier de l\u2019AGT et du SNGT conjointement adress\u00e9\u00a0 au Garde des Sceaux et \u00e0 son coll\u00e8gue en charge de la fonction publique, ce 23 mai.<\/p>\n<p>Notons pour finir que la plateforme revendicative des greffiers et administrateurs de greffe est constitu\u00e9e de trois revendications majeures dont l\u2019adoption d\u2019un statut particulier leur d\u00e9finissant un plan de carri\u00e8re, des primes de biblioth\u00e8que, de rendement, de responsabilit\u00e9,\u2026 , des bonnes conditions de travail et de vie\u2026<\/p>\n<p><em>(photo, des greffiers en arr\u00eat de travail)<\/em><\/p>\n<p><strong>D\u00e9mocrate<\/strong><\/p>\n<p><strong>(00228) 91 85 40 14<\/strong><\/p>\n<p><strong>98 60 67 68<\/strong><\/p>\n<p><strong>democrate2010@gmail.com<\/strong><\/p>\n<p>&nbsp;<\/p>\n<p>&nbsp;<\/p>\n","protected":false},"excerpt":{"rendered":"<p>Les greffiers et administrateurs de greffe des cours et tribunaux du Togo \u00e9taient en gr\u00e8ve les 22, 23 et 24 mai derniers pour r\u00e9clamer de meilleures conditions de vie et de travail, de m\u00eame qu\u2019une meilleure organisation de leur travail et carri\u00e8re. Face au mutisme de l\u2019autorit\u00e9 comp\u00e9tence qui devrait normalement r\u00e9gir \u00e0 la situation, &#8230; <a title=\"Grogne au sein de la justice togolaise, les greffiers et administrateurs de greffe durcissent le ton\" class=\"read-more\" href=\"https:\/\/228news.tg\/index.php\/2017\/05\/24\/grogne-au-sein-de-la-justice-togolaise-les-greffiers-et-administrateurs-de-greffe-durcissent-le-ton\/\" aria-label=\"En savoir plus sur Grogne au sein de la justice togolaise, les greffiers et administrateurs de greffe durcissent le ton\">Lire la suite<\/a><\/p>\n","protected":false},"author":2,"featured_media":578,"comment_status":"open","ping_status":"open","sticky":false,"template":"","format":"standard","meta":{"footnotes":""},"categories":[29,25],"tags":[],"class_list":["post-577","post","type-post","status-publish","format-standard","has-post-thumbnail","hentry","category-societe","category-togo"],"yoast_head":"<!-- This site is optimized with the Yoast SEO plugin v26.4 - https:\/\/yoast.com\/wordpress\/plugins\/seo\/ -->\n<title>Grogne au sein de la justice togolaise, les greffiers et administrateurs de greffe durcissent le ton - 228 News<\/title>\n<meta name=\"robots\" content=\"index, follow, max-snippet:-1, max-image-preview:large, max-video-preview:-1\" \/>\n<link rel=\"canonical\" href=\"https:\/\/228news.tg\/index.php\/2017\/05\/24\/grogne-au-sein-de-la-justice-togolaise-les-greffiers-et-administrateurs-de-greffe-durcissent-le-ton\/\" \/>\n<meta property=\"og:locale\" content=\"fr_FR\" \/>\n<meta property=\"og:type\" content=\"article\" \/>\n<meta property=\"og:title\" content=\"Grogne au sein de la justice togolaise, les greffiers et administrateurs de greffe durcissent le ton - 228 News\" \/>\n<meta property=\"og:description\" content=\"Les greffiers et administrateurs de greffe des cours et tribunaux du Togo \u00e9taient en gr\u00e8ve les 22, 23 et 24 mai derniers pour r\u00e9clamer de meilleures conditions de vie et de travail, de m\u00eame qu\u2019une meilleure organisation de leur travail et carri\u00e8re. Face au mutisme de l\u2019autorit\u00e9 comp\u00e9tence qui devrait normalement r\u00e9gir \u00e0 la situation, ... Lire la suite\" \/>\n<meta property=\"og:url\" content=\"https:\/\/228news.tg\/index.php\/2017\/05\/24\/grogne-au-sein-de-la-justice-togolaise-les-greffiers-et-administrateurs-de-greffe-durcissent-le-ton\/\" \/>\n<meta property=\"og:site_name\" content=\"228 News\" \/>\n<meta property=\"article:published_time\" content=\"2017-05-24T00:00:00+00:00\" \/>\n<meta property=\"og:image\" content=\"https:\/\/228news.tg\/wp-content\/uploads\/2024\/09\/531120361ba53e7b27c00b3fd3134e91_L.jpg\" \/>\n\t<meta property=\"og:image:width\" content=\"550\" \/>\n\t<meta property=\"og:image:height\" content=\"306\" \/>\n\t<meta property=\"og:image:type\" content=\"image\/jpeg\" \/>\n<meta name=\"author\" content=\"Bienvenu SAVI\" \/>\n<meta name=\"twitter:card\" content=\"summary_large_image\" \/>\n<meta name=\"twitter:label1\" content=\"\u00c9crit par\" \/>\n\t<meta name=\"twitter:data1\" content=\"Bienvenu SAVI\" \/>\n\t<meta name=\"twitter:label2\" content=\"Dur\u00e9e de lecture estim\u00e9e\" \/>\n\t<meta name=\"twitter:data2\" content=\"1 minute\" \/>\n<script type=\"application\/ld+json\" class=\"yoast-schema-graph\">{\"@context\":\"https:\/\/schema.org\",\"@graph\":[{\"@type\":\"Article\",\"@id\":\"https:\/\/228news.tg\/index.php\/2017\/05\/24\/grogne-au-sein-de-la-justice-togolaise-les-greffiers-et-administrateurs-de-greffe-durcissent-le-ton\/#article\",\"isPartOf\":{\"@id\":\"https:\/\/228news.tg\/index.php\/2017\/05\/24\/grogne-au-sein-de-la-justice-togolaise-les-greffiers-et-administrateurs-de-greffe-durcissent-le-ton\/\"},\"author\":{\"name\":\"Bienvenu SAVI\",\"@id\":\"https:\/\/228news.tg\/#\/schema\/person\/68d5a6cc0230290e61235c8379523f52\"},\"headline\":\"Grogne au sein de la justice togolaise, les greffiers et administrateurs de greffe durcissent le ton\",\"datePublished\":\"2017-05-24T00:00:00+00:00\",\"mainEntityOfPage\":{\"@id\":\"https:\/\/228news.tg\/index.php\/2017\/05\/24\/grogne-au-sein-de-la-justice-togolaise-les-greffiers-et-administrateurs-de-greffe-durcissent-le-ton\/\"},\"wordCount\":287,\"commentCount\":0,\"publisher\":{\"@id\":\"https:\/\/228news.tg\/#organization\"},\"image\":{\"@id\":\"https:\/\/228news.tg\/index.php\/2017\/05\/24\/grogne-au-sein-de-la-justice-togolaise-les-greffiers-et-administrateurs-de-greffe-durcissent-le-ton\/#primaryimage\"},\"thumbnailUrl\":\"https:\/\/228news.tg\/wp-content\/uploads\/2024\/09\/531120361ba53e7b27c00b3fd3134e91_L.jpg\",\"articleSection\":[\"SOCIETE\",\"TOGO\"],\"inLanguage\":\"fr-FR\",\"potentialAction\":[{\"@type\":\"CommentAction\",\"name\":\"Comment\",\"target\":[\"https:\/\/228news.tg\/index.php\/2017\/05\/24\/grogne-au-sein-de-la-justice-togolaise-les-greffiers-et-administrateurs-de-greffe-durcissent-le-ton\/#respond\"]}]},{\"@type\":\"WebPage\",\"@id\":\"https:\/\/228news.tg\/index.php\/2017\/05\/24\/grogne-au-sein-de-la-justice-togolaise-les-greffiers-et-administrateurs-de-greffe-durcissent-le-ton\/\",\"url\":\"https:\/\/228news.tg\/index.php\/2017\/05\/24\/grogne-au-sein-de-la-justice-togolaise-les-greffiers-et-administrateurs-de-greffe-durcissent-le-ton\/\",\"name\":\"Grogne au sein de la justice togolaise, les greffiers et administrateurs de greffe durcissent le ton - 228 News\",\"isPartOf\":{\"@id\":\"https:\/\/228news.tg\/#website\"},\"primaryImageOfPage\":{\"@id\":\"https:\/\/228news.tg\/index.php\/2017\/05\/24\/grogne-au-sein-de-la-justice-togolaise-les-greffiers-et-administrateurs-de-greffe-durcissent-le-ton\/#primaryimage\"},\"image\":{\"@id\":\"https:\/\/228news.tg\/index.php\/2017\/05\/24\/grogne-au-sein-de-la-justice-togolaise-les-greffiers-et-administrateurs-de-greffe-durcissent-le-ton\/#primaryimage\"},\"thumbnailUrl\":\"https:\/\/228news.tg\/wp-content\/uploads\/2024\/09\/531120361ba53e7b27c00b3fd3134e91_L.jpg\",\"datePublished\":\"2017-05-24T00:00:00+00:00\",\"breadcrumb\":{\"@id\":\"https:\/\/228news.tg\/index.php\/2017\/05\/24\/grogne-au-sein-de-la-justice-togolaise-les-greffiers-et-administrateurs-de-greffe-durcissent-le-ton\/#breadcrumb\"},\"inLanguage\":\"fr-FR\",\"potentialAction\":[{\"@type\":\"ReadAction\",\"target\":[\"https:\/\/228news.tg\/index.php\/2017\/05\/24\/grogne-au-sein-de-la-justice-togolaise-les-greffiers-et-administrateurs-de-greffe-durcissent-le-ton\/\"]}]},{\"@type\":\"ImageObject\",\"inLanguage\":\"fr-FR\",\"@id\":\"https:\/\/228news.tg\/index.php\/2017\/05\/24\/grogne-au-sein-de-la-justice-togolaise-les-greffiers-et-administrateurs-de-greffe-durcissent-le-ton\/#primaryimage\",\"url\":\"https:\/\/228news.tg\/wp-content\/uploads\/2024\/09\/531120361ba53e7b27c00b3fd3134e91_L.jpg\",\"contentUrl\":\"https:\/\/228news.tg\/wp-content\/uploads\/2024\/09\/531120361ba53e7b27c00b3fd3134e91_L.jpg\",\"width\":550,\"height\":306},{\"@type\":\"BreadcrumbList\",\"@id\":\"https:\/\/228news.tg\/index.php\/2017\/05\/24\/grogne-au-sein-de-la-justice-togolaise-les-greffiers-et-administrateurs-de-greffe-durcissent-le-ton\/#breadcrumb\",\"itemListElement\":[{\"@type\":\"ListItem\",\"position\":1,\"name\":\"Home\",\"item\":\"https:\/\/228news.tg\/\"},{\"@type\":\"ListItem\",\"position\":2,\"name\":\"Grogne au sein de la justice togolaise, les greffiers et administrateurs de greffe durcissent le ton\"}]},{\"@type\":\"WebSite\",\"@id\":\"https:\/\/228news.tg\/#website\",\"url\":\"https:\/\/228news.tg\/\",\"name\":\"228 News\",\"description\":\"Soci\u00e9t\u00e9 de m\u00e9dias et d\u2019actualit\u00e9s\",\"publisher\":{\"@id\":\"https:\/\/228news.tg\/#organization\"},\"potentialAction\":[{\"@type\":\"SearchAction\",\"target\":{\"@type\":\"EntryPoint\",\"urlTemplate\":\"https:\/\/228news.tg\/?s={search_term_string}\"},\"query-input\":{\"@type\":\"PropertyValueSpecification\",\"valueRequired\":true,\"valueName\":\"search_term_string\"}}],\"inLanguage\":\"fr-FR\"},{\"@type\":\"Organization\",\"@id\":\"https:\/\/228news.tg\/#organization\",\"name\":\"228 News\",\"url\":\"https:\/\/228news.tg\/\",\"logo\":{\"@type\":\"ImageObject\",\"inLanguage\":\"fr-FR\",\"@id\":\"https:\/\/228news.tg\/#\/schema\/logo\/image\/\",\"url\":\"https:\/\/228news.tg\/wp-content\/uploads\/2024\/09\/logonew.png\",\"contentUrl\":\"https:\/\/228news.tg\/wp-content\/uploads\/2024\/09\/logonew.png\",\"width\":1640,\"height\":364,\"caption\":\"228 News\"},\"image\":{\"@id\":\"https:\/\/228news.tg\/#\/schema\/logo\/image\/\"}},{\"@type\":\"Person\",\"@id\":\"https:\/\/228news.tg\/#\/schema\/person\/68d5a6cc0230290e61235c8379523f52\",\"name\":\"Bienvenu SAVI\",\"image\":{\"@type\":\"ImageObject\",\"inLanguage\":\"fr-FR\",\"@id\":\"https:\/\/228news.tg\/#\/schema\/person\/image\/\",\"url\":\"https:\/\/secure.gravatar.com\/avatar\/9db91895c559e510509c33a3e9683998458e9b828fac36d5d1aa23f0f2fd369b?s=96&d=mm&r=g\",\"contentUrl\":\"https:\/\/secure.gravatar.com\/avatar\/9db91895c559e510509c33a3e9683998458e9b828fac36d5d1aa23f0f2fd369b?s=96&d=mm&r=g\",\"caption\":\"Bienvenu SAVI\"},\"url\":\"https:\/\/228news.tg\/index.php\/author\/bienvenu\/\"}]}<\/script>\n<!-- \/ Yoast SEO plugin. -->","yoast_head_json":{"title":"Grogne au sein de la justice togolaise, les greffiers et administrateurs de greffe durcissent le ton - 228 News","robots":{"index":"index","follow":"follow","max-snippet":"max-snippet:-1","max-image-preview":"max-image-preview:large","max-video-preview":"max-video-preview:-1"},"canonical":"https:\/\/228news.tg\/index.php\/2017\/05\/24\/grogne-au-sein-de-la-justice-togolaise-les-greffiers-et-administrateurs-de-greffe-durcissent-le-ton\/","og_locale":"fr_FR","og_type":"article","og_title":"Grogne au sein de la justice togolaise, les greffiers et administrateurs de greffe durcissent le ton - 228 News","og_description":"Les greffiers et administrateurs de greffe des cours et tribunaux du Togo \u00e9taient en gr\u00e8ve les 22, 23 et 24 mai derniers pour r\u00e9clamer de meilleures conditions de vie et de travail, de m\u00eame qu\u2019une meilleure organisation de leur travail et carri\u00e8re. Face au mutisme de l\u2019autorit\u00e9 comp\u00e9tence qui devrait normalement r\u00e9gir \u00e0 la situation, ... Lire la suite","og_url":"https:\/\/228news.tg\/index.php\/2017\/05\/24\/grogne-au-sein-de-la-justice-togolaise-les-greffiers-et-administrateurs-de-greffe-durcissent-le-ton\/","og_site_name":"228 News","article_published_time":"2017-05-24T00:00:00+00:00","og_image":[{"width":550,"height":306,"url":"https:\/\/228news.tg\/wp-content\/uploads\/2024\/09\/531120361ba53e7b27c00b3fd3134e91_L.jpg","type":"image\/jpeg"}],"author":"Bienvenu SAVI","twitter_card":"summary_large_image","twitter_misc":{"\u00c9crit par":"Bienvenu SAVI","Dur\u00e9e de lecture estim\u00e9e":"1 minute"},"schema":{"@context":"https:\/\/schema.org","@graph":[{"@type":"Article","@id":"https:\/\/228news.tg\/index.php\/2017\/05\/24\/grogne-au-sein-de-la-justice-togolaise-les-greffiers-et-administrateurs-de-greffe-durcissent-le-ton\/#article","isPartOf":{"@id":"https:\/\/228news.tg\/index.php\/2017\/05\/24\/grogne-au-sein-de-la-justice-togolaise-les-greffiers-et-administrateurs-de-greffe-durcissent-le-ton\/"},"author":{"name":"Bienvenu SAVI","@id":"https:\/\/228news.tg\/#\/schema\/person\/68d5a6cc0230290e61235c8379523f52"},"headline":"Grogne au sein de la justice togolaise, les greffiers et administrateurs de greffe durcissent le ton","datePublished":"2017-05-24T00:00:00+00:00","mainEntityOfPage":{"@id":"https:\/\/228news.tg\/index.php\/2017\/05\/24\/grogne-au-sein-de-la-justice-togolaise-les-greffiers-et-administrateurs-de-greffe-durcissent-le-ton\/"},"wordCount":287,"commentCount":0,"publisher":{"@id":"https:\/\/228news.tg\/#organization"},"image":{"@id":"https:\/\/228news.tg\/index.php\/2017\/05\/24\/grogne-au-sein-de-la-justice-togolaise-les-greffiers-et-administrateurs-de-greffe-durcissent-le-ton\/#primaryimage"},"thumbnailUrl":"https:\/\/228news.tg\/wp-content\/uploads\/2024\/09\/531120361ba53e7b27c00b3fd3134e91_L.jpg","articleSection":["SOCIETE","TOGO"],"inLanguage":"fr-FR","potentialAction":[{"@type":"CommentAction","name":"Comment","target":["https:\/\/228news.tg\/index.php\/2017\/05\/24\/grogne-au-sein-de-la-justice-togolaise-les-greffiers-et-administrateurs-de-greffe-durcissent-le-ton\/#respond"]}]},{"@type":"WebPage","@id":"https:\/\/228news.tg\/index.php\/2017\/05\/24\/grogne-au-sein-de-la-justice-togolaise-les-greffiers-et-administrateurs-de-greffe-durcissent-le-ton\/","url":"https:\/\/228news.tg\/index.php\/2017\/05\/24\/grogne-au-sein-de-la-justice-togolaise-les-greffiers-et-administrateurs-de-greffe-durcissent-le-ton\/","name":"Grogne au sein de la justice togolaise, les greffiers et administrateurs de greffe durcissent le ton - 228 News","isPartOf":{"@id":"https:\/\/228news.tg\/#website"},"primaryImageOfPage":{"@id":"https:\/\/228news.tg\/index.php\/2017\/05\/24\/grogne-au-sein-de-la-justice-togolaise-les-greffiers-et-administrateurs-de-greffe-durcissent-le-ton\/#primaryimage"},"image":{"@id":"https:\/\/228news.tg\/index.php\/2017\/05\/24\/grogne-au-sein-de-la-justice-togolaise-les-greffiers-et-administrateurs-de-greffe-durcissent-le-ton\/#primaryimage"},"thumbnailUrl":"https:\/\/228news.tg\/wp-content\/uploads\/2024\/09\/531120361ba53e7b27c00b3fd3134e91_L.jpg","datePublished":"2017-05-24T00:00:00+00:00","breadcrumb":{"@id":"https:\/\/228news.tg\/index.php\/2017\/05\/24\/grogne-au-sein-de-la-justice-togolaise-les-greffiers-et-administrateurs-de-greffe-durcissent-le-ton\/#breadcrumb"},"inLanguage":"fr-FR","potentialAction":[{"@type":"ReadAction","target":["https:\/\/228news.tg\/index.php\/2017\/05\/24\/grogne-au-sein-de-la-justice-togolaise-les-greffiers-et-administrateurs-de-greffe-durcissent-le-ton\/"]}]},{"@type":"ImageObject","inLanguage":"fr-FR","@id":"https:\/\/228news.tg\/index.php\/2017\/05\/24\/grogne-au-sein-de-la-justice-togolaise-les-greffiers-et-administrateurs-de-greffe-durcissent-le-ton\/#primaryimage","url":"https:\/\/228news.tg\/wp-content\/uploads\/2024\/09\/531120361ba53e7b27c00b3fd3134e91_L.jpg","contentUrl":"https:\/\/228news.tg\/wp-content\/uploads\/2024\/09\/531120361ba53e7b27c00b3fd3134e91_L.jpg","width":550,"height":306},{"@type":"BreadcrumbList","@id":"https:\/\/228news.tg\/index.php\/2017\/05\/24\/grogne-au-sein-de-la-justice-togolaise-les-greffiers-et-administrateurs-de-greffe-durcissent-le-ton\/#breadcrumb","itemListElement":[{"@type":"ListItem","position":1,"name":"Home","item":"https:\/\/228news.tg\/"},{"@type":"ListItem","position":2,"name":"Grogne au sein de la justice togolaise, les greffiers et administrateurs de greffe durcissent le ton"}]},{"@type":"WebSite","@id":"https:\/\/228news.tg\/#website","url":"https:\/\/228news.tg\/","name":"228 News","description":"Soci\u00e9t\u00e9 de m\u00e9dias et d\u2019actualit\u00e9s","publisher":{"@id":"https:\/\/228news.tg\/#organization"},"potentialAction":[{"@type":"SearchAction","target":{"@type":"EntryPoint","urlTemplate":"https:\/\/228news.tg\/?s={search_term_string}"},"query-input":{"@type":"PropertyValueSpecification","valueRequired":true,"valueName":"search_term_string"}}],"inLanguage":"fr-FR"},{"@type":"Organization","@id":"https:\/\/228news.tg\/#organization","name":"228 News","url":"https:\/\/228news.tg\/","logo":{"@type":"ImageObject","inLanguage":"fr-FR","@id":"https:\/\/228news.tg\/#\/schema\/logo\/image\/","url":"https:\/\/228news.tg\/wp-content\/uploads\/2024\/09\/logonew.png","contentUrl":"https:\/\/228news.tg\/wp-content\/uploads\/2024\/09\/logonew.png","width":1640,"height":364,"caption":"228 News"},"image":{"@id":"https:\/\/228news.tg\/#\/schema\/logo\/image\/"}},{"@type":"Person","@id":"https:\/\/228news.tg\/#\/schema\/person\/68d5a6cc0230290e61235c8379523f52","name":"Bienvenu SAVI","image":{"@type":"ImageObject","inLanguage":"fr-FR","@id":"https:\/\/228news.tg\/#\/schema\/person\/image\/","url":"https:\/\/secure.gravatar.com\/avatar\/9db91895c559e510509c33a3e9683998458e9b828fac36d5d1aa23f0f2fd369b?s=96&d=mm&r=g","contentUrl":"https:\/\/secure.gravatar.com\/avatar\/9db91895c559e510509c33a3e9683998458e9b828fac36d5d1aa23f0f2fd369b?s=96&d=mm&r=g","caption":"Bienvenu SAVI"},"url":"https:\/\/228news.tg\/index.php\/author\/bienvenu\/"}]}},"jetpack_featured_media_url":"https:\/\/228news.tg\/wp-content\/uploads\/2024\/09\/531120361ba53e7b27c00b3fd3134e91_L.jpg","_links":{"self":[{"href":"https:\/\/228news.tg\/index.php\/wp-json\/wp\/v2\/posts\/577","targetHints":{"allow":["GET"]}}],"collection":[{"href":"https:\/\/228news.tg\/index.php\/wp-json\/wp\/v2\/posts"}],"about":[{"href":"https:\/\/228news.tg\/index.php\/wp-json\/wp\/v2\/types\/post"}],"author":[{"embeddable":true,"href":"https:\/\/228news.tg\/index.php\/wp-json\/wp\/v2\/users\/2"}],"replies":[{"embeddable":true,"href":"https:\/\/228news.tg\/index.php\/wp-json\/wp\/v2\/comments?post=577"}],"version-history":[{"count":0,"href":"https:\/\/228news.tg\/index.php\/wp-json\/wp\/v2\/posts\/577\/revisions"}],"wp:featuredmedia":[{"embeddable":true,"href":"https:\/\/228news.tg\/index.php\/wp-json\/wp\/v2\/media\/578"}],"wp:attachment":[{"href":"https:\/\/228news.tg\/index.php\/wp-json\/wp\/v2\/media?parent=577"}],"wp:term":[{"taxonomy":"category","embeddable":true,"href":"https:\/\/228news.tg\/index.php\/wp-json\/wp\/v2\/categories?post=577"},{"taxonomy":"post_tag","embeddable":true,"href":"https:\/\/228news.tg\/index.php\/wp-json\/wp\/v2\/tags?post=577"}],"curies":[{"name":"wp","href":"https:\/\/api.w.org\/{rel}","templated":true}]}}