{"id":5767,"date":"2020-03-27T16:56:23","date_gmt":"2020-03-27T16:56:23","guid":{"rendered":"http:\/\/localhost\/site\/228news\/?p=5767"},"modified":"2020-03-27T16:56:23","modified_gmt":"2020-03-27T16:56:23","slug":"togo-covid19-437-cas-contacts-repertories-a-annonce-le-premier-ministre-komi-selom-klassou-2","status":"publish","type":"post","link":"https:\/\/228news.tg\/index.php\/2020\/03\/27\/togo-covid19-437-cas-contacts-repertories-a-annonce-le-premier-ministre-komi-selom-klassou-2\/","title":{"rendered":"TOGO: COVID19, 437 cas contacts r\u00e9pertori\u00e9s, a annonc\u00e9 le Premier Ministre Komi Selom Klassou"},"content":{"rendered":"\n<p>Le risque de propagation du coronavirus (COVID-19) est r\u00e9el au Togo. Avec 25 cas confirm\u00e9s \u00e0 ce jour, le pays d\u00e9nombre un total de 437 cas contacts.<\/p>\n\n\n\n<p>C&rsquo;est ce qu&rsquo;a annonc\u00e9 ce vendredi 27 mars 2020, le Premier ministre, Komi Selom Klassou devant l&rsquo;Assembl\u00e9e nationale lors de sa 4\u00e8me s\u00e9ance pl\u00e9ni\u00e8re de la premi\u00e8re session de l&rsquo;ann\u00e9e.<\/p>\n\n\n\n<p>Sur les 437 cas contacts, 294 ont fait l&rsquo;objet de contr\u00f4le m\u00e9dical et ont \u00e9t\u00e9 r\u00e9v\u00e9l\u00e9s cas n\u00e9gatifs. 88 autres personnes sont confin\u00e9es a h\u00f4tel Ibis et le reste des personnes sont en auto confinement \u00e0 leurs domiciles, a pr\u00e9cis\u00e9 le chef du gouvernement.<\/p>\n\n\n\n<p>Notons qu&rsquo;au cours de cette s\u00e9ance, les d\u00e9put\u00e9s ont proc\u00e9d\u00e9 \u00e0 l&rsquo;adoption d&rsquo;un projet de loi portant habilitation du gouvernement \u00e0 prendre par ordonnances, des mesures relevant de la loi.<\/p>\n\n\n\n<p>L&rsquo;adoption de ce projet de loi permet au gouvernement de prendre des dispositions diligentes et fortes, pour prot\u00e9ger les populations et lutter durablement contre la propagation du coronavirus.<\/p>\n\n\n\n<p><em>Alexandre<\/em><\/p>\n","protected":false},"excerpt":{"rendered":"<p>Le risque de propagation du coronavirus (COVID-19) est r\u00e9el au Togo. Avec 25 cas confirm\u00e9s \u00e0 ce jour, le pays d\u00e9nombre un total de 437 cas contacts. C&rsquo;est ce qu&rsquo;a annonc\u00e9 ce vendredi 27 mars 2020, le Premier ministre, Komi Selom Klassou devant l&rsquo;Assembl\u00e9e nationale lors de sa 4\u00e8me s\u00e9ance pl\u00e9ni\u00e8re de la premi\u00e8re session &#8230; <a title=\"TOGO: COVID19, 437 cas contacts r\u00e9pertori\u00e9s, a annonc\u00e9 le Premier Ministre Komi Selom Klassou\" class=\"read-more\" href=\"https:\/\/228news.tg\/index.php\/2020\/03\/27\/togo-covid19-437-cas-contacts-repertories-a-annonce-le-premier-ministre-komi-selom-klassou-2\/\" aria-label=\"En savoir plus sur TOGO: COVID19, 437 cas contacts r\u00e9pertori\u00e9s, a annonc\u00e9 le Premier Ministre Komi Selom Klassou\">Lire la suite<\/a><\/p>\n","protected":false},"author":2,"featured_media":5614,"comment_status":"open","ping_status":"open","sticky":false,"template":"","format":"chat","meta":{"footnotes":""},"categories":[27,25],"tags":[],"class_list":["post-5767","post","type-post","status-publish","format-chat","has-post-thumbnail","hentry","category-sante","category-togo","post_format-post-format-chat"],"yoast_head":"<!-- This site is optimized with the Yoast SEO plugin v26.4 - https:\/\/yoast.com\/wordpress\/plugins\/seo\/ -->\n<title>TOGO: COVID19, 437 cas contacts r\u00e9pertori\u00e9s, a annonc\u00e9 le Premier Ministre Komi Selom Klassou - 228 News<\/title>\n<meta name=\"robots\" content=\"index, follow, max-snippet:-1, max-image-preview:large, max-video-preview:-1\" \/>\n<link rel=\"canonical\" href=\"https:\/\/228news.tg\/index.php\/2020\/03\/27\/togo-covid19-437-cas-contacts-repertories-a-annonce-le-premier-ministre-komi-selom-klassou-2\/\" \/>\n<meta property=\"og:locale\" content=\"fr_FR\" \/>\n<meta property=\"og:type\" content=\"article\" \/>\n<meta property=\"og:title\" content=\"TOGO: COVID19, 437 cas contacts r\u00e9pertori\u00e9s, a annonc\u00e9 le Premier Ministre Komi Selom Klassou - 228 News\" \/>\n<meta property=\"og:description\" content=\"Le risque de propagation du coronavirus (COVID-19) est r\u00e9el au Togo. Avec 25 cas confirm\u00e9s \u00e0 ce jour, le pays d\u00e9nombre un total de 437 cas contacts. C&rsquo;est ce qu&rsquo;a annonc\u00e9 ce vendredi 27 mars 2020, le Premier ministre, Komi Selom Klassou devant l&rsquo;Assembl\u00e9e nationale lors de sa 4\u00e8me s\u00e9ance pl\u00e9ni\u00e8re de la premi\u00e8re session ... Lire la suite\" \/>\n<meta property=\"og:url\" content=\"https:\/\/228news.tg\/index.php\/2020\/03\/27\/togo-covid19-437-cas-contacts-repertories-a-annonce-le-premier-ministre-komi-selom-klassou-2\/\" \/>\n<meta property=\"og:site_name\" content=\"228 News\" \/>\n<meta property=\"article:published_time\" content=\"2020-03-27T16:56:23+00:00\" \/>\n<meta name=\"author\" content=\"Bienvenu SAVI\" \/>\n<meta name=\"twitter:card\" content=\"summary_large_image\" \/>\n<meta name=\"twitter:label1\" content=\"\u00c9crit par\" \/>\n\t<meta name=\"twitter:data1\" content=\"Bienvenu SAVI\" \/>\n\t<meta name=\"twitter:label2\" content=\"Dur\u00e9e de lecture estim\u00e9e\" \/>\n\t<meta name=\"twitter:data2\" content=\"1 minute\" \/>\n<script type=\"application\/ld+json\" class=\"yoast-schema-graph\">{\"@context\":\"https:\/\/schema.org\",\"@graph\":[{\"@type\":\"Article\",\"@id\":\"https:\/\/228news.tg\/index.php\/2020\/03\/27\/togo-covid19-437-cas-contacts-repertories-a-annonce-le-premier-ministre-komi-selom-klassou-2\/#article\",\"isPartOf\":{\"@id\":\"https:\/\/228news.tg\/index.php\/2020\/03\/27\/togo-covid19-437-cas-contacts-repertories-a-annonce-le-premier-ministre-komi-selom-klassou-2\/\"},\"author\":{\"name\":\"Bienvenu SAVI\",\"@id\":\"https:\/\/228news.tg\/#\/schema\/person\/68d5a6cc0230290e61235c8379523f52\"},\"headline\":\"TOGO: COVID19, 437 cas contacts r\u00e9pertori\u00e9s, a annonc\u00e9 le Premier Ministre Komi Selom Klassou\",\"datePublished\":\"2020-03-27T16:56:23+00:00\",\"mainEntityOfPage\":{\"@id\":\"https:\/\/228news.tg\/index.php\/2020\/03\/27\/togo-covid19-437-cas-contacts-repertories-a-annonce-le-premier-ministre-komi-selom-klassou-2\/\"},\"wordCount\":196,\"commentCount\":0,\"publisher\":{\"@id\":\"https:\/\/228news.tg\/#organization\"},\"image\":{\"@id\":\"https:\/\/228news.tg\/index.php\/2020\/03\/27\/togo-covid19-437-cas-contacts-repertories-a-annonce-le-premier-ministre-komi-selom-klassou-2\/#primaryimage\"},\"thumbnailUrl\":\"\",\"articleSection\":[\"Sant\u00e9\",\"TOGO\"],\"inLanguage\":\"fr-FR\",\"potentialAction\":[{\"@type\":\"CommentAction\",\"name\":\"Comment\",\"target\":[\"https:\/\/228news.tg\/index.php\/2020\/03\/27\/togo-covid19-437-cas-contacts-repertories-a-annonce-le-premier-ministre-komi-selom-klassou-2\/#respond\"]}]},{\"@type\":\"WebPage\",\"@id\":\"https:\/\/228news.tg\/index.php\/2020\/03\/27\/togo-covid19-437-cas-contacts-repertories-a-annonce-le-premier-ministre-komi-selom-klassou-2\/\",\"url\":\"https:\/\/228news.tg\/index.php\/2020\/03\/27\/togo-covid19-437-cas-contacts-repertories-a-annonce-le-premier-ministre-komi-selom-klassou-2\/\",\"name\":\"TOGO: COVID19, 437 cas contacts r\u00e9pertori\u00e9s, a annonc\u00e9 le Premier Ministre Komi Selom Klassou - 228 News\",\"isPartOf\":{\"@id\":\"https:\/\/228news.tg\/#website\"},\"primaryImageOfPage\":{\"@id\":\"https:\/\/228news.tg\/index.php\/2020\/03\/27\/togo-covid19-437-cas-contacts-repertories-a-annonce-le-premier-ministre-komi-selom-klassou-2\/#primaryimage\"},\"image\":{\"@id\":\"https:\/\/228news.tg\/index.php\/2020\/03\/27\/togo-covid19-437-cas-contacts-repertories-a-annonce-le-premier-ministre-komi-selom-klassou-2\/#primaryimage\"},\"thumbnailUrl\":\"\",\"datePublished\":\"2020-03-27T16:56:23+00:00\",\"breadcrumb\":{\"@id\":\"https:\/\/228news.tg\/index.php\/2020\/03\/27\/togo-covid19-437-cas-contacts-repertories-a-annonce-le-premier-ministre-komi-selom-klassou-2\/#breadcrumb\"},\"inLanguage\":\"fr-FR\",\"potentialAction\":[{\"@type\":\"ReadAction\",\"target\":[\"https:\/\/228news.tg\/index.php\/2020\/03\/27\/togo-covid19-437-cas-contacts-repertories-a-annonce-le-premier-ministre-komi-selom-klassou-2\/\"]}]},{\"@type\":\"ImageObject\",\"inLanguage\":\"fr-FR\",\"@id\":\"https:\/\/228news.tg\/index.php\/2020\/03\/27\/togo-covid19-437-cas-contacts-repertories-a-annonce-le-premier-ministre-komi-selom-klassou-2\/#primaryimage\",\"url\":\"\",\"contentUrl\":\"\"},{\"@type\":\"BreadcrumbList\",\"@id\":\"https:\/\/228news.tg\/index.php\/2020\/03\/27\/togo-covid19-437-cas-contacts-repertories-a-annonce-le-premier-ministre-komi-selom-klassou-2\/#breadcrumb\",\"itemListElement\":[{\"@type\":\"ListItem\",\"position\":1,\"name\":\"Home\",\"item\":\"https:\/\/228news.tg\/\"},{\"@type\":\"ListItem\",\"position\":2,\"name\":\"TOGO: COVID19, 437 cas contacts r\u00e9pertori\u00e9s, a annonc\u00e9 le Premier Ministre Komi Selom Klassou\"}]},{\"@type\":\"WebSite\",\"@id\":\"https:\/\/228news.tg\/#website\",\"url\":\"https:\/\/228news.tg\/\",\"name\":\"228 News\",\"description\":\"Soci\u00e9t\u00e9 de m\u00e9dias et d\u2019actualit\u00e9s\",\"publisher\":{\"@id\":\"https:\/\/228news.tg\/#organization\"},\"potentialAction\":[{\"@type\":\"SearchAction\",\"target\":{\"@type\":\"EntryPoint\",\"urlTemplate\":\"https:\/\/228news.tg\/?s={search_term_string}\"},\"query-input\":{\"@type\":\"PropertyValueSpecification\",\"valueRequired\":true,\"valueName\":\"search_term_string\"}}],\"inLanguage\":\"fr-FR\"},{\"@type\":\"Organization\",\"@id\":\"https:\/\/228news.tg\/#organization\",\"name\":\"228 News\",\"url\":\"https:\/\/228news.tg\/\",\"logo\":{\"@type\":\"ImageObject\",\"inLanguage\":\"fr-FR\",\"@id\":\"https:\/\/228news.tg\/#\/schema\/logo\/image\/\",\"url\":\"https:\/\/228news.tg\/wp-content\/uploads\/2024\/09\/logonew.png\",\"contentUrl\":\"https:\/\/228news.tg\/wp-content\/uploads\/2024\/09\/logonew.png\",\"width\":1640,\"height\":364,\"caption\":\"228 News\"},\"image\":{\"@id\":\"https:\/\/228news.tg\/#\/schema\/logo\/image\/\"}},{\"@type\":\"Person\",\"@id\":\"https:\/\/228news.tg\/#\/schema\/person\/68d5a6cc0230290e61235c8379523f52\",\"name\":\"Bienvenu SAVI\",\"image\":{\"@type\":\"ImageObject\",\"inLanguage\":\"fr-FR\",\"@id\":\"https:\/\/228news.tg\/#\/schema\/person\/image\/\",\"url\":\"https:\/\/secure.gravatar.com\/avatar\/9db91895c559e510509c33a3e9683998458e9b828fac36d5d1aa23f0f2fd369b?s=96&d=mm&r=g\",\"contentUrl\":\"https:\/\/secure.gravatar.com\/avatar\/9db91895c559e510509c33a3e9683998458e9b828fac36d5d1aa23f0f2fd369b?s=96&d=mm&r=g\",\"caption\":\"Bienvenu SAVI\"},\"url\":\"https:\/\/228news.tg\/index.php\/author\/bienvenu\/\"}]}<\/script>\n<!-- \/ Yoast SEO plugin. -->","yoast_head_json":{"title":"TOGO: COVID19, 437 cas contacts r\u00e9pertori\u00e9s, a annonc\u00e9 le Premier Ministre Komi Selom Klassou - 228 News","robots":{"index":"index","follow":"follow","max-snippet":"max-snippet:-1","max-image-preview":"max-image-preview:large","max-video-preview":"max-video-preview:-1"},"canonical":"https:\/\/228news.tg\/index.php\/2020\/03\/27\/togo-covid19-437-cas-contacts-repertories-a-annonce-le-premier-ministre-komi-selom-klassou-2\/","og_locale":"fr_FR","og_type":"article","og_title":"TOGO: COVID19, 437 cas contacts r\u00e9pertori\u00e9s, a annonc\u00e9 le Premier Ministre Komi Selom Klassou - 228 News","og_description":"Le risque de propagation du coronavirus (COVID-19) est r\u00e9el au Togo. Avec 25 cas confirm\u00e9s \u00e0 ce jour, le pays d\u00e9nombre un total de 437 cas contacts. C&rsquo;est ce qu&rsquo;a annonc\u00e9 ce vendredi 27 mars 2020, le Premier ministre, Komi Selom Klassou devant l&rsquo;Assembl\u00e9e nationale lors de sa 4\u00e8me s\u00e9ance pl\u00e9ni\u00e8re de la premi\u00e8re session ... Lire la suite","og_url":"https:\/\/228news.tg\/index.php\/2020\/03\/27\/togo-covid19-437-cas-contacts-repertories-a-annonce-le-premier-ministre-komi-selom-klassou-2\/","og_site_name":"228 News","article_published_time":"2020-03-27T16:56:23+00:00","author":"Bienvenu SAVI","twitter_card":"summary_large_image","twitter_misc":{"\u00c9crit par":"Bienvenu SAVI","Dur\u00e9e de lecture estim\u00e9e":"1 minute"},"schema":{"@context":"https:\/\/schema.org","@graph":[{"@type":"Article","@id":"https:\/\/228news.tg\/index.php\/2020\/03\/27\/togo-covid19-437-cas-contacts-repertories-a-annonce-le-premier-ministre-komi-selom-klassou-2\/#article","isPartOf":{"@id":"https:\/\/228news.tg\/index.php\/2020\/03\/27\/togo-covid19-437-cas-contacts-repertories-a-annonce-le-premier-ministre-komi-selom-klassou-2\/"},"author":{"name":"Bienvenu SAVI","@id":"https:\/\/228news.tg\/#\/schema\/person\/68d5a6cc0230290e61235c8379523f52"},"headline":"TOGO: COVID19, 437 cas contacts r\u00e9pertori\u00e9s, a annonc\u00e9 le Premier Ministre Komi Selom Klassou","datePublished":"2020-03-27T16:56:23+00:00","mainEntityOfPage":{"@id":"https:\/\/228news.tg\/index.php\/2020\/03\/27\/togo-covid19-437-cas-contacts-repertories-a-annonce-le-premier-ministre-komi-selom-klassou-2\/"},"wordCount":196,"commentCount":0,"publisher":{"@id":"https:\/\/228news.tg\/#organization"},"image":{"@id":"https:\/\/228news.tg\/index.php\/2020\/03\/27\/togo-covid19-437-cas-contacts-repertories-a-annonce-le-premier-ministre-komi-selom-klassou-2\/#primaryimage"},"thumbnailUrl":"","articleSection":["Sant\u00e9","TOGO"],"inLanguage":"fr-FR","potentialAction":[{"@type":"CommentAction","name":"Comment","target":["https:\/\/228news.tg\/index.php\/2020\/03\/27\/togo-covid19-437-cas-contacts-repertories-a-annonce-le-premier-ministre-komi-selom-klassou-2\/#respond"]}]},{"@type":"WebPage","@id":"https:\/\/228news.tg\/index.php\/2020\/03\/27\/togo-covid19-437-cas-contacts-repertories-a-annonce-le-premier-ministre-komi-selom-klassou-2\/","url":"https:\/\/228news.tg\/index.php\/2020\/03\/27\/togo-covid19-437-cas-contacts-repertories-a-annonce-le-premier-ministre-komi-selom-klassou-2\/","name":"TOGO: COVID19, 437 cas contacts r\u00e9pertori\u00e9s, a annonc\u00e9 le Premier Ministre Komi Selom Klassou - 228 News","isPartOf":{"@id":"https:\/\/228news.tg\/#website"},"primaryImageOfPage":{"@id":"https:\/\/228news.tg\/index.php\/2020\/03\/27\/togo-covid19-437-cas-contacts-repertories-a-annonce-le-premier-ministre-komi-selom-klassou-2\/#primaryimage"},"image":{"@id":"https:\/\/228news.tg\/index.php\/2020\/03\/27\/togo-covid19-437-cas-contacts-repertories-a-annonce-le-premier-ministre-komi-selom-klassou-2\/#primaryimage"},"thumbnailUrl":"","datePublished":"2020-03-27T16:56:23+00:00","breadcrumb":{"@id":"https:\/\/228news.tg\/index.php\/2020\/03\/27\/togo-covid19-437-cas-contacts-repertories-a-annonce-le-premier-ministre-komi-selom-klassou-2\/#breadcrumb"},"inLanguage":"fr-FR","potentialAction":[{"@type":"ReadAction","target":["https:\/\/228news.tg\/index.php\/2020\/03\/27\/togo-covid19-437-cas-contacts-repertories-a-annonce-le-premier-ministre-komi-selom-klassou-2\/"]}]},{"@type":"ImageObject","inLanguage":"fr-FR","@id":"https:\/\/228news.tg\/index.php\/2020\/03\/27\/togo-covid19-437-cas-contacts-repertories-a-annonce-le-premier-ministre-komi-selom-klassou-2\/#primaryimage","url":"","contentUrl":""},{"@type":"BreadcrumbList","@id":"https:\/\/228news.tg\/index.php\/2020\/03\/27\/togo-covid19-437-cas-contacts-repertories-a-annonce-le-premier-ministre-komi-selom-klassou-2\/#breadcrumb","itemListElement":[{"@type":"ListItem","position":1,"name":"Home","item":"https:\/\/228news.tg\/"},{"@type":"ListItem","position":2,"name":"TOGO: COVID19, 437 cas contacts r\u00e9pertori\u00e9s, a annonc\u00e9 le Premier Ministre Komi Selom Klassou"}]},{"@type":"WebSite","@id":"https:\/\/228news.tg\/#website","url":"https:\/\/228news.tg\/","name":"228 News","description":"Soci\u00e9t\u00e9 de m\u00e9dias et d\u2019actualit\u00e9s","publisher":{"@id":"https:\/\/228news.tg\/#organization"},"potentialAction":[{"@type":"SearchAction","target":{"@type":"EntryPoint","urlTemplate":"https:\/\/228news.tg\/?s={search_term_string}"},"query-input":{"@type":"PropertyValueSpecification","valueRequired":true,"valueName":"search_term_string"}}],"inLanguage":"fr-FR"},{"@type":"Organization","@id":"https:\/\/228news.tg\/#organization","name":"228 News","url":"https:\/\/228news.tg\/","logo":{"@type":"ImageObject","inLanguage":"fr-FR","@id":"https:\/\/228news.tg\/#\/schema\/logo\/image\/","url":"https:\/\/228news.tg\/wp-content\/uploads\/2024\/09\/logonew.png","contentUrl":"https:\/\/228news.tg\/wp-content\/uploads\/2024\/09\/logonew.png","width":1640,"height":364,"caption":"228 News"},"image":{"@id":"https:\/\/228news.tg\/#\/schema\/logo\/image\/"}},{"@type":"Person","@id":"https:\/\/228news.tg\/#\/schema\/person\/68d5a6cc0230290e61235c8379523f52","name":"Bienvenu SAVI","image":{"@type":"ImageObject","inLanguage":"fr-FR","@id":"https:\/\/228news.tg\/#\/schema\/person\/image\/","url":"https:\/\/secure.gravatar.com\/avatar\/9db91895c559e510509c33a3e9683998458e9b828fac36d5d1aa23f0f2fd369b?s=96&d=mm&r=g","contentUrl":"https:\/\/secure.gravatar.com\/avatar\/9db91895c559e510509c33a3e9683998458e9b828fac36d5d1aa23f0f2fd369b?s=96&d=mm&r=g","caption":"Bienvenu SAVI"},"url":"https:\/\/228news.tg\/index.php\/author\/bienvenu\/"}]}},"jetpack_featured_media_url":"","_links":{"self":[{"href":"https:\/\/228news.tg\/index.php\/wp-json\/wp\/v2\/posts\/5767","targetHints":{"allow":["GET"]}}],"collection":[{"href":"https:\/\/228news.tg\/index.php\/wp-json\/wp\/v2\/posts"}],"about":[{"href":"https:\/\/228news.tg\/index.php\/wp-json\/wp\/v2\/types\/post"}],"author":[{"embeddable":true,"href":"https:\/\/228news.tg\/index.php\/wp-json\/wp\/v2\/users\/2"}],"replies":[{"embeddable":true,"href":"https:\/\/228news.tg\/index.php\/wp-json\/wp\/v2\/comments?post=5767"}],"version-history":[{"count":0,"href":"https:\/\/228news.tg\/index.php\/wp-json\/wp\/v2\/posts\/5767\/revisions"}],"wp:featuredmedia":[{"embeddable":true,"href":"https:\/\/228news.tg\/index.php\/wp-json\/"}],"wp:attachment":[{"href":"https:\/\/228news.tg\/index.php\/wp-json\/wp\/v2\/media?parent=5767"}],"wp:term":[{"taxonomy":"category","embeddable":true,"href":"https:\/\/228news.tg\/index.php\/wp-json\/wp\/v2\/categories?post=5767"},{"taxonomy":"post_tag","embeddable":true,"href":"https:\/\/228news.tg\/index.php\/wp-json\/wp\/v2\/tags?post=5767"}],"curies":[{"name":"wp","href":"https:\/\/api.w.org\/{rel}","templated":true}]}}