{"id":576,"date":"2017-05-23T00:00:00","date_gmt":"2017-05-23T00:00:00","guid":{"rendered":"https:\/\/228news.tg\/index.php\/2017\/05\/23\/le-mouvement-de-greve-des-greffiers-du-togo-effectif-depuis-ce-lundi\/"},"modified":"2017-05-23T00:00:00","modified_gmt":"2017-05-23T00:00:00","slug":"le-mouvement-de-greve-des-greffiers-du-togo-effectif-depuis-ce-lundi","status":"publish","type":"post","link":"https:\/\/228news.tg\/index.php\/2017\/05\/23\/le-mouvement-de-greve-des-greffiers-du-togo-effectif-depuis-ce-lundi\/","title":{"rendered":"Le mouvement de gr\u00e8ve des greffiers du Togo effectif depuis ce lundi"},"content":{"rendered":"<p>Comme annonc\u00e9, le mouvement de gr\u00e8ve annonc\u00e9 par le syndicat national des greffiers du Togo et l\u2019association des greffiers du Togo a d\u00e9marr\u00e9 ce lundi 22 mai et se poursuit jusqu&rsquo;\u00e0 demain mercredi 24 mai.<\/p>\n<p>Comme ressenti au moment des diff\u00e9rentes AG, la mobilisation est g\u00e9n\u00e9rale et les greffiers entendent durcir le mouvement si des discussions ne sont pas ouvertes par l\u2019autorit\u00e9 comp\u00e9tente afin de r\u00e9pondre \u00e0 leur attente.<\/p>\n<p>Trois revendications majeures caract\u00e9risent cette crise dans le corps des greffiers dont la mise en \u0153uvre d\u2019un statut particulier d\u00e9finissant de bonnes conditions de vie, de travail et un plan de carri\u00e8re, la prise en compte de certaines primes de responsabilit\u00e9, de biblioth\u00e8que, de rendement, \u2026<\/p>\n<p><strong>D\u00e9mocrate<\/strong><\/p>\n<p><strong>(00228) 91 85 40 14<br \/>\n98 60 67 68<br \/>\n<\/strong><a href=\"mailto:democrate2010@gmail.com\"><strong>democrate2010@gmail.com<\/strong><\/a><\/p>\n","protected":false},"excerpt":{"rendered":"<p>Comme annonc\u00e9, le mouvement de gr\u00e8ve annonc\u00e9 par le syndicat national des greffiers du Togo et l\u2019association des greffiers du Togo a d\u00e9marr\u00e9 ce lundi 22 mai et se poursuit jusqu&rsquo;\u00e0 demain mercredi 24 mai. Comme ressenti au moment des diff\u00e9rentes AG, la mobilisation est g\u00e9n\u00e9rale et les greffiers entendent durcir le mouvement si des &#8230; <a title=\"Le mouvement de gr\u00e8ve des greffiers du Togo effectif depuis ce lundi\" class=\"read-more\" href=\"https:\/\/228news.tg\/index.php\/2017\/05\/23\/le-mouvement-de-greve-des-greffiers-du-togo-effectif-depuis-ce-lundi\/\" aria-label=\"En savoir plus sur Le mouvement de gr\u00e8ve des greffiers du Togo effectif depuis ce lundi\">Lire la suite<\/a><\/p>\n","protected":false},"author":2,"featured_media":553,"comment_status":"open","ping_status":"open","sticky":false,"template":"","format":"standard","meta":{"footnotes":""},"categories":[29,25],"tags":[],"class_list":["post-576","post","type-post","status-publish","format-standard","has-post-thumbnail","hentry","category-societe","category-togo"],"yoast_head":"<!-- This site is optimized with the Yoast SEO plugin v26.4 - https:\/\/yoast.com\/wordpress\/plugins\/seo\/ -->\n<title>Le mouvement de gr\u00e8ve des greffiers du Togo effectif depuis ce lundi - 228 News<\/title>\n<meta name=\"robots\" content=\"index, follow, max-snippet:-1, max-image-preview:large, max-video-preview:-1\" \/>\n<link rel=\"canonical\" href=\"https:\/\/228news.tg\/index.php\/2017\/05\/23\/le-mouvement-de-greve-des-greffiers-du-togo-effectif-depuis-ce-lundi\/\" \/>\n<meta property=\"og:locale\" content=\"fr_FR\" \/>\n<meta property=\"og:type\" content=\"article\" \/>\n<meta property=\"og:title\" content=\"Le mouvement de gr\u00e8ve des greffiers du Togo effectif depuis ce lundi - 228 News\" \/>\n<meta property=\"og:description\" content=\"Comme annonc\u00e9, le mouvement de gr\u00e8ve annonc\u00e9 par le syndicat national des greffiers du Togo et l\u2019association des greffiers du Togo a d\u00e9marr\u00e9 ce lundi 22 mai et se poursuit jusqu&rsquo;\u00e0 demain mercredi 24 mai. Comme ressenti au moment des diff\u00e9rentes AG, la mobilisation est g\u00e9n\u00e9rale et les greffiers entendent durcir le mouvement si des ... Lire la suite\" \/>\n<meta property=\"og:url\" content=\"https:\/\/228news.tg\/index.php\/2017\/05\/23\/le-mouvement-de-greve-des-greffiers-du-togo-effectif-depuis-ce-lundi\/\" \/>\n<meta property=\"og:site_name\" content=\"228 News\" \/>\n<meta property=\"article:published_time\" content=\"2017-05-23T00:00:00+00:00\" \/>\n<meta property=\"og:image\" content=\"https:\/\/228news.tg\/wp-content\/uploads\/2024\/09\/photo_2017-05-18_21-15-14.jpg\" \/>\n\t<meta property=\"og:image:width\" content=\"475\" \/>\n\t<meta property=\"og:image:height\" content=\"340\" \/>\n\t<meta property=\"og:image:type\" content=\"image\/jpeg\" \/>\n<meta name=\"author\" content=\"Bienvenu SAVI\" \/>\n<meta name=\"twitter:card\" content=\"summary_large_image\" \/>\n<meta name=\"twitter:label1\" content=\"\u00c9crit par\" \/>\n\t<meta name=\"twitter:data1\" content=\"Bienvenu SAVI\" \/>\n\t<meta name=\"twitter:label2\" content=\"Dur\u00e9e de lecture estim\u00e9e\" \/>\n\t<meta name=\"twitter:data2\" content=\"1 minute\" \/>\n<script type=\"application\/ld+json\" class=\"yoast-schema-graph\">{\"@context\":\"https:\/\/schema.org\",\"@graph\":[{\"@type\":\"Article\",\"@id\":\"https:\/\/228news.tg\/index.php\/2017\/05\/23\/le-mouvement-de-greve-des-greffiers-du-togo-effectif-depuis-ce-lundi\/#article\",\"isPartOf\":{\"@id\":\"https:\/\/228news.tg\/index.php\/2017\/05\/23\/le-mouvement-de-greve-des-greffiers-du-togo-effectif-depuis-ce-lundi\/\"},\"author\":{\"name\":\"Bienvenu SAVI\",\"@id\":\"https:\/\/228news.tg\/#\/schema\/person\/68d5a6cc0230290e61235c8379523f52\"},\"headline\":\"Le mouvement de gr\u00e8ve des greffiers du Togo effectif depuis ce lundi\",\"datePublished\":\"2017-05-23T00:00:00+00:00\",\"mainEntityOfPage\":{\"@id\":\"https:\/\/228news.tg\/index.php\/2017\/05\/23\/le-mouvement-de-greve-des-greffiers-du-togo-effectif-depuis-ce-lundi\/\"},\"wordCount\":143,\"commentCount\":0,\"publisher\":{\"@id\":\"https:\/\/228news.tg\/#organization\"},\"image\":{\"@id\":\"https:\/\/228news.tg\/index.php\/2017\/05\/23\/le-mouvement-de-greve-des-greffiers-du-togo-effectif-depuis-ce-lundi\/#primaryimage\"},\"thumbnailUrl\":\"https:\/\/228news.tg\/wp-content\/uploads\/2024\/09\/photo_2017-05-18_21-15-14.jpg\",\"articleSection\":[\"SOCIETE\",\"TOGO\"],\"inLanguage\":\"fr-FR\",\"potentialAction\":[{\"@type\":\"CommentAction\",\"name\":\"Comment\",\"target\":[\"https:\/\/228news.tg\/index.php\/2017\/05\/23\/le-mouvement-de-greve-des-greffiers-du-togo-effectif-depuis-ce-lundi\/#respond\"]}]},{\"@type\":\"WebPage\",\"@id\":\"https:\/\/228news.tg\/index.php\/2017\/05\/23\/le-mouvement-de-greve-des-greffiers-du-togo-effectif-depuis-ce-lundi\/\",\"url\":\"https:\/\/228news.tg\/index.php\/2017\/05\/23\/le-mouvement-de-greve-des-greffiers-du-togo-effectif-depuis-ce-lundi\/\",\"name\":\"Le mouvement de gr\u00e8ve des greffiers du Togo effectif depuis ce lundi - 228 News\",\"isPartOf\":{\"@id\":\"https:\/\/228news.tg\/#website\"},\"primaryImageOfPage\":{\"@id\":\"https:\/\/228news.tg\/index.php\/2017\/05\/23\/le-mouvement-de-greve-des-greffiers-du-togo-effectif-depuis-ce-lundi\/#primaryimage\"},\"image\":{\"@id\":\"https:\/\/228news.tg\/index.php\/2017\/05\/23\/le-mouvement-de-greve-des-greffiers-du-togo-effectif-depuis-ce-lundi\/#primaryimage\"},\"thumbnailUrl\":\"https:\/\/228news.tg\/wp-content\/uploads\/2024\/09\/photo_2017-05-18_21-15-14.jpg\",\"datePublished\":\"2017-05-23T00:00:00+00:00\",\"breadcrumb\":{\"@id\":\"https:\/\/228news.tg\/index.php\/2017\/05\/23\/le-mouvement-de-greve-des-greffiers-du-togo-effectif-depuis-ce-lundi\/#breadcrumb\"},\"inLanguage\":\"fr-FR\",\"potentialAction\":[{\"@type\":\"ReadAction\",\"target\":[\"https:\/\/228news.tg\/index.php\/2017\/05\/23\/le-mouvement-de-greve-des-greffiers-du-togo-effectif-depuis-ce-lundi\/\"]}]},{\"@type\":\"ImageObject\",\"inLanguage\":\"fr-FR\",\"@id\":\"https:\/\/228news.tg\/index.php\/2017\/05\/23\/le-mouvement-de-greve-des-greffiers-du-togo-effectif-depuis-ce-lundi\/#primaryimage\",\"url\":\"https:\/\/228news.tg\/wp-content\/uploads\/2024\/09\/photo_2017-05-18_21-15-14.jpg\",\"contentUrl\":\"https:\/\/228news.tg\/wp-content\/uploads\/2024\/09\/photo_2017-05-18_21-15-14.jpg\",\"width\":475,\"height\":340},{\"@type\":\"BreadcrumbList\",\"@id\":\"https:\/\/228news.tg\/index.php\/2017\/05\/23\/le-mouvement-de-greve-des-greffiers-du-togo-effectif-depuis-ce-lundi\/#breadcrumb\",\"itemListElement\":[{\"@type\":\"ListItem\",\"position\":1,\"name\":\"Home\",\"item\":\"https:\/\/228news.tg\/\"},{\"@type\":\"ListItem\",\"position\":2,\"name\":\"Le mouvement de gr\u00e8ve des greffiers du Togo effectif depuis ce lundi\"}]},{\"@type\":\"WebSite\",\"@id\":\"https:\/\/228news.tg\/#website\",\"url\":\"https:\/\/228news.tg\/\",\"name\":\"228 News\",\"description\":\"Soci\u00e9t\u00e9 de m\u00e9dias et d\u2019actualit\u00e9s\",\"publisher\":{\"@id\":\"https:\/\/228news.tg\/#organization\"},\"potentialAction\":[{\"@type\":\"SearchAction\",\"target\":{\"@type\":\"EntryPoint\",\"urlTemplate\":\"https:\/\/228news.tg\/?s={search_term_string}\"},\"query-input\":{\"@type\":\"PropertyValueSpecification\",\"valueRequired\":true,\"valueName\":\"search_term_string\"}}],\"inLanguage\":\"fr-FR\"},{\"@type\":\"Organization\",\"@id\":\"https:\/\/228news.tg\/#organization\",\"name\":\"228 News\",\"url\":\"https:\/\/228news.tg\/\",\"logo\":{\"@type\":\"ImageObject\",\"inLanguage\":\"fr-FR\",\"@id\":\"https:\/\/228news.tg\/#\/schema\/logo\/image\/\",\"url\":\"https:\/\/228news.tg\/wp-content\/uploads\/2024\/09\/logonew.png\",\"contentUrl\":\"https:\/\/228news.tg\/wp-content\/uploads\/2024\/09\/logonew.png\",\"width\":1640,\"height\":364,\"caption\":\"228 News\"},\"image\":{\"@id\":\"https:\/\/228news.tg\/#\/schema\/logo\/image\/\"}},{\"@type\":\"Person\",\"@id\":\"https:\/\/228news.tg\/#\/schema\/person\/68d5a6cc0230290e61235c8379523f52\",\"name\":\"Bienvenu SAVI\",\"image\":{\"@type\":\"ImageObject\",\"inLanguage\":\"fr-FR\",\"@id\":\"https:\/\/228news.tg\/#\/schema\/person\/image\/\",\"url\":\"https:\/\/secure.gravatar.com\/avatar\/9db91895c559e510509c33a3e9683998458e9b828fac36d5d1aa23f0f2fd369b?s=96&d=mm&r=g\",\"contentUrl\":\"https:\/\/secure.gravatar.com\/avatar\/9db91895c559e510509c33a3e9683998458e9b828fac36d5d1aa23f0f2fd369b?s=96&d=mm&r=g\",\"caption\":\"Bienvenu SAVI\"},\"url\":\"https:\/\/228news.tg\/index.php\/author\/bienvenu\/\"}]}<\/script>\n<!-- \/ Yoast SEO plugin. -->","yoast_head_json":{"title":"Le mouvement de gr\u00e8ve des greffiers du Togo effectif depuis ce lundi - 228 News","robots":{"index":"index","follow":"follow","max-snippet":"max-snippet:-1","max-image-preview":"max-image-preview:large","max-video-preview":"max-video-preview:-1"},"canonical":"https:\/\/228news.tg\/index.php\/2017\/05\/23\/le-mouvement-de-greve-des-greffiers-du-togo-effectif-depuis-ce-lundi\/","og_locale":"fr_FR","og_type":"article","og_title":"Le mouvement de gr\u00e8ve des greffiers du Togo effectif depuis ce lundi - 228 News","og_description":"Comme annonc\u00e9, le mouvement de gr\u00e8ve annonc\u00e9 par le syndicat national des greffiers du Togo et l\u2019association des greffiers du Togo a d\u00e9marr\u00e9 ce lundi 22 mai et se poursuit jusqu&rsquo;\u00e0 demain mercredi 24 mai. Comme ressenti au moment des diff\u00e9rentes AG, la mobilisation est g\u00e9n\u00e9rale et les greffiers entendent durcir le mouvement si des ... Lire la suite","og_url":"https:\/\/228news.tg\/index.php\/2017\/05\/23\/le-mouvement-de-greve-des-greffiers-du-togo-effectif-depuis-ce-lundi\/","og_site_name":"228 News","article_published_time":"2017-05-23T00:00:00+00:00","og_image":[{"width":475,"height":340,"url":"https:\/\/228news.tg\/wp-content\/uploads\/2024\/09\/photo_2017-05-18_21-15-14.jpg","type":"image\/jpeg"}],"author":"Bienvenu SAVI","twitter_card":"summary_large_image","twitter_misc":{"\u00c9crit par":"Bienvenu SAVI","Dur\u00e9e de lecture estim\u00e9e":"1 minute"},"schema":{"@context":"https:\/\/schema.org","@graph":[{"@type":"Article","@id":"https:\/\/228news.tg\/index.php\/2017\/05\/23\/le-mouvement-de-greve-des-greffiers-du-togo-effectif-depuis-ce-lundi\/#article","isPartOf":{"@id":"https:\/\/228news.tg\/index.php\/2017\/05\/23\/le-mouvement-de-greve-des-greffiers-du-togo-effectif-depuis-ce-lundi\/"},"author":{"name":"Bienvenu SAVI","@id":"https:\/\/228news.tg\/#\/schema\/person\/68d5a6cc0230290e61235c8379523f52"},"headline":"Le mouvement de gr\u00e8ve des greffiers du Togo effectif depuis ce lundi","datePublished":"2017-05-23T00:00:00+00:00","mainEntityOfPage":{"@id":"https:\/\/228news.tg\/index.php\/2017\/05\/23\/le-mouvement-de-greve-des-greffiers-du-togo-effectif-depuis-ce-lundi\/"},"wordCount":143,"commentCount":0,"publisher":{"@id":"https:\/\/228news.tg\/#organization"},"image":{"@id":"https:\/\/228news.tg\/index.php\/2017\/05\/23\/le-mouvement-de-greve-des-greffiers-du-togo-effectif-depuis-ce-lundi\/#primaryimage"},"thumbnailUrl":"https:\/\/228news.tg\/wp-content\/uploads\/2024\/09\/photo_2017-05-18_21-15-14.jpg","articleSection":["SOCIETE","TOGO"],"inLanguage":"fr-FR","potentialAction":[{"@type":"CommentAction","name":"Comment","target":["https:\/\/228news.tg\/index.php\/2017\/05\/23\/le-mouvement-de-greve-des-greffiers-du-togo-effectif-depuis-ce-lundi\/#respond"]}]},{"@type":"WebPage","@id":"https:\/\/228news.tg\/index.php\/2017\/05\/23\/le-mouvement-de-greve-des-greffiers-du-togo-effectif-depuis-ce-lundi\/","url":"https:\/\/228news.tg\/index.php\/2017\/05\/23\/le-mouvement-de-greve-des-greffiers-du-togo-effectif-depuis-ce-lundi\/","name":"Le mouvement de gr\u00e8ve des greffiers du Togo effectif depuis ce lundi - 228 News","isPartOf":{"@id":"https:\/\/228news.tg\/#website"},"primaryImageOfPage":{"@id":"https:\/\/228news.tg\/index.php\/2017\/05\/23\/le-mouvement-de-greve-des-greffiers-du-togo-effectif-depuis-ce-lundi\/#primaryimage"},"image":{"@id":"https:\/\/228news.tg\/index.php\/2017\/05\/23\/le-mouvement-de-greve-des-greffiers-du-togo-effectif-depuis-ce-lundi\/#primaryimage"},"thumbnailUrl":"https:\/\/228news.tg\/wp-content\/uploads\/2024\/09\/photo_2017-05-18_21-15-14.jpg","datePublished":"2017-05-23T00:00:00+00:00","breadcrumb":{"@id":"https:\/\/228news.tg\/index.php\/2017\/05\/23\/le-mouvement-de-greve-des-greffiers-du-togo-effectif-depuis-ce-lundi\/#breadcrumb"},"inLanguage":"fr-FR","potentialAction":[{"@type":"ReadAction","target":["https:\/\/228news.tg\/index.php\/2017\/05\/23\/le-mouvement-de-greve-des-greffiers-du-togo-effectif-depuis-ce-lundi\/"]}]},{"@type":"ImageObject","inLanguage":"fr-FR","@id":"https:\/\/228news.tg\/index.php\/2017\/05\/23\/le-mouvement-de-greve-des-greffiers-du-togo-effectif-depuis-ce-lundi\/#primaryimage","url":"https:\/\/228news.tg\/wp-content\/uploads\/2024\/09\/photo_2017-05-18_21-15-14.jpg","contentUrl":"https:\/\/228news.tg\/wp-content\/uploads\/2024\/09\/photo_2017-05-18_21-15-14.jpg","width":475,"height":340},{"@type":"BreadcrumbList","@id":"https:\/\/228news.tg\/index.php\/2017\/05\/23\/le-mouvement-de-greve-des-greffiers-du-togo-effectif-depuis-ce-lundi\/#breadcrumb","itemListElement":[{"@type":"ListItem","position":1,"name":"Home","item":"https:\/\/228news.tg\/"},{"@type":"ListItem","position":2,"name":"Le mouvement de gr\u00e8ve des greffiers du Togo effectif depuis ce lundi"}]},{"@type":"WebSite","@id":"https:\/\/228news.tg\/#website","url":"https:\/\/228news.tg\/","name":"228 News","description":"Soci\u00e9t\u00e9 de m\u00e9dias et d\u2019actualit\u00e9s","publisher":{"@id":"https:\/\/228news.tg\/#organization"},"potentialAction":[{"@type":"SearchAction","target":{"@type":"EntryPoint","urlTemplate":"https:\/\/228news.tg\/?s={search_term_string}"},"query-input":{"@type":"PropertyValueSpecification","valueRequired":true,"valueName":"search_term_string"}}],"inLanguage":"fr-FR"},{"@type":"Organization","@id":"https:\/\/228news.tg\/#organization","name":"228 News","url":"https:\/\/228news.tg\/","logo":{"@type":"ImageObject","inLanguage":"fr-FR","@id":"https:\/\/228news.tg\/#\/schema\/logo\/image\/","url":"https:\/\/228news.tg\/wp-content\/uploads\/2024\/09\/logonew.png","contentUrl":"https:\/\/228news.tg\/wp-content\/uploads\/2024\/09\/logonew.png","width":1640,"height":364,"caption":"228 News"},"image":{"@id":"https:\/\/228news.tg\/#\/schema\/logo\/image\/"}},{"@type":"Person","@id":"https:\/\/228news.tg\/#\/schema\/person\/68d5a6cc0230290e61235c8379523f52","name":"Bienvenu SAVI","image":{"@type":"ImageObject","inLanguage":"fr-FR","@id":"https:\/\/228news.tg\/#\/schema\/person\/image\/","url":"https:\/\/secure.gravatar.com\/avatar\/9db91895c559e510509c33a3e9683998458e9b828fac36d5d1aa23f0f2fd369b?s=96&d=mm&r=g","contentUrl":"https:\/\/secure.gravatar.com\/avatar\/9db91895c559e510509c33a3e9683998458e9b828fac36d5d1aa23f0f2fd369b?s=96&d=mm&r=g","caption":"Bienvenu SAVI"},"url":"https:\/\/228news.tg\/index.php\/author\/bienvenu\/"}]}},"jetpack_featured_media_url":"https:\/\/228news.tg\/wp-content\/uploads\/2024\/09\/photo_2017-05-18_21-15-14.jpg","_links":{"self":[{"href":"https:\/\/228news.tg\/index.php\/wp-json\/wp\/v2\/posts\/576","targetHints":{"allow":["GET"]}}],"collection":[{"href":"https:\/\/228news.tg\/index.php\/wp-json\/wp\/v2\/posts"}],"about":[{"href":"https:\/\/228news.tg\/index.php\/wp-json\/wp\/v2\/types\/post"}],"author":[{"embeddable":true,"href":"https:\/\/228news.tg\/index.php\/wp-json\/wp\/v2\/users\/2"}],"replies":[{"embeddable":true,"href":"https:\/\/228news.tg\/index.php\/wp-json\/wp\/v2\/comments?post=576"}],"version-history":[{"count":0,"href":"https:\/\/228news.tg\/index.php\/wp-json\/wp\/v2\/posts\/576\/revisions"}],"wp:featuredmedia":[{"embeddable":true,"href":"https:\/\/228news.tg\/index.php\/wp-json\/wp\/v2\/media\/553"}],"wp:attachment":[{"href":"https:\/\/228news.tg\/index.php\/wp-json\/wp\/v2\/media?parent=576"}],"wp:term":[{"taxonomy":"category","embeddable":true,"href":"https:\/\/228news.tg\/index.php\/wp-json\/wp\/v2\/categories?post=576"},{"taxonomy":"post_tag","embeddable":true,"href":"https:\/\/228news.tg\/index.php\/wp-json\/wp\/v2\/tags?post=576"}],"curies":[{"name":"wp","href":"https:\/\/api.w.org\/{rel}","templated":true}]}}