{"id":574,"date":"2017-05-23T00:00:00","date_gmt":"2017-05-23T00:00:00","guid":{"rendered":"https:\/\/228news.tg\/index.php\/2017\/05\/23\/convention-de-stockholm-sur-les-polluants-organiques-persistants-16-ans-deja-des-cadres-nationaux-formes\/"},"modified":"2017-05-23T00:00:00","modified_gmt":"2017-05-23T00:00:00","slug":"convention-de-stockholm-sur-les-polluants-organiques-persistants-16-ans-deja-des-cadres-nationaux-formes","status":"publish","type":"post","link":"https:\/\/228news.tg\/index.php\/2017\/05\/23\/convention-de-stockholm-sur-les-polluants-organiques-persistants-16-ans-deja-des-cadres-nationaux-formes\/","title":{"rendered":"Convention de Stockholm Sur les polluants organiques persistants, 16 ans d\u00e9j\u00e0\u00a0: des cadres nationaux form\u00e9s"},"content":{"rendered":"<p>La coordination nationale de la convention de Stockholm sur les Polluants Organiques Persistants (POPs) a tenu ce mardi 23 mai un atelier de formation \u00e0 l\u2019endroit d\u2019une trentaine d\u2019inspecteurs de l\u2019environnement, inspecteurs phytosanitaires, inspecteurs \u00e9conomique, police sanitaire et personnel de justice.<\/p>\n<p>Cette formation porte sur le cadre juridique national et international qui r\u00e9git les POPs, les impacts des POPs sur la sant\u00e9 et l\u2019environnement, de m\u00eame que les dispositions \u00e0 prendre contre le trafic illicite de ces POPs.<\/p>\n<p>Pour le directeur de l\u2019environnement, la formation de ces divers acteurs impliqu\u00e9s dans la chaine de valeur sur la gestion des POPs et la sensibilisation du grand public sur les dangers li\u00e9s \u00e0 la mauvaise manipulation des produits chimiques y compris les POPs, rev\u00eat une importance capitale.<\/p>\n<p>Il a lou\u00e9 les efforts du Togo au plans national et r\u00e9gional depuis la signature de la convention, telle la formation des experts en gestion d\u2019huiles us\u00e9es, de sites contamin\u00e9s par les POPs, des d\u00e9chets dangereux, la participation au prohjet r\u00e9gional de renforcement de capacit\u00e9s et d\u2019assistznce technique \u00e0 travers l\u2019Afrique de l\u2019ouest, l\u2019acquisition des \u00e9quipements de laboratoire pour la mise en \u0153uvre de l\u2019activit\u00e9 de formulation des pesticides botaniques, alternatives aux pesticides POPs. N\u00e9anmoins, \u00a0il a reconnu que des d\u00e9fis restent \u00e0 surmonter. Aussi ces genres de formations sont pr\u00e9cieux.<\/p>\n<p>Le coordonnateur national de la convention de Stockholm, M. Nadjo N\u2019Ladon Casimir, pour sa part a \u00e9mis le v\u0153u de voir \u00e0 la fin de cette journ\u00e9e des cadres nationaux form\u00e9s sur la nature des POPs, leur impact sur la sant\u00e9 et l\u2019environnement, les diff\u00e9rentes formes de leur reconnaissance sur le march\u00e9, un engagement fort des acteurs et surtout une prise de conscience sur la probl\u00e9matique des polluants.<\/p>\n<p>Adopt\u00e9e le 22 mai 2001 et ratifi\u00e9e par le Togo le 22 juillet 2004, la convention de Stockholm sur les POPs vise \u00e0 prot\u00e9ger la sant\u00e9 humaine et l\u2019environnement contre les effets n\u00e9fastes des POPs, qui sont des compos\u00e9s chimiques organochlor\u00e9s persistants et r\u00e9manents dans la nature, bio accumulatifs et toxiques pour les \u00eatres vivants.<\/p>\n<p><em>(Photo, photo de famille)<\/em><\/p>\n<p><strong>D\u00e9mocrate<\/strong><\/p>\n<p><strong>(00228) 91 85 40 14<br \/>\n98 60 67 68<br \/>\n<\/strong><a href=\"mailto:democrate2010@gmail.com\"><strong>democrate2010@gmail.com<\/strong><\/a><\/p>\n","protected":false},"excerpt":{"rendered":"<p>La coordination nationale de la convention de Stockholm sur les Polluants Organiques Persistants (POPs) a tenu ce mardi 23 mai un atelier de formation \u00e0 l\u2019endroit d\u2019une trentaine d\u2019inspecteurs de l\u2019environnement, inspecteurs phytosanitaires, inspecteurs \u00e9conomique, police sanitaire et personnel de justice. Cette formation porte sur le cadre juridique national et international qui r\u00e9git les POPs, &#8230; <a title=\"Convention de Stockholm Sur les polluants organiques persistants, 16 ans d\u00e9j\u00e0\u00a0: des cadres nationaux form\u00e9s\" class=\"read-more\" href=\"https:\/\/228news.tg\/index.php\/2017\/05\/23\/convention-de-stockholm-sur-les-polluants-organiques-persistants-16-ans-deja-des-cadres-nationaux-formes\/\" aria-label=\"En savoir plus sur Convention de Stockholm Sur les polluants organiques persistants, 16 ans d\u00e9j\u00e0\u00a0: des cadres nationaux form\u00e9s\">Lire la suite<\/a><\/p>\n","protected":false},"author":2,"featured_media":575,"comment_status":"open","ping_status":"open","sticky":false,"template":"","format":"standard","meta":{"footnotes":""},"categories":[28,2,27,25],"tags":[],"class_list":["post-574","post","type-post","status-publish","format-standard","has-post-thumbnail","hentry","category-education","category-nature","category-sante","category-togo"],"yoast_head":"<!-- This site is optimized with the Yoast SEO plugin v26.4 - https:\/\/yoast.com\/wordpress\/plugins\/seo\/ -->\n<title>Convention de Stockholm Sur les polluants organiques persistants, 16 ans d\u00e9j\u00e0\u00a0: des cadres nationaux form\u00e9s - 228 News<\/title>\n<meta name=\"robots\" content=\"index, follow, max-snippet:-1, max-image-preview:large, max-video-preview:-1\" \/>\n<link rel=\"canonical\" href=\"https:\/\/228news.tg\/index.php\/2017\/05\/23\/convention-de-stockholm-sur-les-polluants-organiques-persistants-16-ans-deja-des-cadres-nationaux-formes\/\" \/>\n<meta property=\"og:locale\" content=\"fr_FR\" \/>\n<meta property=\"og:type\" content=\"article\" \/>\n<meta property=\"og:title\" content=\"Convention de Stockholm Sur les polluants organiques persistants, 16 ans d\u00e9j\u00e0\u00a0: des cadres nationaux form\u00e9s - 228 News\" \/>\n<meta property=\"og:description\" content=\"La coordination nationale de la convention de Stockholm sur les Polluants Organiques Persistants (POPs) a tenu ce mardi 23 mai un atelier de formation \u00e0 l\u2019endroit d\u2019une trentaine d\u2019inspecteurs de l\u2019environnement, inspecteurs phytosanitaires, inspecteurs \u00e9conomique, police sanitaire et personnel de justice. Cette formation porte sur le cadre juridique national et international qui r\u00e9git les POPs, ... Lire la suite\" \/>\n<meta property=\"og:url\" content=\"https:\/\/228news.tg\/index.php\/2017\/05\/23\/convention-de-stockholm-sur-les-polluants-organiques-persistants-16-ans-deja-des-cadres-nationaux-formes\/\" \/>\n<meta property=\"og:site_name\" content=\"228 News\" \/>\n<meta property=\"article:published_time\" content=\"2017-05-23T00:00:00+00:00\" \/>\n<meta property=\"og:image\" content=\"https:\/\/228news.tg\/wp-content\/uploads\/2024\/09\/IMG_20170523_095838.jpg\" \/>\n\t<meta property=\"og:image:width\" content=\"2560\" \/>\n\t<meta property=\"og:image:height\" content=\"1920\" \/>\n\t<meta property=\"og:image:type\" content=\"image\/jpeg\" \/>\n<meta name=\"author\" content=\"Bienvenu SAVI\" \/>\n<meta name=\"twitter:card\" content=\"summary_large_image\" \/>\n<meta name=\"twitter:label1\" content=\"\u00c9crit par\" \/>\n\t<meta name=\"twitter:data1\" content=\"Bienvenu SAVI\" \/>\n\t<meta name=\"twitter:label2\" content=\"Dur\u00e9e de lecture estim\u00e9e\" \/>\n\t<meta name=\"twitter:data2\" content=\"2 minutes\" \/>\n<script type=\"application\/ld+json\" class=\"yoast-schema-graph\">{\"@context\":\"https:\/\/schema.org\",\"@graph\":[{\"@type\":\"Article\",\"@id\":\"https:\/\/228news.tg\/index.php\/2017\/05\/23\/convention-de-stockholm-sur-les-polluants-organiques-persistants-16-ans-deja-des-cadres-nationaux-formes\/#article\",\"isPartOf\":{\"@id\":\"https:\/\/228news.tg\/index.php\/2017\/05\/23\/convention-de-stockholm-sur-les-polluants-organiques-persistants-16-ans-deja-des-cadres-nationaux-formes\/\"},\"author\":{\"name\":\"Bienvenu SAVI\",\"@id\":\"https:\/\/228news.tg\/#\/schema\/person\/68d5a6cc0230290e61235c8379523f52\"},\"headline\":\"Convention de Stockholm Sur les polluants organiques persistants, 16 ans d\u00e9j\u00e0\u00a0: des cadres nationaux form\u00e9s\",\"datePublished\":\"2017-05-23T00:00:00+00:00\",\"mainEntityOfPage\":{\"@id\":\"https:\/\/228news.tg\/index.php\/2017\/05\/23\/convention-de-stockholm-sur-les-polluants-organiques-persistants-16-ans-deja-des-cadres-nationaux-formes\/\"},\"wordCount\":393,\"commentCount\":0,\"publisher\":{\"@id\":\"https:\/\/228news.tg\/#organization\"},\"image\":{\"@id\":\"https:\/\/228news.tg\/index.php\/2017\/05\/23\/convention-de-stockholm-sur-les-polluants-organiques-persistants-16-ans-deja-des-cadres-nationaux-formes\/#primaryimage\"},\"thumbnailUrl\":\"https:\/\/228news.tg\/wp-content\/uploads\/2024\/09\/IMG_20170523_095838.jpg\",\"articleSection\":[\"EDUCATION\",\"Nature\",\"Sant\u00e9\",\"TOGO\"],\"inLanguage\":\"fr-FR\",\"potentialAction\":[{\"@type\":\"CommentAction\",\"name\":\"Comment\",\"target\":[\"https:\/\/228news.tg\/index.php\/2017\/05\/23\/convention-de-stockholm-sur-les-polluants-organiques-persistants-16-ans-deja-des-cadres-nationaux-formes\/#respond\"]}]},{\"@type\":\"WebPage\",\"@id\":\"https:\/\/228news.tg\/index.php\/2017\/05\/23\/convention-de-stockholm-sur-les-polluants-organiques-persistants-16-ans-deja-des-cadres-nationaux-formes\/\",\"url\":\"https:\/\/228news.tg\/index.php\/2017\/05\/23\/convention-de-stockholm-sur-les-polluants-organiques-persistants-16-ans-deja-des-cadres-nationaux-formes\/\",\"name\":\"Convention de Stockholm Sur les polluants organiques persistants, 16 ans d\u00e9j\u00e0\u00a0: des cadres nationaux form\u00e9s - 228 News\",\"isPartOf\":{\"@id\":\"https:\/\/228news.tg\/#website\"},\"primaryImageOfPage\":{\"@id\":\"https:\/\/228news.tg\/index.php\/2017\/05\/23\/convention-de-stockholm-sur-les-polluants-organiques-persistants-16-ans-deja-des-cadres-nationaux-formes\/#primaryimage\"},\"image\":{\"@id\":\"https:\/\/228news.tg\/index.php\/2017\/05\/23\/convention-de-stockholm-sur-les-polluants-organiques-persistants-16-ans-deja-des-cadres-nationaux-formes\/#primaryimage\"},\"thumbnailUrl\":\"https:\/\/228news.tg\/wp-content\/uploads\/2024\/09\/IMG_20170523_095838.jpg\",\"datePublished\":\"2017-05-23T00:00:00+00:00\",\"breadcrumb\":{\"@id\":\"https:\/\/228news.tg\/index.php\/2017\/05\/23\/convention-de-stockholm-sur-les-polluants-organiques-persistants-16-ans-deja-des-cadres-nationaux-formes\/#breadcrumb\"},\"inLanguage\":\"fr-FR\",\"potentialAction\":[{\"@type\":\"ReadAction\",\"target\":[\"https:\/\/228news.tg\/index.php\/2017\/05\/23\/convention-de-stockholm-sur-les-polluants-organiques-persistants-16-ans-deja-des-cadres-nationaux-formes\/\"]}]},{\"@type\":\"ImageObject\",\"inLanguage\":\"fr-FR\",\"@id\":\"https:\/\/228news.tg\/index.php\/2017\/05\/23\/convention-de-stockholm-sur-les-polluants-organiques-persistants-16-ans-deja-des-cadres-nationaux-formes\/#primaryimage\",\"url\":\"https:\/\/228news.tg\/wp-content\/uploads\/2024\/09\/IMG_20170523_095838.jpg\",\"contentUrl\":\"https:\/\/228news.tg\/wp-content\/uploads\/2024\/09\/IMG_20170523_095838.jpg\",\"width\":2560,\"height\":1920},{\"@type\":\"BreadcrumbList\",\"@id\":\"https:\/\/228news.tg\/index.php\/2017\/05\/23\/convention-de-stockholm-sur-les-polluants-organiques-persistants-16-ans-deja-des-cadres-nationaux-formes\/#breadcrumb\",\"itemListElement\":[{\"@type\":\"ListItem\",\"position\":1,\"name\":\"Home\",\"item\":\"https:\/\/228news.tg\/\"},{\"@type\":\"ListItem\",\"position\":2,\"name\":\"Convention de Stockholm Sur les polluants organiques persistants, 16 ans d\u00e9j\u00e0\u00a0: des cadres nationaux form\u00e9s\"}]},{\"@type\":\"WebSite\",\"@id\":\"https:\/\/228news.tg\/#website\",\"url\":\"https:\/\/228news.tg\/\",\"name\":\"228 News\",\"description\":\"Soci\u00e9t\u00e9 de m\u00e9dias et d\u2019actualit\u00e9s\",\"publisher\":{\"@id\":\"https:\/\/228news.tg\/#organization\"},\"potentialAction\":[{\"@type\":\"SearchAction\",\"target\":{\"@type\":\"EntryPoint\",\"urlTemplate\":\"https:\/\/228news.tg\/?s={search_term_string}\"},\"query-input\":{\"@type\":\"PropertyValueSpecification\",\"valueRequired\":true,\"valueName\":\"search_term_string\"}}],\"inLanguage\":\"fr-FR\"},{\"@type\":\"Organization\",\"@id\":\"https:\/\/228news.tg\/#organization\",\"name\":\"228 News\",\"url\":\"https:\/\/228news.tg\/\",\"logo\":{\"@type\":\"ImageObject\",\"inLanguage\":\"fr-FR\",\"@id\":\"https:\/\/228news.tg\/#\/schema\/logo\/image\/\",\"url\":\"https:\/\/228news.tg\/wp-content\/uploads\/2024\/09\/logonew.png\",\"contentUrl\":\"https:\/\/228news.tg\/wp-content\/uploads\/2024\/09\/logonew.png\",\"width\":1640,\"height\":364,\"caption\":\"228 News\"},\"image\":{\"@id\":\"https:\/\/228news.tg\/#\/schema\/logo\/image\/\"}},{\"@type\":\"Person\",\"@id\":\"https:\/\/228news.tg\/#\/schema\/person\/68d5a6cc0230290e61235c8379523f52\",\"name\":\"Bienvenu SAVI\",\"image\":{\"@type\":\"ImageObject\",\"inLanguage\":\"fr-FR\",\"@id\":\"https:\/\/228news.tg\/#\/schema\/person\/image\/\",\"url\":\"https:\/\/secure.gravatar.com\/avatar\/9db91895c559e510509c33a3e9683998458e9b828fac36d5d1aa23f0f2fd369b?s=96&d=mm&r=g\",\"contentUrl\":\"https:\/\/secure.gravatar.com\/avatar\/9db91895c559e510509c33a3e9683998458e9b828fac36d5d1aa23f0f2fd369b?s=96&d=mm&r=g\",\"caption\":\"Bienvenu SAVI\"},\"url\":\"https:\/\/228news.tg\/index.php\/author\/bienvenu\/\"}]}<\/script>\n<!-- \/ Yoast SEO plugin. -->","yoast_head_json":{"title":"Convention de Stockholm Sur les polluants organiques persistants, 16 ans d\u00e9j\u00e0\u00a0: des cadres nationaux form\u00e9s - 228 News","robots":{"index":"index","follow":"follow","max-snippet":"max-snippet:-1","max-image-preview":"max-image-preview:large","max-video-preview":"max-video-preview:-1"},"canonical":"https:\/\/228news.tg\/index.php\/2017\/05\/23\/convention-de-stockholm-sur-les-polluants-organiques-persistants-16-ans-deja-des-cadres-nationaux-formes\/","og_locale":"fr_FR","og_type":"article","og_title":"Convention de Stockholm Sur les polluants organiques persistants, 16 ans d\u00e9j\u00e0\u00a0: des cadres nationaux form\u00e9s - 228 News","og_description":"La coordination nationale de la convention de Stockholm sur les Polluants Organiques Persistants (POPs) a tenu ce mardi 23 mai un atelier de formation \u00e0 l\u2019endroit d\u2019une trentaine d\u2019inspecteurs de l\u2019environnement, inspecteurs phytosanitaires, inspecteurs \u00e9conomique, police sanitaire et personnel de justice. Cette formation porte sur le cadre juridique national et international qui r\u00e9git les POPs, ... Lire la suite","og_url":"https:\/\/228news.tg\/index.php\/2017\/05\/23\/convention-de-stockholm-sur-les-polluants-organiques-persistants-16-ans-deja-des-cadres-nationaux-formes\/","og_site_name":"228 News","article_published_time":"2017-05-23T00:00:00+00:00","og_image":[{"width":2560,"height":1920,"url":"https:\/\/228news.tg\/wp-content\/uploads\/2024\/09\/IMG_20170523_095838.jpg","type":"image\/jpeg"}],"author":"Bienvenu SAVI","twitter_card":"summary_large_image","twitter_misc":{"\u00c9crit par":"Bienvenu SAVI","Dur\u00e9e de lecture estim\u00e9e":"2 minutes"},"schema":{"@context":"https:\/\/schema.org","@graph":[{"@type":"Article","@id":"https:\/\/228news.tg\/index.php\/2017\/05\/23\/convention-de-stockholm-sur-les-polluants-organiques-persistants-16-ans-deja-des-cadres-nationaux-formes\/#article","isPartOf":{"@id":"https:\/\/228news.tg\/index.php\/2017\/05\/23\/convention-de-stockholm-sur-les-polluants-organiques-persistants-16-ans-deja-des-cadres-nationaux-formes\/"},"author":{"name":"Bienvenu SAVI","@id":"https:\/\/228news.tg\/#\/schema\/person\/68d5a6cc0230290e61235c8379523f52"},"headline":"Convention de Stockholm Sur les polluants organiques persistants, 16 ans d\u00e9j\u00e0\u00a0: des cadres nationaux form\u00e9s","datePublished":"2017-05-23T00:00:00+00:00","mainEntityOfPage":{"@id":"https:\/\/228news.tg\/index.php\/2017\/05\/23\/convention-de-stockholm-sur-les-polluants-organiques-persistants-16-ans-deja-des-cadres-nationaux-formes\/"},"wordCount":393,"commentCount":0,"publisher":{"@id":"https:\/\/228news.tg\/#organization"},"image":{"@id":"https:\/\/228news.tg\/index.php\/2017\/05\/23\/convention-de-stockholm-sur-les-polluants-organiques-persistants-16-ans-deja-des-cadres-nationaux-formes\/#primaryimage"},"thumbnailUrl":"https:\/\/228news.tg\/wp-content\/uploads\/2024\/09\/IMG_20170523_095838.jpg","articleSection":["EDUCATION","Nature","Sant\u00e9","TOGO"],"inLanguage":"fr-FR","potentialAction":[{"@type":"CommentAction","name":"Comment","target":["https:\/\/228news.tg\/index.php\/2017\/05\/23\/convention-de-stockholm-sur-les-polluants-organiques-persistants-16-ans-deja-des-cadres-nationaux-formes\/#respond"]}]},{"@type":"WebPage","@id":"https:\/\/228news.tg\/index.php\/2017\/05\/23\/convention-de-stockholm-sur-les-polluants-organiques-persistants-16-ans-deja-des-cadres-nationaux-formes\/","url":"https:\/\/228news.tg\/index.php\/2017\/05\/23\/convention-de-stockholm-sur-les-polluants-organiques-persistants-16-ans-deja-des-cadres-nationaux-formes\/","name":"Convention de Stockholm Sur les polluants organiques persistants, 16 ans d\u00e9j\u00e0\u00a0: des cadres nationaux form\u00e9s - 228 News","isPartOf":{"@id":"https:\/\/228news.tg\/#website"},"primaryImageOfPage":{"@id":"https:\/\/228news.tg\/index.php\/2017\/05\/23\/convention-de-stockholm-sur-les-polluants-organiques-persistants-16-ans-deja-des-cadres-nationaux-formes\/#primaryimage"},"image":{"@id":"https:\/\/228news.tg\/index.php\/2017\/05\/23\/convention-de-stockholm-sur-les-polluants-organiques-persistants-16-ans-deja-des-cadres-nationaux-formes\/#primaryimage"},"thumbnailUrl":"https:\/\/228news.tg\/wp-content\/uploads\/2024\/09\/IMG_20170523_095838.jpg","datePublished":"2017-05-23T00:00:00+00:00","breadcrumb":{"@id":"https:\/\/228news.tg\/index.php\/2017\/05\/23\/convention-de-stockholm-sur-les-polluants-organiques-persistants-16-ans-deja-des-cadres-nationaux-formes\/#breadcrumb"},"inLanguage":"fr-FR","potentialAction":[{"@type":"ReadAction","target":["https:\/\/228news.tg\/index.php\/2017\/05\/23\/convention-de-stockholm-sur-les-polluants-organiques-persistants-16-ans-deja-des-cadres-nationaux-formes\/"]}]},{"@type":"ImageObject","inLanguage":"fr-FR","@id":"https:\/\/228news.tg\/index.php\/2017\/05\/23\/convention-de-stockholm-sur-les-polluants-organiques-persistants-16-ans-deja-des-cadres-nationaux-formes\/#primaryimage","url":"https:\/\/228news.tg\/wp-content\/uploads\/2024\/09\/IMG_20170523_095838.jpg","contentUrl":"https:\/\/228news.tg\/wp-content\/uploads\/2024\/09\/IMG_20170523_095838.jpg","width":2560,"height":1920},{"@type":"BreadcrumbList","@id":"https:\/\/228news.tg\/index.php\/2017\/05\/23\/convention-de-stockholm-sur-les-polluants-organiques-persistants-16-ans-deja-des-cadres-nationaux-formes\/#breadcrumb","itemListElement":[{"@type":"ListItem","position":1,"name":"Home","item":"https:\/\/228news.tg\/"},{"@type":"ListItem","position":2,"name":"Convention de Stockholm Sur les polluants organiques persistants, 16 ans d\u00e9j\u00e0\u00a0: des cadres nationaux form\u00e9s"}]},{"@type":"WebSite","@id":"https:\/\/228news.tg\/#website","url":"https:\/\/228news.tg\/","name":"228 News","description":"Soci\u00e9t\u00e9 de m\u00e9dias et d\u2019actualit\u00e9s","publisher":{"@id":"https:\/\/228news.tg\/#organization"},"potentialAction":[{"@type":"SearchAction","target":{"@type":"EntryPoint","urlTemplate":"https:\/\/228news.tg\/?s={search_term_string}"},"query-input":{"@type":"PropertyValueSpecification","valueRequired":true,"valueName":"search_term_string"}}],"inLanguage":"fr-FR"},{"@type":"Organization","@id":"https:\/\/228news.tg\/#organization","name":"228 News","url":"https:\/\/228news.tg\/","logo":{"@type":"ImageObject","inLanguage":"fr-FR","@id":"https:\/\/228news.tg\/#\/schema\/logo\/image\/","url":"https:\/\/228news.tg\/wp-content\/uploads\/2024\/09\/logonew.png","contentUrl":"https:\/\/228news.tg\/wp-content\/uploads\/2024\/09\/logonew.png","width":1640,"height":364,"caption":"228 News"},"image":{"@id":"https:\/\/228news.tg\/#\/schema\/logo\/image\/"}},{"@type":"Person","@id":"https:\/\/228news.tg\/#\/schema\/person\/68d5a6cc0230290e61235c8379523f52","name":"Bienvenu SAVI","image":{"@type":"ImageObject","inLanguage":"fr-FR","@id":"https:\/\/228news.tg\/#\/schema\/person\/image\/","url":"https:\/\/secure.gravatar.com\/avatar\/9db91895c559e510509c33a3e9683998458e9b828fac36d5d1aa23f0f2fd369b?s=96&d=mm&r=g","contentUrl":"https:\/\/secure.gravatar.com\/avatar\/9db91895c559e510509c33a3e9683998458e9b828fac36d5d1aa23f0f2fd369b?s=96&d=mm&r=g","caption":"Bienvenu SAVI"},"url":"https:\/\/228news.tg\/index.php\/author\/bienvenu\/"}]}},"jetpack_featured_media_url":"https:\/\/228news.tg\/wp-content\/uploads\/2024\/09\/IMG_20170523_095838.jpg","_links":{"self":[{"href":"https:\/\/228news.tg\/index.php\/wp-json\/wp\/v2\/posts\/574","targetHints":{"allow":["GET"]}}],"collection":[{"href":"https:\/\/228news.tg\/index.php\/wp-json\/wp\/v2\/posts"}],"about":[{"href":"https:\/\/228news.tg\/index.php\/wp-json\/wp\/v2\/types\/post"}],"author":[{"embeddable":true,"href":"https:\/\/228news.tg\/index.php\/wp-json\/wp\/v2\/users\/2"}],"replies":[{"embeddable":true,"href":"https:\/\/228news.tg\/index.php\/wp-json\/wp\/v2\/comments?post=574"}],"version-history":[{"count":0,"href":"https:\/\/228news.tg\/index.php\/wp-json\/wp\/v2\/posts\/574\/revisions"}],"wp:featuredmedia":[{"embeddable":true,"href":"https:\/\/228news.tg\/index.php\/wp-json\/wp\/v2\/media\/575"}],"wp:attachment":[{"href":"https:\/\/228news.tg\/index.php\/wp-json\/wp\/v2\/media?parent=574"}],"wp:term":[{"taxonomy":"category","embeddable":true,"href":"https:\/\/228news.tg\/index.php\/wp-json\/wp\/v2\/categories?post=574"},{"taxonomy":"post_tag","embeddable":true,"href":"https:\/\/228news.tg\/index.php\/wp-json\/wp\/v2\/tags?post=574"}],"curies":[{"name":"wp","href":"https:\/\/api.w.org\/{rel}","templated":true}]}}