{"id":570,"date":"2017-05-23T00:00:00","date_gmt":"2017-05-23T00:00:00","guid":{"rendered":"https:\/\/228news.tg\/index.php\/2017\/05\/23\/le-32eme-colloque-international-du-credaf-pour-une-administration-fiscale-efficace\/"},"modified":"2024-09-09T14:02:22","modified_gmt":"2024-09-09T14:02:22","slug":"le-32eme-colloque-international-du-credaf-pour-une-administration-fiscale-efficace","status":"publish","type":"post","link":"https:\/\/228news.tg\/index.php\/2017\/05\/23\/le-32eme-colloque-international-du-credaf-pour-une-administration-fiscale-efficace\/","title":{"rendered":"Le 32\u00e8me colloque international du CREDAF pour une administration fiscale efficace"},"content":{"rendered":"<p>Les travaux du 32<sup>\u00e8me<\/sup> colloque international du Centre R\u00e9gional d\u2019Etudes des Dirigeants et administrations fiscales (CREDAF), coupl\u00e9s des consultations r\u00e9gionales Banque Mondiale-France, ont \u00e9t\u00e9 ouverts ce lundi 22 mai \u00e0 Lom\u00e9 par le ministre de la planification et du d\u00e9veloppement Komi Assima\u00efdou, repr\u00e9sentant son coll\u00e8gue de l\u2019\u00e9conomie et des finances.<\/p>\n<p>Autour de \u00ab\u00a0la mobilisation des recettes fiscales\u00a0: quelles actions pour une administration fiscale efficace\u00a0?\u00a0\u00bb, ce colloque rassemble les premiers responsables des 30 pays membres du CREDAF et se poursuit jusqu\u2019au 24 mai prochain.<\/p>\n<p>Didier Cornillet, secr\u00e9taire g\u00e9n\u00e9ral du CREDAF trouve dans le choix de ce th\u00e8me un prolongement du programme d\u2019action d\u2019Addis-Abeba et des objectifs du d\u00e9veloppement durable adopt\u00e9s en 2015 par la communaut\u00e9 internationale.<\/p>\n<p>Pour le ministre Togolais en charge de la planification, ceci d\u00e9note m\u00eame de l\u2019importance accord\u00e9e aux performances des institutions fiscales dans les Etats membres dans un contexte international de crise g\u00e9n\u00e9ralis\u00e9e et de raret\u00e9 de ressources externes. La mobilisation des recettes domestiques parait donc la voie royale pour tout Etat soucieux de financer son d\u00e9veloppement.<\/p>\n<p>\u00ab\u00a0Il est admis que les ressources int\u00e9rieures deviennent la seule source p\u00e9renne capable d\u2019accompagner nos pays vers une croissance certaine et durable. A ce titre, le th\u00e8me retenu pour ce 32<sup>\u00e8me<\/sup> colloque constitue pour le gouvernement togolais une priorit\u00e9, car, les \u00e9changes entre administrations fiscales permettront de mutualiser vos exp\u00e9riences pour aller \u00e0 la d\u00e9couverte de nouvelles niches fiscales, gage d\u2019une justice et d\u2019une \u00e9quit\u00e9 fiscale\u00a0\u00bb, a \u2013t-il d\u00e9clar\u00e9 \u00e0 l\u2019ouverture du colloque.<img decoding=\"async\" class=\"size-medium wp-image-1182 alignright\" src=\"https:\/\/228news.tg\/wp-content\/uploads\/2024\/09\/credaf-300x119.jpg\" alt=\"\" width=\"300\" height=\"119\" \/><\/p>\n<p>Il s\u2019agit donc de r\u00e9pondre au besoin d\u2019accompagnement des pays membres dans leurs r\u00e9formes et le renforcement des capacit\u00e9s, l\u2019\u00e9change d\u2019exp\u00e9rience et la mutualisation des meilleures pratiques, ainsi que le d\u00e9veloppement de la coop\u00e9ration r\u00e9gionale et internationale.<\/p>\n<p>Rechercher les voies et moyens d\u2019am\u00e9liorer l\u2019efficacit\u00e9 des administrations fiscales eu \u00e9gard aux pr\u00e9occupations de l\u2019heure notamment la fiscalisation du secteur informel, la mobilisation fonci\u00e8re, l\u2019am\u00e9lioration des performances fiscale et action en recouvrement, guident les \u00e9changes, table ronde et ateliers suivi de restitution qui meuble ce 32<sup>\u00e8me<\/sup> colloque du CREDAF.<\/p>\n<p>Ad\u00e9dz\u00e9 Kodjo, commissaire g\u00e9n\u00e9ral par int\u00e9rim de l\u2019Office Togolais des Recettes, salue un cadre d\u2019union et de coop\u00e9ration entre les institutions de recettes. Il trouve dans ces assises une occasion de d\u00e9battre et d\u2019\u00e9changer sur les sujets et vives pr\u00e9occupations actuelles.<\/p>\n<p>Le 32<sup>\u00e8me<\/sup> colloque du CREDAF est par ailleurs \u00e9largi aux consultations r\u00e9gionales sur la mobilisation des ressources int\u00e9rieures publiques pour le financement du d\u00e9veloppement que la Banque Mondiale et le minist\u00e8re des affaires \u00e9trang\u00e8res et du d\u00e9veloppement international fran\u00e7ais organisent dans le cadre d\u2019une r\u00e9flexion strat\u00e9gique et la d\u00e9finition d\u2019actions futures en faveur des Etats membres du CREDAF. Ces consultations permettront de recueillir aupr\u00e8s de ces Etats, trois priorit\u00e9s nationales et une priorit\u00e9 r\u00e9gionale en vue de leur int\u00e9gration dans la programmation des axes de travail d\u2019assistance technique de la Banque Mondiale et agences de d\u00e9veloppement pour les prochaines ann\u00e9es.<\/p>\n<p>Cr\u00e9e en 1982 \u00e0 Yaound\u00e9 au Cameroun, le CREDAF est une association non gouvernementale \u00e0 but non lucratif qui organise des \u00e9changes d\u2019exp\u00e9riences entre les responsables des administrations fiscales des pays membres. Il r\u00e9unit \u00e0 ce jour 0 pays dont 24 en Afrique, 2 en Am\u00e9rique, 2 en Europe et 2 en Asie. Le Togo y assure actuellement la pr\u00e9sidence tournante.<\/p>\n<p><em>(table d&rsquo;honneur \u00e0 l&rsquo;ouverture du colloque )<\/em><\/p>\n<p><strong>D\u00e9mocrate<\/strong><\/p>\n<p><strong>(00228) 91 85 40 14<br \/>\n98 60 67 68<br \/>\n<\/strong><a href=\"mailto:democrate2010@gmail.com\"><strong>democrate2010@gmail.com<\/strong><\/a><\/p>\n","protected":false},"excerpt":{"rendered":"<p>Les travaux du 32\u00e8me colloque international du Centre R\u00e9gional d\u2019Etudes des Dirigeants et administrations fiscales (CREDAF), coupl\u00e9s des consultations r\u00e9gionales Banque Mondiale-France, ont \u00e9t\u00e9 ouverts ce lundi 22 mai \u00e0 Lom\u00e9 par le ministre de la planification et du d\u00e9veloppement Komi Assima\u00efdou, repr\u00e9sentant son coll\u00e8gue de l\u2019\u00e9conomie et des finances. Autour de \u00ab\u00a0la mobilisation des &#8230; <a title=\"Le 32\u00e8me colloque international du CREDAF pour une administration fiscale efficace\" class=\"read-more\" href=\"https:\/\/228news.tg\/index.php\/2017\/05\/23\/le-32eme-colloque-international-du-credaf-pour-une-administration-fiscale-efficace\/\" aria-label=\"En savoir plus sur Le 32\u00e8me colloque international du CREDAF pour une administration fiscale efficace\">Lire la suite<\/a><\/p>\n","protected":false},"author":2,"featured_media":573,"comment_status":"open","ping_status":"open","sticky":false,"template":"","format":"standard","meta":{"footnotes":""},"categories":[30,25],"tags":[],"class_list":["post-570","post","type-post","status-publish","format-standard","has-post-thumbnail","hentry","category-economie","category-togo"],"yoast_head":"<!-- This site is optimized with the Yoast SEO plugin v26.4 - https:\/\/yoast.com\/wordpress\/plugins\/seo\/ -->\n<title>Le 32\u00e8me colloque international du CREDAF pour une administration fiscale efficace - 228 News<\/title>\n<meta name=\"robots\" content=\"index, follow, max-snippet:-1, max-image-preview:large, max-video-preview:-1\" \/>\n<link rel=\"canonical\" href=\"https:\/\/228news.tg\/index.php\/2017\/05\/23\/le-32eme-colloque-international-du-credaf-pour-une-administration-fiscale-efficace\/\" \/>\n<meta property=\"og:locale\" content=\"fr_FR\" \/>\n<meta property=\"og:type\" content=\"article\" \/>\n<meta property=\"og:title\" content=\"Le 32\u00e8me colloque international du CREDAF pour une administration fiscale efficace - 228 News\" \/>\n<meta property=\"og:description\" content=\"Les travaux du 32\u00e8me colloque international du Centre R\u00e9gional d\u2019Etudes des Dirigeants et administrations fiscales (CREDAF), coupl\u00e9s des consultations r\u00e9gionales Banque Mondiale-France, ont \u00e9t\u00e9 ouverts ce lundi 22 mai \u00e0 Lom\u00e9 par le ministre de la planification et du d\u00e9veloppement Komi Assima\u00efdou, repr\u00e9sentant son coll\u00e8gue de l\u2019\u00e9conomie et des finances. Autour de \u00ab\u00a0la mobilisation des ... Lire la suite\" \/>\n<meta property=\"og:url\" content=\"https:\/\/228news.tg\/index.php\/2017\/05\/23\/le-32eme-colloque-international-du-credaf-pour-une-administration-fiscale-efficace\/\" \/>\n<meta property=\"og:site_name\" content=\"228 News\" \/>\n<meta property=\"article:published_time\" content=\"2017-05-23T00:00:00+00:00\" \/>\n<meta property=\"article:modified_time\" content=\"2024-09-09T14:02:22+00:00\" \/>\n<meta property=\"og:image\" content=\"https:\/\/228news.tg\/wp-content\/uploads\/2024\/09\/CREDAF-640x427-1.jpg\" \/>\n\t<meta property=\"og:image:width\" content=\"640\" \/>\n\t<meta property=\"og:image:height\" content=\"427\" \/>\n\t<meta property=\"og:image:type\" content=\"image\/jpeg\" \/>\n<meta name=\"author\" content=\"Bienvenu SAVI\" \/>\n<meta name=\"twitter:card\" content=\"summary_large_image\" \/>\n<meta name=\"twitter:label1\" content=\"\u00c9crit par\" \/>\n\t<meta name=\"twitter:data1\" content=\"Bienvenu SAVI\" \/>\n\t<meta name=\"twitter:label2\" content=\"Dur\u00e9e de lecture estim\u00e9e\" \/>\n\t<meta name=\"twitter:data2\" content=\"3 minutes\" \/>\n<script type=\"application\/ld+json\" class=\"yoast-schema-graph\">{\"@context\":\"https:\/\/schema.org\",\"@graph\":[{\"@type\":\"Article\",\"@id\":\"https:\/\/228news.tg\/index.php\/2017\/05\/23\/le-32eme-colloque-international-du-credaf-pour-une-administration-fiscale-efficace\/#article\",\"isPartOf\":{\"@id\":\"https:\/\/228news.tg\/index.php\/2017\/05\/23\/le-32eme-colloque-international-du-credaf-pour-une-administration-fiscale-efficace\/\"},\"author\":{\"name\":\"Bienvenu SAVI\",\"@id\":\"https:\/\/228news.tg\/#\/schema\/person\/68d5a6cc0230290e61235c8379523f52\"},\"headline\":\"Le 32\u00e8me colloque international du CREDAF pour une administration fiscale efficace\",\"datePublished\":\"2017-05-23T00:00:00+00:00\",\"dateModified\":\"2024-09-09T14:02:22+00:00\",\"mainEntityOfPage\":{\"@id\":\"https:\/\/228news.tg\/index.php\/2017\/05\/23\/le-32eme-colloque-international-du-credaf-pour-une-administration-fiscale-efficace\/\"},\"wordCount\":629,\"commentCount\":0,\"publisher\":{\"@id\":\"https:\/\/228news.tg\/#organization\"},\"image\":{\"@id\":\"https:\/\/228news.tg\/index.php\/2017\/05\/23\/le-32eme-colloque-international-du-credaf-pour-une-administration-fiscale-efficace\/#primaryimage\"},\"thumbnailUrl\":\"https:\/\/228news.tg\/wp-content\/uploads\/2024\/09\/CREDAF-640x427-1.jpg\",\"articleSection\":[\"ECONOMIE\",\"TOGO\"],\"inLanguage\":\"fr-FR\",\"potentialAction\":[{\"@type\":\"CommentAction\",\"name\":\"Comment\",\"target\":[\"https:\/\/228news.tg\/index.php\/2017\/05\/23\/le-32eme-colloque-international-du-credaf-pour-une-administration-fiscale-efficace\/#respond\"]}]},{\"@type\":\"WebPage\",\"@id\":\"https:\/\/228news.tg\/index.php\/2017\/05\/23\/le-32eme-colloque-international-du-credaf-pour-une-administration-fiscale-efficace\/\",\"url\":\"https:\/\/228news.tg\/index.php\/2017\/05\/23\/le-32eme-colloque-international-du-credaf-pour-une-administration-fiscale-efficace\/\",\"name\":\"Le 32\u00e8me colloque international du CREDAF pour une administration fiscale efficace - 228 News\",\"isPartOf\":{\"@id\":\"https:\/\/228news.tg\/#website\"},\"primaryImageOfPage\":{\"@id\":\"https:\/\/228news.tg\/index.php\/2017\/05\/23\/le-32eme-colloque-international-du-credaf-pour-une-administration-fiscale-efficace\/#primaryimage\"},\"image\":{\"@id\":\"https:\/\/228news.tg\/index.php\/2017\/05\/23\/le-32eme-colloque-international-du-credaf-pour-une-administration-fiscale-efficace\/#primaryimage\"},\"thumbnailUrl\":\"https:\/\/228news.tg\/wp-content\/uploads\/2024\/09\/CREDAF-640x427-1.jpg\",\"datePublished\":\"2017-05-23T00:00:00+00:00\",\"dateModified\":\"2024-09-09T14:02:22+00:00\",\"breadcrumb\":{\"@id\":\"https:\/\/228news.tg\/index.php\/2017\/05\/23\/le-32eme-colloque-international-du-credaf-pour-une-administration-fiscale-efficace\/#breadcrumb\"},\"inLanguage\":\"fr-FR\",\"potentialAction\":[{\"@type\":\"ReadAction\",\"target\":[\"https:\/\/228news.tg\/index.php\/2017\/05\/23\/le-32eme-colloque-international-du-credaf-pour-une-administration-fiscale-efficace\/\"]}]},{\"@type\":\"ImageObject\",\"inLanguage\":\"fr-FR\",\"@id\":\"https:\/\/228news.tg\/index.php\/2017\/05\/23\/le-32eme-colloque-international-du-credaf-pour-une-administration-fiscale-efficace\/#primaryimage\",\"url\":\"https:\/\/228news.tg\/wp-content\/uploads\/2024\/09\/CREDAF-640x427-1.jpg\",\"contentUrl\":\"https:\/\/228news.tg\/wp-content\/uploads\/2024\/09\/CREDAF-640x427-1.jpg\",\"width\":640,\"height\":427},{\"@type\":\"BreadcrumbList\",\"@id\":\"https:\/\/228news.tg\/index.php\/2017\/05\/23\/le-32eme-colloque-international-du-credaf-pour-une-administration-fiscale-efficace\/#breadcrumb\",\"itemListElement\":[{\"@type\":\"ListItem\",\"position\":1,\"name\":\"Home\",\"item\":\"https:\/\/228news.tg\/\"},{\"@type\":\"ListItem\",\"position\":2,\"name\":\"Le 32\u00e8me colloque international du CREDAF pour une administration fiscale efficace\"}]},{\"@type\":\"WebSite\",\"@id\":\"https:\/\/228news.tg\/#website\",\"url\":\"https:\/\/228news.tg\/\",\"name\":\"228 News\",\"description\":\"Soci\u00e9t\u00e9 de m\u00e9dias et d\u2019actualit\u00e9s\",\"publisher\":{\"@id\":\"https:\/\/228news.tg\/#organization\"},\"potentialAction\":[{\"@type\":\"SearchAction\",\"target\":{\"@type\":\"EntryPoint\",\"urlTemplate\":\"https:\/\/228news.tg\/?s={search_term_string}\"},\"query-input\":{\"@type\":\"PropertyValueSpecification\",\"valueRequired\":true,\"valueName\":\"search_term_string\"}}],\"inLanguage\":\"fr-FR\"},{\"@type\":\"Organization\",\"@id\":\"https:\/\/228news.tg\/#organization\",\"name\":\"228 News\",\"url\":\"https:\/\/228news.tg\/\",\"logo\":{\"@type\":\"ImageObject\",\"inLanguage\":\"fr-FR\",\"@id\":\"https:\/\/228news.tg\/#\/schema\/logo\/image\/\",\"url\":\"https:\/\/228news.tg\/wp-content\/uploads\/2024\/09\/logonew.png\",\"contentUrl\":\"https:\/\/228news.tg\/wp-content\/uploads\/2024\/09\/logonew.png\",\"width\":1640,\"height\":364,\"caption\":\"228 News\"},\"image\":{\"@id\":\"https:\/\/228news.tg\/#\/schema\/logo\/image\/\"}},{\"@type\":\"Person\",\"@id\":\"https:\/\/228news.tg\/#\/schema\/person\/68d5a6cc0230290e61235c8379523f52\",\"name\":\"Bienvenu SAVI\",\"image\":{\"@type\":\"ImageObject\",\"inLanguage\":\"fr-FR\",\"@id\":\"https:\/\/228news.tg\/#\/schema\/person\/image\/\",\"url\":\"https:\/\/secure.gravatar.com\/avatar\/9db91895c559e510509c33a3e9683998458e9b828fac36d5d1aa23f0f2fd369b?s=96&d=mm&r=g\",\"contentUrl\":\"https:\/\/secure.gravatar.com\/avatar\/9db91895c559e510509c33a3e9683998458e9b828fac36d5d1aa23f0f2fd369b?s=96&d=mm&r=g\",\"caption\":\"Bienvenu SAVI\"},\"url\":\"https:\/\/228news.tg\/index.php\/author\/bienvenu\/\"}]}<\/script>\n<!-- \/ Yoast SEO plugin. -->","yoast_head_json":{"title":"Le 32\u00e8me colloque international du CREDAF pour une administration fiscale efficace - 228 News","robots":{"index":"index","follow":"follow","max-snippet":"max-snippet:-1","max-image-preview":"max-image-preview:large","max-video-preview":"max-video-preview:-1"},"canonical":"https:\/\/228news.tg\/index.php\/2017\/05\/23\/le-32eme-colloque-international-du-credaf-pour-une-administration-fiscale-efficace\/","og_locale":"fr_FR","og_type":"article","og_title":"Le 32\u00e8me colloque international du CREDAF pour une administration fiscale efficace - 228 News","og_description":"Les travaux du 32\u00e8me colloque international du Centre R\u00e9gional d\u2019Etudes des Dirigeants et administrations fiscales (CREDAF), coupl\u00e9s des consultations r\u00e9gionales Banque Mondiale-France, ont \u00e9t\u00e9 ouverts ce lundi 22 mai \u00e0 Lom\u00e9 par le ministre de la planification et du d\u00e9veloppement Komi Assima\u00efdou, repr\u00e9sentant son coll\u00e8gue de l\u2019\u00e9conomie et des finances. Autour de \u00ab\u00a0la mobilisation des ... Lire la suite","og_url":"https:\/\/228news.tg\/index.php\/2017\/05\/23\/le-32eme-colloque-international-du-credaf-pour-une-administration-fiscale-efficace\/","og_site_name":"228 News","article_published_time":"2017-05-23T00:00:00+00:00","article_modified_time":"2024-09-09T14:02:22+00:00","og_image":[{"width":640,"height":427,"url":"https:\/\/228news.tg\/wp-content\/uploads\/2024\/09\/CREDAF-640x427-1.jpg","type":"image\/jpeg"}],"author":"Bienvenu SAVI","twitter_card":"summary_large_image","twitter_misc":{"\u00c9crit par":"Bienvenu SAVI","Dur\u00e9e de lecture estim\u00e9e":"3 minutes"},"schema":{"@context":"https:\/\/schema.org","@graph":[{"@type":"Article","@id":"https:\/\/228news.tg\/index.php\/2017\/05\/23\/le-32eme-colloque-international-du-credaf-pour-une-administration-fiscale-efficace\/#article","isPartOf":{"@id":"https:\/\/228news.tg\/index.php\/2017\/05\/23\/le-32eme-colloque-international-du-credaf-pour-une-administration-fiscale-efficace\/"},"author":{"name":"Bienvenu SAVI","@id":"https:\/\/228news.tg\/#\/schema\/person\/68d5a6cc0230290e61235c8379523f52"},"headline":"Le 32\u00e8me colloque international du CREDAF pour une administration fiscale efficace","datePublished":"2017-05-23T00:00:00+00:00","dateModified":"2024-09-09T14:02:22+00:00","mainEntityOfPage":{"@id":"https:\/\/228news.tg\/index.php\/2017\/05\/23\/le-32eme-colloque-international-du-credaf-pour-une-administration-fiscale-efficace\/"},"wordCount":629,"commentCount":0,"publisher":{"@id":"https:\/\/228news.tg\/#organization"},"image":{"@id":"https:\/\/228news.tg\/index.php\/2017\/05\/23\/le-32eme-colloque-international-du-credaf-pour-une-administration-fiscale-efficace\/#primaryimage"},"thumbnailUrl":"https:\/\/228news.tg\/wp-content\/uploads\/2024\/09\/CREDAF-640x427-1.jpg","articleSection":["ECONOMIE","TOGO"],"inLanguage":"fr-FR","potentialAction":[{"@type":"CommentAction","name":"Comment","target":["https:\/\/228news.tg\/index.php\/2017\/05\/23\/le-32eme-colloque-international-du-credaf-pour-une-administration-fiscale-efficace\/#respond"]}]},{"@type":"WebPage","@id":"https:\/\/228news.tg\/index.php\/2017\/05\/23\/le-32eme-colloque-international-du-credaf-pour-une-administration-fiscale-efficace\/","url":"https:\/\/228news.tg\/index.php\/2017\/05\/23\/le-32eme-colloque-international-du-credaf-pour-une-administration-fiscale-efficace\/","name":"Le 32\u00e8me colloque international du CREDAF pour une administration fiscale efficace - 228 News","isPartOf":{"@id":"https:\/\/228news.tg\/#website"},"primaryImageOfPage":{"@id":"https:\/\/228news.tg\/index.php\/2017\/05\/23\/le-32eme-colloque-international-du-credaf-pour-une-administration-fiscale-efficace\/#primaryimage"},"image":{"@id":"https:\/\/228news.tg\/index.php\/2017\/05\/23\/le-32eme-colloque-international-du-credaf-pour-une-administration-fiscale-efficace\/#primaryimage"},"thumbnailUrl":"https:\/\/228news.tg\/wp-content\/uploads\/2024\/09\/CREDAF-640x427-1.jpg","datePublished":"2017-05-23T00:00:00+00:00","dateModified":"2024-09-09T14:02:22+00:00","breadcrumb":{"@id":"https:\/\/228news.tg\/index.php\/2017\/05\/23\/le-32eme-colloque-international-du-credaf-pour-une-administration-fiscale-efficace\/#breadcrumb"},"inLanguage":"fr-FR","potentialAction":[{"@type":"ReadAction","target":["https:\/\/228news.tg\/index.php\/2017\/05\/23\/le-32eme-colloque-international-du-credaf-pour-une-administration-fiscale-efficace\/"]}]},{"@type":"ImageObject","inLanguage":"fr-FR","@id":"https:\/\/228news.tg\/index.php\/2017\/05\/23\/le-32eme-colloque-international-du-credaf-pour-une-administration-fiscale-efficace\/#primaryimage","url":"https:\/\/228news.tg\/wp-content\/uploads\/2024\/09\/CREDAF-640x427-1.jpg","contentUrl":"https:\/\/228news.tg\/wp-content\/uploads\/2024\/09\/CREDAF-640x427-1.jpg","width":640,"height":427},{"@type":"BreadcrumbList","@id":"https:\/\/228news.tg\/index.php\/2017\/05\/23\/le-32eme-colloque-international-du-credaf-pour-une-administration-fiscale-efficace\/#breadcrumb","itemListElement":[{"@type":"ListItem","position":1,"name":"Home","item":"https:\/\/228news.tg\/"},{"@type":"ListItem","position":2,"name":"Le 32\u00e8me colloque international du CREDAF pour une administration fiscale efficace"}]},{"@type":"WebSite","@id":"https:\/\/228news.tg\/#website","url":"https:\/\/228news.tg\/","name":"228 News","description":"Soci\u00e9t\u00e9 de m\u00e9dias et d\u2019actualit\u00e9s","publisher":{"@id":"https:\/\/228news.tg\/#organization"},"potentialAction":[{"@type":"SearchAction","target":{"@type":"EntryPoint","urlTemplate":"https:\/\/228news.tg\/?s={search_term_string}"},"query-input":{"@type":"PropertyValueSpecification","valueRequired":true,"valueName":"search_term_string"}}],"inLanguage":"fr-FR"},{"@type":"Organization","@id":"https:\/\/228news.tg\/#organization","name":"228 News","url":"https:\/\/228news.tg\/","logo":{"@type":"ImageObject","inLanguage":"fr-FR","@id":"https:\/\/228news.tg\/#\/schema\/logo\/image\/","url":"https:\/\/228news.tg\/wp-content\/uploads\/2024\/09\/logonew.png","contentUrl":"https:\/\/228news.tg\/wp-content\/uploads\/2024\/09\/logonew.png","width":1640,"height":364,"caption":"228 News"},"image":{"@id":"https:\/\/228news.tg\/#\/schema\/logo\/image\/"}},{"@type":"Person","@id":"https:\/\/228news.tg\/#\/schema\/person\/68d5a6cc0230290e61235c8379523f52","name":"Bienvenu SAVI","image":{"@type":"ImageObject","inLanguage":"fr-FR","@id":"https:\/\/228news.tg\/#\/schema\/person\/image\/","url":"https:\/\/secure.gravatar.com\/avatar\/9db91895c559e510509c33a3e9683998458e9b828fac36d5d1aa23f0f2fd369b?s=96&d=mm&r=g","contentUrl":"https:\/\/secure.gravatar.com\/avatar\/9db91895c559e510509c33a3e9683998458e9b828fac36d5d1aa23f0f2fd369b?s=96&d=mm&r=g","caption":"Bienvenu SAVI"},"url":"https:\/\/228news.tg\/index.php\/author\/bienvenu\/"}]}},"jetpack_featured_media_url":"https:\/\/228news.tg\/wp-content\/uploads\/2024\/09\/CREDAF-640x427-1.jpg","_links":{"self":[{"href":"https:\/\/228news.tg\/index.php\/wp-json\/wp\/v2\/posts\/570","targetHints":{"allow":["GET"]}}],"collection":[{"href":"https:\/\/228news.tg\/index.php\/wp-json\/wp\/v2\/posts"}],"about":[{"href":"https:\/\/228news.tg\/index.php\/wp-json\/wp\/v2\/types\/post"}],"author":[{"embeddable":true,"href":"https:\/\/228news.tg\/index.php\/wp-json\/wp\/v2\/users\/2"}],"replies":[{"embeddable":true,"href":"https:\/\/228news.tg\/index.php\/wp-json\/wp\/v2\/comments?post=570"}],"version-history":[{"count":1,"href":"https:\/\/228news.tg\/index.php\/wp-json\/wp\/v2\/posts\/570\/revisions"}],"predecessor-version":[{"id":572,"href":"https:\/\/228news.tg\/index.php\/wp-json\/wp\/v2\/posts\/570\/revisions\/572"}],"wp:featuredmedia":[{"embeddable":true,"href":"https:\/\/228news.tg\/index.php\/wp-json\/wp\/v2\/media\/573"}],"wp:attachment":[{"href":"https:\/\/228news.tg\/index.php\/wp-json\/wp\/v2\/media?parent=570"}],"wp:term":[{"taxonomy":"category","embeddable":true,"href":"https:\/\/228news.tg\/index.php\/wp-json\/wp\/v2\/categories?post=570"},{"taxonomy":"post_tag","embeddable":true,"href":"https:\/\/228news.tg\/index.php\/wp-json\/wp\/v2\/tags?post=570"}],"curies":[{"name":"wp","href":"https:\/\/api.w.org\/{rel}","templated":true}]}}