{"id":3125,"date":"2020-07-08T00:00:00","date_gmt":"2020-07-08T00:00:00","guid":{"rendered":"https:\/\/228news.tg\/index.php\/2020\/07\/08\/togo-eglises-catholiques-liste-des-paroisses-autorisees-a-rouvrir-sur-le-plan-national\/"},"modified":"2020-07-08T00:00:00","modified_gmt":"2020-07-08T00:00:00","slug":"togo-eglises-catholiques-liste-des-paroisses-autorisees-a-rouvrir-sur-le-plan-national","status":"publish","type":"post","link":"https:\/\/228news.tg\/index.php\/2020\/07\/08\/togo-eglises-catholiques-liste-des-paroisses-autorisees-a-rouvrir-sur-le-plan-national\/","title":{"rendered":"TOGO\/ \u00c9glises catholiques : liste des paroisses, autoris\u00e9es \u00e0 rouvrir sur le plan national."},"content":{"rendered":"\n<p>La conf\u00e9rence \u00e9piscopale vient de rendre publique la liste des paroisses autoris\u00e9es \u00e0 dire les messes avec bien s\u00fbr l&rsquo;observation stricte des mesures barri\u00e8res. Cette liste fait suite \u00e0 la r\u00e9union intervenue ce mardi 7 juillet 2020,  entre le ministre de l&rsquo;administration territoriale de la d\u00e9centralisation et des collectivit\u00e9s locales et les responsables religieux. La liste des lieux de culte qui seront partiellement rouverts sont d\u00e9taill\u00e9s comme suit dans les 7 dioc\u00e8ses ( DAPAONG, KARA, SOKODE, ATAKPAME, KPALIM\u00c9, LOM\u00c9, ANEHO) du Togo.<\/p>\n\n\n\n<p>LISTE DES PAROISSES DE LA PREMIERE ETAPE D&rsquo;OUVERTURE DES LIEUX DE<br>\nCULTES<\/p>\n\n\n\n<p>DIOCESE DE DAPAONG<\/p>\n\n\n\n<ol class=\"wp-block-list\"><li>PREFECTURE DE TONE : VILLE DE DAPAONG<\/li><li>Cath\u00e9drale saint Charles Lwanga,<\/li><li>Sainte Monique de Kombonloaga,<\/li><li>Bon Pasteur de Natibagou,<\/li><li>Saint Paul de Nassable,<\/li><li>Saint Jean-Baptiste de Lotogou.\n<ol><li>PREFECTURE DE CINKASSE :<\/li><\/ol><\/li><li>Notre Dame de l&rsquo;Assomption de Cinkass\u00e9,<\/li><li>Sainte Maria Goretti de Biankouri,<\/li><li>Christ Roi de Nadjoundi.\n<ol><li>PREFECTURE DE TANDJOARE :<\/li><\/ol><\/li><li>Notre Dame de la Paix de Bombouaka,<\/li><li>Sainte Odile de Bogou ;<\/li><li>Saints Martyrs de l&rsquo;Ouganda de Barkoissi.<\/li><\/ol>\n\n\n\n<p>IV. PREFECTURE DE KPENDJAL :<\/p>\n\n\n\n<ol class=\"wp-block-list\"><li>Saint Marc de Mandouri,<\/li><li>Saint Michel Archange de Borgou,<\/li><li>Saint Pierre et Paul de Kpapri.\nPREFECTURE DE KPENDJAL OUEST :<\/li><li>Saint Fran\u00e7ois d&rsquo;Assise de Kpana,<\/li><li>Saint Jean Paul II de Namoundjoaga, 3. Communaut\u00e9 chr\u00e9tienne de Naki-Ouest.<\/li><\/ol>\n\n\n\n<p>VI. PREFECTURE DE L&rsquo;OTI :<\/p>\n\n\n\n<ol class=\"wp-block-list\"><li>Saints Pierre et Paul de Mango,<\/li><li>Saint Arnold Jensen de Sadori,<\/li><li>Koumongoukan.<\/li><\/ol>\n\n\n\n<p>VII. PREFECTURE DE L&rsquo;OTI SUD.<\/p>\n\n\n\n<ol class=\"wp-block-list\"><li>Sacr\u00e9-C\u0153ur de J\u00e9sus de Gando,<\/li><li>Saint Fran\u00e7ois d&rsquo;Assise de Takpamba,<\/li><li>Communaut\u00e9 de Sagbiebou.<\/li><\/ol>\n\n\n\n<p>DIOCESE DE KARA<\/p>\n\n\n\n<ol class=\"wp-block-list\"><li>KARA VILLE EPISCOPALE l Cath\u00e9drale SS. Pierre et Paul de Kara,<\/li><li>Sainte Famille de Kara-Dongoyo, 3 Christ Sauveur de Kara-Tomd\u00e8, 4 Bon Pasteur de Kara-Tchaloud\u00e8<br>\n5   Saint Jean Bosco de Kara-Sud.<\/li><li>PREFECTURE DE DOUFELGOU l<\/li><li>Notre Dame de Fatima de Niamtougou,<\/li><li>Immacul\u00e9e Conception de Siou<\/li><li>Saint Paul de Kadjalla.<\/li><li>PREFECTURE DE LA BINAH<\/li><li>Sainte Maria Goretti de Pagouda,<\/li><li>Croix Glorieuse de K\u00e9tao, 3 Saint Augustin de Sollah.<\/li><\/ol>\n\n\n\n<p>IV.    PREFECTURE DE BASSAR <\/p>\n\n\n\n<ol class=\"wp-block-list\"><li>Saint Martin de Bassar,<\/li><li>Sainte Th\u00e9r\u00e8se de l&rsquo;Enfant J\u00e9sus de Kabou,<\/li><li>Saint Eloi de Bitchab\u00e9.<\/li><\/ol>\n\n\n\n<p>V.    PREFECTURE DE DANKPEN <\/p>\n\n\n\n<ol class=\"wp-block-list\"><li>Notre Dame de Lourdes de Guerin-Kouka,<\/li><li>Saint Kisito de Kpatchil\u00e9.<\/li><\/ol>\n\n\n\n<p>VI.    PREFECTURE DE LA KERAN <\/p>\n\n\n\n<ol class=\"wp-block-list\"><li>Saint Joseph de Kand\u00e9,<\/li><li>Sainte Claire de M&rsquo;Boratchika<\/li><li>Saint Laurent de Nadoba 2<\/li><\/ol>\n\n\n\n<p>DIOCESE DE SOKODE<\/p>\n\n\n\n<ol class=\"wp-block-list\"><li>SOKODE-VILLE EPISCOPALE<\/li><li>Sainte Th\u00e9r\u00e8se de l&rsquo;Enfant J\u00e9sus, Cath\u00e9drale-Tchawanda<\/li><li>Christ Lumi\u00e8re du Monde, Kpangalam<\/li><li>Notre dame de l&rsquo;Assomption, Komah<\/li><li>Saint Fran\u00e7ois d&rsquo; Assise, Akamad\u00e8<\/li><li>Notre Dame de la Visitation, Kulund\u00e8\n<ol><li>TCHAOUDJO<\/li><\/ol><\/li><li>Notre Dame de Lourde, Lama-Tessi<\/li><li>Saint L\u00e9on XIII, Kolowar\u00e9<\/li><li>TCHAMBA<\/li><li>Saint Antoine de Padoue, Tchamba<\/li><li>Saint Joseph Ouvrier, Kaboli 3. Saint Jean-Baptiste, Affem-Kaby\u00e8<\/li><\/ol>\n\n\n\n<p>IV. SOTOUBOUA<\/p>\n\n\n\n<ol class=\"wp-block-list\"><li>Saint Fran\u00e7ois-Xavier, Sotouboua<\/li><li>Saint Joseph Artisan, Adjengr\u00e9<\/li><li>Saint Albert le Grand, Tch\u00e9b\u00e9b\u00e9<\/li><\/ol>\n\n\n\n<p>v.    ASSOLI<\/p>\n\n\n\n<ol class=\"wp-block-list\"><li>Saint Andr\u00e9, Al\u00e9djo<\/li><li>Immacul\u00e9e Conception, Al\u00e9h\u00e9rid\u00e8<\/li><li>Saint Thomas, Bafilo<\/li><\/ol>\n\n\n\n<p>VI. MO<\/p>\n\n\n\n<p>I. Ascension du Seigneur, Tindjasse<\/p>\n\n\n\n<p>DIOCESE D&rsquo;ATAKPAME<\/p>\n\n\n\n<ol class=\"wp-block-list\"><li>VILLE EPISCOPALE (PREFECTURE DE L&rsquo;OGOU)<\/li><li>Paroisse Cath\u00e9drale NDT\/ Atakpam\u00e9<\/li><li>Paroisse Sainte Famille \/ Atakpam\u00e9<\/li><li>Paroisse Saint Jean Paul II \/ Atakpam\u00e9<\/li><li>Paroisse Sancta Maria Virgo Potens \/ Atakpam\u00e9<\/li><li>Paroisse Notre Dame des 7 douleurs de Gl\u00e9i\n<ol><li>PREFECTURE DE L&rsquo;ANIE<\/li><\/ol><\/li><li>Paroisse Sainte Th\u00e9r\u00e8se de l&rsquo;Enfant J\u00e9sus \/Ani\u00e9<\/li><li>Paroisse Saint Michel de Kpassa Kop\u00e9 \/ Ani\u00e9<\/li><li>Paroisse Immacul\u00e9e Conception de Nyamassila<\/li><li>PREFECTURE DE L&rsquo;EST-MONO<\/li><li>Paroisse Notre Dame des Afflig\u00e9s d&rsquo;Elavagnon<\/li><li>Paroisse J\u00e9sus Bon Pasteur de Mor\u00e9tan<\/li><li>(Paroisse )Saint Michel de Langabou<\/li><\/ol>\n\n\n\n<p>IV. PREFECTURE D&rsquo;AMOU<\/p>\n\n\n\n<ol class=\"wp-block-list\"><li>Paroisse Sacr\u00e9 Coeur de J\u00e9sus de Hih\u00e9atro<\/li><li>Paroisse Saint Augustin d&rsquo;Agadji<\/li><li>Paroisse Saint Michel d&rsquo;Amou Oblo<\/li><\/ol>\n\n\n\n<p>v.    PREFECTURE DE WAWA<\/p>\n\n\n\n<ol class=\"wp-block-list\"><li>Paroisse St Fran\u00e7ois Xavier de Badou<\/li><li>Paroisse Saint Ulrich de Zogb\u00e9gan<\/li><li>Paroisse Saint Paul de Gbadi N&rsquo;Kunya<\/li><\/ol>\n\n\n\n<p>VI. PREFECTURE DE L&rsquo;AKEBOU<\/p>\n\n\n\n<ol class=\"wp-block-list\"><li>Paroisse Saints Pierre et Paul de Kougnohou<\/li><li>Paroisse Saint Michel de Djon et Kotora<\/li><li>Paroisse Notre Dame de la Paix de S\u00e9r\u00e9gb\u00e9n\u00e9<\/li><\/ol>\n\n\n\n<p>VII. PREFECTURE DE BLITTA<\/p>\n\n\n\n<ol class=\"wp-block-list\"><li>Paroisse Notre Dame du Rosaire de Blitta<\/li><li>Paroisse Saint Joseph Ouvrier de Pagala<\/li><li>Paroisse Saint Jean Baptiste de Y\u00e9gu\u00e9<br>\n4<\/li><\/ol>\n\n\n\n<p>DIOCESE DE KPALIME<\/p>\n\n\n\n<ol class=\"wp-block-list\"><li>VILLE DE KPALIME<\/li><li>Cath\u00e9drale Saint Esprit, Kpalim\u00e9<\/li><li>Immacul\u00e9e Conception, Tsihinou<\/li><li>Christ-Roi, Atakpam\u00e9kondzi<\/li><li>Sacr\u00e9 C\u0153ur, Dzodzekondzi<\/li><li>St Jean Baptiste, Kpogandzi\n<ol><li>PREFECTURE D&rsquo;AGOU<\/li><\/ol><\/li><li>St Pierre Claver, Agou<\/li><li>Masnuti, Amouzoukop\u00e9<\/li><li>St Joseph, Kati<\/li><li>PREFECTURE DE KPELE- AKATA<\/li><li>St Rapha\u00ebl, Ad\u00e9ta<\/li><li>St Etienne, Goud\u00e9v\u00e9<\/li><li>St Joseph, Agbanon.<\/li><\/ol>\n\n\n\n<p>IV. PREFECTURE DE NOTSE<\/p>\n\n\n\n<ol class=\"wp-block-list\"><li>Ss Pierre et Paul, Nots\u00e9<\/li><li>Ste Th\u00e9r\u00e8se de l&rsquo;Enfant-J\u00e9sus, T\u00e9gb\u00e9<\/li><li>Notre Dame de l&rsquo;Assomption, Wahala\nv.  PREFECTURE DE DANYI<\/li><li>St Michel, Danyi Ap\u00e9y\u00e9m\u00e9 2. Ss Martyrs de l&rsquo;Ouganda, Danyi Elavanyo 3. St Joseph, Danyi Kudzravi<\/li><\/ol>\n\n\n\n<p>VI. PREFECTURE DE MOYEN-MONO<\/p>\n\n\n\n<ol class=\"wp-block-list\"><li>Notre Dame du Mono, Tohoun<\/li><li>Ste Th\u00e9r\u00e8se de l&rsquo;Enfant-J\u00e9sus, Assrama<\/li><li>Christ-Roi, Tado<\/li><\/ol>\n\n\n\n<p>ARCHIDIOCESE DE LOME<\/p>\n\n\n\n<ol class=\"wp-block-list\"><li>VILLE EPISCOPALE DE LOME : 5 PAROISSES<\/li><li>Cath\u00e9drale du Sacr\u00e9 C\u0153ur<\/li><li>Saint Augustin d&rsquo;Amoutiv\u00e9<\/li><li>Immacul\u00e9e Conception de Nyekonakpoe<\/li><li>Sacr\u00e9 C\u0153ur Junior de Tokoin<\/li><li>Notre Dame du Liban.<\/li><li>PREFECTURE DU GOLFE : 9 PAROISSES<\/li><li>Saint Antoine de Padoue de Hanoukop\u00e9<\/li><li>Cristo Risorto de Hedzranawoe<\/li><li>Saints Martyrs de l&rsquo; Uganda, Tokoin S\u00e9minaire<\/li><li>Universitaire Saint Jean Ap\u00f4tre<\/li><li>Maria Auxiliadora de Gb\u00e9nyedzi<\/li><li>Sainte Lucie de Baguida<\/li><li>Sainte Th\u00e9r\u00e8se de l&rsquo;Enfant J\u00e9sus d&rsquo;Adamavo<\/li><li>Saint Antoine de Padoue d&rsquo;Adakpam\u00e9<\/li><li>Saint Joseph d&rsquo;Avepozo<\/li><li>PREFECTURE D&rsquo;AGOENYIVE : 7 PAROISSES<\/li><li>Marie Theotokos, Ago\u00e8 Nyiv\u00e9<\/li><li>J\u00e9sus Bon Pasteur, Assiy\u00e9y\u00e9<\/li><li>Notre-Dame sous- la-Croix, Agbalepedo<\/li><li>Notre-Dame-de-la-R\u00e9demption, Klikam\u00e9<\/li><li>Sainte Croix de Sanguera<\/li><li>Marie M\u00e8re du R\u00e9dempteur d&rsquo;Adidogome 7. Communaut\u00e9 Christ Roi d&rsquo; Adetikope<br>\nIV. PREFECTURE DU Zlo : 3 PAROISSES<\/li><li>Saint Jean Ap\u00f4tre de Ts\u00e9vi\u00e9<\/li><li>Sainte Famille d&rsquo;Agb\u00e9louv\u00e9<\/li><li>Saint Antoine de Padoue de Gape-Centre<\/li><\/ol>\n\n\n\n<p>V. PREFECTURE DE L&rsquo;AVE : 3 PAROISSES<\/p>\n\n\n\n<ol class=\"wp-block-list\"><li>Notre Dame de l&rsquo;Assomption d&rsquo;Assahoun<\/li><li>Saints Pierre et Paul de Noepe<\/li><li>Saint Boniface de Kovi\u00e9<\/li><\/ol>\n\n\n\n<p>DIOCESE D&rsquo;ANEHO<\/p>\n\n\n\n<ol class=\"wp-block-list\"><li>LA VILLE EPISCOPALE<\/li><li>Cath\u00e9drale Ss Pierre et Paul, An\u00e9ho 2. SS Martyrs de l&rsquo;Ouganda, Kp\u00e9m\u00e9<\/li><li>Notre Dame de l&rsquo;Esp\u00e9rance, Kpogan<\/li><li>Saint Matthieu, Gbodiome<\/li><li>Sacr\u00e9-C\u0153ur, Adjido<\/li><li>PREFECTURE DES LACS<\/li><li>Ste Famille, Agoegan<\/li><li>Sainte Croix, Agbata<\/li><li>St Michel-Archange, Aklakou<\/li><li>PREFECTURE DE VO<\/li><li>St Ferdinand, Vogan<\/li><li>St Esprit, Togoville<\/li><li>St Joseph l&rsquo;artisan, Hahotoe<\/li><\/ol>\n\n\n\n<p>IV. PREFECTURE DE BAS MONO<\/p>\n\n\n\n<ol class=\"wp-block-list\"><li>Notre Dame du Perp\u00e9tuel secours, Afagnan<\/li><li>Immacul\u00e9e Conception, Attitogon<\/li><li>Ste Famille, Dzrekpo-Centre<\/li><\/ol>\n\n\n\n<p>V. PREFECTURE DE YOTO<\/p>\n\n\n\n<ol class=\"wp-block-list\"><li>Christ-Roi, Kouv\u00e9<\/li><li>St Esprit, Tabligbo<\/li><li>St Michel Archange, Tch\u00e9kpo<\/li><\/ol>\n\n\n\n<p><em>Alexandre<\/em><\/p>\n","protected":false},"excerpt":{"rendered":"<p>La conf\u00e9rence \u00e9piscopale vient de rendre publique la liste des paroisses autoris\u00e9es \u00e0 dire les messes avec bien s\u00fbr l&rsquo;observation stricte des mesures barri\u00e8res. Cette liste fait suite \u00e0 la r\u00e9union intervenue ce mardi 7 juillet 2020, entre le ministre de l&rsquo;administration territoriale de la d\u00e9centralisation et des collectivit\u00e9s locales et les responsables religieux. La &#8230; <a title=\"TOGO\/ \u00c9glises catholiques : liste des paroisses, autoris\u00e9es \u00e0 rouvrir sur le plan national.\" class=\"read-more\" href=\"https:\/\/228news.tg\/index.php\/2020\/07\/08\/togo-eglises-catholiques-liste-des-paroisses-autorisees-a-rouvrir-sur-le-plan-national\/\" aria-label=\"En savoir plus sur TOGO\/ \u00c9glises catholiques : liste des paroisses, autoris\u00e9es \u00e0 rouvrir sur le plan national.\">Lire la suite<\/a><\/p>\n","protected":false},"author":2,"featured_media":2585,"comment_status":"open","ping_status":"open","sticky":false,"template":"","format":"standard","meta":{"footnotes":""},"categories":[25],"tags":[],"class_list":["post-3125","post","type-post","status-publish","format-standard","has-post-thumbnail","hentry","category-togo"],"yoast_head":"<!-- This site is optimized with the Yoast SEO plugin v26.4 - https:\/\/yoast.com\/wordpress\/plugins\/seo\/ -->\n<title>TOGO\/ \u00c9glises catholiques : liste des paroisses, autoris\u00e9es \u00e0 rouvrir sur le plan national. - 228 News<\/title>\n<meta name=\"robots\" content=\"index, follow, max-snippet:-1, max-image-preview:large, max-video-preview:-1\" \/>\n<link rel=\"canonical\" href=\"https:\/\/228news.tg\/index.php\/2020\/07\/08\/togo-eglises-catholiques-liste-des-paroisses-autorisees-a-rouvrir-sur-le-plan-national\/\" \/>\n<meta property=\"og:locale\" content=\"fr_FR\" \/>\n<meta property=\"og:type\" content=\"article\" \/>\n<meta property=\"og:title\" content=\"TOGO\/ \u00c9glises catholiques : liste des paroisses, autoris\u00e9es \u00e0 rouvrir sur le plan national. - 228 News\" \/>\n<meta property=\"og:description\" content=\"La conf\u00e9rence \u00e9piscopale vient de rendre publique la liste des paroisses autoris\u00e9es \u00e0 dire les messes avec bien s\u00fbr l&rsquo;observation stricte des mesures barri\u00e8res. Cette liste fait suite \u00e0 la r\u00e9union intervenue ce mardi 7 juillet 2020, entre le ministre de l&rsquo;administration territoriale de la d\u00e9centralisation et des collectivit\u00e9s locales et les responsables religieux. La ... Lire la suite\" \/>\n<meta property=\"og:url\" content=\"https:\/\/228news.tg\/index.php\/2020\/07\/08\/togo-eglises-catholiques-liste-des-paroisses-autorisees-a-rouvrir-sur-le-plan-national\/\" \/>\n<meta property=\"og:site_name\" content=\"228 News\" \/>\n<meta property=\"article:published_time\" content=\"2020-07-08T00:00:00+00:00\" \/>\n<meta property=\"og:image\" content=\"https:\/\/228news.tg\/wp-content\/uploads\/2024\/09\/WhatsApp-Image-2019-11-23-at-9.38.02-AM.jpeg\" \/>\n\t<meta property=\"og:image:width\" content=\"750\" \/>\n\t<meta property=\"og:image:height\" content=\"450\" \/>\n\t<meta property=\"og:image:type\" content=\"image\/jpeg\" \/>\n<meta name=\"author\" content=\"Bienvenu SAVI\" \/>\n<meta name=\"twitter:card\" content=\"summary_large_image\" \/>\n<meta name=\"twitter:label1\" content=\"\u00c9crit par\" \/>\n\t<meta name=\"twitter:data1\" content=\"Bienvenu SAVI\" \/>\n\t<meta name=\"twitter:label2\" content=\"Dur\u00e9e de lecture estim\u00e9e\" \/>\n\t<meta name=\"twitter:data2\" content=\"5 minutes\" \/>\n<script type=\"application\/ld+json\" class=\"yoast-schema-graph\">{\"@context\":\"https:\/\/schema.org\",\"@graph\":[{\"@type\":\"Article\",\"@id\":\"https:\/\/228news.tg\/index.php\/2020\/07\/08\/togo-eglises-catholiques-liste-des-paroisses-autorisees-a-rouvrir-sur-le-plan-national\/#article\",\"isPartOf\":{\"@id\":\"https:\/\/228news.tg\/index.php\/2020\/07\/08\/togo-eglises-catholiques-liste-des-paroisses-autorisees-a-rouvrir-sur-le-plan-national\/\"},\"author\":{\"name\":\"Bienvenu SAVI\",\"@id\":\"https:\/\/228news.tg\/#\/schema\/person\/68d5a6cc0230290e61235c8379523f52\"},\"headline\":\"TOGO\/ \u00c9glises catholiques : liste des paroisses, autoris\u00e9es \u00e0 rouvrir sur le plan national.\",\"datePublished\":\"2020-07-08T00:00:00+00:00\",\"mainEntityOfPage\":{\"@id\":\"https:\/\/228news.tg\/index.php\/2020\/07\/08\/togo-eglises-catholiques-liste-des-paroisses-autorisees-a-rouvrir-sur-le-plan-national\/\"},\"wordCount\":1075,\"commentCount\":0,\"publisher\":{\"@id\":\"https:\/\/228news.tg\/#organization\"},\"image\":{\"@id\":\"https:\/\/228news.tg\/index.php\/2020\/07\/08\/togo-eglises-catholiques-liste-des-paroisses-autorisees-a-rouvrir-sur-le-plan-national\/#primaryimage\"},\"thumbnailUrl\":\"https:\/\/228news.tg\/wp-content\/uploads\/2024\/09\/WhatsApp-Image-2019-11-23-at-9.38.02-AM.jpeg\",\"articleSection\":[\"TOGO\"],\"inLanguage\":\"fr-FR\",\"potentialAction\":[{\"@type\":\"CommentAction\",\"name\":\"Comment\",\"target\":[\"https:\/\/228news.tg\/index.php\/2020\/07\/08\/togo-eglises-catholiques-liste-des-paroisses-autorisees-a-rouvrir-sur-le-plan-national\/#respond\"]}]},{\"@type\":\"WebPage\",\"@id\":\"https:\/\/228news.tg\/index.php\/2020\/07\/08\/togo-eglises-catholiques-liste-des-paroisses-autorisees-a-rouvrir-sur-le-plan-national\/\",\"url\":\"https:\/\/228news.tg\/index.php\/2020\/07\/08\/togo-eglises-catholiques-liste-des-paroisses-autorisees-a-rouvrir-sur-le-plan-national\/\",\"name\":\"TOGO\/ \u00c9glises catholiques : liste des paroisses, autoris\u00e9es \u00e0 rouvrir sur le plan national. - 228 News\",\"isPartOf\":{\"@id\":\"https:\/\/228news.tg\/#website\"},\"primaryImageOfPage\":{\"@id\":\"https:\/\/228news.tg\/index.php\/2020\/07\/08\/togo-eglises-catholiques-liste-des-paroisses-autorisees-a-rouvrir-sur-le-plan-national\/#primaryimage\"},\"image\":{\"@id\":\"https:\/\/228news.tg\/index.php\/2020\/07\/08\/togo-eglises-catholiques-liste-des-paroisses-autorisees-a-rouvrir-sur-le-plan-national\/#primaryimage\"},\"thumbnailUrl\":\"https:\/\/228news.tg\/wp-content\/uploads\/2024\/09\/WhatsApp-Image-2019-11-23-at-9.38.02-AM.jpeg\",\"datePublished\":\"2020-07-08T00:00:00+00:00\",\"breadcrumb\":{\"@id\":\"https:\/\/228news.tg\/index.php\/2020\/07\/08\/togo-eglises-catholiques-liste-des-paroisses-autorisees-a-rouvrir-sur-le-plan-national\/#breadcrumb\"},\"inLanguage\":\"fr-FR\",\"potentialAction\":[{\"@type\":\"ReadAction\",\"target\":[\"https:\/\/228news.tg\/index.php\/2020\/07\/08\/togo-eglises-catholiques-liste-des-paroisses-autorisees-a-rouvrir-sur-le-plan-national\/\"]}]},{\"@type\":\"ImageObject\",\"inLanguage\":\"fr-FR\",\"@id\":\"https:\/\/228news.tg\/index.php\/2020\/07\/08\/togo-eglises-catholiques-liste-des-paroisses-autorisees-a-rouvrir-sur-le-plan-national\/#primaryimage\",\"url\":\"https:\/\/228news.tg\/wp-content\/uploads\/2024\/09\/WhatsApp-Image-2019-11-23-at-9.38.02-AM.jpeg\",\"contentUrl\":\"https:\/\/228news.tg\/wp-content\/uploads\/2024\/09\/WhatsApp-Image-2019-11-23-at-9.38.02-AM.jpeg\",\"width\":750,\"height\":450},{\"@type\":\"BreadcrumbList\",\"@id\":\"https:\/\/228news.tg\/index.php\/2020\/07\/08\/togo-eglises-catholiques-liste-des-paroisses-autorisees-a-rouvrir-sur-le-plan-national\/#breadcrumb\",\"itemListElement\":[{\"@type\":\"ListItem\",\"position\":1,\"name\":\"Home\",\"item\":\"https:\/\/228news.tg\/\"},{\"@type\":\"ListItem\",\"position\":2,\"name\":\"TOGO\/ \u00c9glises catholiques : liste des paroisses, autoris\u00e9es \u00e0 rouvrir sur le plan national.\"}]},{\"@type\":\"WebSite\",\"@id\":\"https:\/\/228news.tg\/#website\",\"url\":\"https:\/\/228news.tg\/\",\"name\":\"228 News\",\"description\":\"Soci\u00e9t\u00e9 de m\u00e9dias et d\u2019actualit\u00e9s\",\"publisher\":{\"@id\":\"https:\/\/228news.tg\/#organization\"},\"potentialAction\":[{\"@type\":\"SearchAction\",\"target\":{\"@type\":\"EntryPoint\",\"urlTemplate\":\"https:\/\/228news.tg\/?s={search_term_string}\"},\"query-input\":{\"@type\":\"PropertyValueSpecification\",\"valueRequired\":true,\"valueName\":\"search_term_string\"}}],\"inLanguage\":\"fr-FR\"},{\"@type\":\"Organization\",\"@id\":\"https:\/\/228news.tg\/#organization\",\"name\":\"228 News\",\"url\":\"https:\/\/228news.tg\/\",\"logo\":{\"@type\":\"ImageObject\",\"inLanguage\":\"fr-FR\",\"@id\":\"https:\/\/228news.tg\/#\/schema\/logo\/image\/\",\"url\":\"https:\/\/228news.tg\/wp-content\/uploads\/2024\/09\/logonew.png\",\"contentUrl\":\"https:\/\/228news.tg\/wp-content\/uploads\/2024\/09\/logonew.png\",\"width\":1640,\"height\":364,\"caption\":\"228 News\"},\"image\":{\"@id\":\"https:\/\/228news.tg\/#\/schema\/logo\/image\/\"}},{\"@type\":\"Person\",\"@id\":\"https:\/\/228news.tg\/#\/schema\/person\/68d5a6cc0230290e61235c8379523f52\",\"name\":\"Bienvenu SAVI\",\"image\":{\"@type\":\"ImageObject\",\"inLanguage\":\"fr-FR\",\"@id\":\"https:\/\/228news.tg\/#\/schema\/person\/image\/\",\"url\":\"https:\/\/secure.gravatar.com\/avatar\/9db91895c559e510509c33a3e9683998458e9b828fac36d5d1aa23f0f2fd369b?s=96&d=mm&r=g\",\"contentUrl\":\"https:\/\/secure.gravatar.com\/avatar\/9db91895c559e510509c33a3e9683998458e9b828fac36d5d1aa23f0f2fd369b?s=96&d=mm&r=g\",\"caption\":\"Bienvenu SAVI\"},\"url\":\"https:\/\/228news.tg\/index.php\/author\/bienvenu\/\"}]}<\/script>\n<!-- \/ Yoast SEO plugin. -->","yoast_head_json":{"title":"TOGO\/ \u00c9glises catholiques : liste des paroisses, autoris\u00e9es \u00e0 rouvrir sur le plan national. - 228 News","robots":{"index":"index","follow":"follow","max-snippet":"max-snippet:-1","max-image-preview":"max-image-preview:large","max-video-preview":"max-video-preview:-1"},"canonical":"https:\/\/228news.tg\/index.php\/2020\/07\/08\/togo-eglises-catholiques-liste-des-paroisses-autorisees-a-rouvrir-sur-le-plan-national\/","og_locale":"fr_FR","og_type":"article","og_title":"TOGO\/ \u00c9glises catholiques : liste des paroisses, autoris\u00e9es \u00e0 rouvrir sur le plan national. - 228 News","og_description":"La conf\u00e9rence \u00e9piscopale vient de rendre publique la liste des paroisses autoris\u00e9es \u00e0 dire les messes avec bien s\u00fbr l&rsquo;observation stricte des mesures barri\u00e8res. Cette liste fait suite \u00e0 la r\u00e9union intervenue ce mardi 7 juillet 2020, entre le ministre de l&rsquo;administration territoriale de la d\u00e9centralisation et des collectivit\u00e9s locales et les responsables religieux. La ... Lire la suite","og_url":"https:\/\/228news.tg\/index.php\/2020\/07\/08\/togo-eglises-catholiques-liste-des-paroisses-autorisees-a-rouvrir-sur-le-plan-national\/","og_site_name":"228 News","article_published_time":"2020-07-08T00:00:00+00:00","og_image":[{"width":750,"height":450,"url":"https:\/\/228news.tg\/wp-content\/uploads\/2024\/09\/WhatsApp-Image-2019-11-23-at-9.38.02-AM.jpeg","type":"image\/jpeg"}],"author":"Bienvenu SAVI","twitter_card":"summary_large_image","twitter_misc":{"\u00c9crit par":"Bienvenu SAVI","Dur\u00e9e de lecture estim\u00e9e":"5 minutes"},"schema":{"@context":"https:\/\/schema.org","@graph":[{"@type":"Article","@id":"https:\/\/228news.tg\/index.php\/2020\/07\/08\/togo-eglises-catholiques-liste-des-paroisses-autorisees-a-rouvrir-sur-le-plan-national\/#article","isPartOf":{"@id":"https:\/\/228news.tg\/index.php\/2020\/07\/08\/togo-eglises-catholiques-liste-des-paroisses-autorisees-a-rouvrir-sur-le-plan-national\/"},"author":{"name":"Bienvenu SAVI","@id":"https:\/\/228news.tg\/#\/schema\/person\/68d5a6cc0230290e61235c8379523f52"},"headline":"TOGO\/ \u00c9glises catholiques : liste des paroisses, autoris\u00e9es \u00e0 rouvrir sur le plan national.","datePublished":"2020-07-08T00:00:00+00:00","mainEntityOfPage":{"@id":"https:\/\/228news.tg\/index.php\/2020\/07\/08\/togo-eglises-catholiques-liste-des-paroisses-autorisees-a-rouvrir-sur-le-plan-national\/"},"wordCount":1075,"commentCount":0,"publisher":{"@id":"https:\/\/228news.tg\/#organization"},"image":{"@id":"https:\/\/228news.tg\/index.php\/2020\/07\/08\/togo-eglises-catholiques-liste-des-paroisses-autorisees-a-rouvrir-sur-le-plan-national\/#primaryimage"},"thumbnailUrl":"https:\/\/228news.tg\/wp-content\/uploads\/2024\/09\/WhatsApp-Image-2019-11-23-at-9.38.02-AM.jpeg","articleSection":["TOGO"],"inLanguage":"fr-FR","potentialAction":[{"@type":"CommentAction","name":"Comment","target":["https:\/\/228news.tg\/index.php\/2020\/07\/08\/togo-eglises-catholiques-liste-des-paroisses-autorisees-a-rouvrir-sur-le-plan-national\/#respond"]}]},{"@type":"WebPage","@id":"https:\/\/228news.tg\/index.php\/2020\/07\/08\/togo-eglises-catholiques-liste-des-paroisses-autorisees-a-rouvrir-sur-le-plan-national\/","url":"https:\/\/228news.tg\/index.php\/2020\/07\/08\/togo-eglises-catholiques-liste-des-paroisses-autorisees-a-rouvrir-sur-le-plan-national\/","name":"TOGO\/ \u00c9glises catholiques : liste des paroisses, autoris\u00e9es \u00e0 rouvrir sur le plan national. - 228 News","isPartOf":{"@id":"https:\/\/228news.tg\/#website"},"primaryImageOfPage":{"@id":"https:\/\/228news.tg\/index.php\/2020\/07\/08\/togo-eglises-catholiques-liste-des-paroisses-autorisees-a-rouvrir-sur-le-plan-national\/#primaryimage"},"image":{"@id":"https:\/\/228news.tg\/index.php\/2020\/07\/08\/togo-eglises-catholiques-liste-des-paroisses-autorisees-a-rouvrir-sur-le-plan-national\/#primaryimage"},"thumbnailUrl":"https:\/\/228news.tg\/wp-content\/uploads\/2024\/09\/WhatsApp-Image-2019-11-23-at-9.38.02-AM.jpeg","datePublished":"2020-07-08T00:00:00+00:00","breadcrumb":{"@id":"https:\/\/228news.tg\/index.php\/2020\/07\/08\/togo-eglises-catholiques-liste-des-paroisses-autorisees-a-rouvrir-sur-le-plan-national\/#breadcrumb"},"inLanguage":"fr-FR","potentialAction":[{"@type":"ReadAction","target":["https:\/\/228news.tg\/index.php\/2020\/07\/08\/togo-eglises-catholiques-liste-des-paroisses-autorisees-a-rouvrir-sur-le-plan-national\/"]}]},{"@type":"ImageObject","inLanguage":"fr-FR","@id":"https:\/\/228news.tg\/index.php\/2020\/07\/08\/togo-eglises-catholiques-liste-des-paroisses-autorisees-a-rouvrir-sur-le-plan-national\/#primaryimage","url":"https:\/\/228news.tg\/wp-content\/uploads\/2024\/09\/WhatsApp-Image-2019-11-23-at-9.38.02-AM.jpeg","contentUrl":"https:\/\/228news.tg\/wp-content\/uploads\/2024\/09\/WhatsApp-Image-2019-11-23-at-9.38.02-AM.jpeg","width":750,"height":450},{"@type":"BreadcrumbList","@id":"https:\/\/228news.tg\/index.php\/2020\/07\/08\/togo-eglises-catholiques-liste-des-paroisses-autorisees-a-rouvrir-sur-le-plan-national\/#breadcrumb","itemListElement":[{"@type":"ListItem","position":1,"name":"Home","item":"https:\/\/228news.tg\/"},{"@type":"ListItem","position":2,"name":"TOGO\/ \u00c9glises catholiques : liste des paroisses, autoris\u00e9es \u00e0 rouvrir sur le plan national."}]},{"@type":"WebSite","@id":"https:\/\/228news.tg\/#website","url":"https:\/\/228news.tg\/","name":"228 News","description":"Soci\u00e9t\u00e9 de m\u00e9dias et d\u2019actualit\u00e9s","publisher":{"@id":"https:\/\/228news.tg\/#organization"},"potentialAction":[{"@type":"SearchAction","target":{"@type":"EntryPoint","urlTemplate":"https:\/\/228news.tg\/?s={search_term_string}"},"query-input":{"@type":"PropertyValueSpecification","valueRequired":true,"valueName":"search_term_string"}}],"inLanguage":"fr-FR"},{"@type":"Organization","@id":"https:\/\/228news.tg\/#organization","name":"228 News","url":"https:\/\/228news.tg\/","logo":{"@type":"ImageObject","inLanguage":"fr-FR","@id":"https:\/\/228news.tg\/#\/schema\/logo\/image\/","url":"https:\/\/228news.tg\/wp-content\/uploads\/2024\/09\/logonew.png","contentUrl":"https:\/\/228news.tg\/wp-content\/uploads\/2024\/09\/logonew.png","width":1640,"height":364,"caption":"228 News"},"image":{"@id":"https:\/\/228news.tg\/#\/schema\/logo\/image\/"}},{"@type":"Person","@id":"https:\/\/228news.tg\/#\/schema\/person\/68d5a6cc0230290e61235c8379523f52","name":"Bienvenu SAVI","image":{"@type":"ImageObject","inLanguage":"fr-FR","@id":"https:\/\/228news.tg\/#\/schema\/person\/image\/","url":"https:\/\/secure.gravatar.com\/avatar\/9db91895c559e510509c33a3e9683998458e9b828fac36d5d1aa23f0f2fd369b?s=96&d=mm&r=g","contentUrl":"https:\/\/secure.gravatar.com\/avatar\/9db91895c559e510509c33a3e9683998458e9b828fac36d5d1aa23f0f2fd369b?s=96&d=mm&r=g","caption":"Bienvenu SAVI"},"url":"https:\/\/228news.tg\/index.php\/author\/bienvenu\/"}]}},"jetpack_featured_media_url":"https:\/\/228news.tg\/wp-content\/uploads\/2024\/09\/WhatsApp-Image-2019-11-23-at-9.38.02-AM.jpeg","_links":{"self":[{"href":"https:\/\/228news.tg\/index.php\/wp-json\/wp\/v2\/posts\/3125","targetHints":{"allow":["GET"]}}],"collection":[{"href":"https:\/\/228news.tg\/index.php\/wp-json\/wp\/v2\/posts"}],"about":[{"href":"https:\/\/228news.tg\/index.php\/wp-json\/wp\/v2\/types\/post"}],"author":[{"embeddable":true,"href":"https:\/\/228news.tg\/index.php\/wp-json\/wp\/v2\/users\/2"}],"replies":[{"embeddable":true,"href":"https:\/\/228news.tg\/index.php\/wp-json\/wp\/v2\/comments?post=3125"}],"version-history":[{"count":0,"href":"https:\/\/228news.tg\/index.php\/wp-json\/wp\/v2\/posts\/3125\/revisions"}],"wp:featuredmedia":[{"embeddable":true,"href":"https:\/\/228news.tg\/index.php\/wp-json\/wp\/v2\/media\/2585"}],"wp:attachment":[{"href":"https:\/\/228news.tg\/index.php\/wp-json\/wp\/v2\/media?parent=3125"}],"wp:term":[{"taxonomy":"category","embeddable":true,"href":"https:\/\/228news.tg\/index.php\/wp-json\/wp\/v2\/categories?post=3125"},{"taxonomy":"post_tag","embeddable":true,"href":"https:\/\/228news.tg\/index.php\/wp-json\/wp\/v2\/tags?post=3125"}],"curies":[{"name":"wp","href":"https:\/\/api.w.org\/{rel}","templated":true}]}}