{"id":3109,"date":"2020-06-26T00:00:00","date_gmt":"2020-06-26T00:00:00","guid":{"rendered":"https:\/\/228news.tg\/index.php\/2020\/06\/26\/journee-internationale-des-gens-de-la-mer-le-cri-de-detresse-de-comma-togo\/"},"modified":"2020-06-26T00:00:00","modified_gmt":"2020-06-26T00:00:00","slug":"journee-internationale-des-gens-de-la-mer-le-cri-de-detresse-de-comma-togo","status":"publish","type":"post","link":"https:\/\/228news.tg\/index.php\/2020\/06\/26\/journee-internationale-des-gens-de-la-mer-le-cri-de-detresse-de-comma-togo\/","title":{"rendered":"Journ\u00e9e Internationale des Gens de la Mer: Le cri de d\u00e9tresse de COMMA-TOGO"},"content":{"rendered":"\n<p>Le monde des marins a c\u00e9l\u00e9br\u00e9 hier la journ\u00e9e internationale des professionnels de la mer. \u00c0 Lom\u00e9 l&rsquo;\u00e9v\u00e9nement a \u00e9t\u00e9 marqu\u00e9 en double. D&rsquo;un c\u00f4t\u00e9 COMMA-TOGO, une association des marins marchands du Togo qui a depuis 2014 lutt\u00e9 aux c\u00f4t\u00e9s des marins pour l&rsquo;am\u00e9lioration des conditions de vie et de travail des gens de la mer et de l&rsquo;autre, la DAM( Direction des Affaires maritimes) qui a continu\u00e9 dans sa diversion habituelle en pr\u00e9f\u00e9rant mettre en terre de jeunes plants et faire des sensibilisations sur le nouveau coronavirus.  <\/p>\n\n\n\n<p>Ainsi dit , COMMMA-TOGO a fait de cette c\u00e9l\u00e9bration une occasion pour se faire encore une fois entendre sur les injustices et les in\u00e9galit\u00e9s qui font le lot du v\u00e9cu du marin togolais. Accidents de travail, abus de droits \u00e9l\u00e9mentaires, amateurisme et copinage voil\u00e0 les maux qui minent le secteur maritime au Togo. <\/p>\n\n\n\n<p>Face \u00e0 cette mani\u00e8re hasardeuse de g\u00e9rer les choses, COMMA-TOGO \u00e0 travers une marche silencieuse qui a chut\u00e9 \u00e0 la plage de l&rsquo;h\u00f4tel Sarakawa suivie d&rsquo;un d\u00e9p\u00f4t de gerbes de fleurs dans  la mer en m\u00e9moire des marins tomb\u00e9s les armes \u00e0 la main. Un message dont voici  la teneur a \u00e9t\u00e9 envoy\u00e9 aux autorit\u00e9s en charge du secteur :<\/p>\n\n\n\n<p>SGMP-TOGO.                                                      COMMA-TOGO                               <\/p>\n\n\n\n<p>DISCOURS DU 25 JUIN 2020<\/p>\n\n\n\n<p>Excellence Monsieur le Ministre Conseiller \u00e0 la Mer,<br>\nExcellence Madame le Ministre des Infrastructures et des Transports,<br>\nExcellence Monsieur le Pr\u00e9fet Maritime,<br>\nExcellence Monsieur le Directeur G\u00e9n\u00e9ral des Transports, <br>\nExcellence Monsieur le Directeur des Affaires Maritimes,<br>\nMesdames et Messieurs, distingu\u00e9s invit\u00e9s \u00e0 vos rangs et grades respectifs,<br>\n25 JUIN \u00abLE JOUR DU MARIN\u00bb a \u00e9t\u00e9 mis en place par une r\u00e9solution \u00e0 la conf\u00e9rence des Parties qui s\u2019est tenue en Manille, aux Philippines en Juin 2010 pour se tourner vers les Gens de Mer que nous sommes vu les risques et les sacrifices du m\u00e9tier qui nous cr\u00e9ent souvent des pertes en vie humaine afin d\u2019\u00e9laborer des conventions pour le bien-\u00eatre des gens de mer.<br>\nNous sommes aujourd\u2019hui au 10\u00e8me anniversaire de la Journ\u00e9e Internationale des Gens de Mer dont le th\u00e8me de cette ann\u00e9e 2020 est: \u00abLES GENS DE MER SONT DES TRAVAILLEURS CLES.\u00bb<br>\nVous n\u2019\u00eates pas sans savoir que plus de 90% des vivres et des marchandises ne proviennent que par la mer et le transport maritime est au c\u0153ur de l\u2019\u00e9conomie mondiale.<br>\nEn ce jour comm\u00e9moratif du 25 JUIN 2020, sous le th\u00e8me particulier : \u00abSECURITE ET BIEN-ETRE DES GENS DE MER\u00bb, nous, Syndicat des Gens de Mer Professionnels du Togo (SGMP-TOGO) en collaboration avec le Corps des Marins Marchands du Togo (COMMA-TOGO) regrettons nos conditions de vie et de travail qui sont tellement d\u00e9plorables et causent chaque fois des victimes dans notre secteur de navigation maritime togolaise.<br>\nLa preuve nous sommes ici aujourd\u2019hui pour honorer la m\u00e9moire de nos camarades marins d\u00e9c\u00e9d\u00e9s dans l\u2019exercice de leur fonction suite \u00e0 des accidents r\u00e9p\u00e9titifs que nos autorit\u00e9s maritimes peuvent emp\u00eacher.<br>\nAu nom des membres du bureau ex\u00e9cutif du SGMP-TOGO et du COMMA-TOGO et au nom particulier du Pr\u00e9sident COMMA-TOGO, nous lan\u00e7ons un appel aux autorit\u00e9s maritimes et du pouvoir de veiller aux applications des textes et r\u00e8glements en vigueur car nous tous ici nous savons que notre pays le Togo a ratifi\u00e9 presque toutes les conventions dans le domaine maritime.<br>\nNous regrettons la non consid\u00e9ration de nos dol\u00e9ances et pr\u00e9occupations par la Direction des Affaires Maritimes (D.A.M) et nous souhaitons vivement l\u2019implication du Haut Conseil pour la Mer (H.C.M) sur le sujet car depuis plusieurs ann\u00e9es ne serait-ce qu\u2019un seul point des dol\u00e9ances des Gens de Mer n\u2019est pris en compte.<br>\nJe vous remercie.<\/p>\n\n\n\n<p>LE BUREAU EXECUTIF<\/p>\n\n\n\n<p>Modeste AWOKOU<\/p>\n\n\n\n<p>SGMP-TOGO                                            COMMA-TOGO           <\/p>\n","protected":false},"excerpt":{"rendered":"<p>Le monde des marins a c\u00e9l\u00e9br\u00e9 hier la journ\u00e9e internationale des professionnels de la mer. \u00c0 Lom\u00e9 l&rsquo;\u00e9v\u00e9nement a \u00e9t\u00e9 marqu\u00e9 en double. D&rsquo;un c\u00f4t\u00e9 COMMA-TOGO, une association des marins marchands du Togo qui a depuis 2014 lutt\u00e9 aux c\u00f4t\u00e9s des marins pour l&rsquo;am\u00e9lioration des conditions de vie et de travail des gens de la &#8230; <a title=\"Journ\u00e9e Internationale des Gens de la Mer: Le cri de d\u00e9tresse de COMMA-TOGO\" class=\"read-more\" href=\"https:\/\/228news.tg\/index.php\/2020\/06\/26\/journee-internationale-des-gens-de-la-mer-le-cri-de-detresse-de-comma-togo\/\" aria-label=\"En savoir plus sur Journ\u00e9e Internationale des Gens de la Mer: Le cri de d\u00e9tresse de COMMA-TOGO\">Lire la suite<\/a><\/p>\n","protected":false},"author":2,"featured_media":3110,"comment_status":"open","ping_status":"open","sticky":false,"template":"","format":"standard","meta":{"footnotes":""},"categories":[30,29,25],"tags":[],"class_list":["post-3109","post","type-post","status-publish","format-standard","has-post-thumbnail","hentry","category-economie","category-societe","category-togo"],"yoast_head":"<!-- This site is optimized with the Yoast SEO plugin v26.4 - https:\/\/yoast.com\/wordpress\/plugins\/seo\/ -->\n<title>Journ\u00e9e Internationale des Gens de la Mer: Le cri de d\u00e9tresse de COMMA-TOGO - 228 News<\/title>\n<meta name=\"robots\" content=\"index, follow, max-snippet:-1, max-image-preview:large, max-video-preview:-1\" \/>\n<link rel=\"canonical\" href=\"https:\/\/228news.tg\/index.php\/2020\/06\/26\/journee-internationale-des-gens-de-la-mer-le-cri-de-detresse-de-comma-togo\/\" \/>\n<meta property=\"og:locale\" content=\"fr_FR\" \/>\n<meta property=\"og:type\" content=\"article\" \/>\n<meta property=\"og:title\" content=\"Journ\u00e9e Internationale des Gens de la Mer: Le cri de d\u00e9tresse de COMMA-TOGO - 228 News\" \/>\n<meta property=\"og:description\" content=\"Le monde des marins a c\u00e9l\u00e9br\u00e9 hier la journ\u00e9e internationale des professionnels de la mer. \u00c0 Lom\u00e9 l&rsquo;\u00e9v\u00e9nement a \u00e9t\u00e9 marqu\u00e9 en double. D&rsquo;un c\u00f4t\u00e9 COMMA-TOGO, une association des marins marchands du Togo qui a depuis 2014 lutt\u00e9 aux c\u00f4t\u00e9s des marins pour l&rsquo;am\u00e9lioration des conditions de vie et de travail des gens de la ... Lire la suite\" \/>\n<meta property=\"og:url\" content=\"https:\/\/228news.tg\/index.php\/2020\/06\/26\/journee-internationale-des-gens-de-la-mer-le-cri-de-detresse-de-comma-togo\/\" \/>\n<meta property=\"og:site_name\" content=\"228 News\" \/>\n<meta property=\"article:published_time\" content=\"2020-06-26T00:00:00+00:00\" \/>\n<meta property=\"og:image\" content=\"https:\/\/228news.tg\/wp-content\/uploads\/2024\/09\/IMG-20200626-WA0016.jpg\" \/>\n\t<meta property=\"og:image:width\" content=\"1008\" \/>\n\t<meta property=\"og:image:height\" content=\"490\" \/>\n\t<meta property=\"og:image:type\" content=\"image\/jpeg\" \/>\n<meta name=\"author\" content=\"Bienvenu SAVI\" \/>\n<meta name=\"twitter:card\" content=\"summary_large_image\" \/>\n<meta name=\"twitter:label1\" content=\"\u00c9crit par\" \/>\n\t<meta name=\"twitter:data1\" content=\"Bienvenu SAVI\" \/>\n\t<meta name=\"twitter:label2\" content=\"Dur\u00e9e de lecture estim\u00e9e\" \/>\n\t<meta name=\"twitter:data2\" content=\"3 minutes\" \/>\n<script type=\"application\/ld+json\" class=\"yoast-schema-graph\">{\"@context\":\"https:\/\/schema.org\",\"@graph\":[{\"@type\":\"Article\",\"@id\":\"https:\/\/228news.tg\/index.php\/2020\/06\/26\/journee-internationale-des-gens-de-la-mer-le-cri-de-detresse-de-comma-togo\/#article\",\"isPartOf\":{\"@id\":\"https:\/\/228news.tg\/index.php\/2020\/06\/26\/journee-internationale-des-gens-de-la-mer-le-cri-de-detresse-de-comma-togo\/\"},\"author\":{\"name\":\"Bienvenu SAVI\",\"@id\":\"https:\/\/228news.tg\/#\/schema\/person\/68d5a6cc0230290e61235c8379523f52\"},\"headline\":\"Journ\u00e9e Internationale des Gens de la Mer: Le cri de d\u00e9tresse de COMMA-TOGO\",\"datePublished\":\"2020-06-26T00:00:00+00:00\",\"mainEntityOfPage\":{\"@id\":\"https:\/\/228news.tg\/index.php\/2020\/06\/26\/journee-internationale-des-gens-de-la-mer-le-cri-de-detresse-de-comma-togo\/\"},\"wordCount\":674,\"commentCount\":0,\"publisher\":{\"@id\":\"https:\/\/228news.tg\/#organization\"},\"image\":{\"@id\":\"https:\/\/228news.tg\/index.php\/2020\/06\/26\/journee-internationale-des-gens-de-la-mer-le-cri-de-detresse-de-comma-togo\/#primaryimage\"},\"thumbnailUrl\":\"https:\/\/228news.tg\/wp-content\/uploads\/2024\/09\/IMG-20200626-WA0016.jpg\",\"articleSection\":[\"ECONOMIE\",\"SOCIETE\",\"TOGO\"],\"inLanguage\":\"fr-FR\",\"potentialAction\":[{\"@type\":\"CommentAction\",\"name\":\"Comment\",\"target\":[\"https:\/\/228news.tg\/index.php\/2020\/06\/26\/journee-internationale-des-gens-de-la-mer-le-cri-de-detresse-de-comma-togo\/#respond\"]}]},{\"@type\":\"WebPage\",\"@id\":\"https:\/\/228news.tg\/index.php\/2020\/06\/26\/journee-internationale-des-gens-de-la-mer-le-cri-de-detresse-de-comma-togo\/\",\"url\":\"https:\/\/228news.tg\/index.php\/2020\/06\/26\/journee-internationale-des-gens-de-la-mer-le-cri-de-detresse-de-comma-togo\/\",\"name\":\"Journ\u00e9e Internationale des Gens de la Mer: Le cri de d\u00e9tresse de COMMA-TOGO - 228 News\",\"isPartOf\":{\"@id\":\"https:\/\/228news.tg\/#website\"},\"primaryImageOfPage\":{\"@id\":\"https:\/\/228news.tg\/index.php\/2020\/06\/26\/journee-internationale-des-gens-de-la-mer-le-cri-de-detresse-de-comma-togo\/#primaryimage\"},\"image\":{\"@id\":\"https:\/\/228news.tg\/index.php\/2020\/06\/26\/journee-internationale-des-gens-de-la-mer-le-cri-de-detresse-de-comma-togo\/#primaryimage\"},\"thumbnailUrl\":\"https:\/\/228news.tg\/wp-content\/uploads\/2024\/09\/IMG-20200626-WA0016.jpg\",\"datePublished\":\"2020-06-26T00:00:00+00:00\",\"breadcrumb\":{\"@id\":\"https:\/\/228news.tg\/index.php\/2020\/06\/26\/journee-internationale-des-gens-de-la-mer-le-cri-de-detresse-de-comma-togo\/#breadcrumb\"},\"inLanguage\":\"fr-FR\",\"potentialAction\":[{\"@type\":\"ReadAction\",\"target\":[\"https:\/\/228news.tg\/index.php\/2020\/06\/26\/journee-internationale-des-gens-de-la-mer-le-cri-de-detresse-de-comma-togo\/\"]}]},{\"@type\":\"ImageObject\",\"inLanguage\":\"fr-FR\",\"@id\":\"https:\/\/228news.tg\/index.php\/2020\/06\/26\/journee-internationale-des-gens-de-la-mer-le-cri-de-detresse-de-comma-togo\/#primaryimage\",\"url\":\"https:\/\/228news.tg\/wp-content\/uploads\/2024\/09\/IMG-20200626-WA0016.jpg\",\"contentUrl\":\"https:\/\/228news.tg\/wp-content\/uploads\/2024\/09\/IMG-20200626-WA0016.jpg\",\"width\":1008,\"height\":490},{\"@type\":\"BreadcrumbList\",\"@id\":\"https:\/\/228news.tg\/index.php\/2020\/06\/26\/journee-internationale-des-gens-de-la-mer-le-cri-de-detresse-de-comma-togo\/#breadcrumb\",\"itemListElement\":[{\"@type\":\"ListItem\",\"position\":1,\"name\":\"Home\",\"item\":\"https:\/\/228news.tg\/\"},{\"@type\":\"ListItem\",\"position\":2,\"name\":\"Journ\u00e9e Internationale des Gens de la Mer: Le cri de d\u00e9tresse de COMMA-TOGO\"}]},{\"@type\":\"WebSite\",\"@id\":\"https:\/\/228news.tg\/#website\",\"url\":\"https:\/\/228news.tg\/\",\"name\":\"228 News\",\"description\":\"Soci\u00e9t\u00e9 de m\u00e9dias et d\u2019actualit\u00e9s\",\"publisher\":{\"@id\":\"https:\/\/228news.tg\/#organization\"},\"potentialAction\":[{\"@type\":\"SearchAction\",\"target\":{\"@type\":\"EntryPoint\",\"urlTemplate\":\"https:\/\/228news.tg\/?s={search_term_string}\"},\"query-input\":{\"@type\":\"PropertyValueSpecification\",\"valueRequired\":true,\"valueName\":\"search_term_string\"}}],\"inLanguage\":\"fr-FR\"},{\"@type\":\"Organization\",\"@id\":\"https:\/\/228news.tg\/#organization\",\"name\":\"228 News\",\"url\":\"https:\/\/228news.tg\/\",\"logo\":{\"@type\":\"ImageObject\",\"inLanguage\":\"fr-FR\",\"@id\":\"https:\/\/228news.tg\/#\/schema\/logo\/image\/\",\"url\":\"https:\/\/228news.tg\/wp-content\/uploads\/2024\/09\/logonew.png\",\"contentUrl\":\"https:\/\/228news.tg\/wp-content\/uploads\/2024\/09\/logonew.png\",\"width\":1640,\"height\":364,\"caption\":\"228 News\"},\"image\":{\"@id\":\"https:\/\/228news.tg\/#\/schema\/logo\/image\/\"}},{\"@type\":\"Person\",\"@id\":\"https:\/\/228news.tg\/#\/schema\/person\/68d5a6cc0230290e61235c8379523f52\",\"name\":\"Bienvenu SAVI\",\"image\":{\"@type\":\"ImageObject\",\"inLanguage\":\"fr-FR\",\"@id\":\"https:\/\/228news.tg\/#\/schema\/person\/image\/\",\"url\":\"https:\/\/secure.gravatar.com\/avatar\/9db91895c559e510509c33a3e9683998458e9b828fac36d5d1aa23f0f2fd369b?s=96&d=mm&r=g\",\"contentUrl\":\"https:\/\/secure.gravatar.com\/avatar\/9db91895c559e510509c33a3e9683998458e9b828fac36d5d1aa23f0f2fd369b?s=96&d=mm&r=g\",\"caption\":\"Bienvenu SAVI\"},\"url\":\"https:\/\/228news.tg\/index.php\/author\/bienvenu\/\"}]}<\/script>\n<!-- \/ Yoast SEO plugin. -->","yoast_head_json":{"title":"Journ\u00e9e Internationale des Gens de la Mer: Le cri de d\u00e9tresse de COMMA-TOGO - 228 News","robots":{"index":"index","follow":"follow","max-snippet":"max-snippet:-1","max-image-preview":"max-image-preview:large","max-video-preview":"max-video-preview:-1"},"canonical":"https:\/\/228news.tg\/index.php\/2020\/06\/26\/journee-internationale-des-gens-de-la-mer-le-cri-de-detresse-de-comma-togo\/","og_locale":"fr_FR","og_type":"article","og_title":"Journ\u00e9e Internationale des Gens de la Mer: Le cri de d\u00e9tresse de COMMA-TOGO - 228 News","og_description":"Le monde des marins a c\u00e9l\u00e9br\u00e9 hier la journ\u00e9e internationale des professionnels de la mer. \u00c0 Lom\u00e9 l&rsquo;\u00e9v\u00e9nement a \u00e9t\u00e9 marqu\u00e9 en double. D&rsquo;un c\u00f4t\u00e9 COMMA-TOGO, une association des marins marchands du Togo qui a depuis 2014 lutt\u00e9 aux c\u00f4t\u00e9s des marins pour l&rsquo;am\u00e9lioration des conditions de vie et de travail des gens de la ... Lire la suite","og_url":"https:\/\/228news.tg\/index.php\/2020\/06\/26\/journee-internationale-des-gens-de-la-mer-le-cri-de-detresse-de-comma-togo\/","og_site_name":"228 News","article_published_time":"2020-06-26T00:00:00+00:00","og_image":[{"width":1008,"height":490,"url":"https:\/\/228news.tg\/wp-content\/uploads\/2024\/09\/IMG-20200626-WA0016.jpg","type":"image\/jpeg"}],"author":"Bienvenu SAVI","twitter_card":"summary_large_image","twitter_misc":{"\u00c9crit par":"Bienvenu SAVI","Dur\u00e9e de lecture estim\u00e9e":"3 minutes"},"schema":{"@context":"https:\/\/schema.org","@graph":[{"@type":"Article","@id":"https:\/\/228news.tg\/index.php\/2020\/06\/26\/journee-internationale-des-gens-de-la-mer-le-cri-de-detresse-de-comma-togo\/#article","isPartOf":{"@id":"https:\/\/228news.tg\/index.php\/2020\/06\/26\/journee-internationale-des-gens-de-la-mer-le-cri-de-detresse-de-comma-togo\/"},"author":{"name":"Bienvenu SAVI","@id":"https:\/\/228news.tg\/#\/schema\/person\/68d5a6cc0230290e61235c8379523f52"},"headline":"Journ\u00e9e Internationale des Gens de la Mer: Le cri de d\u00e9tresse de COMMA-TOGO","datePublished":"2020-06-26T00:00:00+00:00","mainEntityOfPage":{"@id":"https:\/\/228news.tg\/index.php\/2020\/06\/26\/journee-internationale-des-gens-de-la-mer-le-cri-de-detresse-de-comma-togo\/"},"wordCount":674,"commentCount":0,"publisher":{"@id":"https:\/\/228news.tg\/#organization"},"image":{"@id":"https:\/\/228news.tg\/index.php\/2020\/06\/26\/journee-internationale-des-gens-de-la-mer-le-cri-de-detresse-de-comma-togo\/#primaryimage"},"thumbnailUrl":"https:\/\/228news.tg\/wp-content\/uploads\/2024\/09\/IMG-20200626-WA0016.jpg","articleSection":["ECONOMIE","SOCIETE","TOGO"],"inLanguage":"fr-FR","potentialAction":[{"@type":"CommentAction","name":"Comment","target":["https:\/\/228news.tg\/index.php\/2020\/06\/26\/journee-internationale-des-gens-de-la-mer-le-cri-de-detresse-de-comma-togo\/#respond"]}]},{"@type":"WebPage","@id":"https:\/\/228news.tg\/index.php\/2020\/06\/26\/journee-internationale-des-gens-de-la-mer-le-cri-de-detresse-de-comma-togo\/","url":"https:\/\/228news.tg\/index.php\/2020\/06\/26\/journee-internationale-des-gens-de-la-mer-le-cri-de-detresse-de-comma-togo\/","name":"Journ\u00e9e Internationale des Gens de la Mer: Le cri de d\u00e9tresse de COMMA-TOGO - 228 News","isPartOf":{"@id":"https:\/\/228news.tg\/#website"},"primaryImageOfPage":{"@id":"https:\/\/228news.tg\/index.php\/2020\/06\/26\/journee-internationale-des-gens-de-la-mer-le-cri-de-detresse-de-comma-togo\/#primaryimage"},"image":{"@id":"https:\/\/228news.tg\/index.php\/2020\/06\/26\/journee-internationale-des-gens-de-la-mer-le-cri-de-detresse-de-comma-togo\/#primaryimage"},"thumbnailUrl":"https:\/\/228news.tg\/wp-content\/uploads\/2024\/09\/IMG-20200626-WA0016.jpg","datePublished":"2020-06-26T00:00:00+00:00","breadcrumb":{"@id":"https:\/\/228news.tg\/index.php\/2020\/06\/26\/journee-internationale-des-gens-de-la-mer-le-cri-de-detresse-de-comma-togo\/#breadcrumb"},"inLanguage":"fr-FR","potentialAction":[{"@type":"ReadAction","target":["https:\/\/228news.tg\/index.php\/2020\/06\/26\/journee-internationale-des-gens-de-la-mer-le-cri-de-detresse-de-comma-togo\/"]}]},{"@type":"ImageObject","inLanguage":"fr-FR","@id":"https:\/\/228news.tg\/index.php\/2020\/06\/26\/journee-internationale-des-gens-de-la-mer-le-cri-de-detresse-de-comma-togo\/#primaryimage","url":"https:\/\/228news.tg\/wp-content\/uploads\/2024\/09\/IMG-20200626-WA0016.jpg","contentUrl":"https:\/\/228news.tg\/wp-content\/uploads\/2024\/09\/IMG-20200626-WA0016.jpg","width":1008,"height":490},{"@type":"BreadcrumbList","@id":"https:\/\/228news.tg\/index.php\/2020\/06\/26\/journee-internationale-des-gens-de-la-mer-le-cri-de-detresse-de-comma-togo\/#breadcrumb","itemListElement":[{"@type":"ListItem","position":1,"name":"Home","item":"https:\/\/228news.tg\/"},{"@type":"ListItem","position":2,"name":"Journ\u00e9e Internationale des Gens de la Mer: Le cri de d\u00e9tresse de COMMA-TOGO"}]},{"@type":"WebSite","@id":"https:\/\/228news.tg\/#website","url":"https:\/\/228news.tg\/","name":"228 News","description":"Soci\u00e9t\u00e9 de m\u00e9dias et d\u2019actualit\u00e9s","publisher":{"@id":"https:\/\/228news.tg\/#organization"},"potentialAction":[{"@type":"SearchAction","target":{"@type":"EntryPoint","urlTemplate":"https:\/\/228news.tg\/?s={search_term_string}"},"query-input":{"@type":"PropertyValueSpecification","valueRequired":true,"valueName":"search_term_string"}}],"inLanguage":"fr-FR"},{"@type":"Organization","@id":"https:\/\/228news.tg\/#organization","name":"228 News","url":"https:\/\/228news.tg\/","logo":{"@type":"ImageObject","inLanguage":"fr-FR","@id":"https:\/\/228news.tg\/#\/schema\/logo\/image\/","url":"https:\/\/228news.tg\/wp-content\/uploads\/2024\/09\/logonew.png","contentUrl":"https:\/\/228news.tg\/wp-content\/uploads\/2024\/09\/logonew.png","width":1640,"height":364,"caption":"228 News"},"image":{"@id":"https:\/\/228news.tg\/#\/schema\/logo\/image\/"}},{"@type":"Person","@id":"https:\/\/228news.tg\/#\/schema\/person\/68d5a6cc0230290e61235c8379523f52","name":"Bienvenu SAVI","image":{"@type":"ImageObject","inLanguage":"fr-FR","@id":"https:\/\/228news.tg\/#\/schema\/person\/image\/","url":"https:\/\/secure.gravatar.com\/avatar\/9db91895c559e510509c33a3e9683998458e9b828fac36d5d1aa23f0f2fd369b?s=96&d=mm&r=g","contentUrl":"https:\/\/secure.gravatar.com\/avatar\/9db91895c559e510509c33a3e9683998458e9b828fac36d5d1aa23f0f2fd369b?s=96&d=mm&r=g","caption":"Bienvenu SAVI"},"url":"https:\/\/228news.tg\/index.php\/author\/bienvenu\/"}]}},"jetpack_featured_media_url":"https:\/\/228news.tg\/wp-content\/uploads\/2024\/09\/IMG-20200626-WA0016.jpg","_links":{"self":[{"href":"https:\/\/228news.tg\/index.php\/wp-json\/wp\/v2\/posts\/3109","targetHints":{"allow":["GET"]}}],"collection":[{"href":"https:\/\/228news.tg\/index.php\/wp-json\/wp\/v2\/posts"}],"about":[{"href":"https:\/\/228news.tg\/index.php\/wp-json\/wp\/v2\/types\/post"}],"author":[{"embeddable":true,"href":"https:\/\/228news.tg\/index.php\/wp-json\/wp\/v2\/users\/2"}],"replies":[{"embeddable":true,"href":"https:\/\/228news.tg\/index.php\/wp-json\/wp\/v2\/comments?post=3109"}],"version-history":[{"count":0,"href":"https:\/\/228news.tg\/index.php\/wp-json\/wp\/v2\/posts\/3109\/revisions"}],"wp:featuredmedia":[{"embeddable":true,"href":"https:\/\/228news.tg\/index.php\/wp-json\/wp\/v2\/media\/3110"}],"wp:attachment":[{"href":"https:\/\/228news.tg\/index.php\/wp-json\/wp\/v2\/media?parent=3109"}],"wp:term":[{"taxonomy":"category","embeddable":true,"href":"https:\/\/228news.tg\/index.php\/wp-json\/wp\/v2\/categories?post=3109"},{"taxonomy":"post_tag","embeddable":true,"href":"https:\/\/228news.tg\/index.php\/wp-json\/wp\/v2\/tags?post=3109"}],"curies":[{"name":"wp","href":"https:\/\/api.w.org\/{rel}","templated":true}]}}