{"id":2906,"date":"2020-03-28T00:00:00","date_gmt":"2020-03-28T00:00:00","guid":{"rendered":"https:\/\/228news.tg\/index.php\/2020\/03\/28\/togo-lanc-propose-des-mesures-energiques-et-responsables-au-gouvernement-pour-lutter-contre-la-propagation-du-covid19\/"},"modified":"2020-03-28T00:00:00","modified_gmt":"2020-03-28T00:00:00","slug":"togo-lanc-propose-des-mesures-energiques-et-responsables-au-gouvernement-pour-lutter-contre-la-propagation-du-covid19","status":"publish","type":"post","link":"https:\/\/228news.tg\/index.php\/2020\/03\/28\/togo-lanc-propose-des-mesures-energiques-et-responsables-au-gouvernement-pour-lutter-contre-la-propagation-du-covid19\/","title":{"rendered":"TOGO\/L&rsquo;ANC propose des mesures \u00e9nergiques et responsables au gouvernement pour lutter contre la propagation du COVID19"},"content":{"rendered":"\n<p>L&rsquo;Alliance Nationale pour le Changement monte au cr\u00e9neau dans une d\u00e9claration rendu public ce samedi 28 Mars 2020, en demandant au gouvernement togolais de prendre des r\u00e9elles mesures sanitaires ainsi qu&rsquo;au syst\u00e8me des Etats Unis au Togo notamment l&rsquo;OMS \u00e0 s&rsquo;impliquer d&rsquo;avantage aux c\u00f4t\u00e9s des pays membres du G5 au Togo pour faire face \u00e0 la propagation du coronavirus.<br> Lisez plut\u00f4t !<\/p>\n\n\n\n<p>DECLARATION  <\/p>\n\n\n\n<p>Alors que la pand\u00e9mie du COVID-19 poursuit son expansion exponentielle, obligeant les autorit\u00e9s sanitaires et les gouvernements de par le monde \u00e0 renforcer et \u00e0 proroger les mesures d\u2019urgence, les autorit\u00e9s togolaises continuent de faire dans l\u2019amateurisme et l\u2019improvisation, exposant les populations togolaises \u00e0 une catastrophe sanitaire sans pr\u00e9c\u00e9dent.  <\/p>\n\n\n\n<p>Des mesures parcellaires, d\u00e9sordonn\u00e9es, insuffisantes et timides. Pas de communication transparente et structur\u00e9e. Les \u00e9quipements en mat\u00e9riels m\u00e9dicaux et sanitaires sont encore \u00e0 la traine. Aucun message \u00e0 la nation montrant une implication volontariste au sommet de l\u2019Etat, de mani\u00e8re \u00e0 rassurer les populations et \u00e0 rendre compte des efforts d\u00e9ploy\u00e9s quant \u00e0 la mise en place ou au renforcement des capacit\u00e9s en ressources humaines, mat\u00e9rielles et financi\u00e8res afin d\u2019organiser la riposte nationale contre la pand\u00e9mie.  <\/p>\n\n\n\n<p>En d\u00e9plorant les conditions de travail ex\u00e9crables dans les h\u00f4pitaux, centres de sant\u00e9 et dispensaires, sous-\u00e9quip\u00e9s et sans m\u00e9dicaments, l\u2019ANC salue l\u2019engagement de l\u2019ensemble du corps m\u00e9dical qui fait de son mieux sans les moyens appropri\u00e9s. C\u2019est le lieu d\u2019exprimer la solidarit\u00e9 et les v\u0153ux de gu\u00e9rison de l\u2019ANC \u00e0 toutes les personnes actuellement contamin\u00e9es et d\u2019exhorter les populations \u00e0 observer scrupuleusement les gestes barri\u00e8res pr\u00e9conis\u00e9s par l\u2019OMS : se laver fr\u00e9quemment les mains \u00e0 l\u2019eau et au savon, tousser dans le creux du coude, \u00e9ternuer dans un mouchoir jetable, \u00e9viter de porter les mains au visage, \u00e9viter les accolades ainsi que tout d\u00e9placement non n\u00e9cessaire.  <\/p>\n\n\n\n<p>L\u2019ANC demande au gouvernement de prendre la r\u00e9elle mesure de la situation d\u2019urgence sanitaire \u00e0 laquelle notre pays se doit de faire face dans cet environnement de propagation rapide du COVID-19 et d\u2019engager les moyens cons\u00e9quents \u00e0 cet effet. Elle exhorte le gouvernement \u00e0 envisager d\u2019ores et d\u00e9j\u00e0, des mesures \u00e9nergiques et responsables consistant notamment \u00e0 :  <\/p>\n\n\n\n<p>\u27a2    \u00e9tablir un plan s\u00e9rieux, transparent et cr\u00e9dible avec la cr\u00e9ation de centres de r\u00e9f\u00e9rence dignes de ce nom et dot\u00e9s de moyens appropri\u00e9s pour accueillir et traiter les malades, accompagn\u00e9 d\u2019une campagne de communication et de sensibilisation pertinente, afin d\u2019organiser d\u2019une mani\u00e8re rationnelle, la riposte contre la pand\u00e9mie ;  <br>\n\u27a2    fournir en urgence et en quantit\u00e9, les moyens de protection tels que combinaisons, masques, kits de tests, gel alcoolis\u00e9 et gants, des \u00e9quipements tels que respirateurs, m\u00e9dicaments, v\u00e9hicules et personnels de transports des malades, v\u00e9hicules et personnels de pulv\u00e9risation de produits d\u00e9sinfectants, etc. ;  <br>\n\u27a2    organiser une proc\u00e9dure de quarantaine s\u00e9rieuse, rigoureuse et y astreindre syst\u00e9matiquement et sans aucune discrimination, les personnes provenant de pays contamin\u00e9s ;  <br>\n\u27a2    d\u00e9sinfecter syst\u00e9matiquement les march\u00e9s, gares, ports, a\u00e9roports, camps militaires, commissariats et postes de police et de gendarmerie, h\u00f4pitaux, centres de sant\u00e9 et dispensaires, lieux de services publics, \u00e9tablissements p\u00e9nitentiaires et m\u00eame les rues et les habitations ;  <br>\n\u27a2    limiter plus drastiquement les d\u00e9placements des populations par couvre-feu ou par confinement partiel ou total ; <br>\n\u27a2    d\u00e9congestionner les prisons et autres lieux de d\u00e9tention par l\u2019\u00e9largissement de certaines cat\u00e9gories de prisonniers, notamment les prisonniers politiques, les personnes d\u00e9tenues arbitrairement, les personnes condamn\u00e9es \u00e0 des peines mineures ou ayant purg\u00e9 une part importante de leurs peines ;  <br>\n\u27a2    informer r\u00e9guli\u00e8rement les populations et leur expliquer le bien fond\u00e9 des mesures prises ou impos\u00e9es ;  <br>\n\u27a2    organiser en partenariat avec le secteur priv\u00e9 un m\u00e9canisme de prise en charge de la s\u00e9curit\u00e9 sanitaire des salari\u00e9s publics et priv\u00e9s ;  <br>\n\u27a2    \u00e9radiquer la flamb\u00e9e sp\u00e9culative des prix des moyens de protection de base des populations, gants, gel, etc.  <\/p>\n\n\n\n<p>L\u2019ANC demande au syst\u00e8me des Nations Unies au Togo, en particulier l\u2019OMS, de s\u2019impliquer aux c\u00f4t\u00e9s des autres membres du G5 au Togo (les ambassadeurs de France, d\u2019Allemagne, des USA et de l\u2019UE) pour initier des actions et des appuis concert\u00e9s, concrets et \u00e9nergiques, de mani\u00e8re \u00e0 pallier les carences et les insuffisances des autorit\u00e9s togolaises en ce qui concerne la rationalisation, la coh\u00e9rence et l\u2019efficacit\u00e9 de la riposte nationale contre la pand\u00e9mie.  <\/p>\n\n\n\n<p>L\u2019ANC appelle \u00e9galement les banques  r\u00e9gionales et sous r\u00e9gionales de d\u00e9veloppement, appuy\u00e9es par les institutions financi\u00e8res internationales, notamment celles de Bretton Woods, \u00e0 mettre en place des m\u00e9canismes sp\u00e9cifiques de financement pour adresser directement ou indirectement la question des co\u00fbts de la riposte contre la pand\u00e9mie dans les pays africains dont le Togo.  <\/p>\n\n\n\n<p>Fait \u00e0 Lom\u00e9, le 27 mars 2020 <\/p>\n\n\n\n<p>Pour le Bureau National,  <br>\nLe Vice-Pr\u00e9sident  <br>\nPatrick LAWSON-BANKU<\/p>\n\n\n\n<p><em>Alexandre<\/em><\/p>\n","protected":false},"excerpt":{"rendered":"<p>L&rsquo;Alliance Nationale pour le Changement monte au cr\u00e9neau dans une d\u00e9claration rendu public ce samedi 28 Mars 2020, en demandant au gouvernement togolais de prendre des r\u00e9elles mesures sanitaires ainsi qu&rsquo;au syst\u00e8me des Etats Unis au Togo notamment l&rsquo;OMS \u00e0 s&rsquo;impliquer d&rsquo;avantage aux c\u00f4t\u00e9s des pays membres du G5 au Togo pour faire face \u00e0 &#8230; <a title=\"TOGO\/L&rsquo;ANC propose des mesures \u00e9nergiques et responsables au gouvernement pour lutter contre la propagation du COVID19\" class=\"read-more\" href=\"https:\/\/228news.tg\/index.php\/2020\/03\/28\/togo-lanc-propose-des-mesures-energiques-et-responsables-au-gouvernement-pour-lutter-contre-la-propagation-du-covid19\/\" aria-label=\"En savoir plus sur TOGO\/L&rsquo;ANC propose des mesures \u00e9nergiques et responsables au gouvernement pour lutter contre la propagation du COVID19\">Lire la suite<\/a><\/p>\n","protected":false},"author":2,"featured_media":2442,"comment_status":"open","ping_status":"open","sticky":false,"template":"","format":"standard","meta":{"footnotes":""},"categories":[25],"tags":[],"class_list":["post-2906","post","type-post","status-publish","format-standard","has-post-thumbnail","hentry","category-togo"],"yoast_head":"<!-- This site is optimized with the Yoast SEO plugin v26.4 - https:\/\/yoast.com\/wordpress\/plugins\/seo\/ -->\n<title>TOGO\/L&#039;ANC propose des mesures \u00e9nergiques et responsables au gouvernement pour lutter contre la propagation du COVID19 - 228 News<\/title>\n<meta name=\"robots\" content=\"index, follow, max-snippet:-1, max-image-preview:large, max-video-preview:-1\" \/>\n<link rel=\"canonical\" href=\"https:\/\/228news.tg\/index.php\/2020\/03\/28\/togo-lanc-propose-des-mesures-energiques-et-responsables-au-gouvernement-pour-lutter-contre-la-propagation-du-covid19\/\" \/>\n<meta property=\"og:locale\" content=\"fr_FR\" \/>\n<meta property=\"og:type\" content=\"article\" \/>\n<meta property=\"og:title\" content=\"TOGO\/L&#039;ANC propose des mesures \u00e9nergiques et responsables au gouvernement pour lutter contre la propagation du COVID19 - 228 News\" \/>\n<meta property=\"og:description\" content=\"L&rsquo;Alliance Nationale pour le Changement monte au cr\u00e9neau dans une d\u00e9claration rendu public ce samedi 28 Mars 2020, en demandant au gouvernement togolais de prendre des r\u00e9elles mesures sanitaires ainsi qu&rsquo;au syst\u00e8me des Etats Unis au Togo notamment l&rsquo;OMS \u00e0 s&rsquo;impliquer d&rsquo;avantage aux c\u00f4t\u00e9s des pays membres du G5 au Togo pour faire face \u00e0 ... Lire la suite\" \/>\n<meta property=\"og:url\" content=\"https:\/\/228news.tg\/index.php\/2020\/03\/28\/togo-lanc-propose-des-mesures-energiques-et-responsables-au-gouvernement-pour-lutter-contre-la-propagation-du-covid19\/\" \/>\n<meta property=\"og:site_name\" content=\"228 News\" \/>\n<meta property=\"article:published_time\" content=\"2020-03-28T00:00:00+00:00\" \/>\n<meta property=\"og:image\" content=\"https:\/\/228news.tg\/wp-content\/uploads\/2024\/09\/WhatsApp-Image-2019-09-12-at-14.10.34.jpeg\" \/>\n\t<meta property=\"og:image:width\" content=\"750\" \/>\n\t<meta property=\"og:image:height\" content=\"450\" \/>\n\t<meta property=\"og:image:type\" content=\"image\/jpeg\" \/>\n<meta name=\"author\" content=\"Bienvenu SAVI\" \/>\n<meta name=\"twitter:card\" content=\"summary_large_image\" \/>\n<meta name=\"twitter:label1\" content=\"\u00c9crit par\" \/>\n\t<meta name=\"twitter:data1\" content=\"Bienvenu SAVI\" \/>\n\t<meta name=\"twitter:label2\" content=\"Dur\u00e9e de lecture estim\u00e9e\" \/>\n\t<meta name=\"twitter:data2\" content=\"4 minutes\" \/>\n<script type=\"application\/ld+json\" class=\"yoast-schema-graph\">{\"@context\":\"https:\/\/schema.org\",\"@graph\":[{\"@type\":\"Article\",\"@id\":\"https:\/\/228news.tg\/index.php\/2020\/03\/28\/togo-lanc-propose-des-mesures-energiques-et-responsables-au-gouvernement-pour-lutter-contre-la-propagation-du-covid19\/#article\",\"isPartOf\":{\"@id\":\"https:\/\/228news.tg\/index.php\/2020\/03\/28\/togo-lanc-propose-des-mesures-energiques-et-responsables-au-gouvernement-pour-lutter-contre-la-propagation-du-covid19\/\"},\"author\":{\"name\":\"Bienvenu SAVI\",\"@id\":\"https:\/\/228news.tg\/#\/schema\/person\/68d5a6cc0230290e61235c8379523f52\"},\"headline\":\"TOGO\/L&rsquo;ANC propose des mesures \u00e9nergiques et responsables au gouvernement pour lutter contre la propagation du COVID19\",\"datePublished\":\"2020-03-28T00:00:00+00:00\",\"mainEntityOfPage\":{\"@id\":\"https:\/\/228news.tg\/index.php\/2020\/03\/28\/togo-lanc-propose-des-mesures-energiques-et-responsables-au-gouvernement-pour-lutter-contre-la-propagation-du-covid19\/\"},\"wordCount\":875,\"commentCount\":0,\"publisher\":{\"@id\":\"https:\/\/228news.tg\/#organization\"},\"image\":{\"@id\":\"https:\/\/228news.tg\/index.php\/2020\/03\/28\/togo-lanc-propose-des-mesures-energiques-et-responsables-au-gouvernement-pour-lutter-contre-la-propagation-du-covid19\/#primaryimage\"},\"thumbnailUrl\":\"https:\/\/228news.tg\/wp-content\/uploads\/2024\/09\/WhatsApp-Image-2019-09-12-at-14.10.34.jpeg\",\"articleSection\":[\"TOGO\"],\"inLanguage\":\"fr-FR\",\"potentialAction\":[{\"@type\":\"CommentAction\",\"name\":\"Comment\",\"target\":[\"https:\/\/228news.tg\/index.php\/2020\/03\/28\/togo-lanc-propose-des-mesures-energiques-et-responsables-au-gouvernement-pour-lutter-contre-la-propagation-du-covid19\/#respond\"]}]},{\"@type\":\"WebPage\",\"@id\":\"https:\/\/228news.tg\/index.php\/2020\/03\/28\/togo-lanc-propose-des-mesures-energiques-et-responsables-au-gouvernement-pour-lutter-contre-la-propagation-du-covid19\/\",\"url\":\"https:\/\/228news.tg\/index.php\/2020\/03\/28\/togo-lanc-propose-des-mesures-energiques-et-responsables-au-gouvernement-pour-lutter-contre-la-propagation-du-covid19\/\",\"name\":\"TOGO\/L'ANC propose des mesures \u00e9nergiques et responsables au gouvernement pour lutter contre la propagation du COVID19 - 228 News\",\"isPartOf\":{\"@id\":\"https:\/\/228news.tg\/#website\"},\"primaryImageOfPage\":{\"@id\":\"https:\/\/228news.tg\/index.php\/2020\/03\/28\/togo-lanc-propose-des-mesures-energiques-et-responsables-au-gouvernement-pour-lutter-contre-la-propagation-du-covid19\/#primaryimage\"},\"image\":{\"@id\":\"https:\/\/228news.tg\/index.php\/2020\/03\/28\/togo-lanc-propose-des-mesures-energiques-et-responsables-au-gouvernement-pour-lutter-contre-la-propagation-du-covid19\/#primaryimage\"},\"thumbnailUrl\":\"https:\/\/228news.tg\/wp-content\/uploads\/2024\/09\/WhatsApp-Image-2019-09-12-at-14.10.34.jpeg\",\"datePublished\":\"2020-03-28T00:00:00+00:00\",\"breadcrumb\":{\"@id\":\"https:\/\/228news.tg\/index.php\/2020\/03\/28\/togo-lanc-propose-des-mesures-energiques-et-responsables-au-gouvernement-pour-lutter-contre-la-propagation-du-covid19\/#breadcrumb\"},\"inLanguage\":\"fr-FR\",\"potentialAction\":[{\"@type\":\"ReadAction\",\"target\":[\"https:\/\/228news.tg\/index.php\/2020\/03\/28\/togo-lanc-propose-des-mesures-energiques-et-responsables-au-gouvernement-pour-lutter-contre-la-propagation-du-covid19\/\"]}]},{\"@type\":\"ImageObject\",\"inLanguage\":\"fr-FR\",\"@id\":\"https:\/\/228news.tg\/index.php\/2020\/03\/28\/togo-lanc-propose-des-mesures-energiques-et-responsables-au-gouvernement-pour-lutter-contre-la-propagation-du-covid19\/#primaryimage\",\"url\":\"https:\/\/228news.tg\/wp-content\/uploads\/2024\/09\/WhatsApp-Image-2019-09-12-at-14.10.34.jpeg\",\"contentUrl\":\"https:\/\/228news.tg\/wp-content\/uploads\/2024\/09\/WhatsApp-Image-2019-09-12-at-14.10.34.jpeg\",\"width\":750,\"height\":450},{\"@type\":\"BreadcrumbList\",\"@id\":\"https:\/\/228news.tg\/index.php\/2020\/03\/28\/togo-lanc-propose-des-mesures-energiques-et-responsables-au-gouvernement-pour-lutter-contre-la-propagation-du-covid19\/#breadcrumb\",\"itemListElement\":[{\"@type\":\"ListItem\",\"position\":1,\"name\":\"Home\",\"item\":\"https:\/\/228news.tg\/\"},{\"@type\":\"ListItem\",\"position\":2,\"name\":\"TOGO\/L&rsquo;ANC propose des mesures \u00e9nergiques et responsables au gouvernement pour lutter contre la propagation du COVID19\"}]},{\"@type\":\"WebSite\",\"@id\":\"https:\/\/228news.tg\/#website\",\"url\":\"https:\/\/228news.tg\/\",\"name\":\"228 News\",\"description\":\"Soci\u00e9t\u00e9 de m\u00e9dias et d\u2019actualit\u00e9s\",\"publisher\":{\"@id\":\"https:\/\/228news.tg\/#organization\"},\"potentialAction\":[{\"@type\":\"SearchAction\",\"target\":{\"@type\":\"EntryPoint\",\"urlTemplate\":\"https:\/\/228news.tg\/?s={search_term_string}\"},\"query-input\":{\"@type\":\"PropertyValueSpecification\",\"valueRequired\":true,\"valueName\":\"search_term_string\"}}],\"inLanguage\":\"fr-FR\"},{\"@type\":\"Organization\",\"@id\":\"https:\/\/228news.tg\/#organization\",\"name\":\"228 News\",\"url\":\"https:\/\/228news.tg\/\",\"logo\":{\"@type\":\"ImageObject\",\"inLanguage\":\"fr-FR\",\"@id\":\"https:\/\/228news.tg\/#\/schema\/logo\/image\/\",\"url\":\"https:\/\/228news.tg\/wp-content\/uploads\/2024\/09\/logonew.png\",\"contentUrl\":\"https:\/\/228news.tg\/wp-content\/uploads\/2024\/09\/logonew.png\",\"width\":1640,\"height\":364,\"caption\":\"228 News\"},\"image\":{\"@id\":\"https:\/\/228news.tg\/#\/schema\/logo\/image\/\"}},{\"@type\":\"Person\",\"@id\":\"https:\/\/228news.tg\/#\/schema\/person\/68d5a6cc0230290e61235c8379523f52\",\"name\":\"Bienvenu SAVI\",\"image\":{\"@type\":\"ImageObject\",\"inLanguage\":\"fr-FR\",\"@id\":\"https:\/\/228news.tg\/#\/schema\/person\/image\/\",\"url\":\"https:\/\/secure.gravatar.com\/avatar\/9db91895c559e510509c33a3e9683998458e9b828fac36d5d1aa23f0f2fd369b?s=96&d=mm&r=g\",\"contentUrl\":\"https:\/\/secure.gravatar.com\/avatar\/9db91895c559e510509c33a3e9683998458e9b828fac36d5d1aa23f0f2fd369b?s=96&d=mm&r=g\",\"caption\":\"Bienvenu SAVI\"},\"url\":\"https:\/\/228news.tg\/index.php\/author\/bienvenu\/\"}]}<\/script>\n<!-- \/ Yoast SEO plugin. -->","yoast_head_json":{"title":"TOGO\/L'ANC propose des mesures \u00e9nergiques et responsables au gouvernement pour lutter contre la propagation du COVID19 - 228 News","robots":{"index":"index","follow":"follow","max-snippet":"max-snippet:-1","max-image-preview":"max-image-preview:large","max-video-preview":"max-video-preview:-1"},"canonical":"https:\/\/228news.tg\/index.php\/2020\/03\/28\/togo-lanc-propose-des-mesures-energiques-et-responsables-au-gouvernement-pour-lutter-contre-la-propagation-du-covid19\/","og_locale":"fr_FR","og_type":"article","og_title":"TOGO\/L'ANC propose des mesures \u00e9nergiques et responsables au gouvernement pour lutter contre la propagation du COVID19 - 228 News","og_description":"L&rsquo;Alliance Nationale pour le Changement monte au cr\u00e9neau dans une d\u00e9claration rendu public ce samedi 28 Mars 2020, en demandant au gouvernement togolais de prendre des r\u00e9elles mesures sanitaires ainsi qu&rsquo;au syst\u00e8me des Etats Unis au Togo notamment l&rsquo;OMS \u00e0 s&rsquo;impliquer d&rsquo;avantage aux c\u00f4t\u00e9s des pays membres du G5 au Togo pour faire face \u00e0 ... Lire la suite","og_url":"https:\/\/228news.tg\/index.php\/2020\/03\/28\/togo-lanc-propose-des-mesures-energiques-et-responsables-au-gouvernement-pour-lutter-contre-la-propagation-du-covid19\/","og_site_name":"228 News","article_published_time":"2020-03-28T00:00:00+00:00","og_image":[{"width":750,"height":450,"url":"https:\/\/228news.tg\/wp-content\/uploads\/2024\/09\/WhatsApp-Image-2019-09-12-at-14.10.34.jpeg","type":"image\/jpeg"}],"author":"Bienvenu SAVI","twitter_card":"summary_large_image","twitter_misc":{"\u00c9crit par":"Bienvenu SAVI","Dur\u00e9e de lecture estim\u00e9e":"4 minutes"},"schema":{"@context":"https:\/\/schema.org","@graph":[{"@type":"Article","@id":"https:\/\/228news.tg\/index.php\/2020\/03\/28\/togo-lanc-propose-des-mesures-energiques-et-responsables-au-gouvernement-pour-lutter-contre-la-propagation-du-covid19\/#article","isPartOf":{"@id":"https:\/\/228news.tg\/index.php\/2020\/03\/28\/togo-lanc-propose-des-mesures-energiques-et-responsables-au-gouvernement-pour-lutter-contre-la-propagation-du-covid19\/"},"author":{"name":"Bienvenu SAVI","@id":"https:\/\/228news.tg\/#\/schema\/person\/68d5a6cc0230290e61235c8379523f52"},"headline":"TOGO\/L&rsquo;ANC propose des mesures \u00e9nergiques et responsables au gouvernement pour lutter contre la propagation du COVID19","datePublished":"2020-03-28T00:00:00+00:00","mainEntityOfPage":{"@id":"https:\/\/228news.tg\/index.php\/2020\/03\/28\/togo-lanc-propose-des-mesures-energiques-et-responsables-au-gouvernement-pour-lutter-contre-la-propagation-du-covid19\/"},"wordCount":875,"commentCount":0,"publisher":{"@id":"https:\/\/228news.tg\/#organization"},"image":{"@id":"https:\/\/228news.tg\/index.php\/2020\/03\/28\/togo-lanc-propose-des-mesures-energiques-et-responsables-au-gouvernement-pour-lutter-contre-la-propagation-du-covid19\/#primaryimage"},"thumbnailUrl":"https:\/\/228news.tg\/wp-content\/uploads\/2024\/09\/WhatsApp-Image-2019-09-12-at-14.10.34.jpeg","articleSection":["TOGO"],"inLanguage":"fr-FR","potentialAction":[{"@type":"CommentAction","name":"Comment","target":["https:\/\/228news.tg\/index.php\/2020\/03\/28\/togo-lanc-propose-des-mesures-energiques-et-responsables-au-gouvernement-pour-lutter-contre-la-propagation-du-covid19\/#respond"]}]},{"@type":"WebPage","@id":"https:\/\/228news.tg\/index.php\/2020\/03\/28\/togo-lanc-propose-des-mesures-energiques-et-responsables-au-gouvernement-pour-lutter-contre-la-propagation-du-covid19\/","url":"https:\/\/228news.tg\/index.php\/2020\/03\/28\/togo-lanc-propose-des-mesures-energiques-et-responsables-au-gouvernement-pour-lutter-contre-la-propagation-du-covid19\/","name":"TOGO\/L'ANC propose des mesures \u00e9nergiques et responsables au gouvernement pour lutter contre la propagation du COVID19 - 228 News","isPartOf":{"@id":"https:\/\/228news.tg\/#website"},"primaryImageOfPage":{"@id":"https:\/\/228news.tg\/index.php\/2020\/03\/28\/togo-lanc-propose-des-mesures-energiques-et-responsables-au-gouvernement-pour-lutter-contre-la-propagation-du-covid19\/#primaryimage"},"image":{"@id":"https:\/\/228news.tg\/index.php\/2020\/03\/28\/togo-lanc-propose-des-mesures-energiques-et-responsables-au-gouvernement-pour-lutter-contre-la-propagation-du-covid19\/#primaryimage"},"thumbnailUrl":"https:\/\/228news.tg\/wp-content\/uploads\/2024\/09\/WhatsApp-Image-2019-09-12-at-14.10.34.jpeg","datePublished":"2020-03-28T00:00:00+00:00","breadcrumb":{"@id":"https:\/\/228news.tg\/index.php\/2020\/03\/28\/togo-lanc-propose-des-mesures-energiques-et-responsables-au-gouvernement-pour-lutter-contre-la-propagation-du-covid19\/#breadcrumb"},"inLanguage":"fr-FR","potentialAction":[{"@type":"ReadAction","target":["https:\/\/228news.tg\/index.php\/2020\/03\/28\/togo-lanc-propose-des-mesures-energiques-et-responsables-au-gouvernement-pour-lutter-contre-la-propagation-du-covid19\/"]}]},{"@type":"ImageObject","inLanguage":"fr-FR","@id":"https:\/\/228news.tg\/index.php\/2020\/03\/28\/togo-lanc-propose-des-mesures-energiques-et-responsables-au-gouvernement-pour-lutter-contre-la-propagation-du-covid19\/#primaryimage","url":"https:\/\/228news.tg\/wp-content\/uploads\/2024\/09\/WhatsApp-Image-2019-09-12-at-14.10.34.jpeg","contentUrl":"https:\/\/228news.tg\/wp-content\/uploads\/2024\/09\/WhatsApp-Image-2019-09-12-at-14.10.34.jpeg","width":750,"height":450},{"@type":"BreadcrumbList","@id":"https:\/\/228news.tg\/index.php\/2020\/03\/28\/togo-lanc-propose-des-mesures-energiques-et-responsables-au-gouvernement-pour-lutter-contre-la-propagation-du-covid19\/#breadcrumb","itemListElement":[{"@type":"ListItem","position":1,"name":"Home","item":"https:\/\/228news.tg\/"},{"@type":"ListItem","position":2,"name":"TOGO\/L&rsquo;ANC propose des mesures \u00e9nergiques et responsables au gouvernement pour lutter contre la propagation du COVID19"}]},{"@type":"WebSite","@id":"https:\/\/228news.tg\/#website","url":"https:\/\/228news.tg\/","name":"228 News","description":"Soci\u00e9t\u00e9 de m\u00e9dias et d\u2019actualit\u00e9s","publisher":{"@id":"https:\/\/228news.tg\/#organization"},"potentialAction":[{"@type":"SearchAction","target":{"@type":"EntryPoint","urlTemplate":"https:\/\/228news.tg\/?s={search_term_string}"},"query-input":{"@type":"PropertyValueSpecification","valueRequired":true,"valueName":"search_term_string"}}],"inLanguage":"fr-FR"},{"@type":"Organization","@id":"https:\/\/228news.tg\/#organization","name":"228 News","url":"https:\/\/228news.tg\/","logo":{"@type":"ImageObject","inLanguage":"fr-FR","@id":"https:\/\/228news.tg\/#\/schema\/logo\/image\/","url":"https:\/\/228news.tg\/wp-content\/uploads\/2024\/09\/logonew.png","contentUrl":"https:\/\/228news.tg\/wp-content\/uploads\/2024\/09\/logonew.png","width":1640,"height":364,"caption":"228 News"},"image":{"@id":"https:\/\/228news.tg\/#\/schema\/logo\/image\/"}},{"@type":"Person","@id":"https:\/\/228news.tg\/#\/schema\/person\/68d5a6cc0230290e61235c8379523f52","name":"Bienvenu SAVI","image":{"@type":"ImageObject","inLanguage":"fr-FR","@id":"https:\/\/228news.tg\/#\/schema\/person\/image\/","url":"https:\/\/secure.gravatar.com\/avatar\/9db91895c559e510509c33a3e9683998458e9b828fac36d5d1aa23f0f2fd369b?s=96&d=mm&r=g","contentUrl":"https:\/\/secure.gravatar.com\/avatar\/9db91895c559e510509c33a3e9683998458e9b828fac36d5d1aa23f0f2fd369b?s=96&d=mm&r=g","caption":"Bienvenu SAVI"},"url":"https:\/\/228news.tg\/index.php\/author\/bienvenu\/"}]}},"jetpack_featured_media_url":"https:\/\/228news.tg\/wp-content\/uploads\/2024\/09\/WhatsApp-Image-2019-09-12-at-14.10.34.jpeg","_links":{"self":[{"href":"https:\/\/228news.tg\/index.php\/wp-json\/wp\/v2\/posts\/2906","targetHints":{"allow":["GET"]}}],"collection":[{"href":"https:\/\/228news.tg\/index.php\/wp-json\/wp\/v2\/posts"}],"about":[{"href":"https:\/\/228news.tg\/index.php\/wp-json\/wp\/v2\/types\/post"}],"author":[{"embeddable":true,"href":"https:\/\/228news.tg\/index.php\/wp-json\/wp\/v2\/users\/2"}],"replies":[{"embeddable":true,"href":"https:\/\/228news.tg\/index.php\/wp-json\/wp\/v2\/comments?post=2906"}],"version-history":[{"count":0,"href":"https:\/\/228news.tg\/index.php\/wp-json\/wp\/v2\/posts\/2906\/revisions"}],"wp:featuredmedia":[{"embeddable":true,"href":"https:\/\/228news.tg\/index.php\/wp-json\/wp\/v2\/media\/2442"}],"wp:attachment":[{"href":"https:\/\/228news.tg\/index.php\/wp-json\/wp\/v2\/media?parent=2906"}],"wp:term":[{"taxonomy":"category","embeddable":true,"href":"https:\/\/228news.tg\/index.php\/wp-json\/wp\/v2\/categories?post=2906"},{"taxonomy":"post_tag","embeddable":true,"href":"https:\/\/228news.tg\/index.php\/wp-json\/wp\/v2\/tags?post=2906"}],"curies":[{"name":"wp","href":"https:\/\/api.w.org\/{rel}","templated":true}]}}