{"id":2901,"date":"2020-03-27T00:00:00","date_gmt":"2020-03-27T00:00:00","guid":{"rendered":"https:\/\/228news.tg\/index.php\/2020\/03\/27\/togo-coronavirus-25-cas-confirmes-dont-24-actifs-et-1-gueri\/"},"modified":"2020-03-27T00:00:00","modified_gmt":"2020-03-27T00:00:00","slug":"togo-coronavirus-25-cas-confirmes-dont-24-actifs-et-1-gueri","status":"publish","type":"post","link":"https:\/\/228news.tg\/index.php\/2020\/03\/27\/togo-coronavirus-25-cas-confirmes-dont-24-actifs-et-1-gueri\/","title":{"rendered":"TOGO\/Coronavirus : 25 cas confirm\u00e9s dont 24 actifs et 1 gu\u00e9ri"},"content":{"rendered":"\n<p>La grande pand\u00e9mie du Coronavirus ne cesse de dicter sa loi au monde entier. Le site officiel du gouvernement\u00a0 togolais, covid19.gouv.tg, annonce  un nouveau cas confirm\u00e9 en ce jour du vendredi 27 Mars 2020 portant le nombre de cas confirm\u00e9s \u00e0 25.<\/p>\n\n\n\n<p>Il s&rsquo;agit d&rsquo;un jeune homme togolais de 29 ans r\u00e9sidant \u00e0 Lom\u00e9, test\u00e9 positif au coronavirus, Le sujet n\u2019a effectu\u00e9 aucun voyage r\u00e9cemment. Il a \u00e9t\u00e9 contamin\u00e9 par un autre cas test\u00e9 positif<\/p>\n\n\n\n<p>Notons que, le site officiel du gouvernement, avait annonc\u00e9 le mercredi 25 Mars dernier, trois (03) nouveaux cas d\u2019infection \u00e0 la Covid-19 augmentant le nombre \u00e0 24.<\/p>\n\n\n\n<p>Il s\u2019agit selon le site d\u2019un homme de 49 ans r\u00e9sidant \u00e0 Lom\u00e9, togolais, venu de la France le 15 mars 2020.<br>\nLe second est un jeune homme de 22 ans, togolais, r\u00e9sident \u00e0 Lom\u00e9, venu de Ouagadougou (Burkina Faso) le 17 mars dernier. Et enfin, un Burkinab\u00e8 de 47 ans, r\u00e9sident \u00e0 Lom\u00e9 mais venu de Ouagadougou le 14 mars 2020.<\/p>\n\n\n\n<p>Mardi 24 Mars 2020, le site a r\u00e9v\u00e9l\u00e9 l\u2019identit\u00e9 de deux autres nouveaux cas enregistr\u00e9s. Selon le site, c\u2019est une h\u00f4tesse de l\u2019air de 37ans, r\u00e9sident \u00e0 Lom\u00e9, qui est revenue de Johannesburg et Kinshasa le 14 mars dernier. Quant au deuxi\u00e8me patient, r\u00e9sident \u00e9galement \u00e0 Lom\u00e9, qui est un homme d\u2019affaire de 47ans, il est revenu de Belgique et France le 19 mars dernier.<\/p>\n\n\n\n<p>Notons qu\u2019aucun d\u00e9c\u00e8s n\u2019est d\u00fb au Coronavirus au Togo. Le premier cas positif est gu\u00e9ri selon le site officiel du gouvernement. Il est \u00e0 noter que les mesures drastiques ont \u00e9t\u00e9 prises par le gouvernement togolais.<\/p>\n\n\n\n<p>En ce qui concerne les consignes sanitaires, il est conseill\u00e9 de:<\/p>\n\n\n\n<ul class=\"wp-block-list\"><li>\u00c9viter les embrassades et les accolades. <\/li><li>Porter les gants et les cache-nez. <\/li><li>Se laver les mains r\u00e9guli\u00e8rement avec de l&rsquo;eau et du savon.<\/li><li>\u00c9viter les attroupements de plusieurs personnes.<\/li><li>Respecter la distance d\u2019un m\u00e8tre entre les proches afin de mettre fin aux barri\u00e8res du Covid-19.<\/li><\/ul>\n\n\n\n<p>En cas de manifestation des sympt\u00f4mes du virus, \u00e0 savoir : une toux, une fi\u00e8vre, des maux de gorge, surtout apr\u00e8s avoir \u00e9t\u00e9 en contact avec des voyageurs venant des pays \u00e0 haut-risque, il est conseill\u00e9 au public d&rsquo;appeler le num\u00e9ro vert 111 (appel gratuit).<\/p>\n\n\n\n<p>Il est conseill\u00e9 au public de s\u2019abstenir de rendre visite \u00e0 toute personne malade ou en auto-isolement et aussi de privil\u00e9gier le paiement mobile (T-money, Flooz, etc) pour les achats et le r\u00e8glement de factures et d\u2019\u00e9viter de manipuler les pi\u00e8ces de monnaie et les billets de banque.<\/p>\n\n\n\n<p><em>Alexandre<\/em><\/p>\n","protected":false},"excerpt":{"rendered":"<p>La grande pand\u00e9mie du Coronavirus ne cesse de dicter sa loi au monde entier. Le site officiel du gouvernement\u00a0 togolais, covid19.gouv.tg, annonce un nouveau cas confirm\u00e9 en ce jour du vendredi 27 Mars 2020 portant le nombre de cas confirm\u00e9s \u00e0 25. Il s&rsquo;agit d&rsquo;un jeune homme togolais de 29 ans r\u00e9sidant \u00e0 Lom\u00e9, test\u00e9 &#8230; <a title=\"TOGO\/Coronavirus : 25 cas confirm\u00e9s dont 24 actifs et 1 gu\u00e9ri\" class=\"read-more\" href=\"https:\/\/228news.tg\/index.php\/2020\/03\/27\/togo-coronavirus-25-cas-confirmes-dont-24-actifs-et-1-gueri\/\" aria-label=\"En savoir plus sur TOGO\/Coronavirus : 25 cas confirm\u00e9s dont 24 actifs et 1 gu\u00e9ri\">Lire la suite<\/a><\/p>\n","protected":false},"author":2,"featured_media":2898,"comment_status":"open","ping_status":"open","sticky":false,"template":"","format":"standard","meta":{"footnotes":""},"categories":[27,25],"tags":[],"class_list":["post-2901","post","type-post","status-publish","format-standard","has-post-thumbnail","hentry","category-sante","category-togo"],"yoast_head":"<!-- This site is optimized with the Yoast SEO plugin v26.4 - https:\/\/yoast.com\/wordpress\/plugins\/seo\/ -->\n<title>TOGO\/Coronavirus : 25 cas confirm\u00e9s dont 24 actifs et 1 gu\u00e9ri - 228 News<\/title>\n<meta name=\"robots\" content=\"index, follow, max-snippet:-1, max-image-preview:large, max-video-preview:-1\" \/>\n<link rel=\"canonical\" href=\"https:\/\/228news.tg\/index.php\/2020\/03\/27\/togo-coronavirus-25-cas-confirmes-dont-24-actifs-et-1-gueri\/\" \/>\n<meta property=\"og:locale\" content=\"fr_FR\" \/>\n<meta property=\"og:type\" content=\"article\" \/>\n<meta property=\"og:title\" content=\"TOGO\/Coronavirus : 25 cas confirm\u00e9s dont 24 actifs et 1 gu\u00e9ri - 228 News\" \/>\n<meta property=\"og:description\" content=\"La grande pand\u00e9mie du Coronavirus ne cesse de dicter sa loi au monde entier. Le site officiel du gouvernement\u00a0 togolais, covid19.gouv.tg, annonce un nouveau cas confirm\u00e9 en ce jour du vendredi 27 Mars 2020 portant le nombre de cas confirm\u00e9s \u00e0 25. Il s&rsquo;agit d&rsquo;un jeune homme togolais de 29 ans r\u00e9sidant \u00e0 Lom\u00e9, test\u00e9 ... Lire la suite\" \/>\n<meta property=\"og:url\" content=\"https:\/\/228news.tg\/index.php\/2020\/03\/27\/togo-coronavirus-25-cas-confirmes-dont-24-actifs-et-1-gueri\/\" \/>\n<meta property=\"og:site_name\" content=\"228 News\" \/>\n<meta property=\"article:published_time\" content=\"2020-03-27T00:00:00+00:00\" \/>\n<meta property=\"og:image\" content=\"https:\/\/228news.tg\/wp-content\/uploads\/2024\/09\/cover-r4x3w1000-5e29a4b9903c4-053-ar-20200123154357-kinq1-a55i6075-154355970.jpg\" \/>\n\t<meta property=\"og:image:width\" content=\"1000\" \/>\n\t<meta property=\"og:image:height\" content=\"750\" \/>\n\t<meta property=\"og:image:type\" content=\"image\/jpeg\" \/>\n<meta name=\"author\" content=\"Bienvenu SAVI\" \/>\n<meta name=\"twitter:card\" content=\"summary_large_image\" \/>\n<meta name=\"twitter:label1\" content=\"\u00c9crit par\" \/>\n\t<meta name=\"twitter:data1\" content=\"Bienvenu SAVI\" \/>\n\t<meta name=\"twitter:label2\" content=\"Dur\u00e9e de lecture estim\u00e9e\" \/>\n\t<meta name=\"twitter:data2\" content=\"2 minutes\" \/>\n<script type=\"application\/ld+json\" class=\"yoast-schema-graph\">{\"@context\":\"https:\/\/schema.org\",\"@graph\":[{\"@type\":\"Article\",\"@id\":\"https:\/\/228news.tg\/index.php\/2020\/03\/27\/togo-coronavirus-25-cas-confirmes-dont-24-actifs-et-1-gueri\/#article\",\"isPartOf\":{\"@id\":\"https:\/\/228news.tg\/index.php\/2020\/03\/27\/togo-coronavirus-25-cas-confirmes-dont-24-actifs-et-1-gueri\/\"},\"author\":{\"name\":\"Bienvenu SAVI\",\"@id\":\"https:\/\/228news.tg\/#\/schema\/person\/68d5a6cc0230290e61235c8379523f52\"},\"headline\":\"TOGO\/Coronavirus : 25 cas confirm\u00e9s dont 24 actifs et 1 gu\u00e9ri\",\"datePublished\":\"2020-03-27T00:00:00+00:00\",\"mainEntityOfPage\":{\"@id\":\"https:\/\/228news.tg\/index.php\/2020\/03\/27\/togo-coronavirus-25-cas-confirmes-dont-24-actifs-et-1-gueri\/\"},\"wordCount\":438,\"commentCount\":0,\"publisher\":{\"@id\":\"https:\/\/228news.tg\/#organization\"},\"image\":{\"@id\":\"https:\/\/228news.tg\/index.php\/2020\/03\/27\/togo-coronavirus-25-cas-confirmes-dont-24-actifs-et-1-gueri\/#primaryimage\"},\"thumbnailUrl\":\"https:\/\/228news.tg\/wp-content\/uploads\/2024\/09\/cover-r4x3w1000-5e29a4b9903c4-053-ar-20200123154357-kinq1-a55i6075-154355970.jpg\",\"articleSection\":[\"Sant\u00e9\",\"TOGO\"],\"inLanguage\":\"fr-FR\",\"potentialAction\":[{\"@type\":\"CommentAction\",\"name\":\"Comment\",\"target\":[\"https:\/\/228news.tg\/index.php\/2020\/03\/27\/togo-coronavirus-25-cas-confirmes-dont-24-actifs-et-1-gueri\/#respond\"]}]},{\"@type\":\"WebPage\",\"@id\":\"https:\/\/228news.tg\/index.php\/2020\/03\/27\/togo-coronavirus-25-cas-confirmes-dont-24-actifs-et-1-gueri\/\",\"url\":\"https:\/\/228news.tg\/index.php\/2020\/03\/27\/togo-coronavirus-25-cas-confirmes-dont-24-actifs-et-1-gueri\/\",\"name\":\"TOGO\/Coronavirus : 25 cas confirm\u00e9s dont 24 actifs et 1 gu\u00e9ri - 228 News\",\"isPartOf\":{\"@id\":\"https:\/\/228news.tg\/#website\"},\"primaryImageOfPage\":{\"@id\":\"https:\/\/228news.tg\/index.php\/2020\/03\/27\/togo-coronavirus-25-cas-confirmes-dont-24-actifs-et-1-gueri\/#primaryimage\"},\"image\":{\"@id\":\"https:\/\/228news.tg\/index.php\/2020\/03\/27\/togo-coronavirus-25-cas-confirmes-dont-24-actifs-et-1-gueri\/#primaryimage\"},\"thumbnailUrl\":\"https:\/\/228news.tg\/wp-content\/uploads\/2024\/09\/cover-r4x3w1000-5e29a4b9903c4-053-ar-20200123154357-kinq1-a55i6075-154355970.jpg\",\"datePublished\":\"2020-03-27T00:00:00+00:00\",\"breadcrumb\":{\"@id\":\"https:\/\/228news.tg\/index.php\/2020\/03\/27\/togo-coronavirus-25-cas-confirmes-dont-24-actifs-et-1-gueri\/#breadcrumb\"},\"inLanguage\":\"fr-FR\",\"potentialAction\":[{\"@type\":\"ReadAction\",\"target\":[\"https:\/\/228news.tg\/index.php\/2020\/03\/27\/togo-coronavirus-25-cas-confirmes-dont-24-actifs-et-1-gueri\/\"]}]},{\"@type\":\"ImageObject\",\"inLanguage\":\"fr-FR\",\"@id\":\"https:\/\/228news.tg\/index.php\/2020\/03\/27\/togo-coronavirus-25-cas-confirmes-dont-24-actifs-et-1-gueri\/#primaryimage\",\"url\":\"https:\/\/228news.tg\/wp-content\/uploads\/2024\/09\/cover-r4x3w1000-5e29a4b9903c4-053-ar-20200123154357-kinq1-a55i6075-154355970.jpg\",\"contentUrl\":\"https:\/\/228news.tg\/wp-content\/uploads\/2024\/09\/cover-r4x3w1000-5e29a4b9903c4-053-ar-20200123154357-kinq1-a55i6075-154355970.jpg\",\"width\":1000,\"height\":750},{\"@type\":\"BreadcrumbList\",\"@id\":\"https:\/\/228news.tg\/index.php\/2020\/03\/27\/togo-coronavirus-25-cas-confirmes-dont-24-actifs-et-1-gueri\/#breadcrumb\",\"itemListElement\":[{\"@type\":\"ListItem\",\"position\":1,\"name\":\"Home\",\"item\":\"https:\/\/228news.tg\/\"},{\"@type\":\"ListItem\",\"position\":2,\"name\":\"TOGO\/Coronavirus : 25 cas confirm\u00e9s dont 24 actifs et 1 gu\u00e9ri\"}]},{\"@type\":\"WebSite\",\"@id\":\"https:\/\/228news.tg\/#website\",\"url\":\"https:\/\/228news.tg\/\",\"name\":\"228 News\",\"description\":\"Soci\u00e9t\u00e9 de m\u00e9dias et d\u2019actualit\u00e9s\",\"publisher\":{\"@id\":\"https:\/\/228news.tg\/#organization\"},\"potentialAction\":[{\"@type\":\"SearchAction\",\"target\":{\"@type\":\"EntryPoint\",\"urlTemplate\":\"https:\/\/228news.tg\/?s={search_term_string}\"},\"query-input\":{\"@type\":\"PropertyValueSpecification\",\"valueRequired\":true,\"valueName\":\"search_term_string\"}}],\"inLanguage\":\"fr-FR\"},{\"@type\":\"Organization\",\"@id\":\"https:\/\/228news.tg\/#organization\",\"name\":\"228 News\",\"url\":\"https:\/\/228news.tg\/\",\"logo\":{\"@type\":\"ImageObject\",\"inLanguage\":\"fr-FR\",\"@id\":\"https:\/\/228news.tg\/#\/schema\/logo\/image\/\",\"url\":\"https:\/\/228news.tg\/wp-content\/uploads\/2024\/09\/logonew.png\",\"contentUrl\":\"https:\/\/228news.tg\/wp-content\/uploads\/2024\/09\/logonew.png\",\"width\":1640,\"height\":364,\"caption\":\"228 News\"},\"image\":{\"@id\":\"https:\/\/228news.tg\/#\/schema\/logo\/image\/\"}},{\"@type\":\"Person\",\"@id\":\"https:\/\/228news.tg\/#\/schema\/person\/68d5a6cc0230290e61235c8379523f52\",\"name\":\"Bienvenu SAVI\",\"image\":{\"@type\":\"ImageObject\",\"inLanguage\":\"fr-FR\",\"@id\":\"https:\/\/228news.tg\/#\/schema\/person\/image\/\",\"url\":\"https:\/\/secure.gravatar.com\/avatar\/9db91895c559e510509c33a3e9683998458e9b828fac36d5d1aa23f0f2fd369b?s=96&d=mm&r=g\",\"contentUrl\":\"https:\/\/secure.gravatar.com\/avatar\/9db91895c559e510509c33a3e9683998458e9b828fac36d5d1aa23f0f2fd369b?s=96&d=mm&r=g\",\"caption\":\"Bienvenu SAVI\"},\"url\":\"https:\/\/228news.tg\/index.php\/author\/bienvenu\/\"}]}<\/script>\n<!-- \/ Yoast SEO plugin. -->","yoast_head_json":{"title":"TOGO\/Coronavirus : 25 cas confirm\u00e9s dont 24 actifs et 1 gu\u00e9ri - 228 News","robots":{"index":"index","follow":"follow","max-snippet":"max-snippet:-1","max-image-preview":"max-image-preview:large","max-video-preview":"max-video-preview:-1"},"canonical":"https:\/\/228news.tg\/index.php\/2020\/03\/27\/togo-coronavirus-25-cas-confirmes-dont-24-actifs-et-1-gueri\/","og_locale":"fr_FR","og_type":"article","og_title":"TOGO\/Coronavirus : 25 cas confirm\u00e9s dont 24 actifs et 1 gu\u00e9ri - 228 News","og_description":"La grande pand\u00e9mie du Coronavirus ne cesse de dicter sa loi au monde entier. Le site officiel du gouvernement\u00a0 togolais, covid19.gouv.tg, annonce un nouveau cas confirm\u00e9 en ce jour du vendredi 27 Mars 2020 portant le nombre de cas confirm\u00e9s \u00e0 25. Il s&rsquo;agit d&rsquo;un jeune homme togolais de 29 ans r\u00e9sidant \u00e0 Lom\u00e9, test\u00e9 ... Lire la suite","og_url":"https:\/\/228news.tg\/index.php\/2020\/03\/27\/togo-coronavirus-25-cas-confirmes-dont-24-actifs-et-1-gueri\/","og_site_name":"228 News","article_published_time":"2020-03-27T00:00:00+00:00","og_image":[{"width":1000,"height":750,"url":"https:\/\/228news.tg\/wp-content\/uploads\/2024\/09\/cover-r4x3w1000-5e29a4b9903c4-053-ar-20200123154357-kinq1-a55i6075-154355970.jpg","type":"image\/jpeg"}],"author":"Bienvenu SAVI","twitter_card":"summary_large_image","twitter_misc":{"\u00c9crit par":"Bienvenu SAVI","Dur\u00e9e de lecture estim\u00e9e":"2 minutes"},"schema":{"@context":"https:\/\/schema.org","@graph":[{"@type":"Article","@id":"https:\/\/228news.tg\/index.php\/2020\/03\/27\/togo-coronavirus-25-cas-confirmes-dont-24-actifs-et-1-gueri\/#article","isPartOf":{"@id":"https:\/\/228news.tg\/index.php\/2020\/03\/27\/togo-coronavirus-25-cas-confirmes-dont-24-actifs-et-1-gueri\/"},"author":{"name":"Bienvenu SAVI","@id":"https:\/\/228news.tg\/#\/schema\/person\/68d5a6cc0230290e61235c8379523f52"},"headline":"TOGO\/Coronavirus : 25 cas confirm\u00e9s dont 24 actifs et 1 gu\u00e9ri","datePublished":"2020-03-27T00:00:00+00:00","mainEntityOfPage":{"@id":"https:\/\/228news.tg\/index.php\/2020\/03\/27\/togo-coronavirus-25-cas-confirmes-dont-24-actifs-et-1-gueri\/"},"wordCount":438,"commentCount":0,"publisher":{"@id":"https:\/\/228news.tg\/#organization"},"image":{"@id":"https:\/\/228news.tg\/index.php\/2020\/03\/27\/togo-coronavirus-25-cas-confirmes-dont-24-actifs-et-1-gueri\/#primaryimage"},"thumbnailUrl":"https:\/\/228news.tg\/wp-content\/uploads\/2024\/09\/cover-r4x3w1000-5e29a4b9903c4-053-ar-20200123154357-kinq1-a55i6075-154355970.jpg","articleSection":["Sant\u00e9","TOGO"],"inLanguage":"fr-FR","potentialAction":[{"@type":"CommentAction","name":"Comment","target":["https:\/\/228news.tg\/index.php\/2020\/03\/27\/togo-coronavirus-25-cas-confirmes-dont-24-actifs-et-1-gueri\/#respond"]}]},{"@type":"WebPage","@id":"https:\/\/228news.tg\/index.php\/2020\/03\/27\/togo-coronavirus-25-cas-confirmes-dont-24-actifs-et-1-gueri\/","url":"https:\/\/228news.tg\/index.php\/2020\/03\/27\/togo-coronavirus-25-cas-confirmes-dont-24-actifs-et-1-gueri\/","name":"TOGO\/Coronavirus : 25 cas confirm\u00e9s dont 24 actifs et 1 gu\u00e9ri - 228 News","isPartOf":{"@id":"https:\/\/228news.tg\/#website"},"primaryImageOfPage":{"@id":"https:\/\/228news.tg\/index.php\/2020\/03\/27\/togo-coronavirus-25-cas-confirmes-dont-24-actifs-et-1-gueri\/#primaryimage"},"image":{"@id":"https:\/\/228news.tg\/index.php\/2020\/03\/27\/togo-coronavirus-25-cas-confirmes-dont-24-actifs-et-1-gueri\/#primaryimage"},"thumbnailUrl":"https:\/\/228news.tg\/wp-content\/uploads\/2024\/09\/cover-r4x3w1000-5e29a4b9903c4-053-ar-20200123154357-kinq1-a55i6075-154355970.jpg","datePublished":"2020-03-27T00:00:00+00:00","breadcrumb":{"@id":"https:\/\/228news.tg\/index.php\/2020\/03\/27\/togo-coronavirus-25-cas-confirmes-dont-24-actifs-et-1-gueri\/#breadcrumb"},"inLanguage":"fr-FR","potentialAction":[{"@type":"ReadAction","target":["https:\/\/228news.tg\/index.php\/2020\/03\/27\/togo-coronavirus-25-cas-confirmes-dont-24-actifs-et-1-gueri\/"]}]},{"@type":"ImageObject","inLanguage":"fr-FR","@id":"https:\/\/228news.tg\/index.php\/2020\/03\/27\/togo-coronavirus-25-cas-confirmes-dont-24-actifs-et-1-gueri\/#primaryimage","url":"https:\/\/228news.tg\/wp-content\/uploads\/2024\/09\/cover-r4x3w1000-5e29a4b9903c4-053-ar-20200123154357-kinq1-a55i6075-154355970.jpg","contentUrl":"https:\/\/228news.tg\/wp-content\/uploads\/2024\/09\/cover-r4x3w1000-5e29a4b9903c4-053-ar-20200123154357-kinq1-a55i6075-154355970.jpg","width":1000,"height":750},{"@type":"BreadcrumbList","@id":"https:\/\/228news.tg\/index.php\/2020\/03\/27\/togo-coronavirus-25-cas-confirmes-dont-24-actifs-et-1-gueri\/#breadcrumb","itemListElement":[{"@type":"ListItem","position":1,"name":"Home","item":"https:\/\/228news.tg\/"},{"@type":"ListItem","position":2,"name":"TOGO\/Coronavirus : 25 cas confirm\u00e9s dont 24 actifs et 1 gu\u00e9ri"}]},{"@type":"WebSite","@id":"https:\/\/228news.tg\/#website","url":"https:\/\/228news.tg\/","name":"228 News","description":"Soci\u00e9t\u00e9 de m\u00e9dias et d\u2019actualit\u00e9s","publisher":{"@id":"https:\/\/228news.tg\/#organization"},"potentialAction":[{"@type":"SearchAction","target":{"@type":"EntryPoint","urlTemplate":"https:\/\/228news.tg\/?s={search_term_string}"},"query-input":{"@type":"PropertyValueSpecification","valueRequired":true,"valueName":"search_term_string"}}],"inLanguage":"fr-FR"},{"@type":"Organization","@id":"https:\/\/228news.tg\/#organization","name":"228 News","url":"https:\/\/228news.tg\/","logo":{"@type":"ImageObject","inLanguage":"fr-FR","@id":"https:\/\/228news.tg\/#\/schema\/logo\/image\/","url":"https:\/\/228news.tg\/wp-content\/uploads\/2024\/09\/logonew.png","contentUrl":"https:\/\/228news.tg\/wp-content\/uploads\/2024\/09\/logonew.png","width":1640,"height":364,"caption":"228 News"},"image":{"@id":"https:\/\/228news.tg\/#\/schema\/logo\/image\/"}},{"@type":"Person","@id":"https:\/\/228news.tg\/#\/schema\/person\/68d5a6cc0230290e61235c8379523f52","name":"Bienvenu SAVI","image":{"@type":"ImageObject","inLanguage":"fr-FR","@id":"https:\/\/228news.tg\/#\/schema\/person\/image\/","url":"https:\/\/secure.gravatar.com\/avatar\/9db91895c559e510509c33a3e9683998458e9b828fac36d5d1aa23f0f2fd369b?s=96&d=mm&r=g","contentUrl":"https:\/\/secure.gravatar.com\/avatar\/9db91895c559e510509c33a3e9683998458e9b828fac36d5d1aa23f0f2fd369b?s=96&d=mm&r=g","caption":"Bienvenu SAVI"},"url":"https:\/\/228news.tg\/index.php\/author\/bienvenu\/"}]}},"jetpack_featured_media_url":"https:\/\/228news.tg\/wp-content\/uploads\/2024\/09\/cover-r4x3w1000-5e29a4b9903c4-053-ar-20200123154357-kinq1-a55i6075-154355970.jpg","_links":{"self":[{"href":"https:\/\/228news.tg\/index.php\/wp-json\/wp\/v2\/posts\/2901","targetHints":{"allow":["GET"]}}],"collection":[{"href":"https:\/\/228news.tg\/index.php\/wp-json\/wp\/v2\/posts"}],"about":[{"href":"https:\/\/228news.tg\/index.php\/wp-json\/wp\/v2\/types\/post"}],"author":[{"embeddable":true,"href":"https:\/\/228news.tg\/index.php\/wp-json\/wp\/v2\/users\/2"}],"replies":[{"embeddable":true,"href":"https:\/\/228news.tg\/index.php\/wp-json\/wp\/v2\/comments?post=2901"}],"version-history":[{"count":0,"href":"https:\/\/228news.tg\/index.php\/wp-json\/wp\/v2\/posts\/2901\/revisions"}],"wp:featuredmedia":[{"embeddable":true,"href":"https:\/\/228news.tg\/index.php\/wp-json\/wp\/v2\/media\/2898"}],"wp:attachment":[{"href":"https:\/\/228news.tg\/index.php\/wp-json\/wp\/v2\/media?parent=2901"}],"wp:term":[{"taxonomy":"category","embeddable":true,"href":"https:\/\/228news.tg\/index.php\/wp-json\/wp\/v2\/categories?post=2901"},{"taxonomy":"post_tag","embeddable":true,"href":"https:\/\/228news.tg\/index.php\/wp-json\/wp\/v2\/tags?post=2901"}],"curies":[{"name":"wp","href":"https:\/\/api.w.org\/{rel}","templated":true}]}}