{"id":2406,"date":"2019-07-27T00:00:00","date_gmt":"2019-07-27T00:00:00","guid":{"rendered":"https:\/\/228news.tg\/index.php\/2019\/07\/27\/journee-africaine-des-mers-et-des-oceans-tous-a-la-plage-face-hotel-santa-maria-ce-main-pour-une-grande-operation-de-nettoyage\/"},"modified":"2019-07-27T00:00:00","modified_gmt":"2019-07-27T00:00:00","slug":"journee-africaine-des-mers-et-des-oceans-tous-a-la-plage-face-hotel-santa-maria-ce-main-pour-une-grande-operation-de-nettoyage","status":"publish","type":"post","link":"https:\/\/228news.tg\/index.php\/2019\/07\/27\/journee-africaine-des-mers-et-des-oceans-tous-a-la-plage-face-hotel-santa-maria-ce-main-pour-une-grande-operation-de-nettoyage\/","title":{"rendered":"Journ\u00e9e africaine des mers et des oc\u00e9ans : Tous \u00e0 la plage face h\u00f4tel Santa Maria ce matin pour une grande op\u00e9ration de nettoyage"},"content":{"rendered":"\n<p><strong>(228NEWS)- <\/strong>Tous les acteurs du secteur maritime, du corps diplomatique,\nles partenaires techniques et financiers du Togo dans le secteur, les OSC, les\nONG, les cadres et agents de l\u2019administration publique et priv\u00e9e, les chefs traditionnels\net locaux sont convi\u00e9s \u00e0 une op\u00e9ration de nettoyage de la plage de Lom\u00e9 en face\nde l\u2019h\u00f4tel Santa Maria, dans la matin\u00e9e de ce samedi 27 juillet par le Haut\nConseil pour la Mer en collaboration avec le minist\u00e8re de l\u2019environnement.<\/p>\n\n\n\n<p>Cette op\u00e9ration s\u2019inscrit dans le cadre des manifestations marquant\nla c\u00e9l\u00e9bration de la journ\u00e9e africaine des mers et des oc\u00e9ans.<\/p>\n\n\n\n<p>Ev\u00e9nement visant \u00e0 mieux sensibiliser les acteurs maritimes\nsur le r\u00f4le primordial que jouent les mers et les oc\u00e9ans dans notre subsistance,\nd\u2019informer e d\u2019attirer l\u2019attention du public sur les diff\u00e9rents enjeux des\noc\u00e9ans et des mers afin de susciter l\u2019envie d\u2019adopter un comportement durable,\nde les prot\u00e9ger et de pr\u00e9server la biodiversit\u00e9 maritime et c\u00f4ti\u00e8re pour une\n\u00e9conomie bleue durable et florissante, cette journ\u00e9e a d\u00e9j\u00e0 \u00e9t\u00e9 marqu\u00e9e le 25 juillet\ndernier par une grande sensibilisation de ces diff\u00e9rents acteurs autour du th\u00e8me\n\u00ab&nbsp;Conserver et exploiter de mani\u00e8re durable les oc\u00e9ans, les mers et les\nressources marines aux fins de d\u00e9veloppement durable&nbsp;\u00bb.<\/p>\n\n\n\n<p>Pr\u00e9sid\u00e9 par le ministre de l\u2019agriculture Noel Bataka, repr\u00e9sentant\nson coll\u00e8gue en charge de l\u2019environnement, cet atelier a \u00e9t\u00e9 l\u2019occasion de remettre\nsur le devant de la sc\u00e8ne ou les avantages li\u00e9s \u00e0 la protection des oc\u00e9ans et\nmers, ainsi que de la biodiversit\u00e9 marine.<\/p>\n\n\n\n<p>Le ministre Bataka a \u00e9galement salu\u00e9 le th\u00e8me annuel retenu\npar l\u2019Union Africaine, \u00ab&nbsp;la protection de la biodiversit\u00e9 marine au-del\u00e0\nde la juridiction nationale, ainsi que la promotion de l\u2019\u00e9conomie bleue&nbsp;\u00bb,\nqui selon lui, s\u2019inscrit pleinement dans la mise en \u0153uvre de l\u2019ODD-14 qui consiste\n\u00e0 conserver et exploiter de mani\u00e8re durable les oc\u00e9ans et les mers aux fins du d\u00e9veloppement\ndurable.<\/p>\n\n\n\n<p>\u00ab&nbsp;Ca h\u00e8me au niveau national appelle \u00e0 des actions s\u2019inscrivant\ndans les axes 1 et 3 du PND et plus exactement dans la mise en \u0153uvre aussi bien\nde la strat\u00e9gie nationale pour la mer et le littoral intitul\u00e9 Prot\u00e9ger durablement\nl\u2019environnement marin et c\u00f4tier que le livre 6 du nouveau code de la marine marchande\na consacr\u00e9 \u00e0 la pollution marine&nbsp;\u00bb, a-t\u2018il&nbsp;\nd\u00e9clar\u00e9.<\/p>\n\n\n\n<p>Le ministre conseiller pour la mer, Stanislas Baba, pour sa part,\n\u00e0 l\u2019occasion de cette journ\u00e9e, appel\u00e9 tous les acteurs \u00e0 adopter des comportements\nsains pour le biotope marin.<\/p>\n\n\n\n<p>\u00ab&nbsp;La protection de notre environnement marin est une n\u00e9cessit\u00e9,\nvoire une obligation pour notre continent au moment o\u00f9 l\u2019Afrique commence \u00e0\ns\u2019approprier de son espace maritime et que les questions maritimes sont prises\nen compte dans les politiques nationales notamment celles sur la s\u00e9curit\u00e9 maritime\net le d\u00e9veloppement de l\u2019\u00e9conomie bleue&nbsp;\u00bb, a-t\u2018il conclu.<\/p>\n\n\n\n<p>Cee journ\u00e9e, faut-il le rappeler, a \u00e9t\u00e9 instaur\u00e9e en 2014\npar l\u2019UA pour chaque 25 juillet, dans le cadre de la mise en \u0153uvre de sa strat\u00e9gie\nmaritime int\u00e9gr\u00e9e sur les mers et les oc\u00e9ans, dite strat\u00e9gie AIM 2050.<\/p>\n\n\n\n<p><strong>D\u00e9mocrate <\/strong><\/p>\n","protected":false},"excerpt":{"rendered":"<p>(228NEWS)- Tous les acteurs du secteur maritime, du corps diplomatique, les partenaires techniques et financiers du Togo dans le secteur, les OSC, les ONG, les cadres et agents de l\u2019administration publique et priv\u00e9e, les chefs traditionnels et locaux sont convi\u00e9s \u00e0 une op\u00e9ration de nettoyage de la plage de Lom\u00e9 en face de l\u2019h\u00f4tel Santa &#8230; <a title=\"Journ\u00e9e africaine des mers et des oc\u00e9ans : Tous \u00e0 la plage face h\u00f4tel Santa Maria ce matin pour une grande op\u00e9ration de nettoyage\" class=\"read-more\" href=\"https:\/\/228news.tg\/index.php\/2019\/07\/27\/journee-africaine-des-mers-et-des-oceans-tous-a-la-plage-face-hotel-santa-maria-ce-main-pour-une-grande-operation-de-nettoyage\/\" aria-label=\"En savoir plus sur Journ\u00e9e africaine des mers et des oc\u00e9ans : Tous \u00e0 la plage face h\u00f4tel Santa Maria ce matin pour une grande op\u00e9ration de nettoyage\">Lire la suite<\/a><\/p>\n","protected":false},"author":2,"featured_media":2407,"comment_status":"open","ping_status":"open","sticky":false,"template":"","format":"standard","meta":{"footnotes":""},"categories":[31,25,34],"tags":[],"class_list":["post-2406","post","type-post","status-publish","format-standard","has-post-thumbnail","hentry","category-developpement","category-togo","category-une"],"yoast_head":"<!-- This site is optimized with the Yoast SEO plugin v26.4 - https:\/\/yoast.com\/wordpress\/plugins\/seo\/ -->\n<title>Journ\u00e9e africaine des mers et des oc\u00e9ans : Tous \u00e0 la plage face h\u00f4tel Santa Maria ce matin pour une grande op\u00e9ration de nettoyage - 228 News<\/title>\n<meta name=\"robots\" content=\"index, follow, max-snippet:-1, max-image-preview:large, max-video-preview:-1\" \/>\n<link rel=\"canonical\" href=\"https:\/\/228news.tg\/index.php\/2019\/07\/27\/journee-africaine-des-mers-et-des-oceans-tous-a-la-plage-face-hotel-santa-maria-ce-main-pour-une-grande-operation-de-nettoyage\/\" \/>\n<meta property=\"og:locale\" content=\"fr_FR\" \/>\n<meta property=\"og:type\" content=\"article\" \/>\n<meta property=\"og:title\" content=\"Journ\u00e9e africaine des mers et des oc\u00e9ans : Tous \u00e0 la plage face h\u00f4tel Santa Maria ce matin pour une grande op\u00e9ration de nettoyage - 228 News\" \/>\n<meta property=\"og:description\" content=\"(228NEWS)- Tous les acteurs du secteur maritime, du corps diplomatique, les partenaires techniques et financiers du Togo dans le secteur, les OSC, les ONG, les cadres et agents de l\u2019administration publique et priv\u00e9e, les chefs traditionnels et locaux sont convi\u00e9s \u00e0 une op\u00e9ration de nettoyage de la plage de Lom\u00e9 en face de l\u2019h\u00f4tel Santa ... Lire la suite\" \/>\n<meta property=\"og:url\" content=\"https:\/\/228news.tg\/index.php\/2019\/07\/27\/journee-africaine-des-mers-et-des-oceans-tous-a-la-plage-face-hotel-santa-maria-ce-main-pour-une-grande-operation-de-nettoyage\/\" \/>\n<meta property=\"og:site_name\" content=\"228 News\" \/>\n<meta property=\"article:published_time\" content=\"2019-07-27T00:00:00+00:00\" \/>\n<meta property=\"og:image\" content=\"https:\/\/228news.tg\/wp-content\/uploads\/2024\/09\/photo_2019-07-27_08-59-12.jpg\" \/>\n\t<meta property=\"og:image:width\" content=\"1280\" \/>\n\t<meta property=\"og:image:height\" content=\"960\" \/>\n\t<meta property=\"og:image:type\" content=\"image\/jpeg\" \/>\n<meta name=\"author\" content=\"Bienvenu SAVI\" \/>\n<meta name=\"twitter:card\" content=\"summary_large_image\" \/>\n<meta name=\"twitter:label1\" content=\"\u00c9crit par\" \/>\n\t<meta name=\"twitter:data1\" content=\"Bienvenu SAVI\" \/>\n\t<meta name=\"twitter:label2\" content=\"Dur\u00e9e de lecture estim\u00e9e\" \/>\n\t<meta name=\"twitter:data2\" content=\"3 minutes\" \/>\n<script type=\"application\/ld+json\" class=\"yoast-schema-graph\">{\"@context\":\"https:\/\/schema.org\",\"@graph\":[{\"@type\":\"Article\",\"@id\":\"https:\/\/228news.tg\/index.php\/2019\/07\/27\/journee-africaine-des-mers-et-des-oceans-tous-a-la-plage-face-hotel-santa-maria-ce-main-pour-une-grande-operation-de-nettoyage\/#article\",\"isPartOf\":{\"@id\":\"https:\/\/228news.tg\/index.php\/2019\/07\/27\/journee-africaine-des-mers-et-des-oceans-tous-a-la-plage-face-hotel-santa-maria-ce-main-pour-une-grande-operation-de-nettoyage\/\"},\"author\":{\"name\":\"Bienvenu SAVI\",\"@id\":\"https:\/\/228news.tg\/#\/schema\/person\/68d5a6cc0230290e61235c8379523f52\"},\"headline\":\"Journ\u00e9e africaine des mers et des oc\u00e9ans : Tous \u00e0 la plage face h\u00f4tel Santa Maria ce matin pour une grande op\u00e9ration de nettoyage\",\"datePublished\":\"2019-07-27T00:00:00+00:00\",\"mainEntityOfPage\":{\"@id\":\"https:\/\/228news.tg\/index.php\/2019\/07\/27\/journee-africaine-des-mers-et-des-oceans-tous-a-la-plage-face-hotel-santa-maria-ce-main-pour-une-grande-operation-de-nettoyage\/\"},\"wordCount\":593,\"commentCount\":0,\"publisher\":{\"@id\":\"https:\/\/228news.tg\/#organization\"},\"image\":{\"@id\":\"https:\/\/228news.tg\/index.php\/2019\/07\/27\/journee-africaine-des-mers-et-des-oceans-tous-a-la-plage-face-hotel-santa-maria-ce-main-pour-une-grande-operation-de-nettoyage\/#primaryimage\"},\"thumbnailUrl\":\"https:\/\/228news.tg\/wp-content\/uploads\/2024\/09\/photo_2019-07-27_08-59-12.jpg\",\"articleSection\":[\"DEVELOPPEMENT\",\"TOGO\",\"Une\"],\"inLanguage\":\"fr-FR\",\"potentialAction\":[{\"@type\":\"CommentAction\",\"name\":\"Comment\",\"target\":[\"https:\/\/228news.tg\/index.php\/2019\/07\/27\/journee-africaine-des-mers-et-des-oceans-tous-a-la-plage-face-hotel-santa-maria-ce-main-pour-une-grande-operation-de-nettoyage\/#respond\"]}]},{\"@type\":\"WebPage\",\"@id\":\"https:\/\/228news.tg\/index.php\/2019\/07\/27\/journee-africaine-des-mers-et-des-oceans-tous-a-la-plage-face-hotel-santa-maria-ce-main-pour-une-grande-operation-de-nettoyage\/\",\"url\":\"https:\/\/228news.tg\/index.php\/2019\/07\/27\/journee-africaine-des-mers-et-des-oceans-tous-a-la-plage-face-hotel-santa-maria-ce-main-pour-une-grande-operation-de-nettoyage\/\",\"name\":\"Journ\u00e9e africaine des mers et des oc\u00e9ans : Tous \u00e0 la plage face h\u00f4tel Santa Maria ce matin pour une grande op\u00e9ration de nettoyage - 228 News\",\"isPartOf\":{\"@id\":\"https:\/\/228news.tg\/#website\"},\"primaryImageOfPage\":{\"@id\":\"https:\/\/228news.tg\/index.php\/2019\/07\/27\/journee-africaine-des-mers-et-des-oceans-tous-a-la-plage-face-hotel-santa-maria-ce-main-pour-une-grande-operation-de-nettoyage\/#primaryimage\"},\"image\":{\"@id\":\"https:\/\/228news.tg\/index.php\/2019\/07\/27\/journee-africaine-des-mers-et-des-oceans-tous-a-la-plage-face-hotel-santa-maria-ce-main-pour-une-grande-operation-de-nettoyage\/#primaryimage\"},\"thumbnailUrl\":\"https:\/\/228news.tg\/wp-content\/uploads\/2024\/09\/photo_2019-07-27_08-59-12.jpg\",\"datePublished\":\"2019-07-27T00:00:00+00:00\",\"breadcrumb\":{\"@id\":\"https:\/\/228news.tg\/index.php\/2019\/07\/27\/journee-africaine-des-mers-et-des-oceans-tous-a-la-plage-face-hotel-santa-maria-ce-main-pour-une-grande-operation-de-nettoyage\/#breadcrumb\"},\"inLanguage\":\"fr-FR\",\"potentialAction\":[{\"@type\":\"ReadAction\",\"target\":[\"https:\/\/228news.tg\/index.php\/2019\/07\/27\/journee-africaine-des-mers-et-des-oceans-tous-a-la-plage-face-hotel-santa-maria-ce-main-pour-une-grande-operation-de-nettoyage\/\"]}]},{\"@type\":\"ImageObject\",\"inLanguage\":\"fr-FR\",\"@id\":\"https:\/\/228news.tg\/index.php\/2019\/07\/27\/journee-africaine-des-mers-et-des-oceans-tous-a-la-plage-face-hotel-santa-maria-ce-main-pour-une-grande-operation-de-nettoyage\/#primaryimage\",\"url\":\"https:\/\/228news.tg\/wp-content\/uploads\/2024\/09\/photo_2019-07-27_08-59-12.jpg\",\"contentUrl\":\"https:\/\/228news.tg\/wp-content\/uploads\/2024\/09\/photo_2019-07-27_08-59-12.jpg\",\"width\":1280,\"height\":960},{\"@type\":\"BreadcrumbList\",\"@id\":\"https:\/\/228news.tg\/index.php\/2019\/07\/27\/journee-africaine-des-mers-et-des-oceans-tous-a-la-plage-face-hotel-santa-maria-ce-main-pour-une-grande-operation-de-nettoyage\/#breadcrumb\",\"itemListElement\":[{\"@type\":\"ListItem\",\"position\":1,\"name\":\"Home\",\"item\":\"https:\/\/228news.tg\/\"},{\"@type\":\"ListItem\",\"position\":2,\"name\":\"Journ\u00e9e africaine des mers et des oc\u00e9ans : Tous \u00e0 la plage face h\u00f4tel Santa Maria ce matin pour une grande op\u00e9ration de nettoyage\"}]},{\"@type\":\"WebSite\",\"@id\":\"https:\/\/228news.tg\/#website\",\"url\":\"https:\/\/228news.tg\/\",\"name\":\"228 News\",\"description\":\"Soci\u00e9t\u00e9 de m\u00e9dias et d\u2019actualit\u00e9s\",\"publisher\":{\"@id\":\"https:\/\/228news.tg\/#organization\"},\"potentialAction\":[{\"@type\":\"SearchAction\",\"target\":{\"@type\":\"EntryPoint\",\"urlTemplate\":\"https:\/\/228news.tg\/?s={search_term_string}\"},\"query-input\":{\"@type\":\"PropertyValueSpecification\",\"valueRequired\":true,\"valueName\":\"search_term_string\"}}],\"inLanguage\":\"fr-FR\"},{\"@type\":\"Organization\",\"@id\":\"https:\/\/228news.tg\/#organization\",\"name\":\"228 News\",\"url\":\"https:\/\/228news.tg\/\",\"logo\":{\"@type\":\"ImageObject\",\"inLanguage\":\"fr-FR\",\"@id\":\"https:\/\/228news.tg\/#\/schema\/logo\/image\/\",\"url\":\"https:\/\/228news.tg\/wp-content\/uploads\/2024\/09\/logonew.png\",\"contentUrl\":\"https:\/\/228news.tg\/wp-content\/uploads\/2024\/09\/logonew.png\",\"width\":1640,\"height\":364,\"caption\":\"228 News\"},\"image\":{\"@id\":\"https:\/\/228news.tg\/#\/schema\/logo\/image\/\"}},{\"@type\":\"Person\",\"@id\":\"https:\/\/228news.tg\/#\/schema\/person\/68d5a6cc0230290e61235c8379523f52\",\"name\":\"Bienvenu SAVI\",\"image\":{\"@type\":\"ImageObject\",\"inLanguage\":\"fr-FR\",\"@id\":\"https:\/\/228news.tg\/#\/schema\/person\/image\/\",\"url\":\"https:\/\/secure.gravatar.com\/avatar\/9db91895c559e510509c33a3e9683998458e9b828fac36d5d1aa23f0f2fd369b?s=96&d=mm&r=g\",\"contentUrl\":\"https:\/\/secure.gravatar.com\/avatar\/9db91895c559e510509c33a3e9683998458e9b828fac36d5d1aa23f0f2fd369b?s=96&d=mm&r=g\",\"caption\":\"Bienvenu SAVI\"},\"url\":\"https:\/\/228news.tg\/index.php\/author\/bienvenu\/\"}]}<\/script>\n<!-- \/ Yoast SEO plugin. -->","yoast_head_json":{"title":"Journ\u00e9e africaine des mers et des oc\u00e9ans : Tous \u00e0 la plage face h\u00f4tel Santa Maria ce matin pour une grande op\u00e9ration de nettoyage - 228 News","robots":{"index":"index","follow":"follow","max-snippet":"max-snippet:-1","max-image-preview":"max-image-preview:large","max-video-preview":"max-video-preview:-1"},"canonical":"https:\/\/228news.tg\/index.php\/2019\/07\/27\/journee-africaine-des-mers-et-des-oceans-tous-a-la-plage-face-hotel-santa-maria-ce-main-pour-une-grande-operation-de-nettoyage\/","og_locale":"fr_FR","og_type":"article","og_title":"Journ\u00e9e africaine des mers et des oc\u00e9ans : Tous \u00e0 la plage face h\u00f4tel Santa Maria ce matin pour une grande op\u00e9ration de nettoyage - 228 News","og_description":"(228NEWS)- Tous les acteurs du secteur maritime, du corps diplomatique, les partenaires techniques et financiers du Togo dans le secteur, les OSC, les ONG, les cadres et agents de l\u2019administration publique et priv\u00e9e, les chefs traditionnels et locaux sont convi\u00e9s \u00e0 une op\u00e9ration de nettoyage de la plage de Lom\u00e9 en face de l\u2019h\u00f4tel Santa ... Lire la suite","og_url":"https:\/\/228news.tg\/index.php\/2019\/07\/27\/journee-africaine-des-mers-et-des-oceans-tous-a-la-plage-face-hotel-santa-maria-ce-main-pour-une-grande-operation-de-nettoyage\/","og_site_name":"228 News","article_published_time":"2019-07-27T00:00:00+00:00","og_image":[{"width":1280,"height":960,"url":"https:\/\/228news.tg\/wp-content\/uploads\/2024\/09\/photo_2019-07-27_08-59-12.jpg","type":"image\/jpeg"}],"author":"Bienvenu SAVI","twitter_card":"summary_large_image","twitter_misc":{"\u00c9crit par":"Bienvenu SAVI","Dur\u00e9e de lecture estim\u00e9e":"3 minutes"},"schema":{"@context":"https:\/\/schema.org","@graph":[{"@type":"Article","@id":"https:\/\/228news.tg\/index.php\/2019\/07\/27\/journee-africaine-des-mers-et-des-oceans-tous-a-la-plage-face-hotel-santa-maria-ce-main-pour-une-grande-operation-de-nettoyage\/#article","isPartOf":{"@id":"https:\/\/228news.tg\/index.php\/2019\/07\/27\/journee-africaine-des-mers-et-des-oceans-tous-a-la-plage-face-hotel-santa-maria-ce-main-pour-une-grande-operation-de-nettoyage\/"},"author":{"name":"Bienvenu SAVI","@id":"https:\/\/228news.tg\/#\/schema\/person\/68d5a6cc0230290e61235c8379523f52"},"headline":"Journ\u00e9e africaine des mers et des oc\u00e9ans : Tous \u00e0 la plage face h\u00f4tel Santa Maria ce matin pour une grande op\u00e9ration de nettoyage","datePublished":"2019-07-27T00:00:00+00:00","mainEntityOfPage":{"@id":"https:\/\/228news.tg\/index.php\/2019\/07\/27\/journee-africaine-des-mers-et-des-oceans-tous-a-la-plage-face-hotel-santa-maria-ce-main-pour-une-grande-operation-de-nettoyage\/"},"wordCount":593,"commentCount":0,"publisher":{"@id":"https:\/\/228news.tg\/#organization"},"image":{"@id":"https:\/\/228news.tg\/index.php\/2019\/07\/27\/journee-africaine-des-mers-et-des-oceans-tous-a-la-plage-face-hotel-santa-maria-ce-main-pour-une-grande-operation-de-nettoyage\/#primaryimage"},"thumbnailUrl":"https:\/\/228news.tg\/wp-content\/uploads\/2024\/09\/photo_2019-07-27_08-59-12.jpg","articleSection":["DEVELOPPEMENT","TOGO","Une"],"inLanguage":"fr-FR","potentialAction":[{"@type":"CommentAction","name":"Comment","target":["https:\/\/228news.tg\/index.php\/2019\/07\/27\/journee-africaine-des-mers-et-des-oceans-tous-a-la-plage-face-hotel-santa-maria-ce-main-pour-une-grande-operation-de-nettoyage\/#respond"]}]},{"@type":"WebPage","@id":"https:\/\/228news.tg\/index.php\/2019\/07\/27\/journee-africaine-des-mers-et-des-oceans-tous-a-la-plage-face-hotel-santa-maria-ce-main-pour-une-grande-operation-de-nettoyage\/","url":"https:\/\/228news.tg\/index.php\/2019\/07\/27\/journee-africaine-des-mers-et-des-oceans-tous-a-la-plage-face-hotel-santa-maria-ce-main-pour-une-grande-operation-de-nettoyage\/","name":"Journ\u00e9e africaine des mers et des oc\u00e9ans : Tous \u00e0 la plage face h\u00f4tel Santa Maria ce matin pour une grande op\u00e9ration de nettoyage - 228 News","isPartOf":{"@id":"https:\/\/228news.tg\/#website"},"primaryImageOfPage":{"@id":"https:\/\/228news.tg\/index.php\/2019\/07\/27\/journee-africaine-des-mers-et-des-oceans-tous-a-la-plage-face-hotel-santa-maria-ce-main-pour-une-grande-operation-de-nettoyage\/#primaryimage"},"image":{"@id":"https:\/\/228news.tg\/index.php\/2019\/07\/27\/journee-africaine-des-mers-et-des-oceans-tous-a-la-plage-face-hotel-santa-maria-ce-main-pour-une-grande-operation-de-nettoyage\/#primaryimage"},"thumbnailUrl":"https:\/\/228news.tg\/wp-content\/uploads\/2024\/09\/photo_2019-07-27_08-59-12.jpg","datePublished":"2019-07-27T00:00:00+00:00","breadcrumb":{"@id":"https:\/\/228news.tg\/index.php\/2019\/07\/27\/journee-africaine-des-mers-et-des-oceans-tous-a-la-plage-face-hotel-santa-maria-ce-main-pour-une-grande-operation-de-nettoyage\/#breadcrumb"},"inLanguage":"fr-FR","potentialAction":[{"@type":"ReadAction","target":["https:\/\/228news.tg\/index.php\/2019\/07\/27\/journee-africaine-des-mers-et-des-oceans-tous-a-la-plage-face-hotel-santa-maria-ce-main-pour-une-grande-operation-de-nettoyage\/"]}]},{"@type":"ImageObject","inLanguage":"fr-FR","@id":"https:\/\/228news.tg\/index.php\/2019\/07\/27\/journee-africaine-des-mers-et-des-oceans-tous-a-la-plage-face-hotel-santa-maria-ce-main-pour-une-grande-operation-de-nettoyage\/#primaryimage","url":"https:\/\/228news.tg\/wp-content\/uploads\/2024\/09\/photo_2019-07-27_08-59-12.jpg","contentUrl":"https:\/\/228news.tg\/wp-content\/uploads\/2024\/09\/photo_2019-07-27_08-59-12.jpg","width":1280,"height":960},{"@type":"BreadcrumbList","@id":"https:\/\/228news.tg\/index.php\/2019\/07\/27\/journee-africaine-des-mers-et-des-oceans-tous-a-la-plage-face-hotel-santa-maria-ce-main-pour-une-grande-operation-de-nettoyage\/#breadcrumb","itemListElement":[{"@type":"ListItem","position":1,"name":"Home","item":"https:\/\/228news.tg\/"},{"@type":"ListItem","position":2,"name":"Journ\u00e9e africaine des mers et des oc\u00e9ans : Tous \u00e0 la plage face h\u00f4tel Santa Maria ce matin pour une grande op\u00e9ration de nettoyage"}]},{"@type":"WebSite","@id":"https:\/\/228news.tg\/#website","url":"https:\/\/228news.tg\/","name":"228 News","description":"Soci\u00e9t\u00e9 de m\u00e9dias et d\u2019actualit\u00e9s","publisher":{"@id":"https:\/\/228news.tg\/#organization"},"potentialAction":[{"@type":"SearchAction","target":{"@type":"EntryPoint","urlTemplate":"https:\/\/228news.tg\/?s={search_term_string}"},"query-input":{"@type":"PropertyValueSpecification","valueRequired":true,"valueName":"search_term_string"}}],"inLanguage":"fr-FR"},{"@type":"Organization","@id":"https:\/\/228news.tg\/#organization","name":"228 News","url":"https:\/\/228news.tg\/","logo":{"@type":"ImageObject","inLanguage":"fr-FR","@id":"https:\/\/228news.tg\/#\/schema\/logo\/image\/","url":"https:\/\/228news.tg\/wp-content\/uploads\/2024\/09\/logonew.png","contentUrl":"https:\/\/228news.tg\/wp-content\/uploads\/2024\/09\/logonew.png","width":1640,"height":364,"caption":"228 News"},"image":{"@id":"https:\/\/228news.tg\/#\/schema\/logo\/image\/"}},{"@type":"Person","@id":"https:\/\/228news.tg\/#\/schema\/person\/68d5a6cc0230290e61235c8379523f52","name":"Bienvenu SAVI","image":{"@type":"ImageObject","inLanguage":"fr-FR","@id":"https:\/\/228news.tg\/#\/schema\/person\/image\/","url":"https:\/\/secure.gravatar.com\/avatar\/9db91895c559e510509c33a3e9683998458e9b828fac36d5d1aa23f0f2fd369b?s=96&d=mm&r=g","contentUrl":"https:\/\/secure.gravatar.com\/avatar\/9db91895c559e510509c33a3e9683998458e9b828fac36d5d1aa23f0f2fd369b?s=96&d=mm&r=g","caption":"Bienvenu SAVI"},"url":"https:\/\/228news.tg\/index.php\/author\/bienvenu\/"}]}},"jetpack_featured_media_url":"https:\/\/228news.tg\/wp-content\/uploads\/2024\/09\/photo_2019-07-27_08-59-12.jpg","_links":{"self":[{"href":"https:\/\/228news.tg\/index.php\/wp-json\/wp\/v2\/posts\/2406","targetHints":{"allow":["GET"]}}],"collection":[{"href":"https:\/\/228news.tg\/index.php\/wp-json\/wp\/v2\/posts"}],"about":[{"href":"https:\/\/228news.tg\/index.php\/wp-json\/wp\/v2\/types\/post"}],"author":[{"embeddable":true,"href":"https:\/\/228news.tg\/index.php\/wp-json\/wp\/v2\/users\/2"}],"replies":[{"embeddable":true,"href":"https:\/\/228news.tg\/index.php\/wp-json\/wp\/v2\/comments?post=2406"}],"version-history":[{"count":0,"href":"https:\/\/228news.tg\/index.php\/wp-json\/wp\/v2\/posts\/2406\/revisions"}],"wp:featuredmedia":[{"embeddable":true,"href":"https:\/\/228news.tg\/index.php\/wp-json\/wp\/v2\/media\/2407"}],"wp:attachment":[{"href":"https:\/\/228news.tg\/index.php\/wp-json\/wp\/v2\/media?parent=2406"}],"wp:term":[{"taxonomy":"category","embeddable":true,"href":"https:\/\/228news.tg\/index.php\/wp-json\/wp\/v2\/categories?post=2406"},{"taxonomy":"post_tag","embeddable":true,"href":"https:\/\/228news.tg\/index.php\/wp-json\/wp\/v2\/tags?post=2406"}],"curies":[{"name":"wp","href":"https:\/\/api.w.org\/{rel}","templated":true}]}}