{"id":2396,"date":"2019-07-11T00:00:00","date_gmt":"2019-07-11T00:00:00","guid":{"rendered":"https:\/\/228news.tg\/index.php\/2019\/07\/11\/evala-2019-le-secretariat-detat-aupres-de-la-presidence-de-la-republique-charge-de-linclusion-financiere-et-du-secteur-informel-aux-petits-soins-des-beneficiaires\/"},"modified":"2019-07-11T00:00:00","modified_gmt":"2019-07-11T00:00:00","slug":"evala-2019-le-secretariat-detat-aupres-de-la-presidence-de-la-republique-charge-de-linclusion-financiere-et-du-secteur-informel-aux-petits-soins-des-beneficiaires","status":"publish","type":"post","link":"https:\/\/228news.tg\/index.php\/2019\/07\/11\/evala-2019-le-secretariat-detat-aupres-de-la-presidence-de-la-republique-charge-de-linclusion-financiere-et-du-secteur-informel-aux-petits-soins-des-beneficiaires\/","title":{"rendered":"Evala 2019: Le Secr\u00e9tariat d\u2019Etat aupr\u00e8s de la Pr\u00e9sidence de la R\u00e9publique charg\u00e9 de l\u2019Inclusion Financi\u00e8re et du Secteur Informel aux petits soins des beneficiaires"},"content":{"rendered":"\n<p>(228NEWS)- Le Secr\u00e9tariat d\u2019Etat aupr\u00e8s de la Pr\u00e9sidence de la R\u00e9publique charg\u00e9 de l\u2019Inclusion Financi\u00e8re et du Secteur Informel sera encore cette ann\u00e9e au rendez vous des f\u00eates traditionnelles en pays Kaby\u00e8, les luttes Evalas afin de renforcer la communication avec les b\u00e9n\u00e9ficiaires r\u00e9els et potentiels de ses diff\u00e9rentes institutions sous sa tutelle.  <\/p>\n\n\n\n<p>Du 13 au 21 juillet prochain, les quinze cantons de la pr\u00e9fecture de la kozah vibreront au rythme de chaudes empoignades des jeunes evalous et les structures sous tutelle du Secr\u00e9tariat d\u2019Etat en l&rsquo;occurrence la Direction de la Promotion de la Finance Inclusive (DPFI), le Fonds National de la Finance Inclusive (FNFI), la D\u00e9l\u00e9gation \u00e0 l\u2019Organisation du Secteur Informel (DOSI) et le Projet National de Promotion de l\u2019Entreprenariat Rural (PNPER) ne seront pas en reste de ces manifestations. <\/p>\n\n\n\n<p>Ces diff\u00e9rentes structures feront le d\u00e9placement de Kara afin de sensibiliser davantage les populations sur les diff\u00e9rentes opportunit\u00e9s qui leur sont offertes pour leur \u00e9panouissement.<br> Pour Mme Assih Mazamaesso, Secr\u00e9taire  d&rsquo;Etat en charge de ce secteur, l&rsquo;idee de base est d&rsquo;informer davantage les populations sur les diff\u00e9rentes strat\u00e9gies d\u2019interventions de la DPFI, du FNFI, de la DOSI et du PNPER. <\/p>\n\n\n\n<p>Tradition au S\u00e9cr\u00e9terait d\u2019Etat de maintenir un contact permanent avec les diff\u00e9rents b\u00e9n\u00e9ficiaires des projets, cette op\u00e9ration va de nouveau toucher pendant une dizaine de jours Pya, Tchitchao, Lama, Bohou, Soumdina ou encore Lassa\u2026 Nous y reviendrons. <\/p>\n\n\n\n<p><strong><em>D\u00e9mocrate<\/em><\/strong> <\/p>\n","protected":false},"excerpt":{"rendered":"<p>(228NEWS)- Le Secr\u00e9tariat d\u2019Etat aupr\u00e8s de la Pr\u00e9sidence de la R\u00e9publique charg\u00e9 de l\u2019Inclusion Financi\u00e8re et du Secteur Informel sera encore cette ann\u00e9e au rendez vous des f\u00eates traditionnelles en pays Kaby\u00e8, les luttes Evalas afin de renforcer la communication avec les b\u00e9n\u00e9ficiaires r\u00e9els et potentiels de ses diff\u00e9rentes institutions sous sa tutelle. Du 13 &#8230; <a title=\"Evala 2019: Le Secr\u00e9tariat d\u2019Etat aupr\u00e8s de la Pr\u00e9sidence de la R\u00e9publique charg\u00e9 de l\u2019Inclusion Financi\u00e8re et du Secteur Informel aux petits soins des beneficiaires\" class=\"read-more\" href=\"https:\/\/228news.tg\/index.php\/2019\/07\/11\/evala-2019-le-secretariat-detat-aupres-de-la-presidence-de-la-republique-charge-de-linclusion-financiere-et-du-secteur-informel-aux-petits-soins-des-beneficiaires\/\" aria-label=\"En savoir plus sur Evala 2019: Le Secr\u00e9tariat d\u2019Etat aupr\u00e8s de la Pr\u00e9sidence de la R\u00e9publique charg\u00e9 de l\u2019Inclusion Financi\u00e8re et du Secteur Informel aux petits soins des beneficiaires\">Lire la suite<\/a><\/p>\n","protected":false},"author":2,"featured_media":2005,"comment_status":"open","ping_status":"open","sticky":false,"template":"","format":"standard","meta":{"footnotes":""},"categories":[31,25,34],"tags":[],"class_list":["post-2396","post","type-post","status-publish","format-standard","has-post-thumbnail","hentry","category-developpement","category-togo","category-une"],"yoast_head":"<!-- This site is optimized with the Yoast SEO plugin v26.4 - https:\/\/yoast.com\/wordpress\/plugins\/seo\/ -->\n<title>Evala 2019: Le Secr\u00e9tariat d\u2019Etat aupr\u00e8s de la Pr\u00e9sidence de la R\u00e9publique charg\u00e9 de l\u2019Inclusion Financi\u00e8re et du Secteur Informel aux petits soins des beneficiaires - 228 News<\/title>\n<meta name=\"robots\" content=\"index, follow, max-snippet:-1, max-image-preview:large, max-video-preview:-1\" \/>\n<link rel=\"canonical\" href=\"https:\/\/228news.tg\/index.php\/2019\/07\/11\/evala-2019-le-secretariat-detat-aupres-de-la-presidence-de-la-republique-charge-de-linclusion-financiere-et-du-secteur-informel-aux-petits-soins-des-beneficiaires\/\" \/>\n<meta property=\"og:locale\" content=\"fr_FR\" \/>\n<meta property=\"og:type\" content=\"article\" \/>\n<meta property=\"og:title\" content=\"Evala 2019: Le Secr\u00e9tariat d\u2019Etat aupr\u00e8s de la Pr\u00e9sidence de la R\u00e9publique charg\u00e9 de l\u2019Inclusion Financi\u00e8re et du Secteur Informel aux petits soins des beneficiaires - 228 News\" \/>\n<meta property=\"og:description\" content=\"(228NEWS)- Le Secr\u00e9tariat d\u2019Etat aupr\u00e8s de la Pr\u00e9sidence de la R\u00e9publique charg\u00e9 de l\u2019Inclusion Financi\u00e8re et du Secteur Informel sera encore cette ann\u00e9e au rendez vous des f\u00eates traditionnelles en pays Kaby\u00e8, les luttes Evalas afin de renforcer la communication avec les b\u00e9n\u00e9ficiaires r\u00e9els et potentiels de ses diff\u00e9rentes institutions sous sa tutelle. Du 13 ... Lire la suite\" \/>\n<meta property=\"og:url\" content=\"https:\/\/228news.tg\/index.php\/2019\/07\/11\/evala-2019-le-secretariat-detat-aupres-de-la-presidence-de-la-republique-charge-de-linclusion-financiere-et-du-secteur-informel-aux-petits-soins-des-beneficiaires\/\" \/>\n<meta property=\"og:site_name\" content=\"228 News\" \/>\n<meta property=\"article:published_time\" content=\"2019-07-11T00:00:00+00:00\" \/>\n<meta property=\"og:image\" content=\"https:\/\/228news.tg\/wp-content\/uploads\/2024\/09\/images-1-10.jpg\" \/>\n\t<meta property=\"og:image:width\" content=\"290\" \/>\n\t<meta property=\"og:image:height\" content=\"174\" \/>\n\t<meta property=\"og:image:type\" content=\"image\/jpeg\" \/>\n<meta name=\"author\" content=\"Bienvenu SAVI\" \/>\n<meta name=\"twitter:card\" content=\"summary_large_image\" \/>\n<meta name=\"twitter:label1\" content=\"\u00c9crit par\" \/>\n\t<meta name=\"twitter:data1\" content=\"Bienvenu SAVI\" \/>\n\t<meta name=\"twitter:label2\" content=\"Dur\u00e9e de lecture estim\u00e9e\" \/>\n\t<meta name=\"twitter:data2\" content=\"1 minute\" \/>\n<script type=\"application\/ld+json\" class=\"yoast-schema-graph\">{\"@context\":\"https:\/\/schema.org\",\"@graph\":[{\"@type\":\"Article\",\"@id\":\"https:\/\/228news.tg\/index.php\/2019\/07\/11\/evala-2019-le-secretariat-detat-aupres-de-la-presidence-de-la-republique-charge-de-linclusion-financiere-et-du-secteur-informel-aux-petits-soins-des-beneficiaires\/#article\",\"isPartOf\":{\"@id\":\"https:\/\/228news.tg\/index.php\/2019\/07\/11\/evala-2019-le-secretariat-detat-aupres-de-la-presidence-de-la-republique-charge-de-linclusion-financiere-et-du-secteur-informel-aux-petits-soins-des-beneficiaires\/\"},\"author\":{\"name\":\"Bienvenu SAVI\",\"@id\":\"https:\/\/228news.tg\/#\/schema\/person\/68d5a6cc0230290e61235c8379523f52\"},\"headline\":\"Evala 2019: Le Secr\u00e9tariat d\u2019Etat aupr\u00e8s de la Pr\u00e9sidence de la R\u00e9publique charg\u00e9 de l\u2019Inclusion Financi\u00e8re et du Secteur Informel aux petits soins des beneficiaires\",\"datePublished\":\"2019-07-11T00:00:00+00:00\",\"mainEntityOfPage\":{\"@id\":\"https:\/\/228news.tg\/index.php\/2019\/07\/11\/evala-2019-le-secretariat-detat-aupres-de-la-presidence-de-la-republique-charge-de-linclusion-financiere-et-du-secteur-informel-aux-petits-soins-des-beneficiaires\/\"},\"wordCount\":298,\"commentCount\":0,\"publisher\":{\"@id\":\"https:\/\/228news.tg\/#organization\"},\"image\":{\"@id\":\"https:\/\/228news.tg\/index.php\/2019\/07\/11\/evala-2019-le-secretariat-detat-aupres-de-la-presidence-de-la-republique-charge-de-linclusion-financiere-et-du-secteur-informel-aux-petits-soins-des-beneficiaires\/#primaryimage\"},\"thumbnailUrl\":\"https:\/\/228news.tg\/wp-content\/uploads\/2024\/09\/images-1-10.jpg\",\"articleSection\":[\"DEVELOPPEMENT\",\"TOGO\",\"Une\"],\"inLanguage\":\"fr-FR\",\"potentialAction\":[{\"@type\":\"CommentAction\",\"name\":\"Comment\",\"target\":[\"https:\/\/228news.tg\/index.php\/2019\/07\/11\/evala-2019-le-secretariat-detat-aupres-de-la-presidence-de-la-republique-charge-de-linclusion-financiere-et-du-secteur-informel-aux-petits-soins-des-beneficiaires\/#respond\"]}]},{\"@type\":\"WebPage\",\"@id\":\"https:\/\/228news.tg\/index.php\/2019\/07\/11\/evala-2019-le-secretariat-detat-aupres-de-la-presidence-de-la-republique-charge-de-linclusion-financiere-et-du-secteur-informel-aux-petits-soins-des-beneficiaires\/\",\"url\":\"https:\/\/228news.tg\/index.php\/2019\/07\/11\/evala-2019-le-secretariat-detat-aupres-de-la-presidence-de-la-republique-charge-de-linclusion-financiere-et-du-secteur-informel-aux-petits-soins-des-beneficiaires\/\",\"name\":\"Evala 2019: Le Secr\u00e9tariat d\u2019Etat aupr\u00e8s de la Pr\u00e9sidence de la R\u00e9publique charg\u00e9 de l\u2019Inclusion Financi\u00e8re et du Secteur Informel aux petits soins des beneficiaires - 228 News\",\"isPartOf\":{\"@id\":\"https:\/\/228news.tg\/#website\"},\"primaryImageOfPage\":{\"@id\":\"https:\/\/228news.tg\/index.php\/2019\/07\/11\/evala-2019-le-secretariat-detat-aupres-de-la-presidence-de-la-republique-charge-de-linclusion-financiere-et-du-secteur-informel-aux-petits-soins-des-beneficiaires\/#primaryimage\"},\"image\":{\"@id\":\"https:\/\/228news.tg\/index.php\/2019\/07\/11\/evala-2019-le-secretariat-detat-aupres-de-la-presidence-de-la-republique-charge-de-linclusion-financiere-et-du-secteur-informel-aux-petits-soins-des-beneficiaires\/#primaryimage\"},\"thumbnailUrl\":\"https:\/\/228news.tg\/wp-content\/uploads\/2024\/09\/images-1-10.jpg\",\"datePublished\":\"2019-07-11T00:00:00+00:00\",\"breadcrumb\":{\"@id\":\"https:\/\/228news.tg\/index.php\/2019\/07\/11\/evala-2019-le-secretariat-detat-aupres-de-la-presidence-de-la-republique-charge-de-linclusion-financiere-et-du-secteur-informel-aux-petits-soins-des-beneficiaires\/#breadcrumb\"},\"inLanguage\":\"fr-FR\",\"potentialAction\":[{\"@type\":\"ReadAction\",\"target\":[\"https:\/\/228news.tg\/index.php\/2019\/07\/11\/evala-2019-le-secretariat-detat-aupres-de-la-presidence-de-la-republique-charge-de-linclusion-financiere-et-du-secteur-informel-aux-petits-soins-des-beneficiaires\/\"]}]},{\"@type\":\"ImageObject\",\"inLanguage\":\"fr-FR\",\"@id\":\"https:\/\/228news.tg\/index.php\/2019\/07\/11\/evala-2019-le-secretariat-detat-aupres-de-la-presidence-de-la-republique-charge-de-linclusion-financiere-et-du-secteur-informel-aux-petits-soins-des-beneficiaires\/#primaryimage\",\"url\":\"https:\/\/228news.tg\/wp-content\/uploads\/2024\/09\/images-1-10.jpg\",\"contentUrl\":\"https:\/\/228news.tg\/wp-content\/uploads\/2024\/09\/images-1-10.jpg\",\"width\":290,\"height\":174},{\"@type\":\"BreadcrumbList\",\"@id\":\"https:\/\/228news.tg\/index.php\/2019\/07\/11\/evala-2019-le-secretariat-detat-aupres-de-la-presidence-de-la-republique-charge-de-linclusion-financiere-et-du-secteur-informel-aux-petits-soins-des-beneficiaires\/#breadcrumb\",\"itemListElement\":[{\"@type\":\"ListItem\",\"position\":1,\"name\":\"Home\",\"item\":\"https:\/\/228news.tg\/\"},{\"@type\":\"ListItem\",\"position\":2,\"name\":\"Evala 2019: Le Secr\u00e9tariat d\u2019Etat aupr\u00e8s de la Pr\u00e9sidence de la R\u00e9publique charg\u00e9 de l\u2019Inclusion Financi\u00e8re et du Secteur Informel aux petits soins des beneficiaires\"}]},{\"@type\":\"WebSite\",\"@id\":\"https:\/\/228news.tg\/#website\",\"url\":\"https:\/\/228news.tg\/\",\"name\":\"228 News\",\"description\":\"Soci\u00e9t\u00e9 de m\u00e9dias et d\u2019actualit\u00e9s\",\"publisher\":{\"@id\":\"https:\/\/228news.tg\/#organization\"},\"potentialAction\":[{\"@type\":\"SearchAction\",\"target\":{\"@type\":\"EntryPoint\",\"urlTemplate\":\"https:\/\/228news.tg\/?s={search_term_string}\"},\"query-input\":{\"@type\":\"PropertyValueSpecification\",\"valueRequired\":true,\"valueName\":\"search_term_string\"}}],\"inLanguage\":\"fr-FR\"},{\"@type\":\"Organization\",\"@id\":\"https:\/\/228news.tg\/#organization\",\"name\":\"228 News\",\"url\":\"https:\/\/228news.tg\/\",\"logo\":{\"@type\":\"ImageObject\",\"inLanguage\":\"fr-FR\",\"@id\":\"https:\/\/228news.tg\/#\/schema\/logo\/image\/\",\"url\":\"https:\/\/228news.tg\/wp-content\/uploads\/2024\/09\/logonew.png\",\"contentUrl\":\"https:\/\/228news.tg\/wp-content\/uploads\/2024\/09\/logonew.png\",\"width\":1640,\"height\":364,\"caption\":\"228 News\"},\"image\":{\"@id\":\"https:\/\/228news.tg\/#\/schema\/logo\/image\/\"}},{\"@type\":\"Person\",\"@id\":\"https:\/\/228news.tg\/#\/schema\/person\/68d5a6cc0230290e61235c8379523f52\",\"name\":\"Bienvenu SAVI\",\"image\":{\"@type\":\"ImageObject\",\"inLanguage\":\"fr-FR\",\"@id\":\"https:\/\/228news.tg\/#\/schema\/person\/image\/\",\"url\":\"https:\/\/secure.gravatar.com\/avatar\/9db91895c559e510509c33a3e9683998458e9b828fac36d5d1aa23f0f2fd369b?s=96&d=mm&r=g\",\"contentUrl\":\"https:\/\/secure.gravatar.com\/avatar\/9db91895c559e510509c33a3e9683998458e9b828fac36d5d1aa23f0f2fd369b?s=96&d=mm&r=g\",\"caption\":\"Bienvenu SAVI\"},\"url\":\"https:\/\/228news.tg\/index.php\/author\/bienvenu\/\"}]}<\/script>\n<!-- \/ Yoast SEO plugin. -->","yoast_head_json":{"title":"Evala 2019: Le Secr\u00e9tariat d\u2019Etat aupr\u00e8s de la Pr\u00e9sidence de la R\u00e9publique charg\u00e9 de l\u2019Inclusion Financi\u00e8re et du Secteur Informel aux petits soins des beneficiaires - 228 News","robots":{"index":"index","follow":"follow","max-snippet":"max-snippet:-1","max-image-preview":"max-image-preview:large","max-video-preview":"max-video-preview:-1"},"canonical":"https:\/\/228news.tg\/index.php\/2019\/07\/11\/evala-2019-le-secretariat-detat-aupres-de-la-presidence-de-la-republique-charge-de-linclusion-financiere-et-du-secteur-informel-aux-petits-soins-des-beneficiaires\/","og_locale":"fr_FR","og_type":"article","og_title":"Evala 2019: Le Secr\u00e9tariat d\u2019Etat aupr\u00e8s de la Pr\u00e9sidence de la R\u00e9publique charg\u00e9 de l\u2019Inclusion Financi\u00e8re et du Secteur Informel aux petits soins des beneficiaires - 228 News","og_description":"(228NEWS)- Le Secr\u00e9tariat d\u2019Etat aupr\u00e8s de la Pr\u00e9sidence de la R\u00e9publique charg\u00e9 de l\u2019Inclusion Financi\u00e8re et du Secteur Informel sera encore cette ann\u00e9e au rendez vous des f\u00eates traditionnelles en pays Kaby\u00e8, les luttes Evalas afin de renforcer la communication avec les b\u00e9n\u00e9ficiaires r\u00e9els et potentiels de ses diff\u00e9rentes institutions sous sa tutelle. Du 13 ... Lire la suite","og_url":"https:\/\/228news.tg\/index.php\/2019\/07\/11\/evala-2019-le-secretariat-detat-aupres-de-la-presidence-de-la-republique-charge-de-linclusion-financiere-et-du-secteur-informel-aux-petits-soins-des-beneficiaires\/","og_site_name":"228 News","article_published_time":"2019-07-11T00:00:00+00:00","og_image":[{"width":290,"height":174,"url":"https:\/\/228news.tg\/wp-content\/uploads\/2024\/09\/images-1-10.jpg","type":"image\/jpeg"}],"author":"Bienvenu SAVI","twitter_card":"summary_large_image","twitter_misc":{"\u00c9crit par":"Bienvenu SAVI","Dur\u00e9e de lecture estim\u00e9e":"1 minute"},"schema":{"@context":"https:\/\/schema.org","@graph":[{"@type":"Article","@id":"https:\/\/228news.tg\/index.php\/2019\/07\/11\/evala-2019-le-secretariat-detat-aupres-de-la-presidence-de-la-republique-charge-de-linclusion-financiere-et-du-secteur-informel-aux-petits-soins-des-beneficiaires\/#article","isPartOf":{"@id":"https:\/\/228news.tg\/index.php\/2019\/07\/11\/evala-2019-le-secretariat-detat-aupres-de-la-presidence-de-la-republique-charge-de-linclusion-financiere-et-du-secteur-informel-aux-petits-soins-des-beneficiaires\/"},"author":{"name":"Bienvenu SAVI","@id":"https:\/\/228news.tg\/#\/schema\/person\/68d5a6cc0230290e61235c8379523f52"},"headline":"Evala 2019: Le Secr\u00e9tariat d\u2019Etat aupr\u00e8s de la Pr\u00e9sidence de la R\u00e9publique charg\u00e9 de l\u2019Inclusion Financi\u00e8re et du Secteur Informel aux petits soins des beneficiaires","datePublished":"2019-07-11T00:00:00+00:00","mainEntityOfPage":{"@id":"https:\/\/228news.tg\/index.php\/2019\/07\/11\/evala-2019-le-secretariat-detat-aupres-de-la-presidence-de-la-republique-charge-de-linclusion-financiere-et-du-secteur-informel-aux-petits-soins-des-beneficiaires\/"},"wordCount":298,"commentCount":0,"publisher":{"@id":"https:\/\/228news.tg\/#organization"},"image":{"@id":"https:\/\/228news.tg\/index.php\/2019\/07\/11\/evala-2019-le-secretariat-detat-aupres-de-la-presidence-de-la-republique-charge-de-linclusion-financiere-et-du-secteur-informel-aux-petits-soins-des-beneficiaires\/#primaryimage"},"thumbnailUrl":"https:\/\/228news.tg\/wp-content\/uploads\/2024\/09\/images-1-10.jpg","articleSection":["DEVELOPPEMENT","TOGO","Une"],"inLanguage":"fr-FR","potentialAction":[{"@type":"CommentAction","name":"Comment","target":["https:\/\/228news.tg\/index.php\/2019\/07\/11\/evala-2019-le-secretariat-detat-aupres-de-la-presidence-de-la-republique-charge-de-linclusion-financiere-et-du-secteur-informel-aux-petits-soins-des-beneficiaires\/#respond"]}]},{"@type":"WebPage","@id":"https:\/\/228news.tg\/index.php\/2019\/07\/11\/evala-2019-le-secretariat-detat-aupres-de-la-presidence-de-la-republique-charge-de-linclusion-financiere-et-du-secteur-informel-aux-petits-soins-des-beneficiaires\/","url":"https:\/\/228news.tg\/index.php\/2019\/07\/11\/evala-2019-le-secretariat-detat-aupres-de-la-presidence-de-la-republique-charge-de-linclusion-financiere-et-du-secteur-informel-aux-petits-soins-des-beneficiaires\/","name":"Evala 2019: Le Secr\u00e9tariat d\u2019Etat aupr\u00e8s de la Pr\u00e9sidence de la R\u00e9publique charg\u00e9 de l\u2019Inclusion Financi\u00e8re et du Secteur Informel aux petits soins des beneficiaires - 228 News","isPartOf":{"@id":"https:\/\/228news.tg\/#website"},"primaryImageOfPage":{"@id":"https:\/\/228news.tg\/index.php\/2019\/07\/11\/evala-2019-le-secretariat-detat-aupres-de-la-presidence-de-la-republique-charge-de-linclusion-financiere-et-du-secteur-informel-aux-petits-soins-des-beneficiaires\/#primaryimage"},"image":{"@id":"https:\/\/228news.tg\/index.php\/2019\/07\/11\/evala-2019-le-secretariat-detat-aupres-de-la-presidence-de-la-republique-charge-de-linclusion-financiere-et-du-secteur-informel-aux-petits-soins-des-beneficiaires\/#primaryimage"},"thumbnailUrl":"https:\/\/228news.tg\/wp-content\/uploads\/2024\/09\/images-1-10.jpg","datePublished":"2019-07-11T00:00:00+00:00","breadcrumb":{"@id":"https:\/\/228news.tg\/index.php\/2019\/07\/11\/evala-2019-le-secretariat-detat-aupres-de-la-presidence-de-la-republique-charge-de-linclusion-financiere-et-du-secteur-informel-aux-petits-soins-des-beneficiaires\/#breadcrumb"},"inLanguage":"fr-FR","potentialAction":[{"@type":"ReadAction","target":["https:\/\/228news.tg\/index.php\/2019\/07\/11\/evala-2019-le-secretariat-detat-aupres-de-la-presidence-de-la-republique-charge-de-linclusion-financiere-et-du-secteur-informel-aux-petits-soins-des-beneficiaires\/"]}]},{"@type":"ImageObject","inLanguage":"fr-FR","@id":"https:\/\/228news.tg\/index.php\/2019\/07\/11\/evala-2019-le-secretariat-detat-aupres-de-la-presidence-de-la-republique-charge-de-linclusion-financiere-et-du-secteur-informel-aux-petits-soins-des-beneficiaires\/#primaryimage","url":"https:\/\/228news.tg\/wp-content\/uploads\/2024\/09\/images-1-10.jpg","contentUrl":"https:\/\/228news.tg\/wp-content\/uploads\/2024\/09\/images-1-10.jpg","width":290,"height":174},{"@type":"BreadcrumbList","@id":"https:\/\/228news.tg\/index.php\/2019\/07\/11\/evala-2019-le-secretariat-detat-aupres-de-la-presidence-de-la-republique-charge-de-linclusion-financiere-et-du-secteur-informel-aux-petits-soins-des-beneficiaires\/#breadcrumb","itemListElement":[{"@type":"ListItem","position":1,"name":"Home","item":"https:\/\/228news.tg\/"},{"@type":"ListItem","position":2,"name":"Evala 2019: Le Secr\u00e9tariat d\u2019Etat aupr\u00e8s de la Pr\u00e9sidence de la R\u00e9publique charg\u00e9 de l\u2019Inclusion Financi\u00e8re et du Secteur Informel aux petits soins des beneficiaires"}]},{"@type":"WebSite","@id":"https:\/\/228news.tg\/#website","url":"https:\/\/228news.tg\/","name":"228 News","description":"Soci\u00e9t\u00e9 de m\u00e9dias et d\u2019actualit\u00e9s","publisher":{"@id":"https:\/\/228news.tg\/#organization"},"potentialAction":[{"@type":"SearchAction","target":{"@type":"EntryPoint","urlTemplate":"https:\/\/228news.tg\/?s={search_term_string}"},"query-input":{"@type":"PropertyValueSpecification","valueRequired":true,"valueName":"search_term_string"}}],"inLanguage":"fr-FR"},{"@type":"Organization","@id":"https:\/\/228news.tg\/#organization","name":"228 News","url":"https:\/\/228news.tg\/","logo":{"@type":"ImageObject","inLanguage":"fr-FR","@id":"https:\/\/228news.tg\/#\/schema\/logo\/image\/","url":"https:\/\/228news.tg\/wp-content\/uploads\/2024\/09\/logonew.png","contentUrl":"https:\/\/228news.tg\/wp-content\/uploads\/2024\/09\/logonew.png","width":1640,"height":364,"caption":"228 News"},"image":{"@id":"https:\/\/228news.tg\/#\/schema\/logo\/image\/"}},{"@type":"Person","@id":"https:\/\/228news.tg\/#\/schema\/person\/68d5a6cc0230290e61235c8379523f52","name":"Bienvenu SAVI","image":{"@type":"ImageObject","inLanguage":"fr-FR","@id":"https:\/\/228news.tg\/#\/schema\/person\/image\/","url":"https:\/\/secure.gravatar.com\/avatar\/9db91895c559e510509c33a3e9683998458e9b828fac36d5d1aa23f0f2fd369b?s=96&d=mm&r=g","contentUrl":"https:\/\/secure.gravatar.com\/avatar\/9db91895c559e510509c33a3e9683998458e9b828fac36d5d1aa23f0f2fd369b?s=96&d=mm&r=g","caption":"Bienvenu SAVI"},"url":"https:\/\/228news.tg\/index.php\/author\/bienvenu\/"}]}},"jetpack_featured_media_url":"https:\/\/228news.tg\/wp-content\/uploads\/2024\/09\/images-1-10.jpg","_links":{"self":[{"href":"https:\/\/228news.tg\/index.php\/wp-json\/wp\/v2\/posts\/2396","targetHints":{"allow":["GET"]}}],"collection":[{"href":"https:\/\/228news.tg\/index.php\/wp-json\/wp\/v2\/posts"}],"about":[{"href":"https:\/\/228news.tg\/index.php\/wp-json\/wp\/v2\/types\/post"}],"author":[{"embeddable":true,"href":"https:\/\/228news.tg\/index.php\/wp-json\/wp\/v2\/users\/2"}],"replies":[{"embeddable":true,"href":"https:\/\/228news.tg\/index.php\/wp-json\/wp\/v2\/comments?post=2396"}],"version-history":[{"count":0,"href":"https:\/\/228news.tg\/index.php\/wp-json\/wp\/v2\/posts\/2396\/revisions"}],"wp:featuredmedia":[{"embeddable":true,"href":"https:\/\/228news.tg\/index.php\/wp-json\/wp\/v2\/media\/2005"}],"wp:attachment":[{"href":"https:\/\/228news.tg\/index.php\/wp-json\/wp\/v2\/media?parent=2396"}],"wp:term":[{"taxonomy":"category","embeddable":true,"href":"https:\/\/228news.tg\/index.php\/wp-json\/wp\/v2\/categories?post=2396"},{"taxonomy":"post_tag","embeddable":true,"href":"https:\/\/228news.tg\/index.php\/wp-json\/wp\/v2\/tags?post=2396"}],"curies":[{"name":"wp","href":"https:\/\/api.w.org\/{rel}","templated":true}]}}