{"id":2363,"date":"2019-06-19T00:00:00","date_gmt":"2019-06-19T00:00:00","guid":{"rendered":"https:\/\/228news.tg\/index.php\/2019\/06\/19\/elections-apaisees-lajpnv-initie-un-gala-de-football-le-23-juin-pour-la-cause\/"},"modified":"2019-06-19T00:00:00","modified_gmt":"2019-06-19T00:00:00","slug":"elections-apaisees-lajpnv-initie-un-gala-de-football-le-23-juin-pour-la-cause","status":"publish","type":"post","link":"https:\/\/228news.tg\/index.php\/2019\/06\/19\/elections-apaisees-lajpnv-initie-un-gala-de-football-le-23-juin-pour-la-cause\/","title":{"rendered":"\u00c9lections apais\u00e9es: L&rsquo;AJPNV initie un gala de football le 23 juin pour la cause"},"content":{"rendered":"\n<p>(228NEWS)- Le cuir rond n&rsquo;a jamais cess\u00e9 de rouler sur l&rsquo;aire de jeu du CEG Cacav\u00e9li, dans la banlieue d&rsquo;Ago\u00e8. Mais le dimanche 23 juin prochain, il aura une saveur particuli\u00e8re.<\/p>\n\n\n\n<p>Pour cause, le ballon rond sera une service d&rsquo;une noble cause port\u00e9e par une jeune Association des Jeunes pour a Promotion de la Non-Violence (AJPNV).<\/p>\n\n\n\n<p>D\u00e9nomm\u00e9e gala de la paix et de la non-violence, cette initiative vise \u00e0 sensibiliser la jeunesse d&rsquo;Ago\u00e8 autour des id\u00e9aux de paix et de coh\u00e9sion sociale, avant pendant et apr\u00e8s les \u00e9lections locales.<\/p>\n\n\n\n<p>Pour Jean Claude Gbongli, Pr\u00e9sident de l&rsquo;AJPNV, il s&rsquo;agit \u00e9galement d&rsquo;apporter un soutien populaire aux minist\u00e8re de la s\u00e9curit\u00e9 et de la protection civile dans sa mission de protection civile des populations.<\/p>\n\n\n\n<p>\u00ab\u00a0La paix est un gage de d\u00e9veloppement. Apr\u00e8s les \u00e9v\u00e9nements du 19 ao\u00fbt 2017, les chefs d\u2019\u00c9tats et de gouvernements de la CEDEAO en ont conscience, c&rsquo;est pou cela qu&rsquo;ils ont d\u00e9fini une feuille de route afin de parvenir de nouveau \u00e0 la tranquillit\u00e9 dans notre cher pays. Apr\u00e8s le succ\u00e8s des l\u00e9gislatives, il est important pour nous d&rsquo;apporter notre contribution \u00e0 la consolidation du climat de paix qui en es d\u00e9coul\u00e9.\u00a0\u00bb, a-t-il confi\u00e9 avant d&rsquo;inviter toutes les populations d&rsquo;Ago\u00e8 \u00e0 faire massivement le d\u00e9placement du CEG Cacav\u00e9li le dimanche prochain.<\/p>\n\n\n\n<p>La comp\u00e9tition mettra aux prises quatre (04) s\u00e9lections qui seront d\u00e9partag\u00e9es par les demi-finales. <\/p>\n\n\n\n<p>Il s&rsquo;agit d&rsquo;une s\u00e9lection mixte d\u00e9nomm\u00e9e TCA Cacav\u00e9li qui croisera les crampons avec Cronos FC, suivi de Roi des rois FC contre Comi FC.<\/p>\n\n\n\n<p>La finale qui se d\u00e9roulera dans la soir\u00e9e sera pr\u00e9c\u00e9d\u00e9e d&rsquo;une grande caravane qui sillonnera les rues d&rsquo;Ago\u00e8. <\/p>\n\n\n\n<p>Des jeux questions r\u00e9ponses dot\u00e9s de prix sont aussi au menu, ainsi que des distinctions r\u00e9compensant les meilleurs acteurs de la journ\u00e9e.<\/p>\n\n\n\n<p>D\u00e9mocrate<\/p>\n\n\n\n<p><\/p>\n\n\n\n<p><\/p>\n","protected":false},"excerpt":{"rendered":"<p>(228NEWS)- Le cuir rond n&rsquo;a jamais cess\u00e9 de rouler sur l&rsquo;aire de jeu du CEG Cacav\u00e9li, dans la banlieue d&rsquo;Ago\u00e8. Mais le dimanche 23 juin prochain, il aura une saveur particuli\u00e8re. Pour cause, le ballon rond sera une service d&rsquo;une noble cause port\u00e9e par une jeune Association des Jeunes pour a Promotion de la Non-Violence &#8230; <a title=\"\u00c9lections apais\u00e9es: L&rsquo;AJPNV initie un gala de football le 23 juin pour la cause\" class=\"read-more\" href=\"https:\/\/228news.tg\/index.php\/2019\/06\/19\/elections-apaisees-lajpnv-initie-un-gala-de-football-le-23-juin-pour-la-cause\/\" aria-label=\"En savoir plus sur \u00c9lections apais\u00e9es: L&rsquo;AJPNV initie un gala de football le 23 juin pour la cause\">Lire la suite<\/a><\/p>\n","protected":false},"author":2,"featured_media":2364,"comment_status":"open","ping_status":"open","sticky":false,"template":"","format":"standard","meta":{"footnotes":""},"categories":[35,29,24,25,34],"tags":[],"class_list":["post-2363","post","type-post","status-publish","format-standard","has-post-thumbnail","hentry","category-flash","category-societe","category-sports","category-togo","category-une"],"yoast_head":"<!-- This site is optimized with the Yoast SEO plugin v26.4 - https:\/\/yoast.com\/wordpress\/plugins\/seo\/ -->\n<title>\u00c9lections apais\u00e9es: L&#039;AJPNV initie un gala de football le 23 juin pour la cause - 228 News<\/title>\n<meta name=\"robots\" content=\"index, follow, max-snippet:-1, max-image-preview:large, max-video-preview:-1\" \/>\n<link rel=\"canonical\" href=\"https:\/\/228news.tg\/index.php\/2019\/06\/19\/elections-apaisees-lajpnv-initie-un-gala-de-football-le-23-juin-pour-la-cause\/\" \/>\n<meta property=\"og:locale\" content=\"fr_FR\" \/>\n<meta property=\"og:type\" content=\"article\" \/>\n<meta property=\"og:title\" content=\"\u00c9lections apais\u00e9es: L&#039;AJPNV initie un gala de football le 23 juin pour la cause - 228 News\" \/>\n<meta property=\"og:description\" content=\"(228NEWS)- Le cuir rond n&rsquo;a jamais cess\u00e9 de rouler sur l&rsquo;aire de jeu du CEG Cacav\u00e9li, dans la banlieue d&rsquo;Ago\u00e8. Mais le dimanche 23 juin prochain, il aura une saveur particuli\u00e8re. Pour cause, le ballon rond sera une service d&rsquo;une noble cause port\u00e9e par une jeune Association des Jeunes pour a Promotion de la Non-Violence ... Lire la suite\" \/>\n<meta property=\"og:url\" content=\"https:\/\/228news.tg\/index.php\/2019\/06\/19\/elections-apaisees-lajpnv-initie-un-gala-de-football-le-23-juin-pour-la-cause\/\" \/>\n<meta property=\"og:site_name\" content=\"228 News\" \/>\n<meta property=\"article:published_time\" content=\"2019-06-19T00:00:00+00:00\" \/>\n<meta property=\"og:image\" content=\"https:\/\/228news.tg\/wp-content\/uploads\/2024\/09\/IMG_20190619_092429.jpg\" \/>\n\t<meta property=\"og:image:width\" content=\"2560\" \/>\n\t<meta property=\"og:image:height\" content=\"1920\" \/>\n\t<meta property=\"og:image:type\" content=\"image\/jpeg\" \/>\n<meta name=\"author\" content=\"Bienvenu SAVI\" \/>\n<meta name=\"twitter:card\" content=\"summary_large_image\" \/>\n<meta name=\"twitter:label1\" content=\"\u00c9crit par\" \/>\n\t<meta name=\"twitter:data1\" content=\"Bienvenu SAVI\" \/>\n\t<meta name=\"twitter:label2\" content=\"Dur\u00e9e de lecture estim\u00e9e\" \/>\n\t<meta name=\"twitter:data2\" content=\"2 minutes\" \/>\n<script type=\"application\/ld+json\" class=\"yoast-schema-graph\">{\"@context\":\"https:\/\/schema.org\",\"@graph\":[{\"@type\":\"Article\",\"@id\":\"https:\/\/228news.tg\/index.php\/2019\/06\/19\/elections-apaisees-lajpnv-initie-un-gala-de-football-le-23-juin-pour-la-cause\/#article\",\"isPartOf\":{\"@id\":\"https:\/\/228news.tg\/index.php\/2019\/06\/19\/elections-apaisees-lajpnv-initie-un-gala-de-football-le-23-juin-pour-la-cause\/\"},\"author\":{\"name\":\"Bienvenu SAVI\",\"@id\":\"https:\/\/228news.tg\/#\/schema\/person\/68d5a6cc0230290e61235c8379523f52\"},\"headline\":\"\u00c9lections apais\u00e9es: L&rsquo;AJPNV initie un gala de football le 23 juin pour la cause\",\"datePublished\":\"2019-06-19T00:00:00+00:00\",\"mainEntityOfPage\":{\"@id\":\"https:\/\/228news.tg\/index.php\/2019\/06\/19\/elections-apaisees-lajpnv-initie-un-gala-de-football-le-23-juin-pour-la-cause\/\"},\"wordCount\":357,\"commentCount\":0,\"publisher\":{\"@id\":\"https:\/\/228news.tg\/#organization\"},\"image\":{\"@id\":\"https:\/\/228news.tg\/index.php\/2019\/06\/19\/elections-apaisees-lajpnv-initie-un-gala-de-football-le-23-juin-pour-la-cause\/#primaryimage\"},\"thumbnailUrl\":\"https:\/\/228news.tg\/wp-content\/uploads\/2024\/09\/IMG_20190619_092429.jpg\",\"articleSection\":[\"Flash\",\"SOCIETE\",\"SPORTS\",\"TOGO\",\"Une\"],\"inLanguage\":\"fr-FR\",\"potentialAction\":[{\"@type\":\"CommentAction\",\"name\":\"Comment\",\"target\":[\"https:\/\/228news.tg\/index.php\/2019\/06\/19\/elections-apaisees-lajpnv-initie-un-gala-de-football-le-23-juin-pour-la-cause\/#respond\"]}]},{\"@type\":\"WebPage\",\"@id\":\"https:\/\/228news.tg\/index.php\/2019\/06\/19\/elections-apaisees-lajpnv-initie-un-gala-de-football-le-23-juin-pour-la-cause\/\",\"url\":\"https:\/\/228news.tg\/index.php\/2019\/06\/19\/elections-apaisees-lajpnv-initie-un-gala-de-football-le-23-juin-pour-la-cause\/\",\"name\":\"\u00c9lections apais\u00e9es: L'AJPNV initie un gala de football le 23 juin pour la cause - 228 News\",\"isPartOf\":{\"@id\":\"https:\/\/228news.tg\/#website\"},\"primaryImageOfPage\":{\"@id\":\"https:\/\/228news.tg\/index.php\/2019\/06\/19\/elections-apaisees-lajpnv-initie-un-gala-de-football-le-23-juin-pour-la-cause\/#primaryimage\"},\"image\":{\"@id\":\"https:\/\/228news.tg\/index.php\/2019\/06\/19\/elections-apaisees-lajpnv-initie-un-gala-de-football-le-23-juin-pour-la-cause\/#primaryimage\"},\"thumbnailUrl\":\"https:\/\/228news.tg\/wp-content\/uploads\/2024\/09\/IMG_20190619_092429.jpg\",\"datePublished\":\"2019-06-19T00:00:00+00:00\",\"breadcrumb\":{\"@id\":\"https:\/\/228news.tg\/index.php\/2019\/06\/19\/elections-apaisees-lajpnv-initie-un-gala-de-football-le-23-juin-pour-la-cause\/#breadcrumb\"},\"inLanguage\":\"fr-FR\",\"potentialAction\":[{\"@type\":\"ReadAction\",\"target\":[\"https:\/\/228news.tg\/index.php\/2019\/06\/19\/elections-apaisees-lajpnv-initie-un-gala-de-football-le-23-juin-pour-la-cause\/\"]}]},{\"@type\":\"ImageObject\",\"inLanguage\":\"fr-FR\",\"@id\":\"https:\/\/228news.tg\/index.php\/2019\/06\/19\/elections-apaisees-lajpnv-initie-un-gala-de-football-le-23-juin-pour-la-cause\/#primaryimage\",\"url\":\"https:\/\/228news.tg\/wp-content\/uploads\/2024\/09\/IMG_20190619_092429.jpg\",\"contentUrl\":\"https:\/\/228news.tg\/wp-content\/uploads\/2024\/09\/IMG_20190619_092429.jpg\",\"width\":2560,\"height\":1920},{\"@type\":\"BreadcrumbList\",\"@id\":\"https:\/\/228news.tg\/index.php\/2019\/06\/19\/elections-apaisees-lajpnv-initie-un-gala-de-football-le-23-juin-pour-la-cause\/#breadcrumb\",\"itemListElement\":[{\"@type\":\"ListItem\",\"position\":1,\"name\":\"Home\",\"item\":\"https:\/\/228news.tg\/\"},{\"@type\":\"ListItem\",\"position\":2,\"name\":\"\u00c9lections apais\u00e9es: L&rsquo;AJPNV initie un gala de football le 23 juin pour la cause\"}]},{\"@type\":\"WebSite\",\"@id\":\"https:\/\/228news.tg\/#website\",\"url\":\"https:\/\/228news.tg\/\",\"name\":\"228 News\",\"description\":\"Soci\u00e9t\u00e9 de m\u00e9dias et d\u2019actualit\u00e9s\",\"publisher\":{\"@id\":\"https:\/\/228news.tg\/#organization\"},\"potentialAction\":[{\"@type\":\"SearchAction\",\"target\":{\"@type\":\"EntryPoint\",\"urlTemplate\":\"https:\/\/228news.tg\/?s={search_term_string}\"},\"query-input\":{\"@type\":\"PropertyValueSpecification\",\"valueRequired\":true,\"valueName\":\"search_term_string\"}}],\"inLanguage\":\"fr-FR\"},{\"@type\":\"Organization\",\"@id\":\"https:\/\/228news.tg\/#organization\",\"name\":\"228 News\",\"url\":\"https:\/\/228news.tg\/\",\"logo\":{\"@type\":\"ImageObject\",\"inLanguage\":\"fr-FR\",\"@id\":\"https:\/\/228news.tg\/#\/schema\/logo\/image\/\",\"url\":\"https:\/\/228news.tg\/wp-content\/uploads\/2024\/09\/logonew.png\",\"contentUrl\":\"https:\/\/228news.tg\/wp-content\/uploads\/2024\/09\/logonew.png\",\"width\":1640,\"height\":364,\"caption\":\"228 News\"},\"image\":{\"@id\":\"https:\/\/228news.tg\/#\/schema\/logo\/image\/\"}},{\"@type\":\"Person\",\"@id\":\"https:\/\/228news.tg\/#\/schema\/person\/68d5a6cc0230290e61235c8379523f52\",\"name\":\"Bienvenu SAVI\",\"image\":{\"@type\":\"ImageObject\",\"inLanguage\":\"fr-FR\",\"@id\":\"https:\/\/228news.tg\/#\/schema\/person\/image\/\",\"url\":\"https:\/\/secure.gravatar.com\/avatar\/9db91895c559e510509c33a3e9683998458e9b828fac36d5d1aa23f0f2fd369b?s=96&d=mm&r=g\",\"contentUrl\":\"https:\/\/secure.gravatar.com\/avatar\/9db91895c559e510509c33a3e9683998458e9b828fac36d5d1aa23f0f2fd369b?s=96&d=mm&r=g\",\"caption\":\"Bienvenu SAVI\"},\"url\":\"https:\/\/228news.tg\/index.php\/author\/bienvenu\/\"}]}<\/script>\n<!-- \/ Yoast SEO plugin. -->","yoast_head_json":{"title":"\u00c9lections apais\u00e9es: L'AJPNV initie un gala de football le 23 juin pour la cause - 228 News","robots":{"index":"index","follow":"follow","max-snippet":"max-snippet:-1","max-image-preview":"max-image-preview:large","max-video-preview":"max-video-preview:-1"},"canonical":"https:\/\/228news.tg\/index.php\/2019\/06\/19\/elections-apaisees-lajpnv-initie-un-gala-de-football-le-23-juin-pour-la-cause\/","og_locale":"fr_FR","og_type":"article","og_title":"\u00c9lections apais\u00e9es: L'AJPNV initie un gala de football le 23 juin pour la cause - 228 News","og_description":"(228NEWS)- Le cuir rond n&rsquo;a jamais cess\u00e9 de rouler sur l&rsquo;aire de jeu du CEG Cacav\u00e9li, dans la banlieue d&rsquo;Ago\u00e8. Mais le dimanche 23 juin prochain, il aura une saveur particuli\u00e8re. Pour cause, le ballon rond sera une service d&rsquo;une noble cause port\u00e9e par une jeune Association des Jeunes pour a Promotion de la Non-Violence ... Lire la suite","og_url":"https:\/\/228news.tg\/index.php\/2019\/06\/19\/elections-apaisees-lajpnv-initie-un-gala-de-football-le-23-juin-pour-la-cause\/","og_site_name":"228 News","article_published_time":"2019-06-19T00:00:00+00:00","og_image":[{"width":2560,"height":1920,"url":"https:\/\/228news.tg\/wp-content\/uploads\/2024\/09\/IMG_20190619_092429.jpg","type":"image\/jpeg"}],"author":"Bienvenu SAVI","twitter_card":"summary_large_image","twitter_misc":{"\u00c9crit par":"Bienvenu SAVI","Dur\u00e9e de lecture estim\u00e9e":"2 minutes"},"schema":{"@context":"https:\/\/schema.org","@graph":[{"@type":"Article","@id":"https:\/\/228news.tg\/index.php\/2019\/06\/19\/elections-apaisees-lajpnv-initie-un-gala-de-football-le-23-juin-pour-la-cause\/#article","isPartOf":{"@id":"https:\/\/228news.tg\/index.php\/2019\/06\/19\/elections-apaisees-lajpnv-initie-un-gala-de-football-le-23-juin-pour-la-cause\/"},"author":{"name":"Bienvenu SAVI","@id":"https:\/\/228news.tg\/#\/schema\/person\/68d5a6cc0230290e61235c8379523f52"},"headline":"\u00c9lections apais\u00e9es: L&rsquo;AJPNV initie un gala de football le 23 juin pour la cause","datePublished":"2019-06-19T00:00:00+00:00","mainEntityOfPage":{"@id":"https:\/\/228news.tg\/index.php\/2019\/06\/19\/elections-apaisees-lajpnv-initie-un-gala-de-football-le-23-juin-pour-la-cause\/"},"wordCount":357,"commentCount":0,"publisher":{"@id":"https:\/\/228news.tg\/#organization"},"image":{"@id":"https:\/\/228news.tg\/index.php\/2019\/06\/19\/elections-apaisees-lajpnv-initie-un-gala-de-football-le-23-juin-pour-la-cause\/#primaryimage"},"thumbnailUrl":"https:\/\/228news.tg\/wp-content\/uploads\/2024\/09\/IMG_20190619_092429.jpg","articleSection":["Flash","SOCIETE","SPORTS","TOGO","Une"],"inLanguage":"fr-FR","potentialAction":[{"@type":"CommentAction","name":"Comment","target":["https:\/\/228news.tg\/index.php\/2019\/06\/19\/elections-apaisees-lajpnv-initie-un-gala-de-football-le-23-juin-pour-la-cause\/#respond"]}]},{"@type":"WebPage","@id":"https:\/\/228news.tg\/index.php\/2019\/06\/19\/elections-apaisees-lajpnv-initie-un-gala-de-football-le-23-juin-pour-la-cause\/","url":"https:\/\/228news.tg\/index.php\/2019\/06\/19\/elections-apaisees-lajpnv-initie-un-gala-de-football-le-23-juin-pour-la-cause\/","name":"\u00c9lections apais\u00e9es: L'AJPNV initie un gala de football le 23 juin pour la cause - 228 News","isPartOf":{"@id":"https:\/\/228news.tg\/#website"},"primaryImageOfPage":{"@id":"https:\/\/228news.tg\/index.php\/2019\/06\/19\/elections-apaisees-lajpnv-initie-un-gala-de-football-le-23-juin-pour-la-cause\/#primaryimage"},"image":{"@id":"https:\/\/228news.tg\/index.php\/2019\/06\/19\/elections-apaisees-lajpnv-initie-un-gala-de-football-le-23-juin-pour-la-cause\/#primaryimage"},"thumbnailUrl":"https:\/\/228news.tg\/wp-content\/uploads\/2024\/09\/IMG_20190619_092429.jpg","datePublished":"2019-06-19T00:00:00+00:00","breadcrumb":{"@id":"https:\/\/228news.tg\/index.php\/2019\/06\/19\/elections-apaisees-lajpnv-initie-un-gala-de-football-le-23-juin-pour-la-cause\/#breadcrumb"},"inLanguage":"fr-FR","potentialAction":[{"@type":"ReadAction","target":["https:\/\/228news.tg\/index.php\/2019\/06\/19\/elections-apaisees-lajpnv-initie-un-gala-de-football-le-23-juin-pour-la-cause\/"]}]},{"@type":"ImageObject","inLanguage":"fr-FR","@id":"https:\/\/228news.tg\/index.php\/2019\/06\/19\/elections-apaisees-lajpnv-initie-un-gala-de-football-le-23-juin-pour-la-cause\/#primaryimage","url":"https:\/\/228news.tg\/wp-content\/uploads\/2024\/09\/IMG_20190619_092429.jpg","contentUrl":"https:\/\/228news.tg\/wp-content\/uploads\/2024\/09\/IMG_20190619_092429.jpg","width":2560,"height":1920},{"@type":"BreadcrumbList","@id":"https:\/\/228news.tg\/index.php\/2019\/06\/19\/elections-apaisees-lajpnv-initie-un-gala-de-football-le-23-juin-pour-la-cause\/#breadcrumb","itemListElement":[{"@type":"ListItem","position":1,"name":"Home","item":"https:\/\/228news.tg\/"},{"@type":"ListItem","position":2,"name":"\u00c9lections apais\u00e9es: L&rsquo;AJPNV initie un gala de football le 23 juin pour la cause"}]},{"@type":"WebSite","@id":"https:\/\/228news.tg\/#website","url":"https:\/\/228news.tg\/","name":"228 News","description":"Soci\u00e9t\u00e9 de m\u00e9dias et d\u2019actualit\u00e9s","publisher":{"@id":"https:\/\/228news.tg\/#organization"},"potentialAction":[{"@type":"SearchAction","target":{"@type":"EntryPoint","urlTemplate":"https:\/\/228news.tg\/?s={search_term_string}"},"query-input":{"@type":"PropertyValueSpecification","valueRequired":true,"valueName":"search_term_string"}}],"inLanguage":"fr-FR"},{"@type":"Organization","@id":"https:\/\/228news.tg\/#organization","name":"228 News","url":"https:\/\/228news.tg\/","logo":{"@type":"ImageObject","inLanguage":"fr-FR","@id":"https:\/\/228news.tg\/#\/schema\/logo\/image\/","url":"https:\/\/228news.tg\/wp-content\/uploads\/2024\/09\/logonew.png","contentUrl":"https:\/\/228news.tg\/wp-content\/uploads\/2024\/09\/logonew.png","width":1640,"height":364,"caption":"228 News"},"image":{"@id":"https:\/\/228news.tg\/#\/schema\/logo\/image\/"}},{"@type":"Person","@id":"https:\/\/228news.tg\/#\/schema\/person\/68d5a6cc0230290e61235c8379523f52","name":"Bienvenu SAVI","image":{"@type":"ImageObject","inLanguage":"fr-FR","@id":"https:\/\/228news.tg\/#\/schema\/person\/image\/","url":"https:\/\/secure.gravatar.com\/avatar\/9db91895c559e510509c33a3e9683998458e9b828fac36d5d1aa23f0f2fd369b?s=96&d=mm&r=g","contentUrl":"https:\/\/secure.gravatar.com\/avatar\/9db91895c559e510509c33a3e9683998458e9b828fac36d5d1aa23f0f2fd369b?s=96&d=mm&r=g","caption":"Bienvenu SAVI"},"url":"https:\/\/228news.tg\/index.php\/author\/bienvenu\/"}]}},"jetpack_featured_media_url":"https:\/\/228news.tg\/wp-content\/uploads\/2024\/09\/IMG_20190619_092429.jpg","_links":{"self":[{"href":"https:\/\/228news.tg\/index.php\/wp-json\/wp\/v2\/posts\/2363","targetHints":{"allow":["GET"]}}],"collection":[{"href":"https:\/\/228news.tg\/index.php\/wp-json\/wp\/v2\/posts"}],"about":[{"href":"https:\/\/228news.tg\/index.php\/wp-json\/wp\/v2\/types\/post"}],"author":[{"embeddable":true,"href":"https:\/\/228news.tg\/index.php\/wp-json\/wp\/v2\/users\/2"}],"replies":[{"embeddable":true,"href":"https:\/\/228news.tg\/index.php\/wp-json\/wp\/v2\/comments?post=2363"}],"version-history":[{"count":0,"href":"https:\/\/228news.tg\/index.php\/wp-json\/wp\/v2\/posts\/2363\/revisions"}],"wp:featuredmedia":[{"embeddable":true,"href":"https:\/\/228news.tg\/index.php\/wp-json\/wp\/v2\/media\/2364"}],"wp:attachment":[{"href":"https:\/\/228news.tg\/index.php\/wp-json\/wp\/v2\/media?parent=2363"}],"wp:term":[{"taxonomy":"category","embeddable":true,"href":"https:\/\/228news.tg\/index.php\/wp-json\/wp\/v2\/categories?post=2363"},{"taxonomy":"post_tag","embeddable":true,"href":"https:\/\/228news.tg\/index.php\/wp-json\/wp\/v2\/tags?post=2363"}],"curies":[{"name":"wp","href":"https:\/\/api.w.org\/{rel}","templated":true}]}}