{"id":2359,"date":"2019-06-19T00:00:00","date_gmt":"2019-06-19T00:00:00","guid":{"rendered":"https:\/\/228news.tg\/index.php\/2019\/06\/19\/golfe-7-segbegan-kleme-agokpanou-wougome-et-wougome-dekpo-ont-communie-avec-unir-ce-mercredi\/"},"modified":"2024-09-09T14:09:22","modified_gmt":"2024-09-09T14:09:22","slug":"golfe-7-segbegan-kleme-agokpanou-wougome-et-wougome-dekpo-ont-communie-avec-unir-ce-mercredi","status":"publish","type":"post","link":"https:\/\/228news.tg\/index.php\/2019\/06\/19\/golfe-7-segbegan-kleme-agokpanou-wougome-et-wougome-dekpo-ont-communie-avec-unir-ce-mercredi\/","title":{"rendered":"Golfe 7: S\u00e9gb\u00e9gan, Kl\u00e9m\u00e9 Agokpanou, Wougom\u00e9 et Wougom\u00e9 D\u00e9kpo ont communi\u00e9 avec UNIR ce mercredi"},"content":{"rendered":"\n<p>(228NEWS)- L&rsquo;op\u00e9ration de charme pour les prochaines locales continue dans la commune de Sagbado pour l&rsquo;Union pour la R\u00e9publique (UNIR, parti au pouvoir) dont les 24 candidats \u00e9taient en campagne ce mercredi 19 juin dans les cantons de S\u00e9gb\u00e9gan, Kl\u00e9m\u00e9 Agokpanou, Wougom\u00e9 et Wougom\u00e9 D\u00e9kpo (cantons situ\u00e9s au nord ouest de la commune).<\/p>\n\n\n\n<p>Partout et tour \u00e0 tour, les diff\u00e9rents candidats du parti dans le golfe 7 ont instruit les population sur la d\u00e9centralisation et les avantages y li\u00e9s.<\/p>\n\n\n\n<p>Il a \u00e9t\u00e9 essentiellement question de leur faire comprendre le vrai pouvoir que le gouvernement togolais leur d\u00e9l\u00e8gue et le capital choix auquel elles seront confront\u00e9es le 30 juin prochain.<\/p>\n\n\n\n<div class=\"wp-block-image\"><figure class=\"alignleft is-resized\"><img decoding=\"async\" src=\"https:\/\/228news.tg\/wp-content\/uploads\/2024\/09\/IMG_20190619_173709-1024x768.jpg\" alt=\"\" class=\"wp-image-4433\" width=\"236\" height=\"177\"\/><figcaption><em>Visite surprise de l&rsquo;honorable Raymonde Kayi Lawson \u00e0 la liste UNIR Sagbado <\/em><\/figcaption><\/figure><\/div>\n\n\n\n<p>La liste UNIR Sagbado s&rsquo;oppose aujourd&rsquo;hui en alternative pour le d\u00e9veloppement de la commune de Sagbado.<\/p>\n\n\n\n<p>Aim\u00e9 Djikounou, locomotive de la liste a ax\u00e9 ce jour son discours sur la r\u00e9alisation des infrastructures sociocollectives de base en l&rsquo;occurrence les \u00e9coles, l&rsquo;\u00e9tat civil, les h\u00f4pitaux, les services publics de base que sont l&rsquo;eau l&rsquo;\u00e9lectricit\u00e9, les march\u00e9s pour un d\u00e9veloppement communautaire inclusif.<\/p>\n\n\n\n\n\n\n\n<p>Pour lui, le PND doit partir des communaut\u00e9s \u00e0 la base avant d&rsquo;aller au sommet.<\/p>\n\n\n\n<p>Il a rencontr\u00e9 une massive adh\u00e9sion des communaut\u00e9s qui ensemble ont communi\u00e9 avec lui et ses colistiers dans une ferveur hors norme.<\/p>\n\n\n\n<p>Le clou aura \u00e9t\u00e9 la visite surprise de l&rsquo;honorable Raymonde Kayi, D\u00e9l\u00e9gu\u00e9e nationale du Mouvement des Femmes UNIR (MFU), lors d&rsquo;une visite elle m\u00eame surprise, \u00e0 un groupement culturel \u00e0 Yoko\u00e8 dan la soir\u00e9e.<\/p>\n\n\n\n<p>Cette derni\u00e8re a confi\u00e9 un total satisf\u00e9cit durant les cinq jours de campagne et r\u00e9affirm\u00e9 sa foi en la victoire des id\u00e9aux du parti partout au Togo.<\/p>\n\n\n\n<p>La campagne se poursuit jusqu&rsquo;au 28 juin dans cette commune qui affiche 18 listes.<\/p>\n\n\n\n<p>D\u00e9mocrate<\/p>\n\n\n\n<p><\/p>\n\n\n\n<p><\/p>\n","protected":false},"excerpt":{"rendered":"<p>(228NEWS)- L&rsquo;op\u00e9ration de charme pour les prochaines locales continue dans la commune de Sagbado pour l&rsquo;Union pour la R\u00e9publique (UNIR, parti au pouvoir) dont les 24 candidats \u00e9taient en campagne ce mercredi 19 juin dans les cantons de S\u00e9gb\u00e9gan, Kl\u00e9m\u00e9 Agokpanou, Wougom\u00e9 et Wougom\u00e9 D\u00e9kpo (cantons situ\u00e9s au nord ouest de la commune). Partout et &#8230; <a title=\"Golfe 7: S\u00e9gb\u00e9gan, Kl\u00e9m\u00e9 Agokpanou, Wougom\u00e9 et Wougom\u00e9 D\u00e9kpo ont communi\u00e9 avec UNIR ce mercredi\" class=\"read-more\" href=\"https:\/\/228news.tg\/index.php\/2019\/06\/19\/golfe-7-segbegan-kleme-agokpanou-wougome-et-wougome-dekpo-ont-communie-avec-unir-ce-mercredi\/\" aria-label=\"En savoir plus sur Golfe 7: S\u00e9gb\u00e9gan, Kl\u00e9m\u00e9 Agokpanou, Wougom\u00e9 et Wougom\u00e9 D\u00e9kpo ont communi\u00e9 avec UNIR ce mercredi\">Lire la suite<\/a><\/p>\n","protected":false},"author":2,"featured_media":2362,"comment_status":"open","ping_status":"open","sticky":false,"template":"","format":"standard","meta":{"footnotes":""},"categories":[35,33,25,34],"tags":[],"class_list":["post-2359","post","type-post","status-publish","format-standard","has-post-thumbnail","hentry","category-flash","category-politique","category-togo","category-une"],"yoast_head":"<!-- This site is optimized with the Yoast SEO plugin v26.4 - https:\/\/yoast.com\/wordpress\/plugins\/seo\/ -->\n<title>Golfe 7: S\u00e9gb\u00e9gan, Kl\u00e9m\u00e9 Agokpanou, Wougom\u00e9 et Wougom\u00e9 D\u00e9kpo ont communi\u00e9 avec UNIR ce mercredi - 228 News<\/title>\n<meta name=\"robots\" content=\"index, follow, max-snippet:-1, max-image-preview:large, max-video-preview:-1\" \/>\n<link rel=\"canonical\" href=\"https:\/\/228news.tg\/index.php\/2019\/06\/19\/golfe-7-segbegan-kleme-agokpanou-wougome-et-wougome-dekpo-ont-communie-avec-unir-ce-mercredi\/\" \/>\n<meta property=\"og:locale\" content=\"fr_FR\" \/>\n<meta property=\"og:type\" content=\"article\" \/>\n<meta property=\"og:title\" content=\"Golfe 7: S\u00e9gb\u00e9gan, Kl\u00e9m\u00e9 Agokpanou, Wougom\u00e9 et Wougom\u00e9 D\u00e9kpo ont communi\u00e9 avec UNIR ce mercredi - 228 News\" \/>\n<meta property=\"og:description\" content=\"(228NEWS)- L&rsquo;op\u00e9ration de charme pour les prochaines locales continue dans la commune de Sagbado pour l&rsquo;Union pour la R\u00e9publique (UNIR, parti au pouvoir) dont les 24 candidats \u00e9taient en campagne ce mercredi 19 juin dans les cantons de S\u00e9gb\u00e9gan, Kl\u00e9m\u00e9 Agokpanou, Wougom\u00e9 et Wougom\u00e9 D\u00e9kpo (cantons situ\u00e9s au nord ouest de la commune). Partout et ... Lire la suite\" \/>\n<meta property=\"og:url\" content=\"https:\/\/228news.tg\/index.php\/2019\/06\/19\/golfe-7-segbegan-kleme-agokpanou-wougome-et-wougome-dekpo-ont-communie-avec-unir-ce-mercredi\/\" \/>\n<meta property=\"og:site_name\" content=\"228 News\" \/>\n<meta property=\"article:published_time\" content=\"2019-06-19T00:00:00+00:00\" \/>\n<meta property=\"article:modified_time\" content=\"2024-09-09T14:09:22+00:00\" \/>\n<meta property=\"og:image\" content=\"https:\/\/228news.tg\/wp-content\/uploads\/2024\/09\/IMG_20190619_144852-1.jpg\" \/>\n\t<meta property=\"og:image:width\" content=\"2560\" \/>\n\t<meta property=\"og:image:height\" content=\"1920\" \/>\n\t<meta property=\"og:image:type\" content=\"image\/jpeg\" \/>\n<meta name=\"author\" content=\"Bienvenu SAVI\" \/>\n<meta name=\"twitter:card\" content=\"summary_large_image\" \/>\n<meta name=\"twitter:label1\" content=\"\u00c9crit par\" \/>\n\t<meta name=\"twitter:data1\" content=\"Bienvenu SAVI\" \/>\n\t<meta name=\"twitter:label2\" content=\"Dur\u00e9e de lecture estim\u00e9e\" \/>\n\t<meta name=\"twitter:data2\" content=\"2 minutes\" \/>\n<script type=\"application\/ld+json\" class=\"yoast-schema-graph\">{\"@context\":\"https:\/\/schema.org\",\"@graph\":[{\"@type\":\"Article\",\"@id\":\"https:\/\/228news.tg\/index.php\/2019\/06\/19\/golfe-7-segbegan-kleme-agokpanou-wougome-et-wougome-dekpo-ont-communie-avec-unir-ce-mercredi\/#article\",\"isPartOf\":{\"@id\":\"https:\/\/228news.tg\/index.php\/2019\/06\/19\/golfe-7-segbegan-kleme-agokpanou-wougome-et-wougome-dekpo-ont-communie-avec-unir-ce-mercredi\/\"},\"author\":{\"name\":\"Bienvenu SAVI\",\"@id\":\"https:\/\/228news.tg\/#\/schema\/person\/68d5a6cc0230290e61235c8379523f52\"},\"headline\":\"Golfe 7: S\u00e9gb\u00e9gan, Kl\u00e9m\u00e9 Agokpanou, Wougom\u00e9 et Wougom\u00e9 D\u00e9kpo ont communi\u00e9 avec UNIR ce mercredi\",\"datePublished\":\"2019-06-19T00:00:00+00:00\",\"dateModified\":\"2024-09-09T14:09:22+00:00\",\"mainEntityOfPage\":{\"@id\":\"https:\/\/228news.tg\/index.php\/2019\/06\/19\/golfe-7-segbegan-kleme-agokpanou-wougome-et-wougome-dekpo-ont-communie-avec-unir-ce-mercredi\/\"},\"wordCount\":346,\"commentCount\":0,\"publisher\":{\"@id\":\"https:\/\/228news.tg\/#organization\"},\"image\":{\"@id\":\"https:\/\/228news.tg\/index.php\/2019\/06\/19\/golfe-7-segbegan-kleme-agokpanou-wougome-et-wougome-dekpo-ont-communie-avec-unir-ce-mercredi\/#primaryimage\"},\"thumbnailUrl\":\"https:\/\/228news.tg\/wp-content\/uploads\/2024\/09\/IMG_20190619_144852-1.jpg\",\"articleSection\":[\"Flash\",\"POLITIQUE\",\"TOGO\",\"Une\"],\"inLanguage\":\"fr-FR\",\"potentialAction\":[{\"@type\":\"CommentAction\",\"name\":\"Comment\",\"target\":[\"https:\/\/228news.tg\/index.php\/2019\/06\/19\/golfe-7-segbegan-kleme-agokpanou-wougome-et-wougome-dekpo-ont-communie-avec-unir-ce-mercredi\/#respond\"]}]},{\"@type\":\"WebPage\",\"@id\":\"https:\/\/228news.tg\/index.php\/2019\/06\/19\/golfe-7-segbegan-kleme-agokpanou-wougome-et-wougome-dekpo-ont-communie-avec-unir-ce-mercredi\/\",\"url\":\"https:\/\/228news.tg\/index.php\/2019\/06\/19\/golfe-7-segbegan-kleme-agokpanou-wougome-et-wougome-dekpo-ont-communie-avec-unir-ce-mercredi\/\",\"name\":\"Golfe 7: S\u00e9gb\u00e9gan, Kl\u00e9m\u00e9 Agokpanou, Wougom\u00e9 et Wougom\u00e9 D\u00e9kpo ont communi\u00e9 avec UNIR ce mercredi - 228 News\",\"isPartOf\":{\"@id\":\"https:\/\/228news.tg\/#website\"},\"primaryImageOfPage\":{\"@id\":\"https:\/\/228news.tg\/index.php\/2019\/06\/19\/golfe-7-segbegan-kleme-agokpanou-wougome-et-wougome-dekpo-ont-communie-avec-unir-ce-mercredi\/#primaryimage\"},\"image\":{\"@id\":\"https:\/\/228news.tg\/index.php\/2019\/06\/19\/golfe-7-segbegan-kleme-agokpanou-wougome-et-wougome-dekpo-ont-communie-avec-unir-ce-mercredi\/#primaryimage\"},\"thumbnailUrl\":\"https:\/\/228news.tg\/wp-content\/uploads\/2024\/09\/IMG_20190619_144852-1.jpg\",\"datePublished\":\"2019-06-19T00:00:00+00:00\",\"dateModified\":\"2024-09-09T14:09:22+00:00\",\"breadcrumb\":{\"@id\":\"https:\/\/228news.tg\/index.php\/2019\/06\/19\/golfe-7-segbegan-kleme-agokpanou-wougome-et-wougome-dekpo-ont-communie-avec-unir-ce-mercredi\/#breadcrumb\"},\"inLanguage\":\"fr-FR\",\"potentialAction\":[{\"@type\":\"ReadAction\",\"target\":[\"https:\/\/228news.tg\/index.php\/2019\/06\/19\/golfe-7-segbegan-kleme-agokpanou-wougome-et-wougome-dekpo-ont-communie-avec-unir-ce-mercredi\/\"]}]},{\"@type\":\"ImageObject\",\"inLanguage\":\"fr-FR\",\"@id\":\"https:\/\/228news.tg\/index.php\/2019\/06\/19\/golfe-7-segbegan-kleme-agokpanou-wougome-et-wougome-dekpo-ont-communie-avec-unir-ce-mercredi\/#primaryimage\",\"url\":\"https:\/\/228news.tg\/wp-content\/uploads\/2024\/09\/IMG_20190619_144852-1.jpg\",\"contentUrl\":\"https:\/\/228news.tg\/wp-content\/uploads\/2024\/09\/IMG_20190619_144852-1.jpg\",\"width\":2560,\"height\":1920},{\"@type\":\"BreadcrumbList\",\"@id\":\"https:\/\/228news.tg\/index.php\/2019\/06\/19\/golfe-7-segbegan-kleme-agokpanou-wougome-et-wougome-dekpo-ont-communie-avec-unir-ce-mercredi\/#breadcrumb\",\"itemListElement\":[{\"@type\":\"ListItem\",\"position\":1,\"name\":\"Home\",\"item\":\"https:\/\/228news.tg\/\"},{\"@type\":\"ListItem\",\"position\":2,\"name\":\"Golfe 7: S\u00e9gb\u00e9gan, Kl\u00e9m\u00e9 Agokpanou, Wougom\u00e9 et Wougom\u00e9 D\u00e9kpo ont communi\u00e9 avec UNIR ce mercredi\"}]},{\"@type\":\"WebSite\",\"@id\":\"https:\/\/228news.tg\/#website\",\"url\":\"https:\/\/228news.tg\/\",\"name\":\"228 News\",\"description\":\"Soci\u00e9t\u00e9 de m\u00e9dias et d\u2019actualit\u00e9s\",\"publisher\":{\"@id\":\"https:\/\/228news.tg\/#organization\"},\"potentialAction\":[{\"@type\":\"SearchAction\",\"target\":{\"@type\":\"EntryPoint\",\"urlTemplate\":\"https:\/\/228news.tg\/?s={search_term_string}\"},\"query-input\":{\"@type\":\"PropertyValueSpecification\",\"valueRequired\":true,\"valueName\":\"search_term_string\"}}],\"inLanguage\":\"fr-FR\"},{\"@type\":\"Organization\",\"@id\":\"https:\/\/228news.tg\/#organization\",\"name\":\"228 News\",\"url\":\"https:\/\/228news.tg\/\",\"logo\":{\"@type\":\"ImageObject\",\"inLanguage\":\"fr-FR\",\"@id\":\"https:\/\/228news.tg\/#\/schema\/logo\/image\/\",\"url\":\"https:\/\/228news.tg\/wp-content\/uploads\/2024\/09\/logonew.png\",\"contentUrl\":\"https:\/\/228news.tg\/wp-content\/uploads\/2024\/09\/logonew.png\",\"width\":1640,\"height\":364,\"caption\":\"228 News\"},\"image\":{\"@id\":\"https:\/\/228news.tg\/#\/schema\/logo\/image\/\"}},{\"@type\":\"Person\",\"@id\":\"https:\/\/228news.tg\/#\/schema\/person\/68d5a6cc0230290e61235c8379523f52\",\"name\":\"Bienvenu SAVI\",\"image\":{\"@type\":\"ImageObject\",\"inLanguage\":\"fr-FR\",\"@id\":\"https:\/\/228news.tg\/#\/schema\/person\/image\/\",\"url\":\"https:\/\/secure.gravatar.com\/avatar\/9db91895c559e510509c33a3e9683998458e9b828fac36d5d1aa23f0f2fd369b?s=96&d=mm&r=g\",\"contentUrl\":\"https:\/\/secure.gravatar.com\/avatar\/9db91895c559e510509c33a3e9683998458e9b828fac36d5d1aa23f0f2fd369b?s=96&d=mm&r=g\",\"caption\":\"Bienvenu SAVI\"},\"url\":\"https:\/\/228news.tg\/index.php\/author\/bienvenu\/\"}]}<\/script>\n<!-- \/ Yoast SEO plugin. -->","yoast_head_json":{"title":"Golfe 7: S\u00e9gb\u00e9gan, Kl\u00e9m\u00e9 Agokpanou, Wougom\u00e9 et Wougom\u00e9 D\u00e9kpo ont communi\u00e9 avec UNIR ce mercredi - 228 News","robots":{"index":"index","follow":"follow","max-snippet":"max-snippet:-1","max-image-preview":"max-image-preview:large","max-video-preview":"max-video-preview:-1"},"canonical":"https:\/\/228news.tg\/index.php\/2019\/06\/19\/golfe-7-segbegan-kleme-agokpanou-wougome-et-wougome-dekpo-ont-communie-avec-unir-ce-mercredi\/","og_locale":"fr_FR","og_type":"article","og_title":"Golfe 7: S\u00e9gb\u00e9gan, Kl\u00e9m\u00e9 Agokpanou, Wougom\u00e9 et Wougom\u00e9 D\u00e9kpo ont communi\u00e9 avec UNIR ce mercredi - 228 News","og_description":"(228NEWS)- L&rsquo;op\u00e9ration de charme pour les prochaines locales continue dans la commune de Sagbado pour l&rsquo;Union pour la R\u00e9publique (UNIR, parti au pouvoir) dont les 24 candidats \u00e9taient en campagne ce mercredi 19 juin dans les cantons de S\u00e9gb\u00e9gan, Kl\u00e9m\u00e9 Agokpanou, Wougom\u00e9 et Wougom\u00e9 D\u00e9kpo (cantons situ\u00e9s au nord ouest de la commune). Partout et ... Lire la suite","og_url":"https:\/\/228news.tg\/index.php\/2019\/06\/19\/golfe-7-segbegan-kleme-agokpanou-wougome-et-wougome-dekpo-ont-communie-avec-unir-ce-mercredi\/","og_site_name":"228 News","article_published_time":"2019-06-19T00:00:00+00:00","article_modified_time":"2024-09-09T14:09:22+00:00","og_image":[{"width":2560,"height":1920,"url":"https:\/\/228news.tg\/wp-content\/uploads\/2024\/09\/IMG_20190619_144852-1.jpg","type":"image\/jpeg"}],"author":"Bienvenu SAVI","twitter_card":"summary_large_image","twitter_misc":{"\u00c9crit par":"Bienvenu SAVI","Dur\u00e9e de lecture estim\u00e9e":"2 minutes"},"schema":{"@context":"https:\/\/schema.org","@graph":[{"@type":"Article","@id":"https:\/\/228news.tg\/index.php\/2019\/06\/19\/golfe-7-segbegan-kleme-agokpanou-wougome-et-wougome-dekpo-ont-communie-avec-unir-ce-mercredi\/#article","isPartOf":{"@id":"https:\/\/228news.tg\/index.php\/2019\/06\/19\/golfe-7-segbegan-kleme-agokpanou-wougome-et-wougome-dekpo-ont-communie-avec-unir-ce-mercredi\/"},"author":{"name":"Bienvenu SAVI","@id":"https:\/\/228news.tg\/#\/schema\/person\/68d5a6cc0230290e61235c8379523f52"},"headline":"Golfe 7: S\u00e9gb\u00e9gan, Kl\u00e9m\u00e9 Agokpanou, Wougom\u00e9 et Wougom\u00e9 D\u00e9kpo ont communi\u00e9 avec UNIR ce mercredi","datePublished":"2019-06-19T00:00:00+00:00","dateModified":"2024-09-09T14:09:22+00:00","mainEntityOfPage":{"@id":"https:\/\/228news.tg\/index.php\/2019\/06\/19\/golfe-7-segbegan-kleme-agokpanou-wougome-et-wougome-dekpo-ont-communie-avec-unir-ce-mercredi\/"},"wordCount":346,"commentCount":0,"publisher":{"@id":"https:\/\/228news.tg\/#organization"},"image":{"@id":"https:\/\/228news.tg\/index.php\/2019\/06\/19\/golfe-7-segbegan-kleme-agokpanou-wougome-et-wougome-dekpo-ont-communie-avec-unir-ce-mercredi\/#primaryimage"},"thumbnailUrl":"https:\/\/228news.tg\/wp-content\/uploads\/2024\/09\/IMG_20190619_144852-1.jpg","articleSection":["Flash","POLITIQUE","TOGO","Une"],"inLanguage":"fr-FR","potentialAction":[{"@type":"CommentAction","name":"Comment","target":["https:\/\/228news.tg\/index.php\/2019\/06\/19\/golfe-7-segbegan-kleme-agokpanou-wougome-et-wougome-dekpo-ont-communie-avec-unir-ce-mercredi\/#respond"]}]},{"@type":"WebPage","@id":"https:\/\/228news.tg\/index.php\/2019\/06\/19\/golfe-7-segbegan-kleme-agokpanou-wougome-et-wougome-dekpo-ont-communie-avec-unir-ce-mercredi\/","url":"https:\/\/228news.tg\/index.php\/2019\/06\/19\/golfe-7-segbegan-kleme-agokpanou-wougome-et-wougome-dekpo-ont-communie-avec-unir-ce-mercredi\/","name":"Golfe 7: S\u00e9gb\u00e9gan, Kl\u00e9m\u00e9 Agokpanou, Wougom\u00e9 et Wougom\u00e9 D\u00e9kpo ont communi\u00e9 avec UNIR ce mercredi - 228 News","isPartOf":{"@id":"https:\/\/228news.tg\/#website"},"primaryImageOfPage":{"@id":"https:\/\/228news.tg\/index.php\/2019\/06\/19\/golfe-7-segbegan-kleme-agokpanou-wougome-et-wougome-dekpo-ont-communie-avec-unir-ce-mercredi\/#primaryimage"},"image":{"@id":"https:\/\/228news.tg\/index.php\/2019\/06\/19\/golfe-7-segbegan-kleme-agokpanou-wougome-et-wougome-dekpo-ont-communie-avec-unir-ce-mercredi\/#primaryimage"},"thumbnailUrl":"https:\/\/228news.tg\/wp-content\/uploads\/2024\/09\/IMG_20190619_144852-1.jpg","datePublished":"2019-06-19T00:00:00+00:00","dateModified":"2024-09-09T14:09:22+00:00","breadcrumb":{"@id":"https:\/\/228news.tg\/index.php\/2019\/06\/19\/golfe-7-segbegan-kleme-agokpanou-wougome-et-wougome-dekpo-ont-communie-avec-unir-ce-mercredi\/#breadcrumb"},"inLanguage":"fr-FR","potentialAction":[{"@type":"ReadAction","target":["https:\/\/228news.tg\/index.php\/2019\/06\/19\/golfe-7-segbegan-kleme-agokpanou-wougome-et-wougome-dekpo-ont-communie-avec-unir-ce-mercredi\/"]}]},{"@type":"ImageObject","inLanguage":"fr-FR","@id":"https:\/\/228news.tg\/index.php\/2019\/06\/19\/golfe-7-segbegan-kleme-agokpanou-wougome-et-wougome-dekpo-ont-communie-avec-unir-ce-mercredi\/#primaryimage","url":"https:\/\/228news.tg\/wp-content\/uploads\/2024\/09\/IMG_20190619_144852-1.jpg","contentUrl":"https:\/\/228news.tg\/wp-content\/uploads\/2024\/09\/IMG_20190619_144852-1.jpg","width":2560,"height":1920},{"@type":"BreadcrumbList","@id":"https:\/\/228news.tg\/index.php\/2019\/06\/19\/golfe-7-segbegan-kleme-agokpanou-wougome-et-wougome-dekpo-ont-communie-avec-unir-ce-mercredi\/#breadcrumb","itemListElement":[{"@type":"ListItem","position":1,"name":"Home","item":"https:\/\/228news.tg\/"},{"@type":"ListItem","position":2,"name":"Golfe 7: S\u00e9gb\u00e9gan, Kl\u00e9m\u00e9 Agokpanou, Wougom\u00e9 et Wougom\u00e9 D\u00e9kpo ont communi\u00e9 avec UNIR ce mercredi"}]},{"@type":"WebSite","@id":"https:\/\/228news.tg\/#website","url":"https:\/\/228news.tg\/","name":"228 News","description":"Soci\u00e9t\u00e9 de m\u00e9dias et d\u2019actualit\u00e9s","publisher":{"@id":"https:\/\/228news.tg\/#organization"},"potentialAction":[{"@type":"SearchAction","target":{"@type":"EntryPoint","urlTemplate":"https:\/\/228news.tg\/?s={search_term_string}"},"query-input":{"@type":"PropertyValueSpecification","valueRequired":true,"valueName":"search_term_string"}}],"inLanguage":"fr-FR"},{"@type":"Organization","@id":"https:\/\/228news.tg\/#organization","name":"228 News","url":"https:\/\/228news.tg\/","logo":{"@type":"ImageObject","inLanguage":"fr-FR","@id":"https:\/\/228news.tg\/#\/schema\/logo\/image\/","url":"https:\/\/228news.tg\/wp-content\/uploads\/2024\/09\/logonew.png","contentUrl":"https:\/\/228news.tg\/wp-content\/uploads\/2024\/09\/logonew.png","width":1640,"height":364,"caption":"228 News"},"image":{"@id":"https:\/\/228news.tg\/#\/schema\/logo\/image\/"}},{"@type":"Person","@id":"https:\/\/228news.tg\/#\/schema\/person\/68d5a6cc0230290e61235c8379523f52","name":"Bienvenu SAVI","image":{"@type":"ImageObject","inLanguage":"fr-FR","@id":"https:\/\/228news.tg\/#\/schema\/person\/image\/","url":"https:\/\/secure.gravatar.com\/avatar\/9db91895c559e510509c33a3e9683998458e9b828fac36d5d1aa23f0f2fd369b?s=96&d=mm&r=g","contentUrl":"https:\/\/secure.gravatar.com\/avatar\/9db91895c559e510509c33a3e9683998458e9b828fac36d5d1aa23f0f2fd369b?s=96&d=mm&r=g","caption":"Bienvenu SAVI"},"url":"https:\/\/228news.tg\/index.php\/author\/bienvenu\/"}]}},"jetpack_featured_media_url":"https:\/\/228news.tg\/wp-content\/uploads\/2024\/09\/IMG_20190619_144852-1.jpg","_links":{"self":[{"href":"https:\/\/228news.tg\/index.php\/wp-json\/wp\/v2\/posts\/2359","targetHints":{"allow":["GET"]}}],"collection":[{"href":"https:\/\/228news.tg\/index.php\/wp-json\/wp\/v2\/posts"}],"about":[{"href":"https:\/\/228news.tg\/index.php\/wp-json\/wp\/v2\/types\/post"}],"author":[{"embeddable":true,"href":"https:\/\/228news.tg\/index.php\/wp-json\/wp\/v2\/users\/2"}],"replies":[{"embeddable":true,"href":"https:\/\/228news.tg\/index.php\/wp-json\/wp\/v2\/comments?post=2359"}],"version-history":[{"count":1,"href":"https:\/\/228news.tg\/index.php\/wp-json\/wp\/v2\/posts\/2359\/revisions"}],"predecessor-version":[{"id":2361,"href":"https:\/\/228news.tg\/index.php\/wp-json\/wp\/v2\/posts\/2359\/revisions\/2361"}],"wp:featuredmedia":[{"embeddable":true,"href":"https:\/\/228news.tg\/index.php\/wp-json\/wp\/v2\/media\/2362"}],"wp:attachment":[{"href":"https:\/\/228news.tg\/index.php\/wp-json\/wp\/v2\/media?parent=2359"}],"wp:term":[{"taxonomy":"category","embeddable":true,"href":"https:\/\/228news.tg\/index.php\/wp-json\/wp\/v2\/categories?post=2359"},{"taxonomy":"post_tag","embeddable":true,"href":"https:\/\/228news.tg\/index.php\/wp-json\/wp\/v2\/tags?post=2359"}],"curies":[{"name":"wp","href":"https:\/\/api.w.org\/{rel}","templated":true}]}}