{"id":2308,"date":"2019-06-12T00:00:00","date_gmt":"2019-06-12T00:00:00","guid":{"rendered":"https:\/\/228news.tg\/index.php\/2019\/06\/12\/pnd-decentralisation-et-elections-locales-les-leaders-de-la-commune-daflao-gakli-en-savent-plus\/"},"modified":"2024-09-09T14:08:50","modified_gmt":"2024-09-09T14:08:50","slug":"pnd-decentralisation-et-elections-locales-les-leaders-de-la-commune-daflao-gakli-en-savent-plus","status":"publish","type":"post","link":"https:\/\/228news.tg\/index.php\/2019\/06\/12\/pnd-decentralisation-et-elections-locales-les-leaders-de-la-commune-daflao-gakli-en-savent-plus\/","title":{"rendered":"PND, d\u00e9centralisation et \u00e9lections locales: Les leaders de la commune d&rsquo;Aflao Gakli en savent plus"},"content":{"rendered":"\n<p>(228NEWS)- Les leaders d&rsquo;opinion, candidats aux prochaines \u00e9lections municipales, les chefs traditionnels, CVD et CDQ de la commune d&rsquo;Aflao Gakli ont b\u00e9n\u00e9fici\u00e9 d&rsquo;une sensibilisation sur le Plan National de D\u00e9veloppement, la d\u00e9centralisation et les enjeux li\u00e9s aux \u00e9lections locales, ce mardi 11 juin 2019 \u00e0 la maison des jeunes d&rsquo;Amadahom\u00e9.<\/p>\n\n\n\n<p>Une rencontre \u00e0 mettre \u00e0 l&rsquo;actif de la pr\u00e9fecture du golfe, \u00e9paul\u00e9e par la d\u00e9l\u00e9gation sp\u00e9ciale, ainsi que  l&rsquo;honorable Kayi Raymonde Lawson, cadre de la commune.<\/p>\n\n\n\n<div class=\"wp-block-image\"><figure class=\"alignleft is-resized\"><img fetchpriority=\"high\" decoding=\"async\" src=\"https:\/\/i0.wp.com\/www.228news.com\/wp-content\/uploads\/2019\/06\/photo_2019-06-12_15-50-24.jpg?fit=525%2C350\" alt=\"\" class=\"wp-image-4344\" width=\"328\" height=\"219\"\/><\/figure><\/div>\n\n\n\n<p>Ouverte parle pr\u00e9fet du Golfe, Komlan Agbots\u00e8, cette rencontre visait principalement  \u00e0 impr\u00e9gner ces divers acteurs sur les atouts et enjeux des \u00e9lections locales du 30 Juin prochain et la contribution du Citoyen au d\u00e9veloppement \u00e0 la base.  Les diff\u00e9rents axes du Plan National de D\u00e9veloppement (PND) lanc\u00e9 en mars dernier par le chef de l&rsquo;Etat n&rsquo;ont pas \u00e9t\u00e9 en reste des \u00e9changes. <\/p>\n\n\n\n<p>POur le Pr\u00e9sident de la d\u00e9l\u00e9gation sp\u00e9ciale des pr\u00e9fectures du Golfe et d&rsquo;Ago\u00e8, Aboka Kossi, il est primordial que ces diff\u00e9rents acteurs se convainquent de l&rsquo;importance de leur r\u00f4le dans le d\u00e9veloppement du pays et de la localit\u00e9, \u00e0 l&rsquo;or\u00e9e de la mise en branle de la d\u00e9mocratie participative. Il a \u00e9galement dress\u00e9 un bilan \u00e9logieux de son passage \u00e0 la d\u00e9l\u00e9gation sp\u00e9ciale, marqu\u00e9 par des ouvertures de voies, constructions des march\u00e9s et \u00e9tablissements scolaires, r\u00e9habilitations, am\u00e9nagements des espaces publics et verts,&#8230;<\/p>\n\n\n\n<div class=\"wp-block-image\"><figure class=\"alignright is-resized\"><img decoding=\"async\" src=\"https:\/\/228news.tg\/wp-content\/uploads\/2024\/09\/photo_2019-06-12_15-50-40-1024x683.jpg\" alt=\"\" class=\"wp-image-4345\" width=\"347\" height=\"231\"\/><\/figure><\/div>\n\n\n\n<p>Pour sa part,  le Chef Canton d\u2019Aflao Gakli Togbui DZIDZOLI DETU X, a au nom des participants, f\u00e9licit\u00e9 l&rsquo;initiative et r\u00e9affirm\u00e9 ce constant besoin de s&rsquo;impr\u00e9gner des enjeux li\u00e9s \u00e0 la gestion autonome qui d\u00e9coulera des futures \u00e9lections locales qu&rsquo;il souhaite d&rsquo;ailleurs apais\u00e9es et transparentes.<\/p>\n\n\n\n<p>Trois communications ont marqu\u00e9 cette journ\u00e9e de sensibilisation, en l&rsquo;occurrence \u00ab qu\u2019est-ce que la d\u00e9centralisation ? \u00bb,  \u00ab contribution du citoyen au d\u00e9veloppement \u00e0 la base ; les axes et composantes du PND \u00bb , et le  \u00ab r\u00f4le des conseillers municipaux \u00bb.  <\/p>\n\n\n\n<p><strong><em>D\u00e9mocrate<\/em><\/strong><\/p>\n","protected":false},"excerpt":{"rendered":"<p>(228NEWS)- Les leaders d&rsquo;opinion, candidats aux prochaines \u00e9lections municipales, les chefs traditionnels, CVD et CDQ de la commune d&rsquo;Aflao Gakli ont b\u00e9n\u00e9fici\u00e9 d&rsquo;une sensibilisation sur le Plan National de D\u00e9veloppement, la d\u00e9centralisation et les enjeux li\u00e9s aux \u00e9lections locales, ce mardi 11 juin 2019 \u00e0 la maison des jeunes d&rsquo;Amadahom\u00e9. Une rencontre \u00e0 mettre \u00e0 &#8230; <a title=\"PND, d\u00e9centralisation et \u00e9lections locales: Les leaders de la commune d&rsquo;Aflao Gakli en savent plus\" class=\"read-more\" href=\"https:\/\/228news.tg\/index.php\/2019\/06\/12\/pnd-decentralisation-et-elections-locales-les-leaders-de-la-commune-daflao-gakli-en-savent-plus\/\" aria-label=\"En savoir plus sur PND, d\u00e9centralisation et \u00e9lections locales: Les leaders de la commune d&rsquo;Aflao Gakli en savent plus\">Lire la suite<\/a><\/p>\n","protected":false},"author":2,"featured_media":2311,"comment_status":"open","ping_status":"open","sticky":false,"template":"","format":"standard","meta":{"footnotes":""},"categories":[28,35,29,25,34],"tags":[],"class_list":["post-2308","post","type-post","status-publish","format-standard","has-post-thumbnail","hentry","category-education","category-flash","category-societe","category-togo","category-une"],"yoast_head":"<!-- This site is optimized with the Yoast SEO plugin v26.4 - https:\/\/yoast.com\/wordpress\/plugins\/seo\/ -->\n<title>PND, d\u00e9centralisation et \u00e9lections locales: Les leaders de la commune d&#039;Aflao Gakli en savent plus - 228 News<\/title>\n<meta name=\"robots\" content=\"index, follow, max-snippet:-1, max-image-preview:large, max-video-preview:-1\" \/>\n<link rel=\"canonical\" href=\"https:\/\/228news.tg\/index.php\/2019\/06\/12\/pnd-decentralisation-et-elections-locales-les-leaders-de-la-commune-daflao-gakli-en-savent-plus\/\" \/>\n<meta property=\"og:locale\" content=\"fr_FR\" \/>\n<meta property=\"og:type\" content=\"article\" \/>\n<meta property=\"og:title\" content=\"PND, d\u00e9centralisation et \u00e9lections locales: Les leaders de la commune d&#039;Aflao Gakli en savent plus - 228 News\" \/>\n<meta property=\"og:description\" content=\"(228NEWS)- Les leaders d&rsquo;opinion, candidats aux prochaines \u00e9lections municipales, les chefs traditionnels, CVD et CDQ de la commune d&rsquo;Aflao Gakli ont b\u00e9n\u00e9fici\u00e9 d&rsquo;une sensibilisation sur le Plan National de D\u00e9veloppement, la d\u00e9centralisation et les enjeux li\u00e9s aux \u00e9lections locales, ce mardi 11 juin 2019 \u00e0 la maison des jeunes d&rsquo;Amadahom\u00e9. Une rencontre \u00e0 mettre \u00e0 ... Lire la suite\" \/>\n<meta property=\"og:url\" content=\"https:\/\/228news.tg\/index.php\/2019\/06\/12\/pnd-decentralisation-et-elections-locales-les-leaders-de-la-commune-daflao-gakli-en-savent-plus\/\" \/>\n<meta property=\"og:site_name\" content=\"228 News\" \/>\n<meta property=\"article:published_time\" content=\"2019-06-12T00:00:00+00:00\" \/>\n<meta property=\"article:modified_time\" content=\"2024-09-09T14:08:50+00:00\" \/>\n<meta property=\"og:image\" content=\"https:\/\/228news.tg\/wp-content\/uploads\/2024\/09\/photo_2019-06-12_15-51-00.jpg\" \/>\n\t<meta property=\"og:image:width\" content=\"1080\" \/>\n\t<meta property=\"og:image:height\" content=\"720\" \/>\n\t<meta property=\"og:image:type\" content=\"image\/jpeg\" \/>\n<meta name=\"author\" content=\"Bienvenu SAVI\" \/>\n<meta name=\"twitter:card\" content=\"summary_large_image\" \/>\n<meta name=\"twitter:label1\" content=\"\u00c9crit par\" \/>\n\t<meta name=\"twitter:data1\" content=\"Bienvenu SAVI\" \/>\n\t<meta name=\"twitter:label2\" content=\"Dur\u00e9e de lecture estim\u00e9e\" \/>\n\t<meta name=\"twitter:data2\" content=\"2 minutes\" \/>\n<script type=\"application\/ld+json\" class=\"yoast-schema-graph\">{\"@context\":\"https:\/\/schema.org\",\"@graph\":[{\"@type\":\"Article\",\"@id\":\"https:\/\/228news.tg\/index.php\/2019\/06\/12\/pnd-decentralisation-et-elections-locales-les-leaders-de-la-commune-daflao-gakli-en-savent-plus\/#article\",\"isPartOf\":{\"@id\":\"https:\/\/228news.tg\/index.php\/2019\/06\/12\/pnd-decentralisation-et-elections-locales-les-leaders-de-la-commune-daflao-gakli-en-savent-plus\/\"},\"author\":{\"name\":\"Bienvenu SAVI\",\"@id\":\"https:\/\/228news.tg\/#\/schema\/person\/68d5a6cc0230290e61235c8379523f52\"},\"headline\":\"PND, d\u00e9centralisation et \u00e9lections locales: Les leaders de la commune d&rsquo;Aflao Gakli en savent plus\",\"datePublished\":\"2019-06-12T00:00:00+00:00\",\"dateModified\":\"2024-09-09T14:08:50+00:00\",\"mainEntityOfPage\":{\"@id\":\"https:\/\/228news.tg\/index.php\/2019\/06\/12\/pnd-decentralisation-et-elections-locales-les-leaders-de-la-commune-daflao-gakli-en-savent-plus\/\"},\"wordCount\":367,\"commentCount\":0,\"publisher\":{\"@id\":\"https:\/\/228news.tg\/#organization\"},\"image\":{\"@id\":\"https:\/\/228news.tg\/index.php\/2019\/06\/12\/pnd-decentralisation-et-elections-locales-les-leaders-de-la-commune-daflao-gakli-en-savent-plus\/#primaryimage\"},\"thumbnailUrl\":\"https:\/\/228news.tg\/wp-content\/uploads\/2024\/09\/photo_2019-06-12_15-51-00.jpg\",\"articleSection\":[\"EDUCATION\",\"Flash\",\"SOCIETE\",\"TOGO\",\"Une\"],\"inLanguage\":\"fr-FR\",\"potentialAction\":[{\"@type\":\"CommentAction\",\"name\":\"Comment\",\"target\":[\"https:\/\/228news.tg\/index.php\/2019\/06\/12\/pnd-decentralisation-et-elections-locales-les-leaders-de-la-commune-daflao-gakli-en-savent-plus\/#respond\"]}]},{\"@type\":\"WebPage\",\"@id\":\"https:\/\/228news.tg\/index.php\/2019\/06\/12\/pnd-decentralisation-et-elections-locales-les-leaders-de-la-commune-daflao-gakli-en-savent-plus\/\",\"url\":\"https:\/\/228news.tg\/index.php\/2019\/06\/12\/pnd-decentralisation-et-elections-locales-les-leaders-de-la-commune-daflao-gakli-en-savent-plus\/\",\"name\":\"PND, d\u00e9centralisation et \u00e9lections locales: Les leaders de la commune d'Aflao Gakli en savent plus - 228 News\",\"isPartOf\":{\"@id\":\"https:\/\/228news.tg\/#website\"},\"primaryImageOfPage\":{\"@id\":\"https:\/\/228news.tg\/index.php\/2019\/06\/12\/pnd-decentralisation-et-elections-locales-les-leaders-de-la-commune-daflao-gakli-en-savent-plus\/#primaryimage\"},\"image\":{\"@id\":\"https:\/\/228news.tg\/index.php\/2019\/06\/12\/pnd-decentralisation-et-elections-locales-les-leaders-de-la-commune-daflao-gakli-en-savent-plus\/#primaryimage\"},\"thumbnailUrl\":\"https:\/\/228news.tg\/wp-content\/uploads\/2024\/09\/photo_2019-06-12_15-51-00.jpg\",\"datePublished\":\"2019-06-12T00:00:00+00:00\",\"dateModified\":\"2024-09-09T14:08:50+00:00\",\"breadcrumb\":{\"@id\":\"https:\/\/228news.tg\/index.php\/2019\/06\/12\/pnd-decentralisation-et-elections-locales-les-leaders-de-la-commune-daflao-gakli-en-savent-plus\/#breadcrumb\"},\"inLanguage\":\"fr-FR\",\"potentialAction\":[{\"@type\":\"ReadAction\",\"target\":[\"https:\/\/228news.tg\/index.php\/2019\/06\/12\/pnd-decentralisation-et-elections-locales-les-leaders-de-la-commune-daflao-gakli-en-savent-plus\/\"]}]},{\"@type\":\"ImageObject\",\"inLanguage\":\"fr-FR\",\"@id\":\"https:\/\/228news.tg\/index.php\/2019\/06\/12\/pnd-decentralisation-et-elections-locales-les-leaders-de-la-commune-daflao-gakli-en-savent-plus\/#primaryimage\",\"url\":\"https:\/\/228news.tg\/wp-content\/uploads\/2024\/09\/photo_2019-06-12_15-51-00.jpg\",\"contentUrl\":\"https:\/\/228news.tg\/wp-content\/uploads\/2024\/09\/photo_2019-06-12_15-51-00.jpg\",\"width\":1080,\"height\":720},{\"@type\":\"BreadcrumbList\",\"@id\":\"https:\/\/228news.tg\/index.php\/2019\/06\/12\/pnd-decentralisation-et-elections-locales-les-leaders-de-la-commune-daflao-gakli-en-savent-plus\/#breadcrumb\",\"itemListElement\":[{\"@type\":\"ListItem\",\"position\":1,\"name\":\"Home\",\"item\":\"https:\/\/228news.tg\/\"},{\"@type\":\"ListItem\",\"position\":2,\"name\":\"PND, d\u00e9centralisation et \u00e9lections locales: Les leaders de la commune d&rsquo;Aflao Gakli en savent plus\"}]},{\"@type\":\"WebSite\",\"@id\":\"https:\/\/228news.tg\/#website\",\"url\":\"https:\/\/228news.tg\/\",\"name\":\"228 News\",\"description\":\"Soci\u00e9t\u00e9 de m\u00e9dias et d\u2019actualit\u00e9s\",\"publisher\":{\"@id\":\"https:\/\/228news.tg\/#organization\"},\"potentialAction\":[{\"@type\":\"SearchAction\",\"target\":{\"@type\":\"EntryPoint\",\"urlTemplate\":\"https:\/\/228news.tg\/?s={search_term_string}\"},\"query-input\":{\"@type\":\"PropertyValueSpecification\",\"valueRequired\":true,\"valueName\":\"search_term_string\"}}],\"inLanguage\":\"fr-FR\"},{\"@type\":\"Organization\",\"@id\":\"https:\/\/228news.tg\/#organization\",\"name\":\"228 News\",\"url\":\"https:\/\/228news.tg\/\",\"logo\":{\"@type\":\"ImageObject\",\"inLanguage\":\"fr-FR\",\"@id\":\"https:\/\/228news.tg\/#\/schema\/logo\/image\/\",\"url\":\"https:\/\/228news.tg\/wp-content\/uploads\/2024\/09\/logonew.png\",\"contentUrl\":\"https:\/\/228news.tg\/wp-content\/uploads\/2024\/09\/logonew.png\",\"width\":1640,\"height\":364,\"caption\":\"228 News\"},\"image\":{\"@id\":\"https:\/\/228news.tg\/#\/schema\/logo\/image\/\"}},{\"@type\":\"Person\",\"@id\":\"https:\/\/228news.tg\/#\/schema\/person\/68d5a6cc0230290e61235c8379523f52\",\"name\":\"Bienvenu SAVI\",\"image\":{\"@type\":\"ImageObject\",\"inLanguage\":\"fr-FR\",\"@id\":\"https:\/\/228news.tg\/#\/schema\/person\/image\/\",\"url\":\"https:\/\/secure.gravatar.com\/avatar\/9db91895c559e510509c33a3e9683998458e9b828fac36d5d1aa23f0f2fd369b?s=96&d=mm&r=g\",\"contentUrl\":\"https:\/\/secure.gravatar.com\/avatar\/9db91895c559e510509c33a3e9683998458e9b828fac36d5d1aa23f0f2fd369b?s=96&d=mm&r=g\",\"caption\":\"Bienvenu SAVI\"},\"url\":\"https:\/\/228news.tg\/index.php\/author\/bienvenu\/\"}]}<\/script>\n<!-- \/ Yoast SEO plugin. -->","yoast_head_json":{"title":"PND, d\u00e9centralisation et \u00e9lections locales: Les leaders de la commune d'Aflao Gakli en savent plus - 228 News","robots":{"index":"index","follow":"follow","max-snippet":"max-snippet:-1","max-image-preview":"max-image-preview:large","max-video-preview":"max-video-preview:-1"},"canonical":"https:\/\/228news.tg\/index.php\/2019\/06\/12\/pnd-decentralisation-et-elections-locales-les-leaders-de-la-commune-daflao-gakli-en-savent-plus\/","og_locale":"fr_FR","og_type":"article","og_title":"PND, d\u00e9centralisation et \u00e9lections locales: Les leaders de la commune d'Aflao Gakli en savent plus - 228 News","og_description":"(228NEWS)- Les leaders d&rsquo;opinion, candidats aux prochaines \u00e9lections municipales, les chefs traditionnels, CVD et CDQ de la commune d&rsquo;Aflao Gakli ont b\u00e9n\u00e9fici\u00e9 d&rsquo;une sensibilisation sur le Plan National de D\u00e9veloppement, la d\u00e9centralisation et les enjeux li\u00e9s aux \u00e9lections locales, ce mardi 11 juin 2019 \u00e0 la maison des jeunes d&rsquo;Amadahom\u00e9. Une rencontre \u00e0 mettre \u00e0 ... Lire la suite","og_url":"https:\/\/228news.tg\/index.php\/2019\/06\/12\/pnd-decentralisation-et-elections-locales-les-leaders-de-la-commune-daflao-gakli-en-savent-plus\/","og_site_name":"228 News","article_published_time":"2019-06-12T00:00:00+00:00","article_modified_time":"2024-09-09T14:08:50+00:00","og_image":[{"width":1080,"height":720,"url":"https:\/\/228news.tg\/wp-content\/uploads\/2024\/09\/photo_2019-06-12_15-51-00.jpg","type":"image\/jpeg"}],"author":"Bienvenu SAVI","twitter_card":"summary_large_image","twitter_misc":{"\u00c9crit par":"Bienvenu SAVI","Dur\u00e9e de lecture estim\u00e9e":"2 minutes"},"schema":{"@context":"https:\/\/schema.org","@graph":[{"@type":"Article","@id":"https:\/\/228news.tg\/index.php\/2019\/06\/12\/pnd-decentralisation-et-elections-locales-les-leaders-de-la-commune-daflao-gakli-en-savent-plus\/#article","isPartOf":{"@id":"https:\/\/228news.tg\/index.php\/2019\/06\/12\/pnd-decentralisation-et-elections-locales-les-leaders-de-la-commune-daflao-gakli-en-savent-plus\/"},"author":{"name":"Bienvenu SAVI","@id":"https:\/\/228news.tg\/#\/schema\/person\/68d5a6cc0230290e61235c8379523f52"},"headline":"PND, d\u00e9centralisation et \u00e9lections locales: Les leaders de la commune d&rsquo;Aflao Gakli en savent plus","datePublished":"2019-06-12T00:00:00+00:00","dateModified":"2024-09-09T14:08:50+00:00","mainEntityOfPage":{"@id":"https:\/\/228news.tg\/index.php\/2019\/06\/12\/pnd-decentralisation-et-elections-locales-les-leaders-de-la-commune-daflao-gakli-en-savent-plus\/"},"wordCount":367,"commentCount":0,"publisher":{"@id":"https:\/\/228news.tg\/#organization"},"image":{"@id":"https:\/\/228news.tg\/index.php\/2019\/06\/12\/pnd-decentralisation-et-elections-locales-les-leaders-de-la-commune-daflao-gakli-en-savent-plus\/#primaryimage"},"thumbnailUrl":"https:\/\/228news.tg\/wp-content\/uploads\/2024\/09\/photo_2019-06-12_15-51-00.jpg","articleSection":["EDUCATION","Flash","SOCIETE","TOGO","Une"],"inLanguage":"fr-FR","potentialAction":[{"@type":"CommentAction","name":"Comment","target":["https:\/\/228news.tg\/index.php\/2019\/06\/12\/pnd-decentralisation-et-elections-locales-les-leaders-de-la-commune-daflao-gakli-en-savent-plus\/#respond"]}]},{"@type":"WebPage","@id":"https:\/\/228news.tg\/index.php\/2019\/06\/12\/pnd-decentralisation-et-elections-locales-les-leaders-de-la-commune-daflao-gakli-en-savent-plus\/","url":"https:\/\/228news.tg\/index.php\/2019\/06\/12\/pnd-decentralisation-et-elections-locales-les-leaders-de-la-commune-daflao-gakli-en-savent-plus\/","name":"PND, d\u00e9centralisation et \u00e9lections locales: Les leaders de la commune d'Aflao Gakli en savent plus - 228 News","isPartOf":{"@id":"https:\/\/228news.tg\/#website"},"primaryImageOfPage":{"@id":"https:\/\/228news.tg\/index.php\/2019\/06\/12\/pnd-decentralisation-et-elections-locales-les-leaders-de-la-commune-daflao-gakli-en-savent-plus\/#primaryimage"},"image":{"@id":"https:\/\/228news.tg\/index.php\/2019\/06\/12\/pnd-decentralisation-et-elections-locales-les-leaders-de-la-commune-daflao-gakli-en-savent-plus\/#primaryimage"},"thumbnailUrl":"https:\/\/228news.tg\/wp-content\/uploads\/2024\/09\/photo_2019-06-12_15-51-00.jpg","datePublished":"2019-06-12T00:00:00+00:00","dateModified":"2024-09-09T14:08:50+00:00","breadcrumb":{"@id":"https:\/\/228news.tg\/index.php\/2019\/06\/12\/pnd-decentralisation-et-elections-locales-les-leaders-de-la-commune-daflao-gakli-en-savent-plus\/#breadcrumb"},"inLanguage":"fr-FR","potentialAction":[{"@type":"ReadAction","target":["https:\/\/228news.tg\/index.php\/2019\/06\/12\/pnd-decentralisation-et-elections-locales-les-leaders-de-la-commune-daflao-gakli-en-savent-plus\/"]}]},{"@type":"ImageObject","inLanguage":"fr-FR","@id":"https:\/\/228news.tg\/index.php\/2019\/06\/12\/pnd-decentralisation-et-elections-locales-les-leaders-de-la-commune-daflao-gakli-en-savent-plus\/#primaryimage","url":"https:\/\/228news.tg\/wp-content\/uploads\/2024\/09\/photo_2019-06-12_15-51-00.jpg","contentUrl":"https:\/\/228news.tg\/wp-content\/uploads\/2024\/09\/photo_2019-06-12_15-51-00.jpg","width":1080,"height":720},{"@type":"BreadcrumbList","@id":"https:\/\/228news.tg\/index.php\/2019\/06\/12\/pnd-decentralisation-et-elections-locales-les-leaders-de-la-commune-daflao-gakli-en-savent-plus\/#breadcrumb","itemListElement":[{"@type":"ListItem","position":1,"name":"Home","item":"https:\/\/228news.tg\/"},{"@type":"ListItem","position":2,"name":"PND, d\u00e9centralisation et \u00e9lections locales: Les leaders de la commune d&rsquo;Aflao Gakli en savent plus"}]},{"@type":"WebSite","@id":"https:\/\/228news.tg\/#website","url":"https:\/\/228news.tg\/","name":"228 News","description":"Soci\u00e9t\u00e9 de m\u00e9dias et d\u2019actualit\u00e9s","publisher":{"@id":"https:\/\/228news.tg\/#organization"},"potentialAction":[{"@type":"SearchAction","target":{"@type":"EntryPoint","urlTemplate":"https:\/\/228news.tg\/?s={search_term_string}"},"query-input":{"@type":"PropertyValueSpecification","valueRequired":true,"valueName":"search_term_string"}}],"inLanguage":"fr-FR"},{"@type":"Organization","@id":"https:\/\/228news.tg\/#organization","name":"228 News","url":"https:\/\/228news.tg\/","logo":{"@type":"ImageObject","inLanguage":"fr-FR","@id":"https:\/\/228news.tg\/#\/schema\/logo\/image\/","url":"https:\/\/228news.tg\/wp-content\/uploads\/2024\/09\/logonew.png","contentUrl":"https:\/\/228news.tg\/wp-content\/uploads\/2024\/09\/logonew.png","width":1640,"height":364,"caption":"228 News"},"image":{"@id":"https:\/\/228news.tg\/#\/schema\/logo\/image\/"}},{"@type":"Person","@id":"https:\/\/228news.tg\/#\/schema\/person\/68d5a6cc0230290e61235c8379523f52","name":"Bienvenu SAVI","image":{"@type":"ImageObject","inLanguage":"fr-FR","@id":"https:\/\/228news.tg\/#\/schema\/person\/image\/","url":"https:\/\/secure.gravatar.com\/avatar\/9db91895c559e510509c33a3e9683998458e9b828fac36d5d1aa23f0f2fd369b?s=96&d=mm&r=g","contentUrl":"https:\/\/secure.gravatar.com\/avatar\/9db91895c559e510509c33a3e9683998458e9b828fac36d5d1aa23f0f2fd369b?s=96&d=mm&r=g","caption":"Bienvenu SAVI"},"url":"https:\/\/228news.tg\/index.php\/author\/bienvenu\/"}]}},"jetpack_featured_media_url":"https:\/\/228news.tg\/wp-content\/uploads\/2024\/09\/photo_2019-06-12_15-51-00.jpg","_links":{"self":[{"href":"https:\/\/228news.tg\/index.php\/wp-json\/wp\/v2\/posts\/2308","targetHints":{"allow":["GET"]}}],"collection":[{"href":"https:\/\/228news.tg\/index.php\/wp-json\/wp\/v2\/posts"}],"about":[{"href":"https:\/\/228news.tg\/index.php\/wp-json\/wp\/v2\/types\/post"}],"author":[{"embeddable":true,"href":"https:\/\/228news.tg\/index.php\/wp-json\/wp\/v2\/users\/2"}],"replies":[{"embeddable":true,"href":"https:\/\/228news.tg\/index.php\/wp-json\/wp\/v2\/comments?post=2308"}],"version-history":[{"count":1,"href":"https:\/\/228news.tg\/index.php\/wp-json\/wp\/v2\/posts\/2308\/revisions"}],"predecessor-version":[{"id":2310,"href":"https:\/\/228news.tg\/index.php\/wp-json\/wp\/v2\/posts\/2308\/revisions\/2310"}],"wp:featuredmedia":[{"embeddable":true,"href":"https:\/\/228news.tg\/index.php\/wp-json\/wp\/v2\/media\/2311"}],"wp:attachment":[{"href":"https:\/\/228news.tg\/index.php\/wp-json\/wp\/v2\/media?parent=2308"}],"wp:term":[{"taxonomy":"category","embeddable":true,"href":"https:\/\/228news.tg\/index.php\/wp-json\/wp\/v2\/categories?post=2308"},{"taxonomy":"post_tag","embeddable":true,"href":"https:\/\/228news.tg\/index.php\/wp-json\/wp\/v2\/tags?post=2308"}],"curies":[{"name":"wp","href":"https:\/\/api.w.org\/{rel}","templated":true}]}}