{"id":2307,"date":"2019-06-02T00:00:00","date_gmt":"2019-06-02T00:00:00","guid":{"rendered":"https:\/\/228news.tg\/index.php\/2019\/06\/02\/journee-de-larbre-le-mju-agoe-a-mis-plus-de-300-plants-en-terre-a-lissue-dune-course-populaire\/"},"modified":"2019-06-02T00:00:00","modified_gmt":"2019-06-02T00:00:00","slug":"journee-de-larbre-le-mju-agoe-a-mis-plus-de-300-plants-en-terre-a-lissue-dune-course-populaire","status":"publish","type":"post","link":"https:\/\/228news.tg\/index.php\/2019\/06\/02\/journee-de-larbre-le-mju-agoe-a-mis-plus-de-300-plants-en-terre-a-lissue-dune-course-populaire\/","title":{"rendered":"Journ\u00e9e de l\u2019arbre  Le MJU-Ago\u00e8 a mis plus de 300 plants en terre \u00e0 l\u2019issue d\u2019une course populaire"},"content":{"rendered":"\n<p>(228NEWS)- Plus de 300 plants ont \u00e9t\u00e9 mis en terre ce 1er Juin 2019 \u00e0 Ago\u00e8-Nyiv\u00e9, pr\u00e9cis\u00e9ment sur la Boulevard Faure Gnassingb\u00e9, \u00e0 l\u2019occasion de la journ\u00e9e de l\u2019arbre, par le Mouvement des Jeunes Unir, section Ago\u00e8.<br> C\u2019\u00e9tait durant une novatrice course populaire, organis\u00e9e par la branche jeune du parti qui veut insuffler au sein de la jeunesse du parti des valeurs \u00e9cologiques, de protection et de sauvegarde de l\u2019environnement pour les g\u00e9n\u00e9rations futures.<br> Bonfoh N\u2019Boh Gamal, Conseiller communal de la section Ago\u00e8 du MJU a dress\u00e9 l\u2019historique de cette journ\u00e9e instaur\u00e9 par le feu G\u00e9n\u00e9ral Eyad\u00e9ma, pionner de la cause \u00e9cologique avant d\u2019inviter les jeunes du parti \u00e0 \u00eatre soucieux et d\u00e9fenseurs de la nature, la survie des futures g\u00e9n\u00e9rations en d\u00e9pend.<br> Pour lui, il est important de comm\u00e9morer cette journ\u00e9e, car un environnement sain ne peut se construire sans la verdure et les diff\u00e9rentes vertus que procure un arbre.<br> Il a profit\u00e9 du cr\u00e9neau pour appeler la jeunesse de la pr\u00e9fecture \u00e0 rester mobiliser pour les futures joutes \u00e9lectorales locales qui doivent consacrer la supr\u00e9matie des id\u00e9aux du parti bleu blanc sur la sc\u00e8ne politique nationale.<br> D\u00e9mocrate<\/p>\n","protected":false},"excerpt":{"rendered":"<p>(228NEWS)- Plus de 300 plants ont \u00e9t\u00e9 mis en terre ce 1er Juin 2019 \u00e0 Ago\u00e8-Nyiv\u00e9, pr\u00e9cis\u00e9ment sur la Boulevard Faure Gnassingb\u00e9, \u00e0 l\u2019occasion de la journ\u00e9e de l\u2019arbre, par le Mouvement des Jeunes Unir, section Ago\u00e8. C\u2019\u00e9tait durant une novatrice course populaire, organis\u00e9e par la branche jeune du parti qui veut insuffler au sein &#8230; <a title=\"Journ\u00e9e de l\u2019arbre  Le MJU-Ago\u00e8 a mis plus de 300 plants en terre \u00e0 l\u2019issue d\u2019une course populaire\" class=\"read-more\" href=\"https:\/\/228news.tg\/index.php\/2019\/06\/02\/journee-de-larbre-le-mju-agoe-a-mis-plus-de-300-plants-en-terre-a-lissue-dune-course-populaire\/\" aria-label=\"En savoir plus sur Journ\u00e9e de l\u2019arbre  Le MJU-Ago\u00e8 a mis plus de 300 plants en terre \u00e0 l\u2019issue d\u2019une course populaire\">Lire la suite<\/a><\/p>\n","protected":false},"author":2,"featured_media":0,"comment_status":"open","ping_status":"open","sticky":false,"template":"","format":"standard","meta":{"footnotes":""},"categories":[28,35,2,4],"tags":[],"class_list":["post-2307","post","type-post","status-publish","format-standard","hentry","category-education","category-flash","category-nature","category-travel"],"yoast_head":"<!-- This site is optimized with the Yoast SEO plugin v26.4 - https:\/\/yoast.com\/wordpress\/plugins\/seo\/ -->\n<title>Journ\u00e9e de l\u2019arbre Le MJU-Ago\u00e8 a mis plus de 300 plants en terre \u00e0 l\u2019issue d\u2019une course populaire - 228 News<\/title>\n<meta name=\"robots\" content=\"index, follow, max-snippet:-1, max-image-preview:large, max-video-preview:-1\" \/>\n<link rel=\"canonical\" href=\"https:\/\/228news.tg\/index.php\/2019\/06\/02\/journee-de-larbre-le-mju-agoe-a-mis-plus-de-300-plants-en-terre-a-lissue-dune-course-populaire\/\" \/>\n<meta property=\"og:locale\" content=\"fr_FR\" \/>\n<meta property=\"og:type\" content=\"article\" \/>\n<meta property=\"og:title\" content=\"Journ\u00e9e de l\u2019arbre Le MJU-Ago\u00e8 a mis plus de 300 plants en terre \u00e0 l\u2019issue d\u2019une course populaire - 228 News\" \/>\n<meta property=\"og:description\" content=\"(228NEWS)- Plus de 300 plants ont \u00e9t\u00e9 mis en terre ce 1er Juin 2019 \u00e0 Ago\u00e8-Nyiv\u00e9, pr\u00e9cis\u00e9ment sur la Boulevard Faure Gnassingb\u00e9, \u00e0 l\u2019occasion de la journ\u00e9e de l\u2019arbre, par le Mouvement des Jeunes Unir, section Ago\u00e8. C\u2019\u00e9tait durant une novatrice course populaire, organis\u00e9e par la branche jeune du parti qui veut insuffler au sein ... Lire la suite\" \/>\n<meta property=\"og:url\" content=\"https:\/\/228news.tg\/index.php\/2019\/06\/02\/journee-de-larbre-le-mju-agoe-a-mis-plus-de-300-plants-en-terre-a-lissue-dune-course-populaire\/\" \/>\n<meta property=\"og:site_name\" content=\"228 News\" \/>\n<meta property=\"article:published_time\" content=\"2019-06-02T00:00:00+00:00\" \/>\n<meta name=\"author\" content=\"Bienvenu SAVI\" \/>\n<meta name=\"twitter:card\" content=\"summary_large_image\" \/>\n<meta name=\"twitter:label1\" content=\"\u00c9crit par\" \/>\n\t<meta name=\"twitter:data1\" content=\"Bienvenu SAVI\" \/>\n\t<meta name=\"twitter:label2\" content=\"Dur\u00e9e de lecture estim\u00e9e\" \/>\n\t<meta name=\"twitter:data2\" content=\"1 minute\" \/>\n<script type=\"application\/ld+json\" class=\"yoast-schema-graph\">{\"@context\":\"https:\/\/schema.org\",\"@graph\":[{\"@type\":\"Article\",\"@id\":\"https:\/\/228news.tg\/index.php\/2019\/06\/02\/journee-de-larbre-le-mju-agoe-a-mis-plus-de-300-plants-en-terre-a-lissue-dune-course-populaire\/#article\",\"isPartOf\":{\"@id\":\"https:\/\/228news.tg\/index.php\/2019\/06\/02\/journee-de-larbre-le-mju-agoe-a-mis-plus-de-300-plants-en-terre-a-lissue-dune-course-populaire\/\"},\"author\":{\"name\":\"Bienvenu SAVI\",\"@id\":\"https:\/\/228news.tg\/#\/schema\/person\/68d5a6cc0230290e61235c8379523f52\"},\"headline\":\"Journ\u00e9e de l\u2019arbre Le MJU-Ago\u00e8 a mis plus de 300 plants en terre \u00e0 l\u2019issue d\u2019une course populaire\",\"datePublished\":\"2019-06-02T00:00:00+00:00\",\"mainEntityOfPage\":{\"@id\":\"https:\/\/228news.tg\/index.php\/2019\/06\/02\/journee-de-larbre-le-mju-agoe-a-mis-plus-de-300-plants-en-terre-a-lissue-dune-course-populaire\/\"},\"wordCount\":235,\"commentCount\":0,\"publisher\":{\"@id\":\"https:\/\/228news.tg\/#organization\"},\"articleSection\":[\"EDUCATION\",\"Flash\",\"Nature\",\"Travel\"],\"inLanguage\":\"fr-FR\",\"potentialAction\":[{\"@type\":\"CommentAction\",\"name\":\"Comment\",\"target\":[\"https:\/\/228news.tg\/index.php\/2019\/06\/02\/journee-de-larbre-le-mju-agoe-a-mis-plus-de-300-plants-en-terre-a-lissue-dune-course-populaire\/#respond\"]}]},{\"@type\":\"WebPage\",\"@id\":\"https:\/\/228news.tg\/index.php\/2019\/06\/02\/journee-de-larbre-le-mju-agoe-a-mis-plus-de-300-plants-en-terre-a-lissue-dune-course-populaire\/\",\"url\":\"https:\/\/228news.tg\/index.php\/2019\/06\/02\/journee-de-larbre-le-mju-agoe-a-mis-plus-de-300-plants-en-terre-a-lissue-dune-course-populaire\/\",\"name\":\"Journ\u00e9e de l\u2019arbre Le MJU-Ago\u00e8 a mis plus de 300 plants en terre \u00e0 l\u2019issue d\u2019une course populaire - 228 News\",\"isPartOf\":{\"@id\":\"https:\/\/228news.tg\/#website\"},\"datePublished\":\"2019-06-02T00:00:00+00:00\",\"breadcrumb\":{\"@id\":\"https:\/\/228news.tg\/index.php\/2019\/06\/02\/journee-de-larbre-le-mju-agoe-a-mis-plus-de-300-plants-en-terre-a-lissue-dune-course-populaire\/#breadcrumb\"},\"inLanguage\":\"fr-FR\",\"potentialAction\":[{\"@type\":\"ReadAction\",\"target\":[\"https:\/\/228news.tg\/index.php\/2019\/06\/02\/journee-de-larbre-le-mju-agoe-a-mis-plus-de-300-plants-en-terre-a-lissue-dune-course-populaire\/\"]}]},{\"@type\":\"BreadcrumbList\",\"@id\":\"https:\/\/228news.tg\/index.php\/2019\/06\/02\/journee-de-larbre-le-mju-agoe-a-mis-plus-de-300-plants-en-terre-a-lissue-dune-course-populaire\/#breadcrumb\",\"itemListElement\":[{\"@type\":\"ListItem\",\"position\":1,\"name\":\"Home\",\"item\":\"https:\/\/228news.tg\/\"},{\"@type\":\"ListItem\",\"position\":2,\"name\":\"Journ\u00e9e de l\u2019arbre Le MJU-Ago\u00e8 a mis plus de 300 plants en terre \u00e0 l\u2019issue d\u2019une course populaire\"}]},{\"@type\":\"WebSite\",\"@id\":\"https:\/\/228news.tg\/#website\",\"url\":\"https:\/\/228news.tg\/\",\"name\":\"228 News\",\"description\":\"Soci\u00e9t\u00e9 de m\u00e9dias et d\u2019actualit\u00e9s\",\"publisher\":{\"@id\":\"https:\/\/228news.tg\/#organization\"},\"potentialAction\":[{\"@type\":\"SearchAction\",\"target\":{\"@type\":\"EntryPoint\",\"urlTemplate\":\"https:\/\/228news.tg\/?s={search_term_string}\"},\"query-input\":{\"@type\":\"PropertyValueSpecification\",\"valueRequired\":true,\"valueName\":\"search_term_string\"}}],\"inLanguage\":\"fr-FR\"},{\"@type\":\"Organization\",\"@id\":\"https:\/\/228news.tg\/#organization\",\"name\":\"228 News\",\"url\":\"https:\/\/228news.tg\/\",\"logo\":{\"@type\":\"ImageObject\",\"inLanguage\":\"fr-FR\",\"@id\":\"https:\/\/228news.tg\/#\/schema\/logo\/image\/\",\"url\":\"https:\/\/228news.tg\/wp-content\/uploads\/2024\/09\/logonew.png\",\"contentUrl\":\"https:\/\/228news.tg\/wp-content\/uploads\/2024\/09\/logonew.png\",\"width\":1640,\"height\":364,\"caption\":\"228 News\"},\"image\":{\"@id\":\"https:\/\/228news.tg\/#\/schema\/logo\/image\/\"}},{\"@type\":\"Person\",\"@id\":\"https:\/\/228news.tg\/#\/schema\/person\/68d5a6cc0230290e61235c8379523f52\",\"name\":\"Bienvenu SAVI\",\"image\":{\"@type\":\"ImageObject\",\"inLanguage\":\"fr-FR\",\"@id\":\"https:\/\/228news.tg\/#\/schema\/person\/image\/\",\"url\":\"https:\/\/secure.gravatar.com\/avatar\/9db91895c559e510509c33a3e9683998458e9b828fac36d5d1aa23f0f2fd369b?s=96&d=mm&r=g\",\"contentUrl\":\"https:\/\/secure.gravatar.com\/avatar\/9db91895c559e510509c33a3e9683998458e9b828fac36d5d1aa23f0f2fd369b?s=96&d=mm&r=g\",\"caption\":\"Bienvenu SAVI\"},\"url\":\"https:\/\/228news.tg\/index.php\/author\/bienvenu\/\"}]}<\/script>\n<!-- \/ Yoast SEO plugin. -->","yoast_head_json":{"title":"Journ\u00e9e de l\u2019arbre Le MJU-Ago\u00e8 a mis plus de 300 plants en terre \u00e0 l\u2019issue d\u2019une course populaire - 228 News","robots":{"index":"index","follow":"follow","max-snippet":"max-snippet:-1","max-image-preview":"max-image-preview:large","max-video-preview":"max-video-preview:-1"},"canonical":"https:\/\/228news.tg\/index.php\/2019\/06\/02\/journee-de-larbre-le-mju-agoe-a-mis-plus-de-300-plants-en-terre-a-lissue-dune-course-populaire\/","og_locale":"fr_FR","og_type":"article","og_title":"Journ\u00e9e de l\u2019arbre Le MJU-Ago\u00e8 a mis plus de 300 plants en terre \u00e0 l\u2019issue d\u2019une course populaire - 228 News","og_description":"(228NEWS)- Plus de 300 plants ont \u00e9t\u00e9 mis en terre ce 1er Juin 2019 \u00e0 Ago\u00e8-Nyiv\u00e9, pr\u00e9cis\u00e9ment sur la Boulevard Faure Gnassingb\u00e9, \u00e0 l\u2019occasion de la journ\u00e9e de l\u2019arbre, par le Mouvement des Jeunes Unir, section Ago\u00e8. C\u2019\u00e9tait durant une novatrice course populaire, organis\u00e9e par la branche jeune du parti qui veut insuffler au sein ... Lire la suite","og_url":"https:\/\/228news.tg\/index.php\/2019\/06\/02\/journee-de-larbre-le-mju-agoe-a-mis-plus-de-300-plants-en-terre-a-lissue-dune-course-populaire\/","og_site_name":"228 News","article_published_time":"2019-06-02T00:00:00+00:00","author":"Bienvenu SAVI","twitter_card":"summary_large_image","twitter_misc":{"\u00c9crit par":"Bienvenu SAVI","Dur\u00e9e de lecture estim\u00e9e":"1 minute"},"schema":{"@context":"https:\/\/schema.org","@graph":[{"@type":"Article","@id":"https:\/\/228news.tg\/index.php\/2019\/06\/02\/journee-de-larbre-le-mju-agoe-a-mis-plus-de-300-plants-en-terre-a-lissue-dune-course-populaire\/#article","isPartOf":{"@id":"https:\/\/228news.tg\/index.php\/2019\/06\/02\/journee-de-larbre-le-mju-agoe-a-mis-plus-de-300-plants-en-terre-a-lissue-dune-course-populaire\/"},"author":{"name":"Bienvenu SAVI","@id":"https:\/\/228news.tg\/#\/schema\/person\/68d5a6cc0230290e61235c8379523f52"},"headline":"Journ\u00e9e de l\u2019arbre Le MJU-Ago\u00e8 a mis plus de 300 plants en terre \u00e0 l\u2019issue d\u2019une course populaire","datePublished":"2019-06-02T00:00:00+00:00","mainEntityOfPage":{"@id":"https:\/\/228news.tg\/index.php\/2019\/06\/02\/journee-de-larbre-le-mju-agoe-a-mis-plus-de-300-plants-en-terre-a-lissue-dune-course-populaire\/"},"wordCount":235,"commentCount":0,"publisher":{"@id":"https:\/\/228news.tg\/#organization"},"articleSection":["EDUCATION","Flash","Nature","Travel"],"inLanguage":"fr-FR","potentialAction":[{"@type":"CommentAction","name":"Comment","target":["https:\/\/228news.tg\/index.php\/2019\/06\/02\/journee-de-larbre-le-mju-agoe-a-mis-plus-de-300-plants-en-terre-a-lissue-dune-course-populaire\/#respond"]}]},{"@type":"WebPage","@id":"https:\/\/228news.tg\/index.php\/2019\/06\/02\/journee-de-larbre-le-mju-agoe-a-mis-plus-de-300-plants-en-terre-a-lissue-dune-course-populaire\/","url":"https:\/\/228news.tg\/index.php\/2019\/06\/02\/journee-de-larbre-le-mju-agoe-a-mis-plus-de-300-plants-en-terre-a-lissue-dune-course-populaire\/","name":"Journ\u00e9e de l\u2019arbre Le MJU-Ago\u00e8 a mis plus de 300 plants en terre \u00e0 l\u2019issue d\u2019une course populaire - 228 News","isPartOf":{"@id":"https:\/\/228news.tg\/#website"},"datePublished":"2019-06-02T00:00:00+00:00","breadcrumb":{"@id":"https:\/\/228news.tg\/index.php\/2019\/06\/02\/journee-de-larbre-le-mju-agoe-a-mis-plus-de-300-plants-en-terre-a-lissue-dune-course-populaire\/#breadcrumb"},"inLanguage":"fr-FR","potentialAction":[{"@type":"ReadAction","target":["https:\/\/228news.tg\/index.php\/2019\/06\/02\/journee-de-larbre-le-mju-agoe-a-mis-plus-de-300-plants-en-terre-a-lissue-dune-course-populaire\/"]}]},{"@type":"BreadcrumbList","@id":"https:\/\/228news.tg\/index.php\/2019\/06\/02\/journee-de-larbre-le-mju-agoe-a-mis-plus-de-300-plants-en-terre-a-lissue-dune-course-populaire\/#breadcrumb","itemListElement":[{"@type":"ListItem","position":1,"name":"Home","item":"https:\/\/228news.tg\/"},{"@type":"ListItem","position":2,"name":"Journ\u00e9e de l\u2019arbre Le MJU-Ago\u00e8 a mis plus de 300 plants en terre \u00e0 l\u2019issue d\u2019une course populaire"}]},{"@type":"WebSite","@id":"https:\/\/228news.tg\/#website","url":"https:\/\/228news.tg\/","name":"228 News","description":"Soci\u00e9t\u00e9 de m\u00e9dias et d\u2019actualit\u00e9s","publisher":{"@id":"https:\/\/228news.tg\/#organization"},"potentialAction":[{"@type":"SearchAction","target":{"@type":"EntryPoint","urlTemplate":"https:\/\/228news.tg\/?s={search_term_string}"},"query-input":{"@type":"PropertyValueSpecification","valueRequired":true,"valueName":"search_term_string"}}],"inLanguage":"fr-FR"},{"@type":"Organization","@id":"https:\/\/228news.tg\/#organization","name":"228 News","url":"https:\/\/228news.tg\/","logo":{"@type":"ImageObject","inLanguage":"fr-FR","@id":"https:\/\/228news.tg\/#\/schema\/logo\/image\/","url":"https:\/\/228news.tg\/wp-content\/uploads\/2024\/09\/logonew.png","contentUrl":"https:\/\/228news.tg\/wp-content\/uploads\/2024\/09\/logonew.png","width":1640,"height":364,"caption":"228 News"},"image":{"@id":"https:\/\/228news.tg\/#\/schema\/logo\/image\/"}},{"@type":"Person","@id":"https:\/\/228news.tg\/#\/schema\/person\/68d5a6cc0230290e61235c8379523f52","name":"Bienvenu SAVI","image":{"@type":"ImageObject","inLanguage":"fr-FR","@id":"https:\/\/228news.tg\/#\/schema\/person\/image\/","url":"https:\/\/secure.gravatar.com\/avatar\/9db91895c559e510509c33a3e9683998458e9b828fac36d5d1aa23f0f2fd369b?s=96&d=mm&r=g","contentUrl":"https:\/\/secure.gravatar.com\/avatar\/9db91895c559e510509c33a3e9683998458e9b828fac36d5d1aa23f0f2fd369b?s=96&d=mm&r=g","caption":"Bienvenu SAVI"},"url":"https:\/\/228news.tg\/index.php\/author\/bienvenu\/"}]}},"jetpack_featured_media_url":"","_links":{"self":[{"href":"https:\/\/228news.tg\/index.php\/wp-json\/wp\/v2\/posts\/2307","targetHints":{"allow":["GET"]}}],"collection":[{"href":"https:\/\/228news.tg\/index.php\/wp-json\/wp\/v2\/posts"}],"about":[{"href":"https:\/\/228news.tg\/index.php\/wp-json\/wp\/v2\/types\/post"}],"author":[{"embeddable":true,"href":"https:\/\/228news.tg\/index.php\/wp-json\/wp\/v2\/users\/2"}],"replies":[{"embeddable":true,"href":"https:\/\/228news.tg\/index.php\/wp-json\/wp\/v2\/comments?post=2307"}],"version-history":[{"count":0,"href":"https:\/\/228news.tg\/index.php\/wp-json\/wp\/v2\/posts\/2307\/revisions"}],"wp:attachment":[{"href":"https:\/\/228news.tg\/index.php\/wp-json\/wp\/v2\/media?parent=2307"}],"wp:term":[{"taxonomy":"category","embeddable":true,"href":"https:\/\/228news.tg\/index.php\/wp-json\/wp\/v2\/categories?post=2307"},{"taxonomy":"post_tag","embeddable":true,"href":"https:\/\/228news.tg\/index.php\/wp-json\/wp\/v2\/tags?post=2307"}],"curies":[{"name":"wp","href":"https:\/\/api.w.org\/{rel}","templated":true}]}}