{"id":2280,"date":"2019-05-24T00:00:00","date_gmt":"2019-05-24T00:00:00","guid":{"rendered":"https:\/\/228news.tg\/index.php\/2019\/05\/24\/fete-des-meres-les-voeux-de-lhonorable-esther-ayele-gabiam-a-toutes-les-mamans-du-togo\/"},"modified":"2019-05-24T00:00:00","modified_gmt":"2019-05-24T00:00:00","slug":"fete-des-meres-les-voeux-de-lhonorable-esther-ayele-gabiam-a-toutes-les-mamans-du-togo","status":"publish","type":"post","link":"https:\/\/228news.tg\/index.php\/2019\/05\/24\/fete-des-meres-les-voeux-de-lhonorable-esther-ayele-gabiam-a-toutes-les-mamans-du-togo\/","title":{"rendered":"F\u00eate des m\u00e8res: Les v\u0153ux de l&rsquo;Honorable Esther Ay\u00e9l\u00e9 Gabiam \u00e0 toutes les mamans du TOGO"},"content":{"rendered":"\n<p>(228NEWS) L&rsquo;Honorable Esther Ay\u00e9l\u00e9 Gabiam , ( d\u00e9put\u00e9 ind\u00e9pendante) a souhait\u00e9 une heureuse F\u00eate des m\u00e8res \u00e0 toues les mamans du  Togo \u00e0 l&rsquo;occasion de la c\u00e9l\u00e9bration de la F\u00eate des m\u00e8res.<\/p>\n\n\n\n<p>\u00ab\u00a0En ce jour sp\u00e9cial, je tiens \u00e0 souhaiter \u00e0 toutes les mamans du TOGO,une bonne f\u00eate des m\u00e8res.  Vous \u00eates courageuses face aux al\u00e9as de la vie.<br> Votre amour pour vos enfants et petits enfants est sans faille. \u00ab\u00a0<\/p>\n\n\n\n<p>Occasion pour la d\u00e9put\u00e9 d&rsquo;appeler les uns et les autres \u00e0 plus d\u2019engagement en faveur de la gente f\u00e9minine en g\u00e9n\u00e9ral, et de la femme togolaise en particulier.<\/p>\n\n\n\n<p>\u00ab\u00a0Au del\u00e0 du caract\u00e8re festif de cette journ\u00e9e, je souhaite vivement  que nous nous engageons \u00e0 poser des actes correspondant \u00e0 nos paroles.<br>  Respectons les m\u00e8res comme elles le m\u00e9ritent, donnons \u00e0 toutes les femmes l&rsquo;\u00e9galit\u00e9 qu&rsquo;elles m\u00e9ritent et offrons aux mamans le soutien dont ils ont besoin pour leur r\u00f4le le plus important.\u00a0\u00bbL&rsquo;\u00e9ducation des enfants\u00a0\u00bb. Joyeuse f\u00eate des m\u00e8res\u00a0\u00bb, a&#8211;elle conclu.<\/p>\n\n\n\n<p><strong>La R\u00e9daction  <\/strong><\/p>\n\n\n\n<p><\/p>\n","protected":false},"excerpt":{"rendered":"<p>(228NEWS) L&rsquo;Honorable Esther Ay\u00e9l\u00e9 Gabiam , ( d\u00e9put\u00e9 ind\u00e9pendante) a souhait\u00e9 une heureuse F\u00eate des m\u00e8res \u00e0 toues les mamans du Togo \u00e0 l&rsquo;occasion de la c\u00e9l\u00e9bration de la F\u00eate des m\u00e8res. \u00ab\u00a0En ce jour sp\u00e9cial, je tiens \u00e0 souhaiter \u00e0 toutes les mamans du TOGO,une bonne f\u00eate des m\u00e8res. Vous \u00eates courageuses face aux &#8230; <a title=\"F\u00eate des m\u00e8res: Les v\u0153ux de l&rsquo;Honorable Esther Ay\u00e9l\u00e9 Gabiam \u00e0 toutes les mamans du TOGO\" class=\"read-more\" href=\"https:\/\/228news.tg\/index.php\/2019\/05\/24\/fete-des-meres-les-voeux-de-lhonorable-esther-ayele-gabiam-a-toutes-les-mamans-du-togo\/\" aria-label=\"En savoir plus sur F\u00eate des m\u00e8res: Les v\u0153ux de l&rsquo;Honorable Esther Ay\u00e9l\u00e9 Gabiam \u00e0 toutes les mamans du TOGO\">Lire la suite<\/a><\/p>\n","protected":false},"author":2,"featured_media":2281,"comment_status":"open","ping_status":"open","sticky":false,"template":"","format":"standard","meta":{"footnotes":""},"categories":[35,29,25,34],"tags":[],"class_list":["post-2280","post","type-post","status-publish","format-standard","has-post-thumbnail","hentry","category-flash","category-societe","category-togo","category-une"],"yoast_head":"<!-- This site is optimized with the Yoast SEO plugin v26.4 - https:\/\/yoast.com\/wordpress\/plugins\/seo\/ -->\n<title>F\u00eate des m\u00e8res: Les v\u0153ux de l&#039;Honorable Esther Ay\u00e9l\u00e9 Gabiam \u00e0 toutes les mamans du TOGO - 228 News<\/title>\n<meta name=\"robots\" content=\"index, follow, max-snippet:-1, max-image-preview:large, max-video-preview:-1\" \/>\n<link rel=\"canonical\" href=\"https:\/\/228news.tg\/index.php\/2019\/05\/24\/fete-des-meres-les-voeux-de-lhonorable-esther-ayele-gabiam-a-toutes-les-mamans-du-togo\/\" \/>\n<meta property=\"og:locale\" content=\"fr_FR\" \/>\n<meta property=\"og:type\" content=\"article\" \/>\n<meta property=\"og:title\" content=\"F\u00eate des m\u00e8res: Les v\u0153ux de l&#039;Honorable Esther Ay\u00e9l\u00e9 Gabiam \u00e0 toutes les mamans du TOGO - 228 News\" \/>\n<meta property=\"og:description\" content=\"(228NEWS) L&rsquo;Honorable Esther Ay\u00e9l\u00e9 Gabiam , ( d\u00e9put\u00e9 ind\u00e9pendante) a souhait\u00e9 une heureuse F\u00eate des m\u00e8res \u00e0 toues les mamans du Togo \u00e0 l&rsquo;occasion de la c\u00e9l\u00e9bration de la F\u00eate des m\u00e8res. \u00ab\u00a0En ce jour sp\u00e9cial, je tiens \u00e0 souhaiter \u00e0 toutes les mamans du TOGO,une bonne f\u00eate des m\u00e8res. Vous \u00eates courageuses face aux ... Lire la suite\" \/>\n<meta property=\"og:url\" content=\"https:\/\/228news.tg\/index.php\/2019\/05\/24\/fete-des-meres-les-voeux-de-lhonorable-esther-ayele-gabiam-a-toutes-les-mamans-du-togo\/\" \/>\n<meta property=\"og:site_name\" content=\"228 News\" \/>\n<meta property=\"article:published_time\" content=\"2019-05-24T00:00:00+00:00\" \/>\n<meta property=\"og:image\" content=\"https:\/\/228news.tg\/wp-content\/uploads\/2024\/09\/photo_2019-05-24_20-19-08-e1558723335486.jpg\" \/>\n\t<meta property=\"og:image:width\" content=\"886\" \/>\n\t<meta property=\"og:image:height\" content=\"1080\" \/>\n\t<meta property=\"og:image:type\" content=\"image\/jpeg\" \/>\n<meta name=\"author\" content=\"Bienvenu SAVI\" \/>\n<meta name=\"twitter:card\" content=\"summary_large_image\" \/>\n<meta name=\"twitter:label1\" content=\"\u00c9crit par\" \/>\n\t<meta name=\"twitter:data1\" content=\"Bienvenu SAVI\" \/>\n\t<meta name=\"twitter:label2\" content=\"Dur\u00e9e de lecture estim\u00e9e\" \/>\n\t<meta name=\"twitter:data2\" content=\"1 minute\" \/>\n<script type=\"application\/ld+json\" class=\"yoast-schema-graph\">{\"@context\":\"https:\/\/schema.org\",\"@graph\":[{\"@type\":\"Article\",\"@id\":\"https:\/\/228news.tg\/index.php\/2019\/05\/24\/fete-des-meres-les-voeux-de-lhonorable-esther-ayele-gabiam-a-toutes-les-mamans-du-togo\/#article\",\"isPartOf\":{\"@id\":\"https:\/\/228news.tg\/index.php\/2019\/05\/24\/fete-des-meres-les-voeux-de-lhonorable-esther-ayele-gabiam-a-toutes-les-mamans-du-togo\/\"},\"author\":{\"name\":\"Bienvenu SAVI\",\"@id\":\"https:\/\/228news.tg\/#\/schema\/person\/68d5a6cc0230290e61235c8379523f52\"},\"headline\":\"F\u00eate des m\u00e8res: Les v\u0153ux de l&rsquo;Honorable Esther Ay\u00e9l\u00e9 Gabiam \u00e0 toutes les mamans du TOGO\",\"datePublished\":\"2019-05-24T00:00:00+00:00\",\"mainEntityOfPage\":{\"@id\":\"https:\/\/228news.tg\/index.php\/2019\/05\/24\/fete-des-meres-les-voeux-de-lhonorable-esther-ayele-gabiam-a-toutes-les-mamans-du-togo\/\"},\"wordCount\":207,\"commentCount\":0,\"publisher\":{\"@id\":\"https:\/\/228news.tg\/#organization\"},\"image\":{\"@id\":\"https:\/\/228news.tg\/index.php\/2019\/05\/24\/fete-des-meres-les-voeux-de-lhonorable-esther-ayele-gabiam-a-toutes-les-mamans-du-togo\/#primaryimage\"},\"thumbnailUrl\":\"https:\/\/228news.tg\/wp-content\/uploads\/2024\/09\/photo_2019-05-24_20-19-08-e1558723335486.jpg\",\"articleSection\":[\"Flash\",\"SOCIETE\",\"TOGO\",\"Une\"],\"inLanguage\":\"fr-FR\",\"potentialAction\":[{\"@type\":\"CommentAction\",\"name\":\"Comment\",\"target\":[\"https:\/\/228news.tg\/index.php\/2019\/05\/24\/fete-des-meres-les-voeux-de-lhonorable-esther-ayele-gabiam-a-toutes-les-mamans-du-togo\/#respond\"]}]},{\"@type\":\"WebPage\",\"@id\":\"https:\/\/228news.tg\/index.php\/2019\/05\/24\/fete-des-meres-les-voeux-de-lhonorable-esther-ayele-gabiam-a-toutes-les-mamans-du-togo\/\",\"url\":\"https:\/\/228news.tg\/index.php\/2019\/05\/24\/fete-des-meres-les-voeux-de-lhonorable-esther-ayele-gabiam-a-toutes-les-mamans-du-togo\/\",\"name\":\"F\u00eate des m\u00e8res: Les v\u0153ux de l'Honorable Esther Ay\u00e9l\u00e9 Gabiam \u00e0 toutes les mamans du TOGO - 228 News\",\"isPartOf\":{\"@id\":\"https:\/\/228news.tg\/#website\"},\"primaryImageOfPage\":{\"@id\":\"https:\/\/228news.tg\/index.php\/2019\/05\/24\/fete-des-meres-les-voeux-de-lhonorable-esther-ayele-gabiam-a-toutes-les-mamans-du-togo\/#primaryimage\"},\"image\":{\"@id\":\"https:\/\/228news.tg\/index.php\/2019\/05\/24\/fete-des-meres-les-voeux-de-lhonorable-esther-ayele-gabiam-a-toutes-les-mamans-du-togo\/#primaryimage\"},\"thumbnailUrl\":\"https:\/\/228news.tg\/wp-content\/uploads\/2024\/09\/photo_2019-05-24_20-19-08-e1558723335486.jpg\",\"datePublished\":\"2019-05-24T00:00:00+00:00\",\"breadcrumb\":{\"@id\":\"https:\/\/228news.tg\/index.php\/2019\/05\/24\/fete-des-meres-les-voeux-de-lhonorable-esther-ayele-gabiam-a-toutes-les-mamans-du-togo\/#breadcrumb\"},\"inLanguage\":\"fr-FR\",\"potentialAction\":[{\"@type\":\"ReadAction\",\"target\":[\"https:\/\/228news.tg\/index.php\/2019\/05\/24\/fete-des-meres-les-voeux-de-lhonorable-esther-ayele-gabiam-a-toutes-les-mamans-du-togo\/\"]}]},{\"@type\":\"ImageObject\",\"inLanguage\":\"fr-FR\",\"@id\":\"https:\/\/228news.tg\/index.php\/2019\/05\/24\/fete-des-meres-les-voeux-de-lhonorable-esther-ayele-gabiam-a-toutes-les-mamans-du-togo\/#primaryimage\",\"url\":\"https:\/\/228news.tg\/wp-content\/uploads\/2024\/09\/photo_2019-05-24_20-19-08-e1558723335486.jpg\",\"contentUrl\":\"https:\/\/228news.tg\/wp-content\/uploads\/2024\/09\/photo_2019-05-24_20-19-08-e1558723335486.jpg\",\"width\":886,\"height\":1080},{\"@type\":\"BreadcrumbList\",\"@id\":\"https:\/\/228news.tg\/index.php\/2019\/05\/24\/fete-des-meres-les-voeux-de-lhonorable-esther-ayele-gabiam-a-toutes-les-mamans-du-togo\/#breadcrumb\",\"itemListElement\":[{\"@type\":\"ListItem\",\"position\":1,\"name\":\"Home\",\"item\":\"https:\/\/228news.tg\/\"},{\"@type\":\"ListItem\",\"position\":2,\"name\":\"F\u00eate des m\u00e8res: Les v\u0153ux de l&rsquo;Honorable Esther Ay\u00e9l\u00e9 Gabiam \u00e0 toutes les mamans du TOGO\"}]},{\"@type\":\"WebSite\",\"@id\":\"https:\/\/228news.tg\/#website\",\"url\":\"https:\/\/228news.tg\/\",\"name\":\"228 News\",\"description\":\"Soci\u00e9t\u00e9 de m\u00e9dias et d\u2019actualit\u00e9s\",\"publisher\":{\"@id\":\"https:\/\/228news.tg\/#organization\"},\"potentialAction\":[{\"@type\":\"SearchAction\",\"target\":{\"@type\":\"EntryPoint\",\"urlTemplate\":\"https:\/\/228news.tg\/?s={search_term_string}\"},\"query-input\":{\"@type\":\"PropertyValueSpecification\",\"valueRequired\":true,\"valueName\":\"search_term_string\"}}],\"inLanguage\":\"fr-FR\"},{\"@type\":\"Organization\",\"@id\":\"https:\/\/228news.tg\/#organization\",\"name\":\"228 News\",\"url\":\"https:\/\/228news.tg\/\",\"logo\":{\"@type\":\"ImageObject\",\"inLanguage\":\"fr-FR\",\"@id\":\"https:\/\/228news.tg\/#\/schema\/logo\/image\/\",\"url\":\"https:\/\/228news.tg\/wp-content\/uploads\/2024\/09\/logonew.png\",\"contentUrl\":\"https:\/\/228news.tg\/wp-content\/uploads\/2024\/09\/logonew.png\",\"width\":1640,\"height\":364,\"caption\":\"228 News\"},\"image\":{\"@id\":\"https:\/\/228news.tg\/#\/schema\/logo\/image\/\"}},{\"@type\":\"Person\",\"@id\":\"https:\/\/228news.tg\/#\/schema\/person\/68d5a6cc0230290e61235c8379523f52\",\"name\":\"Bienvenu SAVI\",\"image\":{\"@type\":\"ImageObject\",\"inLanguage\":\"fr-FR\",\"@id\":\"https:\/\/228news.tg\/#\/schema\/person\/image\/\",\"url\":\"https:\/\/secure.gravatar.com\/avatar\/9db91895c559e510509c33a3e9683998458e9b828fac36d5d1aa23f0f2fd369b?s=96&d=mm&r=g\",\"contentUrl\":\"https:\/\/secure.gravatar.com\/avatar\/9db91895c559e510509c33a3e9683998458e9b828fac36d5d1aa23f0f2fd369b?s=96&d=mm&r=g\",\"caption\":\"Bienvenu SAVI\"},\"url\":\"https:\/\/228news.tg\/index.php\/author\/bienvenu\/\"}]}<\/script>\n<!-- \/ Yoast SEO plugin. -->","yoast_head_json":{"title":"F\u00eate des m\u00e8res: Les v\u0153ux de l'Honorable Esther Ay\u00e9l\u00e9 Gabiam \u00e0 toutes les mamans du TOGO - 228 News","robots":{"index":"index","follow":"follow","max-snippet":"max-snippet:-1","max-image-preview":"max-image-preview:large","max-video-preview":"max-video-preview:-1"},"canonical":"https:\/\/228news.tg\/index.php\/2019\/05\/24\/fete-des-meres-les-voeux-de-lhonorable-esther-ayele-gabiam-a-toutes-les-mamans-du-togo\/","og_locale":"fr_FR","og_type":"article","og_title":"F\u00eate des m\u00e8res: Les v\u0153ux de l'Honorable Esther Ay\u00e9l\u00e9 Gabiam \u00e0 toutes les mamans du TOGO - 228 News","og_description":"(228NEWS) L&rsquo;Honorable Esther Ay\u00e9l\u00e9 Gabiam , ( d\u00e9put\u00e9 ind\u00e9pendante) a souhait\u00e9 une heureuse F\u00eate des m\u00e8res \u00e0 toues les mamans du Togo \u00e0 l&rsquo;occasion de la c\u00e9l\u00e9bration de la F\u00eate des m\u00e8res. \u00ab\u00a0En ce jour sp\u00e9cial, je tiens \u00e0 souhaiter \u00e0 toutes les mamans du TOGO,une bonne f\u00eate des m\u00e8res. Vous \u00eates courageuses face aux ... Lire la suite","og_url":"https:\/\/228news.tg\/index.php\/2019\/05\/24\/fete-des-meres-les-voeux-de-lhonorable-esther-ayele-gabiam-a-toutes-les-mamans-du-togo\/","og_site_name":"228 News","article_published_time":"2019-05-24T00:00:00+00:00","og_image":[{"width":886,"height":1080,"url":"https:\/\/228news.tg\/wp-content\/uploads\/2024\/09\/photo_2019-05-24_20-19-08-e1558723335486.jpg","type":"image\/jpeg"}],"author":"Bienvenu SAVI","twitter_card":"summary_large_image","twitter_misc":{"\u00c9crit par":"Bienvenu SAVI","Dur\u00e9e de lecture estim\u00e9e":"1 minute"},"schema":{"@context":"https:\/\/schema.org","@graph":[{"@type":"Article","@id":"https:\/\/228news.tg\/index.php\/2019\/05\/24\/fete-des-meres-les-voeux-de-lhonorable-esther-ayele-gabiam-a-toutes-les-mamans-du-togo\/#article","isPartOf":{"@id":"https:\/\/228news.tg\/index.php\/2019\/05\/24\/fete-des-meres-les-voeux-de-lhonorable-esther-ayele-gabiam-a-toutes-les-mamans-du-togo\/"},"author":{"name":"Bienvenu SAVI","@id":"https:\/\/228news.tg\/#\/schema\/person\/68d5a6cc0230290e61235c8379523f52"},"headline":"F\u00eate des m\u00e8res: Les v\u0153ux de l&rsquo;Honorable Esther Ay\u00e9l\u00e9 Gabiam \u00e0 toutes les mamans du TOGO","datePublished":"2019-05-24T00:00:00+00:00","mainEntityOfPage":{"@id":"https:\/\/228news.tg\/index.php\/2019\/05\/24\/fete-des-meres-les-voeux-de-lhonorable-esther-ayele-gabiam-a-toutes-les-mamans-du-togo\/"},"wordCount":207,"commentCount":0,"publisher":{"@id":"https:\/\/228news.tg\/#organization"},"image":{"@id":"https:\/\/228news.tg\/index.php\/2019\/05\/24\/fete-des-meres-les-voeux-de-lhonorable-esther-ayele-gabiam-a-toutes-les-mamans-du-togo\/#primaryimage"},"thumbnailUrl":"https:\/\/228news.tg\/wp-content\/uploads\/2024\/09\/photo_2019-05-24_20-19-08-e1558723335486.jpg","articleSection":["Flash","SOCIETE","TOGO","Une"],"inLanguage":"fr-FR","potentialAction":[{"@type":"CommentAction","name":"Comment","target":["https:\/\/228news.tg\/index.php\/2019\/05\/24\/fete-des-meres-les-voeux-de-lhonorable-esther-ayele-gabiam-a-toutes-les-mamans-du-togo\/#respond"]}]},{"@type":"WebPage","@id":"https:\/\/228news.tg\/index.php\/2019\/05\/24\/fete-des-meres-les-voeux-de-lhonorable-esther-ayele-gabiam-a-toutes-les-mamans-du-togo\/","url":"https:\/\/228news.tg\/index.php\/2019\/05\/24\/fete-des-meres-les-voeux-de-lhonorable-esther-ayele-gabiam-a-toutes-les-mamans-du-togo\/","name":"F\u00eate des m\u00e8res: Les v\u0153ux de l'Honorable Esther Ay\u00e9l\u00e9 Gabiam \u00e0 toutes les mamans du TOGO - 228 News","isPartOf":{"@id":"https:\/\/228news.tg\/#website"},"primaryImageOfPage":{"@id":"https:\/\/228news.tg\/index.php\/2019\/05\/24\/fete-des-meres-les-voeux-de-lhonorable-esther-ayele-gabiam-a-toutes-les-mamans-du-togo\/#primaryimage"},"image":{"@id":"https:\/\/228news.tg\/index.php\/2019\/05\/24\/fete-des-meres-les-voeux-de-lhonorable-esther-ayele-gabiam-a-toutes-les-mamans-du-togo\/#primaryimage"},"thumbnailUrl":"https:\/\/228news.tg\/wp-content\/uploads\/2024\/09\/photo_2019-05-24_20-19-08-e1558723335486.jpg","datePublished":"2019-05-24T00:00:00+00:00","breadcrumb":{"@id":"https:\/\/228news.tg\/index.php\/2019\/05\/24\/fete-des-meres-les-voeux-de-lhonorable-esther-ayele-gabiam-a-toutes-les-mamans-du-togo\/#breadcrumb"},"inLanguage":"fr-FR","potentialAction":[{"@type":"ReadAction","target":["https:\/\/228news.tg\/index.php\/2019\/05\/24\/fete-des-meres-les-voeux-de-lhonorable-esther-ayele-gabiam-a-toutes-les-mamans-du-togo\/"]}]},{"@type":"ImageObject","inLanguage":"fr-FR","@id":"https:\/\/228news.tg\/index.php\/2019\/05\/24\/fete-des-meres-les-voeux-de-lhonorable-esther-ayele-gabiam-a-toutes-les-mamans-du-togo\/#primaryimage","url":"https:\/\/228news.tg\/wp-content\/uploads\/2024\/09\/photo_2019-05-24_20-19-08-e1558723335486.jpg","contentUrl":"https:\/\/228news.tg\/wp-content\/uploads\/2024\/09\/photo_2019-05-24_20-19-08-e1558723335486.jpg","width":886,"height":1080},{"@type":"BreadcrumbList","@id":"https:\/\/228news.tg\/index.php\/2019\/05\/24\/fete-des-meres-les-voeux-de-lhonorable-esther-ayele-gabiam-a-toutes-les-mamans-du-togo\/#breadcrumb","itemListElement":[{"@type":"ListItem","position":1,"name":"Home","item":"https:\/\/228news.tg\/"},{"@type":"ListItem","position":2,"name":"F\u00eate des m\u00e8res: Les v\u0153ux de l&rsquo;Honorable Esther Ay\u00e9l\u00e9 Gabiam \u00e0 toutes les mamans du TOGO"}]},{"@type":"WebSite","@id":"https:\/\/228news.tg\/#website","url":"https:\/\/228news.tg\/","name":"228 News","description":"Soci\u00e9t\u00e9 de m\u00e9dias et d\u2019actualit\u00e9s","publisher":{"@id":"https:\/\/228news.tg\/#organization"},"potentialAction":[{"@type":"SearchAction","target":{"@type":"EntryPoint","urlTemplate":"https:\/\/228news.tg\/?s={search_term_string}"},"query-input":{"@type":"PropertyValueSpecification","valueRequired":true,"valueName":"search_term_string"}}],"inLanguage":"fr-FR"},{"@type":"Organization","@id":"https:\/\/228news.tg\/#organization","name":"228 News","url":"https:\/\/228news.tg\/","logo":{"@type":"ImageObject","inLanguage":"fr-FR","@id":"https:\/\/228news.tg\/#\/schema\/logo\/image\/","url":"https:\/\/228news.tg\/wp-content\/uploads\/2024\/09\/logonew.png","contentUrl":"https:\/\/228news.tg\/wp-content\/uploads\/2024\/09\/logonew.png","width":1640,"height":364,"caption":"228 News"},"image":{"@id":"https:\/\/228news.tg\/#\/schema\/logo\/image\/"}},{"@type":"Person","@id":"https:\/\/228news.tg\/#\/schema\/person\/68d5a6cc0230290e61235c8379523f52","name":"Bienvenu SAVI","image":{"@type":"ImageObject","inLanguage":"fr-FR","@id":"https:\/\/228news.tg\/#\/schema\/person\/image\/","url":"https:\/\/secure.gravatar.com\/avatar\/9db91895c559e510509c33a3e9683998458e9b828fac36d5d1aa23f0f2fd369b?s=96&d=mm&r=g","contentUrl":"https:\/\/secure.gravatar.com\/avatar\/9db91895c559e510509c33a3e9683998458e9b828fac36d5d1aa23f0f2fd369b?s=96&d=mm&r=g","caption":"Bienvenu SAVI"},"url":"https:\/\/228news.tg\/index.php\/author\/bienvenu\/"}]}},"jetpack_featured_media_url":"https:\/\/228news.tg\/wp-content\/uploads\/2024\/09\/photo_2019-05-24_20-19-08-e1558723335486.jpg","_links":{"self":[{"href":"https:\/\/228news.tg\/index.php\/wp-json\/wp\/v2\/posts\/2280","targetHints":{"allow":["GET"]}}],"collection":[{"href":"https:\/\/228news.tg\/index.php\/wp-json\/wp\/v2\/posts"}],"about":[{"href":"https:\/\/228news.tg\/index.php\/wp-json\/wp\/v2\/types\/post"}],"author":[{"embeddable":true,"href":"https:\/\/228news.tg\/index.php\/wp-json\/wp\/v2\/users\/2"}],"replies":[{"embeddable":true,"href":"https:\/\/228news.tg\/index.php\/wp-json\/wp\/v2\/comments?post=2280"}],"version-history":[{"count":0,"href":"https:\/\/228news.tg\/index.php\/wp-json\/wp\/v2\/posts\/2280\/revisions"}],"wp:featuredmedia":[{"embeddable":true,"href":"https:\/\/228news.tg\/index.php\/wp-json\/wp\/v2\/media\/2281"}],"wp:attachment":[{"href":"https:\/\/228news.tg\/index.php\/wp-json\/wp\/v2\/media?parent=2280"}],"wp:term":[{"taxonomy":"category","embeddable":true,"href":"https:\/\/228news.tg\/index.php\/wp-json\/wp\/v2\/categories?post=2280"},{"taxonomy":"post_tag","embeddable":true,"href":"https:\/\/228news.tg\/index.php\/wp-json\/wp\/v2\/tags?post=2280"}],"curies":[{"name":"wp","href":"https:\/\/api.w.org\/{rel}","templated":true}]}}