{"id":2277,"date":"2019-05-14T00:00:00","date_gmt":"2019-05-14T00:00:00","guid":{"rendered":"https:\/\/228news.tg\/index.php\/2019\/05\/14\/prise-de-contact-ce-matin-entre-la-cndh-et-les-oddh\/"},"modified":"2019-05-14T00:00:00","modified_gmt":"2019-05-14T00:00:00","slug":"prise-de-contact-ce-matin-entre-la-cndh-et-les-oddh","status":"publish","type":"post","link":"https:\/\/228news.tg\/index.php\/2019\/05\/14\/prise-de-contact-ce-matin-entre-la-cndh-et-les-oddh\/","title":{"rendered":"Prise de contact ce matin entre la CNDH et les ODDH"},"content":{"rendered":"\n<p>(228NEWS)- Le nouveau bureau de la Commission Nationale des Droits de l&rsquo;Homme tient ce mardi 14 mai 2019 \u00e0 Lom\u00e9 une rencontre avec les organisations de d\u00e9fense des droits de l&rsquo;homme (ODDH).<\/p>\n\n\n\n<p>Une prise de contact qui devra permettre \u00e0 l&rsquo;institution qui a vu s&rsquo;op\u00e9rer le renouvellement des membres le mois dernier, de pr\u00e9senter ses nouveaux membres aux ODDH, ainsi que les grandes orientations et innovations contenues dans la loi du 20 juin 2018 sur la CNDH.<\/p>\n\n\n\n<p>Cette rencontre sera \u00e9galement l&rsquo;occasion pour l&rsquo;institution pr\u00e9sid\u00e9e par Mme Nakpa Polo, de recueillir les diff\u00e9rentes attentes des ODDH par rapport au paysage des droits humains togolais.<\/p>\n\n\n\n<p>La CNDH a pour missions de promouvoir et prot\u00e9ger les droits de l&rsquo;homme d&rsquo;une part, et d&rsquo;autre part de pr\u00e9venir la torture et autres formes de traitements cruels, inhumains ou d\u00e9gradants dans les lieux de privation de libert\u00e9 ou tout autre lieu qu&rsquo;elle aura identifi\u00e9.<\/p>\n\n\n\n<p>Nous y reviendrons.<\/p>\n\n\n\n<p><strong><em>D\u00e9mocrate<\/em><\/strong><\/p>\n\n\n\n<p><strong><em>(00228) 91 85 40 14<\/em><\/strong><\/p>\n\n\n\n<p><strong><em>98 60 67 68<\/em><\/strong><\/p>\n\n\n\n<p><strong><em>d\u00e9mocrate2010@gmail.com<\/em><\/strong><\/p>\n","protected":false},"excerpt":{"rendered":"<p>(228NEWS)- Le nouveau bureau de la Commission Nationale des Droits de l&rsquo;Homme tient ce mardi 14 mai 2019 \u00e0 Lom\u00e9 une rencontre avec les organisations de d\u00e9fense des droits de l&rsquo;homme (ODDH). Une prise de contact qui devra permettre \u00e0 l&rsquo;institution qui a vu s&rsquo;op\u00e9rer le renouvellement des membres le mois dernier, de pr\u00e9senter ses &#8230; <a title=\"Prise de contact ce matin entre la CNDH et les ODDH\" class=\"read-more\" href=\"https:\/\/228news.tg\/index.php\/2019\/05\/14\/prise-de-contact-ce-matin-entre-la-cndh-et-les-oddh\/\" aria-label=\"En savoir plus sur Prise de contact ce matin entre la CNDH et les ODDH\">Lire la suite<\/a><\/p>\n","protected":false},"author":2,"featured_media":2278,"comment_status":"open","ping_status":"open","sticky":false,"template":"","format":"standard","meta":{"footnotes":""},"categories":[35,29,25,34],"tags":[],"class_list":["post-2277","post","type-post","status-publish","format-standard","has-post-thumbnail","hentry","category-flash","category-societe","category-togo","category-une"],"yoast_head":"<!-- This site is optimized with the Yoast SEO plugin v26.4 - https:\/\/yoast.com\/wordpress\/plugins\/seo\/ -->\n<title>Prise de contact ce matin entre la CNDH et les ODDH - 228 News<\/title>\n<meta name=\"robots\" content=\"index, follow, max-snippet:-1, max-image-preview:large, max-video-preview:-1\" \/>\n<link rel=\"canonical\" href=\"https:\/\/228news.tg\/index.php\/2019\/05\/14\/prise-de-contact-ce-matin-entre-la-cndh-et-les-oddh\/\" \/>\n<meta property=\"og:locale\" content=\"fr_FR\" \/>\n<meta property=\"og:type\" content=\"article\" \/>\n<meta property=\"og:title\" content=\"Prise de contact ce matin entre la CNDH et les ODDH - 228 News\" \/>\n<meta property=\"og:description\" content=\"(228NEWS)- Le nouveau bureau de la Commission Nationale des Droits de l&rsquo;Homme tient ce mardi 14 mai 2019 \u00e0 Lom\u00e9 une rencontre avec les organisations de d\u00e9fense des droits de l&rsquo;homme (ODDH). Une prise de contact qui devra permettre \u00e0 l&rsquo;institution qui a vu s&rsquo;op\u00e9rer le renouvellement des membres le mois dernier, de pr\u00e9senter ses ... Lire la suite\" \/>\n<meta property=\"og:url\" content=\"https:\/\/228news.tg\/index.php\/2019\/05\/14\/prise-de-contact-ce-matin-entre-la-cndh-et-les-oddh\/\" \/>\n<meta property=\"og:site_name\" content=\"228 News\" \/>\n<meta property=\"article:published_time\" content=\"2019-05-14T00:00:00+00:00\" \/>\n<meta property=\"og:image\" content=\"https:\/\/228news.tg\/wp-content\/uploads\/2024\/09\/640_droit_homme-620x207-1.jpg\" \/>\n\t<meta property=\"og:image:width\" content=\"620\" \/>\n\t<meta property=\"og:image:height\" content=\"207\" \/>\n\t<meta property=\"og:image:type\" content=\"image\/jpeg\" \/>\n<meta name=\"author\" content=\"Bienvenu SAVI\" \/>\n<meta name=\"twitter:card\" content=\"summary_large_image\" \/>\n<meta name=\"twitter:label1\" content=\"\u00c9crit par\" \/>\n\t<meta name=\"twitter:data1\" content=\"Bienvenu SAVI\" \/>\n\t<meta name=\"twitter:label2\" content=\"Dur\u00e9e de lecture estim\u00e9e\" \/>\n\t<meta name=\"twitter:data2\" content=\"1 minute\" \/>\n<script type=\"application\/ld+json\" class=\"yoast-schema-graph\">{\"@context\":\"https:\/\/schema.org\",\"@graph\":[{\"@type\":\"Article\",\"@id\":\"https:\/\/228news.tg\/index.php\/2019\/05\/14\/prise-de-contact-ce-matin-entre-la-cndh-et-les-oddh\/#article\",\"isPartOf\":{\"@id\":\"https:\/\/228news.tg\/index.php\/2019\/05\/14\/prise-de-contact-ce-matin-entre-la-cndh-et-les-oddh\/\"},\"author\":{\"name\":\"Bienvenu SAVI\",\"@id\":\"https:\/\/228news.tg\/#\/schema\/person\/68d5a6cc0230290e61235c8379523f52\"},\"headline\":\"Prise de contact ce matin entre la CNDH et les ODDH\",\"datePublished\":\"2019-05-14T00:00:00+00:00\",\"mainEntityOfPage\":{\"@id\":\"https:\/\/228news.tg\/index.php\/2019\/05\/14\/prise-de-contact-ce-matin-entre-la-cndh-et-les-oddh\/\"},\"wordCount\":183,\"commentCount\":0,\"publisher\":{\"@id\":\"https:\/\/228news.tg\/#organization\"},\"image\":{\"@id\":\"https:\/\/228news.tg\/index.php\/2019\/05\/14\/prise-de-contact-ce-matin-entre-la-cndh-et-les-oddh\/#primaryimage\"},\"thumbnailUrl\":\"https:\/\/228news.tg\/wp-content\/uploads\/2024\/09\/640_droit_homme-620x207-1.jpg\",\"articleSection\":[\"Flash\",\"SOCIETE\",\"TOGO\",\"Une\"],\"inLanguage\":\"fr-FR\",\"potentialAction\":[{\"@type\":\"CommentAction\",\"name\":\"Comment\",\"target\":[\"https:\/\/228news.tg\/index.php\/2019\/05\/14\/prise-de-contact-ce-matin-entre-la-cndh-et-les-oddh\/#respond\"]}]},{\"@type\":\"WebPage\",\"@id\":\"https:\/\/228news.tg\/index.php\/2019\/05\/14\/prise-de-contact-ce-matin-entre-la-cndh-et-les-oddh\/\",\"url\":\"https:\/\/228news.tg\/index.php\/2019\/05\/14\/prise-de-contact-ce-matin-entre-la-cndh-et-les-oddh\/\",\"name\":\"Prise de contact ce matin entre la CNDH et les ODDH - 228 News\",\"isPartOf\":{\"@id\":\"https:\/\/228news.tg\/#website\"},\"primaryImageOfPage\":{\"@id\":\"https:\/\/228news.tg\/index.php\/2019\/05\/14\/prise-de-contact-ce-matin-entre-la-cndh-et-les-oddh\/#primaryimage\"},\"image\":{\"@id\":\"https:\/\/228news.tg\/index.php\/2019\/05\/14\/prise-de-contact-ce-matin-entre-la-cndh-et-les-oddh\/#primaryimage\"},\"thumbnailUrl\":\"https:\/\/228news.tg\/wp-content\/uploads\/2024\/09\/640_droit_homme-620x207-1.jpg\",\"datePublished\":\"2019-05-14T00:00:00+00:00\",\"breadcrumb\":{\"@id\":\"https:\/\/228news.tg\/index.php\/2019\/05\/14\/prise-de-contact-ce-matin-entre-la-cndh-et-les-oddh\/#breadcrumb\"},\"inLanguage\":\"fr-FR\",\"potentialAction\":[{\"@type\":\"ReadAction\",\"target\":[\"https:\/\/228news.tg\/index.php\/2019\/05\/14\/prise-de-contact-ce-matin-entre-la-cndh-et-les-oddh\/\"]}]},{\"@type\":\"ImageObject\",\"inLanguage\":\"fr-FR\",\"@id\":\"https:\/\/228news.tg\/index.php\/2019\/05\/14\/prise-de-contact-ce-matin-entre-la-cndh-et-les-oddh\/#primaryimage\",\"url\":\"https:\/\/228news.tg\/wp-content\/uploads\/2024\/09\/640_droit_homme-620x207-1.jpg\",\"contentUrl\":\"https:\/\/228news.tg\/wp-content\/uploads\/2024\/09\/640_droit_homme-620x207-1.jpg\",\"width\":620,\"height\":207},{\"@type\":\"BreadcrumbList\",\"@id\":\"https:\/\/228news.tg\/index.php\/2019\/05\/14\/prise-de-contact-ce-matin-entre-la-cndh-et-les-oddh\/#breadcrumb\",\"itemListElement\":[{\"@type\":\"ListItem\",\"position\":1,\"name\":\"Home\",\"item\":\"https:\/\/228news.tg\/\"},{\"@type\":\"ListItem\",\"position\":2,\"name\":\"Prise de contact ce matin entre la CNDH et les ODDH\"}]},{\"@type\":\"WebSite\",\"@id\":\"https:\/\/228news.tg\/#website\",\"url\":\"https:\/\/228news.tg\/\",\"name\":\"228 News\",\"description\":\"Soci\u00e9t\u00e9 de m\u00e9dias et d\u2019actualit\u00e9s\",\"publisher\":{\"@id\":\"https:\/\/228news.tg\/#organization\"},\"potentialAction\":[{\"@type\":\"SearchAction\",\"target\":{\"@type\":\"EntryPoint\",\"urlTemplate\":\"https:\/\/228news.tg\/?s={search_term_string}\"},\"query-input\":{\"@type\":\"PropertyValueSpecification\",\"valueRequired\":true,\"valueName\":\"search_term_string\"}}],\"inLanguage\":\"fr-FR\"},{\"@type\":\"Organization\",\"@id\":\"https:\/\/228news.tg\/#organization\",\"name\":\"228 News\",\"url\":\"https:\/\/228news.tg\/\",\"logo\":{\"@type\":\"ImageObject\",\"inLanguage\":\"fr-FR\",\"@id\":\"https:\/\/228news.tg\/#\/schema\/logo\/image\/\",\"url\":\"https:\/\/228news.tg\/wp-content\/uploads\/2024\/09\/logonew.png\",\"contentUrl\":\"https:\/\/228news.tg\/wp-content\/uploads\/2024\/09\/logonew.png\",\"width\":1640,\"height\":364,\"caption\":\"228 News\"},\"image\":{\"@id\":\"https:\/\/228news.tg\/#\/schema\/logo\/image\/\"}},{\"@type\":\"Person\",\"@id\":\"https:\/\/228news.tg\/#\/schema\/person\/68d5a6cc0230290e61235c8379523f52\",\"name\":\"Bienvenu SAVI\",\"image\":{\"@type\":\"ImageObject\",\"inLanguage\":\"fr-FR\",\"@id\":\"https:\/\/228news.tg\/#\/schema\/person\/image\/\",\"url\":\"https:\/\/secure.gravatar.com\/avatar\/9db91895c559e510509c33a3e9683998458e9b828fac36d5d1aa23f0f2fd369b?s=96&d=mm&r=g\",\"contentUrl\":\"https:\/\/secure.gravatar.com\/avatar\/9db91895c559e510509c33a3e9683998458e9b828fac36d5d1aa23f0f2fd369b?s=96&d=mm&r=g\",\"caption\":\"Bienvenu SAVI\"},\"url\":\"https:\/\/228news.tg\/index.php\/author\/bienvenu\/\"}]}<\/script>\n<!-- \/ Yoast SEO plugin. -->","yoast_head_json":{"title":"Prise de contact ce matin entre la CNDH et les ODDH - 228 News","robots":{"index":"index","follow":"follow","max-snippet":"max-snippet:-1","max-image-preview":"max-image-preview:large","max-video-preview":"max-video-preview:-1"},"canonical":"https:\/\/228news.tg\/index.php\/2019\/05\/14\/prise-de-contact-ce-matin-entre-la-cndh-et-les-oddh\/","og_locale":"fr_FR","og_type":"article","og_title":"Prise de contact ce matin entre la CNDH et les ODDH - 228 News","og_description":"(228NEWS)- Le nouveau bureau de la Commission Nationale des Droits de l&rsquo;Homme tient ce mardi 14 mai 2019 \u00e0 Lom\u00e9 une rencontre avec les organisations de d\u00e9fense des droits de l&rsquo;homme (ODDH). Une prise de contact qui devra permettre \u00e0 l&rsquo;institution qui a vu s&rsquo;op\u00e9rer le renouvellement des membres le mois dernier, de pr\u00e9senter ses ... Lire la suite","og_url":"https:\/\/228news.tg\/index.php\/2019\/05\/14\/prise-de-contact-ce-matin-entre-la-cndh-et-les-oddh\/","og_site_name":"228 News","article_published_time":"2019-05-14T00:00:00+00:00","og_image":[{"width":620,"height":207,"url":"https:\/\/228news.tg\/wp-content\/uploads\/2024\/09\/640_droit_homme-620x207-1.jpg","type":"image\/jpeg"}],"author":"Bienvenu SAVI","twitter_card":"summary_large_image","twitter_misc":{"\u00c9crit par":"Bienvenu SAVI","Dur\u00e9e de lecture estim\u00e9e":"1 minute"},"schema":{"@context":"https:\/\/schema.org","@graph":[{"@type":"Article","@id":"https:\/\/228news.tg\/index.php\/2019\/05\/14\/prise-de-contact-ce-matin-entre-la-cndh-et-les-oddh\/#article","isPartOf":{"@id":"https:\/\/228news.tg\/index.php\/2019\/05\/14\/prise-de-contact-ce-matin-entre-la-cndh-et-les-oddh\/"},"author":{"name":"Bienvenu SAVI","@id":"https:\/\/228news.tg\/#\/schema\/person\/68d5a6cc0230290e61235c8379523f52"},"headline":"Prise de contact ce matin entre la CNDH et les ODDH","datePublished":"2019-05-14T00:00:00+00:00","mainEntityOfPage":{"@id":"https:\/\/228news.tg\/index.php\/2019\/05\/14\/prise-de-contact-ce-matin-entre-la-cndh-et-les-oddh\/"},"wordCount":183,"commentCount":0,"publisher":{"@id":"https:\/\/228news.tg\/#organization"},"image":{"@id":"https:\/\/228news.tg\/index.php\/2019\/05\/14\/prise-de-contact-ce-matin-entre-la-cndh-et-les-oddh\/#primaryimage"},"thumbnailUrl":"https:\/\/228news.tg\/wp-content\/uploads\/2024\/09\/640_droit_homme-620x207-1.jpg","articleSection":["Flash","SOCIETE","TOGO","Une"],"inLanguage":"fr-FR","potentialAction":[{"@type":"CommentAction","name":"Comment","target":["https:\/\/228news.tg\/index.php\/2019\/05\/14\/prise-de-contact-ce-matin-entre-la-cndh-et-les-oddh\/#respond"]}]},{"@type":"WebPage","@id":"https:\/\/228news.tg\/index.php\/2019\/05\/14\/prise-de-contact-ce-matin-entre-la-cndh-et-les-oddh\/","url":"https:\/\/228news.tg\/index.php\/2019\/05\/14\/prise-de-contact-ce-matin-entre-la-cndh-et-les-oddh\/","name":"Prise de contact ce matin entre la CNDH et les ODDH - 228 News","isPartOf":{"@id":"https:\/\/228news.tg\/#website"},"primaryImageOfPage":{"@id":"https:\/\/228news.tg\/index.php\/2019\/05\/14\/prise-de-contact-ce-matin-entre-la-cndh-et-les-oddh\/#primaryimage"},"image":{"@id":"https:\/\/228news.tg\/index.php\/2019\/05\/14\/prise-de-contact-ce-matin-entre-la-cndh-et-les-oddh\/#primaryimage"},"thumbnailUrl":"https:\/\/228news.tg\/wp-content\/uploads\/2024\/09\/640_droit_homme-620x207-1.jpg","datePublished":"2019-05-14T00:00:00+00:00","breadcrumb":{"@id":"https:\/\/228news.tg\/index.php\/2019\/05\/14\/prise-de-contact-ce-matin-entre-la-cndh-et-les-oddh\/#breadcrumb"},"inLanguage":"fr-FR","potentialAction":[{"@type":"ReadAction","target":["https:\/\/228news.tg\/index.php\/2019\/05\/14\/prise-de-contact-ce-matin-entre-la-cndh-et-les-oddh\/"]}]},{"@type":"ImageObject","inLanguage":"fr-FR","@id":"https:\/\/228news.tg\/index.php\/2019\/05\/14\/prise-de-contact-ce-matin-entre-la-cndh-et-les-oddh\/#primaryimage","url":"https:\/\/228news.tg\/wp-content\/uploads\/2024\/09\/640_droit_homme-620x207-1.jpg","contentUrl":"https:\/\/228news.tg\/wp-content\/uploads\/2024\/09\/640_droit_homme-620x207-1.jpg","width":620,"height":207},{"@type":"BreadcrumbList","@id":"https:\/\/228news.tg\/index.php\/2019\/05\/14\/prise-de-contact-ce-matin-entre-la-cndh-et-les-oddh\/#breadcrumb","itemListElement":[{"@type":"ListItem","position":1,"name":"Home","item":"https:\/\/228news.tg\/"},{"@type":"ListItem","position":2,"name":"Prise de contact ce matin entre la CNDH et les ODDH"}]},{"@type":"WebSite","@id":"https:\/\/228news.tg\/#website","url":"https:\/\/228news.tg\/","name":"228 News","description":"Soci\u00e9t\u00e9 de m\u00e9dias et d\u2019actualit\u00e9s","publisher":{"@id":"https:\/\/228news.tg\/#organization"},"potentialAction":[{"@type":"SearchAction","target":{"@type":"EntryPoint","urlTemplate":"https:\/\/228news.tg\/?s={search_term_string}"},"query-input":{"@type":"PropertyValueSpecification","valueRequired":true,"valueName":"search_term_string"}}],"inLanguage":"fr-FR"},{"@type":"Organization","@id":"https:\/\/228news.tg\/#organization","name":"228 News","url":"https:\/\/228news.tg\/","logo":{"@type":"ImageObject","inLanguage":"fr-FR","@id":"https:\/\/228news.tg\/#\/schema\/logo\/image\/","url":"https:\/\/228news.tg\/wp-content\/uploads\/2024\/09\/logonew.png","contentUrl":"https:\/\/228news.tg\/wp-content\/uploads\/2024\/09\/logonew.png","width":1640,"height":364,"caption":"228 News"},"image":{"@id":"https:\/\/228news.tg\/#\/schema\/logo\/image\/"}},{"@type":"Person","@id":"https:\/\/228news.tg\/#\/schema\/person\/68d5a6cc0230290e61235c8379523f52","name":"Bienvenu SAVI","image":{"@type":"ImageObject","inLanguage":"fr-FR","@id":"https:\/\/228news.tg\/#\/schema\/person\/image\/","url":"https:\/\/secure.gravatar.com\/avatar\/9db91895c559e510509c33a3e9683998458e9b828fac36d5d1aa23f0f2fd369b?s=96&d=mm&r=g","contentUrl":"https:\/\/secure.gravatar.com\/avatar\/9db91895c559e510509c33a3e9683998458e9b828fac36d5d1aa23f0f2fd369b?s=96&d=mm&r=g","caption":"Bienvenu SAVI"},"url":"https:\/\/228news.tg\/index.php\/author\/bienvenu\/"}]}},"jetpack_featured_media_url":"https:\/\/228news.tg\/wp-content\/uploads\/2024\/09\/640_droit_homme-620x207-1.jpg","_links":{"self":[{"href":"https:\/\/228news.tg\/index.php\/wp-json\/wp\/v2\/posts\/2277","targetHints":{"allow":["GET"]}}],"collection":[{"href":"https:\/\/228news.tg\/index.php\/wp-json\/wp\/v2\/posts"}],"about":[{"href":"https:\/\/228news.tg\/index.php\/wp-json\/wp\/v2\/types\/post"}],"author":[{"embeddable":true,"href":"https:\/\/228news.tg\/index.php\/wp-json\/wp\/v2\/users\/2"}],"replies":[{"embeddable":true,"href":"https:\/\/228news.tg\/index.php\/wp-json\/wp\/v2\/comments?post=2277"}],"version-history":[{"count":0,"href":"https:\/\/228news.tg\/index.php\/wp-json\/wp\/v2\/posts\/2277\/revisions"}],"wp:featuredmedia":[{"embeddable":true,"href":"https:\/\/228news.tg\/index.php\/wp-json\/wp\/v2\/media\/2278"}],"wp:attachment":[{"href":"https:\/\/228news.tg\/index.php\/wp-json\/wp\/v2\/media?parent=2277"}],"wp:term":[{"taxonomy":"category","embeddable":true,"href":"https:\/\/228news.tg\/index.php\/wp-json\/wp\/v2\/categories?post=2277"},{"taxonomy":"post_tag","embeddable":true,"href":"https:\/\/228news.tg\/index.php\/wp-json\/wp\/v2\/tags?post=2277"}],"curies":[{"name":"wp","href":"https:\/\/api.w.org\/{rel}","templated":true}]}}