{"id":2273,"date":"2019-05-12T00:00:00","date_gmt":"2019-05-12T00:00:00","guid":{"rendered":"https:\/\/228news.tg\/index.php\/2019\/05\/12\/la-passion-des-mamans-honorer-la-femme-togolaise-vulnerable\/"},"modified":"2024-09-09T14:08:37","modified_gmt":"2024-09-09T14:08:37","slug":"la-passion-des-mamans-honorer-la-femme-togolaise-vulnerable","status":"publish","type":"post","link":"https:\/\/228news.tg\/index.php\/2019\/05\/12\/la-passion-des-mamans-honorer-la-femme-togolaise-vulnerable\/","title":{"rendered":"La passion des mamans: honorer la femme togolaise vuln\u00e9rable"},"content":{"rendered":"\n<p>(228NEWS)- La structure \u00ab Les Passions de ma vie \u00bb, une association \u0153uvrant dans le bien \u00eatre de la femme et qui se veut f\u00e9d\u00e9ratrice de la soci\u00e9t\u00e9 togolaise, a lanc\u00e9 la premi\u00e8re \u00e9dition de \u00ab La Passion des Mamans \u00bb, le mardi dernier \u00e0 Lom\u00e9 au cours d\u2019une conf\u00e9rence de presse.<\/p>\n\n\n\n<p>Ev\u00e9nement qui se tiendra le 25 mai\nprochain, \u00e0 l\u2019occasion de la f\u00eate des m\u00e8res, \u00ab&nbsp;la passion des mamans\u00bb veut\nhonorer la femme togolaise vuln\u00e9rable, mais qui ne baisse jamais les bras. Ceci\n\u00e0 travers de la sant\u00e9 et du bien-\u00eatre des m\u00e8res, la valorisation du r\u00f4le des\nm\u00e8res dans la construction d\u2019une communaut\u00e9 durable.<\/p>\n\n\n\n<p>\u00ab\u00a0Ce projet par de mon d\u00e9sir d&rsquo;honorer les mamans, qui se battent pour le meilleur devenir de leurs enfants a travers notre modeste contribution. a l&rsquo;\u00e9poque j&rsquo;offrais des repas aux femmes d\u00e9favoris\u00e9es de mon entourage de mani\u00e8re s\u00e9quentielle et cet \u00e9v\u00e9nement vient en quelque sorte formaliser cette action qu&rsquo;on menait d\u00e9j\u00e0 a travers le volet social de notre projet\u00a0\u00bb, a confi\u00e9 Mme Meyisso Ir\u00e8ne, promotrice de l&rsquo;\u00e9v\u00e9nement.<\/p>\n\n\n\n<div class=\"wp-block-image\"><figure class=\"alignleft is-resized\"><img fetchpriority=\"high\" decoding=\"async\" src=\"https:\/\/228news.tg\/wp-content\/uploads\/2024\/09\/photo_2019-05-12_17-14-52-1024x768.jpg\" alt=\"\" class=\"wp-image-4238\" width=\"323\" height=\"242\"\/><\/figure><\/div>\n\n\n\n<p>La nutrition, l&rsquo;environnement, la gestion de foyer et des enfants, c&rsquo;est la femme qui r\u00e9gente tout cela dans la soci\u00e9t\u00e9 alors qu&rsquo;elle est des fois marginalis\u00e9e et d\u00e9favoris\u00e9e dans ma soci\u00e9t\u00e9. Cet \u00e9v\u00e9nement veut donc donner un peu de visibilit\u00e9, d&rsquo;amour, de joie et de gaiet\u00e9 dans le c\u0153ur de femme  et constitue une noble occasion \u00e0 laquelle ne peut se soustraire  qui que ce soit, a pour sa part sonn\u00e9 Mme Baba Amivi, membre de l&rsquo;association.<\/p>\n\n\n\n<p>L\u2019\u00e9v\u00e9nement sera marqu\u00e9 par des ateliers de mise en forme et de partages de conseils de bien-\u00eatre, des conf\u00e9rences-d\u00e9bats, des activit\u00e9s sportives, culinaires et d\u00e9coratives. L\u2019apoth\u00e9ose sera le d\u00eener de gala \u00e0 l\u2019h\u00f4tel L\u00e9b\u00e9nin dans la soir\u00e9e du 25 mai o\u00f9 300 personnes sont attendues dont 150 m\u00e8res.<\/p>\n\n\n\n<p>Sur le plan social, \u00ab&nbsp;la passion des mamans a pr\u00e9vu des\naccompagnements pour des femmes n\u00e9cessiteuses, des jeunes filles en besoin sur\nle plan scolaire et professionnelle avec les fonds qui seront r\u00e9colt\u00e9s \u00e0 la\nsoir\u00e9e de gala. <\/p>\n\n\n\n<p>L\u2019Association de lutte contre les fl\u00e9aux et d\u2019assistance aux\norganisations (ALFAO) du Burkina-Faso, et la pr\u00e9sidente de l\u2019assembl\u00e9e\nnationale togolaise Ts\u00e9gan yawa soutiennent d\u2019ores et d\u00e9j\u00e0 l\u2019\u00e9v\u00e9nement. <\/p>\n\n\n\n<p> <strong><em>D\u00e9mocrate<\/em><\/strong><\/p>\n\n\n\n<p><strong><em>(00228) 91 85 40 14<\/em><\/strong><\/p>\n\n\n\n<p><strong><em>98 60 67 68<\/em><\/strong><\/p>\n\n\n\n<p><strong><em>democrate2010@gmail.com<\/em><\/strong><\/p>\n","protected":false},"excerpt":{"rendered":"<p>(228NEWS)- La structure \u00ab Les Passions de ma vie \u00bb, une association \u0153uvrant dans le bien \u00eatre de la femme et qui se veut f\u00e9d\u00e9ratrice de la soci\u00e9t\u00e9 togolaise, a lanc\u00e9 la premi\u00e8re \u00e9dition de \u00ab La Passion des Mamans \u00bb, le mardi dernier \u00e0 Lom\u00e9 au cours d\u2019une conf\u00e9rence de presse. Ev\u00e9nement qui se &#8230; <a title=\"La passion des mamans: honorer la femme togolaise vuln\u00e9rable\" class=\"read-more\" href=\"https:\/\/228news.tg\/index.php\/2019\/05\/12\/la-passion-des-mamans-honorer-la-femme-togolaise-vulnerable\/\" aria-label=\"En savoir plus sur La passion des mamans: honorer la femme togolaise vuln\u00e9rable\">Lire la suite<\/a><\/p>\n","protected":false},"author":2,"featured_media":2265,"comment_status":"open","ping_status":"open","sticky":false,"template":"","format":"standard","meta":{"footnotes":""},"categories":[35,29,25,34],"tags":[],"class_list":["post-2273","post","type-post","status-publish","format-standard","has-post-thumbnail","hentry","category-flash","category-societe","category-togo","category-une"],"yoast_head":"<!-- This site is optimized with the Yoast SEO plugin v26.4 - https:\/\/yoast.com\/wordpress\/plugins\/seo\/ -->\n<title>La passion des mamans: honorer la femme togolaise vuln\u00e9rable - 228 News<\/title>\n<meta name=\"robots\" content=\"index, follow, max-snippet:-1, max-image-preview:large, max-video-preview:-1\" \/>\n<link rel=\"canonical\" href=\"https:\/\/228news.tg\/index.php\/2019\/05\/12\/la-passion-des-mamans-honorer-la-femme-togolaise-vulnerable\/\" \/>\n<meta property=\"og:locale\" content=\"fr_FR\" \/>\n<meta property=\"og:type\" content=\"article\" \/>\n<meta property=\"og:title\" content=\"La passion des mamans: honorer la femme togolaise vuln\u00e9rable - 228 News\" \/>\n<meta property=\"og:description\" content=\"(228NEWS)- La structure \u00ab Les Passions de ma vie \u00bb, une association \u0153uvrant dans le bien \u00eatre de la femme et qui se veut f\u00e9d\u00e9ratrice de la soci\u00e9t\u00e9 togolaise, a lanc\u00e9 la premi\u00e8re \u00e9dition de \u00ab La Passion des Mamans \u00bb, le mardi dernier \u00e0 Lom\u00e9 au cours d\u2019une conf\u00e9rence de presse. Ev\u00e9nement qui se ... Lire la suite\" \/>\n<meta property=\"og:url\" content=\"https:\/\/228news.tg\/index.php\/2019\/05\/12\/la-passion-des-mamans-honorer-la-femme-togolaise-vulnerable\/\" \/>\n<meta property=\"og:site_name\" content=\"228 News\" \/>\n<meta property=\"article:published_time\" content=\"2019-05-12T00:00:00+00:00\" \/>\n<meta property=\"article:modified_time\" content=\"2024-09-09T14:08:37+00:00\" \/>\n<meta property=\"og:image\" content=\"https:\/\/228news.tg\/wp-content\/uploads\/2024\/09\/photo_2019-05-12_17-14-44.jpg\" \/>\n\t<meta property=\"og:image:width\" content=\"1280\" \/>\n\t<meta property=\"og:image:height\" content=\"960\" \/>\n\t<meta property=\"og:image:type\" content=\"image\/jpeg\" \/>\n<meta name=\"author\" content=\"Bienvenu SAVI\" \/>\n<meta name=\"twitter:card\" content=\"summary_large_image\" \/>\n<meta name=\"twitter:label1\" content=\"\u00c9crit par\" \/>\n\t<meta name=\"twitter:data1\" content=\"Bienvenu SAVI\" \/>\n\t<meta name=\"twitter:label2\" content=\"Dur\u00e9e de lecture estim\u00e9e\" \/>\n\t<meta name=\"twitter:data2\" content=\"2 minutes\" \/>\n<script type=\"application\/ld+json\" class=\"yoast-schema-graph\">{\"@context\":\"https:\/\/schema.org\",\"@graph\":[{\"@type\":\"Article\",\"@id\":\"https:\/\/228news.tg\/index.php\/2019\/05\/12\/la-passion-des-mamans-honorer-la-femme-togolaise-vulnerable\/#article\",\"isPartOf\":{\"@id\":\"https:\/\/228news.tg\/index.php\/2019\/05\/12\/la-passion-des-mamans-honorer-la-femme-togolaise-vulnerable\/\"},\"author\":{\"name\":\"Bienvenu SAVI\",\"@id\":\"https:\/\/228news.tg\/#\/schema\/person\/68d5a6cc0230290e61235c8379523f52\"},\"headline\":\"La passion des mamans: honorer la femme togolaise vuln\u00e9rable\",\"datePublished\":\"2019-05-12T00:00:00+00:00\",\"dateModified\":\"2024-09-09T14:08:37+00:00\",\"mainEntityOfPage\":{\"@id\":\"https:\/\/228news.tg\/index.php\/2019\/05\/12\/la-passion-des-mamans-honorer-la-femme-togolaise-vulnerable\/\"},\"wordCount\":443,\"commentCount\":0,\"publisher\":{\"@id\":\"https:\/\/228news.tg\/#organization\"},\"image\":{\"@id\":\"https:\/\/228news.tg\/index.php\/2019\/05\/12\/la-passion-des-mamans-honorer-la-femme-togolaise-vulnerable\/#primaryimage\"},\"thumbnailUrl\":\"https:\/\/228news.tg\/wp-content\/uploads\/2024\/09\/photo_2019-05-12_17-14-44.jpg\",\"articleSection\":[\"Flash\",\"SOCIETE\",\"TOGO\",\"Une\"],\"inLanguage\":\"fr-FR\",\"potentialAction\":[{\"@type\":\"CommentAction\",\"name\":\"Comment\",\"target\":[\"https:\/\/228news.tg\/index.php\/2019\/05\/12\/la-passion-des-mamans-honorer-la-femme-togolaise-vulnerable\/#respond\"]}]},{\"@type\":\"WebPage\",\"@id\":\"https:\/\/228news.tg\/index.php\/2019\/05\/12\/la-passion-des-mamans-honorer-la-femme-togolaise-vulnerable\/\",\"url\":\"https:\/\/228news.tg\/index.php\/2019\/05\/12\/la-passion-des-mamans-honorer-la-femme-togolaise-vulnerable\/\",\"name\":\"La passion des mamans: honorer la femme togolaise vuln\u00e9rable - 228 News\",\"isPartOf\":{\"@id\":\"https:\/\/228news.tg\/#website\"},\"primaryImageOfPage\":{\"@id\":\"https:\/\/228news.tg\/index.php\/2019\/05\/12\/la-passion-des-mamans-honorer-la-femme-togolaise-vulnerable\/#primaryimage\"},\"image\":{\"@id\":\"https:\/\/228news.tg\/index.php\/2019\/05\/12\/la-passion-des-mamans-honorer-la-femme-togolaise-vulnerable\/#primaryimage\"},\"thumbnailUrl\":\"https:\/\/228news.tg\/wp-content\/uploads\/2024\/09\/photo_2019-05-12_17-14-44.jpg\",\"datePublished\":\"2019-05-12T00:00:00+00:00\",\"dateModified\":\"2024-09-09T14:08:37+00:00\",\"breadcrumb\":{\"@id\":\"https:\/\/228news.tg\/index.php\/2019\/05\/12\/la-passion-des-mamans-honorer-la-femme-togolaise-vulnerable\/#breadcrumb\"},\"inLanguage\":\"fr-FR\",\"potentialAction\":[{\"@type\":\"ReadAction\",\"target\":[\"https:\/\/228news.tg\/index.php\/2019\/05\/12\/la-passion-des-mamans-honorer-la-femme-togolaise-vulnerable\/\"]}]},{\"@type\":\"ImageObject\",\"inLanguage\":\"fr-FR\",\"@id\":\"https:\/\/228news.tg\/index.php\/2019\/05\/12\/la-passion-des-mamans-honorer-la-femme-togolaise-vulnerable\/#primaryimage\",\"url\":\"https:\/\/228news.tg\/wp-content\/uploads\/2024\/09\/photo_2019-05-12_17-14-44.jpg\",\"contentUrl\":\"https:\/\/228news.tg\/wp-content\/uploads\/2024\/09\/photo_2019-05-12_17-14-44.jpg\",\"width\":1280,\"height\":960},{\"@type\":\"BreadcrumbList\",\"@id\":\"https:\/\/228news.tg\/index.php\/2019\/05\/12\/la-passion-des-mamans-honorer-la-femme-togolaise-vulnerable\/#breadcrumb\",\"itemListElement\":[{\"@type\":\"ListItem\",\"position\":1,\"name\":\"Home\",\"item\":\"https:\/\/228news.tg\/\"},{\"@type\":\"ListItem\",\"position\":2,\"name\":\"La passion des mamans: honorer la femme togolaise vuln\u00e9rable\"}]},{\"@type\":\"WebSite\",\"@id\":\"https:\/\/228news.tg\/#website\",\"url\":\"https:\/\/228news.tg\/\",\"name\":\"228 News\",\"description\":\"Soci\u00e9t\u00e9 de m\u00e9dias et d\u2019actualit\u00e9s\",\"publisher\":{\"@id\":\"https:\/\/228news.tg\/#organization\"},\"potentialAction\":[{\"@type\":\"SearchAction\",\"target\":{\"@type\":\"EntryPoint\",\"urlTemplate\":\"https:\/\/228news.tg\/?s={search_term_string}\"},\"query-input\":{\"@type\":\"PropertyValueSpecification\",\"valueRequired\":true,\"valueName\":\"search_term_string\"}}],\"inLanguage\":\"fr-FR\"},{\"@type\":\"Organization\",\"@id\":\"https:\/\/228news.tg\/#organization\",\"name\":\"228 News\",\"url\":\"https:\/\/228news.tg\/\",\"logo\":{\"@type\":\"ImageObject\",\"inLanguage\":\"fr-FR\",\"@id\":\"https:\/\/228news.tg\/#\/schema\/logo\/image\/\",\"url\":\"https:\/\/228news.tg\/wp-content\/uploads\/2024\/09\/logonew.png\",\"contentUrl\":\"https:\/\/228news.tg\/wp-content\/uploads\/2024\/09\/logonew.png\",\"width\":1640,\"height\":364,\"caption\":\"228 News\"},\"image\":{\"@id\":\"https:\/\/228news.tg\/#\/schema\/logo\/image\/\"}},{\"@type\":\"Person\",\"@id\":\"https:\/\/228news.tg\/#\/schema\/person\/68d5a6cc0230290e61235c8379523f52\",\"name\":\"Bienvenu SAVI\",\"image\":{\"@type\":\"ImageObject\",\"inLanguage\":\"fr-FR\",\"@id\":\"https:\/\/228news.tg\/#\/schema\/person\/image\/\",\"url\":\"https:\/\/secure.gravatar.com\/avatar\/9db91895c559e510509c33a3e9683998458e9b828fac36d5d1aa23f0f2fd369b?s=96&d=mm&r=g\",\"contentUrl\":\"https:\/\/secure.gravatar.com\/avatar\/9db91895c559e510509c33a3e9683998458e9b828fac36d5d1aa23f0f2fd369b?s=96&d=mm&r=g\",\"caption\":\"Bienvenu SAVI\"},\"url\":\"https:\/\/228news.tg\/index.php\/author\/bienvenu\/\"}]}<\/script>\n<!-- \/ Yoast SEO plugin. -->","yoast_head_json":{"title":"La passion des mamans: honorer la femme togolaise vuln\u00e9rable - 228 News","robots":{"index":"index","follow":"follow","max-snippet":"max-snippet:-1","max-image-preview":"max-image-preview:large","max-video-preview":"max-video-preview:-1"},"canonical":"https:\/\/228news.tg\/index.php\/2019\/05\/12\/la-passion-des-mamans-honorer-la-femme-togolaise-vulnerable\/","og_locale":"fr_FR","og_type":"article","og_title":"La passion des mamans: honorer la femme togolaise vuln\u00e9rable - 228 News","og_description":"(228NEWS)- La structure \u00ab Les Passions de ma vie \u00bb, une association \u0153uvrant dans le bien \u00eatre de la femme et qui se veut f\u00e9d\u00e9ratrice de la soci\u00e9t\u00e9 togolaise, a lanc\u00e9 la premi\u00e8re \u00e9dition de \u00ab La Passion des Mamans \u00bb, le mardi dernier \u00e0 Lom\u00e9 au cours d\u2019une conf\u00e9rence de presse. Ev\u00e9nement qui se ... Lire la suite","og_url":"https:\/\/228news.tg\/index.php\/2019\/05\/12\/la-passion-des-mamans-honorer-la-femme-togolaise-vulnerable\/","og_site_name":"228 News","article_published_time":"2019-05-12T00:00:00+00:00","article_modified_time":"2024-09-09T14:08:37+00:00","og_image":[{"width":1280,"height":960,"url":"https:\/\/228news.tg\/wp-content\/uploads\/2024\/09\/photo_2019-05-12_17-14-44.jpg","type":"image\/jpeg"}],"author":"Bienvenu SAVI","twitter_card":"summary_large_image","twitter_misc":{"\u00c9crit par":"Bienvenu SAVI","Dur\u00e9e de lecture estim\u00e9e":"2 minutes"},"schema":{"@context":"https:\/\/schema.org","@graph":[{"@type":"Article","@id":"https:\/\/228news.tg\/index.php\/2019\/05\/12\/la-passion-des-mamans-honorer-la-femme-togolaise-vulnerable\/#article","isPartOf":{"@id":"https:\/\/228news.tg\/index.php\/2019\/05\/12\/la-passion-des-mamans-honorer-la-femme-togolaise-vulnerable\/"},"author":{"name":"Bienvenu SAVI","@id":"https:\/\/228news.tg\/#\/schema\/person\/68d5a6cc0230290e61235c8379523f52"},"headline":"La passion des mamans: honorer la femme togolaise vuln\u00e9rable","datePublished":"2019-05-12T00:00:00+00:00","dateModified":"2024-09-09T14:08:37+00:00","mainEntityOfPage":{"@id":"https:\/\/228news.tg\/index.php\/2019\/05\/12\/la-passion-des-mamans-honorer-la-femme-togolaise-vulnerable\/"},"wordCount":443,"commentCount":0,"publisher":{"@id":"https:\/\/228news.tg\/#organization"},"image":{"@id":"https:\/\/228news.tg\/index.php\/2019\/05\/12\/la-passion-des-mamans-honorer-la-femme-togolaise-vulnerable\/#primaryimage"},"thumbnailUrl":"https:\/\/228news.tg\/wp-content\/uploads\/2024\/09\/photo_2019-05-12_17-14-44.jpg","articleSection":["Flash","SOCIETE","TOGO","Une"],"inLanguage":"fr-FR","potentialAction":[{"@type":"CommentAction","name":"Comment","target":["https:\/\/228news.tg\/index.php\/2019\/05\/12\/la-passion-des-mamans-honorer-la-femme-togolaise-vulnerable\/#respond"]}]},{"@type":"WebPage","@id":"https:\/\/228news.tg\/index.php\/2019\/05\/12\/la-passion-des-mamans-honorer-la-femme-togolaise-vulnerable\/","url":"https:\/\/228news.tg\/index.php\/2019\/05\/12\/la-passion-des-mamans-honorer-la-femme-togolaise-vulnerable\/","name":"La passion des mamans: honorer la femme togolaise vuln\u00e9rable - 228 News","isPartOf":{"@id":"https:\/\/228news.tg\/#website"},"primaryImageOfPage":{"@id":"https:\/\/228news.tg\/index.php\/2019\/05\/12\/la-passion-des-mamans-honorer-la-femme-togolaise-vulnerable\/#primaryimage"},"image":{"@id":"https:\/\/228news.tg\/index.php\/2019\/05\/12\/la-passion-des-mamans-honorer-la-femme-togolaise-vulnerable\/#primaryimage"},"thumbnailUrl":"https:\/\/228news.tg\/wp-content\/uploads\/2024\/09\/photo_2019-05-12_17-14-44.jpg","datePublished":"2019-05-12T00:00:00+00:00","dateModified":"2024-09-09T14:08:37+00:00","breadcrumb":{"@id":"https:\/\/228news.tg\/index.php\/2019\/05\/12\/la-passion-des-mamans-honorer-la-femme-togolaise-vulnerable\/#breadcrumb"},"inLanguage":"fr-FR","potentialAction":[{"@type":"ReadAction","target":["https:\/\/228news.tg\/index.php\/2019\/05\/12\/la-passion-des-mamans-honorer-la-femme-togolaise-vulnerable\/"]}]},{"@type":"ImageObject","inLanguage":"fr-FR","@id":"https:\/\/228news.tg\/index.php\/2019\/05\/12\/la-passion-des-mamans-honorer-la-femme-togolaise-vulnerable\/#primaryimage","url":"https:\/\/228news.tg\/wp-content\/uploads\/2024\/09\/photo_2019-05-12_17-14-44.jpg","contentUrl":"https:\/\/228news.tg\/wp-content\/uploads\/2024\/09\/photo_2019-05-12_17-14-44.jpg","width":1280,"height":960},{"@type":"BreadcrumbList","@id":"https:\/\/228news.tg\/index.php\/2019\/05\/12\/la-passion-des-mamans-honorer-la-femme-togolaise-vulnerable\/#breadcrumb","itemListElement":[{"@type":"ListItem","position":1,"name":"Home","item":"https:\/\/228news.tg\/"},{"@type":"ListItem","position":2,"name":"La passion des mamans: honorer la femme togolaise vuln\u00e9rable"}]},{"@type":"WebSite","@id":"https:\/\/228news.tg\/#website","url":"https:\/\/228news.tg\/","name":"228 News","description":"Soci\u00e9t\u00e9 de m\u00e9dias et d\u2019actualit\u00e9s","publisher":{"@id":"https:\/\/228news.tg\/#organization"},"potentialAction":[{"@type":"SearchAction","target":{"@type":"EntryPoint","urlTemplate":"https:\/\/228news.tg\/?s={search_term_string}"},"query-input":{"@type":"PropertyValueSpecification","valueRequired":true,"valueName":"search_term_string"}}],"inLanguage":"fr-FR"},{"@type":"Organization","@id":"https:\/\/228news.tg\/#organization","name":"228 News","url":"https:\/\/228news.tg\/","logo":{"@type":"ImageObject","inLanguage":"fr-FR","@id":"https:\/\/228news.tg\/#\/schema\/logo\/image\/","url":"https:\/\/228news.tg\/wp-content\/uploads\/2024\/09\/logonew.png","contentUrl":"https:\/\/228news.tg\/wp-content\/uploads\/2024\/09\/logonew.png","width":1640,"height":364,"caption":"228 News"},"image":{"@id":"https:\/\/228news.tg\/#\/schema\/logo\/image\/"}},{"@type":"Person","@id":"https:\/\/228news.tg\/#\/schema\/person\/68d5a6cc0230290e61235c8379523f52","name":"Bienvenu SAVI","image":{"@type":"ImageObject","inLanguage":"fr-FR","@id":"https:\/\/228news.tg\/#\/schema\/person\/image\/","url":"https:\/\/secure.gravatar.com\/avatar\/9db91895c559e510509c33a3e9683998458e9b828fac36d5d1aa23f0f2fd369b?s=96&d=mm&r=g","contentUrl":"https:\/\/secure.gravatar.com\/avatar\/9db91895c559e510509c33a3e9683998458e9b828fac36d5d1aa23f0f2fd369b?s=96&d=mm&r=g","caption":"Bienvenu SAVI"},"url":"https:\/\/228news.tg\/index.php\/author\/bienvenu\/"}]}},"jetpack_featured_media_url":"https:\/\/228news.tg\/wp-content\/uploads\/2024\/09\/photo_2019-05-12_17-14-44.jpg","_links":{"self":[{"href":"https:\/\/228news.tg\/index.php\/wp-json\/wp\/v2\/posts\/2273","targetHints":{"allow":["GET"]}}],"collection":[{"href":"https:\/\/228news.tg\/index.php\/wp-json\/wp\/v2\/posts"}],"about":[{"href":"https:\/\/228news.tg\/index.php\/wp-json\/wp\/v2\/types\/post"}],"author":[{"embeddable":true,"href":"https:\/\/228news.tg\/index.php\/wp-json\/wp\/v2\/users\/2"}],"replies":[{"embeddable":true,"href":"https:\/\/228news.tg\/index.php\/wp-json\/wp\/v2\/comments?post=2273"}],"version-history":[{"count":1,"href":"https:\/\/228news.tg\/index.php\/wp-json\/wp\/v2\/posts\/2273\/revisions"}],"predecessor-version":[{"id":2274,"href":"https:\/\/228news.tg\/index.php\/wp-json\/wp\/v2\/posts\/2273\/revisions\/2274"}],"wp:featuredmedia":[{"embeddable":true,"href":"https:\/\/228news.tg\/index.php\/wp-json\/wp\/v2\/media\/2265"}],"wp:attachment":[{"href":"https:\/\/228news.tg\/index.php\/wp-json\/wp\/v2\/media?parent=2273"}],"wp:term":[{"taxonomy":"category","embeddable":true,"href":"https:\/\/228news.tg\/index.php\/wp-json\/wp\/v2\/categories?post=2273"},{"taxonomy":"post_tag","embeddable":true,"href":"https:\/\/228news.tg\/index.php\/wp-json\/wp\/v2\/tags?post=2273"}],"curies":[{"name":"wp","href":"https:\/\/api.w.org\/{rel}","templated":true}]}}