{"id":2255,"date":"2019-05-07T00:00:00","date_gmt":"2019-05-07T00:00:00","guid":{"rendered":"https:\/\/228news.tg\/index.php\/2019\/05\/07\/1er-mai-a-la-ceet-mawussi-kakatsi-rassure-ses-employes-et-les-mobilise-autour-du-pnd\/"},"modified":"2019-05-07T00:00:00","modified_gmt":"2019-05-07T00:00:00","slug":"1er-mai-a-la-ceet-mawussi-kakatsi-rassure-ses-employes-et-les-mobilise-autour-du-pnd","status":"publish","type":"post","link":"https:\/\/228news.tg\/index.php\/2019\/05\/07\/1er-mai-a-la-ceet-mawussi-kakatsi-rassure-ses-employes-et-les-mobilise-autour-du-pnd\/","title":{"rendered":"1er mai \u00e0 la CEET: Mawussi kakatsi rassure ses employ\u00e9s et les mobilise autour du PND"},"content":{"rendered":"\n<p>(228NEWS)- Entre promesses et dol\u00e9ances, Mawussi Kakatsi, Directeur G\u00e9n\u00e9ral de la Compagnie Energie Electrique du Togo (CEET) a rassur\u00e9 ses employ\u00e9s et le personnel de la soci\u00e9t\u00e9 le 1er mai dernier, et mobilis\u00e9 ces derniers autour du Plan National de D\u00e9veloppement (PND, 2018-2022), \u00e0 l&rsquo;occasion de la journ\u00e9e internationale du travail.<\/p>\n\n\n\n<p>Le personnel rassembl\u00e9 en plusieurs syndicats, a au cours des\nfestivit\u00e9s une liste de 15 revendications l\u00e9gitimes dont les plus marquantes\nsont la formalisation et la consolidation d\u2019un dialogue sociale au sein de\nl\u2019entreprise, et la construction d\u2019un si\u00e8ge digne de ce nom \u00e0 cette grande\nsoci\u00e9t\u00e9. <\/p>\n\n\n\n<p>Paul Kakatsi, Directeur de la CEET a favorablement re\u00e7u ses\nrevendications et, rassur\u00e9 l\u2019ensemble des travailleurs et promis prendre des\nmesures idoines aux fins de leur satisfaction. <\/p>\n\n\n\n<p>\u00ab&nbsp;Nous ferons le n\u00e9cessaire pour que l\u2019ensemble de vos\ndol\u00e9ances trouve un accomplissement, ou sinon un d\u00e9but\nd\u2019accomplissement&nbsp;\u00bb, a-t-il d\u00e9clar\u00e9.<\/p>\n\n\n\n<p>Il a rendu gr\u00e2ce \u00e0 Dieu pour le chemin parcouru, remerci\u00e9 son\npersonnel pour le travail abattu avant de les exhorter \u00e0 plus d\u2019abn\u00e9gation et\nde volont\u00e9 au service des populations.<\/p>\n\n\n\n<p>Pour le DG de la CEET, la soci\u00e9t\u00e9 est \u00e0 la crois\u00e9e des\nchemins et se doit de jouer un grand r\u00f4le dans le nouveau cap mis par le Togo\nsur le d\u00e9veloppement \u00e0 travers le nouveau Plan National de D\u00e9veloppement (PND,\n2018-2022) d\u00e9clin\u00e9 en strat\u00e9gie d\u2019\u00e9lectrification de tout le Togo dans l\u2019un de\nses axes strat\u00e9giques. <\/p>\n\n\n\n<p>\u00ab\u00a0Nos actions doivent \u00eatre renforc\u00e9e \u00e0 tous les niveaux, afin d\u2019arriver \u00e0 un degr\u00e9 d\u2019autonomie vis-\u00e0-vis de certains producteurs. Il en va de la couverture \u00e0 plus de 50% de l\u2019ensemble du territoire \u00e0 l\u2019horizon 2020. Nous devons donc d&rsquo;ores et d\u00e9j\u00e0 retrousser nos manches afin d\u2019hisser le Togo \u00e0 un plus grand niveau \u00e9nerg\u00e9tique, facteur cl\u00e9 du d\u00e9veloppement de toute nation\u00a0\u00bb, a conclu le DG de la CEET.<\/p>\n\n\n\n<p><strong><em>D\u00e9mocrate<\/em><\/strong><\/p>\n\n\n\n<p><strong><em>(00228) 91 85 40 14<\/em><\/strong><\/p>\n\n\n\n<p><strong><em>98 60 67 68<\/em><\/strong><\/p>\n\n\n\n<p><strong><em>democrate2010@gmail.com<\/em><\/strong><\/p>\n","protected":false},"excerpt":{"rendered":"<p>(228NEWS)- Entre promesses et dol\u00e9ances, Mawussi Kakatsi, Directeur G\u00e9n\u00e9ral de la Compagnie Energie Electrique du Togo (CEET) a rassur\u00e9 ses employ\u00e9s et le personnel de la soci\u00e9t\u00e9 le 1er mai dernier, et mobilis\u00e9 ces derniers autour du Plan National de D\u00e9veloppement (PND, 2018-2022), \u00e0 l&rsquo;occasion de la journ\u00e9e internationale du travail. Le personnel rassembl\u00e9 en &#8230; <a title=\"1er mai \u00e0 la CEET: Mawussi kakatsi rassure ses employ\u00e9s et les mobilise autour du PND\" class=\"read-more\" href=\"https:\/\/228news.tg\/index.php\/2019\/05\/07\/1er-mai-a-la-ceet-mawussi-kakatsi-rassure-ses-employes-et-les-mobilise-autour-du-pnd\/\" aria-label=\"En savoir plus sur 1er mai \u00e0 la CEET: Mawussi kakatsi rassure ses employ\u00e9s et les mobilise autour du PND\">Lire la suite<\/a><\/p>\n","protected":false},"author":2,"featured_media":2256,"comment_status":"open","ping_status":"open","sticky":false,"template":"","format":"standard","meta":{"footnotes":""},"categories":[35,29,4,34],"tags":[],"class_list":["post-2255","post","type-post","status-publish","format-standard","has-post-thumbnail","hentry","category-flash","category-societe","category-travel","category-une"],"yoast_head":"<!-- This site is optimized with the Yoast SEO plugin v26.4 - https:\/\/yoast.com\/wordpress\/plugins\/seo\/ -->\n<title>1er mai \u00e0 la CEET: Mawussi kakatsi rassure ses employ\u00e9s et les mobilise autour du PND - 228 News<\/title>\n<meta name=\"robots\" content=\"index, follow, max-snippet:-1, max-image-preview:large, max-video-preview:-1\" \/>\n<link rel=\"canonical\" href=\"https:\/\/228news.tg\/index.php\/2019\/05\/07\/1er-mai-a-la-ceet-mawussi-kakatsi-rassure-ses-employes-et-les-mobilise-autour-du-pnd\/\" \/>\n<meta property=\"og:locale\" content=\"fr_FR\" \/>\n<meta property=\"og:type\" content=\"article\" \/>\n<meta property=\"og:title\" content=\"1er mai \u00e0 la CEET: Mawussi kakatsi rassure ses employ\u00e9s et les mobilise autour du PND - 228 News\" \/>\n<meta property=\"og:description\" content=\"(228NEWS)- Entre promesses et dol\u00e9ances, Mawussi Kakatsi, Directeur G\u00e9n\u00e9ral de la Compagnie Energie Electrique du Togo (CEET) a rassur\u00e9 ses employ\u00e9s et le personnel de la soci\u00e9t\u00e9 le 1er mai dernier, et mobilis\u00e9 ces derniers autour du Plan National de D\u00e9veloppement (PND, 2018-2022), \u00e0 l&rsquo;occasion de la journ\u00e9e internationale du travail. Le personnel rassembl\u00e9 en ... Lire la suite\" \/>\n<meta property=\"og:url\" content=\"https:\/\/228news.tg\/index.php\/2019\/05\/07\/1er-mai-a-la-ceet-mawussi-kakatsi-rassure-ses-employes-et-les-mobilise-autour-du-pnd\/\" \/>\n<meta property=\"og:site_name\" content=\"228 News\" \/>\n<meta property=\"article:published_time\" content=\"2019-05-07T00:00:00+00:00\" \/>\n<meta property=\"og:image\" content=\"https:\/\/228news.tg\/wp-content\/uploads\/2024\/09\/IMG-20180503-WA0008.jpg\" \/>\n\t<meta property=\"og:image:width\" content=\"678\" \/>\n\t<meta property=\"og:image:height\" content=\"381\" \/>\n\t<meta property=\"og:image:type\" content=\"image\/jpeg\" \/>\n<meta name=\"author\" content=\"Bienvenu SAVI\" \/>\n<meta name=\"twitter:card\" content=\"summary_large_image\" \/>\n<meta name=\"twitter:label1\" content=\"\u00c9crit par\" \/>\n\t<meta name=\"twitter:data1\" content=\"Bienvenu SAVI\" \/>\n\t<meta name=\"twitter:label2\" content=\"Dur\u00e9e de lecture estim\u00e9e\" \/>\n\t<meta name=\"twitter:data2\" content=\"2 minutes\" \/>\n<script type=\"application\/ld+json\" class=\"yoast-schema-graph\">{\"@context\":\"https:\/\/schema.org\",\"@graph\":[{\"@type\":\"Article\",\"@id\":\"https:\/\/228news.tg\/index.php\/2019\/05\/07\/1er-mai-a-la-ceet-mawussi-kakatsi-rassure-ses-employes-et-les-mobilise-autour-du-pnd\/#article\",\"isPartOf\":{\"@id\":\"https:\/\/228news.tg\/index.php\/2019\/05\/07\/1er-mai-a-la-ceet-mawussi-kakatsi-rassure-ses-employes-et-les-mobilise-autour-du-pnd\/\"},\"author\":{\"name\":\"Bienvenu SAVI\",\"@id\":\"https:\/\/228news.tg\/#\/schema\/person\/68d5a6cc0230290e61235c8379523f52\"},\"headline\":\"1er mai \u00e0 la CEET: Mawussi kakatsi rassure ses employ\u00e9s et les mobilise autour du PND\",\"datePublished\":\"2019-05-07T00:00:00+00:00\",\"mainEntityOfPage\":{\"@id\":\"https:\/\/228news.tg\/index.php\/2019\/05\/07\/1er-mai-a-la-ceet-mawussi-kakatsi-rassure-ses-employes-et-les-mobilise-autour-du-pnd\/\"},\"wordCount\":359,\"commentCount\":0,\"publisher\":{\"@id\":\"https:\/\/228news.tg\/#organization\"},\"image\":{\"@id\":\"https:\/\/228news.tg\/index.php\/2019\/05\/07\/1er-mai-a-la-ceet-mawussi-kakatsi-rassure-ses-employes-et-les-mobilise-autour-du-pnd\/#primaryimage\"},\"thumbnailUrl\":\"https:\/\/228news.tg\/wp-content\/uploads\/2024\/09\/IMG-20180503-WA0008.jpg\",\"articleSection\":[\"Flash\",\"SOCIETE\",\"Travel\",\"Une\"],\"inLanguage\":\"fr-FR\",\"potentialAction\":[{\"@type\":\"CommentAction\",\"name\":\"Comment\",\"target\":[\"https:\/\/228news.tg\/index.php\/2019\/05\/07\/1er-mai-a-la-ceet-mawussi-kakatsi-rassure-ses-employes-et-les-mobilise-autour-du-pnd\/#respond\"]}]},{\"@type\":\"WebPage\",\"@id\":\"https:\/\/228news.tg\/index.php\/2019\/05\/07\/1er-mai-a-la-ceet-mawussi-kakatsi-rassure-ses-employes-et-les-mobilise-autour-du-pnd\/\",\"url\":\"https:\/\/228news.tg\/index.php\/2019\/05\/07\/1er-mai-a-la-ceet-mawussi-kakatsi-rassure-ses-employes-et-les-mobilise-autour-du-pnd\/\",\"name\":\"1er mai \u00e0 la CEET: Mawussi kakatsi rassure ses employ\u00e9s et les mobilise autour du PND - 228 News\",\"isPartOf\":{\"@id\":\"https:\/\/228news.tg\/#website\"},\"primaryImageOfPage\":{\"@id\":\"https:\/\/228news.tg\/index.php\/2019\/05\/07\/1er-mai-a-la-ceet-mawussi-kakatsi-rassure-ses-employes-et-les-mobilise-autour-du-pnd\/#primaryimage\"},\"image\":{\"@id\":\"https:\/\/228news.tg\/index.php\/2019\/05\/07\/1er-mai-a-la-ceet-mawussi-kakatsi-rassure-ses-employes-et-les-mobilise-autour-du-pnd\/#primaryimage\"},\"thumbnailUrl\":\"https:\/\/228news.tg\/wp-content\/uploads\/2024\/09\/IMG-20180503-WA0008.jpg\",\"datePublished\":\"2019-05-07T00:00:00+00:00\",\"breadcrumb\":{\"@id\":\"https:\/\/228news.tg\/index.php\/2019\/05\/07\/1er-mai-a-la-ceet-mawussi-kakatsi-rassure-ses-employes-et-les-mobilise-autour-du-pnd\/#breadcrumb\"},\"inLanguage\":\"fr-FR\",\"potentialAction\":[{\"@type\":\"ReadAction\",\"target\":[\"https:\/\/228news.tg\/index.php\/2019\/05\/07\/1er-mai-a-la-ceet-mawussi-kakatsi-rassure-ses-employes-et-les-mobilise-autour-du-pnd\/\"]}]},{\"@type\":\"ImageObject\",\"inLanguage\":\"fr-FR\",\"@id\":\"https:\/\/228news.tg\/index.php\/2019\/05\/07\/1er-mai-a-la-ceet-mawussi-kakatsi-rassure-ses-employes-et-les-mobilise-autour-du-pnd\/#primaryimage\",\"url\":\"https:\/\/228news.tg\/wp-content\/uploads\/2024\/09\/IMG-20180503-WA0008.jpg\",\"contentUrl\":\"https:\/\/228news.tg\/wp-content\/uploads\/2024\/09\/IMG-20180503-WA0008.jpg\",\"width\":678,\"height\":381},{\"@type\":\"BreadcrumbList\",\"@id\":\"https:\/\/228news.tg\/index.php\/2019\/05\/07\/1er-mai-a-la-ceet-mawussi-kakatsi-rassure-ses-employes-et-les-mobilise-autour-du-pnd\/#breadcrumb\",\"itemListElement\":[{\"@type\":\"ListItem\",\"position\":1,\"name\":\"Home\",\"item\":\"https:\/\/228news.tg\/\"},{\"@type\":\"ListItem\",\"position\":2,\"name\":\"1er mai \u00e0 la CEET: Mawussi kakatsi rassure ses employ\u00e9s et les mobilise autour du PND\"}]},{\"@type\":\"WebSite\",\"@id\":\"https:\/\/228news.tg\/#website\",\"url\":\"https:\/\/228news.tg\/\",\"name\":\"228 News\",\"description\":\"Soci\u00e9t\u00e9 de m\u00e9dias et d\u2019actualit\u00e9s\",\"publisher\":{\"@id\":\"https:\/\/228news.tg\/#organization\"},\"potentialAction\":[{\"@type\":\"SearchAction\",\"target\":{\"@type\":\"EntryPoint\",\"urlTemplate\":\"https:\/\/228news.tg\/?s={search_term_string}\"},\"query-input\":{\"@type\":\"PropertyValueSpecification\",\"valueRequired\":true,\"valueName\":\"search_term_string\"}}],\"inLanguage\":\"fr-FR\"},{\"@type\":\"Organization\",\"@id\":\"https:\/\/228news.tg\/#organization\",\"name\":\"228 News\",\"url\":\"https:\/\/228news.tg\/\",\"logo\":{\"@type\":\"ImageObject\",\"inLanguage\":\"fr-FR\",\"@id\":\"https:\/\/228news.tg\/#\/schema\/logo\/image\/\",\"url\":\"https:\/\/228news.tg\/wp-content\/uploads\/2024\/09\/logonew.png\",\"contentUrl\":\"https:\/\/228news.tg\/wp-content\/uploads\/2024\/09\/logonew.png\",\"width\":1640,\"height\":364,\"caption\":\"228 News\"},\"image\":{\"@id\":\"https:\/\/228news.tg\/#\/schema\/logo\/image\/\"}},{\"@type\":\"Person\",\"@id\":\"https:\/\/228news.tg\/#\/schema\/person\/68d5a6cc0230290e61235c8379523f52\",\"name\":\"Bienvenu SAVI\",\"image\":{\"@type\":\"ImageObject\",\"inLanguage\":\"fr-FR\",\"@id\":\"https:\/\/228news.tg\/#\/schema\/person\/image\/\",\"url\":\"https:\/\/secure.gravatar.com\/avatar\/9db91895c559e510509c33a3e9683998458e9b828fac36d5d1aa23f0f2fd369b?s=96&d=mm&r=g\",\"contentUrl\":\"https:\/\/secure.gravatar.com\/avatar\/9db91895c559e510509c33a3e9683998458e9b828fac36d5d1aa23f0f2fd369b?s=96&d=mm&r=g\",\"caption\":\"Bienvenu SAVI\"},\"url\":\"https:\/\/228news.tg\/index.php\/author\/bienvenu\/\"}]}<\/script>\n<!-- \/ Yoast SEO plugin. -->","yoast_head_json":{"title":"1er mai \u00e0 la CEET: Mawussi kakatsi rassure ses employ\u00e9s et les mobilise autour du PND - 228 News","robots":{"index":"index","follow":"follow","max-snippet":"max-snippet:-1","max-image-preview":"max-image-preview:large","max-video-preview":"max-video-preview:-1"},"canonical":"https:\/\/228news.tg\/index.php\/2019\/05\/07\/1er-mai-a-la-ceet-mawussi-kakatsi-rassure-ses-employes-et-les-mobilise-autour-du-pnd\/","og_locale":"fr_FR","og_type":"article","og_title":"1er mai \u00e0 la CEET: Mawussi kakatsi rassure ses employ\u00e9s et les mobilise autour du PND - 228 News","og_description":"(228NEWS)- Entre promesses et dol\u00e9ances, Mawussi Kakatsi, Directeur G\u00e9n\u00e9ral de la Compagnie Energie Electrique du Togo (CEET) a rassur\u00e9 ses employ\u00e9s et le personnel de la soci\u00e9t\u00e9 le 1er mai dernier, et mobilis\u00e9 ces derniers autour du Plan National de D\u00e9veloppement (PND, 2018-2022), \u00e0 l&rsquo;occasion de la journ\u00e9e internationale du travail. Le personnel rassembl\u00e9 en ... Lire la suite","og_url":"https:\/\/228news.tg\/index.php\/2019\/05\/07\/1er-mai-a-la-ceet-mawussi-kakatsi-rassure-ses-employes-et-les-mobilise-autour-du-pnd\/","og_site_name":"228 News","article_published_time":"2019-05-07T00:00:00+00:00","og_image":[{"width":678,"height":381,"url":"https:\/\/228news.tg\/wp-content\/uploads\/2024\/09\/IMG-20180503-WA0008.jpg","type":"image\/jpeg"}],"author":"Bienvenu SAVI","twitter_card":"summary_large_image","twitter_misc":{"\u00c9crit par":"Bienvenu SAVI","Dur\u00e9e de lecture estim\u00e9e":"2 minutes"},"schema":{"@context":"https:\/\/schema.org","@graph":[{"@type":"Article","@id":"https:\/\/228news.tg\/index.php\/2019\/05\/07\/1er-mai-a-la-ceet-mawussi-kakatsi-rassure-ses-employes-et-les-mobilise-autour-du-pnd\/#article","isPartOf":{"@id":"https:\/\/228news.tg\/index.php\/2019\/05\/07\/1er-mai-a-la-ceet-mawussi-kakatsi-rassure-ses-employes-et-les-mobilise-autour-du-pnd\/"},"author":{"name":"Bienvenu SAVI","@id":"https:\/\/228news.tg\/#\/schema\/person\/68d5a6cc0230290e61235c8379523f52"},"headline":"1er mai \u00e0 la CEET: Mawussi kakatsi rassure ses employ\u00e9s et les mobilise autour du PND","datePublished":"2019-05-07T00:00:00+00:00","mainEntityOfPage":{"@id":"https:\/\/228news.tg\/index.php\/2019\/05\/07\/1er-mai-a-la-ceet-mawussi-kakatsi-rassure-ses-employes-et-les-mobilise-autour-du-pnd\/"},"wordCount":359,"commentCount":0,"publisher":{"@id":"https:\/\/228news.tg\/#organization"},"image":{"@id":"https:\/\/228news.tg\/index.php\/2019\/05\/07\/1er-mai-a-la-ceet-mawussi-kakatsi-rassure-ses-employes-et-les-mobilise-autour-du-pnd\/#primaryimage"},"thumbnailUrl":"https:\/\/228news.tg\/wp-content\/uploads\/2024\/09\/IMG-20180503-WA0008.jpg","articleSection":["Flash","SOCIETE","Travel","Une"],"inLanguage":"fr-FR","potentialAction":[{"@type":"CommentAction","name":"Comment","target":["https:\/\/228news.tg\/index.php\/2019\/05\/07\/1er-mai-a-la-ceet-mawussi-kakatsi-rassure-ses-employes-et-les-mobilise-autour-du-pnd\/#respond"]}]},{"@type":"WebPage","@id":"https:\/\/228news.tg\/index.php\/2019\/05\/07\/1er-mai-a-la-ceet-mawussi-kakatsi-rassure-ses-employes-et-les-mobilise-autour-du-pnd\/","url":"https:\/\/228news.tg\/index.php\/2019\/05\/07\/1er-mai-a-la-ceet-mawussi-kakatsi-rassure-ses-employes-et-les-mobilise-autour-du-pnd\/","name":"1er mai \u00e0 la CEET: Mawussi kakatsi rassure ses employ\u00e9s et les mobilise autour du PND - 228 News","isPartOf":{"@id":"https:\/\/228news.tg\/#website"},"primaryImageOfPage":{"@id":"https:\/\/228news.tg\/index.php\/2019\/05\/07\/1er-mai-a-la-ceet-mawussi-kakatsi-rassure-ses-employes-et-les-mobilise-autour-du-pnd\/#primaryimage"},"image":{"@id":"https:\/\/228news.tg\/index.php\/2019\/05\/07\/1er-mai-a-la-ceet-mawussi-kakatsi-rassure-ses-employes-et-les-mobilise-autour-du-pnd\/#primaryimage"},"thumbnailUrl":"https:\/\/228news.tg\/wp-content\/uploads\/2024\/09\/IMG-20180503-WA0008.jpg","datePublished":"2019-05-07T00:00:00+00:00","breadcrumb":{"@id":"https:\/\/228news.tg\/index.php\/2019\/05\/07\/1er-mai-a-la-ceet-mawussi-kakatsi-rassure-ses-employes-et-les-mobilise-autour-du-pnd\/#breadcrumb"},"inLanguage":"fr-FR","potentialAction":[{"@type":"ReadAction","target":["https:\/\/228news.tg\/index.php\/2019\/05\/07\/1er-mai-a-la-ceet-mawussi-kakatsi-rassure-ses-employes-et-les-mobilise-autour-du-pnd\/"]}]},{"@type":"ImageObject","inLanguage":"fr-FR","@id":"https:\/\/228news.tg\/index.php\/2019\/05\/07\/1er-mai-a-la-ceet-mawussi-kakatsi-rassure-ses-employes-et-les-mobilise-autour-du-pnd\/#primaryimage","url":"https:\/\/228news.tg\/wp-content\/uploads\/2024\/09\/IMG-20180503-WA0008.jpg","contentUrl":"https:\/\/228news.tg\/wp-content\/uploads\/2024\/09\/IMG-20180503-WA0008.jpg","width":678,"height":381},{"@type":"BreadcrumbList","@id":"https:\/\/228news.tg\/index.php\/2019\/05\/07\/1er-mai-a-la-ceet-mawussi-kakatsi-rassure-ses-employes-et-les-mobilise-autour-du-pnd\/#breadcrumb","itemListElement":[{"@type":"ListItem","position":1,"name":"Home","item":"https:\/\/228news.tg\/"},{"@type":"ListItem","position":2,"name":"1er mai \u00e0 la CEET: Mawussi kakatsi rassure ses employ\u00e9s et les mobilise autour du PND"}]},{"@type":"WebSite","@id":"https:\/\/228news.tg\/#website","url":"https:\/\/228news.tg\/","name":"228 News","description":"Soci\u00e9t\u00e9 de m\u00e9dias et d\u2019actualit\u00e9s","publisher":{"@id":"https:\/\/228news.tg\/#organization"},"potentialAction":[{"@type":"SearchAction","target":{"@type":"EntryPoint","urlTemplate":"https:\/\/228news.tg\/?s={search_term_string}"},"query-input":{"@type":"PropertyValueSpecification","valueRequired":true,"valueName":"search_term_string"}}],"inLanguage":"fr-FR"},{"@type":"Organization","@id":"https:\/\/228news.tg\/#organization","name":"228 News","url":"https:\/\/228news.tg\/","logo":{"@type":"ImageObject","inLanguage":"fr-FR","@id":"https:\/\/228news.tg\/#\/schema\/logo\/image\/","url":"https:\/\/228news.tg\/wp-content\/uploads\/2024\/09\/logonew.png","contentUrl":"https:\/\/228news.tg\/wp-content\/uploads\/2024\/09\/logonew.png","width":1640,"height":364,"caption":"228 News"},"image":{"@id":"https:\/\/228news.tg\/#\/schema\/logo\/image\/"}},{"@type":"Person","@id":"https:\/\/228news.tg\/#\/schema\/person\/68d5a6cc0230290e61235c8379523f52","name":"Bienvenu SAVI","image":{"@type":"ImageObject","inLanguage":"fr-FR","@id":"https:\/\/228news.tg\/#\/schema\/person\/image\/","url":"https:\/\/secure.gravatar.com\/avatar\/9db91895c559e510509c33a3e9683998458e9b828fac36d5d1aa23f0f2fd369b?s=96&d=mm&r=g","contentUrl":"https:\/\/secure.gravatar.com\/avatar\/9db91895c559e510509c33a3e9683998458e9b828fac36d5d1aa23f0f2fd369b?s=96&d=mm&r=g","caption":"Bienvenu SAVI"},"url":"https:\/\/228news.tg\/index.php\/author\/bienvenu\/"}]}},"jetpack_featured_media_url":"https:\/\/228news.tg\/wp-content\/uploads\/2024\/09\/IMG-20180503-WA0008.jpg","_links":{"self":[{"href":"https:\/\/228news.tg\/index.php\/wp-json\/wp\/v2\/posts\/2255","targetHints":{"allow":["GET"]}}],"collection":[{"href":"https:\/\/228news.tg\/index.php\/wp-json\/wp\/v2\/posts"}],"about":[{"href":"https:\/\/228news.tg\/index.php\/wp-json\/wp\/v2\/types\/post"}],"author":[{"embeddable":true,"href":"https:\/\/228news.tg\/index.php\/wp-json\/wp\/v2\/users\/2"}],"replies":[{"embeddable":true,"href":"https:\/\/228news.tg\/index.php\/wp-json\/wp\/v2\/comments?post=2255"}],"version-history":[{"count":0,"href":"https:\/\/228news.tg\/index.php\/wp-json\/wp\/v2\/posts\/2255\/revisions"}],"wp:featuredmedia":[{"embeddable":true,"href":"https:\/\/228news.tg\/index.php\/wp-json\/wp\/v2\/media\/2256"}],"wp:attachment":[{"href":"https:\/\/228news.tg\/index.php\/wp-json\/wp\/v2\/media?parent=2255"}],"wp:term":[{"taxonomy":"category","embeddable":true,"href":"https:\/\/228news.tg\/index.php\/wp-json\/wp\/v2\/categories?post=2255"},{"taxonomy":"post_tag","embeddable":true,"href":"https:\/\/228news.tg\/index.php\/wp-json\/wp\/v2\/tags?post=2255"}],"curies":[{"name":"wp","href":"https:\/\/api.w.org\/{rel}","templated":true}]}}