{"id":2234,"date":"2019-05-02T00:00:00","date_gmt":"2019-05-02T00:00:00","guid":{"rendered":"https:\/\/228news.tg\/index.php\/2019\/05\/02\/journee-internationale-du-travail-dans-le-secteur-bancaire-et-des-assurances-vers-une-nouvelle-convention-collective-sectorielle\/"},"modified":"2019-05-02T00:00:00","modified_gmt":"2019-05-02T00:00:00","slug":"journee-internationale-du-travail-dans-le-secteur-bancaire-et-des-assurances-vers-une-nouvelle-convention-collective-sectorielle","status":"publish","type":"post","link":"https:\/\/228news.tg\/index.php\/2019\/05\/02\/journee-internationale-du-travail-dans-le-secteur-bancaire-et-des-assurances-vers-une-nouvelle-convention-collective-sectorielle\/","title":{"rendered":"Journ\u00e9e Internationale du travail dans le secteur bancaire et des assurances: \ufeffVers une nouvelle convention collective sectorielle"},"content":{"rendered":"\n<p><br><\/p>\n\n\n\n<p>(228NEWS)- L\u2019Association des Professionnels Bancaires et Etablissement Financiers (APBEF) a re\u00e7u avec compr\u00e9hension la d\u00e9nonciation de la convention collective sectorielle des travailleurs de la cha\u00eene de valeurs bancaire et des assurances ce mercredi 1<sup>er<\/sup> mai 2019, jour de la comm\u00e9moration de la journ\u00e9e internationale du travail.<\/p>\n\n\n\n<p>C\u2019\u00e9tait \u00e0 l\u2019issue d\u2019un d\u00e9fil\u00e9\nmarquant l\u2019\u00e9v\u00e9nement, qui a d\u00e9marr\u00e9 Avenue Ak\u00e9\u00ef pour aboutir dans les jardins\ndu groupe GTA Assurances. La manifestation a rassembl\u00e9 tous les acteurs r\u00e9unis\nau sein du Syndicat nationale des Banques (SYNBANK), du Syndicat National des\nAssurances (SYNASSUR), du Comit\u00e9 des Assurances du Togo (CAT) ainsi que de l\u2019APBEF.<\/p>\n\n\n\n<p>\u00ab&nbsp;Si nous continuons par\ntravailler, il y aura toujours des fruits \u00e0 partager&nbsp;\u00bb, a confi\u00e9 le Directeur\nG\u00e9n\u00e9ral de GTA assurances, dont l\u2019institution a abrit\u00e9 l\u2019\u00e9v\u00e9nement.<\/p>\n\n\n\n<p>Pour M. Naboudou Rico, Secr\u00e9taire\nG\u00e9n\u00e9ral du SYNASSUR, il est imp\u00e9ratif \u00e0 court et \u00e0 moyen terme l&rsquo;\u00e9panouissement\nphysique et psychique des employ\u00e9s, ainsi que la croissance \u00e9conomique des\nentreprises. Aussi a-t-il appel\u00e9 \u00e0 une remise en question au quotidien. <\/p>\n\n\n\n<p>Le SYNBANK, pour sa part \u00e0 travers\nsa Secr\u00e9taire G\u00e9n\u00e9rale, Jos\u00e9phine Palanga Patass\u00e9 a exhort\u00e9 \u00e0 la prise en\ncompte par le cadre de concertation pour que le dialogue social, de tous les\nniveaux de la relation professionnelle. Pour se faire, le SYNBANK pr\u00e9conise\ndeux strat\u00e9gies majeures. <\/p>\n\n\n\n<p>Il s\u2019agit de veiller \u00e0 la\nperformance des institutions afin que tous profitent des fruits du travail \u00e0\ntravers la d\u00e9fense des int\u00e9r\u00eats mat\u00e9riels et moraux des travailleurs par un\ncontr\u00f4le rigoureux, l\u2019am\u00e9lioration de la s\u00e9curit\u00e9 sociale afin de valoriser les\nretraites.<\/p>\n\n\n\n<p>L\u2019autre strat\u00e9gie concerne les\nmicrofinances qui doivent \u00eatre plus contr\u00f4l\u00e9es d\u2019apr\u00e8s cette derni\u00e8re.<\/p>\n\n\n\n<p>\u00ab&nbsp;Il nous faut accentuer la\nsensibilisation des patrons des microfinances qui emp\u00eachent les cr\u00e9ations de syndicats\ndans leurs entreprises et qui n\u2019ont cure des licenciements abusifs&nbsp;\u00bb,\na-t-elle d\u00e9clar\u00e9 avant d\u2019appeler tous les travailleurs \u00e0 transcender les\ndiff\u00e9rences et aller de l\u2019avant. <\/p>\n\n\n\n<p>Pour sa part, le repr\u00e9sentant du\nComit\u00e9 Ex\u00e9cutif de l\u2019APBEF a salu\u00e9 la patience responsable des syndicats du\nsecteur et rassur\u00e9 des mesures prises afin d\u2019aller aux futures proches\nn\u00e9gociations en vue d\u2019aboutir \u00e0 une prochaine convention collective.<\/p>\n\n\n\n<p><strong>D\u00e9mocrate<\/strong><\/p>\n\n\n\n<p><strong><em>(00228) 91 85 40 14<\/em><\/strong><\/p>\n\n\n\n<p><strong><em>98 60 67 68<\/em><\/strong><\/p>\n\n\n\n<p><strong><em>democrate2010@gmail.com<\/em><\/strong><\/p>\n","protected":false},"excerpt":{"rendered":"<p>(228NEWS)- L\u2019Association des Professionnels Bancaires et Etablissement Financiers (APBEF) a re\u00e7u avec compr\u00e9hension la d\u00e9nonciation de la convention collective sectorielle des travailleurs de la cha\u00eene de valeurs bancaire et des assurances ce mercredi 1er mai 2019, jour de la comm\u00e9moration de la journ\u00e9e internationale du travail. C\u2019\u00e9tait \u00e0 l\u2019issue d\u2019un d\u00e9fil\u00e9 marquant l\u2019\u00e9v\u00e9nement, qui a &#8230; <a title=\"Journ\u00e9e Internationale du travail dans le secteur bancaire et des assurances: \ufeffVers une nouvelle convention collective sectorielle\" class=\"read-more\" href=\"https:\/\/228news.tg\/index.php\/2019\/05\/02\/journee-internationale-du-travail-dans-le-secteur-bancaire-et-des-assurances-vers-une-nouvelle-convention-collective-sectorielle\/\" aria-label=\"En savoir plus sur Journ\u00e9e Internationale du travail dans le secteur bancaire et des assurances: \ufeffVers une nouvelle convention collective sectorielle\">Lire la suite<\/a><\/p>\n","protected":false},"author":2,"featured_media":2235,"comment_status":"open","ping_status":"open","sticky":false,"template":"","format":"standard","meta":{"footnotes":""},"categories":[30,35,25,34],"tags":[],"class_list":["post-2234","post","type-post","status-publish","format-standard","has-post-thumbnail","hentry","category-economie","category-flash","category-togo","category-une"],"yoast_head":"<!-- This site is optimized with the Yoast SEO plugin v26.4 - https:\/\/yoast.com\/wordpress\/plugins\/seo\/ -->\n<title>Journ\u00e9e Internationale du travail dans le secteur bancaire et des assurances: \ufeffVers une nouvelle convention collective sectorielle - 228 News<\/title>\n<meta name=\"robots\" content=\"index, follow, max-snippet:-1, max-image-preview:large, max-video-preview:-1\" \/>\n<link rel=\"canonical\" href=\"https:\/\/228news.tg\/index.php\/2019\/05\/02\/journee-internationale-du-travail-dans-le-secteur-bancaire-et-des-assurances-vers-une-nouvelle-convention-collective-sectorielle\/\" \/>\n<meta property=\"og:locale\" content=\"fr_FR\" \/>\n<meta property=\"og:type\" content=\"article\" \/>\n<meta property=\"og:title\" content=\"Journ\u00e9e Internationale du travail dans le secteur bancaire et des assurances: \ufeffVers une nouvelle convention collective sectorielle - 228 News\" \/>\n<meta property=\"og:description\" content=\"(228NEWS)- L\u2019Association des Professionnels Bancaires et Etablissement Financiers (APBEF) a re\u00e7u avec compr\u00e9hension la d\u00e9nonciation de la convention collective sectorielle des travailleurs de la cha\u00eene de valeurs bancaire et des assurances ce mercredi 1er mai 2019, jour de la comm\u00e9moration de la journ\u00e9e internationale du travail. C\u2019\u00e9tait \u00e0 l\u2019issue d\u2019un d\u00e9fil\u00e9 marquant l\u2019\u00e9v\u00e9nement, qui a ... Lire la suite\" \/>\n<meta property=\"og:url\" content=\"https:\/\/228news.tg\/index.php\/2019\/05\/02\/journee-internationale-du-travail-dans-le-secteur-bancaire-et-des-assurances-vers-une-nouvelle-convention-collective-sectorielle\/\" \/>\n<meta property=\"og:site_name\" content=\"228 News\" \/>\n<meta property=\"article:published_time\" content=\"2019-05-02T00:00:00+00:00\" \/>\n<meta property=\"og:image\" content=\"https:\/\/228news.tg\/wp-content\/uploads\/2024\/09\/photo_2019-05-02_17-49-20.jpg\" \/>\n\t<meta property=\"og:image:width\" content=\"1280\" \/>\n\t<meta property=\"og:image:height\" content=\"960\" \/>\n\t<meta property=\"og:image:type\" content=\"image\/jpeg\" \/>\n<meta name=\"author\" content=\"Bienvenu SAVI\" \/>\n<meta name=\"twitter:card\" content=\"summary_large_image\" \/>\n<meta name=\"twitter:label1\" content=\"\u00c9crit par\" \/>\n\t<meta name=\"twitter:data1\" content=\"Bienvenu SAVI\" \/>\n\t<meta name=\"twitter:label2\" content=\"Dur\u00e9e de lecture estim\u00e9e\" \/>\n\t<meta name=\"twitter:data2\" content=\"2 minutes\" \/>\n<script type=\"application\/ld+json\" class=\"yoast-schema-graph\">{\"@context\":\"https:\/\/schema.org\",\"@graph\":[{\"@type\":\"Article\",\"@id\":\"https:\/\/228news.tg\/index.php\/2019\/05\/02\/journee-internationale-du-travail-dans-le-secteur-bancaire-et-des-assurances-vers-une-nouvelle-convention-collective-sectorielle\/#article\",\"isPartOf\":{\"@id\":\"https:\/\/228news.tg\/index.php\/2019\/05\/02\/journee-internationale-du-travail-dans-le-secteur-bancaire-et-des-assurances-vers-une-nouvelle-convention-collective-sectorielle\/\"},\"author\":{\"name\":\"Bienvenu SAVI\",\"@id\":\"https:\/\/228news.tg\/#\/schema\/person\/68d5a6cc0230290e61235c8379523f52\"},\"headline\":\"Journ\u00e9e Internationale du travail dans le secteur bancaire et des assurances: \ufeffVers une nouvelle convention collective sectorielle\",\"datePublished\":\"2019-05-02T00:00:00+00:00\",\"mainEntityOfPage\":{\"@id\":\"https:\/\/228news.tg\/index.php\/2019\/05\/02\/journee-internationale-du-travail-dans-le-secteur-bancaire-et-des-assurances-vers-une-nouvelle-convention-collective-sectorielle\/\"},\"wordCount\":425,\"commentCount\":0,\"publisher\":{\"@id\":\"https:\/\/228news.tg\/#organization\"},\"image\":{\"@id\":\"https:\/\/228news.tg\/index.php\/2019\/05\/02\/journee-internationale-du-travail-dans-le-secteur-bancaire-et-des-assurances-vers-une-nouvelle-convention-collective-sectorielle\/#primaryimage\"},\"thumbnailUrl\":\"https:\/\/228news.tg\/wp-content\/uploads\/2024\/09\/photo_2019-05-02_17-49-20.jpg\",\"articleSection\":[\"ECONOMIE\",\"Flash\",\"TOGO\",\"Une\"],\"inLanguage\":\"fr-FR\",\"potentialAction\":[{\"@type\":\"CommentAction\",\"name\":\"Comment\",\"target\":[\"https:\/\/228news.tg\/index.php\/2019\/05\/02\/journee-internationale-du-travail-dans-le-secteur-bancaire-et-des-assurances-vers-une-nouvelle-convention-collective-sectorielle\/#respond\"]}]},{\"@type\":\"WebPage\",\"@id\":\"https:\/\/228news.tg\/index.php\/2019\/05\/02\/journee-internationale-du-travail-dans-le-secteur-bancaire-et-des-assurances-vers-une-nouvelle-convention-collective-sectorielle\/\",\"url\":\"https:\/\/228news.tg\/index.php\/2019\/05\/02\/journee-internationale-du-travail-dans-le-secteur-bancaire-et-des-assurances-vers-une-nouvelle-convention-collective-sectorielle\/\",\"name\":\"Journ\u00e9e Internationale du travail dans le secteur bancaire et des assurances: \ufeffVers une nouvelle convention collective sectorielle - 228 News\",\"isPartOf\":{\"@id\":\"https:\/\/228news.tg\/#website\"},\"primaryImageOfPage\":{\"@id\":\"https:\/\/228news.tg\/index.php\/2019\/05\/02\/journee-internationale-du-travail-dans-le-secteur-bancaire-et-des-assurances-vers-une-nouvelle-convention-collective-sectorielle\/#primaryimage\"},\"image\":{\"@id\":\"https:\/\/228news.tg\/index.php\/2019\/05\/02\/journee-internationale-du-travail-dans-le-secteur-bancaire-et-des-assurances-vers-une-nouvelle-convention-collective-sectorielle\/#primaryimage\"},\"thumbnailUrl\":\"https:\/\/228news.tg\/wp-content\/uploads\/2024\/09\/photo_2019-05-02_17-49-20.jpg\",\"datePublished\":\"2019-05-02T00:00:00+00:00\",\"breadcrumb\":{\"@id\":\"https:\/\/228news.tg\/index.php\/2019\/05\/02\/journee-internationale-du-travail-dans-le-secteur-bancaire-et-des-assurances-vers-une-nouvelle-convention-collective-sectorielle\/#breadcrumb\"},\"inLanguage\":\"fr-FR\",\"potentialAction\":[{\"@type\":\"ReadAction\",\"target\":[\"https:\/\/228news.tg\/index.php\/2019\/05\/02\/journee-internationale-du-travail-dans-le-secteur-bancaire-et-des-assurances-vers-une-nouvelle-convention-collective-sectorielle\/\"]}]},{\"@type\":\"ImageObject\",\"inLanguage\":\"fr-FR\",\"@id\":\"https:\/\/228news.tg\/index.php\/2019\/05\/02\/journee-internationale-du-travail-dans-le-secteur-bancaire-et-des-assurances-vers-une-nouvelle-convention-collective-sectorielle\/#primaryimage\",\"url\":\"https:\/\/228news.tg\/wp-content\/uploads\/2024\/09\/photo_2019-05-02_17-49-20.jpg\",\"contentUrl\":\"https:\/\/228news.tg\/wp-content\/uploads\/2024\/09\/photo_2019-05-02_17-49-20.jpg\",\"width\":1280,\"height\":960},{\"@type\":\"BreadcrumbList\",\"@id\":\"https:\/\/228news.tg\/index.php\/2019\/05\/02\/journee-internationale-du-travail-dans-le-secteur-bancaire-et-des-assurances-vers-une-nouvelle-convention-collective-sectorielle\/#breadcrumb\",\"itemListElement\":[{\"@type\":\"ListItem\",\"position\":1,\"name\":\"Home\",\"item\":\"https:\/\/228news.tg\/\"},{\"@type\":\"ListItem\",\"position\":2,\"name\":\"Journ\u00e9e Internationale du travail dans le secteur bancaire et des assurances: \ufeffVers une nouvelle convention collective sectorielle\"}]},{\"@type\":\"WebSite\",\"@id\":\"https:\/\/228news.tg\/#website\",\"url\":\"https:\/\/228news.tg\/\",\"name\":\"228 News\",\"description\":\"Soci\u00e9t\u00e9 de m\u00e9dias et d\u2019actualit\u00e9s\",\"publisher\":{\"@id\":\"https:\/\/228news.tg\/#organization\"},\"potentialAction\":[{\"@type\":\"SearchAction\",\"target\":{\"@type\":\"EntryPoint\",\"urlTemplate\":\"https:\/\/228news.tg\/?s={search_term_string}\"},\"query-input\":{\"@type\":\"PropertyValueSpecification\",\"valueRequired\":true,\"valueName\":\"search_term_string\"}}],\"inLanguage\":\"fr-FR\"},{\"@type\":\"Organization\",\"@id\":\"https:\/\/228news.tg\/#organization\",\"name\":\"228 News\",\"url\":\"https:\/\/228news.tg\/\",\"logo\":{\"@type\":\"ImageObject\",\"inLanguage\":\"fr-FR\",\"@id\":\"https:\/\/228news.tg\/#\/schema\/logo\/image\/\",\"url\":\"https:\/\/228news.tg\/wp-content\/uploads\/2024\/09\/logonew.png\",\"contentUrl\":\"https:\/\/228news.tg\/wp-content\/uploads\/2024\/09\/logonew.png\",\"width\":1640,\"height\":364,\"caption\":\"228 News\"},\"image\":{\"@id\":\"https:\/\/228news.tg\/#\/schema\/logo\/image\/\"}},{\"@type\":\"Person\",\"@id\":\"https:\/\/228news.tg\/#\/schema\/person\/68d5a6cc0230290e61235c8379523f52\",\"name\":\"Bienvenu SAVI\",\"image\":{\"@type\":\"ImageObject\",\"inLanguage\":\"fr-FR\",\"@id\":\"https:\/\/228news.tg\/#\/schema\/person\/image\/\",\"url\":\"https:\/\/secure.gravatar.com\/avatar\/9db91895c559e510509c33a3e9683998458e9b828fac36d5d1aa23f0f2fd369b?s=96&d=mm&r=g\",\"contentUrl\":\"https:\/\/secure.gravatar.com\/avatar\/9db91895c559e510509c33a3e9683998458e9b828fac36d5d1aa23f0f2fd369b?s=96&d=mm&r=g\",\"caption\":\"Bienvenu SAVI\"},\"url\":\"https:\/\/228news.tg\/index.php\/author\/bienvenu\/\"}]}<\/script>\n<!-- \/ Yoast SEO plugin. -->","yoast_head_json":{"title":"Journ\u00e9e Internationale du travail dans le secteur bancaire et des assurances: \ufeffVers une nouvelle convention collective sectorielle - 228 News","robots":{"index":"index","follow":"follow","max-snippet":"max-snippet:-1","max-image-preview":"max-image-preview:large","max-video-preview":"max-video-preview:-1"},"canonical":"https:\/\/228news.tg\/index.php\/2019\/05\/02\/journee-internationale-du-travail-dans-le-secteur-bancaire-et-des-assurances-vers-une-nouvelle-convention-collective-sectorielle\/","og_locale":"fr_FR","og_type":"article","og_title":"Journ\u00e9e Internationale du travail dans le secteur bancaire et des assurances: \ufeffVers une nouvelle convention collective sectorielle - 228 News","og_description":"(228NEWS)- L\u2019Association des Professionnels Bancaires et Etablissement Financiers (APBEF) a re\u00e7u avec compr\u00e9hension la d\u00e9nonciation de la convention collective sectorielle des travailleurs de la cha\u00eene de valeurs bancaire et des assurances ce mercredi 1er mai 2019, jour de la comm\u00e9moration de la journ\u00e9e internationale du travail. C\u2019\u00e9tait \u00e0 l\u2019issue d\u2019un d\u00e9fil\u00e9 marquant l\u2019\u00e9v\u00e9nement, qui a ... Lire la suite","og_url":"https:\/\/228news.tg\/index.php\/2019\/05\/02\/journee-internationale-du-travail-dans-le-secteur-bancaire-et-des-assurances-vers-une-nouvelle-convention-collective-sectorielle\/","og_site_name":"228 News","article_published_time":"2019-05-02T00:00:00+00:00","og_image":[{"width":1280,"height":960,"url":"https:\/\/228news.tg\/wp-content\/uploads\/2024\/09\/photo_2019-05-02_17-49-20.jpg","type":"image\/jpeg"}],"author":"Bienvenu SAVI","twitter_card":"summary_large_image","twitter_misc":{"\u00c9crit par":"Bienvenu SAVI","Dur\u00e9e de lecture estim\u00e9e":"2 minutes"},"schema":{"@context":"https:\/\/schema.org","@graph":[{"@type":"Article","@id":"https:\/\/228news.tg\/index.php\/2019\/05\/02\/journee-internationale-du-travail-dans-le-secteur-bancaire-et-des-assurances-vers-une-nouvelle-convention-collective-sectorielle\/#article","isPartOf":{"@id":"https:\/\/228news.tg\/index.php\/2019\/05\/02\/journee-internationale-du-travail-dans-le-secteur-bancaire-et-des-assurances-vers-une-nouvelle-convention-collective-sectorielle\/"},"author":{"name":"Bienvenu SAVI","@id":"https:\/\/228news.tg\/#\/schema\/person\/68d5a6cc0230290e61235c8379523f52"},"headline":"Journ\u00e9e Internationale du travail dans le secteur bancaire et des assurances: \ufeffVers une nouvelle convention collective sectorielle","datePublished":"2019-05-02T00:00:00+00:00","mainEntityOfPage":{"@id":"https:\/\/228news.tg\/index.php\/2019\/05\/02\/journee-internationale-du-travail-dans-le-secteur-bancaire-et-des-assurances-vers-une-nouvelle-convention-collective-sectorielle\/"},"wordCount":425,"commentCount":0,"publisher":{"@id":"https:\/\/228news.tg\/#organization"},"image":{"@id":"https:\/\/228news.tg\/index.php\/2019\/05\/02\/journee-internationale-du-travail-dans-le-secteur-bancaire-et-des-assurances-vers-une-nouvelle-convention-collective-sectorielle\/#primaryimage"},"thumbnailUrl":"https:\/\/228news.tg\/wp-content\/uploads\/2024\/09\/photo_2019-05-02_17-49-20.jpg","articleSection":["ECONOMIE","Flash","TOGO","Une"],"inLanguage":"fr-FR","potentialAction":[{"@type":"CommentAction","name":"Comment","target":["https:\/\/228news.tg\/index.php\/2019\/05\/02\/journee-internationale-du-travail-dans-le-secteur-bancaire-et-des-assurances-vers-une-nouvelle-convention-collective-sectorielle\/#respond"]}]},{"@type":"WebPage","@id":"https:\/\/228news.tg\/index.php\/2019\/05\/02\/journee-internationale-du-travail-dans-le-secteur-bancaire-et-des-assurances-vers-une-nouvelle-convention-collective-sectorielle\/","url":"https:\/\/228news.tg\/index.php\/2019\/05\/02\/journee-internationale-du-travail-dans-le-secteur-bancaire-et-des-assurances-vers-une-nouvelle-convention-collective-sectorielle\/","name":"Journ\u00e9e Internationale du travail dans le secteur bancaire et des assurances: \ufeffVers une nouvelle convention collective sectorielle - 228 News","isPartOf":{"@id":"https:\/\/228news.tg\/#website"},"primaryImageOfPage":{"@id":"https:\/\/228news.tg\/index.php\/2019\/05\/02\/journee-internationale-du-travail-dans-le-secteur-bancaire-et-des-assurances-vers-une-nouvelle-convention-collective-sectorielle\/#primaryimage"},"image":{"@id":"https:\/\/228news.tg\/index.php\/2019\/05\/02\/journee-internationale-du-travail-dans-le-secteur-bancaire-et-des-assurances-vers-une-nouvelle-convention-collective-sectorielle\/#primaryimage"},"thumbnailUrl":"https:\/\/228news.tg\/wp-content\/uploads\/2024\/09\/photo_2019-05-02_17-49-20.jpg","datePublished":"2019-05-02T00:00:00+00:00","breadcrumb":{"@id":"https:\/\/228news.tg\/index.php\/2019\/05\/02\/journee-internationale-du-travail-dans-le-secteur-bancaire-et-des-assurances-vers-une-nouvelle-convention-collective-sectorielle\/#breadcrumb"},"inLanguage":"fr-FR","potentialAction":[{"@type":"ReadAction","target":["https:\/\/228news.tg\/index.php\/2019\/05\/02\/journee-internationale-du-travail-dans-le-secteur-bancaire-et-des-assurances-vers-une-nouvelle-convention-collective-sectorielle\/"]}]},{"@type":"ImageObject","inLanguage":"fr-FR","@id":"https:\/\/228news.tg\/index.php\/2019\/05\/02\/journee-internationale-du-travail-dans-le-secteur-bancaire-et-des-assurances-vers-une-nouvelle-convention-collective-sectorielle\/#primaryimage","url":"https:\/\/228news.tg\/wp-content\/uploads\/2024\/09\/photo_2019-05-02_17-49-20.jpg","contentUrl":"https:\/\/228news.tg\/wp-content\/uploads\/2024\/09\/photo_2019-05-02_17-49-20.jpg","width":1280,"height":960},{"@type":"BreadcrumbList","@id":"https:\/\/228news.tg\/index.php\/2019\/05\/02\/journee-internationale-du-travail-dans-le-secteur-bancaire-et-des-assurances-vers-une-nouvelle-convention-collective-sectorielle\/#breadcrumb","itemListElement":[{"@type":"ListItem","position":1,"name":"Home","item":"https:\/\/228news.tg\/"},{"@type":"ListItem","position":2,"name":"Journ\u00e9e Internationale du travail dans le secteur bancaire et des assurances: \ufeffVers une nouvelle convention collective sectorielle"}]},{"@type":"WebSite","@id":"https:\/\/228news.tg\/#website","url":"https:\/\/228news.tg\/","name":"228 News","description":"Soci\u00e9t\u00e9 de m\u00e9dias et d\u2019actualit\u00e9s","publisher":{"@id":"https:\/\/228news.tg\/#organization"},"potentialAction":[{"@type":"SearchAction","target":{"@type":"EntryPoint","urlTemplate":"https:\/\/228news.tg\/?s={search_term_string}"},"query-input":{"@type":"PropertyValueSpecification","valueRequired":true,"valueName":"search_term_string"}}],"inLanguage":"fr-FR"},{"@type":"Organization","@id":"https:\/\/228news.tg\/#organization","name":"228 News","url":"https:\/\/228news.tg\/","logo":{"@type":"ImageObject","inLanguage":"fr-FR","@id":"https:\/\/228news.tg\/#\/schema\/logo\/image\/","url":"https:\/\/228news.tg\/wp-content\/uploads\/2024\/09\/logonew.png","contentUrl":"https:\/\/228news.tg\/wp-content\/uploads\/2024\/09\/logonew.png","width":1640,"height":364,"caption":"228 News"},"image":{"@id":"https:\/\/228news.tg\/#\/schema\/logo\/image\/"}},{"@type":"Person","@id":"https:\/\/228news.tg\/#\/schema\/person\/68d5a6cc0230290e61235c8379523f52","name":"Bienvenu SAVI","image":{"@type":"ImageObject","inLanguage":"fr-FR","@id":"https:\/\/228news.tg\/#\/schema\/person\/image\/","url":"https:\/\/secure.gravatar.com\/avatar\/9db91895c559e510509c33a3e9683998458e9b828fac36d5d1aa23f0f2fd369b?s=96&d=mm&r=g","contentUrl":"https:\/\/secure.gravatar.com\/avatar\/9db91895c559e510509c33a3e9683998458e9b828fac36d5d1aa23f0f2fd369b?s=96&d=mm&r=g","caption":"Bienvenu SAVI"},"url":"https:\/\/228news.tg\/index.php\/author\/bienvenu\/"}]}},"jetpack_featured_media_url":"https:\/\/228news.tg\/wp-content\/uploads\/2024\/09\/photo_2019-05-02_17-49-20.jpg","_links":{"self":[{"href":"https:\/\/228news.tg\/index.php\/wp-json\/wp\/v2\/posts\/2234","targetHints":{"allow":["GET"]}}],"collection":[{"href":"https:\/\/228news.tg\/index.php\/wp-json\/wp\/v2\/posts"}],"about":[{"href":"https:\/\/228news.tg\/index.php\/wp-json\/wp\/v2\/types\/post"}],"author":[{"embeddable":true,"href":"https:\/\/228news.tg\/index.php\/wp-json\/wp\/v2\/users\/2"}],"replies":[{"embeddable":true,"href":"https:\/\/228news.tg\/index.php\/wp-json\/wp\/v2\/comments?post=2234"}],"version-history":[{"count":0,"href":"https:\/\/228news.tg\/index.php\/wp-json\/wp\/v2\/posts\/2234\/revisions"}],"wp:featuredmedia":[{"embeddable":true,"href":"https:\/\/228news.tg\/index.php\/wp-json\/wp\/v2\/media\/2235"}],"wp:attachment":[{"href":"https:\/\/228news.tg\/index.php\/wp-json\/wp\/v2\/media?parent=2234"}],"wp:term":[{"taxonomy":"category","embeddable":true,"href":"https:\/\/228news.tg\/index.php\/wp-json\/wp\/v2\/categories?post=2234"},{"taxonomy":"post_tag","embeddable":true,"href":"https:\/\/228news.tg\/index.php\/wp-json\/wp\/v2\/tags?post=2234"}],"curies":[{"name":"wp","href":"https:\/\/api.w.org\/{rel}","templated":true}]}}