{"id":2228,"date":"2019-04-26T00:00:00","date_gmt":"2019-04-26T00:00:00","guid":{"rendered":"https:\/\/228news.tg\/index.php\/2019\/04\/26\/tous-au-palais-des-congres-de-lome-ce-soir-pour-decouvrir-la-1ere-miss-ambassadrice-de-paix-du-togo\/"},"modified":"2019-04-26T00:00:00","modified_gmt":"2019-04-26T00:00:00","slug":"tous-au-palais-des-congres-de-lome-ce-soir-pour-decouvrir-la-1ere-miss-ambassadrice-de-paix-du-togo","status":"publish","type":"post","link":"https:\/\/228news.tg\/index.php\/2019\/04\/26\/tous-au-palais-des-congres-de-lome-ce-soir-pour-decouvrir-la-1ere-miss-ambassadrice-de-paix-du-togo\/","title":{"rendered":"Tous au palais des congr\u00e8s de Lom\u00e9 ce soir pour d\u00e9couvrir la 1ere Miss Ambassadrice de paix du Togo"},"content":{"rendered":"\n<p>(228NEWS\/ Lom\u00e9, le 26 avril 2019)- <\/p>\n\n\n\n<p>\u00ab\u00a0Femme, un outil incontournable de paix\u00a0\u00bb, c&rsquo;est autour de ce th\u00e8me que le Togo tout entier conna\u00eetra ce soir la miss Ambassadrice de paix. L&rsquo;\u00e9v\u00e9nement aura lieu ce vendredi 26 avril 2019 au palais des congr\u00e8s de Lom\u00e9, o\u00f9 le Mouvement des Jeunes Promoteurs de la Paix (MJPP) avec \u00e0 sa t\u00eate Johanes Makouvia, convie toutes les populations \u00e0 faire massivement le d\u00e9placement.<\/p>\n\n\n\n<p> Visant \u00e0 faire la promotion du leadership f\u00e9minin \u00e0 travers le choix d\u2019une fille \u00e0 m\u00eame de porter des id\u00e9es de paix et des projets qui puissent contribuer au vivre ensemble dans toutes les contr\u00e9es du Togo, cet \u00e9v\u00e9nement se situe dans la droite ligne des festivit\u00e9s marquant le 59\u00e8me anniversaire de l&rsquo;accession du Togo \u00e0 la souverainet\u00e9 internationale.<\/p>\n\n\n\n<p>Il cible les jeunes filles togolaises, qui devront faire montre de leur sens de leadership et capacit\u00e9 \u00e0 porter des projets de paix et de coh\u00e9sion sociale.<\/p>\n\n\n\n<p>Le 30 mars dernier, le casting s\u2019est d\u00e9roul\u00e9 une centaine de candidates issues des cinq r\u00e9gions \u00e9conomiques du Togo ont eu \u00e0 faire face au jury afin de valider leur candidature.<\/p>\n\n\n\n<p>\n\n25 d&rsquo;entre elles ont \u00e9t\u00e9 retenues \u00e0 raison de 4 par r\u00e9gion plus le Grand Lom\u00e9  sur la base de 4 crit\u00e8res majeurs de s\u00e9lection, par un jury ind\u00e9pendant.\n\n<\/p>\n\n\n\n<p> Il s&rsquo;agit entre autres de la pr\u00e9sentation de la candidate, la mani\u00e8re dont la personne se pr\u00e9sente ; en second plan nous avons la mani\u00e8re dont la personne s\u2019exprime,. Il s\u2019agira apr\u00e8s de s\u2019assurer que la candidate est une vraie togolaise qui connait son pays \u00e0 fond ainsi que les institutions de leurs pays. Le dernier crit\u00e8re consiste en une enqu\u00eate de moralit\u00e9 que le jury effectuera sur les r\u00e9seaux sociaux sur les diff\u00e9rentes candidates.   afin de passer aux choses s\u00e9rieuses que sont la formation et le campement avant la grande soir\u00e9e apoth\u00e9ose pr\u00e9vue pour le 27 avril prochain. <\/p>\n\n\n\n<p><strong><em>D\u00e9mocrate<\/em><\/strong><\/p>\n\n\n\n<p><strong><em>(00228) 91 85 40 14<\/em><\/strong><\/p>\n\n\n\n<p><strong><em>98 60 67 68<\/em><\/strong><\/p>\n\n\n\n<p><em><strong>democrate2010@gmail.com<\/strong><\/em><\/p>\n","protected":false},"excerpt":{"rendered":"<p>(228NEWS\/ Lom\u00e9, le 26 avril 2019)- \u00ab\u00a0Femme, un outil incontournable de paix\u00a0\u00bb, c&rsquo;est autour de ce th\u00e8me que le Togo tout entier conna\u00eetra ce soir la miss Ambassadrice de paix. L&rsquo;\u00e9v\u00e9nement aura lieu ce vendredi 26 avril 2019 au palais des congr\u00e8s de Lom\u00e9, o\u00f9 le Mouvement des Jeunes Promoteurs de la Paix (MJPP) avec &#8230; <a title=\"Tous au palais des congr\u00e8s de Lom\u00e9 ce soir pour d\u00e9couvrir la 1ere Miss Ambassadrice de paix du Togo\" class=\"read-more\" href=\"https:\/\/228news.tg\/index.php\/2019\/04\/26\/tous-au-palais-des-congres-de-lome-ce-soir-pour-decouvrir-la-1ere-miss-ambassadrice-de-paix-du-togo\/\" aria-label=\"En savoir plus sur Tous au palais des congr\u00e8s de Lom\u00e9 ce soir pour d\u00e9couvrir la 1ere Miss Ambassadrice de paix du Togo\">Lire la suite<\/a><\/p>\n","protected":false},"author":2,"featured_media":2229,"comment_status":"open","ping_status":"open","sticky":false,"template":"","format":"standard","meta":{"footnotes":""},"categories":[35,29,25,34],"tags":[],"class_list":["post-2228","post","type-post","status-publish","format-standard","has-post-thumbnail","hentry","category-flash","category-societe","category-togo","category-une"],"yoast_head":"<!-- This site is optimized with the Yoast SEO plugin v26.4 - https:\/\/yoast.com\/wordpress\/plugins\/seo\/ -->\n<title>Tous au palais des congr\u00e8s de Lom\u00e9 ce soir pour d\u00e9couvrir la 1ere Miss Ambassadrice de paix du Togo - 228 News<\/title>\n<meta name=\"robots\" content=\"index, follow, max-snippet:-1, max-image-preview:large, max-video-preview:-1\" \/>\n<link rel=\"canonical\" href=\"https:\/\/228news.tg\/index.php\/2019\/04\/26\/tous-au-palais-des-congres-de-lome-ce-soir-pour-decouvrir-la-1ere-miss-ambassadrice-de-paix-du-togo\/\" \/>\n<meta property=\"og:locale\" content=\"fr_FR\" \/>\n<meta property=\"og:type\" content=\"article\" \/>\n<meta property=\"og:title\" content=\"Tous au palais des congr\u00e8s de Lom\u00e9 ce soir pour d\u00e9couvrir la 1ere Miss Ambassadrice de paix du Togo - 228 News\" \/>\n<meta property=\"og:description\" content=\"(228NEWS\/ Lom\u00e9, le 26 avril 2019)- \u00ab\u00a0Femme, un outil incontournable de paix\u00a0\u00bb, c&rsquo;est autour de ce th\u00e8me que le Togo tout entier conna\u00eetra ce soir la miss Ambassadrice de paix. L&rsquo;\u00e9v\u00e9nement aura lieu ce vendredi 26 avril 2019 au palais des congr\u00e8s de Lom\u00e9, o\u00f9 le Mouvement des Jeunes Promoteurs de la Paix (MJPP) avec ... Lire la suite\" \/>\n<meta property=\"og:url\" content=\"https:\/\/228news.tg\/index.php\/2019\/04\/26\/tous-au-palais-des-congres-de-lome-ce-soir-pour-decouvrir-la-1ere-miss-ambassadrice-de-paix-du-togo\/\" \/>\n<meta property=\"og:site_name\" content=\"228 News\" \/>\n<meta property=\"article:published_time\" content=\"2019-04-26T00:00:00+00:00\" \/>\n<meta property=\"og:image\" content=\"https:\/\/228news.tg\/wp-content\/uploads\/2024\/09\/photo_2019-04-26_14-04-07.jpg\" \/>\n\t<meta property=\"og:image:width\" content=\"768\" \/>\n\t<meta property=\"og:image:height\" content=\"841\" \/>\n\t<meta property=\"og:image:type\" content=\"image\/jpeg\" \/>\n<meta name=\"author\" content=\"Bienvenu SAVI\" \/>\n<meta name=\"twitter:card\" content=\"summary_large_image\" \/>\n<meta name=\"twitter:label1\" content=\"\u00c9crit par\" \/>\n\t<meta name=\"twitter:data1\" content=\"Bienvenu SAVI\" \/>\n\t<meta name=\"twitter:label2\" content=\"Dur\u00e9e de lecture estim\u00e9e\" \/>\n\t<meta name=\"twitter:data2\" content=\"2 minutes\" \/>\n<script type=\"application\/ld+json\" class=\"yoast-schema-graph\">{\"@context\":\"https:\/\/schema.org\",\"@graph\":[{\"@type\":\"Article\",\"@id\":\"https:\/\/228news.tg\/index.php\/2019\/04\/26\/tous-au-palais-des-congres-de-lome-ce-soir-pour-decouvrir-la-1ere-miss-ambassadrice-de-paix-du-togo\/#article\",\"isPartOf\":{\"@id\":\"https:\/\/228news.tg\/index.php\/2019\/04\/26\/tous-au-palais-des-congres-de-lome-ce-soir-pour-decouvrir-la-1ere-miss-ambassadrice-de-paix-du-togo\/\"},\"author\":{\"name\":\"Bienvenu SAVI\",\"@id\":\"https:\/\/228news.tg\/#\/schema\/person\/68d5a6cc0230290e61235c8379523f52\"},\"headline\":\"Tous au palais des congr\u00e8s de Lom\u00e9 ce soir pour d\u00e9couvrir la 1ere Miss Ambassadrice de paix du Togo\",\"datePublished\":\"2019-04-26T00:00:00+00:00\",\"mainEntityOfPage\":{\"@id\":\"https:\/\/228news.tg\/index.php\/2019\/04\/26\/tous-au-palais-des-congres-de-lome-ce-soir-pour-decouvrir-la-1ere-miss-ambassadrice-de-paix-du-togo\/\"},\"wordCount\":363,\"commentCount\":0,\"publisher\":{\"@id\":\"https:\/\/228news.tg\/#organization\"},\"image\":{\"@id\":\"https:\/\/228news.tg\/index.php\/2019\/04\/26\/tous-au-palais-des-congres-de-lome-ce-soir-pour-decouvrir-la-1ere-miss-ambassadrice-de-paix-du-togo\/#primaryimage\"},\"thumbnailUrl\":\"https:\/\/228news.tg\/wp-content\/uploads\/2024\/09\/photo_2019-04-26_14-04-07.jpg\",\"articleSection\":[\"Flash\",\"SOCIETE\",\"TOGO\",\"Une\"],\"inLanguage\":\"fr-FR\",\"potentialAction\":[{\"@type\":\"CommentAction\",\"name\":\"Comment\",\"target\":[\"https:\/\/228news.tg\/index.php\/2019\/04\/26\/tous-au-palais-des-congres-de-lome-ce-soir-pour-decouvrir-la-1ere-miss-ambassadrice-de-paix-du-togo\/#respond\"]}]},{\"@type\":\"WebPage\",\"@id\":\"https:\/\/228news.tg\/index.php\/2019\/04\/26\/tous-au-palais-des-congres-de-lome-ce-soir-pour-decouvrir-la-1ere-miss-ambassadrice-de-paix-du-togo\/\",\"url\":\"https:\/\/228news.tg\/index.php\/2019\/04\/26\/tous-au-palais-des-congres-de-lome-ce-soir-pour-decouvrir-la-1ere-miss-ambassadrice-de-paix-du-togo\/\",\"name\":\"Tous au palais des congr\u00e8s de Lom\u00e9 ce soir pour d\u00e9couvrir la 1ere Miss Ambassadrice de paix du Togo - 228 News\",\"isPartOf\":{\"@id\":\"https:\/\/228news.tg\/#website\"},\"primaryImageOfPage\":{\"@id\":\"https:\/\/228news.tg\/index.php\/2019\/04\/26\/tous-au-palais-des-congres-de-lome-ce-soir-pour-decouvrir-la-1ere-miss-ambassadrice-de-paix-du-togo\/#primaryimage\"},\"image\":{\"@id\":\"https:\/\/228news.tg\/index.php\/2019\/04\/26\/tous-au-palais-des-congres-de-lome-ce-soir-pour-decouvrir-la-1ere-miss-ambassadrice-de-paix-du-togo\/#primaryimage\"},\"thumbnailUrl\":\"https:\/\/228news.tg\/wp-content\/uploads\/2024\/09\/photo_2019-04-26_14-04-07.jpg\",\"datePublished\":\"2019-04-26T00:00:00+00:00\",\"breadcrumb\":{\"@id\":\"https:\/\/228news.tg\/index.php\/2019\/04\/26\/tous-au-palais-des-congres-de-lome-ce-soir-pour-decouvrir-la-1ere-miss-ambassadrice-de-paix-du-togo\/#breadcrumb\"},\"inLanguage\":\"fr-FR\",\"potentialAction\":[{\"@type\":\"ReadAction\",\"target\":[\"https:\/\/228news.tg\/index.php\/2019\/04\/26\/tous-au-palais-des-congres-de-lome-ce-soir-pour-decouvrir-la-1ere-miss-ambassadrice-de-paix-du-togo\/\"]}]},{\"@type\":\"ImageObject\",\"inLanguage\":\"fr-FR\",\"@id\":\"https:\/\/228news.tg\/index.php\/2019\/04\/26\/tous-au-palais-des-congres-de-lome-ce-soir-pour-decouvrir-la-1ere-miss-ambassadrice-de-paix-du-togo\/#primaryimage\",\"url\":\"https:\/\/228news.tg\/wp-content\/uploads\/2024\/09\/photo_2019-04-26_14-04-07.jpg\",\"contentUrl\":\"https:\/\/228news.tg\/wp-content\/uploads\/2024\/09\/photo_2019-04-26_14-04-07.jpg\",\"width\":768,\"height\":841},{\"@type\":\"BreadcrumbList\",\"@id\":\"https:\/\/228news.tg\/index.php\/2019\/04\/26\/tous-au-palais-des-congres-de-lome-ce-soir-pour-decouvrir-la-1ere-miss-ambassadrice-de-paix-du-togo\/#breadcrumb\",\"itemListElement\":[{\"@type\":\"ListItem\",\"position\":1,\"name\":\"Home\",\"item\":\"https:\/\/228news.tg\/\"},{\"@type\":\"ListItem\",\"position\":2,\"name\":\"Tous au palais des congr\u00e8s de Lom\u00e9 ce soir pour d\u00e9couvrir la 1ere Miss Ambassadrice de paix du Togo\"}]},{\"@type\":\"WebSite\",\"@id\":\"https:\/\/228news.tg\/#website\",\"url\":\"https:\/\/228news.tg\/\",\"name\":\"228 News\",\"description\":\"Soci\u00e9t\u00e9 de m\u00e9dias et d\u2019actualit\u00e9s\",\"publisher\":{\"@id\":\"https:\/\/228news.tg\/#organization\"},\"potentialAction\":[{\"@type\":\"SearchAction\",\"target\":{\"@type\":\"EntryPoint\",\"urlTemplate\":\"https:\/\/228news.tg\/?s={search_term_string}\"},\"query-input\":{\"@type\":\"PropertyValueSpecification\",\"valueRequired\":true,\"valueName\":\"search_term_string\"}}],\"inLanguage\":\"fr-FR\"},{\"@type\":\"Organization\",\"@id\":\"https:\/\/228news.tg\/#organization\",\"name\":\"228 News\",\"url\":\"https:\/\/228news.tg\/\",\"logo\":{\"@type\":\"ImageObject\",\"inLanguage\":\"fr-FR\",\"@id\":\"https:\/\/228news.tg\/#\/schema\/logo\/image\/\",\"url\":\"https:\/\/228news.tg\/wp-content\/uploads\/2024\/09\/logonew.png\",\"contentUrl\":\"https:\/\/228news.tg\/wp-content\/uploads\/2024\/09\/logonew.png\",\"width\":1640,\"height\":364,\"caption\":\"228 News\"},\"image\":{\"@id\":\"https:\/\/228news.tg\/#\/schema\/logo\/image\/\"}},{\"@type\":\"Person\",\"@id\":\"https:\/\/228news.tg\/#\/schema\/person\/68d5a6cc0230290e61235c8379523f52\",\"name\":\"Bienvenu SAVI\",\"image\":{\"@type\":\"ImageObject\",\"inLanguage\":\"fr-FR\",\"@id\":\"https:\/\/228news.tg\/#\/schema\/person\/image\/\",\"url\":\"https:\/\/secure.gravatar.com\/avatar\/9db91895c559e510509c33a3e9683998458e9b828fac36d5d1aa23f0f2fd369b?s=96&d=mm&r=g\",\"contentUrl\":\"https:\/\/secure.gravatar.com\/avatar\/9db91895c559e510509c33a3e9683998458e9b828fac36d5d1aa23f0f2fd369b?s=96&d=mm&r=g\",\"caption\":\"Bienvenu SAVI\"},\"url\":\"https:\/\/228news.tg\/index.php\/author\/bienvenu\/\"}]}<\/script>\n<!-- \/ Yoast SEO plugin. -->","yoast_head_json":{"title":"Tous au palais des congr\u00e8s de Lom\u00e9 ce soir pour d\u00e9couvrir la 1ere Miss Ambassadrice de paix du Togo - 228 News","robots":{"index":"index","follow":"follow","max-snippet":"max-snippet:-1","max-image-preview":"max-image-preview:large","max-video-preview":"max-video-preview:-1"},"canonical":"https:\/\/228news.tg\/index.php\/2019\/04\/26\/tous-au-palais-des-congres-de-lome-ce-soir-pour-decouvrir-la-1ere-miss-ambassadrice-de-paix-du-togo\/","og_locale":"fr_FR","og_type":"article","og_title":"Tous au palais des congr\u00e8s de Lom\u00e9 ce soir pour d\u00e9couvrir la 1ere Miss Ambassadrice de paix du Togo - 228 News","og_description":"(228NEWS\/ Lom\u00e9, le 26 avril 2019)- \u00ab\u00a0Femme, un outil incontournable de paix\u00a0\u00bb, c&rsquo;est autour de ce th\u00e8me que le Togo tout entier conna\u00eetra ce soir la miss Ambassadrice de paix. L&rsquo;\u00e9v\u00e9nement aura lieu ce vendredi 26 avril 2019 au palais des congr\u00e8s de Lom\u00e9, o\u00f9 le Mouvement des Jeunes Promoteurs de la Paix (MJPP) avec ... Lire la suite","og_url":"https:\/\/228news.tg\/index.php\/2019\/04\/26\/tous-au-palais-des-congres-de-lome-ce-soir-pour-decouvrir-la-1ere-miss-ambassadrice-de-paix-du-togo\/","og_site_name":"228 News","article_published_time":"2019-04-26T00:00:00+00:00","og_image":[{"width":768,"height":841,"url":"https:\/\/228news.tg\/wp-content\/uploads\/2024\/09\/photo_2019-04-26_14-04-07.jpg","type":"image\/jpeg"}],"author":"Bienvenu SAVI","twitter_card":"summary_large_image","twitter_misc":{"\u00c9crit par":"Bienvenu SAVI","Dur\u00e9e de lecture estim\u00e9e":"2 minutes"},"schema":{"@context":"https:\/\/schema.org","@graph":[{"@type":"Article","@id":"https:\/\/228news.tg\/index.php\/2019\/04\/26\/tous-au-palais-des-congres-de-lome-ce-soir-pour-decouvrir-la-1ere-miss-ambassadrice-de-paix-du-togo\/#article","isPartOf":{"@id":"https:\/\/228news.tg\/index.php\/2019\/04\/26\/tous-au-palais-des-congres-de-lome-ce-soir-pour-decouvrir-la-1ere-miss-ambassadrice-de-paix-du-togo\/"},"author":{"name":"Bienvenu SAVI","@id":"https:\/\/228news.tg\/#\/schema\/person\/68d5a6cc0230290e61235c8379523f52"},"headline":"Tous au palais des congr\u00e8s de Lom\u00e9 ce soir pour d\u00e9couvrir la 1ere Miss Ambassadrice de paix du Togo","datePublished":"2019-04-26T00:00:00+00:00","mainEntityOfPage":{"@id":"https:\/\/228news.tg\/index.php\/2019\/04\/26\/tous-au-palais-des-congres-de-lome-ce-soir-pour-decouvrir-la-1ere-miss-ambassadrice-de-paix-du-togo\/"},"wordCount":363,"commentCount":0,"publisher":{"@id":"https:\/\/228news.tg\/#organization"},"image":{"@id":"https:\/\/228news.tg\/index.php\/2019\/04\/26\/tous-au-palais-des-congres-de-lome-ce-soir-pour-decouvrir-la-1ere-miss-ambassadrice-de-paix-du-togo\/#primaryimage"},"thumbnailUrl":"https:\/\/228news.tg\/wp-content\/uploads\/2024\/09\/photo_2019-04-26_14-04-07.jpg","articleSection":["Flash","SOCIETE","TOGO","Une"],"inLanguage":"fr-FR","potentialAction":[{"@type":"CommentAction","name":"Comment","target":["https:\/\/228news.tg\/index.php\/2019\/04\/26\/tous-au-palais-des-congres-de-lome-ce-soir-pour-decouvrir-la-1ere-miss-ambassadrice-de-paix-du-togo\/#respond"]}]},{"@type":"WebPage","@id":"https:\/\/228news.tg\/index.php\/2019\/04\/26\/tous-au-palais-des-congres-de-lome-ce-soir-pour-decouvrir-la-1ere-miss-ambassadrice-de-paix-du-togo\/","url":"https:\/\/228news.tg\/index.php\/2019\/04\/26\/tous-au-palais-des-congres-de-lome-ce-soir-pour-decouvrir-la-1ere-miss-ambassadrice-de-paix-du-togo\/","name":"Tous au palais des congr\u00e8s de Lom\u00e9 ce soir pour d\u00e9couvrir la 1ere Miss Ambassadrice de paix du Togo - 228 News","isPartOf":{"@id":"https:\/\/228news.tg\/#website"},"primaryImageOfPage":{"@id":"https:\/\/228news.tg\/index.php\/2019\/04\/26\/tous-au-palais-des-congres-de-lome-ce-soir-pour-decouvrir-la-1ere-miss-ambassadrice-de-paix-du-togo\/#primaryimage"},"image":{"@id":"https:\/\/228news.tg\/index.php\/2019\/04\/26\/tous-au-palais-des-congres-de-lome-ce-soir-pour-decouvrir-la-1ere-miss-ambassadrice-de-paix-du-togo\/#primaryimage"},"thumbnailUrl":"https:\/\/228news.tg\/wp-content\/uploads\/2024\/09\/photo_2019-04-26_14-04-07.jpg","datePublished":"2019-04-26T00:00:00+00:00","breadcrumb":{"@id":"https:\/\/228news.tg\/index.php\/2019\/04\/26\/tous-au-palais-des-congres-de-lome-ce-soir-pour-decouvrir-la-1ere-miss-ambassadrice-de-paix-du-togo\/#breadcrumb"},"inLanguage":"fr-FR","potentialAction":[{"@type":"ReadAction","target":["https:\/\/228news.tg\/index.php\/2019\/04\/26\/tous-au-palais-des-congres-de-lome-ce-soir-pour-decouvrir-la-1ere-miss-ambassadrice-de-paix-du-togo\/"]}]},{"@type":"ImageObject","inLanguage":"fr-FR","@id":"https:\/\/228news.tg\/index.php\/2019\/04\/26\/tous-au-palais-des-congres-de-lome-ce-soir-pour-decouvrir-la-1ere-miss-ambassadrice-de-paix-du-togo\/#primaryimage","url":"https:\/\/228news.tg\/wp-content\/uploads\/2024\/09\/photo_2019-04-26_14-04-07.jpg","contentUrl":"https:\/\/228news.tg\/wp-content\/uploads\/2024\/09\/photo_2019-04-26_14-04-07.jpg","width":768,"height":841},{"@type":"BreadcrumbList","@id":"https:\/\/228news.tg\/index.php\/2019\/04\/26\/tous-au-palais-des-congres-de-lome-ce-soir-pour-decouvrir-la-1ere-miss-ambassadrice-de-paix-du-togo\/#breadcrumb","itemListElement":[{"@type":"ListItem","position":1,"name":"Home","item":"https:\/\/228news.tg\/"},{"@type":"ListItem","position":2,"name":"Tous au palais des congr\u00e8s de Lom\u00e9 ce soir pour d\u00e9couvrir la 1ere Miss Ambassadrice de paix du Togo"}]},{"@type":"WebSite","@id":"https:\/\/228news.tg\/#website","url":"https:\/\/228news.tg\/","name":"228 News","description":"Soci\u00e9t\u00e9 de m\u00e9dias et d\u2019actualit\u00e9s","publisher":{"@id":"https:\/\/228news.tg\/#organization"},"potentialAction":[{"@type":"SearchAction","target":{"@type":"EntryPoint","urlTemplate":"https:\/\/228news.tg\/?s={search_term_string}"},"query-input":{"@type":"PropertyValueSpecification","valueRequired":true,"valueName":"search_term_string"}}],"inLanguage":"fr-FR"},{"@type":"Organization","@id":"https:\/\/228news.tg\/#organization","name":"228 News","url":"https:\/\/228news.tg\/","logo":{"@type":"ImageObject","inLanguage":"fr-FR","@id":"https:\/\/228news.tg\/#\/schema\/logo\/image\/","url":"https:\/\/228news.tg\/wp-content\/uploads\/2024\/09\/logonew.png","contentUrl":"https:\/\/228news.tg\/wp-content\/uploads\/2024\/09\/logonew.png","width":1640,"height":364,"caption":"228 News"},"image":{"@id":"https:\/\/228news.tg\/#\/schema\/logo\/image\/"}},{"@type":"Person","@id":"https:\/\/228news.tg\/#\/schema\/person\/68d5a6cc0230290e61235c8379523f52","name":"Bienvenu SAVI","image":{"@type":"ImageObject","inLanguage":"fr-FR","@id":"https:\/\/228news.tg\/#\/schema\/person\/image\/","url":"https:\/\/secure.gravatar.com\/avatar\/9db91895c559e510509c33a3e9683998458e9b828fac36d5d1aa23f0f2fd369b?s=96&d=mm&r=g","contentUrl":"https:\/\/secure.gravatar.com\/avatar\/9db91895c559e510509c33a3e9683998458e9b828fac36d5d1aa23f0f2fd369b?s=96&d=mm&r=g","caption":"Bienvenu SAVI"},"url":"https:\/\/228news.tg\/index.php\/author\/bienvenu\/"}]}},"jetpack_featured_media_url":"https:\/\/228news.tg\/wp-content\/uploads\/2024\/09\/photo_2019-04-26_14-04-07.jpg","_links":{"self":[{"href":"https:\/\/228news.tg\/index.php\/wp-json\/wp\/v2\/posts\/2228","targetHints":{"allow":["GET"]}}],"collection":[{"href":"https:\/\/228news.tg\/index.php\/wp-json\/wp\/v2\/posts"}],"about":[{"href":"https:\/\/228news.tg\/index.php\/wp-json\/wp\/v2\/types\/post"}],"author":[{"embeddable":true,"href":"https:\/\/228news.tg\/index.php\/wp-json\/wp\/v2\/users\/2"}],"replies":[{"embeddable":true,"href":"https:\/\/228news.tg\/index.php\/wp-json\/wp\/v2\/comments?post=2228"}],"version-history":[{"count":0,"href":"https:\/\/228news.tg\/index.php\/wp-json\/wp\/v2\/posts\/2228\/revisions"}],"wp:featuredmedia":[{"embeddable":true,"href":"https:\/\/228news.tg\/index.php\/wp-json\/wp\/v2\/media\/2229"}],"wp:attachment":[{"href":"https:\/\/228news.tg\/index.php\/wp-json\/wp\/v2\/media?parent=2228"}],"wp:term":[{"taxonomy":"category","embeddable":true,"href":"https:\/\/228news.tg\/index.php\/wp-json\/wp\/v2\/categories?post=2228"},{"taxonomy":"post_tag","embeddable":true,"href":"https:\/\/228news.tg\/index.php\/wp-json\/wp\/v2\/tags?post=2228"}],"curies":[{"name":"wp","href":"https:\/\/api.w.org\/{rel}","templated":true}]}}