{"id":2202,"date":"2019-04-12T00:00:00","date_gmt":"2019-04-12T00:00:00","guid":{"rendered":"https:\/\/228news.tg\/index.php\/2019\/04\/12\/meilleure-prise-en-charge-des-patients-traumatises-le-comite-directeur-de-lao-alliance-etait-a-lome\/"},"modified":"2019-04-12T00:00:00","modified_gmt":"2019-04-12T00:00:00","slug":"meilleure-prise-en-charge-des-patients-traumatises-le-comite-directeur-de-lao-alliance-etait-a-lome","status":"publish","type":"post","link":"https:\/\/228news.tg\/index.php\/2019\/04\/12\/meilleure-prise-en-charge-des-patients-traumatises-le-comite-directeur-de-lao-alliance-etait-a-lome\/","title":{"rendered":"Meilleure prise en charge des patients traumatis\u00e9s: Le comit\u00e9 directeur de l&rsquo;AO Alliance \u00e9tait \u00e0 Lom\u00e9"},"content":{"rendered":"<p>(228NEWS\/ Lom\u00e9, le 12 avril 2019)- Le Comit\u00e9 Directeur de L\u2019AO Alliance tient une s\u00e9ries de r\u00e9unions depuis le vendredi 5 avril dernier \u00e0 Lom\u00e9.<\/p>\n<p>Il s&rsquo;agit de la r\u00e9union de formation des formateurs francophones (25 chirurgiens et infirmiers du continent africain) et la formation des personnels du bloc op\u00e9ratoire du Togo.<\/p>\n<p>Assurer des soins aux patients, aux traumatis\u00e9s, faire connaitre la probl\u00e9matique des traumatis\u00e9s dans le monde, et la formation du personnel soignant orthop\u00e9distes, chirurgiens, g\u00e9n\u00e9ralistes, en vue d\u2019une meilleure prise en charge des traumatis\u00e9s, sont les quatre objectifs fondamentaux qui sous-tendent les actions de l\u2019OA Alliance au Togo.<\/p>\n<p>Une chose que les responsables de cette organisation internationale savent bien faire depuis d\u00e9j\u00e0 4 ans qu\u2019elle est port\u00e9e sur les fonds baptismaux.<\/p>\n<p>Pour Claude Martin pr\u00e9sident international de l\u2019alliance, l\u2019objet de cette s\u00e9rie de rencontres est de faire de telle sorte que les les infirmiers du bloc op\u00e9ratoire soient form\u00e9s, afin de disposer d\u2019une \u00e9quipe efficace pour une r\u00e9ussite des op\u00e9rations. Ce qui selon lui va garantir, une bonne prise en charge des patients traumatis\u00e9s.<\/p>\n<p>\u00ab\u00a0Notre alliance op\u00e8re aussi bien dans les pays francophone d\u2019Afrique qu\u2019anglophone, ce qui est indispensable pour nous, est que chaque patient traumatis\u00e9 ait acc\u00e8s \u00e0 des soins ad\u00e9quats et appropri\u00e9s\u00a0\u00bb, a-t-il pr\u00e9cis\u00e9.<\/p>\n<p>Ces r\u00e9unions interviennent apr\u00e8s d&rsquo;autres tenues \u00e0 l&rsquo;int\u00e9rieur du pays et prennent fin ce vendredi 12 avril.<\/p>\n<p><em><strong>228news<\/strong><\/em><\/p>\n","protected":false},"excerpt":{"rendered":"<p>(228NEWS\/ Lom\u00e9, le 12 avril 2019)- Le Comit\u00e9 Directeur de L\u2019AO Alliance tient une s\u00e9ries de r\u00e9unions depuis le vendredi 5 avril dernier \u00e0 Lom\u00e9. Il s&rsquo;agit de la r\u00e9union de formation des formateurs francophones (25 chirurgiens et infirmiers du continent africain) et la formation des personnels du bloc op\u00e9ratoire du Togo. Assurer des soins &#8230; <a title=\"Meilleure prise en charge des patients traumatis\u00e9s: Le comit\u00e9 directeur de l&rsquo;AO Alliance \u00e9tait \u00e0 Lom\u00e9\" class=\"read-more\" href=\"https:\/\/228news.tg\/index.php\/2019\/04\/12\/meilleure-prise-en-charge-des-patients-traumatises-le-comite-directeur-de-lao-alliance-etait-a-lome\/\" aria-label=\"En savoir plus sur Meilleure prise en charge des patients traumatis\u00e9s: Le comit\u00e9 directeur de l&rsquo;AO Alliance \u00e9tait \u00e0 Lom\u00e9\">Lire la suite<\/a><\/p>\n","protected":false},"author":2,"featured_media":2203,"comment_status":"open","ping_status":"open","sticky":false,"template":"","format":"standard","meta":{"footnotes":""},"categories":[35,27,25,34],"tags":[],"class_list":["post-2202","post","type-post","status-publish","format-standard","has-post-thumbnail","hentry","category-flash","category-sante","category-togo","category-une"],"yoast_head":"<!-- This site is optimized with the Yoast SEO plugin v26.4 - https:\/\/yoast.com\/wordpress\/plugins\/seo\/ -->\n<title>Meilleure prise en charge des patients traumatis\u00e9s: Le comit\u00e9 directeur de l&#039;AO Alliance \u00e9tait \u00e0 Lom\u00e9 - 228 News<\/title>\n<meta name=\"robots\" content=\"index, follow, max-snippet:-1, max-image-preview:large, max-video-preview:-1\" \/>\n<link rel=\"canonical\" href=\"https:\/\/228news.tg\/index.php\/2019\/04\/12\/meilleure-prise-en-charge-des-patients-traumatises-le-comite-directeur-de-lao-alliance-etait-a-lome\/\" \/>\n<meta property=\"og:locale\" content=\"fr_FR\" \/>\n<meta property=\"og:type\" content=\"article\" \/>\n<meta property=\"og:title\" content=\"Meilleure prise en charge des patients traumatis\u00e9s: Le comit\u00e9 directeur de l&#039;AO Alliance \u00e9tait \u00e0 Lom\u00e9 - 228 News\" \/>\n<meta property=\"og:description\" content=\"(228NEWS\/ Lom\u00e9, le 12 avril 2019)- Le Comit\u00e9 Directeur de L\u2019AO Alliance tient une s\u00e9ries de r\u00e9unions depuis le vendredi 5 avril dernier \u00e0 Lom\u00e9. Il s&rsquo;agit de la r\u00e9union de formation des formateurs francophones (25 chirurgiens et infirmiers du continent africain) et la formation des personnels du bloc op\u00e9ratoire du Togo. Assurer des soins ... Lire la suite\" \/>\n<meta property=\"og:url\" content=\"https:\/\/228news.tg\/index.php\/2019\/04\/12\/meilleure-prise-en-charge-des-patients-traumatises-le-comite-directeur-de-lao-alliance-etait-a-lome\/\" \/>\n<meta property=\"og:site_name\" content=\"228 News\" \/>\n<meta property=\"article:published_time\" content=\"2019-04-12T00:00:00+00:00\" \/>\n<meta property=\"og:image\" content=\"https:\/\/228news.tg\/wp-content\/uploads\/2024\/09\/telechargement.jpeg\" \/>\n\t<meta property=\"og:image:width\" content=\"300\" \/>\n\t<meta property=\"og:image:height\" content=\"192\" \/>\n\t<meta property=\"og:image:type\" content=\"image\/jpeg\" \/>\n<meta name=\"author\" content=\"Bienvenu SAVI\" \/>\n<meta name=\"twitter:card\" content=\"summary_large_image\" \/>\n<meta name=\"twitter:label1\" content=\"\u00c9crit par\" \/>\n\t<meta name=\"twitter:data1\" content=\"Bienvenu SAVI\" \/>\n\t<meta name=\"twitter:label2\" content=\"Dur\u00e9e de lecture estim\u00e9e\" \/>\n\t<meta name=\"twitter:data2\" content=\"1 minute\" \/>\n<script type=\"application\/ld+json\" class=\"yoast-schema-graph\">{\"@context\":\"https:\/\/schema.org\",\"@graph\":[{\"@type\":\"Article\",\"@id\":\"https:\/\/228news.tg\/index.php\/2019\/04\/12\/meilleure-prise-en-charge-des-patients-traumatises-le-comite-directeur-de-lao-alliance-etait-a-lome\/#article\",\"isPartOf\":{\"@id\":\"https:\/\/228news.tg\/index.php\/2019\/04\/12\/meilleure-prise-en-charge-des-patients-traumatises-le-comite-directeur-de-lao-alliance-etait-a-lome\/\"},\"author\":{\"name\":\"Bienvenu SAVI\",\"@id\":\"https:\/\/228news.tg\/#\/schema\/person\/68d5a6cc0230290e61235c8379523f52\"},\"headline\":\"Meilleure prise en charge des patients traumatis\u00e9s: Le comit\u00e9 directeur de l&rsquo;AO Alliance \u00e9tait \u00e0 Lom\u00e9\",\"datePublished\":\"2019-04-12T00:00:00+00:00\",\"mainEntityOfPage\":{\"@id\":\"https:\/\/228news.tg\/index.php\/2019\/04\/12\/meilleure-prise-en-charge-des-patients-traumatises-le-comite-directeur-de-lao-alliance-etait-a-lome\/\"},\"wordCount\":275,\"commentCount\":0,\"publisher\":{\"@id\":\"https:\/\/228news.tg\/#organization\"},\"image\":{\"@id\":\"https:\/\/228news.tg\/index.php\/2019\/04\/12\/meilleure-prise-en-charge-des-patients-traumatises-le-comite-directeur-de-lao-alliance-etait-a-lome\/#primaryimage\"},\"thumbnailUrl\":\"https:\/\/228news.tg\/wp-content\/uploads\/2024\/09\/telechargement.jpeg\",\"articleSection\":[\"Flash\",\"Sant\u00e9\",\"TOGO\",\"Une\"],\"inLanguage\":\"fr-FR\",\"potentialAction\":[{\"@type\":\"CommentAction\",\"name\":\"Comment\",\"target\":[\"https:\/\/228news.tg\/index.php\/2019\/04\/12\/meilleure-prise-en-charge-des-patients-traumatises-le-comite-directeur-de-lao-alliance-etait-a-lome\/#respond\"]}]},{\"@type\":\"WebPage\",\"@id\":\"https:\/\/228news.tg\/index.php\/2019\/04\/12\/meilleure-prise-en-charge-des-patients-traumatises-le-comite-directeur-de-lao-alliance-etait-a-lome\/\",\"url\":\"https:\/\/228news.tg\/index.php\/2019\/04\/12\/meilleure-prise-en-charge-des-patients-traumatises-le-comite-directeur-de-lao-alliance-etait-a-lome\/\",\"name\":\"Meilleure prise en charge des patients traumatis\u00e9s: Le comit\u00e9 directeur de l'AO Alliance \u00e9tait \u00e0 Lom\u00e9 - 228 News\",\"isPartOf\":{\"@id\":\"https:\/\/228news.tg\/#website\"},\"primaryImageOfPage\":{\"@id\":\"https:\/\/228news.tg\/index.php\/2019\/04\/12\/meilleure-prise-en-charge-des-patients-traumatises-le-comite-directeur-de-lao-alliance-etait-a-lome\/#primaryimage\"},\"image\":{\"@id\":\"https:\/\/228news.tg\/index.php\/2019\/04\/12\/meilleure-prise-en-charge-des-patients-traumatises-le-comite-directeur-de-lao-alliance-etait-a-lome\/#primaryimage\"},\"thumbnailUrl\":\"https:\/\/228news.tg\/wp-content\/uploads\/2024\/09\/telechargement.jpeg\",\"datePublished\":\"2019-04-12T00:00:00+00:00\",\"breadcrumb\":{\"@id\":\"https:\/\/228news.tg\/index.php\/2019\/04\/12\/meilleure-prise-en-charge-des-patients-traumatises-le-comite-directeur-de-lao-alliance-etait-a-lome\/#breadcrumb\"},\"inLanguage\":\"fr-FR\",\"potentialAction\":[{\"@type\":\"ReadAction\",\"target\":[\"https:\/\/228news.tg\/index.php\/2019\/04\/12\/meilleure-prise-en-charge-des-patients-traumatises-le-comite-directeur-de-lao-alliance-etait-a-lome\/\"]}]},{\"@type\":\"ImageObject\",\"inLanguage\":\"fr-FR\",\"@id\":\"https:\/\/228news.tg\/index.php\/2019\/04\/12\/meilleure-prise-en-charge-des-patients-traumatises-le-comite-directeur-de-lao-alliance-etait-a-lome\/#primaryimage\",\"url\":\"https:\/\/228news.tg\/wp-content\/uploads\/2024\/09\/telechargement.jpeg\",\"contentUrl\":\"https:\/\/228news.tg\/wp-content\/uploads\/2024\/09\/telechargement.jpeg\",\"width\":300,\"height\":192},{\"@type\":\"BreadcrumbList\",\"@id\":\"https:\/\/228news.tg\/index.php\/2019\/04\/12\/meilleure-prise-en-charge-des-patients-traumatises-le-comite-directeur-de-lao-alliance-etait-a-lome\/#breadcrumb\",\"itemListElement\":[{\"@type\":\"ListItem\",\"position\":1,\"name\":\"Home\",\"item\":\"https:\/\/228news.tg\/\"},{\"@type\":\"ListItem\",\"position\":2,\"name\":\"Meilleure prise en charge des patients traumatis\u00e9s: Le comit\u00e9 directeur de l&rsquo;AO Alliance \u00e9tait \u00e0 Lom\u00e9\"}]},{\"@type\":\"WebSite\",\"@id\":\"https:\/\/228news.tg\/#website\",\"url\":\"https:\/\/228news.tg\/\",\"name\":\"228 News\",\"description\":\"Soci\u00e9t\u00e9 de m\u00e9dias et d\u2019actualit\u00e9s\",\"publisher\":{\"@id\":\"https:\/\/228news.tg\/#organization\"},\"potentialAction\":[{\"@type\":\"SearchAction\",\"target\":{\"@type\":\"EntryPoint\",\"urlTemplate\":\"https:\/\/228news.tg\/?s={search_term_string}\"},\"query-input\":{\"@type\":\"PropertyValueSpecification\",\"valueRequired\":true,\"valueName\":\"search_term_string\"}}],\"inLanguage\":\"fr-FR\"},{\"@type\":\"Organization\",\"@id\":\"https:\/\/228news.tg\/#organization\",\"name\":\"228 News\",\"url\":\"https:\/\/228news.tg\/\",\"logo\":{\"@type\":\"ImageObject\",\"inLanguage\":\"fr-FR\",\"@id\":\"https:\/\/228news.tg\/#\/schema\/logo\/image\/\",\"url\":\"https:\/\/228news.tg\/wp-content\/uploads\/2024\/09\/logonew.png\",\"contentUrl\":\"https:\/\/228news.tg\/wp-content\/uploads\/2024\/09\/logonew.png\",\"width\":1640,\"height\":364,\"caption\":\"228 News\"},\"image\":{\"@id\":\"https:\/\/228news.tg\/#\/schema\/logo\/image\/\"}},{\"@type\":\"Person\",\"@id\":\"https:\/\/228news.tg\/#\/schema\/person\/68d5a6cc0230290e61235c8379523f52\",\"name\":\"Bienvenu SAVI\",\"image\":{\"@type\":\"ImageObject\",\"inLanguage\":\"fr-FR\",\"@id\":\"https:\/\/228news.tg\/#\/schema\/person\/image\/\",\"url\":\"https:\/\/secure.gravatar.com\/avatar\/9db91895c559e510509c33a3e9683998458e9b828fac36d5d1aa23f0f2fd369b?s=96&d=mm&r=g\",\"contentUrl\":\"https:\/\/secure.gravatar.com\/avatar\/9db91895c559e510509c33a3e9683998458e9b828fac36d5d1aa23f0f2fd369b?s=96&d=mm&r=g\",\"caption\":\"Bienvenu SAVI\"},\"url\":\"https:\/\/228news.tg\/index.php\/author\/bienvenu\/\"}]}<\/script>\n<!-- \/ Yoast SEO plugin. -->","yoast_head_json":{"title":"Meilleure prise en charge des patients traumatis\u00e9s: Le comit\u00e9 directeur de l'AO Alliance \u00e9tait \u00e0 Lom\u00e9 - 228 News","robots":{"index":"index","follow":"follow","max-snippet":"max-snippet:-1","max-image-preview":"max-image-preview:large","max-video-preview":"max-video-preview:-1"},"canonical":"https:\/\/228news.tg\/index.php\/2019\/04\/12\/meilleure-prise-en-charge-des-patients-traumatises-le-comite-directeur-de-lao-alliance-etait-a-lome\/","og_locale":"fr_FR","og_type":"article","og_title":"Meilleure prise en charge des patients traumatis\u00e9s: Le comit\u00e9 directeur de l'AO Alliance \u00e9tait \u00e0 Lom\u00e9 - 228 News","og_description":"(228NEWS\/ Lom\u00e9, le 12 avril 2019)- Le Comit\u00e9 Directeur de L\u2019AO Alliance tient une s\u00e9ries de r\u00e9unions depuis le vendredi 5 avril dernier \u00e0 Lom\u00e9. Il s&rsquo;agit de la r\u00e9union de formation des formateurs francophones (25 chirurgiens et infirmiers du continent africain) et la formation des personnels du bloc op\u00e9ratoire du Togo. Assurer des soins ... Lire la suite","og_url":"https:\/\/228news.tg\/index.php\/2019\/04\/12\/meilleure-prise-en-charge-des-patients-traumatises-le-comite-directeur-de-lao-alliance-etait-a-lome\/","og_site_name":"228 News","article_published_time":"2019-04-12T00:00:00+00:00","og_image":[{"width":300,"height":192,"url":"https:\/\/228news.tg\/wp-content\/uploads\/2024\/09\/telechargement.jpeg","type":"image\/jpeg"}],"author":"Bienvenu SAVI","twitter_card":"summary_large_image","twitter_misc":{"\u00c9crit par":"Bienvenu SAVI","Dur\u00e9e de lecture estim\u00e9e":"1 minute"},"schema":{"@context":"https:\/\/schema.org","@graph":[{"@type":"Article","@id":"https:\/\/228news.tg\/index.php\/2019\/04\/12\/meilleure-prise-en-charge-des-patients-traumatises-le-comite-directeur-de-lao-alliance-etait-a-lome\/#article","isPartOf":{"@id":"https:\/\/228news.tg\/index.php\/2019\/04\/12\/meilleure-prise-en-charge-des-patients-traumatises-le-comite-directeur-de-lao-alliance-etait-a-lome\/"},"author":{"name":"Bienvenu SAVI","@id":"https:\/\/228news.tg\/#\/schema\/person\/68d5a6cc0230290e61235c8379523f52"},"headline":"Meilleure prise en charge des patients traumatis\u00e9s: Le comit\u00e9 directeur de l&rsquo;AO Alliance \u00e9tait \u00e0 Lom\u00e9","datePublished":"2019-04-12T00:00:00+00:00","mainEntityOfPage":{"@id":"https:\/\/228news.tg\/index.php\/2019\/04\/12\/meilleure-prise-en-charge-des-patients-traumatises-le-comite-directeur-de-lao-alliance-etait-a-lome\/"},"wordCount":275,"commentCount":0,"publisher":{"@id":"https:\/\/228news.tg\/#organization"},"image":{"@id":"https:\/\/228news.tg\/index.php\/2019\/04\/12\/meilleure-prise-en-charge-des-patients-traumatises-le-comite-directeur-de-lao-alliance-etait-a-lome\/#primaryimage"},"thumbnailUrl":"https:\/\/228news.tg\/wp-content\/uploads\/2024\/09\/telechargement.jpeg","articleSection":["Flash","Sant\u00e9","TOGO","Une"],"inLanguage":"fr-FR","potentialAction":[{"@type":"CommentAction","name":"Comment","target":["https:\/\/228news.tg\/index.php\/2019\/04\/12\/meilleure-prise-en-charge-des-patients-traumatises-le-comite-directeur-de-lao-alliance-etait-a-lome\/#respond"]}]},{"@type":"WebPage","@id":"https:\/\/228news.tg\/index.php\/2019\/04\/12\/meilleure-prise-en-charge-des-patients-traumatises-le-comite-directeur-de-lao-alliance-etait-a-lome\/","url":"https:\/\/228news.tg\/index.php\/2019\/04\/12\/meilleure-prise-en-charge-des-patients-traumatises-le-comite-directeur-de-lao-alliance-etait-a-lome\/","name":"Meilleure prise en charge des patients traumatis\u00e9s: Le comit\u00e9 directeur de l'AO Alliance \u00e9tait \u00e0 Lom\u00e9 - 228 News","isPartOf":{"@id":"https:\/\/228news.tg\/#website"},"primaryImageOfPage":{"@id":"https:\/\/228news.tg\/index.php\/2019\/04\/12\/meilleure-prise-en-charge-des-patients-traumatises-le-comite-directeur-de-lao-alliance-etait-a-lome\/#primaryimage"},"image":{"@id":"https:\/\/228news.tg\/index.php\/2019\/04\/12\/meilleure-prise-en-charge-des-patients-traumatises-le-comite-directeur-de-lao-alliance-etait-a-lome\/#primaryimage"},"thumbnailUrl":"https:\/\/228news.tg\/wp-content\/uploads\/2024\/09\/telechargement.jpeg","datePublished":"2019-04-12T00:00:00+00:00","breadcrumb":{"@id":"https:\/\/228news.tg\/index.php\/2019\/04\/12\/meilleure-prise-en-charge-des-patients-traumatises-le-comite-directeur-de-lao-alliance-etait-a-lome\/#breadcrumb"},"inLanguage":"fr-FR","potentialAction":[{"@type":"ReadAction","target":["https:\/\/228news.tg\/index.php\/2019\/04\/12\/meilleure-prise-en-charge-des-patients-traumatises-le-comite-directeur-de-lao-alliance-etait-a-lome\/"]}]},{"@type":"ImageObject","inLanguage":"fr-FR","@id":"https:\/\/228news.tg\/index.php\/2019\/04\/12\/meilleure-prise-en-charge-des-patients-traumatises-le-comite-directeur-de-lao-alliance-etait-a-lome\/#primaryimage","url":"https:\/\/228news.tg\/wp-content\/uploads\/2024\/09\/telechargement.jpeg","contentUrl":"https:\/\/228news.tg\/wp-content\/uploads\/2024\/09\/telechargement.jpeg","width":300,"height":192},{"@type":"BreadcrumbList","@id":"https:\/\/228news.tg\/index.php\/2019\/04\/12\/meilleure-prise-en-charge-des-patients-traumatises-le-comite-directeur-de-lao-alliance-etait-a-lome\/#breadcrumb","itemListElement":[{"@type":"ListItem","position":1,"name":"Home","item":"https:\/\/228news.tg\/"},{"@type":"ListItem","position":2,"name":"Meilleure prise en charge des patients traumatis\u00e9s: Le comit\u00e9 directeur de l&rsquo;AO Alliance \u00e9tait \u00e0 Lom\u00e9"}]},{"@type":"WebSite","@id":"https:\/\/228news.tg\/#website","url":"https:\/\/228news.tg\/","name":"228 News","description":"Soci\u00e9t\u00e9 de m\u00e9dias et d\u2019actualit\u00e9s","publisher":{"@id":"https:\/\/228news.tg\/#organization"},"potentialAction":[{"@type":"SearchAction","target":{"@type":"EntryPoint","urlTemplate":"https:\/\/228news.tg\/?s={search_term_string}"},"query-input":{"@type":"PropertyValueSpecification","valueRequired":true,"valueName":"search_term_string"}}],"inLanguage":"fr-FR"},{"@type":"Organization","@id":"https:\/\/228news.tg\/#organization","name":"228 News","url":"https:\/\/228news.tg\/","logo":{"@type":"ImageObject","inLanguage":"fr-FR","@id":"https:\/\/228news.tg\/#\/schema\/logo\/image\/","url":"https:\/\/228news.tg\/wp-content\/uploads\/2024\/09\/logonew.png","contentUrl":"https:\/\/228news.tg\/wp-content\/uploads\/2024\/09\/logonew.png","width":1640,"height":364,"caption":"228 News"},"image":{"@id":"https:\/\/228news.tg\/#\/schema\/logo\/image\/"}},{"@type":"Person","@id":"https:\/\/228news.tg\/#\/schema\/person\/68d5a6cc0230290e61235c8379523f52","name":"Bienvenu SAVI","image":{"@type":"ImageObject","inLanguage":"fr-FR","@id":"https:\/\/228news.tg\/#\/schema\/person\/image\/","url":"https:\/\/secure.gravatar.com\/avatar\/9db91895c559e510509c33a3e9683998458e9b828fac36d5d1aa23f0f2fd369b?s=96&d=mm&r=g","contentUrl":"https:\/\/secure.gravatar.com\/avatar\/9db91895c559e510509c33a3e9683998458e9b828fac36d5d1aa23f0f2fd369b?s=96&d=mm&r=g","caption":"Bienvenu SAVI"},"url":"https:\/\/228news.tg\/index.php\/author\/bienvenu\/"}]}},"jetpack_featured_media_url":"https:\/\/228news.tg\/wp-content\/uploads\/2024\/09\/telechargement.jpeg","_links":{"self":[{"href":"https:\/\/228news.tg\/index.php\/wp-json\/wp\/v2\/posts\/2202","targetHints":{"allow":["GET"]}}],"collection":[{"href":"https:\/\/228news.tg\/index.php\/wp-json\/wp\/v2\/posts"}],"about":[{"href":"https:\/\/228news.tg\/index.php\/wp-json\/wp\/v2\/types\/post"}],"author":[{"embeddable":true,"href":"https:\/\/228news.tg\/index.php\/wp-json\/wp\/v2\/users\/2"}],"replies":[{"embeddable":true,"href":"https:\/\/228news.tg\/index.php\/wp-json\/wp\/v2\/comments?post=2202"}],"version-history":[{"count":0,"href":"https:\/\/228news.tg\/index.php\/wp-json\/wp\/v2\/posts\/2202\/revisions"}],"wp:featuredmedia":[{"embeddable":true,"href":"https:\/\/228news.tg\/index.php\/wp-json\/wp\/v2\/media\/2203"}],"wp:attachment":[{"href":"https:\/\/228news.tg\/index.php\/wp-json\/wp\/v2\/media?parent=2202"}],"wp:term":[{"taxonomy":"category","embeddable":true,"href":"https:\/\/228news.tg\/index.php\/wp-json\/wp\/v2\/categories?post=2202"},{"taxonomy":"post_tag","embeddable":true,"href":"https:\/\/228news.tg\/index.php\/wp-json\/wp\/v2\/tags?post=2202"}],"curies":[{"name":"wp","href":"https:\/\/api.w.org\/{rel}","templated":true}]}}