{"id":2169,"date":"2019-03-30T00:00:00","date_gmt":"2019-03-30T00:00:00","guid":{"rendered":"https:\/\/228news.tg\/index.php\/2019\/03\/30\/concours-fille-ambassadrice-de-paix-une-centaine-de-jeunes-filles-ont-pris-part-au-casting\/"},"modified":"2024-09-09T14:08:21","modified_gmt":"2024-09-09T14:08:21","slug":"concours-fille-ambassadrice-de-paix-une-centaine-de-jeunes-filles-ont-pris-part-au-casting","status":"publish","type":"post","link":"https:\/\/228news.tg\/index.php\/2019\/03\/30\/concours-fille-ambassadrice-de-paix-une-centaine-de-jeunes-filles-ont-pris-part-au-casting\/","title":{"rendered":"Concours \u00ab\u00a0Fille ambassadrice de paix\u00a0\u00bb\u00a0: Une centaine de jeunes filles ont pris part au casting"},"content":{"rendered":"<p>(228NEWS\/ Lom\u00e9, le 30 mars 2019)- <img decoding=\"async\" class=\"alignnone  wp-image-4055 alignright\" src=\"https:\/\/228news.tg\/wp-content\/uploads\/2024\/09\/photo_2019-04-01_20-22-30-300x286.jpg\" alt=\"\" width=\"215\" height=\"205\" \/>\u00ab\u00a0J\u2019ai entendu parler de Miss ambassadrice de paix chez une amie et je me suis renseign\u00e9e. J\u2019ai voulu y participer parce que je pense\u00a0 qu\u2019\u00eatre une ambassadrice de paix serait quelque chose d\u2019important dans la vie d\u2019une jeune fille. La paix pour moi un gage de d\u00e9veloppement et doit se traduire dans toutes nos actions quel que soit notre degr\u00e9 de responsabilit\u00e9 dans la soci\u00e9t\u00e9, aussi je ne pouvais donc pas rater une si grande occasion d\u2019apporter ma contribution \u00e0 la consolidation de cette noble valeur dans mon pays\u00a0\u00bb, tels \u00e9taient les premiers mots de Akpoto Adjo Elise,\u00a0 candidate au sortir du casting de la premi\u00e8re \u00e9dition du concours \u00ab\u00a0Fille ambassadrice de paix\u00a0\u00bb.<\/p>\n<p><img fetchpriority=\"high\" decoding=\"async\" class=\"alignleft wp-image-4037 size-medium\" src=\"https:\/\/228news.tg\/wp-content\/uploads\/2024\/09\/photo_2019-03-30_21-12-47-e1554143146602-300x225.jpg\" alt=\"\" width=\"300\" height=\"225\" \/>Elles \u00e9taient sans doute nombreuses \u00e0 partager cette vision, parmi la centaine de filles qui ont postul\u00e9 dans le cadre de cet innovant projet initi\u00e9 par le Mouvement des Jeunes Promoteurs de la Paix (MJPP). Avec pour th\u00e8me \u00ab\u00a0Femme, un outil incontournable de paix\u00a0\u00bb et visant \u00e0 faire la promotion du leadership f\u00e9minin \u00e0 travers le choix d\u2019une fille \u00e0 m\u00eame de porter des id\u00e9es de paix et des projets qui puissent contribuer au vivre ensemble dans toutes les contr\u00e9es du Togo, ce projet trois semaines apr\u00e8s son lancement est dans sa phase op\u00e9rationnelle.<\/p>\n<p>Le casting s\u2019est d\u00e9roul\u00e9 ce samedi 30 mars 2019 \u00e0 Lom\u00e9 o\u00f9 les diff\u00e9rentes candidates issues des cinq r\u00e9gions \u00e9conomiques du Togo ont eu \u00e0 faire face au jury afin de valider leur candidature.<\/p>\n<p>Il s\u2019agit de retenir au moins 25 filles \u00e0 raison de 4 par r\u00e9gion plus le Grand Lom\u00e9 afin de passer aux choses s\u00e9rieuses que sont la formation et le campement avant la grande soir\u00e9e apoth\u00e9ose pr\u00e9vue pour le 27 avril prochain.<\/p>\n<p>Quatre crit\u00e8res majeures basiques devront permettre de s\u00e9lectionner ces diff\u00e9rentes candidates l\u2019a indiqu\u00e9 si bien M. Aganon koffi, membre de jury \u00e0 votre journal<img decoding=\"async\" class=\"alignnone size-medium wp-image-4036 alignright\" src=\"https:\/\/228news.tg\/wp-content\/uploads\/2024\/09\/photo_2019-03-30_21-12-44-300x225.jpg\" alt=\"\" width=\"300\" height=\"225\" \/><\/p>\n<p>\u00ab\u00a0D\u2019abord il y a la pr\u00e9sentation, la mani\u00e8re dont la personne se pr\u00e9sente\u00a0; en second plan nous avons la mani\u00e8re dont la personne s\u2019exprime,. Il s\u2019agira apr\u00e8s de s\u2019assurer que la candidate est une vraie togolaise qui connait son pays \u00e0 fond ainsi que les institutions de leurs pays. Le dernier crit\u00e8re consiste en une enqu\u00eate de moralit\u00e9 que le jury effectuera sur les r\u00e9seaux sociaux sur les diff\u00e9rentes candidates. Avec c\u00e9l\u00e9rit\u00e9, nous pouvons donc affirmer que dans trois jours, les noms des 25 candidates \u00e0 la phase finale seront connues\u00a0\u00bb, a-t-il affirm\u00e9.<\/p>\n<p>Yohannes Makouvia, Pr\u00e9sident du MJPP pour sa part est revenu sur les diff\u00e9rents avantages li\u00e9s \u00e0 ce concours pour ces jeunes filles qui porteront des projets et sous projets de paix dans les diff\u00e9rentes contr\u00e9es du Togo. Il a pour finir lanc\u00e9 un appel au sponsoring pour une r\u00e9ussite de l\u2019\u00e9v\u00e9nement.<\/p>\n<p><strong><em>D\u00e9mocrate<\/em><\/strong><\/p>\n<p><strong><em>(0022) 91 85 40 14<\/em><\/strong><\/p>\n<p><strong><em>democrate2010@gmail.com<\/em><\/strong><\/p>\n","protected":false},"excerpt":{"rendered":"<p>(228NEWS\/ Lom\u00e9, le 30 mars 2019)- \u00ab\u00a0J\u2019ai entendu parler de Miss ambassadrice de paix chez une amie et je me suis renseign\u00e9e. J\u2019ai voulu y participer parce que je pense\u00a0 qu\u2019\u00eatre une ambassadrice de paix serait quelque chose d\u2019important dans la vie d\u2019une jeune fille. La paix pour moi un gage de d\u00e9veloppement et doit &#8230; <a title=\"Concours \u00ab\u00a0Fille ambassadrice de paix\u00a0\u00bb\u00a0: Une centaine de jeunes filles ont pris part au casting\" class=\"read-more\" href=\"https:\/\/228news.tg\/index.php\/2019\/03\/30\/concours-fille-ambassadrice-de-paix-une-centaine-de-jeunes-filles-ont-pris-part-au-casting\/\" aria-label=\"En savoir plus sur Concours \u00ab\u00a0Fille ambassadrice de paix\u00a0\u00bb\u00a0: Une centaine de jeunes filles ont pris part au casting\">Lire la suite<\/a><\/p>\n","protected":false},"author":2,"featured_media":2172,"comment_status":"open","ping_status":"open","sticky":false,"template":"","format":"standard","meta":{"footnotes":""},"categories":[35,29,25,34],"tags":[],"class_list":["post-2169","post","type-post","status-publish","format-standard","has-post-thumbnail","hentry","category-flash","category-societe","category-togo","category-une"],"yoast_head":"<!-- This site is optimized with the Yoast SEO plugin v26.4 - https:\/\/yoast.com\/wordpress\/plugins\/seo\/ -->\n<title>Concours \u00ab\u00a0Fille ambassadrice de paix\u00a0\u00bb\u00a0: Une centaine de jeunes filles ont pris part au casting - 228 News<\/title>\n<meta name=\"robots\" content=\"index, follow, max-snippet:-1, max-image-preview:large, max-video-preview:-1\" \/>\n<link rel=\"canonical\" href=\"https:\/\/228news.tg\/index.php\/2019\/03\/30\/concours-fille-ambassadrice-de-paix-une-centaine-de-jeunes-filles-ont-pris-part-au-casting\/\" \/>\n<meta property=\"og:locale\" content=\"fr_FR\" \/>\n<meta property=\"og:type\" content=\"article\" \/>\n<meta property=\"og:title\" content=\"Concours \u00ab\u00a0Fille ambassadrice de paix\u00a0\u00bb\u00a0: Une centaine de jeunes filles ont pris part au casting - 228 News\" \/>\n<meta property=\"og:description\" content=\"(228NEWS\/ Lom\u00e9, le 30 mars 2019)- \u00ab\u00a0J\u2019ai entendu parler de Miss ambassadrice de paix chez une amie et je me suis renseign\u00e9e. J\u2019ai voulu y participer parce que je pense\u00a0 qu\u2019\u00eatre une ambassadrice de paix serait quelque chose d\u2019important dans la vie d\u2019une jeune fille. La paix pour moi un gage de d\u00e9veloppement et doit ... Lire la suite\" \/>\n<meta property=\"og:url\" content=\"https:\/\/228news.tg\/index.php\/2019\/03\/30\/concours-fille-ambassadrice-de-paix-une-centaine-de-jeunes-filles-ont-pris-part-au-casting\/\" \/>\n<meta property=\"og:site_name\" content=\"228 News\" \/>\n<meta property=\"article:published_time\" content=\"2019-03-30T00:00:00+00:00\" \/>\n<meta property=\"article:modified_time\" content=\"2024-09-09T14:08:21+00:00\" \/>\n<meta property=\"og:image\" content=\"https:\/\/228news.tg\/wp-content\/uploads\/2024\/09\/photo_2019-03-30_21-12-44.jpg\" \/>\n\t<meta property=\"og:image:width\" content=\"1280\" \/>\n\t<meta property=\"og:image:height\" content=\"960\" \/>\n\t<meta property=\"og:image:type\" content=\"image\/jpeg\" \/>\n<meta name=\"author\" content=\"Bienvenu SAVI\" \/>\n<meta name=\"twitter:card\" content=\"summary_large_image\" \/>\n<meta name=\"twitter:label1\" content=\"\u00c9crit par\" \/>\n\t<meta name=\"twitter:data1\" content=\"Bienvenu SAVI\" \/>\n\t<meta name=\"twitter:label2\" content=\"Dur\u00e9e de lecture estim\u00e9e\" \/>\n\t<meta name=\"twitter:data2\" content=\"2 minutes\" \/>\n<script type=\"application\/ld+json\" class=\"yoast-schema-graph\">{\"@context\":\"https:\/\/schema.org\",\"@graph\":[{\"@type\":\"Article\",\"@id\":\"https:\/\/228news.tg\/index.php\/2019\/03\/30\/concours-fille-ambassadrice-de-paix-une-centaine-de-jeunes-filles-ont-pris-part-au-casting\/#article\",\"isPartOf\":{\"@id\":\"https:\/\/228news.tg\/index.php\/2019\/03\/30\/concours-fille-ambassadrice-de-paix-une-centaine-de-jeunes-filles-ont-pris-part-au-casting\/\"},\"author\":{\"name\":\"Bienvenu SAVI\",\"@id\":\"https:\/\/228news.tg\/#\/schema\/person\/68d5a6cc0230290e61235c8379523f52\"},\"headline\":\"Concours \u00ab\u00a0Fille ambassadrice de paix\u00a0\u00bb\u00a0: Une centaine de jeunes filles ont pris part au casting\",\"datePublished\":\"2019-03-30T00:00:00+00:00\",\"dateModified\":\"2024-09-09T14:08:21+00:00\",\"mainEntityOfPage\":{\"@id\":\"https:\/\/228news.tg\/index.php\/2019\/03\/30\/concours-fille-ambassadrice-de-paix-une-centaine-de-jeunes-filles-ont-pris-part-au-casting\/\"},\"wordCount\":513,\"commentCount\":0,\"publisher\":{\"@id\":\"https:\/\/228news.tg\/#organization\"},\"image\":{\"@id\":\"https:\/\/228news.tg\/index.php\/2019\/03\/30\/concours-fille-ambassadrice-de-paix-une-centaine-de-jeunes-filles-ont-pris-part-au-casting\/#primaryimage\"},\"thumbnailUrl\":\"https:\/\/228news.tg\/wp-content\/uploads\/2024\/09\/photo_2019-03-30_21-12-44.jpg\",\"articleSection\":[\"Flash\",\"SOCIETE\",\"TOGO\",\"Une\"],\"inLanguage\":\"fr-FR\",\"potentialAction\":[{\"@type\":\"CommentAction\",\"name\":\"Comment\",\"target\":[\"https:\/\/228news.tg\/index.php\/2019\/03\/30\/concours-fille-ambassadrice-de-paix-une-centaine-de-jeunes-filles-ont-pris-part-au-casting\/#respond\"]}]},{\"@type\":\"WebPage\",\"@id\":\"https:\/\/228news.tg\/index.php\/2019\/03\/30\/concours-fille-ambassadrice-de-paix-une-centaine-de-jeunes-filles-ont-pris-part-au-casting\/\",\"url\":\"https:\/\/228news.tg\/index.php\/2019\/03\/30\/concours-fille-ambassadrice-de-paix-une-centaine-de-jeunes-filles-ont-pris-part-au-casting\/\",\"name\":\"Concours \u00ab\u00a0Fille ambassadrice de paix\u00a0\u00bb\u00a0: Une centaine de jeunes filles ont pris part au casting - 228 News\",\"isPartOf\":{\"@id\":\"https:\/\/228news.tg\/#website\"},\"primaryImageOfPage\":{\"@id\":\"https:\/\/228news.tg\/index.php\/2019\/03\/30\/concours-fille-ambassadrice-de-paix-une-centaine-de-jeunes-filles-ont-pris-part-au-casting\/#primaryimage\"},\"image\":{\"@id\":\"https:\/\/228news.tg\/index.php\/2019\/03\/30\/concours-fille-ambassadrice-de-paix-une-centaine-de-jeunes-filles-ont-pris-part-au-casting\/#primaryimage\"},\"thumbnailUrl\":\"https:\/\/228news.tg\/wp-content\/uploads\/2024\/09\/photo_2019-03-30_21-12-44.jpg\",\"datePublished\":\"2019-03-30T00:00:00+00:00\",\"dateModified\":\"2024-09-09T14:08:21+00:00\",\"breadcrumb\":{\"@id\":\"https:\/\/228news.tg\/index.php\/2019\/03\/30\/concours-fille-ambassadrice-de-paix-une-centaine-de-jeunes-filles-ont-pris-part-au-casting\/#breadcrumb\"},\"inLanguage\":\"fr-FR\",\"potentialAction\":[{\"@type\":\"ReadAction\",\"target\":[\"https:\/\/228news.tg\/index.php\/2019\/03\/30\/concours-fille-ambassadrice-de-paix-une-centaine-de-jeunes-filles-ont-pris-part-au-casting\/\"]}]},{\"@type\":\"ImageObject\",\"inLanguage\":\"fr-FR\",\"@id\":\"https:\/\/228news.tg\/index.php\/2019\/03\/30\/concours-fille-ambassadrice-de-paix-une-centaine-de-jeunes-filles-ont-pris-part-au-casting\/#primaryimage\",\"url\":\"https:\/\/228news.tg\/wp-content\/uploads\/2024\/09\/photo_2019-03-30_21-12-44.jpg\",\"contentUrl\":\"https:\/\/228news.tg\/wp-content\/uploads\/2024\/09\/photo_2019-03-30_21-12-44.jpg\",\"width\":1280,\"height\":960},{\"@type\":\"BreadcrumbList\",\"@id\":\"https:\/\/228news.tg\/index.php\/2019\/03\/30\/concours-fille-ambassadrice-de-paix-une-centaine-de-jeunes-filles-ont-pris-part-au-casting\/#breadcrumb\",\"itemListElement\":[{\"@type\":\"ListItem\",\"position\":1,\"name\":\"Home\",\"item\":\"https:\/\/228news.tg\/\"},{\"@type\":\"ListItem\",\"position\":2,\"name\":\"Concours \u00ab\u00a0Fille ambassadrice de paix\u00a0\u00bb\u00a0: Une centaine de jeunes filles ont pris part au casting\"}]},{\"@type\":\"WebSite\",\"@id\":\"https:\/\/228news.tg\/#website\",\"url\":\"https:\/\/228news.tg\/\",\"name\":\"228 News\",\"description\":\"Soci\u00e9t\u00e9 de m\u00e9dias et d\u2019actualit\u00e9s\",\"publisher\":{\"@id\":\"https:\/\/228news.tg\/#organization\"},\"potentialAction\":[{\"@type\":\"SearchAction\",\"target\":{\"@type\":\"EntryPoint\",\"urlTemplate\":\"https:\/\/228news.tg\/?s={search_term_string}\"},\"query-input\":{\"@type\":\"PropertyValueSpecification\",\"valueRequired\":true,\"valueName\":\"search_term_string\"}}],\"inLanguage\":\"fr-FR\"},{\"@type\":\"Organization\",\"@id\":\"https:\/\/228news.tg\/#organization\",\"name\":\"228 News\",\"url\":\"https:\/\/228news.tg\/\",\"logo\":{\"@type\":\"ImageObject\",\"inLanguage\":\"fr-FR\",\"@id\":\"https:\/\/228news.tg\/#\/schema\/logo\/image\/\",\"url\":\"https:\/\/228news.tg\/wp-content\/uploads\/2024\/09\/logonew.png\",\"contentUrl\":\"https:\/\/228news.tg\/wp-content\/uploads\/2024\/09\/logonew.png\",\"width\":1640,\"height\":364,\"caption\":\"228 News\"},\"image\":{\"@id\":\"https:\/\/228news.tg\/#\/schema\/logo\/image\/\"}},{\"@type\":\"Person\",\"@id\":\"https:\/\/228news.tg\/#\/schema\/person\/68d5a6cc0230290e61235c8379523f52\",\"name\":\"Bienvenu SAVI\",\"image\":{\"@type\":\"ImageObject\",\"inLanguage\":\"fr-FR\",\"@id\":\"https:\/\/228news.tg\/#\/schema\/person\/image\/\",\"url\":\"https:\/\/secure.gravatar.com\/avatar\/9db91895c559e510509c33a3e9683998458e9b828fac36d5d1aa23f0f2fd369b?s=96&d=mm&r=g\",\"contentUrl\":\"https:\/\/secure.gravatar.com\/avatar\/9db91895c559e510509c33a3e9683998458e9b828fac36d5d1aa23f0f2fd369b?s=96&d=mm&r=g\",\"caption\":\"Bienvenu SAVI\"},\"url\":\"https:\/\/228news.tg\/index.php\/author\/bienvenu\/\"}]}<\/script>\n<!-- \/ Yoast SEO plugin. -->","yoast_head_json":{"title":"Concours \u00ab\u00a0Fille ambassadrice de paix\u00a0\u00bb\u00a0: Une centaine de jeunes filles ont pris part au casting - 228 News","robots":{"index":"index","follow":"follow","max-snippet":"max-snippet:-1","max-image-preview":"max-image-preview:large","max-video-preview":"max-video-preview:-1"},"canonical":"https:\/\/228news.tg\/index.php\/2019\/03\/30\/concours-fille-ambassadrice-de-paix-une-centaine-de-jeunes-filles-ont-pris-part-au-casting\/","og_locale":"fr_FR","og_type":"article","og_title":"Concours \u00ab\u00a0Fille ambassadrice de paix\u00a0\u00bb\u00a0: Une centaine de jeunes filles ont pris part au casting - 228 News","og_description":"(228NEWS\/ Lom\u00e9, le 30 mars 2019)- \u00ab\u00a0J\u2019ai entendu parler de Miss ambassadrice de paix chez une amie et je me suis renseign\u00e9e. J\u2019ai voulu y participer parce que je pense\u00a0 qu\u2019\u00eatre une ambassadrice de paix serait quelque chose d\u2019important dans la vie d\u2019une jeune fille. La paix pour moi un gage de d\u00e9veloppement et doit ... Lire la suite","og_url":"https:\/\/228news.tg\/index.php\/2019\/03\/30\/concours-fille-ambassadrice-de-paix-une-centaine-de-jeunes-filles-ont-pris-part-au-casting\/","og_site_name":"228 News","article_published_time":"2019-03-30T00:00:00+00:00","article_modified_time":"2024-09-09T14:08:21+00:00","og_image":[{"width":1280,"height":960,"url":"https:\/\/228news.tg\/wp-content\/uploads\/2024\/09\/photo_2019-03-30_21-12-44.jpg","type":"image\/jpeg"}],"author":"Bienvenu SAVI","twitter_card":"summary_large_image","twitter_misc":{"\u00c9crit par":"Bienvenu SAVI","Dur\u00e9e de lecture estim\u00e9e":"2 minutes"},"schema":{"@context":"https:\/\/schema.org","@graph":[{"@type":"Article","@id":"https:\/\/228news.tg\/index.php\/2019\/03\/30\/concours-fille-ambassadrice-de-paix-une-centaine-de-jeunes-filles-ont-pris-part-au-casting\/#article","isPartOf":{"@id":"https:\/\/228news.tg\/index.php\/2019\/03\/30\/concours-fille-ambassadrice-de-paix-une-centaine-de-jeunes-filles-ont-pris-part-au-casting\/"},"author":{"name":"Bienvenu SAVI","@id":"https:\/\/228news.tg\/#\/schema\/person\/68d5a6cc0230290e61235c8379523f52"},"headline":"Concours \u00ab\u00a0Fille ambassadrice de paix\u00a0\u00bb\u00a0: Une centaine de jeunes filles ont pris part au casting","datePublished":"2019-03-30T00:00:00+00:00","dateModified":"2024-09-09T14:08:21+00:00","mainEntityOfPage":{"@id":"https:\/\/228news.tg\/index.php\/2019\/03\/30\/concours-fille-ambassadrice-de-paix-une-centaine-de-jeunes-filles-ont-pris-part-au-casting\/"},"wordCount":513,"commentCount":0,"publisher":{"@id":"https:\/\/228news.tg\/#organization"},"image":{"@id":"https:\/\/228news.tg\/index.php\/2019\/03\/30\/concours-fille-ambassadrice-de-paix-une-centaine-de-jeunes-filles-ont-pris-part-au-casting\/#primaryimage"},"thumbnailUrl":"https:\/\/228news.tg\/wp-content\/uploads\/2024\/09\/photo_2019-03-30_21-12-44.jpg","articleSection":["Flash","SOCIETE","TOGO","Une"],"inLanguage":"fr-FR","potentialAction":[{"@type":"CommentAction","name":"Comment","target":["https:\/\/228news.tg\/index.php\/2019\/03\/30\/concours-fille-ambassadrice-de-paix-une-centaine-de-jeunes-filles-ont-pris-part-au-casting\/#respond"]}]},{"@type":"WebPage","@id":"https:\/\/228news.tg\/index.php\/2019\/03\/30\/concours-fille-ambassadrice-de-paix-une-centaine-de-jeunes-filles-ont-pris-part-au-casting\/","url":"https:\/\/228news.tg\/index.php\/2019\/03\/30\/concours-fille-ambassadrice-de-paix-une-centaine-de-jeunes-filles-ont-pris-part-au-casting\/","name":"Concours \u00ab\u00a0Fille ambassadrice de paix\u00a0\u00bb\u00a0: Une centaine de jeunes filles ont pris part au casting - 228 News","isPartOf":{"@id":"https:\/\/228news.tg\/#website"},"primaryImageOfPage":{"@id":"https:\/\/228news.tg\/index.php\/2019\/03\/30\/concours-fille-ambassadrice-de-paix-une-centaine-de-jeunes-filles-ont-pris-part-au-casting\/#primaryimage"},"image":{"@id":"https:\/\/228news.tg\/index.php\/2019\/03\/30\/concours-fille-ambassadrice-de-paix-une-centaine-de-jeunes-filles-ont-pris-part-au-casting\/#primaryimage"},"thumbnailUrl":"https:\/\/228news.tg\/wp-content\/uploads\/2024\/09\/photo_2019-03-30_21-12-44.jpg","datePublished":"2019-03-30T00:00:00+00:00","dateModified":"2024-09-09T14:08:21+00:00","breadcrumb":{"@id":"https:\/\/228news.tg\/index.php\/2019\/03\/30\/concours-fille-ambassadrice-de-paix-une-centaine-de-jeunes-filles-ont-pris-part-au-casting\/#breadcrumb"},"inLanguage":"fr-FR","potentialAction":[{"@type":"ReadAction","target":["https:\/\/228news.tg\/index.php\/2019\/03\/30\/concours-fille-ambassadrice-de-paix-une-centaine-de-jeunes-filles-ont-pris-part-au-casting\/"]}]},{"@type":"ImageObject","inLanguage":"fr-FR","@id":"https:\/\/228news.tg\/index.php\/2019\/03\/30\/concours-fille-ambassadrice-de-paix-une-centaine-de-jeunes-filles-ont-pris-part-au-casting\/#primaryimage","url":"https:\/\/228news.tg\/wp-content\/uploads\/2024\/09\/photo_2019-03-30_21-12-44.jpg","contentUrl":"https:\/\/228news.tg\/wp-content\/uploads\/2024\/09\/photo_2019-03-30_21-12-44.jpg","width":1280,"height":960},{"@type":"BreadcrumbList","@id":"https:\/\/228news.tg\/index.php\/2019\/03\/30\/concours-fille-ambassadrice-de-paix-une-centaine-de-jeunes-filles-ont-pris-part-au-casting\/#breadcrumb","itemListElement":[{"@type":"ListItem","position":1,"name":"Home","item":"https:\/\/228news.tg\/"},{"@type":"ListItem","position":2,"name":"Concours \u00ab\u00a0Fille ambassadrice de paix\u00a0\u00bb\u00a0: Une centaine de jeunes filles ont pris part au casting"}]},{"@type":"WebSite","@id":"https:\/\/228news.tg\/#website","url":"https:\/\/228news.tg\/","name":"228 News","description":"Soci\u00e9t\u00e9 de m\u00e9dias et d\u2019actualit\u00e9s","publisher":{"@id":"https:\/\/228news.tg\/#organization"},"potentialAction":[{"@type":"SearchAction","target":{"@type":"EntryPoint","urlTemplate":"https:\/\/228news.tg\/?s={search_term_string}"},"query-input":{"@type":"PropertyValueSpecification","valueRequired":true,"valueName":"search_term_string"}}],"inLanguage":"fr-FR"},{"@type":"Organization","@id":"https:\/\/228news.tg\/#organization","name":"228 News","url":"https:\/\/228news.tg\/","logo":{"@type":"ImageObject","inLanguage":"fr-FR","@id":"https:\/\/228news.tg\/#\/schema\/logo\/image\/","url":"https:\/\/228news.tg\/wp-content\/uploads\/2024\/09\/logonew.png","contentUrl":"https:\/\/228news.tg\/wp-content\/uploads\/2024\/09\/logonew.png","width":1640,"height":364,"caption":"228 News"},"image":{"@id":"https:\/\/228news.tg\/#\/schema\/logo\/image\/"}},{"@type":"Person","@id":"https:\/\/228news.tg\/#\/schema\/person\/68d5a6cc0230290e61235c8379523f52","name":"Bienvenu SAVI","image":{"@type":"ImageObject","inLanguage":"fr-FR","@id":"https:\/\/228news.tg\/#\/schema\/person\/image\/","url":"https:\/\/secure.gravatar.com\/avatar\/9db91895c559e510509c33a3e9683998458e9b828fac36d5d1aa23f0f2fd369b?s=96&d=mm&r=g","contentUrl":"https:\/\/secure.gravatar.com\/avatar\/9db91895c559e510509c33a3e9683998458e9b828fac36d5d1aa23f0f2fd369b?s=96&d=mm&r=g","caption":"Bienvenu SAVI"},"url":"https:\/\/228news.tg\/index.php\/author\/bienvenu\/"}]}},"jetpack_featured_media_url":"https:\/\/228news.tg\/wp-content\/uploads\/2024\/09\/photo_2019-03-30_21-12-44.jpg","_links":{"self":[{"href":"https:\/\/228news.tg\/index.php\/wp-json\/wp\/v2\/posts\/2169","targetHints":{"allow":["GET"]}}],"collection":[{"href":"https:\/\/228news.tg\/index.php\/wp-json\/wp\/v2\/posts"}],"about":[{"href":"https:\/\/228news.tg\/index.php\/wp-json\/wp\/v2\/types\/post"}],"author":[{"embeddable":true,"href":"https:\/\/228news.tg\/index.php\/wp-json\/wp\/v2\/users\/2"}],"replies":[{"embeddable":true,"href":"https:\/\/228news.tg\/index.php\/wp-json\/wp\/v2\/comments?post=2169"}],"version-history":[{"count":1,"href":"https:\/\/228news.tg\/index.php\/wp-json\/wp\/v2\/posts\/2169\/revisions"}],"predecessor-version":[{"id":2173,"href":"https:\/\/228news.tg\/index.php\/wp-json\/wp\/v2\/posts\/2169\/revisions\/2173"}],"wp:featuredmedia":[{"embeddable":true,"href":"https:\/\/228news.tg\/index.php\/wp-json\/wp\/v2\/media\/2172"}],"wp:attachment":[{"href":"https:\/\/228news.tg\/index.php\/wp-json\/wp\/v2\/media?parent=2169"}],"wp:term":[{"taxonomy":"category","embeddable":true,"href":"https:\/\/228news.tg\/index.php\/wp-json\/wp\/v2\/categories?post=2169"},{"taxonomy":"post_tag","embeddable":true,"href":"https:\/\/228news.tg\/index.php\/wp-json\/wp\/v2\/tags?post=2169"}],"curies":[{"name":"wp","href":"https:\/\/api.w.org\/{rel}","templated":true}]}}