{"id":2153,"date":"2019-03-29T00:00:00","date_gmt":"2019-03-29T00:00:00","guid":{"rendered":"https:\/\/228news.tg\/index.php\/2019\/03\/29\/vendredi-de-la-fiscalite-les-retenus-a-la-source-au-coeur-du-troisieme-acte-de-lannee\/"},"modified":"2024-09-09T14:08:18","modified_gmt":"2024-09-09T14:08:18","slug":"vendredi-de-la-fiscalite-les-retenus-a-la-source-au-coeur-du-troisieme-acte-de-lannee","status":"publish","type":"post","link":"https:\/\/228news.tg\/index.php\/2019\/03\/29\/vendredi-de-la-fiscalite-les-retenus-a-la-source-au-coeur-du-troisieme-acte-de-lannee\/","title":{"rendered":"Vendredi de la fiscalit\u00e9: Les retenus \u00e0 la source au c\u0153ur du troisi\u00e8me acte de l&rsquo;ann\u00e9e"},"content":{"rendered":"<p>(228NEWS\/ Lom\u00e9, le 29 mars 2019)- Nombreux sont les probl\u00e8mes qui d\u00e9coulent de la retenue que font certains locataires des loyers qu&rsquo;ils doivent aux propri\u00e9taires d&rsquo;immeubles.<\/p>\n<p>Ces premiers, de peur de ne subir cet imp\u00f4t eux m\u00eame \u00e0 la fin de l&rsquo;ann\u00e9e et conform\u00e9ment aux dispositions fiscales en vigueur au Togo, pr\u00e9l\u00e8vent 12,5% de leur loyer mensuel pour aller reverser \u00e0 l&rsquo;Office Togolais des Recettes (OTR) au titre d&rsquo;imp\u00f4t sur le revenu locatif, mais les propri\u00e9taires n&rsquo;entendent pas cela de la m\u00eame oreille.<\/p>\n<p>Ceci draine de nombreux conflits li\u00e9s au bail d\u00fb \u00e0 l&rsquo;aigreur et \u00e0 la m\u00e9connaissance de la loi par ces propri\u00e9taires de mauvaise foi qui se plaisent \u00e0 r\u00e9percuter ce type d&rsquo;imp\u00f4t sur leurs locataires, au m\u00e9pris de la loi.<\/p>\n<p>Ce constat a \u00e9t\u00e9 relev\u00e9 ce vendredi 29 mars 2019 \u00e0 Lom\u00e9 par le doyen Tiadji\u00e9ri Zimbiri, expert fiscaliste \u00e0 l&rsquo;occasion du 3\u00e8me vendredi de la fiscalit\u00e9 au titre de l&rsquo;ann\u00e9e 2019.<img fetchpriority=\"high\" decoding=\"async\" class=\"alignnone size-medium wp-image-4023 alignright\" src=\"https:\/\/228news.tg\/wp-content\/uploads\/2024\/09\/photo_2019-03-29_20-00-25-300x225.jpg\" alt=\"\" width=\"300\" height=\"225\" \/><\/p>\n<p>initi\u00e9 par le Cabinet d&rsquo;Expertise et de Conseil Comptable et Fiscale (CAECO-FISC), en collaboration avec l&rsquo;association Journalistes en Mission pour le D\u00e9veloppement (JMD), le vendredi de la fiscalit\u00e9 est un projet novateur qui cr\u00e9e un cadre d&rsquo;\u00e9claircissement et d&rsquo;ouverture aux populations sur leurs droits et devoirs sur le plan fiscal.<\/p>\n<p>R\u00e9cemment ouvert aux op\u00e9rateurs de tous ordres, cette \u00e9ni\u00e8me session ax\u00e9e autour du th\u00e8me \u00ab\u00a0les retenus \u00e0 la source\u00a0\u00bb a enregistr\u00e9 la pr\u00e9sence d&rsquo;une dizaine d&rsquo;entrepreneurs et d&rsquo;op\u00e9rateurs \u00e9conomiques.<\/p>\n<p>Elle a \u00e9t\u00e9 pr\u00e9sid\u00e9e par Adanlap\u00e9 Lonlonyo, Directeur G\u00e9n\u00e9ral du CAECO-FISC, pour qui le code g\u00e9n\u00e9ral des imp\u00f4ts du Togo regorge plusieurs imp\u00f4ts qui sont retenus \u00e0 la source.<\/p>\n<p>Principal communicateur de la session, Tiadji\u00e9ri Zimbiri a relev\u00e9 pour sa part les avantages li\u00e9s aux imp\u00f4ts retenus \u00e0 la source.<\/p>\n<p>\u00ab\u00a0Cela facilit\u00e9 le paiement des imp\u00f4ts dans la mesure o\u00f9 l\u2019employeur retient directement l\u2019imp\u00f4t de ses employ\u00e9s afin d\u2019aller le reverser.\u00a0Cela permet aussi d\u2019emp\u00eacher le refus de payer des imp\u00f4ts aux contribuables\u00a0\u00bb, a-t-il confi\u00e9.<\/p>\n<p><img decoding=\"async\" class=\"alignnone size-medium wp-image-4022 alignleft\" src=\"https:\/\/228news.tg\/wp-content\/uploads\/2024\/09\/photo_2019-03-29_20-00-01-300x225.jpg\" alt=\"\" width=\"300\" height=\"225\" \/>L&rsquo;imp\u00f4t sur les revenus locatifs, cit\u00e9 plus haut fait ainsi partie d&rsquo;une longue liste \u00e9num\u00e9r\u00e9e dans le code g\u00e9n\u00e9ral des imp\u00f4ts du Togo.<\/p>\n<p>Entre autres, avons-nous donc\u00a0des retenus sur les salaires, les retenus sur les dividendes des actions dans les soci\u00e9t\u00e9s et entreprises, les retenus sur les honoraires et assimil\u00e9s, les pr\u00e9l\u00e8vement au titre des acomptes d&rsquo;imp\u00f4t sur le revenu (IS\/ IRRPP) sur les importations et les achats en gros, celui li\u00e9 aux exportations des produits de l&rsquo;agriculture, de l&rsquo;\u00e9levage et de la p\u00eache, les revenus des capitaux mobiliers, les revenus d&#8217;emplois.<\/p>\n<p>Les modalit\u00e9s et nuances concernant les redevables l\u00e9gaux et les redevables r\u00e9els ont \u00e9galement meubl\u00e9 ce troisi\u00e8me acte du vendredi de la fiscalit\u00e9.<\/p>\n<p><em><strong>D\u00e9mocrate<\/strong><\/em><\/p>\n<p><em><strong>(00228) 91 85 40 14<\/strong><\/em><\/p>\n<p><em><strong>democrate2010@gmail.com<\/strong><\/em><\/p>\n","protected":false},"excerpt":{"rendered":"<p>(228NEWS\/ Lom\u00e9, le 29 mars 2019)- Nombreux sont les probl\u00e8mes qui d\u00e9coulent de la retenue que font certains locataires des loyers qu&rsquo;ils doivent aux propri\u00e9taires d&rsquo;immeubles. Ces premiers, de peur de ne subir cet imp\u00f4t eux m\u00eame \u00e0 la fin de l&rsquo;ann\u00e9e et conform\u00e9ment aux dispositions fiscales en vigueur au Togo, pr\u00e9l\u00e8vent 12,5% de leur &#8230; <a title=\"Vendredi de la fiscalit\u00e9: Les retenus \u00e0 la source au c\u0153ur du troisi\u00e8me acte de l&rsquo;ann\u00e9e\" class=\"read-more\" href=\"https:\/\/228news.tg\/index.php\/2019\/03\/29\/vendredi-de-la-fiscalite-les-retenus-a-la-source-au-coeur-du-troisieme-acte-de-lannee\/\" aria-label=\"En savoir plus sur Vendredi de la fiscalit\u00e9: Les retenus \u00e0 la source au c\u0153ur du troisi\u00e8me acte de l&rsquo;ann\u00e9e\">Lire la suite<\/a><\/p>\n","protected":false},"author":2,"featured_media":2157,"comment_status":"open","ping_status":"open","sticky":false,"template":"","format":"standard","meta":{"footnotes":""},"categories":[30,35,25,34],"tags":[],"class_list":["post-2153","post","type-post","status-publish","format-standard","has-post-thumbnail","hentry","category-economie","category-flash","category-togo","category-une"],"yoast_head":"<!-- This site is optimized with the Yoast SEO plugin v26.4 - https:\/\/yoast.com\/wordpress\/plugins\/seo\/ -->\n<title>Vendredi de la fiscalit\u00e9: Les retenus \u00e0 la source au c\u0153ur du troisi\u00e8me acte de l&#039;ann\u00e9e - 228 News<\/title>\n<meta name=\"robots\" content=\"index, follow, max-snippet:-1, max-image-preview:large, max-video-preview:-1\" \/>\n<link rel=\"canonical\" href=\"https:\/\/228news.tg\/index.php\/2019\/03\/29\/vendredi-de-la-fiscalite-les-retenus-a-la-source-au-coeur-du-troisieme-acte-de-lannee\/\" \/>\n<meta property=\"og:locale\" content=\"fr_FR\" \/>\n<meta property=\"og:type\" content=\"article\" \/>\n<meta property=\"og:title\" content=\"Vendredi de la fiscalit\u00e9: Les retenus \u00e0 la source au c\u0153ur du troisi\u00e8me acte de l&#039;ann\u00e9e - 228 News\" \/>\n<meta property=\"og:description\" content=\"(228NEWS\/ Lom\u00e9, le 29 mars 2019)- Nombreux sont les probl\u00e8mes qui d\u00e9coulent de la retenue que font certains locataires des loyers qu&rsquo;ils doivent aux propri\u00e9taires d&rsquo;immeubles. Ces premiers, de peur de ne subir cet imp\u00f4t eux m\u00eame \u00e0 la fin de l&rsquo;ann\u00e9e et conform\u00e9ment aux dispositions fiscales en vigueur au Togo, pr\u00e9l\u00e8vent 12,5% de leur ... Lire la suite\" \/>\n<meta property=\"og:url\" content=\"https:\/\/228news.tg\/index.php\/2019\/03\/29\/vendredi-de-la-fiscalite-les-retenus-a-la-source-au-coeur-du-troisieme-acte-de-lannee\/\" \/>\n<meta property=\"og:site_name\" content=\"228 News\" \/>\n<meta property=\"article:published_time\" content=\"2019-03-29T00:00:00+00:00\" \/>\n<meta property=\"article:modified_time\" content=\"2024-09-09T14:08:18+00:00\" \/>\n<meta property=\"og:image\" content=\"https:\/\/228news.tg\/wp-content\/uploads\/2024\/09\/photo_2019-03-29_20-00-45.jpg\" \/>\n\t<meta property=\"og:image:width\" content=\"1280\" \/>\n\t<meta property=\"og:image:height\" content=\"960\" \/>\n\t<meta property=\"og:image:type\" content=\"image\/jpeg\" \/>\n<meta name=\"author\" content=\"Bienvenu SAVI\" \/>\n<meta name=\"twitter:card\" content=\"summary_large_image\" \/>\n<meta name=\"twitter:label1\" content=\"\u00c9crit par\" \/>\n\t<meta name=\"twitter:data1\" content=\"Bienvenu SAVI\" \/>\n\t<meta name=\"twitter:label2\" content=\"Dur\u00e9e de lecture estim\u00e9e\" \/>\n\t<meta name=\"twitter:data2\" content=\"2 minutes\" \/>\n<script type=\"application\/ld+json\" class=\"yoast-schema-graph\">{\"@context\":\"https:\/\/schema.org\",\"@graph\":[{\"@type\":\"Article\",\"@id\":\"https:\/\/228news.tg\/index.php\/2019\/03\/29\/vendredi-de-la-fiscalite-les-retenus-a-la-source-au-coeur-du-troisieme-acte-de-lannee\/#article\",\"isPartOf\":{\"@id\":\"https:\/\/228news.tg\/index.php\/2019\/03\/29\/vendredi-de-la-fiscalite-les-retenus-a-la-source-au-coeur-du-troisieme-acte-de-lannee\/\"},\"author\":{\"name\":\"Bienvenu SAVI\",\"@id\":\"https:\/\/228news.tg\/#\/schema\/person\/68d5a6cc0230290e61235c8379523f52\"},\"headline\":\"Vendredi de la fiscalit\u00e9: Les retenus \u00e0 la source au c\u0153ur du troisi\u00e8me acte de l&rsquo;ann\u00e9e\",\"datePublished\":\"2019-03-29T00:00:00+00:00\",\"dateModified\":\"2024-09-09T14:08:18+00:00\",\"mainEntityOfPage\":{\"@id\":\"https:\/\/228news.tg\/index.php\/2019\/03\/29\/vendredi-de-la-fiscalite-les-retenus-a-la-source-au-coeur-du-troisieme-acte-de-lannee\/\"},\"wordCount\":533,\"commentCount\":0,\"publisher\":{\"@id\":\"https:\/\/228news.tg\/#organization\"},\"image\":{\"@id\":\"https:\/\/228news.tg\/index.php\/2019\/03\/29\/vendredi-de-la-fiscalite-les-retenus-a-la-source-au-coeur-du-troisieme-acte-de-lannee\/#primaryimage\"},\"thumbnailUrl\":\"https:\/\/228news.tg\/wp-content\/uploads\/2024\/09\/photo_2019-03-29_20-00-45.jpg\",\"articleSection\":[\"ECONOMIE\",\"Flash\",\"TOGO\",\"Une\"],\"inLanguage\":\"fr-FR\",\"potentialAction\":[{\"@type\":\"CommentAction\",\"name\":\"Comment\",\"target\":[\"https:\/\/228news.tg\/index.php\/2019\/03\/29\/vendredi-de-la-fiscalite-les-retenus-a-la-source-au-coeur-du-troisieme-acte-de-lannee\/#respond\"]}]},{\"@type\":\"WebPage\",\"@id\":\"https:\/\/228news.tg\/index.php\/2019\/03\/29\/vendredi-de-la-fiscalite-les-retenus-a-la-source-au-coeur-du-troisieme-acte-de-lannee\/\",\"url\":\"https:\/\/228news.tg\/index.php\/2019\/03\/29\/vendredi-de-la-fiscalite-les-retenus-a-la-source-au-coeur-du-troisieme-acte-de-lannee\/\",\"name\":\"Vendredi de la fiscalit\u00e9: Les retenus \u00e0 la source au c\u0153ur du troisi\u00e8me acte de l'ann\u00e9e - 228 News\",\"isPartOf\":{\"@id\":\"https:\/\/228news.tg\/#website\"},\"primaryImageOfPage\":{\"@id\":\"https:\/\/228news.tg\/index.php\/2019\/03\/29\/vendredi-de-la-fiscalite-les-retenus-a-la-source-au-coeur-du-troisieme-acte-de-lannee\/#primaryimage\"},\"image\":{\"@id\":\"https:\/\/228news.tg\/index.php\/2019\/03\/29\/vendredi-de-la-fiscalite-les-retenus-a-la-source-au-coeur-du-troisieme-acte-de-lannee\/#primaryimage\"},\"thumbnailUrl\":\"https:\/\/228news.tg\/wp-content\/uploads\/2024\/09\/photo_2019-03-29_20-00-45.jpg\",\"datePublished\":\"2019-03-29T00:00:00+00:00\",\"dateModified\":\"2024-09-09T14:08:18+00:00\",\"breadcrumb\":{\"@id\":\"https:\/\/228news.tg\/index.php\/2019\/03\/29\/vendredi-de-la-fiscalite-les-retenus-a-la-source-au-coeur-du-troisieme-acte-de-lannee\/#breadcrumb\"},\"inLanguage\":\"fr-FR\",\"potentialAction\":[{\"@type\":\"ReadAction\",\"target\":[\"https:\/\/228news.tg\/index.php\/2019\/03\/29\/vendredi-de-la-fiscalite-les-retenus-a-la-source-au-coeur-du-troisieme-acte-de-lannee\/\"]}]},{\"@type\":\"ImageObject\",\"inLanguage\":\"fr-FR\",\"@id\":\"https:\/\/228news.tg\/index.php\/2019\/03\/29\/vendredi-de-la-fiscalite-les-retenus-a-la-source-au-coeur-du-troisieme-acte-de-lannee\/#primaryimage\",\"url\":\"https:\/\/228news.tg\/wp-content\/uploads\/2024\/09\/photo_2019-03-29_20-00-45.jpg\",\"contentUrl\":\"https:\/\/228news.tg\/wp-content\/uploads\/2024\/09\/photo_2019-03-29_20-00-45.jpg\",\"width\":1280,\"height\":960},{\"@type\":\"BreadcrumbList\",\"@id\":\"https:\/\/228news.tg\/index.php\/2019\/03\/29\/vendredi-de-la-fiscalite-les-retenus-a-la-source-au-coeur-du-troisieme-acte-de-lannee\/#breadcrumb\",\"itemListElement\":[{\"@type\":\"ListItem\",\"position\":1,\"name\":\"Home\",\"item\":\"https:\/\/228news.tg\/\"},{\"@type\":\"ListItem\",\"position\":2,\"name\":\"Vendredi de la fiscalit\u00e9: Les retenus \u00e0 la source au c\u0153ur du troisi\u00e8me acte de l&rsquo;ann\u00e9e\"}]},{\"@type\":\"WebSite\",\"@id\":\"https:\/\/228news.tg\/#website\",\"url\":\"https:\/\/228news.tg\/\",\"name\":\"228 News\",\"description\":\"Soci\u00e9t\u00e9 de m\u00e9dias et d\u2019actualit\u00e9s\",\"publisher\":{\"@id\":\"https:\/\/228news.tg\/#organization\"},\"potentialAction\":[{\"@type\":\"SearchAction\",\"target\":{\"@type\":\"EntryPoint\",\"urlTemplate\":\"https:\/\/228news.tg\/?s={search_term_string}\"},\"query-input\":{\"@type\":\"PropertyValueSpecification\",\"valueRequired\":true,\"valueName\":\"search_term_string\"}}],\"inLanguage\":\"fr-FR\"},{\"@type\":\"Organization\",\"@id\":\"https:\/\/228news.tg\/#organization\",\"name\":\"228 News\",\"url\":\"https:\/\/228news.tg\/\",\"logo\":{\"@type\":\"ImageObject\",\"inLanguage\":\"fr-FR\",\"@id\":\"https:\/\/228news.tg\/#\/schema\/logo\/image\/\",\"url\":\"https:\/\/228news.tg\/wp-content\/uploads\/2024\/09\/logonew.png\",\"contentUrl\":\"https:\/\/228news.tg\/wp-content\/uploads\/2024\/09\/logonew.png\",\"width\":1640,\"height\":364,\"caption\":\"228 News\"},\"image\":{\"@id\":\"https:\/\/228news.tg\/#\/schema\/logo\/image\/\"}},{\"@type\":\"Person\",\"@id\":\"https:\/\/228news.tg\/#\/schema\/person\/68d5a6cc0230290e61235c8379523f52\",\"name\":\"Bienvenu SAVI\",\"image\":{\"@type\":\"ImageObject\",\"inLanguage\":\"fr-FR\",\"@id\":\"https:\/\/228news.tg\/#\/schema\/person\/image\/\",\"url\":\"https:\/\/secure.gravatar.com\/avatar\/9db91895c559e510509c33a3e9683998458e9b828fac36d5d1aa23f0f2fd369b?s=96&d=mm&r=g\",\"contentUrl\":\"https:\/\/secure.gravatar.com\/avatar\/9db91895c559e510509c33a3e9683998458e9b828fac36d5d1aa23f0f2fd369b?s=96&d=mm&r=g\",\"caption\":\"Bienvenu SAVI\"},\"url\":\"https:\/\/228news.tg\/index.php\/author\/bienvenu\/\"}]}<\/script>\n<!-- \/ Yoast SEO plugin. -->","yoast_head_json":{"title":"Vendredi de la fiscalit\u00e9: Les retenus \u00e0 la source au c\u0153ur du troisi\u00e8me acte de l'ann\u00e9e - 228 News","robots":{"index":"index","follow":"follow","max-snippet":"max-snippet:-1","max-image-preview":"max-image-preview:large","max-video-preview":"max-video-preview:-1"},"canonical":"https:\/\/228news.tg\/index.php\/2019\/03\/29\/vendredi-de-la-fiscalite-les-retenus-a-la-source-au-coeur-du-troisieme-acte-de-lannee\/","og_locale":"fr_FR","og_type":"article","og_title":"Vendredi de la fiscalit\u00e9: Les retenus \u00e0 la source au c\u0153ur du troisi\u00e8me acte de l'ann\u00e9e - 228 News","og_description":"(228NEWS\/ Lom\u00e9, le 29 mars 2019)- Nombreux sont les probl\u00e8mes qui d\u00e9coulent de la retenue que font certains locataires des loyers qu&rsquo;ils doivent aux propri\u00e9taires d&rsquo;immeubles. Ces premiers, de peur de ne subir cet imp\u00f4t eux m\u00eame \u00e0 la fin de l&rsquo;ann\u00e9e et conform\u00e9ment aux dispositions fiscales en vigueur au Togo, pr\u00e9l\u00e8vent 12,5% de leur ... Lire la suite","og_url":"https:\/\/228news.tg\/index.php\/2019\/03\/29\/vendredi-de-la-fiscalite-les-retenus-a-la-source-au-coeur-du-troisieme-acte-de-lannee\/","og_site_name":"228 News","article_published_time":"2019-03-29T00:00:00+00:00","article_modified_time":"2024-09-09T14:08:18+00:00","og_image":[{"width":1280,"height":960,"url":"https:\/\/228news.tg\/wp-content\/uploads\/2024\/09\/photo_2019-03-29_20-00-45.jpg","type":"image\/jpeg"}],"author":"Bienvenu SAVI","twitter_card":"summary_large_image","twitter_misc":{"\u00c9crit par":"Bienvenu SAVI","Dur\u00e9e de lecture estim\u00e9e":"2 minutes"},"schema":{"@context":"https:\/\/schema.org","@graph":[{"@type":"Article","@id":"https:\/\/228news.tg\/index.php\/2019\/03\/29\/vendredi-de-la-fiscalite-les-retenus-a-la-source-au-coeur-du-troisieme-acte-de-lannee\/#article","isPartOf":{"@id":"https:\/\/228news.tg\/index.php\/2019\/03\/29\/vendredi-de-la-fiscalite-les-retenus-a-la-source-au-coeur-du-troisieme-acte-de-lannee\/"},"author":{"name":"Bienvenu SAVI","@id":"https:\/\/228news.tg\/#\/schema\/person\/68d5a6cc0230290e61235c8379523f52"},"headline":"Vendredi de la fiscalit\u00e9: Les retenus \u00e0 la source au c\u0153ur du troisi\u00e8me acte de l&rsquo;ann\u00e9e","datePublished":"2019-03-29T00:00:00+00:00","dateModified":"2024-09-09T14:08:18+00:00","mainEntityOfPage":{"@id":"https:\/\/228news.tg\/index.php\/2019\/03\/29\/vendredi-de-la-fiscalite-les-retenus-a-la-source-au-coeur-du-troisieme-acte-de-lannee\/"},"wordCount":533,"commentCount":0,"publisher":{"@id":"https:\/\/228news.tg\/#organization"},"image":{"@id":"https:\/\/228news.tg\/index.php\/2019\/03\/29\/vendredi-de-la-fiscalite-les-retenus-a-la-source-au-coeur-du-troisieme-acte-de-lannee\/#primaryimage"},"thumbnailUrl":"https:\/\/228news.tg\/wp-content\/uploads\/2024\/09\/photo_2019-03-29_20-00-45.jpg","articleSection":["ECONOMIE","Flash","TOGO","Une"],"inLanguage":"fr-FR","potentialAction":[{"@type":"CommentAction","name":"Comment","target":["https:\/\/228news.tg\/index.php\/2019\/03\/29\/vendredi-de-la-fiscalite-les-retenus-a-la-source-au-coeur-du-troisieme-acte-de-lannee\/#respond"]}]},{"@type":"WebPage","@id":"https:\/\/228news.tg\/index.php\/2019\/03\/29\/vendredi-de-la-fiscalite-les-retenus-a-la-source-au-coeur-du-troisieme-acte-de-lannee\/","url":"https:\/\/228news.tg\/index.php\/2019\/03\/29\/vendredi-de-la-fiscalite-les-retenus-a-la-source-au-coeur-du-troisieme-acte-de-lannee\/","name":"Vendredi de la fiscalit\u00e9: Les retenus \u00e0 la source au c\u0153ur du troisi\u00e8me acte de l'ann\u00e9e - 228 News","isPartOf":{"@id":"https:\/\/228news.tg\/#website"},"primaryImageOfPage":{"@id":"https:\/\/228news.tg\/index.php\/2019\/03\/29\/vendredi-de-la-fiscalite-les-retenus-a-la-source-au-coeur-du-troisieme-acte-de-lannee\/#primaryimage"},"image":{"@id":"https:\/\/228news.tg\/index.php\/2019\/03\/29\/vendredi-de-la-fiscalite-les-retenus-a-la-source-au-coeur-du-troisieme-acte-de-lannee\/#primaryimage"},"thumbnailUrl":"https:\/\/228news.tg\/wp-content\/uploads\/2024\/09\/photo_2019-03-29_20-00-45.jpg","datePublished":"2019-03-29T00:00:00+00:00","dateModified":"2024-09-09T14:08:18+00:00","breadcrumb":{"@id":"https:\/\/228news.tg\/index.php\/2019\/03\/29\/vendredi-de-la-fiscalite-les-retenus-a-la-source-au-coeur-du-troisieme-acte-de-lannee\/#breadcrumb"},"inLanguage":"fr-FR","potentialAction":[{"@type":"ReadAction","target":["https:\/\/228news.tg\/index.php\/2019\/03\/29\/vendredi-de-la-fiscalite-les-retenus-a-la-source-au-coeur-du-troisieme-acte-de-lannee\/"]}]},{"@type":"ImageObject","inLanguage":"fr-FR","@id":"https:\/\/228news.tg\/index.php\/2019\/03\/29\/vendredi-de-la-fiscalite-les-retenus-a-la-source-au-coeur-du-troisieme-acte-de-lannee\/#primaryimage","url":"https:\/\/228news.tg\/wp-content\/uploads\/2024\/09\/photo_2019-03-29_20-00-45.jpg","contentUrl":"https:\/\/228news.tg\/wp-content\/uploads\/2024\/09\/photo_2019-03-29_20-00-45.jpg","width":1280,"height":960},{"@type":"BreadcrumbList","@id":"https:\/\/228news.tg\/index.php\/2019\/03\/29\/vendredi-de-la-fiscalite-les-retenus-a-la-source-au-coeur-du-troisieme-acte-de-lannee\/#breadcrumb","itemListElement":[{"@type":"ListItem","position":1,"name":"Home","item":"https:\/\/228news.tg\/"},{"@type":"ListItem","position":2,"name":"Vendredi de la fiscalit\u00e9: Les retenus \u00e0 la source au c\u0153ur du troisi\u00e8me acte de l&rsquo;ann\u00e9e"}]},{"@type":"WebSite","@id":"https:\/\/228news.tg\/#website","url":"https:\/\/228news.tg\/","name":"228 News","description":"Soci\u00e9t\u00e9 de m\u00e9dias et d\u2019actualit\u00e9s","publisher":{"@id":"https:\/\/228news.tg\/#organization"},"potentialAction":[{"@type":"SearchAction","target":{"@type":"EntryPoint","urlTemplate":"https:\/\/228news.tg\/?s={search_term_string}"},"query-input":{"@type":"PropertyValueSpecification","valueRequired":true,"valueName":"search_term_string"}}],"inLanguage":"fr-FR"},{"@type":"Organization","@id":"https:\/\/228news.tg\/#organization","name":"228 News","url":"https:\/\/228news.tg\/","logo":{"@type":"ImageObject","inLanguage":"fr-FR","@id":"https:\/\/228news.tg\/#\/schema\/logo\/image\/","url":"https:\/\/228news.tg\/wp-content\/uploads\/2024\/09\/logonew.png","contentUrl":"https:\/\/228news.tg\/wp-content\/uploads\/2024\/09\/logonew.png","width":1640,"height":364,"caption":"228 News"},"image":{"@id":"https:\/\/228news.tg\/#\/schema\/logo\/image\/"}},{"@type":"Person","@id":"https:\/\/228news.tg\/#\/schema\/person\/68d5a6cc0230290e61235c8379523f52","name":"Bienvenu SAVI","image":{"@type":"ImageObject","inLanguage":"fr-FR","@id":"https:\/\/228news.tg\/#\/schema\/person\/image\/","url":"https:\/\/secure.gravatar.com\/avatar\/9db91895c559e510509c33a3e9683998458e9b828fac36d5d1aa23f0f2fd369b?s=96&d=mm&r=g","contentUrl":"https:\/\/secure.gravatar.com\/avatar\/9db91895c559e510509c33a3e9683998458e9b828fac36d5d1aa23f0f2fd369b?s=96&d=mm&r=g","caption":"Bienvenu SAVI"},"url":"https:\/\/228news.tg\/index.php\/author\/bienvenu\/"}]}},"jetpack_featured_media_url":"https:\/\/228news.tg\/wp-content\/uploads\/2024\/09\/photo_2019-03-29_20-00-45.jpg","_links":{"self":[{"href":"https:\/\/228news.tg\/index.php\/wp-json\/wp\/v2\/posts\/2153","targetHints":{"allow":["GET"]}}],"collection":[{"href":"https:\/\/228news.tg\/index.php\/wp-json\/wp\/v2\/posts"}],"about":[{"href":"https:\/\/228news.tg\/index.php\/wp-json\/wp\/v2\/types\/post"}],"author":[{"embeddable":true,"href":"https:\/\/228news.tg\/index.php\/wp-json\/wp\/v2\/users\/2"}],"replies":[{"embeddable":true,"href":"https:\/\/228news.tg\/index.php\/wp-json\/wp\/v2\/comments?post=2153"}],"version-history":[{"count":1,"href":"https:\/\/228news.tg\/index.php\/wp-json\/wp\/v2\/posts\/2153\/revisions"}],"predecessor-version":[{"id":2156,"href":"https:\/\/228news.tg\/index.php\/wp-json\/wp\/v2\/posts\/2153\/revisions\/2156"}],"wp:featuredmedia":[{"embeddable":true,"href":"https:\/\/228news.tg\/index.php\/wp-json\/wp\/v2\/media\/2157"}],"wp:attachment":[{"href":"https:\/\/228news.tg\/index.php\/wp-json\/wp\/v2\/media?parent=2153"}],"wp:term":[{"taxonomy":"category","embeddable":true,"href":"https:\/\/228news.tg\/index.php\/wp-json\/wp\/v2\/categories?post=2153"},{"taxonomy":"post_tag","embeddable":true,"href":"https:\/\/228news.tg\/index.php\/wp-json\/wp\/v2\/tags?post=2153"}],"curies":[{"name":"wp","href":"https:\/\/api.w.org\/{rel}","templated":true}]}}