{"id":2143,"date":"2019-03-26T00:00:00","date_gmt":"2019-03-26T00:00:00","guid":{"rendered":"https:\/\/228news.tg\/index.php\/2019\/03\/26\/can-2019-le-togo-nira-pas-claude-leroy-est-il-reellement-lhomme-de-la-situation\/"},"modified":"2019-03-26T00:00:00","modified_gmt":"2019-03-26T00:00:00","slug":"can-2019-le-togo-nira-pas-claude-leroy-est-il-reellement-lhomme-de-la-situation","status":"publish","type":"post","link":"https:\/\/228news.tg\/index.php\/2019\/03\/26\/can-2019-le-togo-nira-pas-claude-leroy-est-il-reellement-lhomme-de-la-situation\/","title":{"rendered":"CAN 2019, le Togo n&rsquo;ira pas: Claude Leroy est-il r\u00e9ellement l&rsquo;homme de la situation?"},"content":{"rendered":"<p>(228NEWS\/ Lom\u00e9, le 26 mars 2019)- Le dimanche 24 Mars 2019, le Stade G\u00e9n\u00e9ral Mathieu Kerekou de Cotonou a \u00e9t\u00e9 t\u00e9moin de l&rsquo;\u00e9limination des \u00c9perviers du Togo; qui \u00e9taient \u00e0 la conqu\u00eate d&rsquo;une victoire face aux \u00c9cureuils du B\u00e9nin.<\/p>\n<p>Voici le film de la rencontre<\/p>\n<p>Tout a commenc\u00e9 \u00e0 16 heures 00 quand Mr BAMLAK TESSEMA WEYESA a siffl\u00e9 le coup d&rsquo;envoi de ce match qui comptait pour la derni\u00e8re journ\u00e9e des \u00e9liminatoires de la CAN EGYPTE 2019.<\/p>\n<p>Les \u00c9perviers en maillot blanc, n&rsquo;ont pas eu le temps de bien s&rsquo;installer quand David Djigla a trouv\u00e9 le chemin des filets de Djeri Bassa \u00e0 la\u00a0 10\u00e8me minute de jeu. Un coup dur et pr\u00e9coce pour ADEBAYOR et les siens. Apr\u00e8s une s\u00e9rie d\u2019efforts louables pour revenir au score, les poulains de Claude Marie Leroy, ne sont pas parvenus a \u00e9galiser avant la fin de la premi\u00e8re mi-temps. Score 1-0 en faveur du B\u00e9nin.<\/p>\n<p>A la reprise, les \u00e9perviers ont donn\u00e9 le tout pour le tout. Claude Leroy a utilis\u00e9 tous ses cartouches notamment l&rsquo;entr\u00e9e en jeu de Fodo Laba et de Placca Fesou. Mais ce dispositif offensif n&rsquo;a pas vraiment boug\u00e9 les lignes. Il a fallu attendre la 71\u00e8me minute pour qu&rsquo;Adebayor redonne un nouveau souffle de vie aux Togolais par un coup de t\u00eate qu&rsquo;Allagbe Saturnin le portier B\u00e9ninois a eu du mal a intercept\u00e9.<\/p>\n<p>L&rsquo;espoir d&rsquo;une probable qualification rena\u00eet ainsi dans le camp des Togolais. Mais la mission s&rsquo;annon\u00e7ait plus compliqu\u00e9e qu&rsquo;on le pensait. Les \u00c9perviers avaient donc le choix entre marquer un nouveau but pour se qualifier ou encaisser un autre but pour \u00eatre \u00e9liminer. Quoi de plus motivant pour mouiller les maillots!!<\/p>\n<p>Mais le destin en a d\u00e9cid\u00e9 autrement. N&rsquo;ayant plus \u00e9t\u00e9 battu \u00e0 domicile depuis pr\u00e8s de 7ans, les \u00c9cureuils ont chang\u00e9 le marquoir \u00e0 la 83eme minute par un but de Steve Mounie devant lequel Bassa Djeri a encore une fois \u00e9t\u00e9 impuissant.\u00a0Score final 2-1 en faveur du B\u00e9nin.<\/p>\n<p>A qui alors la faute ?\u00a0Est-ce les joueurs qui n&rsquo;ont pas fait leur travail? ou est-ce le s\u00e9lectionneur qui n&rsquo;as pas r\u00e9ussi \u00e0 sa mission ? Ou encore a la F\u00e9d\u00e9ration Togolaise de Football ? Ces questions ne trouverons sans doute jamais de r\u00e9ponses satisfaisantes. Du toute les fa\u00e7ons Michel DUSSUYER et son \u00e9quipe, participeront \u00e0 la CAN EGYPTE 2019 au moment o\u00f9 Claude Leroy et ses joueurs dont on se demande s&rsquo;ils sont toujours les personnes de la situation, iront \u00e0 la table de r\u00e9flexion.<\/p>\n<p>Quand bien m\u00eame \u00e9limin\u00e9 de ce prochain rendez-vous sportif en Egypte, le s\u00e9lectionneur des Togolais qui avait pour mission de qualifier le Togo , a rendu un vibrant hommage \u00e0 ses joueurs :<\/p>\n<p>\u00ab\u00a0J&rsquo;ai f\u00e9licit\u00e9 tous mes joueurs pour le travail qu&rsquo;ils ont abattu durant ces trois ann\u00e9es. Je pense avoir constituer la bonne \u00e9quipe durant cette p\u00e9riode. Sheyi a fait un bon match ce soir et donn\u00e9 tord a ceux qui pensent qu&rsquo;il n&rsquo;a plus sa place dans cette s\u00e9lection. Je vais aller un peu en vacance. Pour le moment je ne sais pas ce que r\u00e9serve l&rsquo;avenir.\u00a0\u00bb, a t&rsquo;il l\u00e2ch\u00e9 en conf\u00e9rence de presse apr\u00e8s le match.<\/p>\n<p>Le rendez-vous est alors pris pour les \u00e9liminatoires de la CAN CAMEROUN 2021 pour les \u00c9perviers du Togo.<\/p>\n<p><em><strong>Fred Agb\u00e9ko, envoy\u00e9 sp\u00e9cial<\/strong><\/em><\/p>\n<p>&nbsp;<\/p>\n","protected":false},"excerpt":{"rendered":"<p>(228NEWS\/ Lom\u00e9, le 26 mars 2019)- Le dimanche 24 Mars 2019, le Stade G\u00e9n\u00e9ral Mathieu Kerekou de Cotonou a \u00e9t\u00e9 t\u00e9moin de l&rsquo;\u00e9limination des \u00c9perviers du Togo; qui \u00e9taient \u00e0 la conqu\u00eate d&rsquo;une victoire face aux \u00c9cureuils du B\u00e9nin. Voici le film de la rencontre Tout a commenc\u00e9 \u00e0 16 heures 00 quand Mr BAMLAK &#8230; <a title=\"CAN 2019, le Togo n&rsquo;ira pas: Claude Leroy est-il r\u00e9ellement l&rsquo;homme de la situation?\" class=\"read-more\" href=\"https:\/\/228news.tg\/index.php\/2019\/03\/26\/can-2019-le-togo-nira-pas-claude-leroy-est-il-reellement-lhomme-de-la-situation\/\" aria-label=\"En savoir plus sur CAN 2019, le Togo n&rsquo;ira pas: Claude Leroy est-il r\u00e9ellement l&rsquo;homme de la situation?\">Lire la suite<\/a><\/p>\n","protected":false},"author":2,"featured_media":2144,"comment_status":"open","ping_status":"open","sticky":false,"template":"","format":"standard","meta":{"footnotes":""},"categories":[35,24,25,34],"tags":[],"class_list":["post-2143","post","type-post","status-publish","format-standard","has-post-thumbnail","hentry","category-flash","category-sports","category-togo","category-une"],"yoast_head":"<!-- This site is optimized with the Yoast SEO plugin v26.4 - https:\/\/yoast.com\/wordpress\/plugins\/seo\/ -->\n<title>CAN 2019, le Togo n&#039;ira pas: Claude Leroy est-il r\u00e9ellement l&#039;homme de la situation? - 228 News<\/title>\n<meta name=\"robots\" content=\"index, follow, max-snippet:-1, max-image-preview:large, max-video-preview:-1\" \/>\n<link rel=\"canonical\" href=\"https:\/\/228news.tg\/index.php\/2019\/03\/26\/can-2019-le-togo-nira-pas-claude-leroy-est-il-reellement-lhomme-de-la-situation\/\" \/>\n<meta property=\"og:locale\" content=\"fr_FR\" \/>\n<meta property=\"og:type\" content=\"article\" \/>\n<meta property=\"og:title\" content=\"CAN 2019, le Togo n&#039;ira pas: Claude Leroy est-il r\u00e9ellement l&#039;homme de la situation? - 228 News\" \/>\n<meta property=\"og:description\" content=\"(228NEWS\/ Lom\u00e9, le 26 mars 2019)- Le dimanche 24 Mars 2019, le Stade G\u00e9n\u00e9ral Mathieu Kerekou de Cotonou a \u00e9t\u00e9 t\u00e9moin de l&rsquo;\u00e9limination des \u00c9perviers du Togo; qui \u00e9taient \u00e0 la conqu\u00eate d&rsquo;une victoire face aux \u00c9cureuils du B\u00e9nin. Voici le film de la rencontre Tout a commenc\u00e9 \u00e0 16 heures 00 quand Mr BAMLAK ... Lire la suite\" \/>\n<meta property=\"og:url\" content=\"https:\/\/228news.tg\/index.php\/2019\/03\/26\/can-2019-le-togo-nira-pas-claude-leroy-est-il-reellement-lhomme-de-la-situation\/\" \/>\n<meta property=\"og:site_name\" content=\"228 News\" \/>\n<meta property=\"article:published_time\" content=\"2019-03-26T00:00:00+00:00\" \/>\n<meta property=\"og:image\" content=\"https:\/\/228news.tg\/wp-content\/uploads\/2024\/09\/photo_2019-03-26_08-53-45.jpg\" \/>\n\t<meta property=\"og:image:width\" content=\"1080\" \/>\n\t<meta property=\"og:image:height\" content=\"607\" \/>\n\t<meta property=\"og:image:type\" content=\"image\/jpeg\" \/>\n<meta name=\"author\" content=\"Bienvenu SAVI\" \/>\n<meta name=\"twitter:card\" content=\"summary_large_image\" \/>\n<meta name=\"twitter:label1\" content=\"\u00c9crit par\" \/>\n\t<meta name=\"twitter:data1\" content=\"Bienvenu SAVI\" \/>\n\t<meta name=\"twitter:label2\" content=\"Dur\u00e9e de lecture estim\u00e9e\" \/>\n\t<meta name=\"twitter:data2\" content=\"3 minutes\" \/>\n<script type=\"application\/ld+json\" class=\"yoast-schema-graph\">{\"@context\":\"https:\/\/schema.org\",\"@graph\":[{\"@type\":\"Article\",\"@id\":\"https:\/\/228news.tg\/index.php\/2019\/03\/26\/can-2019-le-togo-nira-pas-claude-leroy-est-il-reellement-lhomme-de-la-situation\/#article\",\"isPartOf\":{\"@id\":\"https:\/\/228news.tg\/index.php\/2019\/03\/26\/can-2019-le-togo-nira-pas-claude-leroy-est-il-reellement-lhomme-de-la-situation\/\"},\"author\":{\"name\":\"Bienvenu SAVI\",\"@id\":\"https:\/\/228news.tg\/#\/schema\/person\/68d5a6cc0230290e61235c8379523f52\"},\"headline\":\"CAN 2019, le Togo n&rsquo;ira pas: Claude Leroy est-il r\u00e9ellement l&rsquo;homme de la situation?\",\"datePublished\":\"2019-03-26T00:00:00+00:00\",\"mainEntityOfPage\":{\"@id\":\"https:\/\/228news.tg\/index.php\/2019\/03\/26\/can-2019-le-togo-nira-pas-claude-leroy-est-il-reellement-lhomme-de-la-situation\/\"},\"wordCount\":603,\"commentCount\":0,\"publisher\":{\"@id\":\"https:\/\/228news.tg\/#organization\"},\"image\":{\"@id\":\"https:\/\/228news.tg\/index.php\/2019\/03\/26\/can-2019-le-togo-nira-pas-claude-leroy-est-il-reellement-lhomme-de-la-situation\/#primaryimage\"},\"thumbnailUrl\":\"https:\/\/228news.tg\/wp-content\/uploads\/2024\/09\/photo_2019-03-26_08-53-45.jpg\",\"articleSection\":[\"Flash\",\"SPORTS\",\"TOGO\",\"Une\"],\"inLanguage\":\"fr-FR\",\"potentialAction\":[{\"@type\":\"CommentAction\",\"name\":\"Comment\",\"target\":[\"https:\/\/228news.tg\/index.php\/2019\/03\/26\/can-2019-le-togo-nira-pas-claude-leroy-est-il-reellement-lhomme-de-la-situation\/#respond\"]}]},{\"@type\":\"WebPage\",\"@id\":\"https:\/\/228news.tg\/index.php\/2019\/03\/26\/can-2019-le-togo-nira-pas-claude-leroy-est-il-reellement-lhomme-de-la-situation\/\",\"url\":\"https:\/\/228news.tg\/index.php\/2019\/03\/26\/can-2019-le-togo-nira-pas-claude-leroy-est-il-reellement-lhomme-de-la-situation\/\",\"name\":\"CAN 2019, le Togo n'ira pas: Claude Leroy est-il r\u00e9ellement l'homme de la situation? - 228 News\",\"isPartOf\":{\"@id\":\"https:\/\/228news.tg\/#website\"},\"primaryImageOfPage\":{\"@id\":\"https:\/\/228news.tg\/index.php\/2019\/03\/26\/can-2019-le-togo-nira-pas-claude-leroy-est-il-reellement-lhomme-de-la-situation\/#primaryimage\"},\"image\":{\"@id\":\"https:\/\/228news.tg\/index.php\/2019\/03\/26\/can-2019-le-togo-nira-pas-claude-leroy-est-il-reellement-lhomme-de-la-situation\/#primaryimage\"},\"thumbnailUrl\":\"https:\/\/228news.tg\/wp-content\/uploads\/2024\/09\/photo_2019-03-26_08-53-45.jpg\",\"datePublished\":\"2019-03-26T00:00:00+00:00\",\"breadcrumb\":{\"@id\":\"https:\/\/228news.tg\/index.php\/2019\/03\/26\/can-2019-le-togo-nira-pas-claude-leroy-est-il-reellement-lhomme-de-la-situation\/#breadcrumb\"},\"inLanguage\":\"fr-FR\",\"potentialAction\":[{\"@type\":\"ReadAction\",\"target\":[\"https:\/\/228news.tg\/index.php\/2019\/03\/26\/can-2019-le-togo-nira-pas-claude-leroy-est-il-reellement-lhomme-de-la-situation\/\"]}]},{\"@type\":\"ImageObject\",\"inLanguage\":\"fr-FR\",\"@id\":\"https:\/\/228news.tg\/index.php\/2019\/03\/26\/can-2019-le-togo-nira-pas-claude-leroy-est-il-reellement-lhomme-de-la-situation\/#primaryimage\",\"url\":\"https:\/\/228news.tg\/wp-content\/uploads\/2024\/09\/photo_2019-03-26_08-53-45.jpg\",\"contentUrl\":\"https:\/\/228news.tg\/wp-content\/uploads\/2024\/09\/photo_2019-03-26_08-53-45.jpg\",\"width\":1080,\"height\":607},{\"@type\":\"BreadcrumbList\",\"@id\":\"https:\/\/228news.tg\/index.php\/2019\/03\/26\/can-2019-le-togo-nira-pas-claude-leroy-est-il-reellement-lhomme-de-la-situation\/#breadcrumb\",\"itemListElement\":[{\"@type\":\"ListItem\",\"position\":1,\"name\":\"Home\",\"item\":\"https:\/\/228news.tg\/\"},{\"@type\":\"ListItem\",\"position\":2,\"name\":\"CAN 2019, le Togo n&rsquo;ira pas: Claude Leroy est-il r\u00e9ellement l&rsquo;homme de la situation?\"}]},{\"@type\":\"WebSite\",\"@id\":\"https:\/\/228news.tg\/#website\",\"url\":\"https:\/\/228news.tg\/\",\"name\":\"228 News\",\"description\":\"Soci\u00e9t\u00e9 de m\u00e9dias et d\u2019actualit\u00e9s\",\"publisher\":{\"@id\":\"https:\/\/228news.tg\/#organization\"},\"potentialAction\":[{\"@type\":\"SearchAction\",\"target\":{\"@type\":\"EntryPoint\",\"urlTemplate\":\"https:\/\/228news.tg\/?s={search_term_string}\"},\"query-input\":{\"@type\":\"PropertyValueSpecification\",\"valueRequired\":true,\"valueName\":\"search_term_string\"}}],\"inLanguage\":\"fr-FR\"},{\"@type\":\"Organization\",\"@id\":\"https:\/\/228news.tg\/#organization\",\"name\":\"228 News\",\"url\":\"https:\/\/228news.tg\/\",\"logo\":{\"@type\":\"ImageObject\",\"inLanguage\":\"fr-FR\",\"@id\":\"https:\/\/228news.tg\/#\/schema\/logo\/image\/\",\"url\":\"https:\/\/228news.tg\/wp-content\/uploads\/2024\/09\/logonew.png\",\"contentUrl\":\"https:\/\/228news.tg\/wp-content\/uploads\/2024\/09\/logonew.png\",\"width\":1640,\"height\":364,\"caption\":\"228 News\"},\"image\":{\"@id\":\"https:\/\/228news.tg\/#\/schema\/logo\/image\/\"}},{\"@type\":\"Person\",\"@id\":\"https:\/\/228news.tg\/#\/schema\/person\/68d5a6cc0230290e61235c8379523f52\",\"name\":\"Bienvenu SAVI\",\"image\":{\"@type\":\"ImageObject\",\"inLanguage\":\"fr-FR\",\"@id\":\"https:\/\/228news.tg\/#\/schema\/person\/image\/\",\"url\":\"https:\/\/secure.gravatar.com\/avatar\/9db91895c559e510509c33a3e9683998458e9b828fac36d5d1aa23f0f2fd369b?s=96&d=mm&r=g\",\"contentUrl\":\"https:\/\/secure.gravatar.com\/avatar\/9db91895c559e510509c33a3e9683998458e9b828fac36d5d1aa23f0f2fd369b?s=96&d=mm&r=g\",\"caption\":\"Bienvenu SAVI\"},\"url\":\"https:\/\/228news.tg\/index.php\/author\/bienvenu\/\"}]}<\/script>\n<!-- \/ Yoast SEO plugin. -->","yoast_head_json":{"title":"CAN 2019, le Togo n'ira pas: Claude Leroy est-il r\u00e9ellement l'homme de la situation? - 228 News","robots":{"index":"index","follow":"follow","max-snippet":"max-snippet:-1","max-image-preview":"max-image-preview:large","max-video-preview":"max-video-preview:-1"},"canonical":"https:\/\/228news.tg\/index.php\/2019\/03\/26\/can-2019-le-togo-nira-pas-claude-leroy-est-il-reellement-lhomme-de-la-situation\/","og_locale":"fr_FR","og_type":"article","og_title":"CAN 2019, le Togo n'ira pas: Claude Leroy est-il r\u00e9ellement l'homme de la situation? - 228 News","og_description":"(228NEWS\/ Lom\u00e9, le 26 mars 2019)- Le dimanche 24 Mars 2019, le Stade G\u00e9n\u00e9ral Mathieu Kerekou de Cotonou a \u00e9t\u00e9 t\u00e9moin de l&rsquo;\u00e9limination des \u00c9perviers du Togo; qui \u00e9taient \u00e0 la conqu\u00eate d&rsquo;une victoire face aux \u00c9cureuils du B\u00e9nin. Voici le film de la rencontre Tout a commenc\u00e9 \u00e0 16 heures 00 quand Mr BAMLAK ... Lire la suite","og_url":"https:\/\/228news.tg\/index.php\/2019\/03\/26\/can-2019-le-togo-nira-pas-claude-leroy-est-il-reellement-lhomme-de-la-situation\/","og_site_name":"228 News","article_published_time":"2019-03-26T00:00:00+00:00","og_image":[{"width":1080,"height":607,"url":"https:\/\/228news.tg\/wp-content\/uploads\/2024\/09\/photo_2019-03-26_08-53-45.jpg","type":"image\/jpeg"}],"author":"Bienvenu SAVI","twitter_card":"summary_large_image","twitter_misc":{"\u00c9crit par":"Bienvenu SAVI","Dur\u00e9e de lecture estim\u00e9e":"3 minutes"},"schema":{"@context":"https:\/\/schema.org","@graph":[{"@type":"Article","@id":"https:\/\/228news.tg\/index.php\/2019\/03\/26\/can-2019-le-togo-nira-pas-claude-leroy-est-il-reellement-lhomme-de-la-situation\/#article","isPartOf":{"@id":"https:\/\/228news.tg\/index.php\/2019\/03\/26\/can-2019-le-togo-nira-pas-claude-leroy-est-il-reellement-lhomme-de-la-situation\/"},"author":{"name":"Bienvenu SAVI","@id":"https:\/\/228news.tg\/#\/schema\/person\/68d5a6cc0230290e61235c8379523f52"},"headline":"CAN 2019, le Togo n&rsquo;ira pas: Claude Leroy est-il r\u00e9ellement l&rsquo;homme de la situation?","datePublished":"2019-03-26T00:00:00+00:00","mainEntityOfPage":{"@id":"https:\/\/228news.tg\/index.php\/2019\/03\/26\/can-2019-le-togo-nira-pas-claude-leroy-est-il-reellement-lhomme-de-la-situation\/"},"wordCount":603,"commentCount":0,"publisher":{"@id":"https:\/\/228news.tg\/#organization"},"image":{"@id":"https:\/\/228news.tg\/index.php\/2019\/03\/26\/can-2019-le-togo-nira-pas-claude-leroy-est-il-reellement-lhomme-de-la-situation\/#primaryimage"},"thumbnailUrl":"https:\/\/228news.tg\/wp-content\/uploads\/2024\/09\/photo_2019-03-26_08-53-45.jpg","articleSection":["Flash","SPORTS","TOGO","Une"],"inLanguage":"fr-FR","potentialAction":[{"@type":"CommentAction","name":"Comment","target":["https:\/\/228news.tg\/index.php\/2019\/03\/26\/can-2019-le-togo-nira-pas-claude-leroy-est-il-reellement-lhomme-de-la-situation\/#respond"]}]},{"@type":"WebPage","@id":"https:\/\/228news.tg\/index.php\/2019\/03\/26\/can-2019-le-togo-nira-pas-claude-leroy-est-il-reellement-lhomme-de-la-situation\/","url":"https:\/\/228news.tg\/index.php\/2019\/03\/26\/can-2019-le-togo-nira-pas-claude-leroy-est-il-reellement-lhomme-de-la-situation\/","name":"CAN 2019, le Togo n'ira pas: Claude Leroy est-il r\u00e9ellement l'homme de la situation? - 228 News","isPartOf":{"@id":"https:\/\/228news.tg\/#website"},"primaryImageOfPage":{"@id":"https:\/\/228news.tg\/index.php\/2019\/03\/26\/can-2019-le-togo-nira-pas-claude-leroy-est-il-reellement-lhomme-de-la-situation\/#primaryimage"},"image":{"@id":"https:\/\/228news.tg\/index.php\/2019\/03\/26\/can-2019-le-togo-nira-pas-claude-leroy-est-il-reellement-lhomme-de-la-situation\/#primaryimage"},"thumbnailUrl":"https:\/\/228news.tg\/wp-content\/uploads\/2024\/09\/photo_2019-03-26_08-53-45.jpg","datePublished":"2019-03-26T00:00:00+00:00","breadcrumb":{"@id":"https:\/\/228news.tg\/index.php\/2019\/03\/26\/can-2019-le-togo-nira-pas-claude-leroy-est-il-reellement-lhomme-de-la-situation\/#breadcrumb"},"inLanguage":"fr-FR","potentialAction":[{"@type":"ReadAction","target":["https:\/\/228news.tg\/index.php\/2019\/03\/26\/can-2019-le-togo-nira-pas-claude-leroy-est-il-reellement-lhomme-de-la-situation\/"]}]},{"@type":"ImageObject","inLanguage":"fr-FR","@id":"https:\/\/228news.tg\/index.php\/2019\/03\/26\/can-2019-le-togo-nira-pas-claude-leroy-est-il-reellement-lhomme-de-la-situation\/#primaryimage","url":"https:\/\/228news.tg\/wp-content\/uploads\/2024\/09\/photo_2019-03-26_08-53-45.jpg","contentUrl":"https:\/\/228news.tg\/wp-content\/uploads\/2024\/09\/photo_2019-03-26_08-53-45.jpg","width":1080,"height":607},{"@type":"BreadcrumbList","@id":"https:\/\/228news.tg\/index.php\/2019\/03\/26\/can-2019-le-togo-nira-pas-claude-leroy-est-il-reellement-lhomme-de-la-situation\/#breadcrumb","itemListElement":[{"@type":"ListItem","position":1,"name":"Home","item":"https:\/\/228news.tg\/"},{"@type":"ListItem","position":2,"name":"CAN 2019, le Togo n&rsquo;ira pas: Claude Leroy est-il r\u00e9ellement l&rsquo;homme de la situation?"}]},{"@type":"WebSite","@id":"https:\/\/228news.tg\/#website","url":"https:\/\/228news.tg\/","name":"228 News","description":"Soci\u00e9t\u00e9 de m\u00e9dias et d\u2019actualit\u00e9s","publisher":{"@id":"https:\/\/228news.tg\/#organization"},"potentialAction":[{"@type":"SearchAction","target":{"@type":"EntryPoint","urlTemplate":"https:\/\/228news.tg\/?s={search_term_string}"},"query-input":{"@type":"PropertyValueSpecification","valueRequired":true,"valueName":"search_term_string"}}],"inLanguage":"fr-FR"},{"@type":"Organization","@id":"https:\/\/228news.tg\/#organization","name":"228 News","url":"https:\/\/228news.tg\/","logo":{"@type":"ImageObject","inLanguage":"fr-FR","@id":"https:\/\/228news.tg\/#\/schema\/logo\/image\/","url":"https:\/\/228news.tg\/wp-content\/uploads\/2024\/09\/logonew.png","contentUrl":"https:\/\/228news.tg\/wp-content\/uploads\/2024\/09\/logonew.png","width":1640,"height":364,"caption":"228 News"},"image":{"@id":"https:\/\/228news.tg\/#\/schema\/logo\/image\/"}},{"@type":"Person","@id":"https:\/\/228news.tg\/#\/schema\/person\/68d5a6cc0230290e61235c8379523f52","name":"Bienvenu SAVI","image":{"@type":"ImageObject","inLanguage":"fr-FR","@id":"https:\/\/228news.tg\/#\/schema\/person\/image\/","url":"https:\/\/secure.gravatar.com\/avatar\/9db91895c559e510509c33a3e9683998458e9b828fac36d5d1aa23f0f2fd369b?s=96&d=mm&r=g","contentUrl":"https:\/\/secure.gravatar.com\/avatar\/9db91895c559e510509c33a3e9683998458e9b828fac36d5d1aa23f0f2fd369b?s=96&d=mm&r=g","caption":"Bienvenu SAVI"},"url":"https:\/\/228news.tg\/index.php\/author\/bienvenu\/"}]}},"jetpack_featured_media_url":"https:\/\/228news.tg\/wp-content\/uploads\/2024\/09\/photo_2019-03-26_08-53-45.jpg","_links":{"self":[{"href":"https:\/\/228news.tg\/index.php\/wp-json\/wp\/v2\/posts\/2143","targetHints":{"allow":["GET"]}}],"collection":[{"href":"https:\/\/228news.tg\/index.php\/wp-json\/wp\/v2\/posts"}],"about":[{"href":"https:\/\/228news.tg\/index.php\/wp-json\/wp\/v2\/types\/post"}],"author":[{"embeddable":true,"href":"https:\/\/228news.tg\/index.php\/wp-json\/wp\/v2\/users\/2"}],"replies":[{"embeddable":true,"href":"https:\/\/228news.tg\/index.php\/wp-json\/wp\/v2\/comments?post=2143"}],"version-history":[{"count":0,"href":"https:\/\/228news.tg\/index.php\/wp-json\/wp\/v2\/posts\/2143\/revisions"}],"wp:featuredmedia":[{"embeddable":true,"href":"https:\/\/228news.tg\/index.php\/wp-json\/wp\/v2\/media\/2144"}],"wp:attachment":[{"href":"https:\/\/228news.tg\/index.php\/wp-json\/wp\/v2\/media?parent=2143"}],"wp:term":[{"taxonomy":"category","embeddable":true,"href":"https:\/\/228news.tg\/index.php\/wp-json\/wp\/v2\/categories?post=2143"},{"taxonomy":"post_tag","embeddable":true,"href":"https:\/\/228news.tg\/index.php\/wp-json\/wp\/v2\/tags?post=2143"}],"curies":[{"name":"wp","href":"https:\/\/api.w.org\/{rel}","templated":true}]}}