{"id":2142,"date":"2017-12-27T21:16:29","date_gmt":"2017-12-27T21:16:29","guid":{"rendered":"http:\/\/localhost\/site\/228news\/?p=2142"},"modified":"2017-12-27T21:16:29","modified_gmt":"2017-12-27T21:16:29","slug":"accidents-routiersfinancement-du-premier-secours-le-cri-de-detresse-de-lact-afrique-2","status":"publish","type":"post","link":"https:\/\/228news.tg\/index.php\/2017\/12\/27\/accidents-routiersfinancement-du-premier-secours-le-cri-de-detresse-de-lact-afrique-2\/","title":{"rendered":"Accidents routiers\/Financement du Premier secours, le cri de d\u00e9tresse de l&rsquo;ACT-AFRIQUE"},"content":{"rendered":"<p>L&rsquo;ONG Assistance M\u00e9dicale sans fronti\u00e8re en milieu rural au Togo et en Afrique (ACT-AFRIQUE) appelle au financement de la prise en charge des premiers soins en faveur des accident\u00e9s de la route en l\u2019occurrence en ces p\u00e9riodes de fin d\u2019ann\u00e9es.<\/p>\n<p>Depuis quelques ann\u00e9es, on constate une recrudescence des accidents de la route, surtout pendant les p\u00e9riodes de f\u00eates de fin d&rsquo;ann\u00e9e (no\u00ebl et nouvel an). Une situation qui entra\u00eene des bless\u00e9s graves, et parfois des handicap\u00e9s et surtout la mort.<\/p>\n<p>Le gouvernement togolais, a consenti des efforts dans le domaine de la sant\u00e9, en renfor\u00e7ant le personnel sanitaire avec \u00e0 la cl\u00e9 la strat\u00e9gie de contractualisation des h\u00f4pitaux publics, qui a d\u00e9j\u00e0 accouch\u00e9 des r\u00e9sultats encourageants. Mais malgr\u00e9 tous ces efforts, on constate malheureusement que les moyens d&rsquo;\u00e9vacuation pour assurer les premiers soins et sauver les vies humaines en cas d&rsquo;accidents de la route, restent encore insuffisants.<\/p>\n<p>C&rsquo;est donc cet \u00e9tat de choses qui a contraint l&rsquo;ONG Assistance M\u00e9dicale sans fronti\u00e8re en milieu rural au Togo et en Afrique (ACT-AFRIQUE), de monter un projet pilote pour contribuer \u00e0 assurer aux premiers soins post-accident.<\/p>\n<p>Pour ESSE YAWO Pr\u00e9sident de ACT-AFRIQUE, certains accident\u00e9s une fois \u00e9vacu\u00e9s au CHU-SO, n&rsquo;arrivent pas \u00e0 honorer \u00e0 temps les ordonnances des m\u00e9decins pour les premiers soins.<\/p>\n<p>\u00ab\u00a0Ces situations limitent et ralentissent la prise en charge des premiers soins entra\u00eenant des complications chez certains et la mort chez d&rsquo;autres \u00a0\u00bb a-t&rsquo;il circonstanci\u00e9 dans une interview qu&rsquo;il a accord\u00e9e aux m\u00e9dias dans les locaux du CHU-SU.<\/p>\n<p>L&rsquo;ONG ACT-AFRIQUE, veut donc \u00e0 travers ses actions qu&rsquo;elle a d\u00e9j\u00e0 d\u00e9marr\u00e9 depuis deux semaines: mettre en place un fonds de secours; honorer les ordonnances des premiers soins aux victimes n\u00e9cessiteux ; aider \u00e0 trouver les parents ou les proches des victimes ; accompagner les accident\u00e9s \u00e0 domicile ; sensibiliser les victimes et les usagers sur les bons comportements \u00e0 adopter pendant la conduite ; et enfin faire un accompagnement psychosocial des victimes n\u00e9cessiteuses.<\/p>\n<p>\u00ab\u00a0\u00c0 travers ces actions, nous voulons aider \u00e0 la prise en charge des premiers soins des victimes des accidents de la voie publique pendant les p\u00e9riodes de fin d&rsquo;ann\u00e9e\u00a0\u00bb, a indiqu\u00e9 Esse Yao pr\u00e9sident de l\u2019ONG ACT-AFRIQUE.<\/p>\n<p>Une vingtaine de victimes ont d\u00e9j\u00e0 b\u00e9n\u00e9fici\u00e9 des prestations de cette ONG, qui s&rsquo;installe dans la salle d&rsquo;urgence du CHU-SO.<\/p>\n<p>Pour bien rassurer cette mission sociale en toute qui\u00e9tude, les responsables de l&rsquo;ACT-AFRIQUE, appellent toute la population togolaise sans exception aucune de mettre la main \u00e0 la poche, afin de contribuer \u00e0 sauver la vie des compatriotes en cas d&rsquo;accidents de la route.<\/p>\n<p>Pour apporter son aide \u00e0 la r\u00e9alisation de cette mission \u00e0 caract\u00e8re social, il suffit de faire un transfert d&rsquo;argent par T-Money sur le 90 01 20 06, ou par Flooz sur le 99 42 01 11, ou soit faire un tour \u00e0 la salle d&rsquo;urgence du CHU-SO pour donner le montant de sa contribution main \u00e0 main.<\/p>\n<p>L&rsquo;ONG compte poursuivre les travaux relatifs \u00e0 ce projet hormis les p\u00e9riodes de fin d&rsquo;ann\u00e9e, si la population togolaise l&rsquo;adh\u00e8re via sa partition financi\u00e8re.<\/p>\n<p><strong>228news<\/strong><\/p>\n","protected":false},"excerpt":{"rendered":"<p>L&rsquo;ONG Assistance M\u00e9dicale sans fronti\u00e8re en milieu rural au Togo et en Afrique (ACT-AFRIQUE) appelle au financement de la prise en charge des premiers soins en faveur des accident\u00e9s de la route en l\u2019occurrence en ces p\u00e9riodes de fin d\u2019ann\u00e9es. Depuis quelques ann\u00e9es, on constate une recrudescence des accidents de la route, surtout pendant les &#8230; <a title=\"Accidents routiers\/Financement du Premier secours, le cri de d\u00e9tresse de l&rsquo;ACT-AFRIQUE\" class=\"read-more\" href=\"https:\/\/228news.tg\/index.php\/2017\/12\/27\/accidents-routiersfinancement-du-premier-secours-le-cri-de-detresse-de-lact-afrique-2\/\" aria-label=\"En savoir plus sur Accidents routiers\/Financement du Premier secours, le cri de d\u00e9tresse de l&rsquo;ACT-AFRIQUE\">Lire la suite<\/a><\/p>\n","protected":false},"author":2,"featured_media":2143,"comment_status":"open","ping_status":"open","sticky":false,"template":"","format":"chat","meta":{"footnotes":""},"categories":[35,27,25,34],"tags":[],"class_list":["post-2142","post","type-post","status-publish","format-chat","has-post-thumbnail","hentry","category-flash","category-sante","category-togo","category-une","post_format-post-format-chat"],"yoast_head":"<!-- This site is optimized with the Yoast SEO plugin v26.4 - https:\/\/yoast.com\/wordpress\/plugins\/seo\/ -->\n<title>Accidents routiers\/Financement du Premier secours, le cri de d\u00e9tresse de l&#039;ACT-AFRIQUE - 228 News<\/title>\n<meta name=\"robots\" content=\"index, follow, max-snippet:-1, max-image-preview:large, max-video-preview:-1\" \/>\n<link rel=\"canonical\" href=\"https:\/\/228news.tg\/index.php\/2017\/12\/27\/accidents-routiersfinancement-du-premier-secours-le-cri-de-detresse-de-lact-afrique-2\/\" \/>\n<meta property=\"og:locale\" content=\"fr_FR\" \/>\n<meta property=\"og:type\" content=\"article\" \/>\n<meta property=\"og:title\" content=\"Accidents routiers\/Financement du Premier secours, le cri de d\u00e9tresse de l&#039;ACT-AFRIQUE - 228 News\" \/>\n<meta property=\"og:description\" content=\"L&rsquo;ONG Assistance M\u00e9dicale sans fronti\u00e8re en milieu rural au Togo et en Afrique (ACT-AFRIQUE) appelle au financement de la prise en charge des premiers soins en faveur des accident\u00e9s de la route en l\u2019occurrence en ces p\u00e9riodes de fin d\u2019ann\u00e9es. Depuis quelques ann\u00e9es, on constate une recrudescence des accidents de la route, surtout pendant les ... Lire la suite\" \/>\n<meta property=\"og:url\" content=\"https:\/\/228news.tg\/index.php\/2017\/12\/27\/accidents-routiersfinancement-du-premier-secours-le-cri-de-detresse-de-lact-afrique-2\/\" \/>\n<meta property=\"og:site_name\" content=\"228 News\" \/>\n<meta property=\"article:published_time\" content=\"2017-12-27T21:16:29+00:00\" \/>\n<meta name=\"author\" content=\"Bienvenu SAVI\" \/>\n<meta name=\"twitter:card\" content=\"summary_large_image\" \/>\n<meta name=\"twitter:label1\" content=\"\u00c9crit par\" \/>\n\t<meta name=\"twitter:data1\" content=\"Bienvenu SAVI\" \/>\n\t<meta name=\"twitter:label2\" content=\"Dur\u00e9e de lecture estim\u00e9e\" \/>\n\t<meta name=\"twitter:data2\" content=\"3 minutes\" \/>\n<script type=\"application\/ld+json\" class=\"yoast-schema-graph\">{\"@context\":\"https:\/\/schema.org\",\"@graph\":[{\"@type\":\"Article\",\"@id\":\"https:\/\/228news.tg\/index.php\/2017\/12\/27\/accidents-routiersfinancement-du-premier-secours-le-cri-de-detresse-de-lact-afrique-2\/#article\",\"isPartOf\":{\"@id\":\"https:\/\/228news.tg\/index.php\/2017\/12\/27\/accidents-routiersfinancement-du-premier-secours-le-cri-de-detresse-de-lact-afrique-2\/\"},\"author\":{\"name\":\"Bienvenu SAVI\",\"@id\":\"https:\/\/228news.tg\/#\/schema\/person\/68d5a6cc0230290e61235c8379523f52\"},\"headline\":\"Accidents routiers\/Financement du Premier secours, le cri de d\u00e9tresse de l&rsquo;ACT-AFRIQUE\",\"datePublished\":\"2017-12-27T21:16:29+00:00\",\"mainEntityOfPage\":{\"@id\":\"https:\/\/228news.tg\/index.php\/2017\/12\/27\/accidents-routiersfinancement-du-premier-secours-le-cri-de-detresse-de-lact-afrique-2\/\"},\"wordCount\":559,\"commentCount\":0,\"publisher\":{\"@id\":\"https:\/\/228news.tg\/#organization\"},\"image\":{\"@id\":\"https:\/\/228news.tg\/index.php\/2017\/12\/27\/accidents-routiersfinancement-du-premier-secours-le-cri-de-detresse-de-lact-afrique-2\/#primaryimage\"},\"thumbnailUrl\":\"\",\"articleSection\":[\"Flash\",\"Sant\u00e9\",\"TOGO\",\"Une\"],\"inLanguage\":\"fr-FR\",\"potentialAction\":[{\"@type\":\"CommentAction\",\"name\":\"Comment\",\"target\":[\"https:\/\/228news.tg\/index.php\/2017\/12\/27\/accidents-routiersfinancement-du-premier-secours-le-cri-de-detresse-de-lact-afrique-2\/#respond\"]}]},{\"@type\":\"WebPage\",\"@id\":\"https:\/\/228news.tg\/index.php\/2017\/12\/27\/accidents-routiersfinancement-du-premier-secours-le-cri-de-detresse-de-lact-afrique-2\/\",\"url\":\"https:\/\/228news.tg\/index.php\/2017\/12\/27\/accidents-routiersfinancement-du-premier-secours-le-cri-de-detresse-de-lact-afrique-2\/\",\"name\":\"Accidents routiers\/Financement du Premier secours, le cri de d\u00e9tresse de l'ACT-AFRIQUE - 228 News\",\"isPartOf\":{\"@id\":\"https:\/\/228news.tg\/#website\"},\"primaryImageOfPage\":{\"@id\":\"https:\/\/228news.tg\/index.php\/2017\/12\/27\/accidents-routiersfinancement-du-premier-secours-le-cri-de-detresse-de-lact-afrique-2\/#primaryimage\"},\"image\":{\"@id\":\"https:\/\/228news.tg\/index.php\/2017\/12\/27\/accidents-routiersfinancement-du-premier-secours-le-cri-de-detresse-de-lact-afrique-2\/#primaryimage\"},\"thumbnailUrl\":\"\",\"datePublished\":\"2017-12-27T21:16:29+00:00\",\"breadcrumb\":{\"@id\":\"https:\/\/228news.tg\/index.php\/2017\/12\/27\/accidents-routiersfinancement-du-premier-secours-le-cri-de-detresse-de-lact-afrique-2\/#breadcrumb\"},\"inLanguage\":\"fr-FR\",\"potentialAction\":[{\"@type\":\"ReadAction\",\"target\":[\"https:\/\/228news.tg\/index.php\/2017\/12\/27\/accidents-routiersfinancement-du-premier-secours-le-cri-de-detresse-de-lact-afrique-2\/\"]}]},{\"@type\":\"ImageObject\",\"inLanguage\":\"fr-FR\",\"@id\":\"https:\/\/228news.tg\/index.php\/2017\/12\/27\/accidents-routiersfinancement-du-premier-secours-le-cri-de-detresse-de-lact-afrique-2\/#primaryimage\",\"url\":\"\",\"contentUrl\":\"\"},{\"@type\":\"BreadcrumbList\",\"@id\":\"https:\/\/228news.tg\/index.php\/2017\/12\/27\/accidents-routiersfinancement-du-premier-secours-le-cri-de-detresse-de-lact-afrique-2\/#breadcrumb\",\"itemListElement\":[{\"@type\":\"ListItem\",\"position\":1,\"name\":\"Home\",\"item\":\"https:\/\/228news.tg\/\"},{\"@type\":\"ListItem\",\"position\":2,\"name\":\"Accidents routiers\/Financement du Premier secours, le cri de d\u00e9tresse de l&rsquo;ACT-AFRIQUE\"}]},{\"@type\":\"WebSite\",\"@id\":\"https:\/\/228news.tg\/#website\",\"url\":\"https:\/\/228news.tg\/\",\"name\":\"228 News\",\"description\":\"Soci\u00e9t\u00e9 de m\u00e9dias et d\u2019actualit\u00e9s\",\"publisher\":{\"@id\":\"https:\/\/228news.tg\/#organization\"},\"potentialAction\":[{\"@type\":\"SearchAction\",\"target\":{\"@type\":\"EntryPoint\",\"urlTemplate\":\"https:\/\/228news.tg\/?s={search_term_string}\"},\"query-input\":{\"@type\":\"PropertyValueSpecification\",\"valueRequired\":true,\"valueName\":\"search_term_string\"}}],\"inLanguage\":\"fr-FR\"},{\"@type\":\"Organization\",\"@id\":\"https:\/\/228news.tg\/#organization\",\"name\":\"228 News\",\"url\":\"https:\/\/228news.tg\/\",\"logo\":{\"@type\":\"ImageObject\",\"inLanguage\":\"fr-FR\",\"@id\":\"https:\/\/228news.tg\/#\/schema\/logo\/image\/\",\"url\":\"https:\/\/228news.tg\/wp-content\/uploads\/2024\/09\/logonew.png\",\"contentUrl\":\"https:\/\/228news.tg\/wp-content\/uploads\/2024\/09\/logonew.png\",\"width\":1640,\"height\":364,\"caption\":\"228 News\"},\"image\":{\"@id\":\"https:\/\/228news.tg\/#\/schema\/logo\/image\/\"}},{\"@type\":\"Person\",\"@id\":\"https:\/\/228news.tg\/#\/schema\/person\/68d5a6cc0230290e61235c8379523f52\",\"name\":\"Bienvenu SAVI\",\"image\":{\"@type\":\"ImageObject\",\"inLanguage\":\"fr-FR\",\"@id\":\"https:\/\/228news.tg\/#\/schema\/person\/image\/\",\"url\":\"https:\/\/secure.gravatar.com\/avatar\/9db91895c559e510509c33a3e9683998458e9b828fac36d5d1aa23f0f2fd369b?s=96&d=mm&r=g\",\"contentUrl\":\"https:\/\/secure.gravatar.com\/avatar\/9db91895c559e510509c33a3e9683998458e9b828fac36d5d1aa23f0f2fd369b?s=96&d=mm&r=g\",\"caption\":\"Bienvenu SAVI\"},\"url\":\"https:\/\/228news.tg\/index.php\/author\/bienvenu\/\"}]}<\/script>\n<!-- \/ Yoast SEO plugin. -->","yoast_head_json":{"title":"Accidents routiers\/Financement du Premier secours, le cri de d\u00e9tresse de l'ACT-AFRIQUE - 228 News","robots":{"index":"index","follow":"follow","max-snippet":"max-snippet:-1","max-image-preview":"max-image-preview:large","max-video-preview":"max-video-preview:-1"},"canonical":"https:\/\/228news.tg\/index.php\/2017\/12\/27\/accidents-routiersfinancement-du-premier-secours-le-cri-de-detresse-de-lact-afrique-2\/","og_locale":"fr_FR","og_type":"article","og_title":"Accidents routiers\/Financement du Premier secours, le cri de d\u00e9tresse de l'ACT-AFRIQUE - 228 News","og_description":"L&rsquo;ONG Assistance M\u00e9dicale sans fronti\u00e8re en milieu rural au Togo et en Afrique (ACT-AFRIQUE) appelle au financement de la prise en charge des premiers soins en faveur des accident\u00e9s de la route en l\u2019occurrence en ces p\u00e9riodes de fin d\u2019ann\u00e9es. Depuis quelques ann\u00e9es, on constate une recrudescence des accidents de la route, surtout pendant les ... Lire la suite","og_url":"https:\/\/228news.tg\/index.php\/2017\/12\/27\/accidents-routiersfinancement-du-premier-secours-le-cri-de-detresse-de-lact-afrique-2\/","og_site_name":"228 News","article_published_time":"2017-12-27T21:16:29+00:00","author":"Bienvenu SAVI","twitter_card":"summary_large_image","twitter_misc":{"\u00c9crit par":"Bienvenu SAVI","Dur\u00e9e de lecture estim\u00e9e":"3 minutes"},"schema":{"@context":"https:\/\/schema.org","@graph":[{"@type":"Article","@id":"https:\/\/228news.tg\/index.php\/2017\/12\/27\/accidents-routiersfinancement-du-premier-secours-le-cri-de-detresse-de-lact-afrique-2\/#article","isPartOf":{"@id":"https:\/\/228news.tg\/index.php\/2017\/12\/27\/accidents-routiersfinancement-du-premier-secours-le-cri-de-detresse-de-lact-afrique-2\/"},"author":{"name":"Bienvenu SAVI","@id":"https:\/\/228news.tg\/#\/schema\/person\/68d5a6cc0230290e61235c8379523f52"},"headline":"Accidents routiers\/Financement du Premier secours, le cri de d\u00e9tresse de l&rsquo;ACT-AFRIQUE","datePublished":"2017-12-27T21:16:29+00:00","mainEntityOfPage":{"@id":"https:\/\/228news.tg\/index.php\/2017\/12\/27\/accidents-routiersfinancement-du-premier-secours-le-cri-de-detresse-de-lact-afrique-2\/"},"wordCount":559,"commentCount":0,"publisher":{"@id":"https:\/\/228news.tg\/#organization"},"image":{"@id":"https:\/\/228news.tg\/index.php\/2017\/12\/27\/accidents-routiersfinancement-du-premier-secours-le-cri-de-detresse-de-lact-afrique-2\/#primaryimage"},"thumbnailUrl":"","articleSection":["Flash","Sant\u00e9","TOGO","Une"],"inLanguage":"fr-FR","potentialAction":[{"@type":"CommentAction","name":"Comment","target":["https:\/\/228news.tg\/index.php\/2017\/12\/27\/accidents-routiersfinancement-du-premier-secours-le-cri-de-detresse-de-lact-afrique-2\/#respond"]}]},{"@type":"WebPage","@id":"https:\/\/228news.tg\/index.php\/2017\/12\/27\/accidents-routiersfinancement-du-premier-secours-le-cri-de-detresse-de-lact-afrique-2\/","url":"https:\/\/228news.tg\/index.php\/2017\/12\/27\/accidents-routiersfinancement-du-premier-secours-le-cri-de-detresse-de-lact-afrique-2\/","name":"Accidents routiers\/Financement du Premier secours, le cri de d\u00e9tresse de l'ACT-AFRIQUE - 228 News","isPartOf":{"@id":"https:\/\/228news.tg\/#website"},"primaryImageOfPage":{"@id":"https:\/\/228news.tg\/index.php\/2017\/12\/27\/accidents-routiersfinancement-du-premier-secours-le-cri-de-detresse-de-lact-afrique-2\/#primaryimage"},"image":{"@id":"https:\/\/228news.tg\/index.php\/2017\/12\/27\/accidents-routiersfinancement-du-premier-secours-le-cri-de-detresse-de-lact-afrique-2\/#primaryimage"},"thumbnailUrl":"","datePublished":"2017-12-27T21:16:29+00:00","breadcrumb":{"@id":"https:\/\/228news.tg\/index.php\/2017\/12\/27\/accidents-routiersfinancement-du-premier-secours-le-cri-de-detresse-de-lact-afrique-2\/#breadcrumb"},"inLanguage":"fr-FR","potentialAction":[{"@type":"ReadAction","target":["https:\/\/228news.tg\/index.php\/2017\/12\/27\/accidents-routiersfinancement-du-premier-secours-le-cri-de-detresse-de-lact-afrique-2\/"]}]},{"@type":"ImageObject","inLanguage":"fr-FR","@id":"https:\/\/228news.tg\/index.php\/2017\/12\/27\/accidents-routiersfinancement-du-premier-secours-le-cri-de-detresse-de-lact-afrique-2\/#primaryimage","url":"","contentUrl":""},{"@type":"BreadcrumbList","@id":"https:\/\/228news.tg\/index.php\/2017\/12\/27\/accidents-routiersfinancement-du-premier-secours-le-cri-de-detresse-de-lact-afrique-2\/#breadcrumb","itemListElement":[{"@type":"ListItem","position":1,"name":"Home","item":"https:\/\/228news.tg\/"},{"@type":"ListItem","position":2,"name":"Accidents routiers\/Financement du Premier secours, le cri de d\u00e9tresse de l&rsquo;ACT-AFRIQUE"}]},{"@type":"WebSite","@id":"https:\/\/228news.tg\/#website","url":"https:\/\/228news.tg\/","name":"228 News","description":"Soci\u00e9t\u00e9 de m\u00e9dias et d\u2019actualit\u00e9s","publisher":{"@id":"https:\/\/228news.tg\/#organization"},"potentialAction":[{"@type":"SearchAction","target":{"@type":"EntryPoint","urlTemplate":"https:\/\/228news.tg\/?s={search_term_string}"},"query-input":{"@type":"PropertyValueSpecification","valueRequired":true,"valueName":"search_term_string"}}],"inLanguage":"fr-FR"},{"@type":"Organization","@id":"https:\/\/228news.tg\/#organization","name":"228 News","url":"https:\/\/228news.tg\/","logo":{"@type":"ImageObject","inLanguage":"fr-FR","@id":"https:\/\/228news.tg\/#\/schema\/logo\/image\/","url":"https:\/\/228news.tg\/wp-content\/uploads\/2024\/09\/logonew.png","contentUrl":"https:\/\/228news.tg\/wp-content\/uploads\/2024\/09\/logonew.png","width":1640,"height":364,"caption":"228 News"},"image":{"@id":"https:\/\/228news.tg\/#\/schema\/logo\/image\/"}},{"@type":"Person","@id":"https:\/\/228news.tg\/#\/schema\/person\/68d5a6cc0230290e61235c8379523f52","name":"Bienvenu SAVI","image":{"@type":"ImageObject","inLanguage":"fr-FR","@id":"https:\/\/228news.tg\/#\/schema\/person\/image\/","url":"https:\/\/secure.gravatar.com\/avatar\/9db91895c559e510509c33a3e9683998458e9b828fac36d5d1aa23f0f2fd369b?s=96&d=mm&r=g","contentUrl":"https:\/\/secure.gravatar.com\/avatar\/9db91895c559e510509c33a3e9683998458e9b828fac36d5d1aa23f0f2fd369b?s=96&d=mm&r=g","caption":"Bienvenu SAVI"},"url":"https:\/\/228news.tg\/index.php\/author\/bienvenu\/"}]}},"jetpack_featured_media_url":"","_links":{"self":[{"href":"https:\/\/228news.tg\/index.php\/wp-json\/wp\/v2\/posts\/2142","targetHints":{"allow":["GET"]}}],"collection":[{"href":"https:\/\/228news.tg\/index.php\/wp-json\/wp\/v2\/posts"}],"about":[{"href":"https:\/\/228news.tg\/index.php\/wp-json\/wp\/v2\/types\/post"}],"author":[{"embeddable":true,"href":"https:\/\/228news.tg\/index.php\/wp-json\/wp\/v2\/users\/2"}],"replies":[{"embeddable":true,"href":"https:\/\/228news.tg\/index.php\/wp-json\/wp\/v2\/comments?post=2142"}],"version-history":[{"count":0,"href":"https:\/\/228news.tg\/index.php\/wp-json\/wp\/v2\/posts\/2142\/revisions"}],"wp:featuredmedia":[{"embeddable":true,"href":"https:\/\/228news.tg\/index.php\/wp-json\/wp\/v2\/posts\/2143"}],"wp:attachment":[{"href":"https:\/\/228news.tg\/index.php\/wp-json\/wp\/v2\/media?parent=2142"}],"wp:term":[{"taxonomy":"category","embeddable":true,"href":"https:\/\/228news.tg\/index.php\/wp-json\/wp\/v2\/categories?post=2142"},{"taxonomy":"post_tag","embeddable":true,"href":"https:\/\/228news.tg\/index.php\/wp-json\/wp\/v2\/tags?post=2142"}],"curies":[{"name":"wp","href":"https:\/\/api.w.org\/{rel}","templated":true}]}}