{"id":2136,"date":"2019-03-25T00:00:00","date_gmt":"2019-03-25T00:00:00","guid":{"rendered":"https:\/\/228news.tg\/index.php\/2019\/03\/25\/religion-la-campagne-devangelisation-tant-attendue-de-levangeliste-daniel-kolenda-commence-ce-jeudi-au-cerfer\/"},"modified":"2024-09-09T14:08:16","modified_gmt":"2024-09-09T14:08:16","slug":"religion-la-campagne-devangelisation-tant-attendue-de-levangeliste-daniel-kolenda-commence-ce-jeudi-au-cerfer","status":"publish","type":"post","link":"https:\/\/228news.tg\/index.php\/2019\/03\/25\/religion-la-campagne-devangelisation-tant-attendue-de-levangeliste-daniel-kolenda-commence-ce-jeudi-au-cerfer\/","title":{"rendered":"Religion: La campagne d&rsquo;\u00e9vang\u00e9lisation tant attendue de l&rsquo;\u00e9vang\u00e9liste Daniel Kolenda commence ce jeudi au CERFER"},"content":{"rendered":"<div class=\"itemHeader\"><\/div>\n<div class=\"itemBody\">\n<aside class=\"ItemInfoBlock pull-right\">\n<div class=\"itemHits\">(228NEWS\/ Lom\u00e9, le 25 mars 2019)- Report\u00e9e sine die le mois dernier pour des raison purement administratives et de logistique, la grande campagne d&rsquo;\u00e9vang\u00e9lisation de l&rsquo;\u00e9vang\u00e9liste Daniel Kolenda en terre togolaise aura finalement lieu ce jeudi 28 mars autour du th\u00e8me \u00ab\u00a0Le Salut en J\u00e9sus\u00a0\u00bb.<\/div>\n<div><\/div>\n<div>L&rsquo;information a \u00e9t\u00e9 donn\u00e9 \u00e0 la presse ce lundi 25 mars\u00a0 au cours d&rsquo;une sorite m\u00e9diatique initi\u00e9e par Christ pour toutes les Nations (CTAN) dont le pr\u00e9sident est Daniel Kolenda et Corps du Christ du Togo, les deux organisations qui tiennent la campagne.<img fetchpriority=\"high\" decoding=\"async\" class=\"alignnone size-medium wp-image-3999 alignleft\" src=\"https:\/\/228news.tg\/wp-content\/uploads\/2024\/09\/49919e6dcbcff5310b927dee980853ee_L-300x180.jpg\" alt=\"\" width=\"300\" height=\"180\" \/><\/div>\n<div><\/div>\n<\/aside>\n<div>Visant \u00e0 renforcer la foi des chr\u00e9tiens et restaurer les \u00e2mes, cette campagne sera marqu\u00e9e par deux (2) temps forts. Il s&rsquo;agit d&rsquo;abord de la conf\u00e9rence de feu pr\u00e9vu tous les jours de 07 heures \u00e0 9 heures e qui entend combler le vide spirituel avant de pr\u00e9parer les \u00e2mes \u00e0 la restauration, et enfin de la croisade proprement dite qui va d\u00e9marrer\u00a0\u00e0 partir de 17 heures pour finir \u00e0 22 heures.<\/div>\n<div><\/div>\n<div>Cette croisade, a assur\u00e9 le Directeur Afrique de CTAN, le R\u00e9v\u00e9rend John Kwesi Darku sera \u00ab\u00a0un moment de d\u00e9livrance, de gu\u00e9rison des c\u0153urs, de purification et de la restauration des \u00e2mes\u00a0\u00bb.<\/div>\n<div><\/div>\n<div>Pour sa part, Djakouti Mitr\u00e9, Pr\u00e9sident de Corps du Christ du Togo, a convi\u00e9 les chr\u00e9tiens de toutes les confessions religieuses du Togo et les non chr\u00e9tiens \u00e0 prendre d&rsquo;assaut le terrain de jeu de CERFER sis \u00e0 Nukafu afin de b\u00e9n\u00e9ficier des diverses gr\u00e2ces et b\u00e9n\u00e9dictions.<\/div>\n<div><\/div>\n<div>\u00ab\u00a0L&rsquo;arriv\u00e9e au Togo de l\u2019Equipe de l\u2019Evang\u00e9liste Rev Reinhard Bonnke sous la conduite de l\u2019\u00e9vang\u00e9liste Daniel Kolenda, r\u00e9pond \u00e0 une directive sp\u00e9cifique qu\u2019ils ont re\u00e7ue du seigneur\u00a0\u00bb, a-t-il confi\u00e9.<\/div>\n<div><\/div>\n<aside class=\"ItemInfoBlock pull-right\">\n<div class=\"itemHits\">Avec plus de 90 tonnes de mat\u00e9riels logistiques d\u00e9j\u00e0 install\u00e9s tout semble pr\u00eat pour le d\u00e9marrage de cette \u00e9vang\u00e9lisation de Daniel Kolenda qui va durer trois (3) jours.<\/div>\n<\/aside>\n<\/div>\n<div><\/div>\n<div><em><strong>D\u00e9mocrate\u00a0<\/strong><\/em><\/div>\n<div><em><strong>(00228) 91 85 40 14<\/strong><\/em><\/div>\n<div><em><strong>democrate2010@gmail.com<\/strong><\/em><\/div>\n<div class=\"itemBody\">\n<div class=\"itemFullText\">\n<p>&nbsp;<\/p>\n<blockquote><p>&nbsp;<\/p><\/blockquote>\n<blockquote><p>&nbsp;<\/p><\/blockquote>\n<\/div>\n<\/div>\n","protected":false},"excerpt":{"rendered":"<p>(228NEWS\/ Lom\u00e9, le 25 mars 2019)- Report\u00e9e sine die le mois dernier pour des raison purement administratives et de logistique, la grande campagne d&rsquo;\u00e9vang\u00e9lisation de l&rsquo;\u00e9vang\u00e9liste Daniel Kolenda en terre togolaise aura finalement lieu ce jeudi 28 mars autour du th\u00e8me \u00ab\u00a0Le Salut en J\u00e9sus\u00a0\u00bb. L&rsquo;information a \u00e9t\u00e9 donn\u00e9 \u00e0 la presse ce lundi 25 &#8230; <a title=\"Religion: La campagne d&rsquo;\u00e9vang\u00e9lisation tant attendue de l&rsquo;\u00e9vang\u00e9liste Daniel Kolenda commence ce jeudi au CERFER\" class=\"read-more\" href=\"https:\/\/228news.tg\/index.php\/2019\/03\/25\/religion-la-campagne-devangelisation-tant-attendue-de-levangeliste-daniel-kolenda-commence-ce-jeudi-au-cerfer\/\" aria-label=\"En savoir plus sur Religion: La campagne d&rsquo;\u00e9vang\u00e9lisation tant attendue de l&rsquo;\u00e9vang\u00e9liste Daniel Kolenda commence ce jeudi au CERFER\">Lire la suite<\/a><\/p>\n","protected":false},"author":2,"featured_media":2139,"comment_status":"open","ping_status":"open","sticky":false,"template":"","format":"standard","meta":{"footnotes":""},"categories":[35,29,25,34],"tags":[],"class_list":["post-2136","post","type-post","status-publish","format-standard","has-post-thumbnail","hentry","category-flash","category-societe","category-togo","category-une"],"yoast_head":"<!-- This site is optimized with the Yoast SEO plugin v26.4 - https:\/\/yoast.com\/wordpress\/plugins\/seo\/ -->\n<title>Religion: La campagne d&#039;\u00e9vang\u00e9lisation tant attendue de l&#039;\u00e9vang\u00e9liste Daniel Kolenda commence ce jeudi au CERFER - 228 News<\/title>\n<meta name=\"robots\" content=\"index, follow, max-snippet:-1, max-image-preview:large, max-video-preview:-1\" \/>\n<link rel=\"canonical\" href=\"https:\/\/228news.tg\/index.php\/2019\/03\/25\/religion-la-campagne-devangelisation-tant-attendue-de-levangeliste-daniel-kolenda-commence-ce-jeudi-au-cerfer\/\" \/>\n<meta property=\"og:locale\" content=\"fr_FR\" \/>\n<meta property=\"og:type\" content=\"article\" \/>\n<meta property=\"og:title\" content=\"Religion: La campagne d&#039;\u00e9vang\u00e9lisation tant attendue de l&#039;\u00e9vang\u00e9liste Daniel Kolenda commence ce jeudi au CERFER - 228 News\" \/>\n<meta property=\"og:description\" content=\"(228NEWS\/ Lom\u00e9, le 25 mars 2019)- Report\u00e9e sine die le mois dernier pour des raison purement administratives et de logistique, la grande campagne d&rsquo;\u00e9vang\u00e9lisation de l&rsquo;\u00e9vang\u00e9liste Daniel Kolenda en terre togolaise aura finalement lieu ce jeudi 28 mars autour du th\u00e8me \u00ab\u00a0Le Salut en J\u00e9sus\u00a0\u00bb. L&rsquo;information a \u00e9t\u00e9 donn\u00e9 \u00e0 la presse ce lundi 25 ... Lire la suite\" \/>\n<meta property=\"og:url\" content=\"https:\/\/228news.tg\/index.php\/2019\/03\/25\/religion-la-campagne-devangelisation-tant-attendue-de-levangeliste-daniel-kolenda-commence-ce-jeudi-au-cerfer\/\" \/>\n<meta property=\"og:site_name\" content=\"228 News\" \/>\n<meta property=\"article:published_time\" content=\"2019-03-25T00:00:00+00:00\" \/>\n<meta property=\"article:modified_time\" content=\"2024-09-09T14:08:16+00:00\" \/>\n<meta property=\"og:image\" content=\"https:\/\/228news.tg\/wp-content\/uploads\/2024\/09\/photo_2019-03-25_21-42-33.jpg\" \/>\n\t<meta property=\"og:image:width\" content=\"1280\" \/>\n\t<meta property=\"og:image:height\" content=\"960\" \/>\n\t<meta property=\"og:image:type\" content=\"image\/jpeg\" \/>\n<meta name=\"author\" content=\"Bienvenu SAVI\" \/>\n<meta name=\"twitter:card\" content=\"summary_large_image\" \/>\n<meta name=\"twitter:label1\" content=\"\u00c9crit par\" \/>\n\t<meta name=\"twitter:data1\" content=\"Bienvenu SAVI\" \/>\n\t<meta name=\"twitter:label2\" content=\"Dur\u00e9e de lecture estim\u00e9e\" \/>\n\t<meta name=\"twitter:data2\" content=\"2 minutes\" \/>\n<script type=\"application\/ld+json\" class=\"yoast-schema-graph\">{\"@context\":\"https:\/\/schema.org\",\"@graph\":[{\"@type\":\"Article\",\"@id\":\"https:\/\/228news.tg\/index.php\/2019\/03\/25\/religion-la-campagne-devangelisation-tant-attendue-de-levangeliste-daniel-kolenda-commence-ce-jeudi-au-cerfer\/#article\",\"isPartOf\":{\"@id\":\"https:\/\/228news.tg\/index.php\/2019\/03\/25\/religion-la-campagne-devangelisation-tant-attendue-de-levangeliste-daniel-kolenda-commence-ce-jeudi-au-cerfer\/\"},\"author\":{\"name\":\"Bienvenu SAVI\",\"@id\":\"https:\/\/228news.tg\/#\/schema\/person\/68d5a6cc0230290e61235c8379523f52\"},\"headline\":\"Religion: La campagne d&rsquo;\u00e9vang\u00e9lisation tant attendue de l&rsquo;\u00e9vang\u00e9liste Daniel Kolenda commence ce jeudi au CERFER\",\"datePublished\":\"2019-03-25T00:00:00+00:00\",\"dateModified\":\"2024-09-09T14:08:16+00:00\",\"mainEntityOfPage\":{\"@id\":\"https:\/\/228news.tg\/index.php\/2019\/03\/25\/religion-la-campagne-devangelisation-tant-attendue-de-levangeliste-daniel-kolenda-commence-ce-jeudi-au-cerfer\/\"},\"wordCount\":355,\"commentCount\":0,\"publisher\":{\"@id\":\"https:\/\/228news.tg\/#organization\"},\"image\":{\"@id\":\"https:\/\/228news.tg\/index.php\/2019\/03\/25\/religion-la-campagne-devangelisation-tant-attendue-de-levangeliste-daniel-kolenda-commence-ce-jeudi-au-cerfer\/#primaryimage\"},\"thumbnailUrl\":\"https:\/\/228news.tg\/wp-content\/uploads\/2024\/09\/photo_2019-03-25_21-42-33.jpg\",\"articleSection\":[\"Flash\",\"SOCIETE\",\"TOGO\",\"Une\"],\"inLanguage\":\"fr-FR\",\"potentialAction\":[{\"@type\":\"CommentAction\",\"name\":\"Comment\",\"target\":[\"https:\/\/228news.tg\/index.php\/2019\/03\/25\/religion-la-campagne-devangelisation-tant-attendue-de-levangeliste-daniel-kolenda-commence-ce-jeudi-au-cerfer\/#respond\"]}]},{\"@type\":\"WebPage\",\"@id\":\"https:\/\/228news.tg\/index.php\/2019\/03\/25\/religion-la-campagne-devangelisation-tant-attendue-de-levangeliste-daniel-kolenda-commence-ce-jeudi-au-cerfer\/\",\"url\":\"https:\/\/228news.tg\/index.php\/2019\/03\/25\/religion-la-campagne-devangelisation-tant-attendue-de-levangeliste-daniel-kolenda-commence-ce-jeudi-au-cerfer\/\",\"name\":\"Religion: La campagne d'\u00e9vang\u00e9lisation tant attendue de l'\u00e9vang\u00e9liste Daniel Kolenda commence ce jeudi au CERFER - 228 News\",\"isPartOf\":{\"@id\":\"https:\/\/228news.tg\/#website\"},\"primaryImageOfPage\":{\"@id\":\"https:\/\/228news.tg\/index.php\/2019\/03\/25\/religion-la-campagne-devangelisation-tant-attendue-de-levangeliste-daniel-kolenda-commence-ce-jeudi-au-cerfer\/#primaryimage\"},\"image\":{\"@id\":\"https:\/\/228news.tg\/index.php\/2019\/03\/25\/religion-la-campagne-devangelisation-tant-attendue-de-levangeliste-daniel-kolenda-commence-ce-jeudi-au-cerfer\/#primaryimage\"},\"thumbnailUrl\":\"https:\/\/228news.tg\/wp-content\/uploads\/2024\/09\/photo_2019-03-25_21-42-33.jpg\",\"datePublished\":\"2019-03-25T00:00:00+00:00\",\"dateModified\":\"2024-09-09T14:08:16+00:00\",\"breadcrumb\":{\"@id\":\"https:\/\/228news.tg\/index.php\/2019\/03\/25\/religion-la-campagne-devangelisation-tant-attendue-de-levangeliste-daniel-kolenda-commence-ce-jeudi-au-cerfer\/#breadcrumb\"},\"inLanguage\":\"fr-FR\",\"potentialAction\":[{\"@type\":\"ReadAction\",\"target\":[\"https:\/\/228news.tg\/index.php\/2019\/03\/25\/religion-la-campagne-devangelisation-tant-attendue-de-levangeliste-daniel-kolenda-commence-ce-jeudi-au-cerfer\/\"]}]},{\"@type\":\"ImageObject\",\"inLanguage\":\"fr-FR\",\"@id\":\"https:\/\/228news.tg\/index.php\/2019\/03\/25\/religion-la-campagne-devangelisation-tant-attendue-de-levangeliste-daniel-kolenda-commence-ce-jeudi-au-cerfer\/#primaryimage\",\"url\":\"https:\/\/228news.tg\/wp-content\/uploads\/2024\/09\/photo_2019-03-25_21-42-33.jpg\",\"contentUrl\":\"https:\/\/228news.tg\/wp-content\/uploads\/2024\/09\/photo_2019-03-25_21-42-33.jpg\",\"width\":1280,\"height\":960},{\"@type\":\"BreadcrumbList\",\"@id\":\"https:\/\/228news.tg\/index.php\/2019\/03\/25\/religion-la-campagne-devangelisation-tant-attendue-de-levangeliste-daniel-kolenda-commence-ce-jeudi-au-cerfer\/#breadcrumb\",\"itemListElement\":[{\"@type\":\"ListItem\",\"position\":1,\"name\":\"Home\",\"item\":\"https:\/\/228news.tg\/\"},{\"@type\":\"ListItem\",\"position\":2,\"name\":\"Religion: La campagne d&rsquo;\u00e9vang\u00e9lisation tant attendue de l&rsquo;\u00e9vang\u00e9liste Daniel Kolenda commence ce jeudi au CERFER\"}]},{\"@type\":\"WebSite\",\"@id\":\"https:\/\/228news.tg\/#website\",\"url\":\"https:\/\/228news.tg\/\",\"name\":\"228 News\",\"description\":\"Soci\u00e9t\u00e9 de m\u00e9dias et d\u2019actualit\u00e9s\",\"publisher\":{\"@id\":\"https:\/\/228news.tg\/#organization\"},\"potentialAction\":[{\"@type\":\"SearchAction\",\"target\":{\"@type\":\"EntryPoint\",\"urlTemplate\":\"https:\/\/228news.tg\/?s={search_term_string}\"},\"query-input\":{\"@type\":\"PropertyValueSpecification\",\"valueRequired\":true,\"valueName\":\"search_term_string\"}}],\"inLanguage\":\"fr-FR\"},{\"@type\":\"Organization\",\"@id\":\"https:\/\/228news.tg\/#organization\",\"name\":\"228 News\",\"url\":\"https:\/\/228news.tg\/\",\"logo\":{\"@type\":\"ImageObject\",\"inLanguage\":\"fr-FR\",\"@id\":\"https:\/\/228news.tg\/#\/schema\/logo\/image\/\",\"url\":\"https:\/\/228news.tg\/wp-content\/uploads\/2024\/09\/logonew.png\",\"contentUrl\":\"https:\/\/228news.tg\/wp-content\/uploads\/2024\/09\/logonew.png\",\"width\":1640,\"height\":364,\"caption\":\"228 News\"},\"image\":{\"@id\":\"https:\/\/228news.tg\/#\/schema\/logo\/image\/\"}},{\"@type\":\"Person\",\"@id\":\"https:\/\/228news.tg\/#\/schema\/person\/68d5a6cc0230290e61235c8379523f52\",\"name\":\"Bienvenu SAVI\",\"image\":{\"@type\":\"ImageObject\",\"inLanguage\":\"fr-FR\",\"@id\":\"https:\/\/228news.tg\/#\/schema\/person\/image\/\",\"url\":\"https:\/\/secure.gravatar.com\/avatar\/9db91895c559e510509c33a3e9683998458e9b828fac36d5d1aa23f0f2fd369b?s=96&d=mm&r=g\",\"contentUrl\":\"https:\/\/secure.gravatar.com\/avatar\/9db91895c559e510509c33a3e9683998458e9b828fac36d5d1aa23f0f2fd369b?s=96&d=mm&r=g\",\"caption\":\"Bienvenu SAVI\"},\"url\":\"https:\/\/228news.tg\/index.php\/author\/bienvenu\/\"}]}<\/script>\n<!-- \/ Yoast SEO plugin. -->","yoast_head_json":{"title":"Religion: La campagne d'\u00e9vang\u00e9lisation tant attendue de l'\u00e9vang\u00e9liste Daniel Kolenda commence ce jeudi au CERFER - 228 News","robots":{"index":"index","follow":"follow","max-snippet":"max-snippet:-1","max-image-preview":"max-image-preview:large","max-video-preview":"max-video-preview:-1"},"canonical":"https:\/\/228news.tg\/index.php\/2019\/03\/25\/religion-la-campagne-devangelisation-tant-attendue-de-levangeliste-daniel-kolenda-commence-ce-jeudi-au-cerfer\/","og_locale":"fr_FR","og_type":"article","og_title":"Religion: La campagne d'\u00e9vang\u00e9lisation tant attendue de l'\u00e9vang\u00e9liste Daniel Kolenda commence ce jeudi au CERFER - 228 News","og_description":"(228NEWS\/ Lom\u00e9, le 25 mars 2019)- Report\u00e9e sine die le mois dernier pour des raison purement administratives et de logistique, la grande campagne d&rsquo;\u00e9vang\u00e9lisation de l&rsquo;\u00e9vang\u00e9liste Daniel Kolenda en terre togolaise aura finalement lieu ce jeudi 28 mars autour du th\u00e8me \u00ab\u00a0Le Salut en J\u00e9sus\u00a0\u00bb. L&rsquo;information a \u00e9t\u00e9 donn\u00e9 \u00e0 la presse ce lundi 25 ... Lire la suite","og_url":"https:\/\/228news.tg\/index.php\/2019\/03\/25\/religion-la-campagne-devangelisation-tant-attendue-de-levangeliste-daniel-kolenda-commence-ce-jeudi-au-cerfer\/","og_site_name":"228 News","article_published_time":"2019-03-25T00:00:00+00:00","article_modified_time":"2024-09-09T14:08:16+00:00","og_image":[{"width":1280,"height":960,"url":"https:\/\/228news.tg\/wp-content\/uploads\/2024\/09\/photo_2019-03-25_21-42-33.jpg","type":"image\/jpeg"}],"author":"Bienvenu SAVI","twitter_card":"summary_large_image","twitter_misc":{"\u00c9crit par":"Bienvenu SAVI","Dur\u00e9e de lecture estim\u00e9e":"2 minutes"},"schema":{"@context":"https:\/\/schema.org","@graph":[{"@type":"Article","@id":"https:\/\/228news.tg\/index.php\/2019\/03\/25\/religion-la-campagne-devangelisation-tant-attendue-de-levangeliste-daniel-kolenda-commence-ce-jeudi-au-cerfer\/#article","isPartOf":{"@id":"https:\/\/228news.tg\/index.php\/2019\/03\/25\/religion-la-campagne-devangelisation-tant-attendue-de-levangeliste-daniel-kolenda-commence-ce-jeudi-au-cerfer\/"},"author":{"name":"Bienvenu SAVI","@id":"https:\/\/228news.tg\/#\/schema\/person\/68d5a6cc0230290e61235c8379523f52"},"headline":"Religion: La campagne d&rsquo;\u00e9vang\u00e9lisation tant attendue de l&rsquo;\u00e9vang\u00e9liste Daniel Kolenda commence ce jeudi au CERFER","datePublished":"2019-03-25T00:00:00+00:00","dateModified":"2024-09-09T14:08:16+00:00","mainEntityOfPage":{"@id":"https:\/\/228news.tg\/index.php\/2019\/03\/25\/religion-la-campagne-devangelisation-tant-attendue-de-levangeliste-daniel-kolenda-commence-ce-jeudi-au-cerfer\/"},"wordCount":355,"commentCount":0,"publisher":{"@id":"https:\/\/228news.tg\/#organization"},"image":{"@id":"https:\/\/228news.tg\/index.php\/2019\/03\/25\/religion-la-campagne-devangelisation-tant-attendue-de-levangeliste-daniel-kolenda-commence-ce-jeudi-au-cerfer\/#primaryimage"},"thumbnailUrl":"https:\/\/228news.tg\/wp-content\/uploads\/2024\/09\/photo_2019-03-25_21-42-33.jpg","articleSection":["Flash","SOCIETE","TOGO","Une"],"inLanguage":"fr-FR","potentialAction":[{"@type":"CommentAction","name":"Comment","target":["https:\/\/228news.tg\/index.php\/2019\/03\/25\/religion-la-campagne-devangelisation-tant-attendue-de-levangeliste-daniel-kolenda-commence-ce-jeudi-au-cerfer\/#respond"]}]},{"@type":"WebPage","@id":"https:\/\/228news.tg\/index.php\/2019\/03\/25\/religion-la-campagne-devangelisation-tant-attendue-de-levangeliste-daniel-kolenda-commence-ce-jeudi-au-cerfer\/","url":"https:\/\/228news.tg\/index.php\/2019\/03\/25\/religion-la-campagne-devangelisation-tant-attendue-de-levangeliste-daniel-kolenda-commence-ce-jeudi-au-cerfer\/","name":"Religion: La campagne d'\u00e9vang\u00e9lisation tant attendue de l'\u00e9vang\u00e9liste Daniel Kolenda commence ce jeudi au CERFER - 228 News","isPartOf":{"@id":"https:\/\/228news.tg\/#website"},"primaryImageOfPage":{"@id":"https:\/\/228news.tg\/index.php\/2019\/03\/25\/religion-la-campagne-devangelisation-tant-attendue-de-levangeliste-daniel-kolenda-commence-ce-jeudi-au-cerfer\/#primaryimage"},"image":{"@id":"https:\/\/228news.tg\/index.php\/2019\/03\/25\/religion-la-campagne-devangelisation-tant-attendue-de-levangeliste-daniel-kolenda-commence-ce-jeudi-au-cerfer\/#primaryimage"},"thumbnailUrl":"https:\/\/228news.tg\/wp-content\/uploads\/2024\/09\/photo_2019-03-25_21-42-33.jpg","datePublished":"2019-03-25T00:00:00+00:00","dateModified":"2024-09-09T14:08:16+00:00","breadcrumb":{"@id":"https:\/\/228news.tg\/index.php\/2019\/03\/25\/religion-la-campagne-devangelisation-tant-attendue-de-levangeliste-daniel-kolenda-commence-ce-jeudi-au-cerfer\/#breadcrumb"},"inLanguage":"fr-FR","potentialAction":[{"@type":"ReadAction","target":["https:\/\/228news.tg\/index.php\/2019\/03\/25\/religion-la-campagne-devangelisation-tant-attendue-de-levangeliste-daniel-kolenda-commence-ce-jeudi-au-cerfer\/"]}]},{"@type":"ImageObject","inLanguage":"fr-FR","@id":"https:\/\/228news.tg\/index.php\/2019\/03\/25\/religion-la-campagne-devangelisation-tant-attendue-de-levangeliste-daniel-kolenda-commence-ce-jeudi-au-cerfer\/#primaryimage","url":"https:\/\/228news.tg\/wp-content\/uploads\/2024\/09\/photo_2019-03-25_21-42-33.jpg","contentUrl":"https:\/\/228news.tg\/wp-content\/uploads\/2024\/09\/photo_2019-03-25_21-42-33.jpg","width":1280,"height":960},{"@type":"BreadcrumbList","@id":"https:\/\/228news.tg\/index.php\/2019\/03\/25\/religion-la-campagne-devangelisation-tant-attendue-de-levangeliste-daniel-kolenda-commence-ce-jeudi-au-cerfer\/#breadcrumb","itemListElement":[{"@type":"ListItem","position":1,"name":"Home","item":"https:\/\/228news.tg\/"},{"@type":"ListItem","position":2,"name":"Religion: La campagne d&rsquo;\u00e9vang\u00e9lisation tant attendue de l&rsquo;\u00e9vang\u00e9liste Daniel Kolenda commence ce jeudi au CERFER"}]},{"@type":"WebSite","@id":"https:\/\/228news.tg\/#website","url":"https:\/\/228news.tg\/","name":"228 News","description":"Soci\u00e9t\u00e9 de m\u00e9dias et d\u2019actualit\u00e9s","publisher":{"@id":"https:\/\/228news.tg\/#organization"},"potentialAction":[{"@type":"SearchAction","target":{"@type":"EntryPoint","urlTemplate":"https:\/\/228news.tg\/?s={search_term_string}"},"query-input":{"@type":"PropertyValueSpecification","valueRequired":true,"valueName":"search_term_string"}}],"inLanguage":"fr-FR"},{"@type":"Organization","@id":"https:\/\/228news.tg\/#organization","name":"228 News","url":"https:\/\/228news.tg\/","logo":{"@type":"ImageObject","inLanguage":"fr-FR","@id":"https:\/\/228news.tg\/#\/schema\/logo\/image\/","url":"https:\/\/228news.tg\/wp-content\/uploads\/2024\/09\/logonew.png","contentUrl":"https:\/\/228news.tg\/wp-content\/uploads\/2024\/09\/logonew.png","width":1640,"height":364,"caption":"228 News"},"image":{"@id":"https:\/\/228news.tg\/#\/schema\/logo\/image\/"}},{"@type":"Person","@id":"https:\/\/228news.tg\/#\/schema\/person\/68d5a6cc0230290e61235c8379523f52","name":"Bienvenu SAVI","image":{"@type":"ImageObject","inLanguage":"fr-FR","@id":"https:\/\/228news.tg\/#\/schema\/person\/image\/","url":"https:\/\/secure.gravatar.com\/avatar\/9db91895c559e510509c33a3e9683998458e9b828fac36d5d1aa23f0f2fd369b?s=96&d=mm&r=g","contentUrl":"https:\/\/secure.gravatar.com\/avatar\/9db91895c559e510509c33a3e9683998458e9b828fac36d5d1aa23f0f2fd369b?s=96&d=mm&r=g","caption":"Bienvenu SAVI"},"url":"https:\/\/228news.tg\/index.php\/author\/bienvenu\/"}]}},"jetpack_featured_media_url":"https:\/\/228news.tg\/wp-content\/uploads\/2024\/09\/photo_2019-03-25_21-42-33.jpg","_links":{"self":[{"href":"https:\/\/228news.tg\/index.php\/wp-json\/wp\/v2\/posts\/2136","targetHints":{"allow":["GET"]}}],"collection":[{"href":"https:\/\/228news.tg\/index.php\/wp-json\/wp\/v2\/posts"}],"about":[{"href":"https:\/\/228news.tg\/index.php\/wp-json\/wp\/v2\/types\/post"}],"author":[{"embeddable":true,"href":"https:\/\/228news.tg\/index.php\/wp-json\/wp\/v2\/users\/2"}],"replies":[{"embeddable":true,"href":"https:\/\/228news.tg\/index.php\/wp-json\/wp\/v2\/comments?post=2136"}],"version-history":[{"count":1,"href":"https:\/\/228news.tg\/index.php\/wp-json\/wp\/v2\/posts\/2136\/revisions"}],"predecessor-version":[{"id":2138,"href":"https:\/\/228news.tg\/index.php\/wp-json\/wp\/v2\/posts\/2136\/revisions\/2138"}],"wp:featuredmedia":[{"embeddable":true,"href":"https:\/\/228news.tg\/index.php\/wp-json\/wp\/v2\/media\/2139"}],"wp:attachment":[{"href":"https:\/\/228news.tg\/index.php\/wp-json\/wp\/v2\/media?parent=2136"}],"wp:term":[{"taxonomy":"category","embeddable":true,"href":"https:\/\/228news.tg\/index.php\/wp-json\/wp\/v2\/categories?post=2136"},{"taxonomy":"post_tag","embeddable":true,"href":"https:\/\/228news.tg\/index.php\/wp-json\/wp\/v2\/tags?post=2136"}],"curies":[{"name":"wp","href":"https:\/\/api.w.org\/{rel}","templated":true}]}}