{"id":2128,"date":"2019-03-18T00:00:00","date_gmt":"2019-03-18T00:00:00","guid":{"rendered":"https:\/\/228news.tg\/index.php\/2019\/03\/18\/climat-des-affaires-ces-reformes-operees-en-2018\/"},"modified":"2024-09-09T14:08:16","modified_gmt":"2024-09-09T14:08:16","slug":"climat-des-affaires-ces-reformes-operees-en-2018","status":"publish","type":"post","link":"https:\/\/228news.tg\/index.php\/2019\/03\/18\/climat-des-affaires-ces-reformes-operees-en-2018\/","title":{"rendered":"Climat des Affaires: Ces r\u00e9formes op\u00e9r\u00e9es en 2018"},"content":{"rendered":"<p>(228NEWS\/ Lom\u00e9, le 18 mars 2019)- La Cellule Climat des Affaires (CCA-Togo) a dress\u00e9 \u00e0 ses partenaires de la presse ce vendredi 15 mars 2019, le bilan des diff\u00e9rentes r\u00e9alisations en mati\u00e8re de r\u00e9formes dans le cadre\u00a0de l&rsquo;am\u00e9lioration du climat des affaires au Togo.<\/p>\n<p>C&rsquo;\u00e9tait au cours d&rsquo;un petit d\u00e9jeuner de presse \u00e0 Lom\u00e9 qui a \u00e9galement enregistr\u00e9 la pr\u00e9sence\u00a0du Commissaire des Imp\u00f4ts et droits indirects de l\u2019Office Togolais des Recettes (OTR), M. Adoyi Essowavana.<\/p>\n<p>Cette rencontre qui se situe donc dans la dynamique et l&rsquo;engagement commun de maintenir le cap en vue de cr\u00e9er un cadre des affaires propice \u00e0 l&rsquo;investissement pour une mise en \u0153uvre r\u00e9ussie du Plan National de D\u00e9veloppement (PND 2018-2019) lanc\u00e9 le 4 mars dernier, a permis \u00e0 Mme Johnson Sandra Ablamba, de situer l&rsquo;opinion publique sur les diff\u00e9rentes r\u00e9formes men\u00e9es pour le compte de l&rsquo;ann\u00e9e 2018.<img fetchpriority=\"high\" decoding=\"async\" class=\"alignnone size-medium wp-image-3986 alignright\" src=\"https:\/\/228news.tg\/wp-content\/uploads\/2024\/09\/2aedc634fe7e26bfc4147a003d49f844_L-300x169.jpg\" alt=\"\" width=\"300\" height=\"169\" \/><\/p>\n<p>Il s&rsquo;agit entre autres au niveau du transfert de propri\u00e9t\u00e9, de la fusion des formalit\u00e9s en une et de la r\u00e9duction drastique du co\u00fbt des droits d&rsquo;enregistrement et de conservation fonci\u00e8re, qui s&rsquo;\u00e9tablit \u00e0 seulement 35.000 FCFA au lieu de 4% de la valeur v\u00e9nale de l&rsquo;immeuble.<\/p>\n<p>Le raccordement \u00e0 l&rsquo;\u00e9lectricit\u00e9 dont les frais moyenne tension sont r\u00e9duits de 50%, l\u2019obtention du permis de construire bas\u00e9e sur la d\u00e9mat\u00e9rialisation des proc\u00e9dures,\u00a0 du cadre r\u00e9glementaire des dispositions portant sur les contr\u00f4les techniques, sont aussi \u00e0 relever.<\/p>\n<p>le paiement des imp\u00f4ts et taxes marqu\u00e9 par la d\u00e9mat\u00e9rialisation des proc\u00e9dures, la t\u00e9l\u00e9 d\u00e9claration et le t\u00e9l\u00e9 paiement tant au niveau de la Caisse Nationale de S\u00e9curit\u00e9 Sociale (CNSS) qu&rsquo;au niveau de l&rsquo;OTR, ne sont pas en reste.<\/p>\n<p>En mati\u00e8re d&rsquo;ex\u00e9cution des contrats, l\u2019adoption d&rsquo;une nouvelle loi du 10 d\u00e9cembre 2018 instituant les juridictions commerciales en R\u00e9publique togolaise une efficacit\u00e9 du r\u00e8glement des litiges commerciaux n&rsquo;est pas pass\u00e9e inaper\u00e7ue.<\/p>\n<p>Il faut \u00e9galement prendre en compte la suppression d&rsquo;une dizaine d&rsquo;imp\u00f4ts dans le nouveau Code des imp\u00f4ts.<\/p>\n<p>La poursuite de la mise en\u00a0\u0153uvre de la r\u00e9forme portant cr\u00e9ation d\u2019une SARL par acte sous seing priv\u00e9 et la r\u00e9duction des d\u00e9lais de cr\u00e9ation d\u2019entreprise, en ce qui concerne la cr\u00e9ation d\u2019entreprises, est \u00e9galement sur de bons rails.<\/p>\n<p>La num\u00e9risation de tous les dossiers du RCCM, l\u2019immatriculation des nouveaux dossiers, l\u2019interconnexion de la base de donn\u00e9es du RCCM et du Centre de Formalit\u00e9 des Entreprises (CEF) et la mise en ligne de la base de RCCM, qui cr\u00e9ent d\u00e9sormais une s\u00fbret\u00e9 mobili\u00e8re sont par ailleurs de notables avanc\u00e9es, capables d&rsquo;attirer les investissements au Togo, comme l&rsquo;a bien pr\u00e9cis\u00e9 la Coordinatrice de la Cellule.<\/p>\n<p>Le Togo, faut-il le rappeler, a am\u00e9lior\u00e9 son environnement des affaires sur six indicateurs lui permettant de se hisser dans la liste des 10 pays les plus r\u00e9formateurs au monde selon le rapport Doing Business 2019 de la Banque Mondiale.<\/p>\n<p><em><strong>D\u00e9mocrate<\/strong><\/em><\/p>\n<p><em><strong>(00228) 91 85 40 14<\/strong><\/em><\/p>\n<p><em><strong>democrate2010@gmail.com<\/strong><\/em><\/p>\n","protected":false},"excerpt":{"rendered":"<p>(228NEWS\/ Lom\u00e9, le 18 mars 2019)- La Cellule Climat des Affaires (CCA-Togo) a dress\u00e9 \u00e0 ses partenaires de la presse ce vendredi 15 mars 2019, le bilan des diff\u00e9rentes r\u00e9alisations en mati\u00e8re de r\u00e9formes dans le cadre\u00a0de l&rsquo;am\u00e9lioration du climat des affaires au Togo. C&rsquo;\u00e9tait au cours d&rsquo;un petit d\u00e9jeuner de presse \u00e0 Lom\u00e9 qui &#8230; <a title=\"Climat des Affaires: Ces r\u00e9formes op\u00e9r\u00e9es en 2018\" class=\"read-more\" href=\"https:\/\/228news.tg\/index.php\/2019\/03\/18\/climat-des-affaires-ces-reformes-operees-en-2018\/\" aria-label=\"En savoir plus sur Climat des Affaires: Ces r\u00e9formes op\u00e9r\u00e9es en 2018\">Lire la suite<\/a><\/p>\n","protected":false},"author":2,"featured_media":1832,"comment_status":"open","ping_status":"open","sticky":false,"template":"","format":"standard","meta":{"footnotes":""},"categories":[30,35,25,34],"tags":[],"class_list":["post-2128","post","type-post","status-publish","format-standard","has-post-thumbnail","hentry","category-economie","category-flash","category-togo","category-une"],"yoast_head":"<!-- This site is optimized with the Yoast SEO plugin v26.4 - https:\/\/yoast.com\/wordpress\/plugins\/seo\/ -->\n<title>Climat des Affaires: Ces r\u00e9formes op\u00e9r\u00e9es en 2018 - 228 News<\/title>\n<meta name=\"robots\" content=\"index, follow, max-snippet:-1, max-image-preview:large, max-video-preview:-1\" \/>\n<link rel=\"canonical\" href=\"https:\/\/228news.tg\/index.php\/2019\/03\/18\/climat-des-affaires-ces-reformes-operees-en-2018\/\" \/>\n<meta property=\"og:locale\" content=\"fr_FR\" \/>\n<meta property=\"og:type\" content=\"article\" \/>\n<meta property=\"og:title\" content=\"Climat des Affaires: Ces r\u00e9formes op\u00e9r\u00e9es en 2018 - 228 News\" \/>\n<meta property=\"og:description\" content=\"(228NEWS\/ Lom\u00e9, le 18 mars 2019)- La Cellule Climat des Affaires (CCA-Togo) a dress\u00e9 \u00e0 ses partenaires de la presse ce vendredi 15 mars 2019, le bilan des diff\u00e9rentes r\u00e9alisations en mati\u00e8re de r\u00e9formes dans le cadre\u00a0de l&rsquo;am\u00e9lioration du climat des affaires au Togo. C&rsquo;\u00e9tait au cours d&rsquo;un petit d\u00e9jeuner de presse \u00e0 Lom\u00e9 qui ... Lire la suite\" \/>\n<meta property=\"og:url\" content=\"https:\/\/228news.tg\/index.php\/2019\/03\/18\/climat-des-affaires-ces-reformes-operees-en-2018\/\" \/>\n<meta property=\"og:site_name\" content=\"228 News\" \/>\n<meta property=\"article:published_time\" content=\"2019-03-18T00:00:00+00:00\" \/>\n<meta property=\"article:modified_time\" content=\"2024-09-09T14:08:16+00:00\" \/>\n<meta property=\"og:image\" content=\"https:\/\/228news.tg\/wp-content\/uploads\/2024\/09\/sandra-696x399-1.jpeg\" \/>\n\t<meta property=\"og:image:width\" content=\"696\" \/>\n\t<meta property=\"og:image:height\" content=\"399\" \/>\n\t<meta property=\"og:image:type\" content=\"image\/jpeg\" \/>\n<meta name=\"author\" content=\"Bienvenu SAVI\" \/>\n<meta name=\"twitter:card\" content=\"summary_large_image\" \/>\n<meta name=\"twitter:label1\" content=\"\u00c9crit par\" \/>\n\t<meta name=\"twitter:data1\" content=\"Bienvenu SAVI\" \/>\n\t<meta name=\"twitter:label2\" content=\"Dur\u00e9e de lecture estim\u00e9e\" \/>\n\t<meta name=\"twitter:data2\" content=\"3 minutes\" \/>\n<script type=\"application\/ld+json\" class=\"yoast-schema-graph\">{\"@context\":\"https:\/\/schema.org\",\"@graph\":[{\"@type\":\"Article\",\"@id\":\"https:\/\/228news.tg\/index.php\/2019\/03\/18\/climat-des-affaires-ces-reformes-operees-en-2018\/#article\",\"isPartOf\":{\"@id\":\"https:\/\/228news.tg\/index.php\/2019\/03\/18\/climat-des-affaires-ces-reformes-operees-en-2018\/\"},\"author\":{\"name\":\"Bienvenu SAVI\",\"@id\":\"https:\/\/228news.tg\/#\/schema\/person\/68d5a6cc0230290e61235c8379523f52\"},\"headline\":\"Climat des Affaires: Ces r\u00e9formes op\u00e9r\u00e9es en 2018\",\"datePublished\":\"2019-03-18T00:00:00+00:00\",\"dateModified\":\"2024-09-09T14:08:16+00:00\",\"mainEntityOfPage\":{\"@id\":\"https:\/\/228news.tg\/index.php\/2019\/03\/18\/climat-des-affaires-ces-reformes-operees-en-2018\/\"},\"wordCount\":547,\"commentCount\":0,\"publisher\":{\"@id\":\"https:\/\/228news.tg\/#organization\"},\"image\":{\"@id\":\"https:\/\/228news.tg\/index.php\/2019\/03\/18\/climat-des-affaires-ces-reformes-operees-en-2018\/#primaryimage\"},\"thumbnailUrl\":\"https:\/\/228news.tg\/wp-content\/uploads\/2024\/09\/sandra-696x399-1.jpeg\",\"articleSection\":[\"ECONOMIE\",\"Flash\",\"TOGO\",\"Une\"],\"inLanguage\":\"fr-FR\",\"potentialAction\":[{\"@type\":\"CommentAction\",\"name\":\"Comment\",\"target\":[\"https:\/\/228news.tg\/index.php\/2019\/03\/18\/climat-des-affaires-ces-reformes-operees-en-2018\/#respond\"]}]},{\"@type\":\"WebPage\",\"@id\":\"https:\/\/228news.tg\/index.php\/2019\/03\/18\/climat-des-affaires-ces-reformes-operees-en-2018\/\",\"url\":\"https:\/\/228news.tg\/index.php\/2019\/03\/18\/climat-des-affaires-ces-reformes-operees-en-2018\/\",\"name\":\"Climat des Affaires: Ces r\u00e9formes op\u00e9r\u00e9es en 2018 - 228 News\",\"isPartOf\":{\"@id\":\"https:\/\/228news.tg\/#website\"},\"primaryImageOfPage\":{\"@id\":\"https:\/\/228news.tg\/index.php\/2019\/03\/18\/climat-des-affaires-ces-reformes-operees-en-2018\/#primaryimage\"},\"image\":{\"@id\":\"https:\/\/228news.tg\/index.php\/2019\/03\/18\/climat-des-affaires-ces-reformes-operees-en-2018\/#primaryimage\"},\"thumbnailUrl\":\"https:\/\/228news.tg\/wp-content\/uploads\/2024\/09\/sandra-696x399-1.jpeg\",\"datePublished\":\"2019-03-18T00:00:00+00:00\",\"dateModified\":\"2024-09-09T14:08:16+00:00\",\"breadcrumb\":{\"@id\":\"https:\/\/228news.tg\/index.php\/2019\/03\/18\/climat-des-affaires-ces-reformes-operees-en-2018\/#breadcrumb\"},\"inLanguage\":\"fr-FR\",\"potentialAction\":[{\"@type\":\"ReadAction\",\"target\":[\"https:\/\/228news.tg\/index.php\/2019\/03\/18\/climat-des-affaires-ces-reformes-operees-en-2018\/\"]}]},{\"@type\":\"ImageObject\",\"inLanguage\":\"fr-FR\",\"@id\":\"https:\/\/228news.tg\/index.php\/2019\/03\/18\/climat-des-affaires-ces-reformes-operees-en-2018\/#primaryimage\",\"url\":\"https:\/\/228news.tg\/wp-content\/uploads\/2024\/09\/sandra-696x399-1.jpeg\",\"contentUrl\":\"https:\/\/228news.tg\/wp-content\/uploads\/2024\/09\/sandra-696x399-1.jpeg\",\"width\":696,\"height\":399},{\"@type\":\"BreadcrumbList\",\"@id\":\"https:\/\/228news.tg\/index.php\/2019\/03\/18\/climat-des-affaires-ces-reformes-operees-en-2018\/#breadcrumb\",\"itemListElement\":[{\"@type\":\"ListItem\",\"position\":1,\"name\":\"Home\",\"item\":\"https:\/\/228news.tg\/\"},{\"@type\":\"ListItem\",\"position\":2,\"name\":\"Climat des Affaires: Ces r\u00e9formes op\u00e9r\u00e9es en 2018\"}]},{\"@type\":\"WebSite\",\"@id\":\"https:\/\/228news.tg\/#website\",\"url\":\"https:\/\/228news.tg\/\",\"name\":\"228 News\",\"description\":\"Soci\u00e9t\u00e9 de m\u00e9dias et d\u2019actualit\u00e9s\",\"publisher\":{\"@id\":\"https:\/\/228news.tg\/#organization\"},\"potentialAction\":[{\"@type\":\"SearchAction\",\"target\":{\"@type\":\"EntryPoint\",\"urlTemplate\":\"https:\/\/228news.tg\/?s={search_term_string}\"},\"query-input\":{\"@type\":\"PropertyValueSpecification\",\"valueRequired\":true,\"valueName\":\"search_term_string\"}}],\"inLanguage\":\"fr-FR\"},{\"@type\":\"Organization\",\"@id\":\"https:\/\/228news.tg\/#organization\",\"name\":\"228 News\",\"url\":\"https:\/\/228news.tg\/\",\"logo\":{\"@type\":\"ImageObject\",\"inLanguage\":\"fr-FR\",\"@id\":\"https:\/\/228news.tg\/#\/schema\/logo\/image\/\",\"url\":\"https:\/\/228news.tg\/wp-content\/uploads\/2024\/09\/logonew.png\",\"contentUrl\":\"https:\/\/228news.tg\/wp-content\/uploads\/2024\/09\/logonew.png\",\"width\":1640,\"height\":364,\"caption\":\"228 News\"},\"image\":{\"@id\":\"https:\/\/228news.tg\/#\/schema\/logo\/image\/\"}},{\"@type\":\"Person\",\"@id\":\"https:\/\/228news.tg\/#\/schema\/person\/68d5a6cc0230290e61235c8379523f52\",\"name\":\"Bienvenu SAVI\",\"image\":{\"@type\":\"ImageObject\",\"inLanguage\":\"fr-FR\",\"@id\":\"https:\/\/228news.tg\/#\/schema\/person\/image\/\",\"url\":\"https:\/\/secure.gravatar.com\/avatar\/9db91895c559e510509c33a3e9683998458e9b828fac36d5d1aa23f0f2fd369b?s=96&d=mm&r=g\",\"contentUrl\":\"https:\/\/secure.gravatar.com\/avatar\/9db91895c559e510509c33a3e9683998458e9b828fac36d5d1aa23f0f2fd369b?s=96&d=mm&r=g\",\"caption\":\"Bienvenu SAVI\"},\"url\":\"https:\/\/228news.tg\/index.php\/author\/bienvenu\/\"}]}<\/script>\n<!-- \/ Yoast SEO plugin. -->","yoast_head_json":{"title":"Climat des Affaires: Ces r\u00e9formes op\u00e9r\u00e9es en 2018 - 228 News","robots":{"index":"index","follow":"follow","max-snippet":"max-snippet:-1","max-image-preview":"max-image-preview:large","max-video-preview":"max-video-preview:-1"},"canonical":"https:\/\/228news.tg\/index.php\/2019\/03\/18\/climat-des-affaires-ces-reformes-operees-en-2018\/","og_locale":"fr_FR","og_type":"article","og_title":"Climat des Affaires: Ces r\u00e9formes op\u00e9r\u00e9es en 2018 - 228 News","og_description":"(228NEWS\/ Lom\u00e9, le 18 mars 2019)- La Cellule Climat des Affaires (CCA-Togo) a dress\u00e9 \u00e0 ses partenaires de la presse ce vendredi 15 mars 2019, le bilan des diff\u00e9rentes r\u00e9alisations en mati\u00e8re de r\u00e9formes dans le cadre\u00a0de l&rsquo;am\u00e9lioration du climat des affaires au Togo. C&rsquo;\u00e9tait au cours d&rsquo;un petit d\u00e9jeuner de presse \u00e0 Lom\u00e9 qui ... Lire la suite","og_url":"https:\/\/228news.tg\/index.php\/2019\/03\/18\/climat-des-affaires-ces-reformes-operees-en-2018\/","og_site_name":"228 News","article_published_time":"2019-03-18T00:00:00+00:00","article_modified_time":"2024-09-09T14:08:16+00:00","og_image":[{"width":696,"height":399,"url":"https:\/\/228news.tg\/wp-content\/uploads\/2024\/09\/sandra-696x399-1.jpeg","type":"image\/jpeg"}],"author":"Bienvenu SAVI","twitter_card":"summary_large_image","twitter_misc":{"\u00c9crit par":"Bienvenu SAVI","Dur\u00e9e de lecture estim\u00e9e":"3 minutes"},"schema":{"@context":"https:\/\/schema.org","@graph":[{"@type":"Article","@id":"https:\/\/228news.tg\/index.php\/2019\/03\/18\/climat-des-affaires-ces-reformes-operees-en-2018\/#article","isPartOf":{"@id":"https:\/\/228news.tg\/index.php\/2019\/03\/18\/climat-des-affaires-ces-reformes-operees-en-2018\/"},"author":{"name":"Bienvenu SAVI","@id":"https:\/\/228news.tg\/#\/schema\/person\/68d5a6cc0230290e61235c8379523f52"},"headline":"Climat des Affaires: Ces r\u00e9formes op\u00e9r\u00e9es en 2018","datePublished":"2019-03-18T00:00:00+00:00","dateModified":"2024-09-09T14:08:16+00:00","mainEntityOfPage":{"@id":"https:\/\/228news.tg\/index.php\/2019\/03\/18\/climat-des-affaires-ces-reformes-operees-en-2018\/"},"wordCount":547,"commentCount":0,"publisher":{"@id":"https:\/\/228news.tg\/#organization"},"image":{"@id":"https:\/\/228news.tg\/index.php\/2019\/03\/18\/climat-des-affaires-ces-reformes-operees-en-2018\/#primaryimage"},"thumbnailUrl":"https:\/\/228news.tg\/wp-content\/uploads\/2024\/09\/sandra-696x399-1.jpeg","articleSection":["ECONOMIE","Flash","TOGO","Une"],"inLanguage":"fr-FR","potentialAction":[{"@type":"CommentAction","name":"Comment","target":["https:\/\/228news.tg\/index.php\/2019\/03\/18\/climat-des-affaires-ces-reformes-operees-en-2018\/#respond"]}]},{"@type":"WebPage","@id":"https:\/\/228news.tg\/index.php\/2019\/03\/18\/climat-des-affaires-ces-reformes-operees-en-2018\/","url":"https:\/\/228news.tg\/index.php\/2019\/03\/18\/climat-des-affaires-ces-reformes-operees-en-2018\/","name":"Climat des Affaires: Ces r\u00e9formes op\u00e9r\u00e9es en 2018 - 228 News","isPartOf":{"@id":"https:\/\/228news.tg\/#website"},"primaryImageOfPage":{"@id":"https:\/\/228news.tg\/index.php\/2019\/03\/18\/climat-des-affaires-ces-reformes-operees-en-2018\/#primaryimage"},"image":{"@id":"https:\/\/228news.tg\/index.php\/2019\/03\/18\/climat-des-affaires-ces-reformes-operees-en-2018\/#primaryimage"},"thumbnailUrl":"https:\/\/228news.tg\/wp-content\/uploads\/2024\/09\/sandra-696x399-1.jpeg","datePublished":"2019-03-18T00:00:00+00:00","dateModified":"2024-09-09T14:08:16+00:00","breadcrumb":{"@id":"https:\/\/228news.tg\/index.php\/2019\/03\/18\/climat-des-affaires-ces-reformes-operees-en-2018\/#breadcrumb"},"inLanguage":"fr-FR","potentialAction":[{"@type":"ReadAction","target":["https:\/\/228news.tg\/index.php\/2019\/03\/18\/climat-des-affaires-ces-reformes-operees-en-2018\/"]}]},{"@type":"ImageObject","inLanguage":"fr-FR","@id":"https:\/\/228news.tg\/index.php\/2019\/03\/18\/climat-des-affaires-ces-reformes-operees-en-2018\/#primaryimage","url":"https:\/\/228news.tg\/wp-content\/uploads\/2024\/09\/sandra-696x399-1.jpeg","contentUrl":"https:\/\/228news.tg\/wp-content\/uploads\/2024\/09\/sandra-696x399-1.jpeg","width":696,"height":399},{"@type":"BreadcrumbList","@id":"https:\/\/228news.tg\/index.php\/2019\/03\/18\/climat-des-affaires-ces-reformes-operees-en-2018\/#breadcrumb","itemListElement":[{"@type":"ListItem","position":1,"name":"Home","item":"https:\/\/228news.tg\/"},{"@type":"ListItem","position":2,"name":"Climat des Affaires: Ces r\u00e9formes op\u00e9r\u00e9es en 2018"}]},{"@type":"WebSite","@id":"https:\/\/228news.tg\/#website","url":"https:\/\/228news.tg\/","name":"228 News","description":"Soci\u00e9t\u00e9 de m\u00e9dias et d\u2019actualit\u00e9s","publisher":{"@id":"https:\/\/228news.tg\/#organization"},"potentialAction":[{"@type":"SearchAction","target":{"@type":"EntryPoint","urlTemplate":"https:\/\/228news.tg\/?s={search_term_string}"},"query-input":{"@type":"PropertyValueSpecification","valueRequired":true,"valueName":"search_term_string"}}],"inLanguage":"fr-FR"},{"@type":"Organization","@id":"https:\/\/228news.tg\/#organization","name":"228 News","url":"https:\/\/228news.tg\/","logo":{"@type":"ImageObject","inLanguage":"fr-FR","@id":"https:\/\/228news.tg\/#\/schema\/logo\/image\/","url":"https:\/\/228news.tg\/wp-content\/uploads\/2024\/09\/logonew.png","contentUrl":"https:\/\/228news.tg\/wp-content\/uploads\/2024\/09\/logonew.png","width":1640,"height":364,"caption":"228 News"},"image":{"@id":"https:\/\/228news.tg\/#\/schema\/logo\/image\/"}},{"@type":"Person","@id":"https:\/\/228news.tg\/#\/schema\/person\/68d5a6cc0230290e61235c8379523f52","name":"Bienvenu SAVI","image":{"@type":"ImageObject","inLanguage":"fr-FR","@id":"https:\/\/228news.tg\/#\/schema\/person\/image\/","url":"https:\/\/secure.gravatar.com\/avatar\/9db91895c559e510509c33a3e9683998458e9b828fac36d5d1aa23f0f2fd369b?s=96&d=mm&r=g","contentUrl":"https:\/\/secure.gravatar.com\/avatar\/9db91895c559e510509c33a3e9683998458e9b828fac36d5d1aa23f0f2fd369b?s=96&d=mm&r=g","caption":"Bienvenu SAVI"},"url":"https:\/\/228news.tg\/index.php\/author\/bienvenu\/"}]}},"jetpack_featured_media_url":"https:\/\/228news.tg\/wp-content\/uploads\/2024\/09\/sandra-696x399-1.jpeg","_links":{"self":[{"href":"https:\/\/228news.tg\/index.php\/wp-json\/wp\/v2\/posts\/2128","targetHints":{"allow":["GET"]}}],"collection":[{"href":"https:\/\/228news.tg\/index.php\/wp-json\/wp\/v2\/posts"}],"about":[{"href":"https:\/\/228news.tg\/index.php\/wp-json\/wp\/v2\/types\/post"}],"author":[{"embeddable":true,"href":"https:\/\/228news.tg\/index.php\/wp-json\/wp\/v2\/users\/2"}],"replies":[{"embeddable":true,"href":"https:\/\/228news.tg\/index.php\/wp-json\/wp\/v2\/comments?post=2128"}],"version-history":[{"count":1,"href":"https:\/\/228news.tg\/index.php\/wp-json\/wp\/v2\/posts\/2128\/revisions"}],"predecessor-version":[{"id":2130,"href":"https:\/\/228news.tg\/index.php\/wp-json\/wp\/v2\/posts\/2128\/revisions\/2130"}],"wp:featuredmedia":[{"embeddable":true,"href":"https:\/\/228news.tg\/index.php\/wp-json\/wp\/v2\/media\/1832"}],"wp:attachment":[{"href":"https:\/\/228news.tg\/index.php\/wp-json\/wp\/v2\/media?parent=2128"}],"wp:term":[{"taxonomy":"category","embeddable":true,"href":"https:\/\/228news.tg\/index.php\/wp-json\/wp\/v2\/categories?post=2128"},{"taxonomy":"post_tag","embeddable":true,"href":"https:\/\/228news.tg\/index.php\/wp-json\/wp\/v2\/tags?post=2128"}],"curies":[{"name":"wp","href":"https:\/\/api.w.org\/{rel}","templated":true}]}}