{"id":2121,"date":"2019-03-15T00:00:00","date_gmt":"2019-03-15T00:00:00","guid":{"rendered":"https:\/\/228news.tg\/index.php\/2019\/03\/15\/jif-a-luniversite-de-lome-une-conference-debat-sur-la-garantie-demploi-et-lentrepreneuriat-des-femmes-pour-demarrer-les-festivites-a-la-cnje-afd\/"},"modified":"2024-09-09T14:08:15","modified_gmt":"2024-09-09T14:08:15","slug":"jif-a-luniversite-de-lome-une-conference-debat-sur-la-garantie-demploi-et-lentrepreneuriat-des-femmes-pour-demarrer-les-festivites-a-la-cnje-afd","status":"publish","type":"post","link":"https:\/\/228news.tg\/index.php\/2019\/03\/15\/jif-a-luniversite-de-lome-une-conference-debat-sur-la-garantie-demploi-et-lentrepreneuriat-des-femmes-pour-demarrer-les-festivites-a-la-cnje-afd\/","title":{"rendered":"JIF \u00e0 l\u2019Universit\u00e9 de Lom\u00e9\u00a0: Une conf\u00e9rence d\u00e9bat sur la garantie d\u2019emploi et l\u2019entrepreneuriat des femmes, pour d\u00e9marrer les festivit\u00e9s \u00e0 la CNJE-AFD"},"content":{"rendered":"<p>(228NEWS\/ Lom\u00e9, le 15 mars 2019)- La premi\u00e8re journ\u00e9e des manifestations organis\u00e9es \u00e0 l\u2019Universit\u00e9 de Lom\u00e9 par la Coordination Nationale de la Jeunesse Estudiantine (CNJE), en collaboration avec l\u2019Association Filles Debout (AFD), a \u00e9t\u00e9 marqu\u00e9 ce vendredi par une grande conf\u00e9rence d\u00e9bat portant sur le th\u00e8me \u00ab\u00a0la garantie de l\u2019emploi et l\u2019entrepreneuriat au f\u00e9minin pour l\u2019autonomisation \u00e9conomique des femmes.<\/p>\n<p>L\u2019\u00e9v\u00e9nement s\u2019est tenu \u00e0 l\u2019auditorium de l\u2019UL et a \u00e9t\u00e9 ouvert par Mme Tamaklo\u00e9 Massan, repr\u00e9sentant la ministre de l\u2019action sociale, de la promotion de la femme et de l\u2019alphab\u00e9tisation et a rassembl\u00e9 pr\u00e8s de 500 \u00e9tudiants, les premiers responsables de l\u2019UL, des leaders f\u00e9minins, ainsi que diverses personnalit\u00e9s.<img fetchpriority=\"high\" decoding=\"async\" class=\"alignnone wp-image-3969 alignright\" src=\"https:\/\/228news.tg\/wp-content\/uploads\/2024\/09\/photo_2019-03-15_13-07-30-300x225.jpg\" alt=\"\" width=\"330\" height=\"247\" \/><\/p>\n<p>Pour la repr\u00e9sentante de la ministre, cette conf\u00e9rence doit constituer un cadre d\u2019\u00e9valuation de l\u2019\u00e9volution des conditions de la femme et de jauger le r\u00f4le de cette derni\u00e8re dans l\u2019\u00e9volution de l\u2019humanit\u00e9.<\/p>\n<p>Elle doit donc \u00eatre une occasion \u00e0 tous les acteurs r\u00e9unis, surtout les jeunes \u00e9tudiantes de r\u00e9fl\u00e9chir aux moyens innovants permettant de faire progresser l\u2019\u00e9galit\u00e9 des sexes et l\u2019autonomisation de la femme sur tous les plans et de prendre conscience des d\u00e9fis qu\u2019il reste \u00e0 relever, ainsi que des opportunit\u00e9s offertes.<\/p>\n<p>Le premier Vice-Pr\u00e9sident de l\u2019UL, le prof Batawila Komlan, pour sa part a lou\u00e9 cette initiative et encourag\u00e9 les \u00e9tudiants \u00e0 faire preuve de responsabilit\u00e9, de courage dans toute leur entreprise.<\/p>\n<p>Bodi Da\u00efmou, Pr\u00e9sident de la CNJE n\u2019a pas manqu\u00e9 de relever les diff\u00e9rentes actions des premi\u00e8res autorit\u00e9s de ce pays en faveur de la femme, ce qu\u2019il a salu\u00e9, avant de les exhorter \u00e0 faire davantage afin que l\u2019\u00e9quit\u00e9-genre pr\u00f4n\u00e9e par le Chef de l\u2019Etat devienne une r\u00e9alit\u00e9.<\/p>\n<p>\u00ab\u00a0Il est imp\u00e9rieux que l\u2019\u00e9tudiante togolaise prenne conscience des d\u00e9fis et r\u00f4les qui sont siens dans notre soci\u00e9t\u00e9, de m\u00eame que des opportunit\u00e9s et garanties que notre cher pays lui offre. A la fin de cette conf\u00e9rence, nous esp\u00e9rons que les unes et les autres en sortiront grandies, bien outiller afin de prendre des d\u00e9cisions majeures pouvant les conduire \u00e0 une pleine autonomisation et un plein \u00e9panouissement\u00a0\u00bb, a-t-il l\u00e2ch\u00e9.<\/p>\n<p>Premi\u00e8re d\u2019une s\u00e9rie de trois activit\u00e9s, cette conf\u00e9rence d\u00e9bat sera suivie d\u2019un match de football qui opposera les \u00e9quipes f\u00e9minines de l\u2019Universit\u00e9 de Lom\u00e9 et de l\u2019Ecole Sup\u00e9rieure des Affaires (ESA).<\/p>\n<p>La c\u00e9l\u00e9bration connaitra son apoth\u00e9ose ce samedi 16 mars avec l\u2019op\u00e9ration DAAS-propre.<\/p>\n<p>Nous y reviendrons.<\/p>\n<p><strong><em>D\u00e9mocrate <\/em><\/strong><\/p>\n<p><strong><em>(00228) 91 85 40 14<\/em><\/strong><\/p>\n<p><strong><em>democrate2010@gmail.com<\/em><\/strong><\/p>\n","protected":false},"excerpt":{"rendered":"<p>(228NEWS\/ Lom\u00e9, le 15 mars 2019)- La premi\u00e8re journ\u00e9e des manifestations organis\u00e9es \u00e0 l\u2019Universit\u00e9 de Lom\u00e9 par la Coordination Nationale de la Jeunesse Estudiantine (CNJE), en collaboration avec l\u2019Association Filles Debout (AFD), a \u00e9t\u00e9 marqu\u00e9 ce vendredi par une grande conf\u00e9rence d\u00e9bat portant sur le th\u00e8me \u00ab\u00a0la garantie de l\u2019emploi et l\u2019entrepreneuriat au f\u00e9minin pour &#8230; <a title=\"JIF \u00e0 l\u2019Universit\u00e9 de Lom\u00e9\u00a0: Une conf\u00e9rence d\u00e9bat sur la garantie d\u2019emploi et l\u2019entrepreneuriat des femmes, pour d\u00e9marrer les festivit\u00e9s \u00e0 la CNJE-AFD\" class=\"read-more\" href=\"https:\/\/228news.tg\/index.php\/2019\/03\/15\/jif-a-luniversite-de-lome-une-conference-debat-sur-la-garantie-demploi-et-lentrepreneuriat-des-femmes-pour-demarrer-les-festivites-a-la-cnje-afd\/\" aria-label=\"En savoir plus sur JIF \u00e0 l\u2019Universit\u00e9 de Lom\u00e9\u00a0: Une conf\u00e9rence d\u00e9bat sur la garantie d\u2019emploi et l\u2019entrepreneuriat des femmes, pour d\u00e9marrer les festivit\u00e9s \u00e0 la CNJE-AFD\">Lire la suite<\/a><\/p>\n","protected":false},"author":2,"featured_media":2120,"comment_status":"open","ping_status":"open","sticky":false,"template":"","format":"standard","meta":{"footnotes":""},"categories":[28,35,25,34],"tags":[],"class_list":["post-2121","post","type-post","status-publish","format-standard","has-post-thumbnail","hentry","category-education","category-flash","category-togo","category-une"],"yoast_head":"<!-- This site is optimized with the Yoast SEO plugin v26.4 - https:\/\/yoast.com\/wordpress\/plugins\/seo\/ -->\n<title>JIF \u00e0 l\u2019Universit\u00e9 de Lom\u00e9\u00a0: Une conf\u00e9rence d\u00e9bat sur la garantie d\u2019emploi et l\u2019entrepreneuriat des femmes, pour d\u00e9marrer les festivit\u00e9s \u00e0 la CNJE-AFD - 228 News<\/title>\n<meta name=\"robots\" content=\"index, follow, max-snippet:-1, max-image-preview:large, max-video-preview:-1\" \/>\n<link rel=\"canonical\" href=\"https:\/\/228news.tg\/index.php\/2019\/03\/15\/jif-a-luniversite-de-lome-une-conference-debat-sur-la-garantie-demploi-et-lentrepreneuriat-des-femmes-pour-demarrer-les-festivites-a-la-cnje-afd\/\" \/>\n<meta property=\"og:locale\" content=\"fr_FR\" \/>\n<meta property=\"og:type\" content=\"article\" \/>\n<meta property=\"og:title\" content=\"JIF \u00e0 l\u2019Universit\u00e9 de Lom\u00e9\u00a0: Une conf\u00e9rence d\u00e9bat sur la garantie d\u2019emploi et l\u2019entrepreneuriat des femmes, pour d\u00e9marrer les festivit\u00e9s \u00e0 la CNJE-AFD - 228 News\" \/>\n<meta property=\"og:description\" content=\"(228NEWS\/ Lom\u00e9, le 15 mars 2019)- La premi\u00e8re journ\u00e9e des manifestations organis\u00e9es \u00e0 l\u2019Universit\u00e9 de Lom\u00e9 par la Coordination Nationale de la Jeunesse Estudiantine (CNJE), en collaboration avec l\u2019Association Filles Debout (AFD), a \u00e9t\u00e9 marqu\u00e9 ce vendredi par une grande conf\u00e9rence d\u00e9bat portant sur le th\u00e8me \u00ab\u00a0la garantie de l\u2019emploi et l\u2019entrepreneuriat au f\u00e9minin pour ... Lire la suite\" \/>\n<meta property=\"og:url\" content=\"https:\/\/228news.tg\/index.php\/2019\/03\/15\/jif-a-luniversite-de-lome-une-conference-debat-sur-la-garantie-demploi-et-lentrepreneuriat-des-femmes-pour-demarrer-les-festivites-a-la-cnje-afd\/\" \/>\n<meta property=\"og:site_name\" content=\"228 News\" \/>\n<meta property=\"article:published_time\" content=\"2019-03-15T00:00:00+00:00\" \/>\n<meta property=\"article:modified_time\" content=\"2024-09-09T14:08:15+00:00\" \/>\n<meta property=\"og:image\" content=\"https:\/\/228news.tg\/wp-content\/uploads\/2024\/09\/photo_2019-03-15_13-07-37.jpg\" \/>\n\t<meta property=\"og:image:width\" content=\"1080\" \/>\n\t<meta property=\"og:image:height\" content=\"810\" \/>\n\t<meta property=\"og:image:type\" content=\"image\/jpeg\" \/>\n<meta name=\"author\" content=\"Bienvenu SAVI\" \/>\n<meta name=\"twitter:card\" content=\"summary_large_image\" \/>\n<meta name=\"twitter:label1\" content=\"\u00c9crit par\" \/>\n\t<meta name=\"twitter:data1\" content=\"Bienvenu SAVI\" \/>\n\t<meta name=\"twitter:label2\" content=\"Dur\u00e9e de lecture estim\u00e9e\" \/>\n\t<meta name=\"twitter:data2\" content=\"2 minutes\" \/>\n<script type=\"application\/ld+json\" class=\"yoast-schema-graph\">{\"@context\":\"https:\/\/schema.org\",\"@graph\":[{\"@type\":\"Article\",\"@id\":\"https:\/\/228news.tg\/index.php\/2019\/03\/15\/jif-a-luniversite-de-lome-une-conference-debat-sur-la-garantie-demploi-et-lentrepreneuriat-des-femmes-pour-demarrer-les-festivites-a-la-cnje-afd\/#article\",\"isPartOf\":{\"@id\":\"https:\/\/228news.tg\/index.php\/2019\/03\/15\/jif-a-luniversite-de-lome-une-conference-debat-sur-la-garantie-demploi-et-lentrepreneuriat-des-femmes-pour-demarrer-les-festivites-a-la-cnje-afd\/\"},\"author\":{\"name\":\"Bienvenu SAVI\",\"@id\":\"https:\/\/228news.tg\/#\/schema\/person\/68d5a6cc0230290e61235c8379523f52\"},\"headline\":\"JIF \u00e0 l\u2019Universit\u00e9 de Lom\u00e9\u00a0: Une conf\u00e9rence d\u00e9bat sur la garantie d\u2019emploi et l\u2019entrepreneuriat des femmes, pour d\u00e9marrer les festivit\u00e9s \u00e0 la CNJE-AFD\",\"datePublished\":\"2019-03-15T00:00:00+00:00\",\"dateModified\":\"2024-09-09T14:08:15+00:00\",\"mainEntityOfPage\":{\"@id\":\"https:\/\/228news.tg\/index.php\/2019\/03\/15\/jif-a-luniversite-de-lome-une-conference-debat-sur-la-garantie-demploi-et-lentrepreneuriat-des-femmes-pour-demarrer-les-festivites-a-la-cnje-afd\/\"},\"wordCount\":491,\"commentCount\":0,\"publisher\":{\"@id\":\"https:\/\/228news.tg\/#organization\"},\"image\":{\"@id\":\"https:\/\/228news.tg\/index.php\/2019\/03\/15\/jif-a-luniversite-de-lome-une-conference-debat-sur-la-garantie-demploi-et-lentrepreneuriat-des-femmes-pour-demarrer-les-festivites-a-la-cnje-afd\/#primaryimage\"},\"thumbnailUrl\":\"https:\/\/228news.tg\/wp-content\/uploads\/2024\/09\/photo_2019-03-15_13-07-37.jpg\",\"articleSection\":[\"EDUCATION\",\"Flash\",\"TOGO\",\"Une\"],\"inLanguage\":\"fr-FR\",\"potentialAction\":[{\"@type\":\"CommentAction\",\"name\":\"Comment\",\"target\":[\"https:\/\/228news.tg\/index.php\/2019\/03\/15\/jif-a-luniversite-de-lome-une-conference-debat-sur-la-garantie-demploi-et-lentrepreneuriat-des-femmes-pour-demarrer-les-festivites-a-la-cnje-afd\/#respond\"]}]},{\"@type\":\"WebPage\",\"@id\":\"https:\/\/228news.tg\/index.php\/2019\/03\/15\/jif-a-luniversite-de-lome-une-conference-debat-sur-la-garantie-demploi-et-lentrepreneuriat-des-femmes-pour-demarrer-les-festivites-a-la-cnje-afd\/\",\"url\":\"https:\/\/228news.tg\/index.php\/2019\/03\/15\/jif-a-luniversite-de-lome-une-conference-debat-sur-la-garantie-demploi-et-lentrepreneuriat-des-femmes-pour-demarrer-les-festivites-a-la-cnje-afd\/\",\"name\":\"JIF \u00e0 l\u2019Universit\u00e9 de Lom\u00e9\u00a0: Une conf\u00e9rence d\u00e9bat sur la garantie d\u2019emploi et l\u2019entrepreneuriat des femmes, pour d\u00e9marrer les festivit\u00e9s \u00e0 la CNJE-AFD - 228 News\",\"isPartOf\":{\"@id\":\"https:\/\/228news.tg\/#website\"},\"primaryImageOfPage\":{\"@id\":\"https:\/\/228news.tg\/index.php\/2019\/03\/15\/jif-a-luniversite-de-lome-une-conference-debat-sur-la-garantie-demploi-et-lentrepreneuriat-des-femmes-pour-demarrer-les-festivites-a-la-cnje-afd\/#primaryimage\"},\"image\":{\"@id\":\"https:\/\/228news.tg\/index.php\/2019\/03\/15\/jif-a-luniversite-de-lome-une-conference-debat-sur-la-garantie-demploi-et-lentrepreneuriat-des-femmes-pour-demarrer-les-festivites-a-la-cnje-afd\/#primaryimage\"},\"thumbnailUrl\":\"https:\/\/228news.tg\/wp-content\/uploads\/2024\/09\/photo_2019-03-15_13-07-37.jpg\",\"datePublished\":\"2019-03-15T00:00:00+00:00\",\"dateModified\":\"2024-09-09T14:08:15+00:00\",\"breadcrumb\":{\"@id\":\"https:\/\/228news.tg\/index.php\/2019\/03\/15\/jif-a-luniversite-de-lome-une-conference-debat-sur-la-garantie-demploi-et-lentrepreneuriat-des-femmes-pour-demarrer-les-festivites-a-la-cnje-afd\/#breadcrumb\"},\"inLanguage\":\"fr-FR\",\"potentialAction\":[{\"@type\":\"ReadAction\",\"target\":[\"https:\/\/228news.tg\/index.php\/2019\/03\/15\/jif-a-luniversite-de-lome-une-conference-debat-sur-la-garantie-demploi-et-lentrepreneuriat-des-femmes-pour-demarrer-les-festivites-a-la-cnje-afd\/\"]}]},{\"@type\":\"ImageObject\",\"inLanguage\":\"fr-FR\",\"@id\":\"https:\/\/228news.tg\/index.php\/2019\/03\/15\/jif-a-luniversite-de-lome-une-conference-debat-sur-la-garantie-demploi-et-lentrepreneuriat-des-femmes-pour-demarrer-les-festivites-a-la-cnje-afd\/#primaryimage\",\"url\":\"https:\/\/228news.tg\/wp-content\/uploads\/2024\/09\/photo_2019-03-15_13-07-37.jpg\",\"contentUrl\":\"https:\/\/228news.tg\/wp-content\/uploads\/2024\/09\/photo_2019-03-15_13-07-37.jpg\",\"width\":1080,\"height\":810},{\"@type\":\"BreadcrumbList\",\"@id\":\"https:\/\/228news.tg\/index.php\/2019\/03\/15\/jif-a-luniversite-de-lome-une-conference-debat-sur-la-garantie-demploi-et-lentrepreneuriat-des-femmes-pour-demarrer-les-festivites-a-la-cnje-afd\/#breadcrumb\",\"itemListElement\":[{\"@type\":\"ListItem\",\"position\":1,\"name\":\"Home\",\"item\":\"https:\/\/228news.tg\/\"},{\"@type\":\"ListItem\",\"position\":2,\"name\":\"JIF \u00e0 l\u2019Universit\u00e9 de Lom\u00e9\u00a0: Une conf\u00e9rence d\u00e9bat sur la garantie d\u2019emploi et l\u2019entrepreneuriat des femmes, pour d\u00e9marrer les festivit\u00e9s \u00e0 la CNJE-AFD\"}]},{\"@type\":\"WebSite\",\"@id\":\"https:\/\/228news.tg\/#website\",\"url\":\"https:\/\/228news.tg\/\",\"name\":\"228 News\",\"description\":\"Soci\u00e9t\u00e9 de m\u00e9dias et d\u2019actualit\u00e9s\",\"publisher\":{\"@id\":\"https:\/\/228news.tg\/#organization\"},\"potentialAction\":[{\"@type\":\"SearchAction\",\"target\":{\"@type\":\"EntryPoint\",\"urlTemplate\":\"https:\/\/228news.tg\/?s={search_term_string}\"},\"query-input\":{\"@type\":\"PropertyValueSpecification\",\"valueRequired\":true,\"valueName\":\"search_term_string\"}}],\"inLanguage\":\"fr-FR\"},{\"@type\":\"Organization\",\"@id\":\"https:\/\/228news.tg\/#organization\",\"name\":\"228 News\",\"url\":\"https:\/\/228news.tg\/\",\"logo\":{\"@type\":\"ImageObject\",\"inLanguage\":\"fr-FR\",\"@id\":\"https:\/\/228news.tg\/#\/schema\/logo\/image\/\",\"url\":\"https:\/\/228news.tg\/wp-content\/uploads\/2024\/09\/logonew.png\",\"contentUrl\":\"https:\/\/228news.tg\/wp-content\/uploads\/2024\/09\/logonew.png\",\"width\":1640,\"height\":364,\"caption\":\"228 News\"},\"image\":{\"@id\":\"https:\/\/228news.tg\/#\/schema\/logo\/image\/\"}},{\"@type\":\"Person\",\"@id\":\"https:\/\/228news.tg\/#\/schema\/person\/68d5a6cc0230290e61235c8379523f52\",\"name\":\"Bienvenu SAVI\",\"image\":{\"@type\":\"ImageObject\",\"inLanguage\":\"fr-FR\",\"@id\":\"https:\/\/228news.tg\/#\/schema\/person\/image\/\",\"url\":\"https:\/\/secure.gravatar.com\/avatar\/9db91895c559e510509c33a3e9683998458e9b828fac36d5d1aa23f0f2fd369b?s=96&d=mm&r=g\",\"contentUrl\":\"https:\/\/secure.gravatar.com\/avatar\/9db91895c559e510509c33a3e9683998458e9b828fac36d5d1aa23f0f2fd369b?s=96&d=mm&r=g\",\"caption\":\"Bienvenu SAVI\"},\"url\":\"https:\/\/228news.tg\/index.php\/author\/bienvenu\/\"}]}<\/script>\n<!-- \/ Yoast SEO plugin. -->","yoast_head_json":{"title":"JIF \u00e0 l\u2019Universit\u00e9 de Lom\u00e9\u00a0: Une conf\u00e9rence d\u00e9bat sur la garantie d\u2019emploi et l\u2019entrepreneuriat des femmes, pour d\u00e9marrer les festivit\u00e9s \u00e0 la CNJE-AFD - 228 News","robots":{"index":"index","follow":"follow","max-snippet":"max-snippet:-1","max-image-preview":"max-image-preview:large","max-video-preview":"max-video-preview:-1"},"canonical":"https:\/\/228news.tg\/index.php\/2019\/03\/15\/jif-a-luniversite-de-lome-une-conference-debat-sur-la-garantie-demploi-et-lentrepreneuriat-des-femmes-pour-demarrer-les-festivites-a-la-cnje-afd\/","og_locale":"fr_FR","og_type":"article","og_title":"JIF \u00e0 l\u2019Universit\u00e9 de Lom\u00e9\u00a0: Une conf\u00e9rence d\u00e9bat sur la garantie d\u2019emploi et l\u2019entrepreneuriat des femmes, pour d\u00e9marrer les festivit\u00e9s \u00e0 la CNJE-AFD - 228 News","og_description":"(228NEWS\/ Lom\u00e9, le 15 mars 2019)- La premi\u00e8re journ\u00e9e des manifestations organis\u00e9es \u00e0 l\u2019Universit\u00e9 de Lom\u00e9 par la Coordination Nationale de la Jeunesse Estudiantine (CNJE), en collaboration avec l\u2019Association Filles Debout (AFD), a \u00e9t\u00e9 marqu\u00e9 ce vendredi par une grande conf\u00e9rence d\u00e9bat portant sur le th\u00e8me \u00ab\u00a0la garantie de l\u2019emploi et l\u2019entrepreneuriat au f\u00e9minin pour ... Lire la suite","og_url":"https:\/\/228news.tg\/index.php\/2019\/03\/15\/jif-a-luniversite-de-lome-une-conference-debat-sur-la-garantie-demploi-et-lentrepreneuriat-des-femmes-pour-demarrer-les-festivites-a-la-cnje-afd\/","og_site_name":"228 News","article_published_time":"2019-03-15T00:00:00+00:00","article_modified_time":"2024-09-09T14:08:15+00:00","og_image":[{"width":1080,"height":810,"url":"https:\/\/228news.tg\/wp-content\/uploads\/2024\/09\/photo_2019-03-15_13-07-37.jpg","type":"image\/jpeg"}],"author":"Bienvenu SAVI","twitter_card":"summary_large_image","twitter_misc":{"\u00c9crit par":"Bienvenu SAVI","Dur\u00e9e de lecture estim\u00e9e":"2 minutes"},"schema":{"@context":"https:\/\/schema.org","@graph":[{"@type":"Article","@id":"https:\/\/228news.tg\/index.php\/2019\/03\/15\/jif-a-luniversite-de-lome-une-conference-debat-sur-la-garantie-demploi-et-lentrepreneuriat-des-femmes-pour-demarrer-les-festivites-a-la-cnje-afd\/#article","isPartOf":{"@id":"https:\/\/228news.tg\/index.php\/2019\/03\/15\/jif-a-luniversite-de-lome-une-conference-debat-sur-la-garantie-demploi-et-lentrepreneuriat-des-femmes-pour-demarrer-les-festivites-a-la-cnje-afd\/"},"author":{"name":"Bienvenu SAVI","@id":"https:\/\/228news.tg\/#\/schema\/person\/68d5a6cc0230290e61235c8379523f52"},"headline":"JIF \u00e0 l\u2019Universit\u00e9 de Lom\u00e9\u00a0: Une conf\u00e9rence d\u00e9bat sur la garantie d\u2019emploi et l\u2019entrepreneuriat des femmes, pour d\u00e9marrer les festivit\u00e9s \u00e0 la CNJE-AFD","datePublished":"2019-03-15T00:00:00+00:00","dateModified":"2024-09-09T14:08:15+00:00","mainEntityOfPage":{"@id":"https:\/\/228news.tg\/index.php\/2019\/03\/15\/jif-a-luniversite-de-lome-une-conference-debat-sur-la-garantie-demploi-et-lentrepreneuriat-des-femmes-pour-demarrer-les-festivites-a-la-cnje-afd\/"},"wordCount":491,"commentCount":0,"publisher":{"@id":"https:\/\/228news.tg\/#organization"},"image":{"@id":"https:\/\/228news.tg\/index.php\/2019\/03\/15\/jif-a-luniversite-de-lome-une-conference-debat-sur-la-garantie-demploi-et-lentrepreneuriat-des-femmes-pour-demarrer-les-festivites-a-la-cnje-afd\/#primaryimage"},"thumbnailUrl":"https:\/\/228news.tg\/wp-content\/uploads\/2024\/09\/photo_2019-03-15_13-07-37.jpg","articleSection":["EDUCATION","Flash","TOGO","Une"],"inLanguage":"fr-FR","potentialAction":[{"@type":"CommentAction","name":"Comment","target":["https:\/\/228news.tg\/index.php\/2019\/03\/15\/jif-a-luniversite-de-lome-une-conference-debat-sur-la-garantie-demploi-et-lentrepreneuriat-des-femmes-pour-demarrer-les-festivites-a-la-cnje-afd\/#respond"]}]},{"@type":"WebPage","@id":"https:\/\/228news.tg\/index.php\/2019\/03\/15\/jif-a-luniversite-de-lome-une-conference-debat-sur-la-garantie-demploi-et-lentrepreneuriat-des-femmes-pour-demarrer-les-festivites-a-la-cnje-afd\/","url":"https:\/\/228news.tg\/index.php\/2019\/03\/15\/jif-a-luniversite-de-lome-une-conference-debat-sur-la-garantie-demploi-et-lentrepreneuriat-des-femmes-pour-demarrer-les-festivites-a-la-cnje-afd\/","name":"JIF \u00e0 l\u2019Universit\u00e9 de Lom\u00e9\u00a0: Une conf\u00e9rence d\u00e9bat sur la garantie d\u2019emploi et l\u2019entrepreneuriat des femmes, pour d\u00e9marrer les festivit\u00e9s \u00e0 la CNJE-AFD - 228 News","isPartOf":{"@id":"https:\/\/228news.tg\/#website"},"primaryImageOfPage":{"@id":"https:\/\/228news.tg\/index.php\/2019\/03\/15\/jif-a-luniversite-de-lome-une-conference-debat-sur-la-garantie-demploi-et-lentrepreneuriat-des-femmes-pour-demarrer-les-festivites-a-la-cnje-afd\/#primaryimage"},"image":{"@id":"https:\/\/228news.tg\/index.php\/2019\/03\/15\/jif-a-luniversite-de-lome-une-conference-debat-sur-la-garantie-demploi-et-lentrepreneuriat-des-femmes-pour-demarrer-les-festivites-a-la-cnje-afd\/#primaryimage"},"thumbnailUrl":"https:\/\/228news.tg\/wp-content\/uploads\/2024\/09\/photo_2019-03-15_13-07-37.jpg","datePublished":"2019-03-15T00:00:00+00:00","dateModified":"2024-09-09T14:08:15+00:00","breadcrumb":{"@id":"https:\/\/228news.tg\/index.php\/2019\/03\/15\/jif-a-luniversite-de-lome-une-conference-debat-sur-la-garantie-demploi-et-lentrepreneuriat-des-femmes-pour-demarrer-les-festivites-a-la-cnje-afd\/#breadcrumb"},"inLanguage":"fr-FR","potentialAction":[{"@type":"ReadAction","target":["https:\/\/228news.tg\/index.php\/2019\/03\/15\/jif-a-luniversite-de-lome-une-conference-debat-sur-la-garantie-demploi-et-lentrepreneuriat-des-femmes-pour-demarrer-les-festivites-a-la-cnje-afd\/"]}]},{"@type":"ImageObject","inLanguage":"fr-FR","@id":"https:\/\/228news.tg\/index.php\/2019\/03\/15\/jif-a-luniversite-de-lome-une-conference-debat-sur-la-garantie-demploi-et-lentrepreneuriat-des-femmes-pour-demarrer-les-festivites-a-la-cnje-afd\/#primaryimage","url":"https:\/\/228news.tg\/wp-content\/uploads\/2024\/09\/photo_2019-03-15_13-07-37.jpg","contentUrl":"https:\/\/228news.tg\/wp-content\/uploads\/2024\/09\/photo_2019-03-15_13-07-37.jpg","width":1080,"height":810},{"@type":"BreadcrumbList","@id":"https:\/\/228news.tg\/index.php\/2019\/03\/15\/jif-a-luniversite-de-lome-une-conference-debat-sur-la-garantie-demploi-et-lentrepreneuriat-des-femmes-pour-demarrer-les-festivites-a-la-cnje-afd\/#breadcrumb","itemListElement":[{"@type":"ListItem","position":1,"name":"Home","item":"https:\/\/228news.tg\/"},{"@type":"ListItem","position":2,"name":"JIF \u00e0 l\u2019Universit\u00e9 de Lom\u00e9\u00a0: Une conf\u00e9rence d\u00e9bat sur la garantie d\u2019emploi et l\u2019entrepreneuriat des femmes, pour d\u00e9marrer les festivit\u00e9s \u00e0 la CNJE-AFD"}]},{"@type":"WebSite","@id":"https:\/\/228news.tg\/#website","url":"https:\/\/228news.tg\/","name":"228 News","description":"Soci\u00e9t\u00e9 de m\u00e9dias et d\u2019actualit\u00e9s","publisher":{"@id":"https:\/\/228news.tg\/#organization"},"potentialAction":[{"@type":"SearchAction","target":{"@type":"EntryPoint","urlTemplate":"https:\/\/228news.tg\/?s={search_term_string}"},"query-input":{"@type":"PropertyValueSpecification","valueRequired":true,"valueName":"search_term_string"}}],"inLanguage":"fr-FR"},{"@type":"Organization","@id":"https:\/\/228news.tg\/#organization","name":"228 News","url":"https:\/\/228news.tg\/","logo":{"@type":"ImageObject","inLanguage":"fr-FR","@id":"https:\/\/228news.tg\/#\/schema\/logo\/image\/","url":"https:\/\/228news.tg\/wp-content\/uploads\/2024\/09\/logonew.png","contentUrl":"https:\/\/228news.tg\/wp-content\/uploads\/2024\/09\/logonew.png","width":1640,"height":364,"caption":"228 News"},"image":{"@id":"https:\/\/228news.tg\/#\/schema\/logo\/image\/"}},{"@type":"Person","@id":"https:\/\/228news.tg\/#\/schema\/person\/68d5a6cc0230290e61235c8379523f52","name":"Bienvenu SAVI","image":{"@type":"ImageObject","inLanguage":"fr-FR","@id":"https:\/\/228news.tg\/#\/schema\/person\/image\/","url":"https:\/\/secure.gravatar.com\/avatar\/9db91895c559e510509c33a3e9683998458e9b828fac36d5d1aa23f0f2fd369b?s=96&d=mm&r=g","contentUrl":"https:\/\/secure.gravatar.com\/avatar\/9db91895c559e510509c33a3e9683998458e9b828fac36d5d1aa23f0f2fd369b?s=96&d=mm&r=g","caption":"Bienvenu SAVI"},"url":"https:\/\/228news.tg\/index.php\/author\/bienvenu\/"}]}},"jetpack_featured_media_url":"https:\/\/228news.tg\/wp-content\/uploads\/2024\/09\/photo_2019-03-15_13-07-37.jpg","_links":{"self":[{"href":"https:\/\/228news.tg\/index.php\/wp-json\/wp\/v2\/posts\/2121","targetHints":{"allow":["GET"]}}],"collection":[{"href":"https:\/\/228news.tg\/index.php\/wp-json\/wp\/v2\/posts"}],"about":[{"href":"https:\/\/228news.tg\/index.php\/wp-json\/wp\/v2\/types\/post"}],"author":[{"embeddable":true,"href":"https:\/\/228news.tg\/index.php\/wp-json\/wp\/v2\/users\/2"}],"replies":[{"embeddable":true,"href":"https:\/\/228news.tg\/index.php\/wp-json\/wp\/v2\/comments?post=2121"}],"version-history":[{"count":1,"href":"https:\/\/228news.tg\/index.php\/wp-json\/wp\/v2\/posts\/2121\/revisions"}],"predecessor-version":[{"id":2122,"href":"https:\/\/228news.tg\/index.php\/wp-json\/wp\/v2\/posts\/2121\/revisions\/2122"}],"wp:featuredmedia":[{"embeddable":true,"href":"https:\/\/228news.tg\/index.php\/wp-json\/wp\/v2\/media\/2120"}],"wp:attachment":[{"href":"https:\/\/228news.tg\/index.php\/wp-json\/wp\/v2\/media?parent=2121"}],"wp:term":[{"taxonomy":"category","embeddable":true,"href":"https:\/\/228news.tg\/index.php\/wp-json\/wp\/v2\/categories?post=2121"},{"taxonomy":"post_tag","embeddable":true,"href":"https:\/\/228news.tg\/index.php\/wp-json\/wp\/v2\/tags?post=2121"}],"curies":[{"name":"wp","href":"https:\/\/api.w.org\/{rel}","templated":true}]}}