{"id":212,"date":"2016-11-14T00:00:00","date_gmt":"2016-11-14T00:00:00","guid":{"rendered":"https:\/\/228news.tg\/index.php\/2016\/11\/14\/autorite-de-regulation-des-marches-publics-armp\/"},"modified":"2016-11-14T00:00:00","modified_gmt":"2016-11-14T00:00:00","slug":"autorite-de-regulation-des-marches-publics-armp","status":"publish","type":"post","link":"https:\/\/228news.tg\/index.php\/2016\/11\/14\/autorite-de-regulation-des-marches-publics-armp\/","title":{"rendered":"Autorit\u00e9 de R\u00e9gulation des March\u00e9s Publics (ARMP)"},"content":{"rendered":"<p><em><u>Autorit\u00e9 de R\u00e9gulation des March\u00e9s Publics (ARMP) <\/u><\/em><\/p>\n<p><strong>La soci\u00e9t\u00e9 civile et les m\u00e9dias \u00e0 l\u2019\u00e9cole des march\u00e9s publics<\/strong><\/p>\n<p><strong><em>Une formation a \u00e9t\u00e9 ouverte le lundi 7 novembre dernier au profit des membres des organisations de la soci\u00e9t\u00e9 civile et des journalistes, ceci pour mieux expliquer le r\u00f4le de veille citoyenne que ces eux acteurs non n\u00e9gligeable de la soci\u00e9t\u00e9 peuvent jouer dans la gestion efficace des march\u00e9s publics.<\/em><\/strong><\/p>\n<p>Organis\u00e9e par l\u2019Autorit\u00e9 de R\u00e9gulation des March\u00e9s Publics (ARMP) avec l\u2019appui financier de la Banque Africaine de D\u00e9veloppement (BAD) par son projet d\u2019appui \u00e0 la mobilisation des ressources et au renforcement des capacit\u00e9s institutionnelles (POMOCI). Cette formation de trois jours, a pour objectif de renforcer le contr\u00f4le citoyen des medias et des acteurs de la soci\u00e9t\u00e9.<\/p>\n<p>\u00ab\u00a0Si d\u2019un c\u00f4t\u00e9 les m\u00e9dias s\u2019efforcent tant bien que mal \u00e0 d\u00e9noncer les d\u00e9faillances constat\u00e9es dans la passation de m\u00eame que dans l\u2019ex\u00e9cution des march\u00e9s publics et pour lesquelles les op\u00e9rateurs \u00e9conomiques ou les autorit\u00e9s contractantes sont mises en cause, il n\u2019en est pas de m\u00eame pour les autres acteurs comme les associations et les syndicats qui h\u00e9sitaient encore \u00e0 s\u2019y impliquer ou lorsqu\u2019ils essayaient \u00a0de s\u2019y int\u00e9resser, le font parfois tr\u00e8s maladroitement\u00a0\u00bb, a d\u00e9clar\u00e9 Ren\u00e9 Kapou, Directeur G\u00e9n\u00e9ral de l\u2019ARMP.<\/p>\n<p>Notons qu\u2019au cours de cette formation, les membres de la soci\u00e9t\u00e9 civile et les journalistes ont suivi des communications notamment sur \u00ab Les principes de base qui r\u00e9gissent la commande publique \u00bb ; \u00ab Les diff\u00e9rentes \u00e9tapes d\u2019un processus d\u2019acquisition publique et les pratiques r\u00e9glementaires qui d\u00e9terminent leur mise en \u0153uvre\u00a0\u00bb\u00a0; \u00ab\u00a0Les pratiques frauduleuses qui peuvent \u00e9mailler les processus de passation et d\u2019ex\u00e9cution des march\u00e9s publics\u00a0\u00bb, pour ne citer que ceux l\u00e0.<\/p>\n<p>En rappel, cette formation de trois jours prend fin le 22 Novembre prochain.<\/p>\n<p>Raoul AGBETOUNOU<\/p>\n","protected":false},"excerpt":{"rendered":"<p>Autorit\u00e9 de R\u00e9gulation des March\u00e9s Publics (ARMP) La soci\u00e9t\u00e9 civile et les m\u00e9dias \u00e0 l\u2019\u00e9cole des march\u00e9s publics Une formation a \u00e9t\u00e9 ouverte le lundi 7 novembre dernier au profit des membres des organisations de la soci\u00e9t\u00e9 civile et des journalistes, ceci pour mieux expliquer le r\u00f4le de veille citoyenne que ces eux acteurs non &#8230; <a title=\"Autorit\u00e9 de R\u00e9gulation des March\u00e9s Publics (ARMP)\" class=\"read-more\" href=\"https:\/\/228news.tg\/index.php\/2016\/11\/14\/autorite-de-regulation-des-marches-publics-armp\/\" aria-label=\"En savoir plus sur Autorit\u00e9 de R\u00e9gulation des March\u00e9s Publics (ARMP)\">Lire la suite<\/a><\/p>\n","protected":false},"author":2,"featured_media":213,"comment_status":"open","ping_status":"open","sticky":false,"template":"","format":"standard","meta":{"footnotes":""},"categories":[25],"tags":[],"class_list":["post-212","post","type-post","status-publish","format-standard","has-post-thumbnail","hentry","category-togo"],"yoast_head":"<!-- This site is optimized with the Yoast SEO plugin v26.4 - https:\/\/yoast.com\/wordpress\/plugins\/seo\/ -->\n<title>Autorit\u00e9 de R\u00e9gulation des March\u00e9s Publics (ARMP) - 228 News<\/title>\n<meta name=\"robots\" content=\"index, follow, max-snippet:-1, max-image-preview:large, max-video-preview:-1\" \/>\n<link rel=\"canonical\" href=\"https:\/\/228news.tg\/index.php\/2016\/11\/14\/autorite-de-regulation-des-marches-publics-armp\/\" \/>\n<meta property=\"og:locale\" content=\"fr_FR\" \/>\n<meta property=\"og:type\" content=\"article\" \/>\n<meta property=\"og:title\" content=\"Autorit\u00e9 de R\u00e9gulation des March\u00e9s Publics (ARMP) - 228 News\" \/>\n<meta property=\"og:description\" content=\"Autorit\u00e9 de R\u00e9gulation des March\u00e9s Publics (ARMP) La soci\u00e9t\u00e9 civile et les m\u00e9dias \u00e0 l\u2019\u00e9cole des march\u00e9s publics Une formation a \u00e9t\u00e9 ouverte le lundi 7 novembre dernier au profit des membres des organisations de la soci\u00e9t\u00e9 civile et des journalistes, ceci pour mieux expliquer le r\u00f4le de veille citoyenne que ces eux acteurs non ... Lire la suite\" \/>\n<meta property=\"og:url\" content=\"https:\/\/228news.tg\/index.php\/2016\/11\/14\/autorite-de-regulation-des-marches-publics-armp\/\" \/>\n<meta property=\"og:site_name\" content=\"228 News\" \/>\n<meta property=\"article:published_time\" content=\"2016-11-14T00:00:00+00:00\" \/>\n<meta property=\"og:image\" content=\"https:\/\/228news.tg\/wp-content\/uploads\/2024\/09\/IMG-20161112-WA0030.jpg\" \/>\n\t<meta property=\"og:image:width\" content=\"1280\" \/>\n\t<meta property=\"og:image:height\" content=\"720\" \/>\n\t<meta property=\"og:image:type\" content=\"image\/jpeg\" \/>\n<meta name=\"author\" content=\"Bienvenu SAVI\" \/>\n<meta name=\"twitter:card\" content=\"summary_large_image\" \/>\n<meta name=\"twitter:label1\" content=\"\u00c9crit par\" \/>\n\t<meta name=\"twitter:data1\" content=\"Bienvenu SAVI\" \/>\n\t<meta name=\"twitter:label2\" content=\"Dur\u00e9e de lecture estim\u00e9e\" \/>\n\t<meta name=\"twitter:data2\" content=\"2 minutes\" \/>\n<script type=\"application\/ld+json\" class=\"yoast-schema-graph\">{\"@context\":\"https:\/\/schema.org\",\"@graph\":[{\"@type\":\"Article\",\"@id\":\"https:\/\/228news.tg\/index.php\/2016\/11\/14\/autorite-de-regulation-des-marches-publics-armp\/#article\",\"isPartOf\":{\"@id\":\"https:\/\/228news.tg\/index.php\/2016\/11\/14\/autorite-de-regulation-des-marches-publics-armp\/\"},\"author\":{\"name\":\"Bienvenu SAVI\",\"@id\":\"https:\/\/228news.tg\/#\/schema\/person\/68d5a6cc0230290e61235c8379523f52\"},\"headline\":\"Autorit\u00e9 de R\u00e9gulation des March\u00e9s Publics (ARMP)\",\"datePublished\":\"2016-11-14T00:00:00+00:00\",\"mainEntityOfPage\":{\"@id\":\"https:\/\/228news.tg\/index.php\/2016\/11\/14\/autorite-de-regulation-des-marches-publics-armp\/\"},\"wordCount\":348,\"commentCount\":0,\"publisher\":{\"@id\":\"https:\/\/228news.tg\/#organization\"},\"image\":{\"@id\":\"https:\/\/228news.tg\/index.php\/2016\/11\/14\/autorite-de-regulation-des-marches-publics-armp\/#primaryimage\"},\"thumbnailUrl\":\"https:\/\/228news.tg\/wp-content\/uploads\/2024\/09\/IMG-20161112-WA0030.jpg\",\"articleSection\":[\"TOGO\"],\"inLanguage\":\"fr-FR\",\"potentialAction\":[{\"@type\":\"CommentAction\",\"name\":\"Comment\",\"target\":[\"https:\/\/228news.tg\/index.php\/2016\/11\/14\/autorite-de-regulation-des-marches-publics-armp\/#respond\"]}]},{\"@type\":\"WebPage\",\"@id\":\"https:\/\/228news.tg\/index.php\/2016\/11\/14\/autorite-de-regulation-des-marches-publics-armp\/\",\"url\":\"https:\/\/228news.tg\/index.php\/2016\/11\/14\/autorite-de-regulation-des-marches-publics-armp\/\",\"name\":\"Autorit\u00e9 de R\u00e9gulation des March\u00e9s Publics (ARMP) - 228 News\",\"isPartOf\":{\"@id\":\"https:\/\/228news.tg\/#website\"},\"primaryImageOfPage\":{\"@id\":\"https:\/\/228news.tg\/index.php\/2016\/11\/14\/autorite-de-regulation-des-marches-publics-armp\/#primaryimage\"},\"image\":{\"@id\":\"https:\/\/228news.tg\/index.php\/2016\/11\/14\/autorite-de-regulation-des-marches-publics-armp\/#primaryimage\"},\"thumbnailUrl\":\"https:\/\/228news.tg\/wp-content\/uploads\/2024\/09\/IMG-20161112-WA0030.jpg\",\"datePublished\":\"2016-11-14T00:00:00+00:00\",\"breadcrumb\":{\"@id\":\"https:\/\/228news.tg\/index.php\/2016\/11\/14\/autorite-de-regulation-des-marches-publics-armp\/#breadcrumb\"},\"inLanguage\":\"fr-FR\",\"potentialAction\":[{\"@type\":\"ReadAction\",\"target\":[\"https:\/\/228news.tg\/index.php\/2016\/11\/14\/autorite-de-regulation-des-marches-publics-armp\/\"]}]},{\"@type\":\"ImageObject\",\"inLanguage\":\"fr-FR\",\"@id\":\"https:\/\/228news.tg\/index.php\/2016\/11\/14\/autorite-de-regulation-des-marches-publics-armp\/#primaryimage\",\"url\":\"https:\/\/228news.tg\/wp-content\/uploads\/2024\/09\/IMG-20161112-WA0030.jpg\",\"contentUrl\":\"https:\/\/228news.tg\/wp-content\/uploads\/2024\/09\/IMG-20161112-WA0030.jpg\",\"width\":1280,\"height\":720},{\"@type\":\"BreadcrumbList\",\"@id\":\"https:\/\/228news.tg\/index.php\/2016\/11\/14\/autorite-de-regulation-des-marches-publics-armp\/#breadcrumb\",\"itemListElement\":[{\"@type\":\"ListItem\",\"position\":1,\"name\":\"Home\",\"item\":\"https:\/\/228news.tg\/\"},{\"@type\":\"ListItem\",\"position\":2,\"name\":\"Autorit\u00e9 de R\u00e9gulation des March\u00e9s Publics (ARMP)\"}]},{\"@type\":\"WebSite\",\"@id\":\"https:\/\/228news.tg\/#website\",\"url\":\"https:\/\/228news.tg\/\",\"name\":\"228 News\",\"description\":\"Soci\u00e9t\u00e9 de m\u00e9dias et d\u2019actualit\u00e9s\",\"publisher\":{\"@id\":\"https:\/\/228news.tg\/#organization\"},\"potentialAction\":[{\"@type\":\"SearchAction\",\"target\":{\"@type\":\"EntryPoint\",\"urlTemplate\":\"https:\/\/228news.tg\/?s={search_term_string}\"},\"query-input\":{\"@type\":\"PropertyValueSpecification\",\"valueRequired\":true,\"valueName\":\"search_term_string\"}}],\"inLanguage\":\"fr-FR\"},{\"@type\":\"Organization\",\"@id\":\"https:\/\/228news.tg\/#organization\",\"name\":\"228 News\",\"url\":\"https:\/\/228news.tg\/\",\"logo\":{\"@type\":\"ImageObject\",\"inLanguage\":\"fr-FR\",\"@id\":\"https:\/\/228news.tg\/#\/schema\/logo\/image\/\",\"url\":\"https:\/\/228news.tg\/wp-content\/uploads\/2024\/09\/logonew.png\",\"contentUrl\":\"https:\/\/228news.tg\/wp-content\/uploads\/2024\/09\/logonew.png\",\"width\":1640,\"height\":364,\"caption\":\"228 News\"},\"image\":{\"@id\":\"https:\/\/228news.tg\/#\/schema\/logo\/image\/\"}},{\"@type\":\"Person\",\"@id\":\"https:\/\/228news.tg\/#\/schema\/person\/68d5a6cc0230290e61235c8379523f52\",\"name\":\"Bienvenu SAVI\",\"image\":{\"@type\":\"ImageObject\",\"inLanguage\":\"fr-FR\",\"@id\":\"https:\/\/228news.tg\/#\/schema\/person\/image\/\",\"url\":\"https:\/\/secure.gravatar.com\/avatar\/9db91895c559e510509c33a3e9683998458e9b828fac36d5d1aa23f0f2fd369b?s=96&d=mm&r=g\",\"contentUrl\":\"https:\/\/secure.gravatar.com\/avatar\/9db91895c559e510509c33a3e9683998458e9b828fac36d5d1aa23f0f2fd369b?s=96&d=mm&r=g\",\"caption\":\"Bienvenu SAVI\"},\"url\":\"https:\/\/228news.tg\/index.php\/author\/bienvenu\/\"}]}<\/script>\n<!-- \/ Yoast SEO plugin. -->","yoast_head_json":{"title":"Autorit\u00e9 de R\u00e9gulation des March\u00e9s Publics (ARMP) - 228 News","robots":{"index":"index","follow":"follow","max-snippet":"max-snippet:-1","max-image-preview":"max-image-preview:large","max-video-preview":"max-video-preview:-1"},"canonical":"https:\/\/228news.tg\/index.php\/2016\/11\/14\/autorite-de-regulation-des-marches-publics-armp\/","og_locale":"fr_FR","og_type":"article","og_title":"Autorit\u00e9 de R\u00e9gulation des March\u00e9s Publics (ARMP) - 228 News","og_description":"Autorit\u00e9 de R\u00e9gulation des March\u00e9s Publics (ARMP) La soci\u00e9t\u00e9 civile et les m\u00e9dias \u00e0 l\u2019\u00e9cole des march\u00e9s publics Une formation a \u00e9t\u00e9 ouverte le lundi 7 novembre dernier au profit des membres des organisations de la soci\u00e9t\u00e9 civile et des journalistes, ceci pour mieux expliquer le r\u00f4le de veille citoyenne que ces eux acteurs non ... Lire la suite","og_url":"https:\/\/228news.tg\/index.php\/2016\/11\/14\/autorite-de-regulation-des-marches-publics-armp\/","og_site_name":"228 News","article_published_time":"2016-11-14T00:00:00+00:00","og_image":[{"width":1280,"height":720,"url":"https:\/\/228news.tg\/wp-content\/uploads\/2024\/09\/IMG-20161112-WA0030.jpg","type":"image\/jpeg"}],"author":"Bienvenu SAVI","twitter_card":"summary_large_image","twitter_misc":{"\u00c9crit par":"Bienvenu SAVI","Dur\u00e9e de lecture estim\u00e9e":"2 minutes"},"schema":{"@context":"https:\/\/schema.org","@graph":[{"@type":"Article","@id":"https:\/\/228news.tg\/index.php\/2016\/11\/14\/autorite-de-regulation-des-marches-publics-armp\/#article","isPartOf":{"@id":"https:\/\/228news.tg\/index.php\/2016\/11\/14\/autorite-de-regulation-des-marches-publics-armp\/"},"author":{"name":"Bienvenu SAVI","@id":"https:\/\/228news.tg\/#\/schema\/person\/68d5a6cc0230290e61235c8379523f52"},"headline":"Autorit\u00e9 de R\u00e9gulation des March\u00e9s Publics (ARMP)","datePublished":"2016-11-14T00:00:00+00:00","mainEntityOfPage":{"@id":"https:\/\/228news.tg\/index.php\/2016\/11\/14\/autorite-de-regulation-des-marches-publics-armp\/"},"wordCount":348,"commentCount":0,"publisher":{"@id":"https:\/\/228news.tg\/#organization"},"image":{"@id":"https:\/\/228news.tg\/index.php\/2016\/11\/14\/autorite-de-regulation-des-marches-publics-armp\/#primaryimage"},"thumbnailUrl":"https:\/\/228news.tg\/wp-content\/uploads\/2024\/09\/IMG-20161112-WA0030.jpg","articleSection":["TOGO"],"inLanguage":"fr-FR","potentialAction":[{"@type":"CommentAction","name":"Comment","target":["https:\/\/228news.tg\/index.php\/2016\/11\/14\/autorite-de-regulation-des-marches-publics-armp\/#respond"]}]},{"@type":"WebPage","@id":"https:\/\/228news.tg\/index.php\/2016\/11\/14\/autorite-de-regulation-des-marches-publics-armp\/","url":"https:\/\/228news.tg\/index.php\/2016\/11\/14\/autorite-de-regulation-des-marches-publics-armp\/","name":"Autorit\u00e9 de R\u00e9gulation des March\u00e9s Publics (ARMP) - 228 News","isPartOf":{"@id":"https:\/\/228news.tg\/#website"},"primaryImageOfPage":{"@id":"https:\/\/228news.tg\/index.php\/2016\/11\/14\/autorite-de-regulation-des-marches-publics-armp\/#primaryimage"},"image":{"@id":"https:\/\/228news.tg\/index.php\/2016\/11\/14\/autorite-de-regulation-des-marches-publics-armp\/#primaryimage"},"thumbnailUrl":"https:\/\/228news.tg\/wp-content\/uploads\/2024\/09\/IMG-20161112-WA0030.jpg","datePublished":"2016-11-14T00:00:00+00:00","breadcrumb":{"@id":"https:\/\/228news.tg\/index.php\/2016\/11\/14\/autorite-de-regulation-des-marches-publics-armp\/#breadcrumb"},"inLanguage":"fr-FR","potentialAction":[{"@type":"ReadAction","target":["https:\/\/228news.tg\/index.php\/2016\/11\/14\/autorite-de-regulation-des-marches-publics-armp\/"]}]},{"@type":"ImageObject","inLanguage":"fr-FR","@id":"https:\/\/228news.tg\/index.php\/2016\/11\/14\/autorite-de-regulation-des-marches-publics-armp\/#primaryimage","url":"https:\/\/228news.tg\/wp-content\/uploads\/2024\/09\/IMG-20161112-WA0030.jpg","contentUrl":"https:\/\/228news.tg\/wp-content\/uploads\/2024\/09\/IMG-20161112-WA0030.jpg","width":1280,"height":720},{"@type":"BreadcrumbList","@id":"https:\/\/228news.tg\/index.php\/2016\/11\/14\/autorite-de-regulation-des-marches-publics-armp\/#breadcrumb","itemListElement":[{"@type":"ListItem","position":1,"name":"Home","item":"https:\/\/228news.tg\/"},{"@type":"ListItem","position":2,"name":"Autorit\u00e9 de R\u00e9gulation des March\u00e9s Publics (ARMP)"}]},{"@type":"WebSite","@id":"https:\/\/228news.tg\/#website","url":"https:\/\/228news.tg\/","name":"228 News","description":"Soci\u00e9t\u00e9 de m\u00e9dias et d\u2019actualit\u00e9s","publisher":{"@id":"https:\/\/228news.tg\/#organization"},"potentialAction":[{"@type":"SearchAction","target":{"@type":"EntryPoint","urlTemplate":"https:\/\/228news.tg\/?s={search_term_string}"},"query-input":{"@type":"PropertyValueSpecification","valueRequired":true,"valueName":"search_term_string"}}],"inLanguage":"fr-FR"},{"@type":"Organization","@id":"https:\/\/228news.tg\/#organization","name":"228 News","url":"https:\/\/228news.tg\/","logo":{"@type":"ImageObject","inLanguage":"fr-FR","@id":"https:\/\/228news.tg\/#\/schema\/logo\/image\/","url":"https:\/\/228news.tg\/wp-content\/uploads\/2024\/09\/logonew.png","contentUrl":"https:\/\/228news.tg\/wp-content\/uploads\/2024\/09\/logonew.png","width":1640,"height":364,"caption":"228 News"},"image":{"@id":"https:\/\/228news.tg\/#\/schema\/logo\/image\/"}},{"@type":"Person","@id":"https:\/\/228news.tg\/#\/schema\/person\/68d5a6cc0230290e61235c8379523f52","name":"Bienvenu SAVI","image":{"@type":"ImageObject","inLanguage":"fr-FR","@id":"https:\/\/228news.tg\/#\/schema\/person\/image\/","url":"https:\/\/secure.gravatar.com\/avatar\/9db91895c559e510509c33a3e9683998458e9b828fac36d5d1aa23f0f2fd369b?s=96&d=mm&r=g","contentUrl":"https:\/\/secure.gravatar.com\/avatar\/9db91895c559e510509c33a3e9683998458e9b828fac36d5d1aa23f0f2fd369b?s=96&d=mm&r=g","caption":"Bienvenu SAVI"},"url":"https:\/\/228news.tg\/index.php\/author\/bienvenu\/"}]}},"jetpack_featured_media_url":"https:\/\/228news.tg\/wp-content\/uploads\/2024\/09\/IMG-20161112-WA0030.jpg","_links":{"self":[{"href":"https:\/\/228news.tg\/index.php\/wp-json\/wp\/v2\/posts\/212","targetHints":{"allow":["GET"]}}],"collection":[{"href":"https:\/\/228news.tg\/index.php\/wp-json\/wp\/v2\/posts"}],"about":[{"href":"https:\/\/228news.tg\/index.php\/wp-json\/wp\/v2\/types\/post"}],"author":[{"embeddable":true,"href":"https:\/\/228news.tg\/index.php\/wp-json\/wp\/v2\/users\/2"}],"replies":[{"embeddable":true,"href":"https:\/\/228news.tg\/index.php\/wp-json\/wp\/v2\/comments?post=212"}],"version-history":[{"count":0,"href":"https:\/\/228news.tg\/index.php\/wp-json\/wp\/v2\/posts\/212\/revisions"}],"wp:featuredmedia":[{"embeddable":true,"href":"https:\/\/228news.tg\/index.php\/wp-json\/wp\/v2\/media\/213"}],"wp:attachment":[{"href":"https:\/\/228news.tg\/index.php\/wp-json\/wp\/v2\/media?parent=212"}],"wp:term":[{"taxonomy":"category","embeddable":true,"href":"https:\/\/228news.tg\/index.php\/wp-json\/wp\/v2\/categories?post=212"},{"taxonomy":"post_tag","embeddable":true,"href":"https:\/\/228news.tg\/index.php\/wp-json\/wp\/v2\/tags?post=212"}],"curies":[{"name":"wp","href":"https:\/\/api.w.org\/{rel}","templated":true}]}}