{"id":2113,"date":"2019-03-15T00:00:00","date_gmt":"2019-03-15T00:00:00","guid":{"rendered":"https:\/\/228news.tg\/index.php\/2019\/03\/15\/jif-au-hacame-la-jeune-fille-au-coeur-de-lemergence-economique-et-du-developpement-durable-au-togo\/"},"modified":"2019-03-15T00:00:00","modified_gmt":"2019-03-15T00:00:00","slug":"jif-au-hacame-la-jeune-fille-au-coeur-de-lemergence-economique-et-du-developpement-durable-au-togo","status":"publish","type":"post","link":"https:\/\/228news.tg\/index.php\/2019\/03\/15\/jif-au-hacame-la-jeune-fille-au-coeur-de-lemergence-economique-et-du-developpement-durable-au-togo\/","title":{"rendered":"JIF au HaCAME: La jeune fille au c\u0153ur de l\u2019\u00e9mergence \u00e9conomique et du d\u00e9veloppement durable au Togo"},"content":{"rendered":"<p>(228NEWS\/ Lom\u00e9, le 15 mars 2019)- Le Haut Conseil de Coordination des Associations et Mouvements Estudiantins (Ha.C.A.M.E) n&rsquo;a pas \u00e9t\u00e9 en marge des festivit\u00e9s marquant la c\u00e9l\u00e9bration de la journ\u00e9e internationale des droits de la femme 2019.<\/p>\n<p>Cette association estudiantine a en effet, organis\u00e9 ce jeudi 14 mars 2019 une grande conf\u00e9rence d\u00e9bat portant sur le th\u00e8me \u00a0\u00bb\u00a0La jeune fille au c\u0153ur de l\u2019\u00e9mergence \u00e9conomique et du d\u00e9veloppement durable au Togo\u00a0\u00bb.<\/p>\n<p>Ouverte par Ange K\u00e9toh, Directeur de la DIRECOOP de l&rsquo;UL, cette rencontre a rassembl\u00e9 pr\u00e8s de 200 \u00e9tudiants et \u00e9tudiantes de l&rsquo;UL, le personnel administratif, ainsi que plusieurs personnalit\u00e9s \u0153uvrant dans la promotion de la femme.<\/p>\n<p>Pour Richard Tch\u00e9dr\u00e9 Piou, Pr\u00e9sident du HaCAME, l&rsquo;objectif vis\u00e9 est d&rsquo;outiller les \u00e9tudiantes de l&rsquo;UL \u00e0 s&rsquo;approprier les valeurs de leadership, de l\u2019entrepreneuriat et surtout \u00e0 s\u2019aguerrir afin de r\u00e9pondre convenablement aux attentes dans les instances de d\u00e9cisions o\u00f9 elles seront appel\u00e9es \u00e0 gouverner. Au del\u00e0 il s&rsquo;agit de faire vivre \u00e0 ces jeunes filles de l&rsquo;UL le parcours de certaines femmes de notre soci\u00e9t\u00e9, qui par leur t\u00e9m\u00e9rit\u00e9 et courage sont des figures de la promotion de l&#8217;emploi au Togo.<\/p>\n<p>\u00ab\u00a0Notre objectif est de permettre aux \u00e9tudiantes d\u2019avoir un contact physique avec ces femmes. Afin qu\u2019elles puissent leur raconter tout ce qu\u2019elles ont eu \u00e0 affronter comme difficult\u00e9s, et surtout comment elles les affront\u00e9, pour \u00eatre aujourd\u2019hui aux firmaments de la gloire.\u00a0\u00bb, a-t-il d\u00e9clar\u00e9 aux micros du 228news.com.<\/p>\n<p>Le th\u00e8me de la rencontre, faut-il le souligner trouve des \u00e9chos favorables dans les plus hautes sph\u00e8res dirigeantes du Togo, notamment dans le Plan National de D\u00e9veloppement lanc\u00e9 le 04 mars dernier par le Chef de l&rsquo;Etat et qui prend en compte la promotion de la femme, de la parit\u00e9 et de l&rsquo;\u00e9quit\u00e9-genre afin de favoriser les 51% des femmes que compte le Togo \u00e0 ce jour.<\/p>\n<p>Plusieurs figures f\u00e9minines du Togo ont activement pris part \u00e0 cette grande conf\u00e9rence. Nous pouvons entre autres citer\u00a0Mme Tchabignandi Kolani Yentchar\u00e9 ministre en charge de l\u2019action sociale, la Directrice g\u00e9n\u00e9rale fonds d\u2019appui aux initiatives \u00e9conomiques des jeunes, Mme Sahouda Gbadamassi, la Secr\u00e9taire d\u2019Etat aupr\u00e8s de la Pr\u00e9sidence de la R\u00e9publique, charg\u00e9e de la finance inclusive et du secteur informel Mme Mazamaesso Assih, la directrice de l\u2019institut des sciences de l\u2019information, de la communication et des arts (ISICA) Mme Germaine Koumealo Anat\u00e9.<\/p>\n<p>Elles ont entretenu la jeunesse estudiantine sur les th\u00e9matiques en l&rsquo;occurrence, le leadership f\u00e9minin \u00e0 l\u2019\u00e9mergence \u00e9conomique au Togo, Quel est le r\u00f4le de la jeune fille ?, le r\u00f4le de la gente f\u00e9minine dans la r\u00e9ussite du plan national de d\u00e9veloppement, comment promouvoir un environnement \u00e0 l&rsquo;entrepreneuriat f\u00e9minin, sortir de la pauvret\u00e9 et acc\u00e9der aux services sociaux de base : le r\u00f4le crucial des jeunes filles dans la r\u00e9alisation des objectifs de d\u00e9veloppement durables, femme et d\u00e9veloppement : changement de paradigmes,&#8230;<\/p>\n<p><strong><em>D\u00e9mocrate\u00a0<\/em><\/strong><\/p>\n<p><strong><em>(00228) 91 85 40 14<\/em><\/strong><\/p>\n<p><strong><em>democrate2010@gmail.com<\/em><\/strong><\/p>\n","protected":false},"excerpt":{"rendered":"<p>(228NEWS\/ Lom\u00e9, le 15 mars 2019)- Le Haut Conseil de Coordination des Associations et Mouvements Estudiantins (Ha.C.A.M.E) n&rsquo;a pas \u00e9t\u00e9 en marge des festivit\u00e9s marquant la c\u00e9l\u00e9bration de la journ\u00e9e internationale des droits de la femme 2019. Cette association estudiantine a en effet, organis\u00e9 ce jeudi 14 mars 2019 une grande conf\u00e9rence d\u00e9bat portant sur &#8230; <a title=\"JIF au HaCAME: La jeune fille au c\u0153ur de l\u2019\u00e9mergence \u00e9conomique et du d\u00e9veloppement durable au Togo\" class=\"read-more\" href=\"https:\/\/228news.tg\/index.php\/2019\/03\/15\/jif-au-hacame-la-jeune-fille-au-coeur-de-lemergence-economique-et-du-developpement-durable-au-togo\/\" aria-label=\"En savoir plus sur JIF au HaCAME: La jeune fille au c\u0153ur de l\u2019\u00e9mergence \u00e9conomique et du d\u00e9veloppement durable au Togo\">Lire la suite<\/a><\/p>\n","protected":false},"author":2,"featured_media":2114,"comment_status":"open","ping_status":"open","sticky":false,"template":"","format":"standard","meta":{"footnotes":""},"categories":[28,35,25,34],"tags":[],"class_list":["post-2113","post","type-post","status-publish","format-standard","has-post-thumbnail","hentry","category-education","category-flash","category-togo","category-une"],"yoast_head":"<!-- This site is optimized with the Yoast SEO plugin v26.4 - https:\/\/yoast.com\/wordpress\/plugins\/seo\/ -->\n<title>JIF au HaCAME: La jeune fille au c\u0153ur de l\u2019\u00e9mergence \u00e9conomique et du d\u00e9veloppement durable au Togo - 228 News<\/title>\n<meta name=\"robots\" content=\"index, follow, max-snippet:-1, max-image-preview:large, max-video-preview:-1\" \/>\n<link rel=\"canonical\" href=\"https:\/\/228news.tg\/index.php\/2019\/03\/15\/jif-au-hacame-la-jeune-fille-au-coeur-de-lemergence-economique-et-du-developpement-durable-au-togo\/\" \/>\n<meta property=\"og:locale\" content=\"fr_FR\" \/>\n<meta property=\"og:type\" content=\"article\" \/>\n<meta property=\"og:title\" content=\"JIF au HaCAME: La jeune fille au c\u0153ur de l\u2019\u00e9mergence \u00e9conomique et du d\u00e9veloppement durable au Togo - 228 News\" \/>\n<meta property=\"og:description\" content=\"(228NEWS\/ Lom\u00e9, le 15 mars 2019)- Le Haut Conseil de Coordination des Associations et Mouvements Estudiantins (Ha.C.A.M.E) n&rsquo;a pas \u00e9t\u00e9 en marge des festivit\u00e9s marquant la c\u00e9l\u00e9bration de la journ\u00e9e internationale des droits de la femme 2019. Cette association estudiantine a en effet, organis\u00e9 ce jeudi 14 mars 2019 une grande conf\u00e9rence d\u00e9bat portant sur ... Lire la suite\" \/>\n<meta property=\"og:url\" content=\"https:\/\/228news.tg\/index.php\/2019\/03\/15\/jif-au-hacame-la-jeune-fille-au-coeur-de-lemergence-economique-et-du-developpement-durable-au-togo\/\" \/>\n<meta property=\"og:site_name\" content=\"228 News\" \/>\n<meta property=\"article:published_time\" content=\"2019-03-15T00:00:00+00:00\" \/>\n<meta property=\"og:image\" content=\"https:\/\/228news.tg\/wp-content\/uploads\/2024\/09\/IMG-20190314-WA0127-300x225-1.jpg\" \/>\n\t<meta property=\"og:image:width\" content=\"300\" \/>\n\t<meta property=\"og:image:height\" content=\"225\" \/>\n\t<meta property=\"og:image:type\" content=\"image\/jpeg\" \/>\n<meta name=\"author\" content=\"Bienvenu SAVI\" \/>\n<meta name=\"twitter:card\" content=\"summary_large_image\" \/>\n<meta name=\"twitter:label1\" content=\"\u00c9crit par\" \/>\n\t<meta name=\"twitter:data1\" content=\"Bienvenu SAVI\" \/>\n\t<meta name=\"twitter:label2\" content=\"Dur\u00e9e de lecture estim\u00e9e\" \/>\n\t<meta name=\"twitter:data2\" content=\"3 minutes\" \/>\n<script type=\"application\/ld+json\" class=\"yoast-schema-graph\">{\"@context\":\"https:\/\/schema.org\",\"@graph\":[{\"@type\":\"Article\",\"@id\":\"https:\/\/228news.tg\/index.php\/2019\/03\/15\/jif-au-hacame-la-jeune-fille-au-coeur-de-lemergence-economique-et-du-developpement-durable-au-togo\/#article\",\"isPartOf\":{\"@id\":\"https:\/\/228news.tg\/index.php\/2019\/03\/15\/jif-au-hacame-la-jeune-fille-au-coeur-de-lemergence-economique-et-du-developpement-durable-au-togo\/\"},\"author\":{\"name\":\"Bienvenu SAVI\",\"@id\":\"https:\/\/228news.tg\/#\/schema\/person\/68d5a6cc0230290e61235c8379523f52\"},\"headline\":\"JIF au HaCAME: La jeune fille au c\u0153ur de l\u2019\u00e9mergence \u00e9conomique et du d\u00e9veloppement durable au Togo\",\"datePublished\":\"2019-03-15T00:00:00+00:00\",\"mainEntityOfPage\":{\"@id\":\"https:\/\/228news.tg\/index.php\/2019\/03\/15\/jif-au-hacame-la-jeune-fille-au-coeur-de-lemergence-economique-et-du-developpement-durable-au-togo\/\"},\"wordCount\":553,\"commentCount\":0,\"publisher\":{\"@id\":\"https:\/\/228news.tg\/#organization\"},\"image\":{\"@id\":\"https:\/\/228news.tg\/index.php\/2019\/03\/15\/jif-au-hacame-la-jeune-fille-au-coeur-de-lemergence-economique-et-du-developpement-durable-au-togo\/#primaryimage\"},\"thumbnailUrl\":\"https:\/\/228news.tg\/wp-content\/uploads\/2024\/09\/IMG-20190314-WA0127-300x225-1.jpg\",\"articleSection\":[\"EDUCATION\",\"Flash\",\"TOGO\",\"Une\"],\"inLanguage\":\"fr-FR\",\"potentialAction\":[{\"@type\":\"CommentAction\",\"name\":\"Comment\",\"target\":[\"https:\/\/228news.tg\/index.php\/2019\/03\/15\/jif-au-hacame-la-jeune-fille-au-coeur-de-lemergence-economique-et-du-developpement-durable-au-togo\/#respond\"]}]},{\"@type\":\"WebPage\",\"@id\":\"https:\/\/228news.tg\/index.php\/2019\/03\/15\/jif-au-hacame-la-jeune-fille-au-coeur-de-lemergence-economique-et-du-developpement-durable-au-togo\/\",\"url\":\"https:\/\/228news.tg\/index.php\/2019\/03\/15\/jif-au-hacame-la-jeune-fille-au-coeur-de-lemergence-economique-et-du-developpement-durable-au-togo\/\",\"name\":\"JIF au HaCAME: La jeune fille au c\u0153ur de l\u2019\u00e9mergence \u00e9conomique et du d\u00e9veloppement durable au Togo - 228 News\",\"isPartOf\":{\"@id\":\"https:\/\/228news.tg\/#website\"},\"primaryImageOfPage\":{\"@id\":\"https:\/\/228news.tg\/index.php\/2019\/03\/15\/jif-au-hacame-la-jeune-fille-au-coeur-de-lemergence-economique-et-du-developpement-durable-au-togo\/#primaryimage\"},\"image\":{\"@id\":\"https:\/\/228news.tg\/index.php\/2019\/03\/15\/jif-au-hacame-la-jeune-fille-au-coeur-de-lemergence-economique-et-du-developpement-durable-au-togo\/#primaryimage\"},\"thumbnailUrl\":\"https:\/\/228news.tg\/wp-content\/uploads\/2024\/09\/IMG-20190314-WA0127-300x225-1.jpg\",\"datePublished\":\"2019-03-15T00:00:00+00:00\",\"breadcrumb\":{\"@id\":\"https:\/\/228news.tg\/index.php\/2019\/03\/15\/jif-au-hacame-la-jeune-fille-au-coeur-de-lemergence-economique-et-du-developpement-durable-au-togo\/#breadcrumb\"},\"inLanguage\":\"fr-FR\",\"potentialAction\":[{\"@type\":\"ReadAction\",\"target\":[\"https:\/\/228news.tg\/index.php\/2019\/03\/15\/jif-au-hacame-la-jeune-fille-au-coeur-de-lemergence-economique-et-du-developpement-durable-au-togo\/\"]}]},{\"@type\":\"ImageObject\",\"inLanguage\":\"fr-FR\",\"@id\":\"https:\/\/228news.tg\/index.php\/2019\/03\/15\/jif-au-hacame-la-jeune-fille-au-coeur-de-lemergence-economique-et-du-developpement-durable-au-togo\/#primaryimage\",\"url\":\"https:\/\/228news.tg\/wp-content\/uploads\/2024\/09\/IMG-20190314-WA0127-300x225-1.jpg\",\"contentUrl\":\"https:\/\/228news.tg\/wp-content\/uploads\/2024\/09\/IMG-20190314-WA0127-300x225-1.jpg\",\"width\":300,\"height\":225},{\"@type\":\"BreadcrumbList\",\"@id\":\"https:\/\/228news.tg\/index.php\/2019\/03\/15\/jif-au-hacame-la-jeune-fille-au-coeur-de-lemergence-economique-et-du-developpement-durable-au-togo\/#breadcrumb\",\"itemListElement\":[{\"@type\":\"ListItem\",\"position\":1,\"name\":\"Home\",\"item\":\"https:\/\/228news.tg\/\"},{\"@type\":\"ListItem\",\"position\":2,\"name\":\"JIF au HaCAME: La jeune fille au c\u0153ur de l\u2019\u00e9mergence \u00e9conomique et du d\u00e9veloppement durable au Togo\"}]},{\"@type\":\"WebSite\",\"@id\":\"https:\/\/228news.tg\/#website\",\"url\":\"https:\/\/228news.tg\/\",\"name\":\"228 News\",\"description\":\"Soci\u00e9t\u00e9 de m\u00e9dias et d\u2019actualit\u00e9s\",\"publisher\":{\"@id\":\"https:\/\/228news.tg\/#organization\"},\"potentialAction\":[{\"@type\":\"SearchAction\",\"target\":{\"@type\":\"EntryPoint\",\"urlTemplate\":\"https:\/\/228news.tg\/?s={search_term_string}\"},\"query-input\":{\"@type\":\"PropertyValueSpecification\",\"valueRequired\":true,\"valueName\":\"search_term_string\"}}],\"inLanguage\":\"fr-FR\"},{\"@type\":\"Organization\",\"@id\":\"https:\/\/228news.tg\/#organization\",\"name\":\"228 News\",\"url\":\"https:\/\/228news.tg\/\",\"logo\":{\"@type\":\"ImageObject\",\"inLanguage\":\"fr-FR\",\"@id\":\"https:\/\/228news.tg\/#\/schema\/logo\/image\/\",\"url\":\"https:\/\/228news.tg\/wp-content\/uploads\/2024\/09\/logonew.png\",\"contentUrl\":\"https:\/\/228news.tg\/wp-content\/uploads\/2024\/09\/logonew.png\",\"width\":1640,\"height\":364,\"caption\":\"228 News\"},\"image\":{\"@id\":\"https:\/\/228news.tg\/#\/schema\/logo\/image\/\"}},{\"@type\":\"Person\",\"@id\":\"https:\/\/228news.tg\/#\/schema\/person\/68d5a6cc0230290e61235c8379523f52\",\"name\":\"Bienvenu SAVI\",\"image\":{\"@type\":\"ImageObject\",\"inLanguage\":\"fr-FR\",\"@id\":\"https:\/\/228news.tg\/#\/schema\/person\/image\/\",\"url\":\"https:\/\/secure.gravatar.com\/avatar\/9db91895c559e510509c33a3e9683998458e9b828fac36d5d1aa23f0f2fd369b?s=96&d=mm&r=g\",\"contentUrl\":\"https:\/\/secure.gravatar.com\/avatar\/9db91895c559e510509c33a3e9683998458e9b828fac36d5d1aa23f0f2fd369b?s=96&d=mm&r=g\",\"caption\":\"Bienvenu SAVI\"},\"url\":\"https:\/\/228news.tg\/index.php\/author\/bienvenu\/\"}]}<\/script>\n<!-- \/ Yoast SEO plugin. -->","yoast_head_json":{"title":"JIF au HaCAME: La jeune fille au c\u0153ur de l\u2019\u00e9mergence \u00e9conomique et du d\u00e9veloppement durable au Togo - 228 News","robots":{"index":"index","follow":"follow","max-snippet":"max-snippet:-1","max-image-preview":"max-image-preview:large","max-video-preview":"max-video-preview:-1"},"canonical":"https:\/\/228news.tg\/index.php\/2019\/03\/15\/jif-au-hacame-la-jeune-fille-au-coeur-de-lemergence-economique-et-du-developpement-durable-au-togo\/","og_locale":"fr_FR","og_type":"article","og_title":"JIF au HaCAME: La jeune fille au c\u0153ur de l\u2019\u00e9mergence \u00e9conomique et du d\u00e9veloppement durable au Togo - 228 News","og_description":"(228NEWS\/ Lom\u00e9, le 15 mars 2019)- Le Haut Conseil de Coordination des Associations et Mouvements Estudiantins (Ha.C.A.M.E) n&rsquo;a pas \u00e9t\u00e9 en marge des festivit\u00e9s marquant la c\u00e9l\u00e9bration de la journ\u00e9e internationale des droits de la femme 2019. Cette association estudiantine a en effet, organis\u00e9 ce jeudi 14 mars 2019 une grande conf\u00e9rence d\u00e9bat portant sur ... Lire la suite","og_url":"https:\/\/228news.tg\/index.php\/2019\/03\/15\/jif-au-hacame-la-jeune-fille-au-coeur-de-lemergence-economique-et-du-developpement-durable-au-togo\/","og_site_name":"228 News","article_published_time":"2019-03-15T00:00:00+00:00","og_image":[{"width":300,"height":225,"url":"https:\/\/228news.tg\/wp-content\/uploads\/2024\/09\/IMG-20190314-WA0127-300x225-1.jpg","type":"image\/jpeg"}],"author":"Bienvenu SAVI","twitter_card":"summary_large_image","twitter_misc":{"\u00c9crit par":"Bienvenu SAVI","Dur\u00e9e de lecture estim\u00e9e":"3 minutes"},"schema":{"@context":"https:\/\/schema.org","@graph":[{"@type":"Article","@id":"https:\/\/228news.tg\/index.php\/2019\/03\/15\/jif-au-hacame-la-jeune-fille-au-coeur-de-lemergence-economique-et-du-developpement-durable-au-togo\/#article","isPartOf":{"@id":"https:\/\/228news.tg\/index.php\/2019\/03\/15\/jif-au-hacame-la-jeune-fille-au-coeur-de-lemergence-economique-et-du-developpement-durable-au-togo\/"},"author":{"name":"Bienvenu SAVI","@id":"https:\/\/228news.tg\/#\/schema\/person\/68d5a6cc0230290e61235c8379523f52"},"headline":"JIF au HaCAME: La jeune fille au c\u0153ur de l\u2019\u00e9mergence \u00e9conomique et du d\u00e9veloppement durable au Togo","datePublished":"2019-03-15T00:00:00+00:00","mainEntityOfPage":{"@id":"https:\/\/228news.tg\/index.php\/2019\/03\/15\/jif-au-hacame-la-jeune-fille-au-coeur-de-lemergence-economique-et-du-developpement-durable-au-togo\/"},"wordCount":553,"commentCount":0,"publisher":{"@id":"https:\/\/228news.tg\/#organization"},"image":{"@id":"https:\/\/228news.tg\/index.php\/2019\/03\/15\/jif-au-hacame-la-jeune-fille-au-coeur-de-lemergence-economique-et-du-developpement-durable-au-togo\/#primaryimage"},"thumbnailUrl":"https:\/\/228news.tg\/wp-content\/uploads\/2024\/09\/IMG-20190314-WA0127-300x225-1.jpg","articleSection":["EDUCATION","Flash","TOGO","Une"],"inLanguage":"fr-FR","potentialAction":[{"@type":"CommentAction","name":"Comment","target":["https:\/\/228news.tg\/index.php\/2019\/03\/15\/jif-au-hacame-la-jeune-fille-au-coeur-de-lemergence-economique-et-du-developpement-durable-au-togo\/#respond"]}]},{"@type":"WebPage","@id":"https:\/\/228news.tg\/index.php\/2019\/03\/15\/jif-au-hacame-la-jeune-fille-au-coeur-de-lemergence-economique-et-du-developpement-durable-au-togo\/","url":"https:\/\/228news.tg\/index.php\/2019\/03\/15\/jif-au-hacame-la-jeune-fille-au-coeur-de-lemergence-economique-et-du-developpement-durable-au-togo\/","name":"JIF au HaCAME: La jeune fille au c\u0153ur de l\u2019\u00e9mergence \u00e9conomique et du d\u00e9veloppement durable au Togo - 228 News","isPartOf":{"@id":"https:\/\/228news.tg\/#website"},"primaryImageOfPage":{"@id":"https:\/\/228news.tg\/index.php\/2019\/03\/15\/jif-au-hacame-la-jeune-fille-au-coeur-de-lemergence-economique-et-du-developpement-durable-au-togo\/#primaryimage"},"image":{"@id":"https:\/\/228news.tg\/index.php\/2019\/03\/15\/jif-au-hacame-la-jeune-fille-au-coeur-de-lemergence-economique-et-du-developpement-durable-au-togo\/#primaryimage"},"thumbnailUrl":"https:\/\/228news.tg\/wp-content\/uploads\/2024\/09\/IMG-20190314-WA0127-300x225-1.jpg","datePublished":"2019-03-15T00:00:00+00:00","breadcrumb":{"@id":"https:\/\/228news.tg\/index.php\/2019\/03\/15\/jif-au-hacame-la-jeune-fille-au-coeur-de-lemergence-economique-et-du-developpement-durable-au-togo\/#breadcrumb"},"inLanguage":"fr-FR","potentialAction":[{"@type":"ReadAction","target":["https:\/\/228news.tg\/index.php\/2019\/03\/15\/jif-au-hacame-la-jeune-fille-au-coeur-de-lemergence-economique-et-du-developpement-durable-au-togo\/"]}]},{"@type":"ImageObject","inLanguage":"fr-FR","@id":"https:\/\/228news.tg\/index.php\/2019\/03\/15\/jif-au-hacame-la-jeune-fille-au-coeur-de-lemergence-economique-et-du-developpement-durable-au-togo\/#primaryimage","url":"https:\/\/228news.tg\/wp-content\/uploads\/2024\/09\/IMG-20190314-WA0127-300x225-1.jpg","contentUrl":"https:\/\/228news.tg\/wp-content\/uploads\/2024\/09\/IMG-20190314-WA0127-300x225-1.jpg","width":300,"height":225},{"@type":"BreadcrumbList","@id":"https:\/\/228news.tg\/index.php\/2019\/03\/15\/jif-au-hacame-la-jeune-fille-au-coeur-de-lemergence-economique-et-du-developpement-durable-au-togo\/#breadcrumb","itemListElement":[{"@type":"ListItem","position":1,"name":"Home","item":"https:\/\/228news.tg\/"},{"@type":"ListItem","position":2,"name":"JIF au HaCAME: La jeune fille au c\u0153ur de l\u2019\u00e9mergence \u00e9conomique et du d\u00e9veloppement durable au Togo"}]},{"@type":"WebSite","@id":"https:\/\/228news.tg\/#website","url":"https:\/\/228news.tg\/","name":"228 News","description":"Soci\u00e9t\u00e9 de m\u00e9dias et d\u2019actualit\u00e9s","publisher":{"@id":"https:\/\/228news.tg\/#organization"},"potentialAction":[{"@type":"SearchAction","target":{"@type":"EntryPoint","urlTemplate":"https:\/\/228news.tg\/?s={search_term_string}"},"query-input":{"@type":"PropertyValueSpecification","valueRequired":true,"valueName":"search_term_string"}}],"inLanguage":"fr-FR"},{"@type":"Organization","@id":"https:\/\/228news.tg\/#organization","name":"228 News","url":"https:\/\/228news.tg\/","logo":{"@type":"ImageObject","inLanguage":"fr-FR","@id":"https:\/\/228news.tg\/#\/schema\/logo\/image\/","url":"https:\/\/228news.tg\/wp-content\/uploads\/2024\/09\/logonew.png","contentUrl":"https:\/\/228news.tg\/wp-content\/uploads\/2024\/09\/logonew.png","width":1640,"height":364,"caption":"228 News"},"image":{"@id":"https:\/\/228news.tg\/#\/schema\/logo\/image\/"}},{"@type":"Person","@id":"https:\/\/228news.tg\/#\/schema\/person\/68d5a6cc0230290e61235c8379523f52","name":"Bienvenu SAVI","image":{"@type":"ImageObject","inLanguage":"fr-FR","@id":"https:\/\/228news.tg\/#\/schema\/person\/image\/","url":"https:\/\/secure.gravatar.com\/avatar\/9db91895c559e510509c33a3e9683998458e9b828fac36d5d1aa23f0f2fd369b?s=96&d=mm&r=g","contentUrl":"https:\/\/secure.gravatar.com\/avatar\/9db91895c559e510509c33a3e9683998458e9b828fac36d5d1aa23f0f2fd369b?s=96&d=mm&r=g","caption":"Bienvenu SAVI"},"url":"https:\/\/228news.tg\/index.php\/author\/bienvenu\/"}]}},"jetpack_featured_media_url":"https:\/\/228news.tg\/wp-content\/uploads\/2024\/09\/IMG-20190314-WA0127-300x225-1.jpg","_links":{"self":[{"href":"https:\/\/228news.tg\/index.php\/wp-json\/wp\/v2\/posts\/2113","targetHints":{"allow":["GET"]}}],"collection":[{"href":"https:\/\/228news.tg\/index.php\/wp-json\/wp\/v2\/posts"}],"about":[{"href":"https:\/\/228news.tg\/index.php\/wp-json\/wp\/v2\/types\/post"}],"author":[{"embeddable":true,"href":"https:\/\/228news.tg\/index.php\/wp-json\/wp\/v2\/users\/2"}],"replies":[{"embeddable":true,"href":"https:\/\/228news.tg\/index.php\/wp-json\/wp\/v2\/comments?post=2113"}],"version-history":[{"count":0,"href":"https:\/\/228news.tg\/index.php\/wp-json\/wp\/v2\/posts\/2113\/revisions"}],"wp:featuredmedia":[{"embeddable":true,"href":"https:\/\/228news.tg\/index.php\/wp-json\/wp\/v2\/media\/2114"}],"wp:attachment":[{"href":"https:\/\/228news.tg\/index.php\/wp-json\/wp\/v2\/media?parent=2113"}],"wp:term":[{"taxonomy":"category","embeddable":true,"href":"https:\/\/228news.tg\/index.php\/wp-json\/wp\/v2\/categories?post=2113"},{"taxonomy":"post_tag","embeddable":true,"href":"https:\/\/228news.tg\/index.php\/wp-json\/wp\/v2\/tags?post=2113"}],"curies":[{"name":"wp","href":"https:\/\/api.w.org\/{rel}","templated":true}]}}