{"id":2092,"date":"2019-03-13T00:00:00","date_gmt":"2019-03-13T00:00:00","guid":{"rendered":"https:\/\/228news.tg\/index.php\/2019\/03\/13\/pnd-forum-international-togo-ue-la-ccit-mobilise-le-secteur-prive-pour-la-reussite-de-levenement\/"},"modified":"2024-09-09T14:08:10","modified_gmt":"2024-09-09T14:08:10","slug":"pnd-forum-international-togo-ue-la-ccit-mobilise-le-secteur-prive-pour-la-reussite-de-levenement","status":"publish","type":"post","link":"https:\/\/228news.tg\/index.php\/2019\/03\/13\/pnd-forum-international-togo-ue-la-ccit-mobilise-le-secteur-prive-pour-la-reussite-de-levenement\/","title":{"rendered":"PND\/ Forum international Togo-UE: La CCIT mobilise le secteur priv\u00e9 pour la r\u00e9ussite de l\u2019\u00e9v\u00e9nement"},"content":{"rendered":"<p>(228NEWS\/ Lom\u00e9, le 13 mars 2019)-\u00a0La Chambre du Commerce et de l\u2019Industrie du Togo (CCIT) ne peut pas rester en marge du prochain forum international Togo-UE qui se tiendra dans le mois de juin. Au contraire, elle se propose de jouer son r\u00f4le de catalyseur pour recueillir les diff\u00e9rents projets du secteur priv\u00e9 s\u2019inscrivant dans la droite ligne de la r\u00e9alisation du Plan National de D\u00e9veloppement, afin de les confier \u00e0 un cabinet sp\u00e9cialis\u00e9 pour les rendre conformes aux standards internationaux en vue de leur financement.<\/p>\n<p>Elle a tenu hier \u00e0 son si\u00e8ge \u00e0 cet effet, un s\u00e9minaire de mobilisation du secteur priv\u00e9 pour la r\u00e9ussite de ce forum in\u00e9dit plac\u00e9 sous le th\u00e8me \u00ab\u00a0B\u00e2tir des relations \u00e9conomiques durables et p\u00e9rennes\u00a0\u00bb. La rencontre a \u00e9t\u00e9 pr\u00e9sid\u00e9e par le ministre en charge du commerce, Kodzo Ad\u00e9dz\u00e9 en pr\u00e9sence de la conseill\u00e8re sp\u00e9ciale du chef de l\u2019Etat, charg\u00e9 de la cellule climat des affaires.<\/p>\n<p>Pour Germain Essohouna M\u00e9ba, Pr\u00e9sident de la CCIT, cette s\u00e9ance a permis de faire une pr\u00e9sentation succincte des objectifs du premier forum in\u00e9dit Togo-UE, suivi de celle du PND et les diff\u00e9rents projets phares pour lesquels l\u2019Etat sollicite la participation du secteur priv\u00e9, aux diff\u00e9rents acteurs et op\u00e9rateurs r\u00e9unis. Il a \u00e9galement pr\u00e9cis\u00e9 le but de cette rencontre qui est d\u2019exhorter\u00a0 les op\u00e9rateurs \u00e9conomiques togolais \u00e0 participer activement aux travaux afin de tirer profit des opportunit\u00e9s offertes par les hommes d\u2019affaires de l\u2019Union Europ\u00e9enne.<img fetchpriority=\"high\" decoding=\"async\" class=\"alignnone size-medium wp-image-3934 alignright\" src=\"https:\/\/228news.tg\/wp-content\/uploads\/2024\/09\/photo_2019-03-13_17-21-14-300x200.jpg\" alt=\"\" width=\"300\" height=\"200\" \/><\/p>\n<p>\u00ab\u00a0Il est plus qu\u2019\u00e9vident que le secteur priv\u00e9 togolais devrait se mobiliser davantage pour jouer pleinement son r\u00f4le strat\u00e9gique par son implication totale et parfaite dans la r\u00e9ussite de ce forum et dans la mise en \u0153uvre du PND.\u00a0\u00bb, a-t-il d\u00e9clar\u00e9.<\/p>\n<p>Le ministre du commerce pour sa part a rappel\u00e9 la place centrale qu\u2019occupe le secteur priv\u00e9 dans l\u2019\u00e9conomie togolaise et qui doit en cons\u00e9quence se mobiliser davantage pour la r\u00e9ussite de ce forum, une des pierres angulaires de la r\u00e9alisation du PND. V\u00e9ritable figure de proue de cette strat\u00e9gie de d\u00e9veloppement, le secteur priv\u00e9 togolais a un r\u00f4le primordial \u00e0 jouer dans la mobilisation de ces gros investissements, \u00e0 hauteur de 65% du co\u00fbt global, soit 1623,1 milliards de francs CFA, les d\u00e9penses d\u2019investissement publics \u00e9tant estim\u00e9s \u00e0 pr\u00e8s de 2,9 milliards de FCFA, soit 35% de l\u2019investissement, a-t-il confi\u00e9.<\/p>\n<p>Il est donc capital, que pour atteindre les objectifs fix\u00e9s dans le PND et afin de r\u00e9ussir ce forum, la contribution du secteur priv\u00e9 soit sollicit\u00e9e. Ceci passe par cette s\u00e9ance qui va lui indiquer les options d\u2019investissement en vue de la r\u00e9alisation des objectifs et projets structurant contenu dans le PND.<\/p>\n<p>\u00ab\u00a0Le secteur priv\u00e9 a \u00e9t\u00e9 exhort\u00e9 \u00e0 jouer pleinement son r\u00f4le de moteur de la croissance \u00e9conomique en apportant 65% du co\u00fbt du financement. C\u2019est fort de ces pr\u00e9occupations qu\u2019au lendemain du lancement officiel du PND il a \u00e9t\u00e9 jug\u00e9 important d\u2019organiser la pr\u00e9sente s\u00e9ance de partage pour permettre aux op\u00e9rateurs \u00e9conomiques de s\u2019approprier le PND et toutes ses composantes d\u2019une part et de vous mobiliser pour prendre part massivement au 1er Forum Togo-UE.\u00a0\u00bb, a dit le Col Ad\u00e9dz\u00e9 aux op\u00e9rateurs \u00e9conomiques pr\u00e9sents.<\/p>\n<p><img decoding=\"async\" class=\"alignnone size-medium wp-image-3936 alignleft\" src=\"https:\/\/228news.tg\/wp-content\/uploads\/2024\/09\/photo_2019-03-13_17-21-25-300x200.jpg\" alt=\"\" width=\"300\" height=\"200\" \/>Le Plan National de D\u00e9veloppement, faut-il le rappeler est adopt\u00e9 le 3 Ao\u00fbt 2018 en conseil des ministres et lanc\u00e9 le 4 mars 2019 avec pour ambitieux objectif de faire du Togo, la plateforme \u00e9conomique par excellence dans la r\u00e9gion Ouest Africaine. Il d\u00e9coule de la capitalisation des r\u00e9sultats et exp\u00e9riences tir\u00e9es de la mise en \u0153uvre de la Strat\u00e9gie pour la Croissance Acc\u00e9l\u00e9r\u00e9e et la Promotion de l\u2019Emploi (SCAPE\/2013-2017) pour en faire un document de r\u00e9f\u00e9rence destin\u00e9 \u00e0 guider l\u2019action gouvernementale et les relations avec l\u2019ensemble des partenaires du Togo, durant les cinq prochaines ann\u00e9es, et est d\u00e9clin\u00e9 en trois axes principales notamment,\u00a0 la mise en place d\u2019un hub logistique d\u2019excellence et d\u2019un centre d\u2019affaires,\u00a0 la r\u00e9alisation des p\u00f4les de transformation agricole manufacturi\u00e8re et d\u2019industries extractives, et le d\u00e9veloppement social et la mise en place de m\u00e9canismes d\u2019inclusion.<\/p>\n<p>Durant les cinq ann\u00e9es de mise en \u0153uvre, plus de 4622,2 milliards seront n\u00e9cessaires pour transformer structurellement l\u2019\u00e9conomie togolaise pour une croissance forte, durable, r\u00e9siliente, inclusive, cr\u00e9atrice d\u2019emplois et am\u00e9liorant le bien-\u00eatre social de la population.<\/p>\n<p>Le forum international UE-Togo qui s\u2019inscrit dans la droite ligne de la r\u00e9alisation de ce plan pr\u00e9voit d\u2019intenses \u00e9changes entre pr\u00e8s de 300 op\u00e9rateurs \u00e9conomiques dont 150 venus des pays de l&rsquo;Union et 150 du Togo. Cette rencontre conna\u00eetra la participation des repr\u00e9sentants du secteur public togolais et des institutions internationales et\u00a0 l\u2019occasion de faire la promotion des opportunit\u00e9s que le Togo offre aux investisseurs locaux, \u00e9trangers et de la diaspora. L\u2019occasion sera donn\u00e9e de mettre en relation les potentiels investisseurs et les producteurs nationaux.<\/p>\n<p><em><strong>Source: Le Libr\u00e9al<\/strong><\/em><\/p>\n","protected":false},"excerpt":{"rendered":"<p>(228NEWS\/ Lom\u00e9, le 13 mars 2019)-\u00a0La Chambre du Commerce et de l\u2019Industrie du Togo (CCIT) ne peut pas rester en marge du prochain forum international Togo-UE qui se tiendra dans le mois de juin. Au contraire, elle se propose de jouer son r\u00f4le de catalyseur pour recueillir les diff\u00e9rents projets du secteur priv\u00e9 s\u2019inscrivant dans &#8230; <a title=\"PND\/ Forum international Togo-UE: La CCIT mobilise le secteur priv\u00e9 pour la r\u00e9ussite de l\u2019\u00e9v\u00e9nement\" class=\"read-more\" href=\"https:\/\/228news.tg\/index.php\/2019\/03\/13\/pnd-forum-international-togo-ue-la-ccit-mobilise-le-secteur-prive-pour-la-reussite-de-levenement\/\" aria-label=\"En savoir plus sur PND\/ Forum international Togo-UE: La CCIT mobilise le secteur priv\u00e9 pour la r\u00e9ussite de l\u2019\u00e9v\u00e9nement\">Lire la suite<\/a><\/p>\n","protected":false},"author":2,"featured_media":2096,"comment_status":"open","ping_status":"open","sticky":false,"template":"","format":"standard","meta":{"footnotes":""},"categories":[30,35,25,34],"tags":[],"class_list":["post-2092","post","type-post","status-publish","format-standard","has-post-thumbnail","hentry","category-economie","category-flash","category-togo","category-une"],"yoast_head":"<!-- This site is optimized with the Yoast SEO plugin v26.4 - https:\/\/yoast.com\/wordpress\/plugins\/seo\/ -->\n<title>PND\/ Forum international Togo-UE: La CCIT mobilise le secteur priv\u00e9 pour la r\u00e9ussite de l\u2019\u00e9v\u00e9nement - 228 News<\/title>\n<meta name=\"robots\" content=\"index, follow, max-snippet:-1, max-image-preview:large, max-video-preview:-1\" \/>\n<link rel=\"canonical\" href=\"https:\/\/228news.tg\/index.php\/2019\/03\/13\/pnd-forum-international-togo-ue-la-ccit-mobilise-le-secteur-prive-pour-la-reussite-de-levenement\/\" \/>\n<meta property=\"og:locale\" content=\"fr_FR\" \/>\n<meta property=\"og:type\" content=\"article\" \/>\n<meta property=\"og:title\" content=\"PND\/ Forum international Togo-UE: La CCIT mobilise le secteur priv\u00e9 pour la r\u00e9ussite de l\u2019\u00e9v\u00e9nement - 228 News\" \/>\n<meta property=\"og:description\" content=\"(228NEWS\/ Lom\u00e9, le 13 mars 2019)-\u00a0La Chambre du Commerce et de l\u2019Industrie du Togo (CCIT) ne peut pas rester en marge du prochain forum international Togo-UE qui se tiendra dans le mois de juin. Au contraire, elle se propose de jouer son r\u00f4le de catalyseur pour recueillir les diff\u00e9rents projets du secteur priv\u00e9 s\u2019inscrivant dans ... Lire la suite\" \/>\n<meta property=\"og:url\" content=\"https:\/\/228news.tg\/index.php\/2019\/03\/13\/pnd-forum-international-togo-ue-la-ccit-mobilise-le-secteur-prive-pour-la-reussite-de-levenement\/\" \/>\n<meta property=\"og:site_name\" content=\"228 News\" \/>\n<meta property=\"article:published_time\" content=\"2019-03-13T00:00:00+00:00\" \/>\n<meta property=\"article:modified_time\" content=\"2024-09-09T14:08:10+00:00\" \/>\n<meta property=\"og:image\" content=\"https:\/\/228news.tg\/wp-content\/uploads\/2024\/09\/photo_2019-03-13_17-21-20.jpg\" \/>\n\t<meta property=\"og:image:width\" content=\"1068\" \/>\n\t<meta property=\"og:image:height\" content=\"712\" \/>\n\t<meta property=\"og:image:type\" content=\"image\/jpeg\" \/>\n<meta name=\"author\" content=\"Bienvenu SAVI\" \/>\n<meta name=\"twitter:card\" content=\"summary_large_image\" \/>\n<meta name=\"twitter:label1\" content=\"\u00c9crit par\" \/>\n\t<meta name=\"twitter:data1\" content=\"Bienvenu SAVI\" \/>\n\t<meta name=\"twitter:label2\" content=\"Dur\u00e9e de lecture estim\u00e9e\" \/>\n\t<meta name=\"twitter:data2\" content=\"4 minutes\" \/>\n<script type=\"application\/ld+json\" class=\"yoast-schema-graph\">{\"@context\":\"https:\/\/schema.org\",\"@graph\":[{\"@type\":\"Article\",\"@id\":\"https:\/\/228news.tg\/index.php\/2019\/03\/13\/pnd-forum-international-togo-ue-la-ccit-mobilise-le-secteur-prive-pour-la-reussite-de-levenement\/#article\",\"isPartOf\":{\"@id\":\"https:\/\/228news.tg\/index.php\/2019\/03\/13\/pnd-forum-international-togo-ue-la-ccit-mobilise-le-secteur-prive-pour-la-reussite-de-levenement\/\"},\"author\":{\"name\":\"Bienvenu SAVI\",\"@id\":\"https:\/\/228news.tg\/#\/schema\/person\/68d5a6cc0230290e61235c8379523f52\"},\"headline\":\"PND\/ Forum international Togo-UE: La CCIT mobilise le secteur priv\u00e9 pour la r\u00e9ussite de l\u2019\u00e9v\u00e9nement\",\"datePublished\":\"2019-03-13T00:00:00+00:00\",\"dateModified\":\"2024-09-09T14:08:10+00:00\",\"mainEntityOfPage\":{\"@id\":\"https:\/\/228news.tg\/index.php\/2019\/03\/13\/pnd-forum-international-togo-ue-la-ccit-mobilise-le-secteur-prive-pour-la-reussite-de-levenement\/\"},\"wordCount\":901,\"commentCount\":0,\"publisher\":{\"@id\":\"https:\/\/228news.tg\/#organization\"},\"image\":{\"@id\":\"https:\/\/228news.tg\/index.php\/2019\/03\/13\/pnd-forum-international-togo-ue-la-ccit-mobilise-le-secteur-prive-pour-la-reussite-de-levenement\/#primaryimage\"},\"thumbnailUrl\":\"https:\/\/228news.tg\/wp-content\/uploads\/2024\/09\/photo_2019-03-13_17-21-20.jpg\",\"articleSection\":[\"ECONOMIE\",\"Flash\",\"TOGO\",\"Une\"],\"inLanguage\":\"fr-FR\",\"potentialAction\":[{\"@type\":\"CommentAction\",\"name\":\"Comment\",\"target\":[\"https:\/\/228news.tg\/index.php\/2019\/03\/13\/pnd-forum-international-togo-ue-la-ccit-mobilise-le-secteur-prive-pour-la-reussite-de-levenement\/#respond\"]}]},{\"@type\":\"WebPage\",\"@id\":\"https:\/\/228news.tg\/index.php\/2019\/03\/13\/pnd-forum-international-togo-ue-la-ccit-mobilise-le-secteur-prive-pour-la-reussite-de-levenement\/\",\"url\":\"https:\/\/228news.tg\/index.php\/2019\/03\/13\/pnd-forum-international-togo-ue-la-ccit-mobilise-le-secteur-prive-pour-la-reussite-de-levenement\/\",\"name\":\"PND\/ Forum international Togo-UE: La CCIT mobilise le secteur priv\u00e9 pour la r\u00e9ussite de l\u2019\u00e9v\u00e9nement - 228 News\",\"isPartOf\":{\"@id\":\"https:\/\/228news.tg\/#website\"},\"primaryImageOfPage\":{\"@id\":\"https:\/\/228news.tg\/index.php\/2019\/03\/13\/pnd-forum-international-togo-ue-la-ccit-mobilise-le-secteur-prive-pour-la-reussite-de-levenement\/#primaryimage\"},\"image\":{\"@id\":\"https:\/\/228news.tg\/index.php\/2019\/03\/13\/pnd-forum-international-togo-ue-la-ccit-mobilise-le-secteur-prive-pour-la-reussite-de-levenement\/#primaryimage\"},\"thumbnailUrl\":\"https:\/\/228news.tg\/wp-content\/uploads\/2024\/09\/photo_2019-03-13_17-21-20.jpg\",\"datePublished\":\"2019-03-13T00:00:00+00:00\",\"dateModified\":\"2024-09-09T14:08:10+00:00\",\"breadcrumb\":{\"@id\":\"https:\/\/228news.tg\/index.php\/2019\/03\/13\/pnd-forum-international-togo-ue-la-ccit-mobilise-le-secteur-prive-pour-la-reussite-de-levenement\/#breadcrumb\"},\"inLanguage\":\"fr-FR\",\"potentialAction\":[{\"@type\":\"ReadAction\",\"target\":[\"https:\/\/228news.tg\/index.php\/2019\/03\/13\/pnd-forum-international-togo-ue-la-ccit-mobilise-le-secteur-prive-pour-la-reussite-de-levenement\/\"]}]},{\"@type\":\"ImageObject\",\"inLanguage\":\"fr-FR\",\"@id\":\"https:\/\/228news.tg\/index.php\/2019\/03\/13\/pnd-forum-international-togo-ue-la-ccit-mobilise-le-secteur-prive-pour-la-reussite-de-levenement\/#primaryimage\",\"url\":\"https:\/\/228news.tg\/wp-content\/uploads\/2024\/09\/photo_2019-03-13_17-21-20.jpg\",\"contentUrl\":\"https:\/\/228news.tg\/wp-content\/uploads\/2024\/09\/photo_2019-03-13_17-21-20.jpg\",\"width\":1068,\"height\":712},{\"@type\":\"BreadcrumbList\",\"@id\":\"https:\/\/228news.tg\/index.php\/2019\/03\/13\/pnd-forum-international-togo-ue-la-ccit-mobilise-le-secteur-prive-pour-la-reussite-de-levenement\/#breadcrumb\",\"itemListElement\":[{\"@type\":\"ListItem\",\"position\":1,\"name\":\"Home\",\"item\":\"https:\/\/228news.tg\/\"},{\"@type\":\"ListItem\",\"position\":2,\"name\":\"PND\/ Forum international Togo-UE: La CCIT mobilise le secteur priv\u00e9 pour la r\u00e9ussite de l\u2019\u00e9v\u00e9nement\"}]},{\"@type\":\"WebSite\",\"@id\":\"https:\/\/228news.tg\/#website\",\"url\":\"https:\/\/228news.tg\/\",\"name\":\"228 News\",\"description\":\"Soci\u00e9t\u00e9 de m\u00e9dias et d\u2019actualit\u00e9s\",\"publisher\":{\"@id\":\"https:\/\/228news.tg\/#organization\"},\"potentialAction\":[{\"@type\":\"SearchAction\",\"target\":{\"@type\":\"EntryPoint\",\"urlTemplate\":\"https:\/\/228news.tg\/?s={search_term_string}\"},\"query-input\":{\"@type\":\"PropertyValueSpecification\",\"valueRequired\":true,\"valueName\":\"search_term_string\"}}],\"inLanguage\":\"fr-FR\"},{\"@type\":\"Organization\",\"@id\":\"https:\/\/228news.tg\/#organization\",\"name\":\"228 News\",\"url\":\"https:\/\/228news.tg\/\",\"logo\":{\"@type\":\"ImageObject\",\"inLanguage\":\"fr-FR\",\"@id\":\"https:\/\/228news.tg\/#\/schema\/logo\/image\/\",\"url\":\"https:\/\/228news.tg\/wp-content\/uploads\/2024\/09\/logonew.png\",\"contentUrl\":\"https:\/\/228news.tg\/wp-content\/uploads\/2024\/09\/logonew.png\",\"width\":1640,\"height\":364,\"caption\":\"228 News\"},\"image\":{\"@id\":\"https:\/\/228news.tg\/#\/schema\/logo\/image\/\"}},{\"@type\":\"Person\",\"@id\":\"https:\/\/228news.tg\/#\/schema\/person\/68d5a6cc0230290e61235c8379523f52\",\"name\":\"Bienvenu SAVI\",\"image\":{\"@type\":\"ImageObject\",\"inLanguage\":\"fr-FR\",\"@id\":\"https:\/\/228news.tg\/#\/schema\/person\/image\/\",\"url\":\"https:\/\/secure.gravatar.com\/avatar\/9db91895c559e510509c33a3e9683998458e9b828fac36d5d1aa23f0f2fd369b?s=96&d=mm&r=g\",\"contentUrl\":\"https:\/\/secure.gravatar.com\/avatar\/9db91895c559e510509c33a3e9683998458e9b828fac36d5d1aa23f0f2fd369b?s=96&d=mm&r=g\",\"caption\":\"Bienvenu SAVI\"},\"url\":\"https:\/\/228news.tg\/index.php\/author\/bienvenu\/\"}]}<\/script>\n<!-- \/ Yoast SEO plugin. -->","yoast_head_json":{"title":"PND\/ Forum international Togo-UE: La CCIT mobilise le secteur priv\u00e9 pour la r\u00e9ussite de l\u2019\u00e9v\u00e9nement - 228 News","robots":{"index":"index","follow":"follow","max-snippet":"max-snippet:-1","max-image-preview":"max-image-preview:large","max-video-preview":"max-video-preview:-1"},"canonical":"https:\/\/228news.tg\/index.php\/2019\/03\/13\/pnd-forum-international-togo-ue-la-ccit-mobilise-le-secteur-prive-pour-la-reussite-de-levenement\/","og_locale":"fr_FR","og_type":"article","og_title":"PND\/ Forum international Togo-UE: La CCIT mobilise le secteur priv\u00e9 pour la r\u00e9ussite de l\u2019\u00e9v\u00e9nement - 228 News","og_description":"(228NEWS\/ Lom\u00e9, le 13 mars 2019)-\u00a0La Chambre du Commerce et de l\u2019Industrie du Togo (CCIT) ne peut pas rester en marge du prochain forum international Togo-UE qui se tiendra dans le mois de juin. Au contraire, elle se propose de jouer son r\u00f4le de catalyseur pour recueillir les diff\u00e9rents projets du secteur priv\u00e9 s\u2019inscrivant dans ... Lire la suite","og_url":"https:\/\/228news.tg\/index.php\/2019\/03\/13\/pnd-forum-international-togo-ue-la-ccit-mobilise-le-secteur-prive-pour-la-reussite-de-levenement\/","og_site_name":"228 News","article_published_time":"2019-03-13T00:00:00+00:00","article_modified_time":"2024-09-09T14:08:10+00:00","og_image":[{"width":1068,"height":712,"url":"https:\/\/228news.tg\/wp-content\/uploads\/2024\/09\/photo_2019-03-13_17-21-20.jpg","type":"image\/jpeg"}],"author":"Bienvenu SAVI","twitter_card":"summary_large_image","twitter_misc":{"\u00c9crit par":"Bienvenu SAVI","Dur\u00e9e de lecture estim\u00e9e":"4 minutes"},"schema":{"@context":"https:\/\/schema.org","@graph":[{"@type":"Article","@id":"https:\/\/228news.tg\/index.php\/2019\/03\/13\/pnd-forum-international-togo-ue-la-ccit-mobilise-le-secteur-prive-pour-la-reussite-de-levenement\/#article","isPartOf":{"@id":"https:\/\/228news.tg\/index.php\/2019\/03\/13\/pnd-forum-international-togo-ue-la-ccit-mobilise-le-secteur-prive-pour-la-reussite-de-levenement\/"},"author":{"name":"Bienvenu SAVI","@id":"https:\/\/228news.tg\/#\/schema\/person\/68d5a6cc0230290e61235c8379523f52"},"headline":"PND\/ Forum international Togo-UE: La CCIT mobilise le secteur priv\u00e9 pour la r\u00e9ussite de l\u2019\u00e9v\u00e9nement","datePublished":"2019-03-13T00:00:00+00:00","dateModified":"2024-09-09T14:08:10+00:00","mainEntityOfPage":{"@id":"https:\/\/228news.tg\/index.php\/2019\/03\/13\/pnd-forum-international-togo-ue-la-ccit-mobilise-le-secteur-prive-pour-la-reussite-de-levenement\/"},"wordCount":901,"commentCount":0,"publisher":{"@id":"https:\/\/228news.tg\/#organization"},"image":{"@id":"https:\/\/228news.tg\/index.php\/2019\/03\/13\/pnd-forum-international-togo-ue-la-ccit-mobilise-le-secteur-prive-pour-la-reussite-de-levenement\/#primaryimage"},"thumbnailUrl":"https:\/\/228news.tg\/wp-content\/uploads\/2024\/09\/photo_2019-03-13_17-21-20.jpg","articleSection":["ECONOMIE","Flash","TOGO","Une"],"inLanguage":"fr-FR","potentialAction":[{"@type":"CommentAction","name":"Comment","target":["https:\/\/228news.tg\/index.php\/2019\/03\/13\/pnd-forum-international-togo-ue-la-ccit-mobilise-le-secteur-prive-pour-la-reussite-de-levenement\/#respond"]}]},{"@type":"WebPage","@id":"https:\/\/228news.tg\/index.php\/2019\/03\/13\/pnd-forum-international-togo-ue-la-ccit-mobilise-le-secteur-prive-pour-la-reussite-de-levenement\/","url":"https:\/\/228news.tg\/index.php\/2019\/03\/13\/pnd-forum-international-togo-ue-la-ccit-mobilise-le-secteur-prive-pour-la-reussite-de-levenement\/","name":"PND\/ Forum international Togo-UE: La CCIT mobilise le secteur priv\u00e9 pour la r\u00e9ussite de l\u2019\u00e9v\u00e9nement - 228 News","isPartOf":{"@id":"https:\/\/228news.tg\/#website"},"primaryImageOfPage":{"@id":"https:\/\/228news.tg\/index.php\/2019\/03\/13\/pnd-forum-international-togo-ue-la-ccit-mobilise-le-secteur-prive-pour-la-reussite-de-levenement\/#primaryimage"},"image":{"@id":"https:\/\/228news.tg\/index.php\/2019\/03\/13\/pnd-forum-international-togo-ue-la-ccit-mobilise-le-secteur-prive-pour-la-reussite-de-levenement\/#primaryimage"},"thumbnailUrl":"https:\/\/228news.tg\/wp-content\/uploads\/2024\/09\/photo_2019-03-13_17-21-20.jpg","datePublished":"2019-03-13T00:00:00+00:00","dateModified":"2024-09-09T14:08:10+00:00","breadcrumb":{"@id":"https:\/\/228news.tg\/index.php\/2019\/03\/13\/pnd-forum-international-togo-ue-la-ccit-mobilise-le-secteur-prive-pour-la-reussite-de-levenement\/#breadcrumb"},"inLanguage":"fr-FR","potentialAction":[{"@type":"ReadAction","target":["https:\/\/228news.tg\/index.php\/2019\/03\/13\/pnd-forum-international-togo-ue-la-ccit-mobilise-le-secteur-prive-pour-la-reussite-de-levenement\/"]}]},{"@type":"ImageObject","inLanguage":"fr-FR","@id":"https:\/\/228news.tg\/index.php\/2019\/03\/13\/pnd-forum-international-togo-ue-la-ccit-mobilise-le-secteur-prive-pour-la-reussite-de-levenement\/#primaryimage","url":"https:\/\/228news.tg\/wp-content\/uploads\/2024\/09\/photo_2019-03-13_17-21-20.jpg","contentUrl":"https:\/\/228news.tg\/wp-content\/uploads\/2024\/09\/photo_2019-03-13_17-21-20.jpg","width":1068,"height":712},{"@type":"BreadcrumbList","@id":"https:\/\/228news.tg\/index.php\/2019\/03\/13\/pnd-forum-international-togo-ue-la-ccit-mobilise-le-secteur-prive-pour-la-reussite-de-levenement\/#breadcrumb","itemListElement":[{"@type":"ListItem","position":1,"name":"Home","item":"https:\/\/228news.tg\/"},{"@type":"ListItem","position":2,"name":"PND\/ Forum international Togo-UE: La CCIT mobilise le secteur priv\u00e9 pour la r\u00e9ussite de l\u2019\u00e9v\u00e9nement"}]},{"@type":"WebSite","@id":"https:\/\/228news.tg\/#website","url":"https:\/\/228news.tg\/","name":"228 News","description":"Soci\u00e9t\u00e9 de m\u00e9dias et d\u2019actualit\u00e9s","publisher":{"@id":"https:\/\/228news.tg\/#organization"},"potentialAction":[{"@type":"SearchAction","target":{"@type":"EntryPoint","urlTemplate":"https:\/\/228news.tg\/?s={search_term_string}"},"query-input":{"@type":"PropertyValueSpecification","valueRequired":true,"valueName":"search_term_string"}}],"inLanguage":"fr-FR"},{"@type":"Organization","@id":"https:\/\/228news.tg\/#organization","name":"228 News","url":"https:\/\/228news.tg\/","logo":{"@type":"ImageObject","inLanguage":"fr-FR","@id":"https:\/\/228news.tg\/#\/schema\/logo\/image\/","url":"https:\/\/228news.tg\/wp-content\/uploads\/2024\/09\/logonew.png","contentUrl":"https:\/\/228news.tg\/wp-content\/uploads\/2024\/09\/logonew.png","width":1640,"height":364,"caption":"228 News"},"image":{"@id":"https:\/\/228news.tg\/#\/schema\/logo\/image\/"}},{"@type":"Person","@id":"https:\/\/228news.tg\/#\/schema\/person\/68d5a6cc0230290e61235c8379523f52","name":"Bienvenu SAVI","image":{"@type":"ImageObject","inLanguage":"fr-FR","@id":"https:\/\/228news.tg\/#\/schema\/person\/image\/","url":"https:\/\/secure.gravatar.com\/avatar\/9db91895c559e510509c33a3e9683998458e9b828fac36d5d1aa23f0f2fd369b?s=96&d=mm&r=g","contentUrl":"https:\/\/secure.gravatar.com\/avatar\/9db91895c559e510509c33a3e9683998458e9b828fac36d5d1aa23f0f2fd369b?s=96&d=mm&r=g","caption":"Bienvenu SAVI"},"url":"https:\/\/228news.tg\/index.php\/author\/bienvenu\/"}]}},"jetpack_featured_media_url":"https:\/\/228news.tg\/wp-content\/uploads\/2024\/09\/photo_2019-03-13_17-21-20.jpg","_links":{"self":[{"href":"https:\/\/228news.tg\/index.php\/wp-json\/wp\/v2\/posts\/2092","targetHints":{"allow":["GET"]}}],"collection":[{"href":"https:\/\/228news.tg\/index.php\/wp-json\/wp\/v2\/posts"}],"about":[{"href":"https:\/\/228news.tg\/index.php\/wp-json\/wp\/v2\/types\/post"}],"author":[{"embeddable":true,"href":"https:\/\/228news.tg\/index.php\/wp-json\/wp\/v2\/users\/2"}],"replies":[{"embeddable":true,"href":"https:\/\/228news.tg\/index.php\/wp-json\/wp\/v2\/comments?post=2092"}],"version-history":[{"count":1,"href":"https:\/\/228news.tg\/index.php\/wp-json\/wp\/v2\/posts\/2092\/revisions"}],"predecessor-version":[{"id":2095,"href":"https:\/\/228news.tg\/index.php\/wp-json\/wp\/v2\/posts\/2092\/revisions\/2095"}],"wp:featuredmedia":[{"embeddable":true,"href":"https:\/\/228news.tg\/index.php\/wp-json\/wp\/v2\/media\/2096"}],"wp:attachment":[{"href":"https:\/\/228news.tg\/index.php\/wp-json\/wp\/v2\/media?parent=2092"}],"wp:term":[{"taxonomy":"category","embeddable":true,"href":"https:\/\/228news.tg\/index.php\/wp-json\/wp\/v2\/categories?post=2092"},{"taxonomy":"post_tag","embeddable":true,"href":"https:\/\/228news.tg\/index.php\/wp-json\/wp\/v2\/tags?post=2092"}],"curies":[{"name":"wp","href":"https:\/\/api.w.org\/{rel}","templated":true}]}}