{"id":2084,"date":"2019-03-13T00:00:00","date_gmt":"2019-03-13T00:00:00","guid":{"rendered":"https:\/\/228news.tg\/index.php\/2019\/03\/13\/exigibilite-des-amendes-liees-au-manque-dhygiene-et-dassainissement-dans-les-localites-lome-la-belle-nest-quune-question-de-peu-de-temps\/"},"modified":"2019-03-13T00:00:00","modified_gmt":"2019-03-13T00:00:00","slug":"exigibilite-des-amendes-liees-au-manque-dhygiene-et-dassainissement-dans-les-localites-lome-la-belle-nest-quune-question-de-peu-de-temps","status":"publish","type":"post","link":"https:\/\/228news.tg\/index.php\/2019\/03\/13\/exigibilite-des-amendes-liees-au-manque-dhygiene-et-dassainissement-dans-les-localites-lome-la-belle-nest-quune-question-de-peu-de-temps\/","title":{"rendered":"Exigibilit\u00e9 des amendes li\u00e9es au manque d\u2019hygi\u00e8ne et d\u2019assainissement dans les localit\u00e9s\u00a0: Lom\u00e9 la belle, n\u2019est qu\u2019une question de peu de temps"},"content":{"rendered":"<p>(228NEWS\/ Lom\u00e9, le 13 mars 2019)-\u00a0Lom\u00e9 la belle deviendra de nouveau une r\u00e9alit\u00e9 bient\u00f4t. Les bases sont en tout cas pos\u00e9es ce mardi 12 mars 2019 \u00e0 la maison des jeunes d\u2019Amadahom\u00e9, o\u00f9 les pr\u00e9fets du Golfe et d\u2019Ago\u00e8, respectivement Komlan Agbots\u00e8 et le Col Awat\u00e9 Hodabalo, et le Pr\u00e9sident de la d\u00e9l\u00e9gation sp\u00e9ciale de ces deux pr\u00e9fectures, l\u2019honorable Aboka Kossi Agb\u00e9gnigan ont proc\u00e9d\u00e9 au lancement des amendes li\u00e9es au manque d\u2019hygi\u00e8ne et d\u2019assainissement des localit\u00e9s des pr\u00e9fectures.<\/p>\n<p>C\u2019\u00e9tait au cours d\u2019une rencontre d\u2019\u00e9changes qui a r\u00e9uni les chefs traditionnels, gardiens des us et coutumes, les responsables et membres des comit\u00e9s de d\u00e9veloppement de quartiers et villages des deux pr\u00e9fectures.<\/p>\n<p>Consacr\u00e9es par l\u2019arr\u00eat\u00e9 interminist\u00e9riel n\u00b0003\/MEF\/MSPS\/2018 portant tarification des amendes per\u00e7ues par la direction de l\u2019hygi\u00e8ne et de l\u2019assainissement de base du minist\u00e8re de la sant\u00e9 et de la protection sociale, ces amendes \u00e0 en croire l\u2019honorable Aboka visent \u00e0 insuffler un sens du civisme et de la citoyennet\u00e9 des populations qui ont le devoir de tout mettre en \u0153uvre pour la salubrit\u00e9 de nos habitats.<\/p>\n<p>Il a relev\u00e9 les efforts des deux pr\u00e9fectures qui ont initi\u00e9, il y a de cela quelque mois, une grande campagne de sensibilisation et de diss\u00e9mination de cet arr\u00eat\u00e9, appel\u00e9 les populations \u00e0 plus de salubrit\u00e9 pour que nos localit\u00e9s permettent que Lom\u00e9 ne redevienne la belle ville qu\u2019elle \u00e9tait avant.<\/p>\n<p>\u00ab\u00a0Apr\u00e8s le d\u00e9lai moratoire que nous avons donn\u00e9 aux populations, nous passons d\u00e9sormais \u00e0 l\u2019action. Bient\u00f4t, avec des agents de la voirie, des huissiers et les forces de l\u2019ordre, nous allons sillonner les rues et maisons de nos deux pr\u00e9fectures afin de d\u00e9livrer des amendes ou des certificats de salubrit\u00e9, au regard des constats faits sur place\u00a0\u00bb, a d\u00e9clar\u00e9 le pr\u00e9sident des deux d\u00e9l\u00e9gations sp\u00e9ciales.<\/p>\n<p>Allant d\u2019une valeur de 5 000 F \u00e0 2\u00a0000\u00a0000 F en fonction de la nature de l\u2019infraction, ces amendes touchent aussi bien le rejet des eaux us\u00e9es sur la voie publique par les m\u00e9nages et les soci\u00e9t\u00e9s, l\u2019enfouissement des excr\u00e9ments humains aux lieux non autoris\u00e9s, que des maisons sans latrines, en passant par la vente d\u2019eau de qualit\u00e9 douteuse et la cr\u00e9ation de d\u00e9potoir sauvage.<\/p>\n<p>La vente des aliments ou produits p\u00e9rim\u00e9s ou avari\u00e9s, la p\u00e9remption du certificat de salubrit\u00e9, l\u2019\u00e9levage du porc en milieu urbain, le d\u00e9faut de carte professionnel de sant\u00e9, le d\u00e9faut de traitement des eaux de piscine, abattage clandestin des animaux, l\u2019enterrement des cadavres des morts dans les lieux non autoris\u00e9s, ne sont pas du reste.<\/p>\n<p>Il en est \u00e9galement du rejet des eaux us\u00e9es industrielles sans traitement, celui des d\u00e9chets issus des soins m\u00e9dicaux dans la nature,\u2026.<\/p>\n<p><strong><em>D\u00e9mocrate<\/em><\/strong><\/p>\n<p><strong><em>(00228) 91 85 40 14<\/em><\/strong><\/p>\n<p><a href=\"mailto:democrate2010@gmail.com\"><strong><em>democrate2010@gmail.com<\/em><\/strong><\/a><\/p>\n","protected":false},"excerpt":{"rendered":"<p>(228NEWS\/ Lom\u00e9, le 13 mars 2019)-\u00a0Lom\u00e9 la belle deviendra de nouveau une r\u00e9alit\u00e9 bient\u00f4t. Les bases sont en tout cas pos\u00e9es ce mardi 12 mars 2019 \u00e0 la maison des jeunes d\u2019Amadahom\u00e9, o\u00f9 les pr\u00e9fets du Golfe et d\u2019Ago\u00e8, respectivement Komlan Agbots\u00e8 et le Col Awat\u00e9 Hodabalo, et le Pr\u00e9sident de la d\u00e9l\u00e9gation sp\u00e9ciale de &#8230; <a title=\"Exigibilit\u00e9 des amendes li\u00e9es au manque d\u2019hygi\u00e8ne et d\u2019assainissement dans les localit\u00e9s\u00a0: Lom\u00e9 la belle, n\u2019est qu\u2019une question de peu de temps\" class=\"read-more\" href=\"https:\/\/228news.tg\/index.php\/2019\/03\/13\/exigibilite-des-amendes-liees-au-manque-dhygiene-et-dassainissement-dans-les-localites-lome-la-belle-nest-quune-question-de-peu-de-temps\/\" aria-label=\"En savoir plus sur Exigibilit\u00e9 des amendes li\u00e9es au manque d\u2019hygi\u00e8ne et d\u2019assainissement dans les localit\u00e9s\u00a0: Lom\u00e9 la belle, n\u2019est qu\u2019une question de peu de temps\">Lire la suite<\/a><\/p>\n","protected":false},"author":2,"featured_media":2085,"comment_status":"open","ping_status":"open","sticky":false,"template":"","format":"standard","meta":{"footnotes":""},"categories":[31,35,25,34],"tags":[],"class_list":["post-2084","post","type-post","status-publish","format-standard","has-post-thumbnail","hentry","category-developpement","category-flash","category-togo","category-une"],"yoast_head":"<!-- This site is optimized with the Yoast SEO plugin v26.4 - https:\/\/yoast.com\/wordpress\/plugins\/seo\/ -->\n<title>Exigibilit\u00e9 des amendes li\u00e9es au manque d\u2019hygi\u00e8ne et d\u2019assainissement dans les localit\u00e9s\u00a0: Lom\u00e9 la belle, n\u2019est qu\u2019une question de peu de temps - 228 News<\/title>\n<meta name=\"robots\" content=\"index, follow, max-snippet:-1, max-image-preview:large, max-video-preview:-1\" \/>\n<link rel=\"canonical\" href=\"https:\/\/228news.tg\/index.php\/2019\/03\/13\/exigibilite-des-amendes-liees-au-manque-dhygiene-et-dassainissement-dans-les-localites-lome-la-belle-nest-quune-question-de-peu-de-temps\/\" \/>\n<meta property=\"og:locale\" content=\"fr_FR\" \/>\n<meta property=\"og:type\" content=\"article\" \/>\n<meta property=\"og:title\" content=\"Exigibilit\u00e9 des amendes li\u00e9es au manque d\u2019hygi\u00e8ne et d\u2019assainissement dans les localit\u00e9s\u00a0: Lom\u00e9 la belle, n\u2019est qu\u2019une question de peu de temps - 228 News\" \/>\n<meta property=\"og:description\" content=\"(228NEWS\/ Lom\u00e9, le 13 mars 2019)-\u00a0Lom\u00e9 la belle deviendra de nouveau une r\u00e9alit\u00e9 bient\u00f4t. Les bases sont en tout cas pos\u00e9es ce mardi 12 mars 2019 \u00e0 la maison des jeunes d\u2019Amadahom\u00e9, o\u00f9 les pr\u00e9fets du Golfe et d\u2019Ago\u00e8, respectivement Komlan Agbots\u00e8 et le Col Awat\u00e9 Hodabalo, et le Pr\u00e9sident de la d\u00e9l\u00e9gation sp\u00e9ciale de ... Lire la suite\" \/>\n<meta property=\"og:url\" content=\"https:\/\/228news.tg\/index.php\/2019\/03\/13\/exigibilite-des-amendes-liees-au-manque-dhygiene-et-dassainissement-dans-les-localites-lome-la-belle-nest-quune-question-de-peu-de-temps\/\" \/>\n<meta property=\"og:site_name\" content=\"228 News\" \/>\n<meta property=\"article:published_time\" content=\"2019-03-13T00:00:00+00:00\" \/>\n<meta property=\"og:image\" content=\"https:\/\/228news.tg\/wp-content\/uploads\/2024\/09\/photo_2019-03-13_15-58-50.jpg\" \/>\n\t<meta property=\"og:image:width\" content=\"1280\" \/>\n\t<meta property=\"og:image:height\" content=\"960\" \/>\n\t<meta property=\"og:image:type\" content=\"image\/jpeg\" \/>\n<meta name=\"author\" content=\"Bienvenu SAVI\" \/>\n<meta name=\"twitter:card\" content=\"summary_large_image\" \/>\n<meta name=\"twitter:label1\" content=\"\u00c9crit par\" \/>\n\t<meta name=\"twitter:data1\" content=\"Bienvenu SAVI\" \/>\n\t<meta name=\"twitter:label2\" content=\"Dur\u00e9e de lecture estim\u00e9e\" \/>\n\t<meta name=\"twitter:data2\" content=\"3 minutes\" \/>\n<script type=\"application\/ld+json\" class=\"yoast-schema-graph\">{\"@context\":\"https:\/\/schema.org\",\"@graph\":[{\"@type\":\"Article\",\"@id\":\"https:\/\/228news.tg\/index.php\/2019\/03\/13\/exigibilite-des-amendes-liees-au-manque-dhygiene-et-dassainissement-dans-les-localites-lome-la-belle-nest-quune-question-de-peu-de-temps\/#article\",\"isPartOf\":{\"@id\":\"https:\/\/228news.tg\/index.php\/2019\/03\/13\/exigibilite-des-amendes-liees-au-manque-dhygiene-et-dassainissement-dans-les-localites-lome-la-belle-nest-quune-question-de-peu-de-temps\/\"},\"author\":{\"name\":\"Bienvenu SAVI\",\"@id\":\"https:\/\/228news.tg\/#\/schema\/person\/68d5a6cc0230290e61235c8379523f52\"},\"headline\":\"Exigibilit\u00e9 des amendes li\u00e9es au manque d\u2019hygi\u00e8ne et d\u2019assainissement dans les localit\u00e9s\u00a0: Lom\u00e9 la belle, n\u2019est qu\u2019une question de peu de temps\",\"datePublished\":\"2019-03-13T00:00:00+00:00\",\"mainEntityOfPage\":{\"@id\":\"https:\/\/228news.tg\/index.php\/2019\/03\/13\/exigibilite-des-amendes-liees-au-manque-dhygiene-et-dassainissement-dans-les-localites-lome-la-belle-nest-quune-question-de-peu-de-temps\/\"},\"wordCount\":537,\"commentCount\":0,\"publisher\":{\"@id\":\"https:\/\/228news.tg\/#organization\"},\"image\":{\"@id\":\"https:\/\/228news.tg\/index.php\/2019\/03\/13\/exigibilite-des-amendes-liees-au-manque-dhygiene-et-dassainissement-dans-les-localites-lome-la-belle-nest-quune-question-de-peu-de-temps\/#primaryimage\"},\"thumbnailUrl\":\"https:\/\/228news.tg\/wp-content\/uploads\/2024\/09\/photo_2019-03-13_15-58-50.jpg\",\"articleSection\":[\"DEVELOPPEMENT\",\"Flash\",\"TOGO\",\"Une\"],\"inLanguage\":\"fr-FR\",\"potentialAction\":[{\"@type\":\"CommentAction\",\"name\":\"Comment\",\"target\":[\"https:\/\/228news.tg\/index.php\/2019\/03\/13\/exigibilite-des-amendes-liees-au-manque-dhygiene-et-dassainissement-dans-les-localites-lome-la-belle-nest-quune-question-de-peu-de-temps\/#respond\"]}]},{\"@type\":\"WebPage\",\"@id\":\"https:\/\/228news.tg\/index.php\/2019\/03\/13\/exigibilite-des-amendes-liees-au-manque-dhygiene-et-dassainissement-dans-les-localites-lome-la-belle-nest-quune-question-de-peu-de-temps\/\",\"url\":\"https:\/\/228news.tg\/index.php\/2019\/03\/13\/exigibilite-des-amendes-liees-au-manque-dhygiene-et-dassainissement-dans-les-localites-lome-la-belle-nest-quune-question-de-peu-de-temps\/\",\"name\":\"Exigibilit\u00e9 des amendes li\u00e9es au manque d\u2019hygi\u00e8ne et d\u2019assainissement dans les localit\u00e9s\u00a0: Lom\u00e9 la belle, n\u2019est qu\u2019une question de peu de temps - 228 News\",\"isPartOf\":{\"@id\":\"https:\/\/228news.tg\/#website\"},\"primaryImageOfPage\":{\"@id\":\"https:\/\/228news.tg\/index.php\/2019\/03\/13\/exigibilite-des-amendes-liees-au-manque-dhygiene-et-dassainissement-dans-les-localites-lome-la-belle-nest-quune-question-de-peu-de-temps\/#primaryimage\"},\"image\":{\"@id\":\"https:\/\/228news.tg\/index.php\/2019\/03\/13\/exigibilite-des-amendes-liees-au-manque-dhygiene-et-dassainissement-dans-les-localites-lome-la-belle-nest-quune-question-de-peu-de-temps\/#primaryimage\"},\"thumbnailUrl\":\"https:\/\/228news.tg\/wp-content\/uploads\/2024\/09\/photo_2019-03-13_15-58-50.jpg\",\"datePublished\":\"2019-03-13T00:00:00+00:00\",\"breadcrumb\":{\"@id\":\"https:\/\/228news.tg\/index.php\/2019\/03\/13\/exigibilite-des-amendes-liees-au-manque-dhygiene-et-dassainissement-dans-les-localites-lome-la-belle-nest-quune-question-de-peu-de-temps\/#breadcrumb\"},\"inLanguage\":\"fr-FR\",\"potentialAction\":[{\"@type\":\"ReadAction\",\"target\":[\"https:\/\/228news.tg\/index.php\/2019\/03\/13\/exigibilite-des-amendes-liees-au-manque-dhygiene-et-dassainissement-dans-les-localites-lome-la-belle-nest-quune-question-de-peu-de-temps\/\"]}]},{\"@type\":\"ImageObject\",\"inLanguage\":\"fr-FR\",\"@id\":\"https:\/\/228news.tg\/index.php\/2019\/03\/13\/exigibilite-des-amendes-liees-au-manque-dhygiene-et-dassainissement-dans-les-localites-lome-la-belle-nest-quune-question-de-peu-de-temps\/#primaryimage\",\"url\":\"https:\/\/228news.tg\/wp-content\/uploads\/2024\/09\/photo_2019-03-13_15-58-50.jpg\",\"contentUrl\":\"https:\/\/228news.tg\/wp-content\/uploads\/2024\/09\/photo_2019-03-13_15-58-50.jpg\",\"width\":1280,\"height\":960},{\"@type\":\"BreadcrumbList\",\"@id\":\"https:\/\/228news.tg\/index.php\/2019\/03\/13\/exigibilite-des-amendes-liees-au-manque-dhygiene-et-dassainissement-dans-les-localites-lome-la-belle-nest-quune-question-de-peu-de-temps\/#breadcrumb\",\"itemListElement\":[{\"@type\":\"ListItem\",\"position\":1,\"name\":\"Home\",\"item\":\"https:\/\/228news.tg\/\"},{\"@type\":\"ListItem\",\"position\":2,\"name\":\"Exigibilit\u00e9 des amendes li\u00e9es au manque d\u2019hygi\u00e8ne et d\u2019assainissement dans les localit\u00e9s\u00a0: Lom\u00e9 la belle, n\u2019est qu\u2019une question de peu de temps\"}]},{\"@type\":\"WebSite\",\"@id\":\"https:\/\/228news.tg\/#website\",\"url\":\"https:\/\/228news.tg\/\",\"name\":\"228 News\",\"description\":\"Soci\u00e9t\u00e9 de m\u00e9dias et d\u2019actualit\u00e9s\",\"publisher\":{\"@id\":\"https:\/\/228news.tg\/#organization\"},\"potentialAction\":[{\"@type\":\"SearchAction\",\"target\":{\"@type\":\"EntryPoint\",\"urlTemplate\":\"https:\/\/228news.tg\/?s={search_term_string}\"},\"query-input\":{\"@type\":\"PropertyValueSpecification\",\"valueRequired\":true,\"valueName\":\"search_term_string\"}}],\"inLanguage\":\"fr-FR\"},{\"@type\":\"Organization\",\"@id\":\"https:\/\/228news.tg\/#organization\",\"name\":\"228 News\",\"url\":\"https:\/\/228news.tg\/\",\"logo\":{\"@type\":\"ImageObject\",\"inLanguage\":\"fr-FR\",\"@id\":\"https:\/\/228news.tg\/#\/schema\/logo\/image\/\",\"url\":\"https:\/\/228news.tg\/wp-content\/uploads\/2024\/09\/logonew.png\",\"contentUrl\":\"https:\/\/228news.tg\/wp-content\/uploads\/2024\/09\/logonew.png\",\"width\":1640,\"height\":364,\"caption\":\"228 News\"},\"image\":{\"@id\":\"https:\/\/228news.tg\/#\/schema\/logo\/image\/\"}},{\"@type\":\"Person\",\"@id\":\"https:\/\/228news.tg\/#\/schema\/person\/68d5a6cc0230290e61235c8379523f52\",\"name\":\"Bienvenu SAVI\",\"image\":{\"@type\":\"ImageObject\",\"inLanguage\":\"fr-FR\",\"@id\":\"https:\/\/228news.tg\/#\/schema\/person\/image\/\",\"url\":\"https:\/\/secure.gravatar.com\/avatar\/9db91895c559e510509c33a3e9683998458e9b828fac36d5d1aa23f0f2fd369b?s=96&d=mm&r=g\",\"contentUrl\":\"https:\/\/secure.gravatar.com\/avatar\/9db91895c559e510509c33a3e9683998458e9b828fac36d5d1aa23f0f2fd369b?s=96&d=mm&r=g\",\"caption\":\"Bienvenu SAVI\"},\"url\":\"https:\/\/228news.tg\/index.php\/author\/bienvenu\/\"}]}<\/script>\n<!-- \/ Yoast SEO plugin. -->","yoast_head_json":{"title":"Exigibilit\u00e9 des amendes li\u00e9es au manque d\u2019hygi\u00e8ne et d\u2019assainissement dans les localit\u00e9s\u00a0: Lom\u00e9 la belle, n\u2019est qu\u2019une question de peu de temps - 228 News","robots":{"index":"index","follow":"follow","max-snippet":"max-snippet:-1","max-image-preview":"max-image-preview:large","max-video-preview":"max-video-preview:-1"},"canonical":"https:\/\/228news.tg\/index.php\/2019\/03\/13\/exigibilite-des-amendes-liees-au-manque-dhygiene-et-dassainissement-dans-les-localites-lome-la-belle-nest-quune-question-de-peu-de-temps\/","og_locale":"fr_FR","og_type":"article","og_title":"Exigibilit\u00e9 des amendes li\u00e9es au manque d\u2019hygi\u00e8ne et d\u2019assainissement dans les localit\u00e9s\u00a0: Lom\u00e9 la belle, n\u2019est qu\u2019une question de peu de temps - 228 News","og_description":"(228NEWS\/ Lom\u00e9, le 13 mars 2019)-\u00a0Lom\u00e9 la belle deviendra de nouveau une r\u00e9alit\u00e9 bient\u00f4t. Les bases sont en tout cas pos\u00e9es ce mardi 12 mars 2019 \u00e0 la maison des jeunes d\u2019Amadahom\u00e9, o\u00f9 les pr\u00e9fets du Golfe et d\u2019Ago\u00e8, respectivement Komlan Agbots\u00e8 et le Col Awat\u00e9 Hodabalo, et le Pr\u00e9sident de la d\u00e9l\u00e9gation sp\u00e9ciale de ... Lire la suite","og_url":"https:\/\/228news.tg\/index.php\/2019\/03\/13\/exigibilite-des-amendes-liees-au-manque-dhygiene-et-dassainissement-dans-les-localites-lome-la-belle-nest-quune-question-de-peu-de-temps\/","og_site_name":"228 News","article_published_time":"2019-03-13T00:00:00+00:00","og_image":[{"width":1280,"height":960,"url":"https:\/\/228news.tg\/wp-content\/uploads\/2024\/09\/photo_2019-03-13_15-58-50.jpg","type":"image\/jpeg"}],"author":"Bienvenu SAVI","twitter_card":"summary_large_image","twitter_misc":{"\u00c9crit par":"Bienvenu SAVI","Dur\u00e9e de lecture estim\u00e9e":"3 minutes"},"schema":{"@context":"https:\/\/schema.org","@graph":[{"@type":"Article","@id":"https:\/\/228news.tg\/index.php\/2019\/03\/13\/exigibilite-des-amendes-liees-au-manque-dhygiene-et-dassainissement-dans-les-localites-lome-la-belle-nest-quune-question-de-peu-de-temps\/#article","isPartOf":{"@id":"https:\/\/228news.tg\/index.php\/2019\/03\/13\/exigibilite-des-amendes-liees-au-manque-dhygiene-et-dassainissement-dans-les-localites-lome-la-belle-nest-quune-question-de-peu-de-temps\/"},"author":{"name":"Bienvenu SAVI","@id":"https:\/\/228news.tg\/#\/schema\/person\/68d5a6cc0230290e61235c8379523f52"},"headline":"Exigibilit\u00e9 des amendes li\u00e9es au manque d\u2019hygi\u00e8ne et d\u2019assainissement dans les localit\u00e9s\u00a0: Lom\u00e9 la belle, n\u2019est qu\u2019une question de peu de temps","datePublished":"2019-03-13T00:00:00+00:00","mainEntityOfPage":{"@id":"https:\/\/228news.tg\/index.php\/2019\/03\/13\/exigibilite-des-amendes-liees-au-manque-dhygiene-et-dassainissement-dans-les-localites-lome-la-belle-nest-quune-question-de-peu-de-temps\/"},"wordCount":537,"commentCount":0,"publisher":{"@id":"https:\/\/228news.tg\/#organization"},"image":{"@id":"https:\/\/228news.tg\/index.php\/2019\/03\/13\/exigibilite-des-amendes-liees-au-manque-dhygiene-et-dassainissement-dans-les-localites-lome-la-belle-nest-quune-question-de-peu-de-temps\/#primaryimage"},"thumbnailUrl":"https:\/\/228news.tg\/wp-content\/uploads\/2024\/09\/photo_2019-03-13_15-58-50.jpg","articleSection":["DEVELOPPEMENT","Flash","TOGO","Une"],"inLanguage":"fr-FR","potentialAction":[{"@type":"CommentAction","name":"Comment","target":["https:\/\/228news.tg\/index.php\/2019\/03\/13\/exigibilite-des-amendes-liees-au-manque-dhygiene-et-dassainissement-dans-les-localites-lome-la-belle-nest-quune-question-de-peu-de-temps\/#respond"]}]},{"@type":"WebPage","@id":"https:\/\/228news.tg\/index.php\/2019\/03\/13\/exigibilite-des-amendes-liees-au-manque-dhygiene-et-dassainissement-dans-les-localites-lome-la-belle-nest-quune-question-de-peu-de-temps\/","url":"https:\/\/228news.tg\/index.php\/2019\/03\/13\/exigibilite-des-amendes-liees-au-manque-dhygiene-et-dassainissement-dans-les-localites-lome-la-belle-nest-quune-question-de-peu-de-temps\/","name":"Exigibilit\u00e9 des amendes li\u00e9es au manque d\u2019hygi\u00e8ne et d\u2019assainissement dans les localit\u00e9s\u00a0: Lom\u00e9 la belle, n\u2019est qu\u2019une question de peu de temps - 228 News","isPartOf":{"@id":"https:\/\/228news.tg\/#website"},"primaryImageOfPage":{"@id":"https:\/\/228news.tg\/index.php\/2019\/03\/13\/exigibilite-des-amendes-liees-au-manque-dhygiene-et-dassainissement-dans-les-localites-lome-la-belle-nest-quune-question-de-peu-de-temps\/#primaryimage"},"image":{"@id":"https:\/\/228news.tg\/index.php\/2019\/03\/13\/exigibilite-des-amendes-liees-au-manque-dhygiene-et-dassainissement-dans-les-localites-lome-la-belle-nest-quune-question-de-peu-de-temps\/#primaryimage"},"thumbnailUrl":"https:\/\/228news.tg\/wp-content\/uploads\/2024\/09\/photo_2019-03-13_15-58-50.jpg","datePublished":"2019-03-13T00:00:00+00:00","breadcrumb":{"@id":"https:\/\/228news.tg\/index.php\/2019\/03\/13\/exigibilite-des-amendes-liees-au-manque-dhygiene-et-dassainissement-dans-les-localites-lome-la-belle-nest-quune-question-de-peu-de-temps\/#breadcrumb"},"inLanguage":"fr-FR","potentialAction":[{"@type":"ReadAction","target":["https:\/\/228news.tg\/index.php\/2019\/03\/13\/exigibilite-des-amendes-liees-au-manque-dhygiene-et-dassainissement-dans-les-localites-lome-la-belle-nest-quune-question-de-peu-de-temps\/"]}]},{"@type":"ImageObject","inLanguage":"fr-FR","@id":"https:\/\/228news.tg\/index.php\/2019\/03\/13\/exigibilite-des-amendes-liees-au-manque-dhygiene-et-dassainissement-dans-les-localites-lome-la-belle-nest-quune-question-de-peu-de-temps\/#primaryimage","url":"https:\/\/228news.tg\/wp-content\/uploads\/2024\/09\/photo_2019-03-13_15-58-50.jpg","contentUrl":"https:\/\/228news.tg\/wp-content\/uploads\/2024\/09\/photo_2019-03-13_15-58-50.jpg","width":1280,"height":960},{"@type":"BreadcrumbList","@id":"https:\/\/228news.tg\/index.php\/2019\/03\/13\/exigibilite-des-amendes-liees-au-manque-dhygiene-et-dassainissement-dans-les-localites-lome-la-belle-nest-quune-question-de-peu-de-temps\/#breadcrumb","itemListElement":[{"@type":"ListItem","position":1,"name":"Home","item":"https:\/\/228news.tg\/"},{"@type":"ListItem","position":2,"name":"Exigibilit\u00e9 des amendes li\u00e9es au manque d\u2019hygi\u00e8ne et d\u2019assainissement dans les localit\u00e9s\u00a0: Lom\u00e9 la belle, n\u2019est qu\u2019une question de peu de temps"}]},{"@type":"WebSite","@id":"https:\/\/228news.tg\/#website","url":"https:\/\/228news.tg\/","name":"228 News","description":"Soci\u00e9t\u00e9 de m\u00e9dias et d\u2019actualit\u00e9s","publisher":{"@id":"https:\/\/228news.tg\/#organization"},"potentialAction":[{"@type":"SearchAction","target":{"@type":"EntryPoint","urlTemplate":"https:\/\/228news.tg\/?s={search_term_string}"},"query-input":{"@type":"PropertyValueSpecification","valueRequired":true,"valueName":"search_term_string"}}],"inLanguage":"fr-FR"},{"@type":"Organization","@id":"https:\/\/228news.tg\/#organization","name":"228 News","url":"https:\/\/228news.tg\/","logo":{"@type":"ImageObject","inLanguage":"fr-FR","@id":"https:\/\/228news.tg\/#\/schema\/logo\/image\/","url":"https:\/\/228news.tg\/wp-content\/uploads\/2024\/09\/logonew.png","contentUrl":"https:\/\/228news.tg\/wp-content\/uploads\/2024\/09\/logonew.png","width":1640,"height":364,"caption":"228 News"},"image":{"@id":"https:\/\/228news.tg\/#\/schema\/logo\/image\/"}},{"@type":"Person","@id":"https:\/\/228news.tg\/#\/schema\/person\/68d5a6cc0230290e61235c8379523f52","name":"Bienvenu SAVI","image":{"@type":"ImageObject","inLanguage":"fr-FR","@id":"https:\/\/228news.tg\/#\/schema\/person\/image\/","url":"https:\/\/secure.gravatar.com\/avatar\/9db91895c559e510509c33a3e9683998458e9b828fac36d5d1aa23f0f2fd369b?s=96&d=mm&r=g","contentUrl":"https:\/\/secure.gravatar.com\/avatar\/9db91895c559e510509c33a3e9683998458e9b828fac36d5d1aa23f0f2fd369b?s=96&d=mm&r=g","caption":"Bienvenu SAVI"},"url":"https:\/\/228news.tg\/index.php\/author\/bienvenu\/"}]}},"jetpack_featured_media_url":"https:\/\/228news.tg\/wp-content\/uploads\/2024\/09\/photo_2019-03-13_15-58-50.jpg","_links":{"self":[{"href":"https:\/\/228news.tg\/index.php\/wp-json\/wp\/v2\/posts\/2084","targetHints":{"allow":["GET"]}}],"collection":[{"href":"https:\/\/228news.tg\/index.php\/wp-json\/wp\/v2\/posts"}],"about":[{"href":"https:\/\/228news.tg\/index.php\/wp-json\/wp\/v2\/types\/post"}],"author":[{"embeddable":true,"href":"https:\/\/228news.tg\/index.php\/wp-json\/wp\/v2\/users\/2"}],"replies":[{"embeddable":true,"href":"https:\/\/228news.tg\/index.php\/wp-json\/wp\/v2\/comments?post=2084"}],"version-history":[{"count":0,"href":"https:\/\/228news.tg\/index.php\/wp-json\/wp\/v2\/posts\/2084\/revisions"}],"wp:featuredmedia":[{"embeddable":true,"href":"https:\/\/228news.tg\/index.php\/wp-json\/wp\/v2\/media\/2085"}],"wp:attachment":[{"href":"https:\/\/228news.tg\/index.php\/wp-json\/wp\/v2\/media?parent=2084"}],"wp:term":[{"taxonomy":"category","embeddable":true,"href":"https:\/\/228news.tg\/index.php\/wp-json\/wp\/v2\/categories?post=2084"},{"taxonomy":"post_tag","embeddable":true,"href":"https:\/\/228news.tg\/index.php\/wp-json\/wp\/v2\/tags?post=2084"}],"curies":[{"name":"wp","href":"https:\/\/api.w.org\/{rel}","templated":true}]}}