{"id":2043,"date":"2019-03-01T00:00:00","date_gmt":"2019-03-01T00:00:00","guid":{"rendered":"https:\/\/228news.tg\/index.php\/2019\/03\/01\/la-protection-de-nos-enfants-cest-notre-responsabilite\/"},"modified":"2019-03-01T00:00:00","modified_gmt":"2019-03-01T00:00:00","slug":"la-protection-de-nos-enfants-cest-notre-responsabilite","status":"publish","type":"post","link":"https:\/\/228news.tg\/index.php\/2019\/03\/01\/la-protection-de-nos-enfants-cest-notre-responsabilite\/","title":{"rendered":"La protection de nos enfants, c\u2019est notre responsabilit\u00e9"},"content":{"rendered":"<p>(228NEWS\/ Lom\u00e9, le 1<sup>er<\/sup> mars 2019)- Le monde entier c\u00e9l\u00e8bre ce vendredi 1<sup>er<\/sup> mars la journ\u00e9e internationale de la protection civile autour du th\u00e8me \u00ab\u00a0la protection de nos enfants, c\u2019est notre responsabilit\u00e9\u00a0\u00bb.<\/p>\n<p>A travers le th\u00e8me de l\u2019ann\u00e9e, il s\u2019agit d\u2019apr\u00e8s le ministre de la s\u00e9curit\u00e9 de classer l\u2019enfant, sous toutes ses latitudes, comme un pilier de l\u2019avenir, une rel\u00e8ve de demain.<\/p>\n<p>Dans un message adress\u00e9 \u00e0 la nation ce vendredi, le ministre de la s\u00e9curit\u00e9 et de la protection civile, le Gal Yark Damehame a confi\u00e9 qu\u2019ils sont pr\u00e8s de 10\u00a0000 enfants sur 17\u00a0000 personnes, touch\u00e9s chaque ann\u00e9e au Togo par des catastrophes telles les inondations,\u00a0 vents violents, conflits intercommunautaires, ou situations mettant \u00e0 mal leur s\u00e9curit\u00e9.<\/p>\n<p>\u00ab\u00a0En janvier 2019, on a encore enregistr\u00e9, pour la m\u00eame cause, plus de 20\u00a0000refugi\u00e9s Ghan\u00e9ens dont 10\u00a0532 enfants dans les pr\u00e9fectures de Dankpen, Oti et Oti-Sud\u00a0\u00bb, a d\u00e9clar\u00e9 Yark Damehame pour qui \u00ab\u00a0nous devons par cons\u00e9quent dans nos interventions, porter un regard attentif \u00e0 leurs situations, qui ne doivent se fondre sans distinction, dans la masse des cas sinistr\u00e9s \u00e0 secourir\u00a0\u00bb.<\/p>\n<p>Il urge donc que des actions d\u2019envergure de sensibilisation du public sur les mesures de pr\u00e9paration, de pr\u00e9vention et d\u2019autoprotection face aux catastrophes soient men\u00e9es.<\/p>\n<p>Des \u00e9v\u00e9nements nationaux tels les colloques et conf\u00e9rences sur le r\u00f4le des services de protection civile\u00a0 et de d\u00e9fense mettant en lumi\u00e8re les actions et fonctions des acteurs de la protection civile doivent \u00eatre \u00e9galement organis\u00e9s \u00e0 dans les activit\u00e9s marquant cette journ\u00e9e.<\/p>\n<p>Le minist\u00e8re\u00a0 compte de concert avec l\u2019Agence Nationale de protection Civile du 18 au 22 mars prochain, un exercice de simulation grandeur nature sur les inondations accompagn\u00e9es d\u2019une \u00e9pid\u00e9mie de chol\u00e9ra dans la pr\u00e9fecture du Moyen Mono.<\/p>\n<p>D\u00e9cr\u00e9t\u00e9e depuis le 1<sup>er<\/sup> mars 1990, la journ\u00e9e internationale de la protection civile constitue un cr\u00e9neau majeur \u00e0 l\u2019Organisation Internationale de la Protection Civile (OIPC) de sensibiliser les communaut\u00e9s sur les r\u00f4les et les responsabilit\u00e9s des services nationaux de la protection civile, de la d\u00e9fense civile et la gestion des situations d\u2019urgence qui consistent en la sauvegarde des vies, des biens et de l\u2019environnement.<\/p>\n<p><strong>D\u00e9mocrate<\/strong><\/p>\n","protected":false},"excerpt":{"rendered":"<p>(228NEWS\/ Lom\u00e9, le 1er mars 2019)- Le monde entier c\u00e9l\u00e8bre ce vendredi 1er mars la journ\u00e9e internationale de la protection civile autour du th\u00e8me \u00ab\u00a0la protection de nos enfants, c\u2019est notre responsabilit\u00e9\u00a0\u00bb. A travers le th\u00e8me de l\u2019ann\u00e9e, il s\u2019agit d\u2019apr\u00e8s le ministre de la s\u00e9curit\u00e9 de classer l\u2019enfant, sous toutes ses latitudes, comme un &#8230; <a title=\"La protection de nos enfants, c\u2019est notre responsabilit\u00e9\" class=\"read-more\" href=\"https:\/\/228news.tg\/index.php\/2019\/03\/01\/la-protection-de-nos-enfants-cest-notre-responsabilite\/\" aria-label=\"En savoir plus sur La protection de nos enfants, c\u2019est notre responsabilit\u00e9\">Lire la suite<\/a><\/p>\n","protected":false},"author":2,"featured_media":1963,"comment_status":"open","ping_status":"open","sticky":false,"template":"","format":"standard","meta":{"footnotes":""},"categories":[35],"tags":[],"class_list":["post-2043","post","type-post","status-publish","format-standard","has-post-thumbnail","hentry","category-flash"],"yoast_head":"<!-- This site is optimized with the Yoast SEO plugin v26.4 - https:\/\/yoast.com\/wordpress\/plugins\/seo\/ -->\n<title>La protection de nos enfants, c\u2019est notre responsabilit\u00e9 - 228 News<\/title>\n<meta name=\"robots\" content=\"index, follow, max-snippet:-1, max-image-preview:large, max-video-preview:-1\" \/>\n<link rel=\"canonical\" href=\"https:\/\/228news.tg\/index.php\/2019\/03\/01\/la-protection-de-nos-enfants-cest-notre-responsabilite\/\" \/>\n<meta property=\"og:locale\" content=\"fr_FR\" \/>\n<meta property=\"og:type\" content=\"article\" \/>\n<meta property=\"og:title\" content=\"La protection de nos enfants, c\u2019est notre responsabilit\u00e9 - 228 News\" \/>\n<meta property=\"og:description\" content=\"(228NEWS\/ Lom\u00e9, le 1er mars 2019)- Le monde entier c\u00e9l\u00e8bre ce vendredi 1er mars la journ\u00e9e internationale de la protection civile autour du th\u00e8me \u00ab\u00a0la protection de nos enfants, c\u2019est notre responsabilit\u00e9\u00a0\u00bb. A travers le th\u00e8me de l\u2019ann\u00e9e, il s\u2019agit d\u2019apr\u00e8s le ministre de la s\u00e9curit\u00e9 de classer l\u2019enfant, sous toutes ses latitudes, comme un ... Lire la suite\" \/>\n<meta property=\"og:url\" content=\"https:\/\/228news.tg\/index.php\/2019\/03\/01\/la-protection-de-nos-enfants-cest-notre-responsabilite\/\" \/>\n<meta property=\"og:site_name\" content=\"228 News\" \/>\n<meta property=\"article:published_time\" content=\"2019-03-01T00:00:00+00:00\" \/>\n<meta property=\"og:image\" content=\"https:\/\/228news.tg\/wp-content\/uploads\/2024\/09\/photo_2018-12-30_09-28-16.jpg\" \/>\n\t<meta property=\"og:image:width\" content=\"1280\" \/>\n\t<meta property=\"og:image:height\" content=\"960\" \/>\n\t<meta property=\"og:image:type\" content=\"image\/jpeg\" \/>\n<meta name=\"author\" content=\"Bienvenu SAVI\" \/>\n<meta name=\"twitter:card\" content=\"summary_large_image\" \/>\n<meta name=\"twitter:label1\" content=\"\u00c9crit par\" \/>\n\t<meta name=\"twitter:data1\" content=\"Bienvenu SAVI\" \/>\n\t<meta name=\"twitter:label2\" content=\"Dur\u00e9e de lecture estim\u00e9e\" \/>\n\t<meta name=\"twitter:data2\" content=\"2 minutes\" \/>\n<script type=\"application\/ld+json\" class=\"yoast-schema-graph\">{\"@context\":\"https:\/\/schema.org\",\"@graph\":[{\"@type\":\"Article\",\"@id\":\"https:\/\/228news.tg\/index.php\/2019\/03\/01\/la-protection-de-nos-enfants-cest-notre-responsabilite\/#article\",\"isPartOf\":{\"@id\":\"https:\/\/228news.tg\/index.php\/2019\/03\/01\/la-protection-de-nos-enfants-cest-notre-responsabilite\/\"},\"author\":{\"name\":\"Bienvenu SAVI\",\"@id\":\"https:\/\/228news.tg\/#\/schema\/person\/68d5a6cc0230290e61235c8379523f52\"},\"headline\":\"La protection de nos enfants, c\u2019est notre responsabilit\u00e9\",\"datePublished\":\"2019-03-01T00:00:00+00:00\",\"mainEntityOfPage\":{\"@id\":\"https:\/\/228news.tg\/index.php\/2019\/03\/01\/la-protection-de-nos-enfants-cest-notre-responsabilite\/\"},\"wordCount\":406,\"commentCount\":0,\"publisher\":{\"@id\":\"https:\/\/228news.tg\/#organization\"},\"image\":{\"@id\":\"https:\/\/228news.tg\/index.php\/2019\/03\/01\/la-protection-de-nos-enfants-cest-notre-responsabilite\/#primaryimage\"},\"thumbnailUrl\":\"https:\/\/228news.tg\/wp-content\/uploads\/2024\/09\/photo_2018-12-30_09-28-16.jpg\",\"articleSection\":[\"Flash\"],\"inLanguage\":\"fr-FR\",\"potentialAction\":[{\"@type\":\"CommentAction\",\"name\":\"Comment\",\"target\":[\"https:\/\/228news.tg\/index.php\/2019\/03\/01\/la-protection-de-nos-enfants-cest-notre-responsabilite\/#respond\"]}]},{\"@type\":\"WebPage\",\"@id\":\"https:\/\/228news.tg\/index.php\/2019\/03\/01\/la-protection-de-nos-enfants-cest-notre-responsabilite\/\",\"url\":\"https:\/\/228news.tg\/index.php\/2019\/03\/01\/la-protection-de-nos-enfants-cest-notre-responsabilite\/\",\"name\":\"La protection de nos enfants, c\u2019est notre responsabilit\u00e9 - 228 News\",\"isPartOf\":{\"@id\":\"https:\/\/228news.tg\/#website\"},\"primaryImageOfPage\":{\"@id\":\"https:\/\/228news.tg\/index.php\/2019\/03\/01\/la-protection-de-nos-enfants-cest-notre-responsabilite\/#primaryimage\"},\"image\":{\"@id\":\"https:\/\/228news.tg\/index.php\/2019\/03\/01\/la-protection-de-nos-enfants-cest-notre-responsabilite\/#primaryimage\"},\"thumbnailUrl\":\"https:\/\/228news.tg\/wp-content\/uploads\/2024\/09\/photo_2018-12-30_09-28-16.jpg\",\"datePublished\":\"2019-03-01T00:00:00+00:00\",\"breadcrumb\":{\"@id\":\"https:\/\/228news.tg\/index.php\/2019\/03\/01\/la-protection-de-nos-enfants-cest-notre-responsabilite\/#breadcrumb\"},\"inLanguage\":\"fr-FR\",\"potentialAction\":[{\"@type\":\"ReadAction\",\"target\":[\"https:\/\/228news.tg\/index.php\/2019\/03\/01\/la-protection-de-nos-enfants-cest-notre-responsabilite\/\"]}]},{\"@type\":\"ImageObject\",\"inLanguage\":\"fr-FR\",\"@id\":\"https:\/\/228news.tg\/index.php\/2019\/03\/01\/la-protection-de-nos-enfants-cest-notre-responsabilite\/#primaryimage\",\"url\":\"https:\/\/228news.tg\/wp-content\/uploads\/2024\/09\/photo_2018-12-30_09-28-16.jpg\",\"contentUrl\":\"https:\/\/228news.tg\/wp-content\/uploads\/2024\/09\/photo_2018-12-30_09-28-16.jpg\",\"width\":1280,\"height\":960},{\"@type\":\"BreadcrumbList\",\"@id\":\"https:\/\/228news.tg\/index.php\/2019\/03\/01\/la-protection-de-nos-enfants-cest-notre-responsabilite\/#breadcrumb\",\"itemListElement\":[{\"@type\":\"ListItem\",\"position\":1,\"name\":\"Home\",\"item\":\"https:\/\/228news.tg\/\"},{\"@type\":\"ListItem\",\"position\":2,\"name\":\"La protection de nos enfants, c\u2019est notre responsabilit\u00e9\"}]},{\"@type\":\"WebSite\",\"@id\":\"https:\/\/228news.tg\/#website\",\"url\":\"https:\/\/228news.tg\/\",\"name\":\"228 News\",\"description\":\"Soci\u00e9t\u00e9 de m\u00e9dias et d\u2019actualit\u00e9s\",\"publisher\":{\"@id\":\"https:\/\/228news.tg\/#organization\"},\"potentialAction\":[{\"@type\":\"SearchAction\",\"target\":{\"@type\":\"EntryPoint\",\"urlTemplate\":\"https:\/\/228news.tg\/?s={search_term_string}\"},\"query-input\":{\"@type\":\"PropertyValueSpecification\",\"valueRequired\":true,\"valueName\":\"search_term_string\"}}],\"inLanguage\":\"fr-FR\"},{\"@type\":\"Organization\",\"@id\":\"https:\/\/228news.tg\/#organization\",\"name\":\"228 News\",\"url\":\"https:\/\/228news.tg\/\",\"logo\":{\"@type\":\"ImageObject\",\"inLanguage\":\"fr-FR\",\"@id\":\"https:\/\/228news.tg\/#\/schema\/logo\/image\/\",\"url\":\"https:\/\/228news.tg\/wp-content\/uploads\/2024\/09\/logonew.png\",\"contentUrl\":\"https:\/\/228news.tg\/wp-content\/uploads\/2024\/09\/logonew.png\",\"width\":1640,\"height\":364,\"caption\":\"228 News\"},\"image\":{\"@id\":\"https:\/\/228news.tg\/#\/schema\/logo\/image\/\"}},{\"@type\":\"Person\",\"@id\":\"https:\/\/228news.tg\/#\/schema\/person\/68d5a6cc0230290e61235c8379523f52\",\"name\":\"Bienvenu SAVI\",\"image\":{\"@type\":\"ImageObject\",\"inLanguage\":\"fr-FR\",\"@id\":\"https:\/\/228news.tg\/#\/schema\/person\/image\/\",\"url\":\"https:\/\/secure.gravatar.com\/avatar\/9db91895c559e510509c33a3e9683998458e9b828fac36d5d1aa23f0f2fd369b?s=96&d=mm&r=g\",\"contentUrl\":\"https:\/\/secure.gravatar.com\/avatar\/9db91895c559e510509c33a3e9683998458e9b828fac36d5d1aa23f0f2fd369b?s=96&d=mm&r=g\",\"caption\":\"Bienvenu SAVI\"},\"url\":\"https:\/\/228news.tg\/index.php\/author\/bienvenu\/\"}]}<\/script>\n<!-- \/ Yoast SEO plugin. -->","yoast_head_json":{"title":"La protection de nos enfants, c\u2019est notre responsabilit\u00e9 - 228 News","robots":{"index":"index","follow":"follow","max-snippet":"max-snippet:-1","max-image-preview":"max-image-preview:large","max-video-preview":"max-video-preview:-1"},"canonical":"https:\/\/228news.tg\/index.php\/2019\/03\/01\/la-protection-de-nos-enfants-cest-notre-responsabilite\/","og_locale":"fr_FR","og_type":"article","og_title":"La protection de nos enfants, c\u2019est notre responsabilit\u00e9 - 228 News","og_description":"(228NEWS\/ Lom\u00e9, le 1er mars 2019)- Le monde entier c\u00e9l\u00e8bre ce vendredi 1er mars la journ\u00e9e internationale de la protection civile autour du th\u00e8me \u00ab\u00a0la protection de nos enfants, c\u2019est notre responsabilit\u00e9\u00a0\u00bb. A travers le th\u00e8me de l\u2019ann\u00e9e, il s\u2019agit d\u2019apr\u00e8s le ministre de la s\u00e9curit\u00e9 de classer l\u2019enfant, sous toutes ses latitudes, comme un ... Lire la suite","og_url":"https:\/\/228news.tg\/index.php\/2019\/03\/01\/la-protection-de-nos-enfants-cest-notre-responsabilite\/","og_site_name":"228 News","article_published_time":"2019-03-01T00:00:00+00:00","og_image":[{"width":1280,"height":960,"url":"https:\/\/228news.tg\/wp-content\/uploads\/2024\/09\/photo_2018-12-30_09-28-16.jpg","type":"image\/jpeg"}],"author":"Bienvenu SAVI","twitter_card":"summary_large_image","twitter_misc":{"\u00c9crit par":"Bienvenu SAVI","Dur\u00e9e de lecture estim\u00e9e":"2 minutes"},"schema":{"@context":"https:\/\/schema.org","@graph":[{"@type":"Article","@id":"https:\/\/228news.tg\/index.php\/2019\/03\/01\/la-protection-de-nos-enfants-cest-notre-responsabilite\/#article","isPartOf":{"@id":"https:\/\/228news.tg\/index.php\/2019\/03\/01\/la-protection-de-nos-enfants-cest-notre-responsabilite\/"},"author":{"name":"Bienvenu SAVI","@id":"https:\/\/228news.tg\/#\/schema\/person\/68d5a6cc0230290e61235c8379523f52"},"headline":"La protection de nos enfants, c\u2019est notre responsabilit\u00e9","datePublished":"2019-03-01T00:00:00+00:00","mainEntityOfPage":{"@id":"https:\/\/228news.tg\/index.php\/2019\/03\/01\/la-protection-de-nos-enfants-cest-notre-responsabilite\/"},"wordCount":406,"commentCount":0,"publisher":{"@id":"https:\/\/228news.tg\/#organization"},"image":{"@id":"https:\/\/228news.tg\/index.php\/2019\/03\/01\/la-protection-de-nos-enfants-cest-notre-responsabilite\/#primaryimage"},"thumbnailUrl":"https:\/\/228news.tg\/wp-content\/uploads\/2024\/09\/photo_2018-12-30_09-28-16.jpg","articleSection":["Flash"],"inLanguage":"fr-FR","potentialAction":[{"@type":"CommentAction","name":"Comment","target":["https:\/\/228news.tg\/index.php\/2019\/03\/01\/la-protection-de-nos-enfants-cest-notre-responsabilite\/#respond"]}]},{"@type":"WebPage","@id":"https:\/\/228news.tg\/index.php\/2019\/03\/01\/la-protection-de-nos-enfants-cest-notre-responsabilite\/","url":"https:\/\/228news.tg\/index.php\/2019\/03\/01\/la-protection-de-nos-enfants-cest-notre-responsabilite\/","name":"La protection de nos enfants, c\u2019est notre responsabilit\u00e9 - 228 News","isPartOf":{"@id":"https:\/\/228news.tg\/#website"},"primaryImageOfPage":{"@id":"https:\/\/228news.tg\/index.php\/2019\/03\/01\/la-protection-de-nos-enfants-cest-notre-responsabilite\/#primaryimage"},"image":{"@id":"https:\/\/228news.tg\/index.php\/2019\/03\/01\/la-protection-de-nos-enfants-cest-notre-responsabilite\/#primaryimage"},"thumbnailUrl":"https:\/\/228news.tg\/wp-content\/uploads\/2024\/09\/photo_2018-12-30_09-28-16.jpg","datePublished":"2019-03-01T00:00:00+00:00","breadcrumb":{"@id":"https:\/\/228news.tg\/index.php\/2019\/03\/01\/la-protection-de-nos-enfants-cest-notre-responsabilite\/#breadcrumb"},"inLanguage":"fr-FR","potentialAction":[{"@type":"ReadAction","target":["https:\/\/228news.tg\/index.php\/2019\/03\/01\/la-protection-de-nos-enfants-cest-notre-responsabilite\/"]}]},{"@type":"ImageObject","inLanguage":"fr-FR","@id":"https:\/\/228news.tg\/index.php\/2019\/03\/01\/la-protection-de-nos-enfants-cest-notre-responsabilite\/#primaryimage","url":"https:\/\/228news.tg\/wp-content\/uploads\/2024\/09\/photo_2018-12-30_09-28-16.jpg","contentUrl":"https:\/\/228news.tg\/wp-content\/uploads\/2024\/09\/photo_2018-12-30_09-28-16.jpg","width":1280,"height":960},{"@type":"BreadcrumbList","@id":"https:\/\/228news.tg\/index.php\/2019\/03\/01\/la-protection-de-nos-enfants-cest-notre-responsabilite\/#breadcrumb","itemListElement":[{"@type":"ListItem","position":1,"name":"Home","item":"https:\/\/228news.tg\/"},{"@type":"ListItem","position":2,"name":"La protection de nos enfants, c\u2019est notre responsabilit\u00e9"}]},{"@type":"WebSite","@id":"https:\/\/228news.tg\/#website","url":"https:\/\/228news.tg\/","name":"228 News","description":"Soci\u00e9t\u00e9 de m\u00e9dias et d\u2019actualit\u00e9s","publisher":{"@id":"https:\/\/228news.tg\/#organization"},"potentialAction":[{"@type":"SearchAction","target":{"@type":"EntryPoint","urlTemplate":"https:\/\/228news.tg\/?s={search_term_string}"},"query-input":{"@type":"PropertyValueSpecification","valueRequired":true,"valueName":"search_term_string"}}],"inLanguage":"fr-FR"},{"@type":"Organization","@id":"https:\/\/228news.tg\/#organization","name":"228 News","url":"https:\/\/228news.tg\/","logo":{"@type":"ImageObject","inLanguage":"fr-FR","@id":"https:\/\/228news.tg\/#\/schema\/logo\/image\/","url":"https:\/\/228news.tg\/wp-content\/uploads\/2024\/09\/logonew.png","contentUrl":"https:\/\/228news.tg\/wp-content\/uploads\/2024\/09\/logonew.png","width":1640,"height":364,"caption":"228 News"},"image":{"@id":"https:\/\/228news.tg\/#\/schema\/logo\/image\/"}},{"@type":"Person","@id":"https:\/\/228news.tg\/#\/schema\/person\/68d5a6cc0230290e61235c8379523f52","name":"Bienvenu SAVI","image":{"@type":"ImageObject","inLanguage":"fr-FR","@id":"https:\/\/228news.tg\/#\/schema\/person\/image\/","url":"https:\/\/secure.gravatar.com\/avatar\/9db91895c559e510509c33a3e9683998458e9b828fac36d5d1aa23f0f2fd369b?s=96&d=mm&r=g","contentUrl":"https:\/\/secure.gravatar.com\/avatar\/9db91895c559e510509c33a3e9683998458e9b828fac36d5d1aa23f0f2fd369b?s=96&d=mm&r=g","caption":"Bienvenu SAVI"},"url":"https:\/\/228news.tg\/index.php\/author\/bienvenu\/"}]}},"jetpack_featured_media_url":"https:\/\/228news.tg\/wp-content\/uploads\/2024\/09\/photo_2018-12-30_09-28-16.jpg","_links":{"self":[{"href":"https:\/\/228news.tg\/index.php\/wp-json\/wp\/v2\/posts\/2043","targetHints":{"allow":["GET"]}}],"collection":[{"href":"https:\/\/228news.tg\/index.php\/wp-json\/wp\/v2\/posts"}],"about":[{"href":"https:\/\/228news.tg\/index.php\/wp-json\/wp\/v2\/types\/post"}],"author":[{"embeddable":true,"href":"https:\/\/228news.tg\/index.php\/wp-json\/wp\/v2\/users\/2"}],"replies":[{"embeddable":true,"href":"https:\/\/228news.tg\/index.php\/wp-json\/wp\/v2\/comments?post=2043"}],"version-history":[{"count":0,"href":"https:\/\/228news.tg\/index.php\/wp-json\/wp\/v2\/posts\/2043\/revisions"}],"wp:featuredmedia":[{"embeddable":true,"href":"https:\/\/228news.tg\/index.php\/wp-json\/wp\/v2\/media\/1963"}],"wp:attachment":[{"href":"https:\/\/228news.tg\/index.php\/wp-json\/wp\/v2\/media?parent=2043"}],"wp:term":[{"taxonomy":"category","embeddable":true,"href":"https:\/\/228news.tg\/index.php\/wp-json\/wp\/v2\/categories?post=2043"},{"taxonomy":"post_tag","embeddable":true,"href":"https:\/\/228news.tg\/index.php\/wp-json\/wp\/v2\/tags?post=2043"}],"curies":[{"name":"wp","href":"https:\/\/api.w.org\/{rel}","templated":true}]}}